{"id":48408,"date":"2020-07-08T03:00:22","date_gmt":"2020-07-08T01:00:22","guid":{"rendered":"https:\/\/www.cde.ual.es\/?p=48408"},"modified":"2020-07-07T11:24:25","modified_gmt":"2020-07-07T09:24:25","slug":"a-biodegradable-food-packaging-solution-that-also-promises-to-increase-food-shelf-life","status":"publish","type":"post","link":"https:\/\/www.cde.ual.es\/en\/a-biodegradable-food-packaging-solution-that-also-promises-to-increase-food-shelf-life\/","title":{"rendered":"A biodegradable food packaging solution that also promises to increase food shelf life"},"content":{"rendered":"<p>Whilst developing biodegradable food packaging, the EU-funded<strong> project YPACK<\/strong> has discovered that integrating zinc oxide and oregano essential oil helps biopapers protect against bacterial contamination in food packaging. <strong>This promises to increase the shelf life of fresh products such as meat, fruit, vegetables and fresh pasta.<\/strong><\/p>\n<p><a href=\"https:\/\/www.cde.ual.es\/wp-content\/uploads\/2019\/09\/apples-bananas-close-up-1300975.jpg\"><img decoding=\"async\" class=\"wp-image-25051 aligncenter\" src=\"https:\/\/www.cde.ual.es\/wp-content\/uploads\/2019\/09\/apples-bananas-close-up-1300975-300x200.jpg\" alt=\"Cuatros cestas llenas de fruta: manzana, papaya, pi\u00f1a y pl\u00e1tano\" width=\"425\" height=\"283\" srcset=\"https:\/\/www.cde.ual.es\/wp-content\/uploads\/2019\/09\/apples-bananas-close-up-1300975-300x200.jpg 300w, https:\/\/www.cde.ual.es\/wp-content\/uploads\/2019\/09\/apples-bananas-close-up-1300975-768x512.jpg 768w, https:\/\/www.cde.ual.es\/wp-content\/uploads\/2019\/09\/apples-bananas-close-up-1300975-1024x682.jpg 1024w, https:\/\/www.cde.ual.es\/wp-content\/uploads\/2019\/09\/apples-bananas-close-up-1300975.jpg 1280w\" sizes=\"(max-width: 425px) 100vw, 425px\" \/><\/a><\/p>\n<p>Zinc oxide and oregano essential oil are compounds that have good antimicrobial activity against two prominent bacteria renowned for causing food poisoning \u2013 Staphylococcus and Escherichia coli.<\/p>\n<p>The YPACK team discovered an optimal ratio of the active ingredients that showed successful short-term (15 days) and medium-term (up to 48 days) antibacterial effects in \u2018open\u2019 and \u2018closed\u2019 systems for food products where the packaging is opened and closed several times, for example ham slices or bread. The active components could be used in both trays and flow films as an active layer.<\/p>\n<p>Plastic pollution, including single-use plastic food packaging, is a major environmental concern with millions of tons of plastic waste ending up in our oceans. The ongoing work of YPACK to develop its innovative biodegradable food packaging, that also has the added bonus of helping to preserve food for longer, offers a tantalising \u2013 and practical \u2013 solution to the challenge.<\/p>\n<h3>More information<\/h3>\n<p><a href=\"https:\/\/cordis.europa.eu\/article\/id\/421413-a-biodegradable-food-packaging-solution-that-also-promises-to-increase-food-shelf-life\/es\">Full news<\/a><\/p>\n","protected":false},"excerpt":{"rendered":"<p>Whilst developing biodegradable food packaging, the EU-funded project YPACK has discovered that integrating zinc oxide and oregano essential oil helps biopapers protect against bacterial contamination in food packaging. This promises to increase the shelf life of fresh products such as meat, fruit, vegetables and fresh pasta. Zinc oxide and oregano essential oil are compounds that [&hellip;]<\/p>\n","protected":false},"author":101012,"featured_media":25052,"comment_status":"open","ping_status":"open","sticky":false,"template":"","format":"standard","meta":{"_acf_changed":false,"_relevanssi_hide_post":"","_relevanssi_hide_content":"","_relevanssi_pin_for_all":"","_relevanssi_pin_keywords":"","_relevanssi_unpin_keywords":"","_relevanssi_related_keywords":"","_relevanssi_related_include_ids":"","_relevanssi_related_exclude_ids":"","_relevanssi_related_no_append":"","_relevanssi_related_not_related":"","_relevanssi_related_posts":"","_relevanssi_noindex_reason":"","_monsterinsights_skip_tracking":false,"_monsterinsights_sitenote_active":false,"_monsterinsights_sitenote_note":"","_monsterinsights_sitenote_category":0,"_genesis_hide_title":false,"_genesis_hide_breadcrumbs":false,"_genesis_hide_singular_image":false,"_genesis_hide_footer_widgets":false,"_genesis_custom_body_class":"","_genesis_custom_post_class":"","_genesis_layout":"","footnotes":""},"categories":[4085,346,4083,4082],"tags":[2051,605],"class_list":{"0":"post-48408","1":"post","2":"type-post","3":"status-publish","4":"format-standard","5":"has-post-thumbnail","7":"category-environment","8":"category-eu-news","9":"category-production","10":"category-research-innovation","11":"tag-biodegradable-packaging","12":"tag-food","13":"entry"},"acf":[],"yoast_head":"<!-- This site is optimized with the Yoast SEO plugin v27.5 - https:\/\/yoast.com\/product\/yoast-seo-wordpress\/ -->\n<title>A biodegradable food packaging solution that also promises to increase food shelf life | CDE Almer\u00eda - Centro de Documentaci\u00f3n Europea - Universidad de Almer\u00eda<\/title>\n<meta name=\"robots\" content=\"index, follow, max-snippet:-1, max-image-preview:large, max-video-preview:-1\" \/>\n<link rel=\"canonical\" href=\"https:\/\/www.cde.ual.es\/en\/a-biodegradable-food-packaging-solution-that-also-promises-to-increase-food-shelf-life\/\" \/>\n<meta property=\"og:locale\" content=\"en_US\" \/>\n<meta property=\"og:type\" content=\"article\" \/>\n<meta property=\"og:title\" content=\"A biodegradable food packaging solution that also promises to increase food shelf life | CDE Almer\u00eda - Centro de Documentaci\u00f3n Europea - Universidad de Almer\u00eda\" \/>\n<meta property=\"og:description\" content=\"Whilst developing biodegradable food packaging, the EU-funded project YPACK has discovered that integrating zinc oxide and oregano essential oil helps biopapers protect against bacterial contamination in food packaging. This promises to increase the shelf life of fresh products such as meat, fruit, vegetables and fresh pasta. Zinc oxide and oregano essential oil are compounds that [&hellip;]\" \/>\n<meta property=\"og:url\" content=\"https:\/\/www.cde.ual.es\/en\/a-biodegradable-food-packaging-solution-that-also-promises-to-increase-food-shelf-life\/\" \/>\n<meta property=\"og:site_name\" content=\"CDE Almer\u00eda - Centro de Documentaci\u00f3n Europea - Universidad de Almer\u00eda\" \/>\n<meta property=\"article:publisher\" content=\"https:\/\/www.facebook.com\/cdeuniversidadalmeria\/\" \/>\n<meta property=\"article:published_time\" content=\"2020-07-08T01:00:22+00:00\" \/>\n<meta property=\"og:image\" content=\"https:\/\/www.cde.ual.es\/wp-content\/uploads\/2019\/09\/apples-bananas-close-up-1300975.jpg\" \/>\n\t<meta property=\"og:image:width\" content=\"1280\" \/>\n\t<meta property=\"og:image:height\" content=\"853\" \/>\n\t<meta property=\"og:image:type\" content=\"image\/jpeg\" \/>\n<meta name=\"author\" content=\"BECACDE1\" \/>\n<meta name=\"twitter:card\" content=\"summary_large_image\" \/>\n<meta name=\"twitter:creator\" content=\"@cdeualmeria\" \/>\n<meta name=\"twitter:site\" content=\"@cdeualmeria\" \/>\n<meta name=\"twitter:label1\" content=\"Written by\" \/>\n\t<meta name=\"twitter:data1\" content=\"BECACDE1\" \/>\n\t<meta name=\"twitter:label2\" content=\"Est. reading time\" \/>\n\t<meta name=\"twitter:data2\" content=\"1 minute\" \/>\n<script type=\"application\/ld+json\" class=\"yoast-schema-graph\">{\"@context\":\"https:\\\/\\\/schema.org\",\"@graph\":[{\"@type\":\"Article\",\"@id\":\"https:\\\/\\\/www.cde.ual.es\\\/en\\\/a-biodegradable-food-packaging-solution-that-also-promises-to-increase-food-shelf-life\\\/#article\",\"isPartOf\":{\"@id\":\"https:\\\/\\\/www.cde.ual.es\\\/en\\\/a-biodegradable-food-packaging-solution-that-also-promises-to-increase-food-shelf-life\\\/\"},\"author\":{\"name\":\"BECACDE1\",\"@id\":\"https:\\\/\\\/www.cde.ual.es\\\/#\\\/schema\\\/person\\\/bf2f837cf3353e2161fe1087adbd728f\"},\"headline\":\"A biodegradable food packaging solution that also promises to increase food shelf life\",\"datePublished\":\"2020-07-08T01:00:22+00:00\",\"mainEntityOfPage\":{\"@id\":\"https:\\\/\\\/www.cde.ual.es\\\/en\\\/a-biodegradable-food-packaging-solution-that-also-promises-to-increase-food-shelf-life\\\/\"},\"wordCount\":209,\"commentCount\":0,\"publisher\":{\"@id\":\"https:\\\/\\\/www.cde.ual.es\\\/#organization\"},\"image\":{\"@id\":\"https:\\\/\\\/www.cde.ual.es\\\/en\\\/a-biodegradable-food-packaging-solution-that-also-promises-to-increase-food-shelf-life\\\/#primaryimage\"},\"thumbnailUrl\":\"https:\\\/\\\/www.cde.ual.es\\\/wp-content\\\/uploads\\\/2019\\\/09\\\/apples-bananas-close-up-1300975.jpg\",\"keywords\":[\"biodegradable packaging\",\"Food\"],\"articleSection\":[\"Environmental Affairs\",\"EU News\",\"Production\",\"Research and Innovation\"],\"inLanguage\":\"en-US\",\"potentialAction\":[{\"@type\":\"CommentAction\",\"name\":\"Comment\",\"target\":[\"https:\\\/\\\/www.cde.ual.es\\\/en\\\/a-biodegradable-food-packaging-solution-that-also-promises-to-increase-food-shelf-life\\\/#respond\"]}]},{\"@type\":\"WebPage\",\"@id\":\"https:\\\/\\\/www.cde.ual.es\\\/en\\\/a-biodegradable-food-packaging-solution-that-also-promises-to-increase-food-shelf-life\\\/\",\"url\":\"https:\\\/\\\/www.cde.ual.es\\\/en\\\/a-biodegradable-food-packaging-solution-that-also-promises-to-increase-food-shelf-life\\\/\",\"name\":\"A biodegradable food packaging solution that also promises to increase food shelf life | CDE Almer\u00eda - Centro de Documentaci\u00f3n Europea - Universidad de Almer\u00eda\",\"isPartOf\":{\"@id\":\"https:\\\/\\\/www.cde.ual.es\\\/#website\"},\"primaryImageOfPage\":{\"@id\":\"https:\\\/\\\/www.cde.ual.es\\\/en\\\/a-biodegradable-food-packaging-solution-that-also-promises-to-increase-food-shelf-life\\\/#primaryimage\"},\"image\":{\"@id\":\"https:\\\/\\\/www.cde.ual.es\\\/en\\\/a-biodegradable-food-packaging-solution-that-also-promises-to-increase-food-shelf-life\\\/#primaryimage\"},\"thumbnailUrl\":\"https:\\\/\\\/www.cde.ual.es\\\/wp-content\\\/uploads\\\/2019\\\/09\\\/apples-bananas-close-up-1300975.jpg\",\"datePublished\":\"2020-07-08T01:00:22+00:00\",\"breadcrumb\":{\"@id\":\"https:\\\/\\\/www.cde.ual.es\\\/en\\\/a-biodegradable-food-packaging-solution-that-also-promises-to-increase-food-shelf-life\\\/#breadcrumb\"},\"inLanguage\":\"en-US\",\"potentialAction\":[{\"@type\":\"ReadAction\",\"target\":[\"https:\\\/\\\/www.cde.ual.es\\\/en\\\/a-biodegradable-food-packaging-solution-that-also-promises-to-increase-food-shelf-life\\\/\"]}]},{\"@type\":\"ImageObject\",\"inLanguage\":\"en-US\",\"@id\":\"https:\\\/\\\/www.cde.ual.es\\\/en\\\/a-biodegradable-food-packaging-solution-that-also-promises-to-increase-food-shelf-life\\\/#primaryimage\",\"url\":\"https:\\\/\\\/www.cde.ual.es\\\/wp-content\\\/uploads\\\/2019\\\/09\\\/apples-bananas-close-up-1300975.jpg\",\"contentUrl\":\"https:\\\/\\\/www.cde.ual.es\\\/wp-content\\\/uploads\\\/2019\\\/09\\\/apples-bananas-close-up-1300975.jpg\",\"width\":1280,\"height\":853,\"caption\":\"Cuatros cestas llenas de fruta: manzana, papaya, pi\u00f1a y pl\u00e1tano\"},{\"@type\":\"BreadcrumbList\",\"@id\":\"https:\\\/\\\/www.cde.ual.es\\\/en\\\/a-biodegradable-food-packaging-solution-that-also-promises-to-increase-food-shelf-life\\\/#breadcrumb\",\"itemListElement\":[{\"@type\":\"ListItem\",\"position\":1,\"name\":\"Inicio\",\"item\":\"https:\\\/\\\/www.cde.ual.es\\\/en\\\/\"},{\"@type\":\"ListItem\",\"position\":2,\"name\":\"EU News\",\"item\":\"https:\\\/\\\/www.cde.ual.es\\\/en\\\/category\\\/eu-news\\\/\"},{\"@type\":\"ListItem\",\"position\":3,\"name\":\"Research and Innovation\",\"item\":\"https:\\\/\\\/www.cde.ual.es\\\/en\\\/category\\\/eu-news\\\/research-innovation\\\/\"},{\"@type\":\"ListItem\",\"position\":4,\"name\":\"Production\",\"item\":\"https:\\\/\\\/www.cde.ual.es\\\/en\\\/category\\\/eu-news\\\/research-innovation\\\/production\\\/\"},{\"@type\":\"ListItem\",\"position\":5,\"name\":\"A biodegradable food packaging solution that also promises to increase food shelf life\"}]},{\"@type\":\"WebSite\",\"@id\":\"https:\\\/\\\/www.cde.ual.es\\\/#website\",\"url\":\"https:\\\/\\\/www.cde.ual.es\\\/\",\"name\":\"CDE Almer\u00eda - Centro de Documentaci\u00f3n Europea - Universidad de Almer\u00eda\",\"description\":\"Centro de Documentaci\u00f3n Europea de la Universidad de Almer\u00eda\",\"publisher\":{\"@id\":\"https:\\\/\\\/www.cde.ual.es\\\/#organization\"},\"alternateName\":\"CDE Almer\u00eda\",\"potentialAction\":[{\"@type\":\"SearchAction\",\"target\":{\"@type\":\"EntryPoint\",\"urlTemplate\":\"https:\\\/\\\/www.cde.ual.es\\\/?s={search_term_string}\"},\"query-input\":{\"@type\":\"PropertyValueSpecification\",\"valueRequired\":true,\"valueName\":\"search_term_string\"}}],\"inLanguage\":\"en-US\"},{\"@type\":\"Organization\",\"@id\":\"https:\\\/\\\/www.cde.ual.es\\\/#organization\",\"name\":\"Centro de Documentaci\u00f3n Europea de Almer\u00eda\",\"url\":\"https:\\\/\\\/www.cde.ual.es\\\/\",\"logo\":{\"@type\":\"ImageObject\",\"inLanguage\":\"en-US\",\"@id\":\"https:\\\/\\\/www.cde.ual.es\\\/#\\\/schema\\\/logo\\\/image\\\/\",\"url\":\"https:\\\/\\\/www.cde.ual.es\\\/wp-content\\\/uploads\\\/2025\\\/07\\\/cde-logo-3.png\",\"contentUrl\":\"https:\\\/\\\/www.cde.ual.es\\\/wp-content\\\/uploads\\\/2025\\\/07\\\/cde-logo-3.png\",\"width\":1400,\"height\":300,\"caption\":\"Centro de Documentaci\u00f3n Europea de Almer\u00eda\"},\"image\":{\"@id\":\"https:\\\/\\\/www.cde.ual.es\\\/#\\\/schema\\\/logo\\\/image\\\/\"},\"sameAs\":[\"https:\\\/\\\/www.facebook.com\\\/cdeuniversidadalmeria\\\/\",\"https:\\\/\\\/x.com\\\/cdeualmeria\",\"https:\\\/\\\/www.tiktok.com\\\/@cdealmeria\",\"https:\\\/\\\/www.instagram.com\\\/cdealmeria\\\/\",\"https:\\\/\\\/www.linkedin.com\\\/in\\\/cde-almera-812b26a9\\\/\"]},{\"@type\":\"Person\",\"@id\":\"https:\\\/\\\/www.cde.ual.es\\\/#\\\/schema\\\/person\\\/bf2f837cf3353e2161fe1087adbd728f\",\"name\":\"BECACDE1\",\"image\":{\"@type\":\"ImageObject\",\"inLanguage\":\"en-US\",\"@id\":\"https:\\\/\\\/secure.gravatar.com\\\/avatar\\\/16a4c1e422b5dec818ee13eab3353b19db9cfd278cc10f9b0e1188a37671d9d4?s=96&d=mm&r=g\",\"url\":\"https:\\\/\\\/secure.gravatar.com\\\/avatar\\\/16a4c1e422b5dec818ee13eab3353b19db9cfd278cc10f9b0e1188a37671d9d4?s=96&d=mm&r=g\",\"contentUrl\":\"https:\\\/\\\/secure.gravatar.com\\\/avatar\\\/16a4c1e422b5dec818ee13eab3353b19db9cfd278cc10f9b0e1188a37671d9d4?s=96&d=mm&r=g\",\"caption\":\"BECACDE1\"},\"sameAs\":[\"http:\\\/\\\/www.cdealmeria.com\"]}]}<\/script>\n<!-- \/ Yoast SEO plugin. -->","yoast_head_json":{"title":"A biodegradable food packaging solution that also promises to increase food shelf life | CDE Almer\u00eda - Centro de Documentaci\u00f3n Europea - Universidad de Almer\u00eda","robots":{"index":"index","follow":"follow","max-snippet":"max-snippet:-1","max-image-preview":"max-image-preview:large","max-video-preview":"max-video-preview:-1"},"canonical":"https:\/\/www.cde.ual.es\/en\/a-biodegradable-food-packaging-solution-that-also-promises-to-increase-food-shelf-life\/","og_locale":"en_US","og_type":"article","og_title":"A biodegradable food packaging solution that also promises to increase food shelf life | CDE Almer\u00eda - Centro de Documentaci\u00f3n Europea - Universidad de Almer\u00eda","og_description":"Whilst developing biodegradable food packaging, the EU-funded project YPACK has discovered that integrating zinc oxide and oregano essential oil helps biopapers protect against bacterial contamination in food packaging. This promises to increase the shelf life of fresh products such as meat, fruit, vegetables and fresh pasta. Zinc oxide and oregano essential oil are compounds that [&hellip;]","og_url":"https:\/\/www.cde.ual.es\/en\/a-biodegradable-food-packaging-solution-that-also-promises-to-increase-food-shelf-life\/","og_site_name":"CDE Almer\u00eda - Centro de Documentaci\u00f3n Europea - Universidad de Almer\u00eda","article_publisher":"https:\/\/www.facebook.com\/cdeuniversidadalmeria\/","article_published_time":"2020-07-08T01:00:22+00:00","og_image":[{"width":1280,"height":853,"url":"https:\/\/www.cde.ual.es\/wp-content\/uploads\/2019\/09\/apples-bananas-close-up-1300975.jpg","type":"image\/jpeg"}],"author":"BECACDE1","twitter_card":"summary_large_image","twitter_creator":"@cdeualmeria","twitter_site":"@cdeualmeria","twitter_misc":{"Written by":"BECACDE1","Est. reading time":"1 minute"},"schema":{"@context":"https:\/\/schema.org","@graph":[{"@type":"Article","@id":"https:\/\/www.cde.ual.es\/en\/a-biodegradable-food-packaging-solution-that-also-promises-to-increase-food-shelf-life\/#article","isPartOf":{"@id":"https:\/\/www.cde.ual.es\/en\/a-biodegradable-food-packaging-solution-that-also-promises-to-increase-food-shelf-life\/"},"author":{"name":"BECACDE1","@id":"https:\/\/www.cde.ual.es\/#\/schema\/person\/bf2f837cf3353e2161fe1087adbd728f"},"headline":"A biodegradable food packaging solution that also promises to increase food shelf life","datePublished":"2020-07-08T01:00:22+00:00","mainEntityOfPage":{"@id":"https:\/\/www.cde.ual.es\/en\/a-biodegradable-food-packaging-solution-that-also-promises-to-increase-food-shelf-life\/"},"wordCount":209,"commentCount":0,"publisher":{"@id":"https:\/\/www.cde.ual.es\/#organization"},"image":{"@id":"https:\/\/www.cde.ual.es\/en\/a-biodegradable-food-packaging-solution-that-also-promises-to-increase-food-shelf-life\/#primaryimage"},"thumbnailUrl":"https:\/\/www.cde.ual.es\/wp-content\/uploads\/2019\/09\/apples-bananas-close-up-1300975.jpg","keywords":["biodegradable packaging","Food"],"articleSection":["Environmental Affairs","EU News","Production","Research and Innovation"],"inLanguage":"en-US","potentialAction":[{"@type":"CommentAction","name":"Comment","target":["https:\/\/www.cde.ual.es\/en\/a-biodegradable-food-packaging-solution-that-also-promises-to-increase-food-shelf-life\/#respond"]}]},{"@type":"WebPage","@id":"https:\/\/www.cde.ual.es\/en\/a-biodegradable-food-packaging-solution-that-also-promises-to-increase-food-shelf-life\/","url":"https:\/\/www.cde.ual.es\/en\/a-biodegradable-food-packaging-solution-that-also-promises-to-increase-food-shelf-life\/","name":"A biodegradable food packaging solution that also promises to increase food shelf life | CDE Almer\u00eda - Centro de Documentaci\u00f3n Europea - Universidad de Almer\u00eda","isPartOf":{"@id":"https:\/\/www.cde.ual.es\/#website"},"primaryImageOfPage":{"@id":"https:\/\/www.cde.ual.es\/en\/a-biodegradable-food-packaging-solution-that-also-promises-to-increase-food-shelf-life\/#primaryimage"},"image":{"@id":"https:\/\/www.cde.ual.es\/en\/a-biodegradable-food-packaging-solution-that-also-promises-to-increase-food-shelf-life\/#primaryimage"},"thumbnailUrl":"https:\/\/www.cde.ual.es\/wp-content\/uploads\/2019\/09\/apples-bananas-close-up-1300975.jpg","datePublished":"2020-07-08T01:00:22+00:00","breadcrumb":{"@id":"https:\/\/www.cde.ual.es\/en\/a-biodegradable-food-packaging-solution-that-also-promises-to-increase-food-shelf-life\/#breadcrumb"},"inLanguage":"en-US","potentialAction":[{"@type":"ReadAction","target":["https:\/\/www.cde.ual.es\/en\/a-biodegradable-food-packaging-solution-that-also-promises-to-increase-food-shelf-life\/"]}]},{"@type":"ImageObject","inLanguage":"en-US","@id":"https:\/\/www.cde.ual.es\/en\/a-biodegradable-food-packaging-solution-that-also-promises-to-increase-food-shelf-life\/#primaryimage","url":"https:\/\/www.cde.ual.es\/wp-content\/uploads\/2019\/09\/apples-bananas-close-up-1300975.jpg","contentUrl":"https:\/\/www.cde.ual.es\/wp-content\/uploads\/2019\/09\/apples-bananas-close-up-1300975.jpg","width":1280,"height":853,"caption":"Cuatros cestas llenas de fruta: manzana, papaya, pi\u00f1a y pl\u00e1tano"},{"@type":"BreadcrumbList","@id":"https:\/\/www.cde.ual.es\/en\/a-biodegradable-food-packaging-solution-that-also-promises-to-increase-food-shelf-life\/#breadcrumb","itemListElement":[{"@type":"ListItem","position":1,"name":"Inicio","item":"https:\/\/www.cde.ual.es\/en\/"},{"@type":"ListItem","position":2,"name":"EU News","item":"https:\/\/www.cde.ual.es\/en\/category\/eu-news\/"},{"@type":"ListItem","position":3,"name":"Research and Innovation","item":"https:\/\/www.cde.ual.es\/en\/category\/eu-news\/research-innovation\/"},{"@type":"ListItem","position":4,"name":"Production","item":"https:\/\/www.cde.ual.es\/en\/category\/eu-news\/research-innovation\/production\/"},{"@type":"ListItem","position":5,"name":"A biodegradable food packaging solution that also promises to increase food shelf life"}]},{"@type":"WebSite","@id":"https:\/\/www.cde.ual.es\/#website","url":"https:\/\/www.cde.ual.es\/","name":"CDE Almer\u00eda - Centro de Documentaci\u00f3n Europea - Universidad de Almer\u00eda","description":"Centro de Documentaci\u00f3n Europea de la Universidad de Almer\u00eda","publisher":{"@id":"https:\/\/www.cde.ual.es\/#organization"},"alternateName":"CDE Almer\u00eda","potentialAction":[{"@type":"SearchAction","target":{"@type":"EntryPoint","urlTemplate":"https:\/\/www.cde.ual.es\/?s={search_term_string}"},"query-input":{"@type":"PropertyValueSpecification","valueRequired":true,"valueName":"search_term_string"}}],"inLanguage":"en-US"},{"@type":"Organization","@id":"https:\/\/www.cde.ual.es\/#organization","name":"Centro de Documentaci\u00f3n Europea de Almer\u00eda","url":"https:\/\/www.cde.ual.es\/","logo":{"@type":"ImageObject","inLanguage":"en-US","@id":"https:\/\/www.cde.ual.es\/#\/schema\/logo\/image\/","url":"https:\/\/www.cde.ual.es\/wp-content\/uploads\/2025\/07\/cde-logo-3.png","contentUrl":"https:\/\/www.cde.ual.es\/wp-content\/uploads\/2025\/07\/cde-logo-3.png","width":1400,"height":300,"caption":"Centro de Documentaci\u00f3n Europea de Almer\u00eda"},"image":{"@id":"https:\/\/www.cde.ual.es\/#\/schema\/logo\/image\/"},"sameAs":["https:\/\/www.facebook.com\/cdeuniversidadalmeria\/","https:\/\/x.com\/cdeualmeria","https:\/\/www.tiktok.com\/@cdealmeria","https:\/\/www.instagram.com\/cdealmeria\/","https:\/\/www.linkedin.com\/in\/cde-almera-812b26a9\/"]},{"@type":"Person","@id":"https:\/\/www.cde.ual.es\/#\/schema\/person\/bf2f837cf3353e2161fe1087adbd728f","name":"BECACDE1","image":{"@type":"ImageObject","inLanguage":"en-US","@id":"https:\/\/secure.gravatar.com\/avatar\/16a4c1e422b5dec818ee13eab3353b19db9cfd278cc10f9b0e1188a37671d9d4?s=96&d=mm&r=g","url":"https:\/\/secure.gravatar.com\/avatar\/16a4c1e422b5dec818ee13eab3353b19db9cfd278cc10f9b0e1188a37671d9d4?s=96&d=mm&r=g","contentUrl":"https:\/\/secure.gravatar.com\/avatar\/16a4c1e422b5dec818ee13eab3353b19db9cfd278cc10f9b0e1188a37671d9d4?s=96&d=mm&r=g","caption":"BECACDE1"},"sameAs":["http:\/\/www.cdealmeria.com"]}]}},"_links":{"self":[{"href":"https:\/\/www.cde.ual.es\/en\/wp-json\/wp\/v2\/posts\/48408","targetHints":{"allow":["GET"]}}],"collection":[{"href":"https:\/\/www.cde.ual.es\/en\/wp-json\/wp\/v2\/posts"}],"about":[{"href":"https:\/\/www.cde.ual.es\/en\/wp-json\/wp\/v2\/types\/post"}],"author":[{"embeddable":true,"href":"https:\/\/www.cde.ual.es\/en\/wp-json\/wp\/v2\/users\/101012"}],"replies":[{"embeddable":true,"href":"https:\/\/www.cde.ual.es\/en\/wp-json\/wp\/v2\/comments?post=48408"}],"version-history":[{"count":0,"href":"https:\/\/www.cde.ual.es\/en\/wp-json\/wp\/v2\/posts\/48408\/revisions"}],"wp:featuredmedia":[{"embeddable":true,"href":"https:\/\/www.cde.ual.es\/en\/wp-json\/wp\/v2\/media\/25052"}],"wp:attachment":[{"href":"https:\/\/www.cde.ual.es\/en\/wp-json\/wp\/v2\/media?parent=48408"}],"wp:term":[{"taxonomy":"category","embeddable":true,"href":"https:\/\/www.cde.ual.es\/en\/wp-json\/wp\/v2\/categories?post=48408"},{"taxonomy":"post_tag","embeddable":true,"href":"https:\/\/www.cde.ual.es\/en\/wp-json\/wp\/v2\/tags?post=48408"}],"curies":[{"name":"wp","href":"https:\/\/api.w.org\/{rel}","templated":true}]}}