{"id":4787,"date":"2018-05-16T15:46:46","date_gmt":"2018-05-16T13:46:46","guid":{"rendered":"http:\/\/www.cde.ual.es\/?p=4787"},"modified":"2018-05-16T15:46:46","modified_gmt":"2018-05-16T13:46:46","slug":"agua-potable-mas-segura-para-todos-los-europeos-entrevista-con-matjaz-malgaj","status":"publish","type":"post","link":"https:\/\/www.cde.ual.es\/en\/agua-potable-mas-segura-para-todos-los-europeos-entrevista-con-matjaz-malgaj\/","title":{"rendered":"Agua potable m\u00e1s segura para todos los europeos: entrevista con Matja\u017e Malgaj"},"content":{"rendered":"<p><strong>La revista Medio Ambiente para los Europeos<\/strong><strong>\u00a0pregunt\u00f3 a Matja\u017e Malgaj por los pasos que deben seguirse para mejorar el suministro de agua potable en Europa. Malgaj dirige la Unidad Medio Marino e Industria del Agua de la Direcci\u00f3n General de Medio Ambiente.<\/strong><\/p>\n<p><a href=\"http:\/\/www.cde.ual.es\/wp-content\/uploads\/2018\/05\/Medio-Ambiente-Europeos.png\"><img decoding=\"async\" class=\"wp-image-4789 aligncenter\" src=\"http:\/\/www.cde.ual.es\/wp-content\/uploads\/2018\/05\/Medio-Ambiente-Europeos.png\" alt=\"\" width=\"421\" height=\"601\" srcset=\"https:\/\/www.cde.ual.es\/wp-content\/uploads\/2018\/05\/Medio-Ambiente-Europeos.png 736w, https:\/\/www.cde.ual.es\/wp-content\/uploads\/2018\/05\/Medio-Ambiente-Europeos-210x300.png 210w, https:\/\/www.cde.ual.es\/wp-content\/uploads\/2018\/05\/Medio-Ambiente-Europeos-718x1024.png 718w\" sizes=\"(max-width: 421px) 100vw, 421px\" \/><\/a><\/p>\n<h4><strong>\u00bfPor qu\u00e9 es necesario revisar la normativa en materia de agua potable de la Uni\u00f3n Europea?<\/strong><\/h4>\n<p>La mayor\u00eda de los europeos disfrutan ya de agua corriente de la mejor calidad que existe a nivel mundial. Sin embargo, nuestros an\u00e1lisis reflejan que existen \u00e1reas en las que debemos mejorar para que esto siga siendo as\u00ed. La primera Iniciativa Ciudadana Europea dej\u00f3 patente que la poblaci\u00f3n reclama un mejor acceso a los servicios de aguas y una mayor transparencia.<\/p>\n<p>Por este motivo, decidimos actualizar la Directiva sobre el agua potable, adoptada hace ya casi veinte a\u00f1os. Proponemos renovar las normas de seguridad para hacer frente a contaminantes nuevos y emergentes. Asimismo, proponemos proporcionar a los consumidores mucha m\u00e1s informaci\u00f3n y capacidad de supervisi\u00f3n. Todo ello contribuir\u00e1 a nuestros esfuerzos por una econom\u00eda m\u00e1s circular, en la que muchas m\u00e1s personas se convencer\u00e1n de que es totalmente seguro beber agua del grifo en Europa.<\/p>\n<h4><strong>\u00bfQu\u00e9 beneficios aporta a los consumidores esta normativa modernizada? \u00bfC\u00f3mo pueden los consumidores estar seguros de que el agua del grifo es saludable?<\/strong><\/h4>\n<p>La normativa actualizada contempla sustancias susceptibles de convertirse en un problema en el futuro, como los disruptores endocrinos. El nuevo sistema permitir\u00e1 adem\u00e1s detectar mejor y reducir a\u00fan m\u00e1s cualquier posible riesgo. Se ir\u00e1 incluyendo progresivamente a los proveedores m\u00e1s peque\u00f1os, sobre los que en la actualidad se dispone de poca informaci\u00f3n. Por otra parte, las nuevas normas ponen a las autoridades en mejor disposici\u00f3n para abordar riesgos de salud p\u00fablica, como la legionela.<\/p>\n<p>Los usuarios dispondr\u00e1n de m\u00e1s informaci\u00f3n sobre la calidad del agua corriente y la eficiencia en el suministro del servicio, lo que les permitir\u00e1 supervisar mejor a los proveedores. Dispondr\u00e1n adem\u00e1s de informaci\u00f3n en l\u00ednea sobre nutrientes importantes como el calcio o el magnesio, as\u00ed como de consejos sobre c\u00f3mo reducir su consumo.<\/p>\n<h4><strong>La Iniciativa Ciudadana Europea \u00abRight2Water\u00bb, avalada por 1,8 millones de firmas, persegu\u00eda el reconocimiento del agua como derecho humano. El objetivo de desarrollo sostenible n.\u00ba 6 de las Naciones Unidas pretende garantizar un suministro de agua y saneamiento seguros y asequibles para todos en 2030. \u00bfEsta propuesta satisface esta demanda?<\/strong><\/h4>\n<p>El derecho a acceder a servicios esenciales de buena calidad, incluida el agua, es uno de los principios en los que se asienta el nuevo\u00a0<a href=\"https:\/\/ec.europa.eu\/commission\/priorities\/deeper-and-fairer-economic-and-monetary-union\/european-pillar-social-rights_en\">pilar europeo de derechos sociales<\/a>. La propuesta refleja este principio, seg\u00fan el cual los Estados miembros deben mejorar el acceso al agua para la poblaci\u00f3n en general y para los grupos vulnerables y marginados en particular.<\/p>\n<p>De la evaluaci\u00f3n de impacto que acompa\u00f1a a la propuesta se desprende que los grandes beneficios para la salud derivados de un suministro de agua potable m\u00e1s seguro compensan con creces el modesto incremento de costes que supondr\u00eda para los hogares. Tambi\u00e9n se abord\u00f3 la asequibilidad. Previsiblemente, el gasto del hogar promedio de la UE en servicios de agua solo aumentar\u00e1 ligeramente, del 0,73\u00a0% al 0,76-0,77\u00a0% de los ingresos medios. Dado que los Estados miembros disponen de un margen discrecional (que pueden destinar, por ejemplo, a subvenciones), los costes reales probablemente ser\u00e1n menores.<\/p>\n<h4><strong>\u00bfQu\u00e9 tienen que hacer los Estados miembros? \u00bfTendr\u00e1n los gobiernos nacionales y\/o locales que asumir costes adicionales?<\/strong><\/h4>\n<p>La actuaci\u00f3n de las autoridades centrales y regionales es primordial para llevar esta iniciativa a buen puerto, especialmente en lo que respecta a la aplicaci\u00f3n pr\u00e1ctica del nuevo concepto de seguridad, denominado \u00abplanteamiento basado en el riesgo\u00bb. Probablemente, las fases iniciales impondr\u00e1n m\u00e1s exigencias a algunos pa\u00edses, que deber\u00e1n hallar nuevos m\u00e9todos para evaluar posibles riesgos. No obstante, confiamos en que, a medio plazo, este sistema compense los esfuerzos y permita reducir de manera sustancial los costes para las autoridades p\u00fablicas.<\/p>\n<h4><strong>Dado que las empresas de abastecimiento de aguas suelen ser de titularidad privada, \u00bfc\u00f3mo se les puede obligar a aumentar la transparencia de sus actividades?<\/strong><\/h4>\n<p>La poblaci\u00f3n tiene derecho a disponer de informaci\u00f3n medioambiental clara a escala nacional. Para evitar tr\u00e1mites burocr\u00e1ticos, la propuesta diferencia entre la informaci\u00f3n que debe estar disponible en l\u00ednea y los datos espec\u00edficos que los proveedores deben facilitar directamente a los consumidores, como el volumen consumido y detalles sobre la tarificaci\u00f3n.<\/p>\n<h4><strong>La Directiva revisada tiene por objeto actualizar la lista de par\u00e1metros de calidad del agua potable, as\u00ed como adoptar un planteamiento basado en el riesgo. \u00bfQu\u00e9 significa esto y cu\u00e1les son las ventajas?<\/strong><\/h4>\n<p>Tras un concienzudo an\u00e1lisis, proponemos a\u00f1adir dieciocho sustancias nuevas y emergentes a la lista de criterios empleados para determinar la seguridad del agua. As\u00ed, por vez primera, se dispondr\u00e1 de un conjunto de normas a escala de la UE para proteger mejor a los ciudadanos europeos contra los virus. Tambi\u00e9n se contemplan los contaminantes emergentes procedentes de la industria, como los compuestos perfluorados y las sustancias que se sospecha que podr\u00edan ser disruptores endocrinos, como el bisfenol A. Hemos colaborado estrechamente con la Organizaci\u00f3n Mundial de la Salud para actualizar la lista de par\u00e1metros y las normas de seguridad. La propuesta establece normas sobre las cantidades de sustancias permitidas en el agua, as\u00ed como directrices muy claras sobre la fabricaci\u00f3n de tuber\u00edas y grifos suficientemente higi\u00e9nicos como para garantizar un uso seguro.<\/p>\n<h4><strong>Cada vez se consume m\u00e1s agua embotellada. Las botellas de pl\u00e1stico desechables terminan ensuciando nuestros r\u00edos y mares. \u00bfLograr\u00e1 la revisi\u00f3n reducir esta marea de residuos pl\u00e1sticos?<\/strong><\/h4>\n<p>La Comisi\u00f3n est\u00e1 decidida a resolver el problema creciente de los residuos pl\u00e1sticos. Esperamos que las acciones destinadas a mejorar el acceso al agua corriente, unidas a una mayor transparencia con respecto a su calidad, inspiren una mayor confianza y ayuden a reducir el consumo de pl\u00e1stico. Estos esfuerzos est\u00e1n \u00edntimamente ligados a otras acciones recogidas en la estrategia europea sobre los pl\u00e1sticos del 16 de enero de 2018.<\/p>\n<h4><strong>Los micropl\u00e1sticos son una amenaza cada vez m\u00e1s acuciante para nuestro planeta y nuestra salud. \u00bfLa Directiva revisada contempla esta cuesti\u00f3n?<\/strong><\/h4>\n<p>Hemos aplicado un criterio de precauci\u00f3n en este aspecto, que implica la obligaci\u00f3n de incluir en las evaluaciones de riesgos la comprobaci\u00f3n de si los micropl\u00e1sticos comportan alg\u00fan peligro. Por ahora, no existe evidencia concluyente que pruebe la existencia de un riesgo real, pero queremos actuar con la mayor cautela posible. Si los controles indican que los micropl\u00e1sticos suponen un riesgo, los proveedores de agua tendr\u00e1n que tomar medidas para asegurarse de que no contaminan el agua corriente.<\/p>\n<p>&nbsp;<\/p>\n","protected":false},"excerpt":{"rendered":"<p>La revista Medio Ambiente para los Europeos\u00a0pregunt\u00f3 a Matja\u017e Malgaj por los pasos que deben seguirse para mejorar el suministro de agua potable en Europa. Malgaj dirige la Unidad Medio Marino e Industria del Agua de la Direcci\u00f3n General de Medio Ambiente. \u00bfPor qu\u00e9 es necesario revisar la normativa en materia de agua potable de [&hellip;]<\/p>\n","protected":false},"author":1,"featured_media":4789,"comment_status":"open","ping_status":"open","sticky":false,"template":"","format":"standard","meta":{"_acf_changed":false,"_relevanssi_hide_post":"","_relevanssi_hide_content":"","_relevanssi_pin_for_all":"","_relevanssi_pin_keywords":"","_relevanssi_unpin_keywords":"","_relevanssi_related_keywords":"","_relevanssi_related_include_ids":"","_relevanssi_related_exclude_ids":"","_relevanssi_related_no_append":"","_relevanssi_related_not_related":"","_relevanssi_related_posts":"","_relevanssi_noindex_reason":"","_monsterinsights_skip_tracking":false,"_monsterinsights_sitenote_active":false,"_monsterinsights_sitenote_note":"","_monsterinsights_sitenote_category":0,"_genesis_hide_title":false,"_genesis_hide_breadcrumbs":false,"_genesis_hide_singular_image":false,"_genesis_hide_footer_widgets":false,"_genesis_custom_body_class":"","_genesis_custom_post_class":"","_genesis_layout":"","footnotes":""},"categories":[96,1],"tags":[141,133],"class_list":{"0":"post-4787","1":"post","2":"type-post","3":"status-publish","4":"format-standard","5":"has-post-thumbnail","7":"category-noticias-ue","8":"category-sin-categorizar","9":"tag-asuntos-sociales","10":"tag-medio-ambiente","11":"entry"},"acf":[],"yoast_head":"<!-- This site is optimized with the Yoast SEO plugin v27.4 - https:\/\/yoast.com\/product\/yoast-seo-wordpress\/ -->\n<title>Agua potable m\u00e1s segura para todos los europeos: entrevista con Matja\u017e Malgaj | CDE Almer\u00eda - Centro de Documentaci\u00f3n Europea - Universidad de Almer\u00eda<\/title>\n<meta name=\"robots\" content=\"index, follow, max-snippet:-1, max-image-preview:large, max-video-preview:-1\" \/>\n<link rel=\"canonical\" href=\"https:\/\/www.cde.ual.es\/agua-potable-mas-segura-para-todos-los-europeos-entrevista-con-matjaz-malgaj\/\" \/>\n<meta property=\"og:locale\" content=\"en_US\" \/>\n<meta property=\"og:type\" content=\"article\" \/>\n<meta property=\"og:title\" content=\"Agua potable m\u00e1s segura para todos los europeos: entrevista con Matja\u017e Malgaj | CDE Almer\u00eda - Centro de Documentaci\u00f3n Europea - Universidad de Almer\u00eda\" \/>\n<meta property=\"og:description\" content=\"La revista Medio Ambiente para los Europeos\u00a0pregunt\u00f3 a Matja\u017e Malgaj por los pasos que deben seguirse para mejorar el suministro de agua potable en Europa. Malgaj dirige la Unidad Medio Marino e Industria del Agua de la Direcci\u00f3n General de Medio Ambiente. \u00bfPor qu\u00e9 es necesario revisar la normativa en materia de agua potable de [&hellip;]\" \/>\n<meta property=\"og:url\" content=\"https:\/\/www.cde.ual.es\/agua-potable-mas-segura-para-todos-los-europeos-entrevista-con-matjaz-malgaj\/\" \/>\n<meta property=\"og:site_name\" content=\"CDE Almer\u00eda - Centro de Documentaci\u00f3n Europea - Universidad de Almer\u00eda\" \/>\n<meta property=\"article:publisher\" content=\"https:\/\/www.facebook.com\/cdeuniversidadalmeria\/\" \/>\n<meta property=\"article:published_time\" content=\"2018-05-16T13:46:46+00:00\" \/>\n<meta property=\"og:image\" content=\"https:\/\/www.cde.ual.es\/wp-content\/uploads\/2018\/05\/Medio-Ambiente-Europeos.png\" \/>\n\t<meta property=\"og:image:width\" content=\"736\" \/>\n\t<meta property=\"og:image:height\" content=\"1050\" \/>\n\t<meta property=\"og:image:type\" content=\"image\/png\" \/>\n<meta name=\"author\" content=\"AdminCDE\" \/>\n<meta name=\"twitter:card\" content=\"summary_large_image\" \/>\n<meta name=\"twitter:creator\" content=\"@cdeualmeria\" \/>\n<meta name=\"twitter:site\" content=\"@cdeualmeria\" \/>\n<meta name=\"twitter:label1\" content=\"Written by\" \/>\n\t<meta name=\"twitter:data1\" content=\"AdminCDE\" \/>\n\t<meta name=\"twitter:label2\" content=\"Est. reading time\" \/>\n\t<meta name=\"twitter:data2\" content=\"6 minutes\" \/>\n<script type=\"application\/ld+json\" class=\"yoast-schema-graph\">{\"@context\":\"https:\\\/\\\/schema.org\",\"@graph\":[{\"@type\":\"Article\",\"@id\":\"https:\\\/\\\/www.cde.ual.es\\\/agua-potable-mas-segura-para-todos-los-europeos-entrevista-con-matjaz-malgaj\\\/#article\",\"isPartOf\":{\"@id\":\"https:\\\/\\\/www.cde.ual.es\\\/agua-potable-mas-segura-para-todos-los-europeos-entrevista-con-matjaz-malgaj\\\/\"},\"author\":{\"name\":\"AdminCDE\",\"@id\":\"https:\\\/\\\/www.cde.ual.es\\\/#\\\/schema\\\/person\\\/224ef08c8bcc005f319d2713ce37ee5f\"},\"headline\":\"Agua potable m\u00e1s segura para todos los europeos: entrevista con Matja\u017e Malgaj\",\"datePublished\":\"2018-05-16T13:46:46+00:00\",\"mainEntityOfPage\":{\"@id\":\"https:\\\/\\\/www.cde.ual.es\\\/agua-potable-mas-segura-para-todos-los-europeos-entrevista-con-matjaz-malgaj\\\/\"},\"wordCount\":1181,\"commentCount\":0,\"publisher\":{\"@id\":\"https:\\\/\\\/www.cde.ual.es\\\/#organization\"},\"image\":{\"@id\":\"https:\\\/\\\/www.cde.ual.es\\\/agua-potable-mas-segura-para-todos-los-europeos-entrevista-con-matjaz-malgaj\\\/#primaryimage\"},\"thumbnailUrl\":\"https:\\\/\\\/www.cde.ual.es\\\/wp-content\\\/uploads\\\/2018\\\/05\\\/Medio-Ambiente-Europeos.png\",\"keywords\":[\"Asuntos Sociales\",\"Medio Ambiente\"],\"articleSection\":[\"Noticias UE\",\"Sin categorizar\"],\"inLanguage\":\"en-US\",\"potentialAction\":[{\"@type\":\"CommentAction\",\"name\":\"Comment\",\"target\":[\"https:\\\/\\\/www.cde.ual.es\\\/agua-potable-mas-segura-para-todos-los-europeos-entrevista-con-matjaz-malgaj\\\/#respond\"]}]},{\"@type\":\"WebPage\",\"@id\":\"https:\\\/\\\/www.cde.ual.es\\\/agua-potable-mas-segura-para-todos-los-europeos-entrevista-con-matjaz-malgaj\\\/\",\"url\":\"https:\\\/\\\/www.cde.ual.es\\\/agua-potable-mas-segura-para-todos-los-europeos-entrevista-con-matjaz-malgaj\\\/\",\"name\":\"Agua potable m\u00e1s segura para todos los europeos: entrevista con Matja\u017e Malgaj | CDE Almer\u00eda - Centro de Documentaci\u00f3n Europea - Universidad de Almer\u00eda\",\"isPartOf\":{\"@id\":\"https:\\\/\\\/www.cde.ual.es\\\/#website\"},\"primaryImageOfPage\":{\"@id\":\"https:\\\/\\\/www.cde.ual.es\\\/agua-potable-mas-segura-para-todos-los-europeos-entrevista-con-matjaz-malgaj\\\/#primaryimage\"},\"image\":{\"@id\":\"https:\\\/\\\/www.cde.ual.es\\\/agua-potable-mas-segura-para-todos-los-europeos-entrevista-con-matjaz-malgaj\\\/#primaryimage\"},\"thumbnailUrl\":\"https:\\\/\\\/www.cde.ual.es\\\/wp-content\\\/uploads\\\/2018\\\/05\\\/Medio-Ambiente-Europeos.png\",\"datePublished\":\"2018-05-16T13:46:46+00:00\",\"breadcrumb\":{\"@id\":\"https:\\\/\\\/www.cde.ual.es\\\/agua-potable-mas-segura-para-todos-los-europeos-entrevista-con-matjaz-malgaj\\\/#breadcrumb\"},\"inLanguage\":\"en-US\",\"potentialAction\":[{\"@type\":\"ReadAction\",\"target\":[\"https:\\\/\\\/www.cde.ual.es\\\/agua-potable-mas-segura-para-todos-los-europeos-entrevista-con-matjaz-malgaj\\\/\"]}]},{\"@type\":\"ImageObject\",\"inLanguage\":\"en-US\",\"@id\":\"https:\\\/\\\/www.cde.ual.es\\\/agua-potable-mas-segura-para-todos-los-europeos-entrevista-con-matjaz-malgaj\\\/#primaryimage\",\"url\":\"https:\\\/\\\/www.cde.ual.es\\\/wp-content\\\/uploads\\\/2018\\\/05\\\/Medio-Ambiente-Europeos.png\",\"contentUrl\":\"https:\\\/\\\/www.cde.ual.es\\\/wp-content\\\/uploads\\\/2018\\\/05\\\/Medio-Ambiente-Europeos.png\",\"width\":736,\"height\":1050},{\"@type\":\"BreadcrumbList\",\"@id\":\"https:\\\/\\\/www.cde.ual.es\\\/agua-potable-mas-segura-para-todos-los-europeos-entrevista-con-matjaz-malgaj\\\/#breadcrumb\",\"itemListElement\":[{\"@type\":\"ListItem\",\"position\":1,\"name\":\"Inicio\",\"item\":\"https:\\\/\\\/www.cde.ual.es\\\/en\\\/\"},{\"@type\":\"ListItem\",\"position\":2,\"name\":\"Noticias UE\",\"item\":\"https:\\\/\\\/www.cde.ual.es\\\/category\\\/noticias-ue\\\/\"},{\"@type\":\"ListItem\",\"position\":3,\"name\":\"Agua potable m\u00e1s segura para todos los europeos: entrevista con Matja\u017e Malgaj\"}]},{\"@type\":\"WebSite\",\"@id\":\"https:\\\/\\\/www.cde.ual.es\\\/#website\",\"url\":\"https:\\\/\\\/www.cde.ual.es\\\/\",\"name\":\"CDE Almer\u00eda - Centro de Documentaci\u00f3n Europea - Universidad de Almer\u00eda\",\"description\":\"Centro de Documentaci\u00f3n Europea de la Universidad de Almer\u00eda\",\"publisher\":{\"@id\":\"https:\\\/\\\/www.cde.ual.es\\\/#organization\"},\"alternateName\":\"CDE Almer\u00eda\",\"potentialAction\":[{\"@type\":\"SearchAction\",\"target\":{\"@type\":\"EntryPoint\",\"urlTemplate\":\"https:\\\/\\\/www.cde.ual.es\\\/?s={search_term_string}\"},\"query-input\":{\"@type\":\"PropertyValueSpecification\",\"valueRequired\":true,\"valueName\":\"search_term_string\"}}],\"inLanguage\":\"en-US\"},{\"@type\":\"Organization\",\"@id\":\"https:\\\/\\\/www.cde.ual.es\\\/#organization\",\"name\":\"Centro de Documentaci\u00f3n Europea de Almer\u00eda\",\"url\":\"https:\\\/\\\/www.cde.ual.es\\\/\",\"logo\":{\"@type\":\"ImageObject\",\"inLanguage\":\"en-US\",\"@id\":\"https:\\\/\\\/www.cde.ual.es\\\/#\\\/schema\\\/logo\\\/image\\\/\",\"url\":\"https:\\\/\\\/www.cde.ual.es\\\/wp-content\\\/uploads\\\/2025\\\/07\\\/cde-logo-3.png\",\"contentUrl\":\"https:\\\/\\\/www.cde.ual.es\\\/wp-content\\\/uploads\\\/2025\\\/07\\\/cde-logo-3.png\",\"width\":1400,\"height\":300,\"caption\":\"Centro de Documentaci\u00f3n Europea de Almer\u00eda\"},\"image\":{\"@id\":\"https:\\\/\\\/www.cde.ual.es\\\/#\\\/schema\\\/logo\\\/image\\\/\"},\"sameAs\":[\"https:\\\/\\\/www.facebook.com\\\/cdeuniversidadalmeria\\\/\",\"https:\\\/\\\/x.com\\\/cdeualmeria\",\"https:\\\/\\\/www.tiktok.com\\\/@cdealmeria\",\"https:\\\/\\\/www.instagram.com\\\/cdealmeria\\\/\",\"https:\\\/\\\/www.linkedin.com\\\/in\\\/cde-almera-812b26a9\\\/\"]},{\"@type\":\"Person\",\"@id\":\"https:\\\/\\\/www.cde.ual.es\\\/#\\\/schema\\\/person\\\/224ef08c8bcc005f319d2713ce37ee5f\",\"name\":\"AdminCDE\",\"image\":{\"@type\":\"ImageObject\",\"inLanguage\":\"en-US\",\"@id\":\"https:\\\/\\\/secure.gravatar.com\\\/avatar\\\/a72d038d371f995cd13706fac32274b7952a52e8fb0a84b5f80c85426f2a98a8?s=96&d=mm&r=g\",\"url\":\"https:\\\/\\\/secure.gravatar.com\\\/avatar\\\/a72d038d371f995cd13706fac32274b7952a52e8fb0a84b5f80c85426f2a98a8?s=96&d=mm&r=g\",\"contentUrl\":\"https:\\\/\\\/secure.gravatar.com\\\/avatar\\\/a72d038d371f995cd13706fac32274b7952a52e8fb0a84b5f80c85426f2a98a8?s=96&d=mm&r=g\",\"caption\":\"AdminCDE\"}}]}<\/script>\n<!-- \/ Yoast SEO plugin. -->","yoast_head_json":{"title":"Agua potable m\u00e1s segura para todos los europeos: entrevista con Matja\u017e Malgaj | CDE Almer\u00eda - Centro de Documentaci\u00f3n Europea - Universidad de Almer\u00eda","robots":{"index":"index","follow":"follow","max-snippet":"max-snippet:-1","max-image-preview":"max-image-preview:large","max-video-preview":"max-video-preview:-1"},"canonical":"https:\/\/www.cde.ual.es\/agua-potable-mas-segura-para-todos-los-europeos-entrevista-con-matjaz-malgaj\/","og_locale":"en_US","og_type":"article","og_title":"Agua potable m\u00e1s segura para todos los europeos: entrevista con Matja\u017e Malgaj | CDE Almer\u00eda - Centro de Documentaci\u00f3n Europea - Universidad de Almer\u00eda","og_description":"La revista Medio Ambiente para los Europeos\u00a0pregunt\u00f3 a Matja\u017e Malgaj por los pasos que deben seguirse para mejorar el suministro de agua potable en Europa. Malgaj dirige la Unidad Medio Marino e Industria del Agua de la Direcci\u00f3n General de Medio Ambiente. \u00bfPor qu\u00e9 es necesario revisar la normativa en materia de agua potable de [&hellip;]","og_url":"https:\/\/www.cde.ual.es\/agua-potable-mas-segura-para-todos-los-europeos-entrevista-con-matjaz-malgaj\/","og_site_name":"CDE Almer\u00eda - Centro de Documentaci\u00f3n Europea - Universidad de Almer\u00eda","article_publisher":"https:\/\/www.facebook.com\/cdeuniversidadalmeria\/","article_published_time":"2018-05-16T13:46:46+00:00","og_image":[{"width":736,"height":1050,"url":"https:\/\/www.cde.ual.es\/wp-content\/uploads\/2018\/05\/Medio-Ambiente-Europeos.png","type":"image\/png"}],"author":"AdminCDE","twitter_card":"summary_large_image","twitter_creator":"@cdeualmeria","twitter_site":"@cdeualmeria","twitter_misc":{"Written by":"AdminCDE","Est. reading time":"6 minutes"},"schema":{"@context":"https:\/\/schema.org","@graph":[{"@type":"Article","@id":"https:\/\/www.cde.ual.es\/agua-potable-mas-segura-para-todos-los-europeos-entrevista-con-matjaz-malgaj\/#article","isPartOf":{"@id":"https:\/\/www.cde.ual.es\/agua-potable-mas-segura-para-todos-los-europeos-entrevista-con-matjaz-malgaj\/"},"author":{"name":"AdminCDE","@id":"https:\/\/www.cde.ual.es\/#\/schema\/person\/224ef08c8bcc005f319d2713ce37ee5f"},"headline":"Agua potable m\u00e1s segura para todos los europeos: entrevista con Matja\u017e Malgaj","datePublished":"2018-05-16T13:46:46+00:00","mainEntityOfPage":{"@id":"https:\/\/www.cde.ual.es\/agua-potable-mas-segura-para-todos-los-europeos-entrevista-con-matjaz-malgaj\/"},"wordCount":1181,"commentCount":0,"publisher":{"@id":"https:\/\/www.cde.ual.es\/#organization"},"image":{"@id":"https:\/\/www.cde.ual.es\/agua-potable-mas-segura-para-todos-los-europeos-entrevista-con-matjaz-malgaj\/#primaryimage"},"thumbnailUrl":"https:\/\/www.cde.ual.es\/wp-content\/uploads\/2018\/05\/Medio-Ambiente-Europeos.png","keywords":["Asuntos Sociales","Medio Ambiente"],"articleSection":["Noticias UE","Sin categorizar"],"inLanguage":"en-US","potentialAction":[{"@type":"CommentAction","name":"Comment","target":["https:\/\/www.cde.ual.es\/agua-potable-mas-segura-para-todos-los-europeos-entrevista-con-matjaz-malgaj\/#respond"]}]},{"@type":"WebPage","@id":"https:\/\/www.cde.ual.es\/agua-potable-mas-segura-para-todos-los-europeos-entrevista-con-matjaz-malgaj\/","url":"https:\/\/www.cde.ual.es\/agua-potable-mas-segura-para-todos-los-europeos-entrevista-con-matjaz-malgaj\/","name":"Agua potable m\u00e1s segura para todos los europeos: entrevista con Matja\u017e Malgaj | CDE Almer\u00eda - Centro de Documentaci\u00f3n Europea - Universidad de Almer\u00eda","isPartOf":{"@id":"https:\/\/www.cde.ual.es\/#website"},"primaryImageOfPage":{"@id":"https:\/\/www.cde.ual.es\/agua-potable-mas-segura-para-todos-los-europeos-entrevista-con-matjaz-malgaj\/#primaryimage"},"image":{"@id":"https:\/\/www.cde.ual.es\/agua-potable-mas-segura-para-todos-los-europeos-entrevista-con-matjaz-malgaj\/#primaryimage"},"thumbnailUrl":"https:\/\/www.cde.ual.es\/wp-content\/uploads\/2018\/05\/Medio-Ambiente-Europeos.png","datePublished":"2018-05-16T13:46:46+00:00","breadcrumb":{"@id":"https:\/\/www.cde.ual.es\/agua-potable-mas-segura-para-todos-los-europeos-entrevista-con-matjaz-malgaj\/#breadcrumb"},"inLanguage":"en-US","potentialAction":[{"@type":"ReadAction","target":["https:\/\/www.cde.ual.es\/agua-potable-mas-segura-para-todos-los-europeos-entrevista-con-matjaz-malgaj\/"]}]},{"@type":"ImageObject","inLanguage":"en-US","@id":"https:\/\/www.cde.ual.es\/agua-potable-mas-segura-para-todos-los-europeos-entrevista-con-matjaz-malgaj\/#primaryimage","url":"https:\/\/www.cde.ual.es\/wp-content\/uploads\/2018\/05\/Medio-Ambiente-Europeos.png","contentUrl":"https:\/\/www.cde.ual.es\/wp-content\/uploads\/2018\/05\/Medio-Ambiente-Europeos.png","width":736,"height":1050},{"@type":"BreadcrumbList","@id":"https:\/\/www.cde.ual.es\/agua-potable-mas-segura-para-todos-los-europeos-entrevista-con-matjaz-malgaj\/#breadcrumb","itemListElement":[{"@type":"ListItem","position":1,"name":"Inicio","item":"https:\/\/www.cde.ual.es\/en\/"},{"@type":"ListItem","position":2,"name":"Noticias UE","item":"https:\/\/www.cde.ual.es\/category\/noticias-ue\/"},{"@type":"ListItem","position":3,"name":"Agua potable m\u00e1s segura para todos los europeos: entrevista con Matja\u017e Malgaj"}]},{"@type":"WebSite","@id":"https:\/\/www.cde.ual.es\/#website","url":"https:\/\/www.cde.ual.es\/","name":"CDE Almer\u00eda - Centro de Documentaci\u00f3n Europea - Universidad de Almer\u00eda","description":"Centro de Documentaci\u00f3n Europea de la Universidad de Almer\u00eda","publisher":{"@id":"https:\/\/www.cde.ual.es\/#organization"},"alternateName":"CDE Almer\u00eda","potentialAction":[{"@type":"SearchAction","target":{"@type":"EntryPoint","urlTemplate":"https:\/\/www.cde.ual.es\/?s={search_term_string}"},"query-input":{"@type":"PropertyValueSpecification","valueRequired":true,"valueName":"search_term_string"}}],"inLanguage":"en-US"},{"@type":"Organization","@id":"https:\/\/www.cde.ual.es\/#organization","name":"Centro de Documentaci\u00f3n Europea de Almer\u00eda","url":"https:\/\/www.cde.ual.es\/","logo":{"@type":"ImageObject","inLanguage":"en-US","@id":"https:\/\/www.cde.ual.es\/#\/schema\/logo\/image\/","url":"https:\/\/www.cde.ual.es\/wp-content\/uploads\/2025\/07\/cde-logo-3.png","contentUrl":"https:\/\/www.cde.ual.es\/wp-content\/uploads\/2025\/07\/cde-logo-3.png","width":1400,"height":300,"caption":"Centro de Documentaci\u00f3n Europea de Almer\u00eda"},"image":{"@id":"https:\/\/www.cde.ual.es\/#\/schema\/logo\/image\/"},"sameAs":["https:\/\/www.facebook.com\/cdeuniversidadalmeria\/","https:\/\/x.com\/cdeualmeria","https:\/\/www.tiktok.com\/@cdealmeria","https:\/\/www.instagram.com\/cdealmeria\/","https:\/\/www.linkedin.com\/in\/cde-almera-812b26a9\/"]},{"@type":"Person","@id":"https:\/\/www.cde.ual.es\/#\/schema\/person\/224ef08c8bcc005f319d2713ce37ee5f","name":"AdminCDE","image":{"@type":"ImageObject","inLanguage":"en-US","@id":"https:\/\/secure.gravatar.com\/avatar\/a72d038d371f995cd13706fac32274b7952a52e8fb0a84b5f80c85426f2a98a8?s=96&d=mm&r=g","url":"https:\/\/secure.gravatar.com\/avatar\/a72d038d371f995cd13706fac32274b7952a52e8fb0a84b5f80c85426f2a98a8?s=96&d=mm&r=g","contentUrl":"https:\/\/secure.gravatar.com\/avatar\/a72d038d371f995cd13706fac32274b7952a52e8fb0a84b5f80c85426f2a98a8?s=96&d=mm&r=g","caption":"AdminCDE"}}]}},"_links":{"self":[{"href":"https:\/\/www.cde.ual.es\/en\/wp-json\/wp\/v2\/posts\/4787","targetHints":{"allow":["GET"]}}],"collection":[{"href":"https:\/\/www.cde.ual.es\/en\/wp-json\/wp\/v2\/posts"}],"about":[{"href":"https:\/\/www.cde.ual.es\/en\/wp-json\/wp\/v2\/types\/post"}],"author":[{"embeddable":true,"href":"https:\/\/www.cde.ual.es\/en\/wp-json\/wp\/v2\/users\/1"}],"replies":[{"embeddable":true,"href":"https:\/\/www.cde.ual.es\/en\/wp-json\/wp\/v2\/comments?post=4787"}],"version-history":[{"count":0,"href":"https:\/\/www.cde.ual.es\/en\/wp-json\/wp\/v2\/posts\/4787\/revisions"}],"wp:featuredmedia":[{"embeddable":true,"href":"https:\/\/www.cde.ual.es\/en\/wp-json\/wp\/v2\/media\/4789"}],"wp:attachment":[{"href":"https:\/\/www.cde.ual.es\/en\/wp-json\/wp\/v2\/media?parent=4787"}],"wp:term":[{"taxonomy":"category","embeddable":true,"href":"https:\/\/www.cde.ual.es\/en\/wp-json\/wp\/v2\/categories?post=4787"},{"taxonomy":"post_tag","embeddable":true,"href":"https:\/\/www.cde.ual.es\/en\/wp-json\/wp\/v2\/tags?post=4787"}],"curies":[{"name":"wp","href":"https:\/\/api.w.org\/{rel}","templated":true}]}}