{"id":46509,"date":"2020-06-18T03:00:25","date_gmt":"2020-06-18T01:00:25","guid":{"rendered":"https:\/\/www.cde.ual.es\/?p=46509"},"modified":"2021-11-23T13:01:26","modified_gmt":"2021-11-23T12:01:26","slug":"xvi-workshop-on-employment-in-the-eu-on-line","status":"publish","type":"post","link":"https:\/\/www.cde.ual.es\/en\/xvi-workshop-on-employment-in-the-eu-on-line\/","title":{"rendered":"XVI workshop on employment in the EU (On-line)"},"content":{"rendered":"<p>The <strong>European Documentation Centre of the University of Granada<\/strong> is organising from Tuesday 23rd to Thursday 25th June 2020 the virtual sessions of the XVI Conference on Employment in the European Union (ON-LINE).<\/p>\n<p><a href=\"https:\/\/www.cde.ual.es\/wp-content\/uploads\/2017\/12\/Webminar-ordenador.jpg\"><img decoding=\"async\" class=\"size-medium wp-image-25854 aligncenter\" src=\"https:\/\/www.cde.ual.es\/wp-content\/uploads\/2017\/12\/Webminar-ordenador-300x200.jpg\" alt=\"\" width=\"300\" height=\"200\" srcset=\"https:\/\/www.cde.ual.es\/wp-content\/uploads\/2017\/12\/Webminar-ordenador-300x200.jpg 300w, https:\/\/www.cde.ual.es\/wp-content\/uploads\/2017\/12\/Webminar-ordenador-768x512.jpg 768w, https:\/\/www.cde.ual.es\/wp-content\/uploads\/2017\/12\/Webminar-ordenador.jpg 960w\" sizes=\"(max-width: 300px) 100vw, 300px\" \/><\/a><\/p>\n<p>As in previous editions, it includes the organization of practical workshops for a small number of attendees. The aim of the conference is to raise awareness of employment and professional promotion opportunities in the European Union, with particular emphasis on the selective processes for access to the European civil service.<\/p>\n<p>This initiative of the European Documentation Centre of the University of Granada, which was a pioneer in Spain, is aimed at students, graduates, diploma holders, graduates and the general public interested in working in the European Union, its institutions and agencies.<\/p>\n<h3>Content<\/h3>\n<p>Thursday<\/p>\n<p>EUSolidarityCorps Photo Contest &#8220;My magic European Solidarity Corps moment&#8221;: https:\/\/programmes.eurodesk.eu\/participating<\/p>\n<p>Friday<br \/>\nEurope in My Region &#8220;Stories&#8221; Contest: https:\/\/programmes.eurodesk.eu\/participating#79271<\/p>\n<h3>Date<\/h3>\n<p>23rd to Thursday 25th June 2020<\/p>\n<p>To participate it is necessary to fill in the <a href=\"https:\/\/docs.google.com\/forms\/d\/e\/1FAIpQLSddQPNrh3CBunnT-KSd8tK4aEJcLX0Iq55M_dTAHEDj6xvuMw\/closedform\">registration form<\/a>.<\/p>\n<h3>More information<\/h3>\n<p><a href=\"http:\/\/cde.ugr.es\/\">European Documentation Centre in Granada<\/a><\/p>\n","protected":false},"excerpt":{"rendered":"<p>The European Documentation Centre of the University of Granada is organising from Tuesday 23rd to Thursday 25th June 2020 the virtual sessions of the XVI Conference on Employment in the European Union (ON-LINE). As in previous editions, it includes the organization of practical workshops for a small number of attendees. The aim of the conference [&hellip;]<\/p>\n","protected":false},"author":1,"featured_media":25854,"comment_status":"open","ping_status":"open","sticky":false,"template":"","format":"standard","meta":{"_acf_changed":false,"_relevanssi_hide_post":"","_relevanssi_hide_content":"","_relevanssi_pin_for_all":"","_relevanssi_pin_keywords":"","_relevanssi_unpin_keywords":"","_relevanssi_related_keywords":"","_relevanssi_related_include_ids":"","_relevanssi_related_exclude_ids":"","_relevanssi_related_no_append":"","_relevanssi_related_not_related":"","_relevanssi_related_posts":"","_relevanssi_noindex_reason":"","_monsterinsights_skip_tracking":false,"_monsterinsights_sitenote_active":false,"_monsterinsights_sitenote_note":"","_monsterinsights_sitenote_category":0,"_genesis_hide_title":false,"_genesis_hide_breadcrumbs":false,"_genesis_hide_singular_image":false,"_genesis_hide_footer_widgets":false,"_genesis_custom_body_class":"","_genesis_custom_post_class":"","_genesis_layout":"","footnotes":""},"categories":[366,4115],"tags":[475],"class_list":{"0":"post-46509","1":"post","2":"type-post","3":"status-publish","4":"format-standard","5":"has-post-thumbnail","7":"category-eu-calls-and-awards","8":"category-other","9":"tag-employment","10":"entry"},"acf":[],"yoast_head":"<!-- This site is optimized with the Yoast SEO plugin v27.5 - https:\/\/yoast.com\/product\/yoast-seo-wordpress\/ -->\n<title>XVI workshop on employment in the EU (On-line) | CDE Almer\u00eda - Centro de Documentaci\u00f3n Europea - Universidad de Almer\u00eda<\/title>\n<meta name=\"robots\" content=\"index, follow, max-snippet:-1, max-image-preview:large, max-video-preview:-1\" \/>\n<link rel=\"canonical\" href=\"https:\/\/www.cde.ual.es\/en\/xvi-workshop-on-employment-in-the-eu-on-line\/\" \/>\n<meta property=\"og:locale\" content=\"en_US\" \/>\n<meta property=\"og:type\" content=\"article\" \/>\n<meta property=\"og:title\" content=\"XVI workshop on employment in the EU (On-line) | CDE Almer\u00eda - Centro de Documentaci\u00f3n Europea - Universidad de Almer\u00eda\" \/>\n<meta property=\"og:description\" content=\"The European Documentation Centre of the University of Granada is organising from Tuesday 23rd to Thursday 25th June 2020 the virtual sessions of the XVI Conference on Employment in the European Union (ON-LINE). As in previous editions, it includes the organization of practical workshops for a small number of attendees. The aim of the conference [&hellip;]\" \/>\n<meta property=\"og:url\" content=\"https:\/\/www.cde.ual.es\/en\/xvi-workshop-on-employment-in-the-eu-on-line\/\" \/>\n<meta property=\"og:site_name\" content=\"CDE Almer\u00eda - Centro de Documentaci\u00f3n Europea - Universidad de Almer\u00eda\" \/>\n<meta property=\"article:publisher\" content=\"https:\/\/www.facebook.com\/cdeuniversidadalmeria\/\" \/>\n<meta property=\"article:published_time\" content=\"2020-06-18T01:00:25+00:00\" \/>\n<meta property=\"article:modified_time\" content=\"2021-11-23T12:01:26+00:00\" \/>\n<meta property=\"og:image\" content=\"https:\/\/www.cde.ual.es\/wp-content\/uploads\/2017\/12\/Webminar-ordenador.jpg\" \/>\n\t<meta property=\"og:image:width\" content=\"960\" \/>\n\t<meta property=\"og:image:height\" content=\"640\" \/>\n\t<meta property=\"og:image:type\" content=\"image\/jpeg\" \/>\n<meta name=\"author\" content=\"AdminCDE\" \/>\n<meta name=\"twitter:card\" content=\"summary_large_image\" \/>\n<meta name=\"twitter:creator\" content=\"@cdeualmeria\" \/>\n<meta name=\"twitter:site\" content=\"@cdeualmeria\" \/>\n<meta name=\"twitter:label1\" content=\"Written by\" \/>\n\t<meta name=\"twitter:data1\" content=\"AdminCDE\" \/>\n\t<meta name=\"twitter:label2\" content=\"Est. reading time\" \/>\n\t<meta name=\"twitter:data2\" content=\"1 minute\" \/>\n<script type=\"application\/ld+json\" class=\"yoast-schema-graph\">{\"@context\":\"https:\\\/\\\/schema.org\",\"@graph\":[{\"@type\":\"Article\",\"@id\":\"https:\\\/\\\/www.cde.ual.es\\\/en\\\/xvi-workshop-on-employment-in-the-eu-on-line\\\/#article\",\"isPartOf\":{\"@id\":\"https:\\\/\\\/www.cde.ual.es\\\/en\\\/xvi-workshop-on-employment-in-the-eu-on-line\\\/\"},\"author\":{\"name\":\"AdminCDE\",\"@id\":\"https:\\\/\\\/www.cde.ual.es\\\/#\\\/schema\\\/person\\\/224ef08c8bcc005f319d2713ce37ee5f\"},\"headline\":\"XVI workshop on employment in the EU (On-line)\",\"datePublished\":\"2020-06-18T01:00:25+00:00\",\"dateModified\":\"2021-11-23T12:01:26+00:00\",\"mainEntityOfPage\":{\"@id\":\"https:\\\/\\\/www.cde.ual.es\\\/en\\\/xvi-workshop-on-employment-in-the-eu-on-line\\\/\"},\"wordCount\":183,\"commentCount\":0,\"publisher\":{\"@id\":\"https:\\\/\\\/www.cde.ual.es\\\/#organization\"},\"image\":{\"@id\":\"https:\\\/\\\/www.cde.ual.es\\\/en\\\/xvi-workshop-on-employment-in-the-eu-on-line\\\/#primaryimage\"},\"thumbnailUrl\":\"https:\\\/\\\/www.cde.ual.es\\\/wp-content\\\/uploads\\\/2017\\\/12\\\/Webminar-ordenador.jpg\",\"keywords\":[\"Employment\"],\"articleSection\":[\"EU Calls and Awards\",\"Other\"],\"inLanguage\":\"en-US\",\"potentialAction\":[{\"@type\":\"CommentAction\",\"name\":\"Comment\",\"target\":[\"https:\\\/\\\/www.cde.ual.es\\\/en\\\/xvi-workshop-on-employment-in-the-eu-on-line\\\/#respond\"]}]},{\"@type\":\"WebPage\",\"@id\":\"https:\\\/\\\/www.cde.ual.es\\\/en\\\/xvi-workshop-on-employment-in-the-eu-on-line\\\/\",\"url\":\"https:\\\/\\\/www.cde.ual.es\\\/en\\\/xvi-workshop-on-employment-in-the-eu-on-line\\\/\",\"name\":\"XVI workshop on employment in the EU (On-line) | CDE Almer\u00eda - Centro de Documentaci\u00f3n Europea - Universidad de Almer\u00eda\",\"isPartOf\":{\"@id\":\"https:\\\/\\\/www.cde.ual.es\\\/#website\"},\"primaryImageOfPage\":{\"@id\":\"https:\\\/\\\/www.cde.ual.es\\\/en\\\/xvi-workshop-on-employment-in-the-eu-on-line\\\/#primaryimage\"},\"image\":{\"@id\":\"https:\\\/\\\/www.cde.ual.es\\\/en\\\/xvi-workshop-on-employment-in-the-eu-on-line\\\/#primaryimage\"},\"thumbnailUrl\":\"https:\\\/\\\/www.cde.ual.es\\\/wp-content\\\/uploads\\\/2017\\\/12\\\/Webminar-ordenador.jpg\",\"datePublished\":\"2020-06-18T01:00:25+00:00\",\"dateModified\":\"2021-11-23T12:01:26+00:00\",\"breadcrumb\":{\"@id\":\"https:\\\/\\\/www.cde.ual.es\\\/en\\\/xvi-workshop-on-employment-in-the-eu-on-line\\\/#breadcrumb\"},\"inLanguage\":\"en-US\",\"potentialAction\":[{\"@type\":\"ReadAction\",\"target\":[\"https:\\\/\\\/www.cde.ual.es\\\/en\\\/xvi-workshop-on-employment-in-the-eu-on-line\\\/\"]}]},{\"@type\":\"ImageObject\",\"inLanguage\":\"en-US\",\"@id\":\"https:\\\/\\\/www.cde.ual.es\\\/en\\\/xvi-workshop-on-employment-in-the-eu-on-line\\\/#primaryimage\",\"url\":\"https:\\\/\\\/www.cde.ual.es\\\/wp-content\\\/uploads\\\/2017\\\/12\\\/Webminar-ordenador.jpg\",\"contentUrl\":\"https:\\\/\\\/www.cde.ual.es\\\/wp-content\\\/uploads\\\/2017\\\/12\\\/Webminar-ordenador.jpg\",\"width\":960,\"height\":640},{\"@type\":\"BreadcrumbList\",\"@id\":\"https:\\\/\\\/www.cde.ual.es\\\/en\\\/xvi-workshop-on-employment-in-the-eu-on-line\\\/#breadcrumb\",\"itemListElement\":[{\"@type\":\"ListItem\",\"position\":1,\"name\":\"Inicio\",\"item\":\"https:\\\/\\\/www.cde.ual.es\\\/en\\\/\"},{\"@type\":\"ListItem\",\"position\":2,\"name\":\"EU Calls and Awards\",\"item\":\"https:\\\/\\\/www.cde.ual.es\\\/en\\\/category\\\/eu-calls-and-awards\\\/\"},{\"@type\":\"ListItem\",\"position\":3,\"name\":\"Other\",\"item\":\"https:\\\/\\\/www.cde.ual.es\\\/en\\\/category\\\/eu-calls-and-awards\\\/other\\\/\"},{\"@type\":\"ListItem\",\"position\":4,\"name\":\"XVI workshop on employment in the EU (On-line)\"}]},{\"@type\":\"WebSite\",\"@id\":\"https:\\\/\\\/www.cde.ual.es\\\/#website\",\"url\":\"https:\\\/\\\/www.cde.ual.es\\\/\",\"name\":\"CDE Almer\u00eda - Centro de Documentaci\u00f3n Europea - Universidad de Almer\u00eda\",\"description\":\"Centro de Documentaci\u00f3n Europea de la Universidad de Almer\u00eda\",\"publisher\":{\"@id\":\"https:\\\/\\\/www.cde.ual.es\\\/#organization\"},\"alternateName\":\"CDE Almer\u00eda\",\"potentialAction\":[{\"@type\":\"SearchAction\",\"target\":{\"@type\":\"EntryPoint\",\"urlTemplate\":\"https:\\\/\\\/www.cde.ual.es\\\/?s={search_term_string}\"},\"query-input\":{\"@type\":\"PropertyValueSpecification\",\"valueRequired\":true,\"valueName\":\"search_term_string\"}}],\"inLanguage\":\"en-US\"},{\"@type\":\"Organization\",\"@id\":\"https:\\\/\\\/www.cde.ual.es\\\/#organization\",\"name\":\"Centro de Documentaci\u00f3n Europea de Almer\u00eda\",\"url\":\"https:\\\/\\\/www.cde.ual.es\\\/\",\"logo\":{\"@type\":\"ImageObject\",\"inLanguage\":\"en-US\",\"@id\":\"https:\\\/\\\/www.cde.ual.es\\\/#\\\/schema\\\/logo\\\/image\\\/\",\"url\":\"https:\\\/\\\/www.cde.ual.es\\\/wp-content\\\/uploads\\\/2025\\\/07\\\/cde-logo-3.png\",\"contentUrl\":\"https:\\\/\\\/www.cde.ual.es\\\/wp-content\\\/uploads\\\/2025\\\/07\\\/cde-logo-3.png\",\"width\":1400,\"height\":300,\"caption\":\"Centro de Documentaci\u00f3n Europea de Almer\u00eda\"},\"image\":{\"@id\":\"https:\\\/\\\/www.cde.ual.es\\\/#\\\/schema\\\/logo\\\/image\\\/\"},\"sameAs\":[\"https:\\\/\\\/www.facebook.com\\\/cdeuniversidadalmeria\\\/\",\"https:\\\/\\\/x.com\\\/cdeualmeria\",\"https:\\\/\\\/www.tiktok.com\\\/@cdealmeria\",\"https:\\\/\\\/www.instagram.com\\\/cdealmeria\\\/\",\"https:\\\/\\\/www.linkedin.com\\\/in\\\/cde-almera-812b26a9\\\/\"]},{\"@type\":\"Person\",\"@id\":\"https:\\\/\\\/www.cde.ual.es\\\/#\\\/schema\\\/person\\\/224ef08c8bcc005f319d2713ce37ee5f\",\"name\":\"AdminCDE\",\"image\":{\"@type\":\"ImageObject\",\"inLanguage\":\"en-US\",\"@id\":\"https:\\\/\\\/secure.gravatar.com\\\/avatar\\\/a72d038d371f995cd13706fac32274b7952a52e8fb0a84b5f80c85426f2a98a8?s=96&d=mm&r=g\",\"url\":\"https:\\\/\\\/secure.gravatar.com\\\/avatar\\\/a72d038d371f995cd13706fac32274b7952a52e8fb0a84b5f80c85426f2a98a8?s=96&d=mm&r=g\",\"contentUrl\":\"https:\\\/\\\/secure.gravatar.com\\\/avatar\\\/a72d038d371f995cd13706fac32274b7952a52e8fb0a84b5f80c85426f2a98a8?s=96&d=mm&r=g\",\"caption\":\"AdminCDE\"}}]}<\/script>\n<!-- \/ Yoast SEO plugin. -->","yoast_head_json":{"title":"XVI workshop on employment in the EU (On-line) | CDE Almer\u00eda - Centro de Documentaci\u00f3n Europea - Universidad de Almer\u00eda","robots":{"index":"index","follow":"follow","max-snippet":"max-snippet:-1","max-image-preview":"max-image-preview:large","max-video-preview":"max-video-preview:-1"},"canonical":"https:\/\/www.cde.ual.es\/en\/xvi-workshop-on-employment-in-the-eu-on-line\/","og_locale":"en_US","og_type":"article","og_title":"XVI workshop on employment in the EU (On-line) | CDE Almer\u00eda - Centro de Documentaci\u00f3n Europea - Universidad de Almer\u00eda","og_description":"The European Documentation Centre of the University of Granada is organising from Tuesday 23rd to Thursday 25th June 2020 the virtual sessions of the XVI Conference on Employment in the European Union (ON-LINE). As in previous editions, it includes the organization of practical workshops for a small number of attendees. The aim of the conference [&hellip;]","og_url":"https:\/\/www.cde.ual.es\/en\/xvi-workshop-on-employment-in-the-eu-on-line\/","og_site_name":"CDE Almer\u00eda - Centro de Documentaci\u00f3n Europea - Universidad de Almer\u00eda","article_publisher":"https:\/\/www.facebook.com\/cdeuniversidadalmeria\/","article_published_time":"2020-06-18T01:00:25+00:00","article_modified_time":"2021-11-23T12:01:26+00:00","og_image":[{"width":960,"height":640,"url":"https:\/\/www.cde.ual.es\/wp-content\/uploads\/2017\/12\/Webminar-ordenador.jpg","type":"image\/jpeg"}],"author":"AdminCDE","twitter_card":"summary_large_image","twitter_creator":"@cdeualmeria","twitter_site":"@cdeualmeria","twitter_misc":{"Written by":"AdminCDE","Est. reading time":"1 minute"},"schema":{"@context":"https:\/\/schema.org","@graph":[{"@type":"Article","@id":"https:\/\/www.cde.ual.es\/en\/xvi-workshop-on-employment-in-the-eu-on-line\/#article","isPartOf":{"@id":"https:\/\/www.cde.ual.es\/en\/xvi-workshop-on-employment-in-the-eu-on-line\/"},"author":{"name":"AdminCDE","@id":"https:\/\/www.cde.ual.es\/#\/schema\/person\/224ef08c8bcc005f319d2713ce37ee5f"},"headline":"XVI workshop on employment in the EU (On-line)","datePublished":"2020-06-18T01:00:25+00:00","dateModified":"2021-11-23T12:01:26+00:00","mainEntityOfPage":{"@id":"https:\/\/www.cde.ual.es\/en\/xvi-workshop-on-employment-in-the-eu-on-line\/"},"wordCount":183,"commentCount":0,"publisher":{"@id":"https:\/\/www.cde.ual.es\/#organization"},"image":{"@id":"https:\/\/www.cde.ual.es\/en\/xvi-workshop-on-employment-in-the-eu-on-line\/#primaryimage"},"thumbnailUrl":"https:\/\/www.cde.ual.es\/wp-content\/uploads\/2017\/12\/Webminar-ordenador.jpg","keywords":["Employment"],"articleSection":["EU Calls and Awards","Other"],"inLanguage":"en-US","potentialAction":[{"@type":"CommentAction","name":"Comment","target":["https:\/\/www.cde.ual.es\/en\/xvi-workshop-on-employment-in-the-eu-on-line\/#respond"]}]},{"@type":"WebPage","@id":"https:\/\/www.cde.ual.es\/en\/xvi-workshop-on-employment-in-the-eu-on-line\/","url":"https:\/\/www.cde.ual.es\/en\/xvi-workshop-on-employment-in-the-eu-on-line\/","name":"XVI workshop on employment in the EU (On-line) | CDE Almer\u00eda - Centro de Documentaci\u00f3n Europea - Universidad de Almer\u00eda","isPartOf":{"@id":"https:\/\/www.cde.ual.es\/#website"},"primaryImageOfPage":{"@id":"https:\/\/www.cde.ual.es\/en\/xvi-workshop-on-employment-in-the-eu-on-line\/#primaryimage"},"image":{"@id":"https:\/\/www.cde.ual.es\/en\/xvi-workshop-on-employment-in-the-eu-on-line\/#primaryimage"},"thumbnailUrl":"https:\/\/www.cde.ual.es\/wp-content\/uploads\/2017\/12\/Webminar-ordenador.jpg","datePublished":"2020-06-18T01:00:25+00:00","dateModified":"2021-11-23T12:01:26+00:00","breadcrumb":{"@id":"https:\/\/www.cde.ual.es\/en\/xvi-workshop-on-employment-in-the-eu-on-line\/#breadcrumb"},"inLanguage":"en-US","potentialAction":[{"@type":"ReadAction","target":["https:\/\/www.cde.ual.es\/en\/xvi-workshop-on-employment-in-the-eu-on-line\/"]}]},{"@type":"ImageObject","inLanguage":"en-US","@id":"https:\/\/www.cde.ual.es\/en\/xvi-workshop-on-employment-in-the-eu-on-line\/#primaryimage","url":"https:\/\/www.cde.ual.es\/wp-content\/uploads\/2017\/12\/Webminar-ordenador.jpg","contentUrl":"https:\/\/www.cde.ual.es\/wp-content\/uploads\/2017\/12\/Webminar-ordenador.jpg","width":960,"height":640},{"@type":"BreadcrumbList","@id":"https:\/\/www.cde.ual.es\/en\/xvi-workshop-on-employment-in-the-eu-on-line\/#breadcrumb","itemListElement":[{"@type":"ListItem","position":1,"name":"Inicio","item":"https:\/\/www.cde.ual.es\/en\/"},{"@type":"ListItem","position":2,"name":"EU Calls and Awards","item":"https:\/\/www.cde.ual.es\/en\/category\/eu-calls-and-awards\/"},{"@type":"ListItem","position":3,"name":"Other","item":"https:\/\/www.cde.ual.es\/en\/category\/eu-calls-and-awards\/other\/"},{"@type":"ListItem","position":4,"name":"XVI workshop on employment in the EU (On-line)"}]},{"@type":"WebSite","@id":"https:\/\/www.cde.ual.es\/#website","url":"https:\/\/www.cde.ual.es\/","name":"CDE Almer\u00eda - Centro de Documentaci\u00f3n Europea - Universidad de Almer\u00eda","description":"Centro de Documentaci\u00f3n Europea de la Universidad de Almer\u00eda","publisher":{"@id":"https:\/\/www.cde.ual.es\/#organization"},"alternateName":"CDE Almer\u00eda","potentialAction":[{"@type":"SearchAction","target":{"@type":"EntryPoint","urlTemplate":"https:\/\/www.cde.ual.es\/?s={search_term_string}"},"query-input":{"@type":"PropertyValueSpecification","valueRequired":true,"valueName":"search_term_string"}}],"inLanguage":"en-US"},{"@type":"Organization","@id":"https:\/\/www.cde.ual.es\/#organization","name":"Centro de Documentaci\u00f3n Europea de Almer\u00eda","url":"https:\/\/www.cde.ual.es\/","logo":{"@type":"ImageObject","inLanguage":"en-US","@id":"https:\/\/www.cde.ual.es\/#\/schema\/logo\/image\/","url":"https:\/\/www.cde.ual.es\/wp-content\/uploads\/2025\/07\/cde-logo-3.png","contentUrl":"https:\/\/www.cde.ual.es\/wp-content\/uploads\/2025\/07\/cde-logo-3.png","width":1400,"height":300,"caption":"Centro de Documentaci\u00f3n Europea de Almer\u00eda"},"image":{"@id":"https:\/\/www.cde.ual.es\/#\/schema\/logo\/image\/"},"sameAs":["https:\/\/www.facebook.com\/cdeuniversidadalmeria\/","https:\/\/x.com\/cdeualmeria","https:\/\/www.tiktok.com\/@cdealmeria","https:\/\/www.instagram.com\/cdealmeria\/","https:\/\/www.linkedin.com\/in\/cde-almera-812b26a9\/"]},{"@type":"Person","@id":"https:\/\/www.cde.ual.es\/#\/schema\/person\/224ef08c8bcc005f319d2713ce37ee5f","name":"AdminCDE","image":{"@type":"ImageObject","inLanguage":"en-US","@id":"https:\/\/secure.gravatar.com\/avatar\/a72d038d371f995cd13706fac32274b7952a52e8fb0a84b5f80c85426f2a98a8?s=96&d=mm&r=g","url":"https:\/\/secure.gravatar.com\/avatar\/a72d038d371f995cd13706fac32274b7952a52e8fb0a84b5f80c85426f2a98a8?s=96&d=mm&r=g","contentUrl":"https:\/\/secure.gravatar.com\/avatar\/a72d038d371f995cd13706fac32274b7952a52e8fb0a84b5f80c85426f2a98a8?s=96&d=mm&r=g","caption":"AdminCDE"}}]}},"_links":{"self":[{"href":"https:\/\/www.cde.ual.es\/en\/wp-json\/wp\/v2\/posts\/46509","targetHints":{"allow":["GET"]}}],"collection":[{"href":"https:\/\/www.cde.ual.es\/en\/wp-json\/wp\/v2\/posts"}],"about":[{"href":"https:\/\/www.cde.ual.es\/en\/wp-json\/wp\/v2\/types\/post"}],"author":[{"embeddable":true,"href":"https:\/\/www.cde.ual.es\/en\/wp-json\/wp\/v2\/users\/1"}],"replies":[{"embeddable":true,"href":"https:\/\/www.cde.ual.es\/en\/wp-json\/wp\/v2\/comments?post=46509"}],"version-history":[{"count":0,"href":"https:\/\/www.cde.ual.es\/en\/wp-json\/wp\/v2\/posts\/46509\/revisions"}],"wp:featuredmedia":[{"embeddable":true,"href":"https:\/\/www.cde.ual.es\/en\/wp-json\/wp\/v2\/media\/25854"}],"wp:attachment":[{"href":"https:\/\/www.cde.ual.es\/en\/wp-json\/wp\/v2\/media?parent=46509"}],"wp:term":[{"taxonomy":"category","embeddable":true,"href":"https:\/\/www.cde.ual.es\/en\/wp-json\/wp\/v2\/categories?post=46509"},{"taxonomy":"post_tag","embeddable":true,"href":"https:\/\/www.cde.ual.es\/en\/wp-json\/wp\/v2\/tags?post=46509"}],"curies":[{"name":"wp","href":"https:\/\/api.w.org\/{rel}","templated":true}]}}