{"id":4588,"date":"2018-05-14T14:03:05","date_gmt":"2018-05-14T12:03:05","guid":{"rendered":"http:\/\/www.cde.ual.es\/?p=4588"},"modified":"2018-05-14T14:03:05","modified_gmt":"2018-05-14T12:03:05","slug":"practicas-en-el-parlamento-europeo","status":"publish","type":"post","link":"https:\/\/www.cde.ual.es\/en\/practicas-en-el-parlamento-europeo\/","title":{"rendered":"Pr\u00e1cticas en el Parlamento Europeo"},"content":{"rendered":"<p><a href=\"http:\/\/www.cde.ual.es\/wp-content\/uploads\/2014\/11\/parlamento-europeo-e1417198733757.jpg\"><img decoding=\"async\" class=\"size-medium wp-image-177 aligncenter\" src=\"http:\/\/www.cde.ual.es\/wp-content\/uploads\/2014\/11\/parlamento-europeo-300x300.jpg\" alt=\"\" width=\"300\" height=\"300\" \/><\/a><\/p>\n<h2 style=\"text-align: center;\">Pr\u00e1cticas en el Parlamento Europeo<\/h2>\n<p>En su deseo de contribuir a la formaci\u00f3n profesional de los ciudadanos y de permitirles aprender m\u00e1s acerca de qu\u00e9 es y qu\u00e9 hace el Parlamento Europeo, este ofrece varias modalidades de per\u00edodos de pr\u00e1cticas y visitas de estudios en el seno de su Secretar\u00eda. En sus distintas modalidades:<\/p>\n<ul>\n<li><strong>Per\u00edodos de pr\u00e1cticas para titulados universitarios (llamados becas Robert Schuman):\u00a0<\/strong>\u00a0Las pr\u00e1cticas para titulados universitarios tienen por objeto permitirles completar los conocimientos adquiridos durante sus estudios y familiarizarse con la actividad de la Uni\u00f3n Europea y, en particular, del Parlamento Europeo.<\/li>\n<li><strong>\u00a0Periodos de pr\u00e1cticas de traducci\u00f3n para titulados universitarios:<\/strong> Estos periodos de pr\u00e1cticas est\u00e1n reservados a los titulados universitarios o de centros asimilados. Tienen por objeto permitirles completar los conocimientos adquiridos durante sus estudios y familiarizarse con la actividad de la Uni\u00f3n Europea y, en particular, del Parlamento Europeo.<\/li>\n<li><strong>Periodos de pr\u00e1cticas de formaci\u00f3n en traducci\u00f3n :<\/strong>\u00a0El Parlamento Europeo ofrece la oportunidad de realizar pr\u00e1cticas de formaci\u00f3n en traducci\u00f3n a los candidatos que, antes de la fecha l\u00edmite para la presentaci\u00f3n de las candidaturas, hayan obtenido un certificado de estudios secundarios correspondiente al nivel requerido para el ingreso a la universidad o hayan seguido estudios superiores o t\u00e9cnicos de un nivel equivalente. Estas pr\u00e1cticas est\u00e1n destinadas, en particular, a los j\u00f3venes que deben realizar un per\u00edodo de formaci\u00f3n como parte de su plan de estudios, siempre que hayan cumplido 18 a\u00f1os el d\u00eda de comienzo de las pr\u00e1cticas.<\/li>\n<li><strong>Int\u00e9rpretes de conferencias:\u00a0\u00a0<\/strong>La Direcci\u00f3n General de Log\u00edstica e Interpretaci\u00f3n de Conferencias del Parlamento Europeo no ofrece formaci\u00f3n b\u00e1sica a ling\u00fcistas que deseen especializarse en la interpretaci\u00f3n de conferencias, dado que, en el marco de la subsidiariedad, dicha formaci\u00f3n es de competencia de las autoridades nacionales de cada Estado miembro.Si ya cuenta con una titulaci\u00f3n en interpretaci\u00f3n de conferencias y su combinaci\u00f3n ling\u00fc\u00edstica es \u00fatil para la instituci\u00f3n, solicite realizar una prueba de acreditaci\u00f3n o participar en un concurso general (consulte Interpretar para Europa).<\/li>\n<\/ul>\n<p>&nbsp;<\/p>\n<p>CONOCE LOS DETALLES DE LOS PLAZOS DE CONVOCATORIAS Y REQUISITOS EN EL SIGUIENTE ENLACE:\u00a0<a href=\"http:\/\/www.europarl.europa.eu\/atyourservice\/es\/20150201PVL00047\/Traineeships\">P\u00e1gina Web Oficial<\/a><\/p>\n","protected":false},"excerpt":{"rendered":"<p>Pr\u00e1cticas en el Parlamento Europeo En su deseo de contribuir a la formaci\u00f3n profesional de los ciudadanos y de permitirles aprender m\u00e1s acerca de qu\u00e9 es y qu\u00e9 hace el Parlamento Europeo, este ofrece varias modalidades de per\u00edodos de pr\u00e1cticas y visitas de estudios en el seno de su Secretar\u00eda. En sus distintas modalidades: Per\u00edodos [&hellip;]<\/p>\n","protected":false},"author":1,"featured_media":177,"comment_status":"open","ping_status":"open","sticky":false,"template":"","format":"standard","meta":{"_acf_changed":false,"_relevanssi_hide_post":"","_relevanssi_hide_content":"","_relevanssi_pin_for_all":"","_relevanssi_pin_keywords":"","_relevanssi_unpin_keywords":"","_relevanssi_related_keywords":"","_relevanssi_related_include_ids":"","_relevanssi_related_exclude_ids":"","_relevanssi_related_no_append":"","_relevanssi_related_not_related":"","_relevanssi_related_posts":"","_relevanssi_noindex_reason":"","_monsterinsights_skip_tracking":false,"_monsterinsights_sitenote_active":false,"_monsterinsights_sitenote_note":"","_monsterinsights_sitenote_category":0,"_genesis_hide_title":false,"_genesis_hide_breadcrumbs":false,"_genesis_hide_singular_image":false,"_genesis_hide_footer_widgets":false,"_genesis_custom_body_class":"","_genesis_custom_post_class":"","_genesis_layout":"","footnotes":""},"categories":[96],"tags":[139,138,126],"class_list":{"0":"post-4588","1":"post","2":"type-post","3":"status-publish","4":"format-standard","5":"has-post-thumbnail","7":"category-noticias-ue","8":"tag-convocatorias","9":"tag-empleo","10":"tag-competitividad-empresa","11":"entry"},"acf":[],"yoast_head":"<!-- This site is optimized with the Yoast SEO plugin v27.4 - https:\/\/yoast.com\/product\/yoast-seo-wordpress\/ -->\n<title>Pr\u00e1cticas en el Parlamento Europeo | CDE Almer\u00eda - Centro de Documentaci\u00f3n Europea - Universidad de Almer\u00eda<\/title>\n<meta name=\"robots\" content=\"index, follow, max-snippet:-1, max-image-preview:large, max-video-preview:-1\" \/>\n<link rel=\"canonical\" href=\"https:\/\/www.cde.ual.es\/en\/practicas-en-el-parlamento-europeo\/\" \/>\n<meta property=\"og:locale\" content=\"en_US\" \/>\n<meta property=\"og:type\" content=\"article\" \/>\n<meta property=\"og:title\" content=\"Pr\u00e1cticas en el Parlamento Europeo | CDE Almer\u00eda - Centro de Documentaci\u00f3n Europea - Universidad de Almer\u00eda\" \/>\n<meta property=\"og:description\" content=\"Pr\u00e1cticas en el Parlamento Europeo En su deseo de contribuir a la formaci\u00f3n profesional de los ciudadanos y de permitirles aprender m\u00e1s acerca de qu\u00e9 es y qu\u00e9 hace el Parlamento Europeo, este ofrece varias modalidades de per\u00edodos de pr\u00e1cticas y visitas de estudios en el seno de su Secretar\u00eda. En sus distintas modalidades: Per\u00edodos [&hellip;]\" \/>\n<meta property=\"og:url\" content=\"https:\/\/www.cde.ual.es\/en\/practicas-en-el-parlamento-europeo\/\" \/>\n<meta property=\"og:site_name\" content=\"CDE Almer\u00eda - Centro de Documentaci\u00f3n Europea - Universidad de Almer\u00eda\" \/>\n<meta property=\"article:publisher\" content=\"https:\/\/www.facebook.com\/cdeuniversidadalmeria\/\" \/>\n<meta property=\"article:published_time\" content=\"2018-05-14T12:03:05+00:00\" \/>\n<meta property=\"og:image\" content=\"https:\/\/www.cde.ual.es\/wp-content\/uploads\/2014\/11\/parlamento-europeo-e1417198733757.jpg\" \/>\n\t<meta property=\"og:image:width\" content=\"800\" \/>\n\t<meta property=\"og:image:height\" content=\"535\" \/>\n\t<meta property=\"og:image:type\" content=\"image\/jpeg\" \/>\n<meta name=\"author\" content=\"AdminCDE\" \/>\n<meta name=\"twitter:card\" content=\"summary_large_image\" \/>\n<meta name=\"twitter:creator\" content=\"@cdeualmeria\" \/>\n<meta name=\"twitter:site\" content=\"@cdeualmeria\" \/>\n<meta name=\"twitter:label1\" content=\"Written by\" \/>\n\t<meta name=\"twitter:data1\" content=\"AdminCDE\" \/>\n\t<meta name=\"twitter:label2\" content=\"Est. reading time\" \/>\n\t<meta name=\"twitter:data2\" content=\"2 minutes\" \/>\n<script type=\"application\/ld+json\" class=\"yoast-schema-graph\">{\"@context\":\"https:\\\/\\\/schema.org\",\"@graph\":[{\"@type\":\"Article\",\"@id\":\"https:\\\/\\\/www.cde.ual.es\\\/en\\\/practicas-en-el-parlamento-europeo\\\/#article\",\"isPartOf\":{\"@id\":\"https:\\\/\\\/www.cde.ual.es\\\/en\\\/practicas-en-el-parlamento-europeo\\\/\"},\"author\":{\"name\":\"AdminCDE\",\"@id\":\"https:\\\/\\\/www.cde.ual.es\\\/#\\\/schema\\\/person\\\/224ef08c8bcc005f319d2713ce37ee5f\"},\"headline\":\"Pr\u00e1cticas en el Parlamento Europeo\",\"datePublished\":\"2018-05-14T12:03:05+00:00\",\"mainEntityOfPage\":{\"@id\":\"https:\\\/\\\/www.cde.ual.es\\\/en\\\/practicas-en-el-parlamento-europeo\\\/\"},\"wordCount\":398,\"commentCount\":0,\"publisher\":{\"@id\":\"https:\\\/\\\/www.cde.ual.es\\\/#organization\"},\"image\":{\"@id\":\"https:\\\/\\\/www.cde.ual.es\\\/en\\\/practicas-en-el-parlamento-europeo\\\/#primaryimage\"},\"thumbnailUrl\":\"https:\\\/\\\/www.cde.ual.es\\\/wp-content\\\/uploads\\\/2014\\\/11\\\/parlamento-europeo-e1417198733757.jpg\",\"keywords\":[\"Convocatorias\",\"Empleo\",\"Mercado en la Uni\u00f3n Europea\"],\"articleSection\":[\"Noticias UE\"],\"inLanguage\":\"en-US\",\"potentialAction\":[{\"@type\":\"CommentAction\",\"name\":\"Comment\",\"target\":[\"https:\\\/\\\/www.cde.ual.es\\\/en\\\/practicas-en-el-parlamento-europeo\\\/#respond\"]}]},{\"@type\":\"WebPage\",\"@id\":\"https:\\\/\\\/www.cde.ual.es\\\/en\\\/practicas-en-el-parlamento-europeo\\\/\",\"url\":\"https:\\\/\\\/www.cde.ual.es\\\/en\\\/practicas-en-el-parlamento-europeo\\\/\",\"name\":\"Pr\u00e1cticas en el Parlamento Europeo | CDE Almer\u00eda - Centro de Documentaci\u00f3n Europea - Universidad de Almer\u00eda\",\"isPartOf\":{\"@id\":\"https:\\\/\\\/www.cde.ual.es\\\/#website\"},\"primaryImageOfPage\":{\"@id\":\"https:\\\/\\\/www.cde.ual.es\\\/en\\\/practicas-en-el-parlamento-europeo\\\/#primaryimage\"},\"image\":{\"@id\":\"https:\\\/\\\/www.cde.ual.es\\\/en\\\/practicas-en-el-parlamento-europeo\\\/#primaryimage\"},\"thumbnailUrl\":\"https:\\\/\\\/www.cde.ual.es\\\/wp-content\\\/uploads\\\/2014\\\/11\\\/parlamento-europeo-e1417198733757.jpg\",\"datePublished\":\"2018-05-14T12:03:05+00:00\",\"breadcrumb\":{\"@id\":\"https:\\\/\\\/www.cde.ual.es\\\/en\\\/practicas-en-el-parlamento-europeo\\\/#breadcrumb\"},\"inLanguage\":\"en-US\",\"potentialAction\":[{\"@type\":\"ReadAction\",\"target\":[\"https:\\\/\\\/www.cde.ual.es\\\/en\\\/practicas-en-el-parlamento-europeo\\\/\"]}]},{\"@type\":\"ImageObject\",\"inLanguage\":\"en-US\",\"@id\":\"https:\\\/\\\/www.cde.ual.es\\\/en\\\/practicas-en-el-parlamento-europeo\\\/#primaryimage\",\"url\":\"https:\\\/\\\/www.cde.ual.es\\\/wp-content\\\/uploads\\\/2014\\\/11\\\/parlamento-europeo-e1417198733757.jpg\",\"contentUrl\":\"https:\\\/\\\/www.cde.ual.es\\\/wp-content\\\/uploads\\\/2014\\\/11\\\/parlamento-europeo-e1417198733757.jpg\",\"width\":800,\"height\":535},{\"@type\":\"BreadcrumbList\",\"@id\":\"https:\\\/\\\/www.cde.ual.es\\\/en\\\/practicas-en-el-parlamento-europeo\\\/#breadcrumb\",\"itemListElement\":[{\"@type\":\"ListItem\",\"position\":1,\"name\":\"Inicio\",\"item\":\"https:\\\/\\\/www.cde.ual.es\\\/en\\\/\"},{\"@type\":\"ListItem\",\"position\":2,\"name\":\"EU News\",\"item\":\"https:\\\/\\\/www.cde.ual.es\\\/en\\\/category\\\/eu-news\\\/\"},{\"@type\":\"ListItem\",\"position\":3,\"name\":\"Pr\u00e1cticas en el Parlamento Europeo\"}]},{\"@type\":\"WebSite\",\"@id\":\"https:\\\/\\\/www.cde.ual.es\\\/#website\",\"url\":\"https:\\\/\\\/www.cde.ual.es\\\/\",\"name\":\"CDE Almer\u00eda - Centro de Documentaci\u00f3n Europea - Universidad de Almer\u00eda\",\"description\":\"Centro de Documentaci\u00f3n Europea de la Universidad de Almer\u00eda\",\"publisher\":{\"@id\":\"https:\\\/\\\/www.cde.ual.es\\\/#organization\"},\"alternateName\":\"CDE Almer\u00eda\",\"potentialAction\":[{\"@type\":\"SearchAction\",\"target\":{\"@type\":\"EntryPoint\",\"urlTemplate\":\"https:\\\/\\\/www.cde.ual.es\\\/?s={search_term_string}\"},\"query-input\":{\"@type\":\"PropertyValueSpecification\",\"valueRequired\":true,\"valueName\":\"search_term_string\"}}],\"inLanguage\":\"en-US\"},{\"@type\":\"Organization\",\"@id\":\"https:\\\/\\\/www.cde.ual.es\\\/#organization\",\"name\":\"Centro de Documentaci\u00f3n Europea de Almer\u00eda\",\"url\":\"https:\\\/\\\/www.cde.ual.es\\\/\",\"logo\":{\"@type\":\"ImageObject\",\"inLanguage\":\"en-US\",\"@id\":\"https:\\\/\\\/www.cde.ual.es\\\/#\\\/schema\\\/logo\\\/image\\\/\",\"url\":\"https:\\\/\\\/www.cde.ual.es\\\/wp-content\\\/uploads\\\/2025\\\/07\\\/cde-logo-3.png\",\"contentUrl\":\"https:\\\/\\\/www.cde.ual.es\\\/wp-content\\\/uploads\\\/2025\\\/07\\\/cde-logo-3.png\",\"width\":1400,\"height\":300,\"caption\":\"Centro de Documentaci\u00f3n Europea de Almer\u00eda\"},\"image\":{\"@id\":\"https:\\\/\\\/www.cde.ual.es\\\/#\\\/schema\\\/logo\\\/image\\\/\"},\"sameAs\":[\"https:\\\/\\\/www.facebook.com\\\/cdeuniversidadalmeria\\\/\",\"https:\\\/\\\/x.com\\\/cdeualmeria\",\"https:\\\/\\\/www.tiktok.com\\\/@cdealmeria\",\"https:\\\/\\\/www.instagram.com\\\/cdealmeria\\\/\",\"https:\\\/\\\/www.linkedin.com\\\/in\\\/cde-almera-812b26a9\\\/\"]},{\"@type\":\"Person\",\"@id\":\"https:\\\/\\\/www.cde.ual.es\\\/#\\\/schema\\\/person\\\/224ef08c8bcc005f319d2713ce37ee5f\",\"name\":\"AdminCDE\",\"image\":{\"@type\":\"ImageObject\",\"inLanguage\":\"en-US\",\"@id\":\"https:\\\/\\\/secure.gravatar.com\\\/avatar\\\/a72d038d371f995cd13706fac32274b7952a52e8fb0a84b5f80c85426f2a98a8?s=96&d=mm&r=g\",\"url\":\"https:\\\/\\\/secure.gravatar.com\\\/avatar\\\/a72d038d371f995cd13706fac32274b7952a52e8fb0a84b5f80c85426f2a98a8?s=96&d=mm&r=g\",\"contentUrl\":\"https:\\\/\\\/secure.gravatar.com\\\/avatar\\\/a72d038d371f995cd13706fac32274b7952a52e8fb0a84b5f80c85426f2a98a8?s=96&d=mm&r=g\",\"caption\":\"AdminCDE\"}}]}<\/script>\n<!-- \/ Yoast SEO plugin. -->","yoast_head_json":{"title":"Pr\u00e1cticas en el Parlamento Europeo | CDE Almer\u00eda - Centro de Documentaci\u00f3n Europea - Universidad de Almer\u00eda","robots":{"index":"index","follow":"follow","max-snippet":"max-snippet:-1","max-image-preview":"max-image-preview:large","max-video-preview":"max-video-preview:-1"},"canonical":"https:\/\/www.cde.ual.es\/en\/practicas-en-el-parlamento-europeo\/","og_locale":"en_US","og_type":"article","og_title":"Pr\u00e1cticas en el Parlamento Europeo | CDE Almer\u00eda - Centro de Documentaci\u00f3n Europea - Universidad de Almer\u00eda","og_description":"Pr\u00e1cticas en el Parlamento Europeo En su deseo de contribuir a la formaci\u00f3n profesional de los ciudadanos y de permitirles aprender m\u00e1s acerca de qu\u00e9 es y qu\u00e9 hace el Parlamento Europeo, este ofrece varias modalidades de per\u00edodos de pr\u00e1cticas y visitas de estudios en el seno de su Secretar\u00eda. En sus distintas modalidades: Per\u00edodos [&hellip;]","og_url":"https:\/\/www.cde.ual.es\/en\/practicas-en-el-parlamento-europeo\/","og_site_name":"CDE Almer\u00eda - Centro de Documentaci\u00f3n Europea - Universidad de Almer\u00eda","article_publisher":"https:\/\/www.facebook.com\/cdeuniversidadalmeria\/","article_published_time":"2018-05-14T12:03:05+00:00","og_image":[{"width":800,"height":535,"url":"https:\/\/www.cde.ual.es\/wp-content\/uploads\/2014\/11\/parlamento-europeo-e1417198733757.jpg","type":"image\/jpeg"}],"author":"AdminCDE","twitter_card":"summary_large_image","twitter_creator":"@cdeualmeria","twitter_site":"@cdeualmeria","twitter_misc":{"Written by":"AdminCDE","Est. reading time":"2 minutes"},"schema":{"@context":"https:\/\/schema.org","@graph":[{"@type":"Article","@id":"https:\/\/www.cde.ual.es\/en\/practicas-en-el-parlamento-europeo\/#article","isPartOf":{"@id":"https:\/\/www.cde.ual.es\/en\/practicas-en-el-parlamento-europeo\/"},"author":{"name":"AdminCDE","@id":"https:\/\/www.cde.ual.es\/#\/schema\/person\/224ef08c8bcc005f319d2713ce37ee5f"},"headline":"Pr\u00e1cticas en el Parlamento Europeo","datePublished":"2018-05-14T12:03:05+00:00","mainEntityOfPage":{"@id":"https:\/\/www.cde.ual.es\/en\/practicas-en-el-parlamento-europeo\/"},"wordCount":398,"commentCount":0,"publisher":{"@id":"https:\/\/www.cde.ual.es\/#organization"},"image":{"@id":"https:\/\/www.cde.ual.es\/en\/practicas-en-el-parlamento-europeo\/#primaryimage"},"thumbnailUrl":"https:\/\/www.cde.ual.es\/wp-content\/uploads\/2014\/11\/parlamento-europeo-e1417198733757.jpg","keywords":["Convocatorias","Empleo","Mercado en la Uni\u00f3n Europea"],"articleSection":["Noticias UE"],"inLanguage":"en-US","potentialAction":[{"@type":"CommentAction","name":"Comment","target":["https:\/\/www.cde.ual.es\/en\/practicas-en-el-parlamento-europeo\/#respond"]}]},{"@type":"WebPage","@id":"https:\/\/www.cde.ual.es\/en\/practicas-en-el-parlamento-europeo\/","url":"https:\/\/www.cde.ual.es\/en\/practicas-en-el-parlamento-europeo\/","name":"Pr\u00e1cticas en el Parlamento Europeo | CDE Almer\u00eda - Centro de Documentaci\u00f3n Europea - Universidad de Almer\u00eda","isPartOf":{"@id":"https:\/\/www.cde.ual.es\/#website"},"primaryImageOfPage":{"@id":"https:\/\/www.cde.ual.es\/en\/practicas-en-el-parlamento-europeo\/#primaryimage"},"image":{"@id":"https:\/\/www.cde.ual.es\/en\/practicas-en-el-parlamento-europeo\/#primaryimage"},"thumbnailUrl":"https:\/\/www.cde.ual.es\/wp-content\/uploads\/2014\/11\/parlamento-europeo-e1417198733757.jpg","datePublished":"2018-05-14T12:03:05+00:00","breadcrumb":{"@id":"https:\/\/www.cde.ual.es\/en\/practicas-en-el-parlamento-europeo\/#breadcrumb"},"inLanguage":"en-US","potentialAction":[{"@type":"ReadAction","target":["https:\/\/www.cde.ual.es\/en\/practicas-en-el-parlamento-europeo\/"]}]},{"@type":"ImageObject","inLanguage":"en-US","@id":"https:\/\/www.cde.ual.es\/en\/practicas-en-el-parlamento-europeo\/#primaryimage","url":"https:\/\/www.cde.ual.es\/wp-content\/uploads\/2014\/11\/parlamento-europeo-e1417198733757.jpg","contentUrl":"https:\/\/www.cde.ual.es\/wp-content\/uploads\/2014\/11\/parlamento-europeo-e1417198733757.jpg","width":800,"height":535},{"@type":"BreadcrumbList","@id":"https:\/\/www.cde.ual.es\/en\/practicas-en-el-parlamento-europeo\/#breadcrumb","itemListElement":[{"@type":"ListItem","position":1,"name":"Inicio","item":"https:\/\/www.cde.ual.es\/en\/"},{"@type":"ListItem","position":2,"name":"EU News","item":"https:\/\/www.cde.ual.es\/en\/category\/eu-news\/"},{"@type":"ListItem","position":3,"name":"Pr\u00e1cticas en el Parlamento Europeo"}]},{"@type":"WebSite","@id":"https:\/\/www.cde.ual.es\/#website","url":"https:\/\/www.cde.ual.es\/","name":"CDE Almer\u00eda - Centro de Documentaci\u00f3n Europea - Universidad de Almer\u00eda","description":"Centro de Documentaci\u00f3n Europea de la Universidad de Almer\u00eda","publisher":{"@id":"https:\/\/www.cde.ual.es\/#organization"},"alternateName":"CDE Almer\u00eda","potentialAction":[{"@type":"SearchAction","target":{"@type":"EntryPoint","urlTemplate":"https:\/\/www.cde.ual.es\/?s={search_term_string}"},"query-input":{"@type":"PropertyValueSpecification","valueRequired":true,"valueName":"search_term_string"}}],"inLanguage":"en-US"},{"@type":"Organization","@id":"https:\/\/www.cde.ual.es\/#organization","name":"Centro de Documentaci\u00f3n Europea de Almer\u00eda","url":"https:\/\/www.cde.ual.es\/","logo":{"@type":"ImageObject","inLanguage":"en-US","@id":"https:\/\/www.cde.ual.es\/#\/schema\/logo\/image\/","url":"https:\/\/www.cde.ual.es\/wp-content\/uploads\/2025\/07\/cde-logo-3.png","contentUrl":"https:\/\/www.cde.ual.es\/wp-content\/uploads\/2025\/07\/cde-logo-3.png","width":1400,"height":300,"caption":"Centro de Documentaci\u00f3n Europea de Almer\u00eda"},"image":{"@id":"https:\/\/www.cde.ual.es\/#\/schema\/logo\/image\/"},"sameAs":["https:\/\/www.facebook.com\/cdeuniversidadalmeria\/","https:\/\/x.com\/cdeualmeria","https:\/\/www.tiktok.com\/@cdealmeria","https:\/\/www.instagram.com\/cdealmeria\/","https:\/\/www.linkedin.com\/in\/cde-almera-812b26a9\/"]},{"@type":"Person","@id":"https:\/\/www.cde.ual.es\/#\/schema\/person\/224ef08c8bcc005f319d2713ce37ee5f","name":"AdminCDE","image":{"@type":"ImageObject","inLanguage":"en-US","@id":"https:\/\/secure.gravatar.com\/avatar\/a72d038d371f995cd13706fac32274b7952a52e8fb0a84b5f80c85426f2a98a8?s=96&d=mm&r=g","url":"https:\/\/secure.gravatar.com\/avatar\/a72d038d371f995cd13706fac32274b7952a52e8fb0a84b5f80c85426f2a98a8?s=96&d=mm&r=g","contentUrl":"https:\/\/secure.gravatar.com\/avatar\/a72d038d371f995cd13706fac32274b7952a52e8fb0a84b5f80c85426f2a98a8?s=96&d=mm&r=g","caption":"AdminCDE"}}]}},"_links":{"self":[{"href":"https:\/\/www.cde.ual.es\/en\/wp-json\/wp\/v2\/posts\/4588","targetHints":{"allow":["GET"]}}],"collection":[{"href":"https:\/\/www.cde.ual.es\/en\/wp-json\/wp\/v2\/posts"}],"about":[{"href":"https:\/\/www.cde.ual.es\/en\/wp-json\/wp\/v2\/types\/post"}],"author":[{"embeddable":true,"href":"https:\/\/www.cde.ual.es\/en\/wp-json\/wp\/v2\/users\/1"}],"replies":[{"embeddable":true,"href":"https:\/\/www.cde.ual.es\/en\/wp-json\/wp\/v2\/comments?post=4588"}],"version-history":[{"count":0,"href":"https:\/\/www.cde.ual.es\/en\/wp-json\/wp\/v2\/posts\/4588\/revisions"}],"wp:featuredmedia":[{"embeddable":true,"href":"https:\/\/www.cde.ual.es\/en\/wp-json\/wp\/v2\/media\/177"}],"wp:attachment":[{"href":"https:\/\/www.cde.ual.es\/en\/wp-json\/wp\/v2\/media?parent=4588"}],"wp:term":[{"taxonomy":"category","embeddable":true,"href":"https:\/\/www.cde.ual.es\/en\/wp-json\/wp\/v2\/categories?post=4588"},{"taxonomy":"post_tag","embeddable":true,"href":"https:\/\/www.cde.ual.es\/en\/wp-json\/wp\/v2\/tags?post=4588"}],"curies":[{"name":"wp","href":"https:\/\/api.w.org\/{rel}","templated":true}]}}