{"id":45565,"date":"2020-06-09T03:00:16","date_gmt":"2020-06-09T01:00:16","guid":{"rendered":"https:\/\/www.cde.ual.es\/?p=45565"},"modified":"2021-11-23T14:08:45","modified_gmt":"2021-11-23T13:08:45","slug":"returning-to-free-movement-across-borders-is-of-utmost-importance","status":"publish","type":"post","link":"https:\/\/www.cde.ual.es\/en\/returning-to-free-movement-across-borders-is-of-utmost-importance\/","title":{"rendered":"Returning to free movement across borders is of utmost importance"},"content":{"rendered":"<div class=\"ep_gridcolumn ep-m_product\" data-view1200=\"6\" data-view1020=\"6\" data-view750=\"10\" data-view640=\"6\" data-view480=\"8\" data-view320=\"4\">\n<div class=\"ep_gridcolumn-content\">\n<div class=\"ep-a_text ep-layout_chapo\">\n<p><strong>A swift return to a fully functional Schengen area is needed to safeguard freedom of movement and ensure the EU\u2019s economic recovery, says the Civil Liberties Committee.<\/strong><\/p>\n<p><a href=\"https:\/\/www.cde.ual.es\/wp-content\/uploads\/2020\/06\/globe-3383088_1920.jpg\"><img decoding=\"async\" class=\"aligncenter wp-image-45567 \" src=\"https:\/\/www.cde.ual.es\/wp-content\/uploads\/2020\/06\/globe-3383088_1920-300x200.jpg\" alt=\"\" width=\"479\" height=\"319\" srcset=\"https:\/\/www.cde.ual.es\/wp-content\/uploads\/2020\/06\/globe-3383088_1920-300x200.jpg 300w, https:\/\/www.cde.ual.es\/wp-content\/uploads\/2020\/06\/globe-3383088_1920-1024x683.jpg 1024w, https:\/\/www.cde.ual.es\/wp-content\/uploads\/2020\/06\/globe-3383088_1920-768x512.jpg 768w, https:\/\/www.cde.ual.es\/wp-content\/uploads\/2020\/06\/globe-3383088_1920-1536x1024.jpg 1536w, https:\/\/www.cde.ual.es\/wp-content\/uploads\/2020\/06\/globe-3383088_1920.jpg 1920w\" sizes=\"(max-width: 479px) 100vw, 479px\" \/><\/a><\/p>\n<\/div>\n<\/div>\n<\/div>\n<div class=\"ep_gridcolumn ep-m_product\" data-view1200=\"6\" data-view1020=\"6\" data-view750=\"10\" data-view640=\"6\" data-view480=\"8\" data-view320=\"4\">\n<div class=\"ep_gridcolumn-content\">\n<div class=\"ep-a_text\">\n<p class=\"ep-wysiwig_paragraph\">Civil Liberties Committee MEPs express their concern about the current situation of\u00a0internal border controls in the Schengen area\u00a0and their impact on people and businesses, in\u00a0a resolution\u00a0adopted on Thursday by 53 votes in favour, 6 against and 6 abstentions.<\/p>\n<p class=\"ep-wysiwig_paragraph\">They stress that a swift and coordinated return to a fully functional Schengen area is of utmost importance to safeguard freedom of movement, one of the main achievements of European integration, and to ensure the EU\u2019s economic recovery after the pandemic.<\/p>\n<p class=\"ep-wysiwig_paragraph\">While demanding that member states reduce restrictions on the freedom of movement to the same extent that COVID-19 containment measures are being relaxed, MEPs suggest that a regional approach may be more proportionate than national border controls. Restrictions on freedom of movement could be lifted where the public health situation in neighbouring regions has comparably improved.<\/p>\n<p class=\"ep-wysiwig_paragraph\">MEPs also urgently call for a debate on setting up a Recovery Plan for Schengen and the ways and means to return to a fully functioning Schengen area as quickly as possible, to prevent temporary internal border controls from becoming semi-permanent. The plan should also include contingency plans in case of a potential second wave.<\/p>\n<p class=\"ep-wysiwig_paragraph\">Civil Liberties Committee Chair and rapporteur\u00a0Juan Fernando L\u00f3pez Aguilar\u00a0(S&amp;D, ES) said: \u201cFor the vast majority of EU citizens, the Schengen area constitutes one of the greatest achievements in the history of the EU, and it has never before experienced the outbreak of such a serious pandemic on its territory. I strongly deplore any unilateral or disproportionate measures by individual Member States to impose border restrictions upon other Member States without communication or a clear and limited timeframe. All actions meant to restore a fully operational Schengen area must be coordinated at EU level and fully respect the principle of non-discrimination\u201d.<\/p>\n<h3 class=\"ep-wysiwig_paragraph\">Future of Schengen: new governance and enlargements<\/h3>\n<p class=\"ep-wysiwig_paragraph\">In the medium-term, MEPs stress that a reflection on how to enhance mutual trust between member states and ensure a truly European governance of the Schengen area is needed. In light of new challenges, they call on the Commission to propose a reform of Schengen governance.<\/p>\n<p class=\"ep-wysiwig_paragraph\">MEPs also ask in their resolution for the Council and member states to increase their efforts in Schengen integration and take the necessary steps to admit Bulgaria, Romania and Croatia into Schengen. Except for these three countries, Cyprus and Ireland, all EU countries are part of the Schengen area. Of non-EU states, Iceland, Norway, Switzerland and Liechtenstein have joined Schengen.<\/p>\n<h3>More information<\/h3>\n<p><a href=\"https:\/\/www.europarl.europa.eu\/news\/en\/press-room\/20200604IPR80501\/returning-to-free-movement-across-borders-is-of-utmost-importance\">European Parliament<\/a><\/p>\n<\/div>\n<\/div>\n<\/div>\n","protected":false},"excerpt":{"rendered":"<p>A swift return to a fully functional Schengen area is needed to safeguard freedom of movement and ensure the EU\u2019s economic recovery, says the Civil Liberties Committee. Civil Liberties Committee MEPs express their concern about the current situation of\u00a0internal border controls in the Schengen area\u00a0and their impact on people and businesses, in\u00a0a resolution\u00a0adopted on Thursday [&hellip;]<\/p>\n","protected":false},"author":101011,"featured_media":45567,"comment_status":"open","ping_status":"open","sticky":false,"template":"","format":"standard","meta":{"_acf_changed":false,"_relevanssi_hide_post":"","_relevanssi_hide_content":"","_relevanssi_pin_for_all":"","_relevanssi_pin_keywords":"","_relevanssi_unpin_keywords":"","_relevanssi_related_keywords":"","_relevanssi_related_include_ids":"","_relevanssi_related_exclude_ids":"","_relevanssi_related_no_append":"","_relevanssi_related_not_related":"","_relevanssi_related_posts":"","_relevanssi_noindex_reason":"","_monsterinsights_skip_tracking":false,"_monsterinsights_sitenote_active":false,"_monsterinsights_sitenote_note":"","_monsterinsights_sitenote_category":0,"_genesis_hide_title":false,"_genesis_hide_breadcrumbs":false,"_genesis_hide_singular_image":false,"_genesis_hide_footer_widgets":false,"_genesis_custom_body_class":"","_genesis_custom_post_class":"","_genesis_layout":"","footnotes":""},"categories":[346,4064,4066],"tags":[1852,779,1853],"class_list":{"0":"post-45565","1":"post","2":"type-post","3":"status-publish","4":"format-standard","5":"has-post-thumbnail","7":"category-eu-news","8":"category-institutional","9":"category-state-members","10":"tag-borders","11":"tag-eu-en","12":"tag-free-movement","13":"entry"},"acf":[],"yoast_head":"<!-- This site is optimized with the Yoast SEO plugin v27.5 - https:\/\/yoast.com\/product\/yoast-seo-wordpress\/ -->\n<title>Returning to free movement across borders is of utmost importance | CDE Almer\u00eda - Centro de Documentaci\u00f3n Europea - Universidad de Almer\u00eda<\/title>\n<meta name=\"robots\" content=\"index, follow, max-snippet:-1, max-image-preview:large, max-video-preview:-1\" \/>\n<link rel=\"canonical\" href=\"https:\/\/www.cde.ual.es\/en\/returning-to-free-movement-across-borders-is-of-utmost-importance\/\" \/>\n<meta property=\"og:locale\" content=\"en_US\" \/>\n<meta property=\"og:type\" content=\"article\" \/>\n<meta property=\"og:title\" content=\"Returning to free movement across borders is of utmost importance | CDE Almer\u00eda - Centro de Documentaci\u00f3n Europea - Universidad de Almer\u00eda\" \/>\n<meta property=\"og:description\" content=\"A swift return to a fully functional Schengen area is needed to safeguard freedom of movement and ensure the EU\u2019s economic recovery, says the Civil Liberties Committee. Civil Liberties Committee MEPs express their concern about the current situation of\u00a0internal border controls in the Schengen area\u00a0and their impact on people and businesses, in\u00a0a resolution\u00a0adopted on Thursday [&hellip;]\" \/>\n<meta property=\"og:url\" content=\"https:\/\/www.cde.ual.es\/en\/returning-to-free-movement-across-borders-is-of-utmost-importance\/\" \/>\n<meta property=\"og:site_name\" content=\"CDE Almer\u00eda - Centro de Documentaci\u00f3n Europea - Universidad de Almer\u00eda\" \/>\n<meta property=\"article:publisher\" content=\"https:\/\/www.facebook.com\/cdeuniversidadalmeria\/\" \/>\n<meta property=\"article:published_time\" content=\"2020-06-09T01:00:16+00:00\" \/>\n<meta property=\"article:modified_time\" content=\"2021-11-23T13:08:45+00:00\" \/>\n<meta property=\"og:image\" content=\"https:\/\/www.cde.ual.es\/wp-content\/uploads\/2020\/06\/globe-3383088_1920.jpg\" \/>\n\t<meta property=\"og:image:width\" content=\"1920\" \/>\n\t<meta property=\"og:image:height\" content=\"1280\" \/>\n\t<meta property=\"og:image:type\" content=\"image\/jpeg\" \/>\n<meta name=\"author\" content=\"BECA 2 CDE\" \/>\n<meta name=\"twitter:card\" content=\"summary_large_image\" \/>\n<meta name=\"twitter:creator\" content=\"@cdeualmeria\" \/>\n<meta name=\"twitter:site\" content=\"@cdeualmeria\" \/>\n<meta name=\"twitter:label1\" content=\"Written by\" \/>\n\t<meta name=\"twitter:data1\" content=\"BECA 2 CDE\" \/>\n\t<meta name=\"twitter:label2\" content=\"Est. reading time\" \/>\n\t<meta name=\"twitter:data2\" content=\"2 minutes\" \/>\n<script type=\"application\/ld+json\" class=\"yoast-schema-graph\">{\"@context\":\"https:\\\/\\\/schema.org\",\"@graph\":[{\"@type\":\"Article\",\"@id\":\"https:\\\/\\\/www.cde.ual.es\\\/en\\\/returning-to-free-movement-across-borders-is-of-utmost-importance\\\/#article\",\"isPartOf\":{\"@id\":\"https:\\\/\\\/www.cde.ual.es\\\/en\\\/returning-to-free-movement-across-borders-is-of-utmost-importance\\\/\"},\"author\":{\"name\":\"BECA 2 CDE\",\"@id\":\"https:\\\/\\\/www.cde.ual.es\\\/#\\\/schema\\\/person\\\/ee46ebc19edfa19598c02cff83335acc\"},\"headline\":\"Returning to free movement across borders is of utmost importance\",\"datePublished\":\"2020-06-09T01:00:16+00:00\",\"dateModified\":\"2021-11-23T13:08:45+00:00\",\"mainEntityOfPage\":{\"@id\":\"https:\\\/\\\/www.cde.ual.es\\\/en\\\/returning-to-free-movement-across-borders-is-of-utmost-importance\\\/\"},\"wordCount\":452,\"commentCount\":0,\"publisher\":{\"@id\":\"https:\\\/\\\/www.cde.ual.es\\\/#organization\"},\"image\":{\"@id\":\"https:\\\/\\\/www.cde.ual.es\\\/en\\\/returning-to-free-movement-across-borders-is-of-utmost-importance\\\/#primaryimage\"},\"thumbnailUrl\":\"https:\\\/\\\/www.cde.ual.es\\\/wp-content\\\/uploads\\\/2020\\\/06\\\/globe-3383088_1920.jpg\",\"keywords\":[\"borders\",\"EU\",\"free movement\"],\"articleSection\":[\"EU News\",\"Institutional Affairs\",\"State Members\"],\"inLanguage\":\"en-US\",\"potentialAction\":[{\"@type\":\"CommentAction\",\"name\":\"Comment\",\"target\":[\"https:\\\/\\\/www.cde.ual.es\\\/en\\\/returning-to-free-movement-across-borders-is-of-utmost-importance\\\/#respond\"]}]},{\"@type\":\"WebPage\",\"@id\":\"https:\\\/\\\/www.cde.ual.es\\\/en\\\/returning-to-free-movement-across-borders-is-of-utmost-importance\\\/\",\"url\":\"https:\\\/\\\/www.cde.ual.es\\\/en\\\/returning-to-free-movement-across-borders-is-of-utmost-importance\\\/\",\"name\":\"Returning to free movement across borders is of utmost importance | CDE Almer\u00eda - Centro de Documentaci\u00f3n Europea - Universidad de Almer\u00eda\",\"isPartOf\":{\"@id\":\"https:\\\/\\\/www.cde.ual.es\\\/#website\"},\"primaryImageOfPage\":{\"@id\":\"https:\\\/\\\/www.cde.ual.es\\\/en\\\/returning-to-free-movement-across-borders-is-of-utmost-importance\\\/#primaryimage\"},\"image\":{\"@id\":\"https:\\\/\\\/www.cde.ual.es\\\/en\\\/returning-to-free-movement-across-borders-is-of-utmost-importance\\\/#primaryimage\"},\"thumbnailUrl\":\"https:\\\/\\\/www.cde.ual.es\\\/wp-content\\\/uploads\\\/2020\\\/06\\\/globe-3383088_1920.jpg\",\"datePublished\":\"2020-06-09T01:00:16+00:00\",\"dateModified\":\"2021-11-23T13:08:45+00:00\",\"breadcrumb\":{\"@id\":\"https:\\\/\\\/www.cde.ual.es\\\/en\\\/returning-to-free-movement-across-borders-is-of-utmost-importance\\\/#breadcrumb\"},\"inLanguage\":\"en-US\",\"potentialAction\":[{\"@type\":\"ReadAction\",\"target\":[\"https:\\\/\\\/www.cde.ual.es\\\/en\\\/returning-to-free-movement-across-borders-is-of-utmost-importance\\\/\"]}]},{\"@type\":\"ImageObject\",\"inLanguage\":\"en-US\",\"@id\":\"https:\\\/\\\/www.cde.ual.es\\\/en\\\/returning-to-free-movement-across-borders-is-of-utmost-importance\\\/#primaryimage\",\"url\":\"https:\\\/\\\/www.cde.ual.es\\\/wp-content\\\/uploads\\\/2020\\\/06\\\/globe-3383088_1920.jpg\",\"contentUrl\":\"https:\\\/\\\/www.cde.ual.es\\\/wp-content\\\/uploads\\\/2020\\\/06\\\/globe-3383088_1920.jpg\",\"width\":1920,\"height\":1280},{\"@type\":\"BreadcrumbList\",\"@id\":\"https:\\\/\\\/www.cde.ual.es\\\/en\\\/returning-to-free-movement-across-borders-is-of-utmost-importance\\\/#breadcrumb\",\"itemListElement\":[{\"@type\":\"ListItem\",\"position\":1,\"name\":\"Inicio\",\"item\":\"https:\\\/\\\/www.cde.ual.es\\\/en\\\/\"},{\"@type\":\"ListItem\",\"position\":2,\"name\":\"EU News\",\"item\":\"https:\\\/\\\/www.cde.ual.es\\\/en\\\/category\\\/eu-news\\\/\"},{\"@type\":\"ListItem\",\"position\":3,\"name\":\"Institutional Affairs\",\"item\":\"https:\\\/\\\/www.cde.ual.es\\\/en\\\/category\\\/eu-news\\\/institutional\\\/\"},{\"@type\":\"ListItem\",\"position\":4,\"name\":\"State Members\",\"item\":\"https:\\\/\\\/www.cde.ual.es\\\/en\\\/category\\\/eu-news\\\/institutional\\\/state-members\\\/\"},{\"@type\":\"ListItem\",\"position\":5,\"name\":\"Returning to free movement across borders is of utmost importance\"}]},{\"@type\":\"WebSite\",\"@id\":\"https:\\\/\\\/www.cde.ual.es\\\/#website\",\"url\":\"https:\\\/\\\/www.cde.ual.es\\\/\",\"name\":\"CDE Almer\u00eda - Centro de Documentaci\u00f3n Europea - Universidad de Almer\u00eda\",\"description\":\"Centro de Documentaci\u00f3n Europea de la Universidad de Almer\u00eda\",\"publisher\":{\"@id\":\"https:\\\/\\\/www.cde.ual.es\\\/#organization\"},\"alternateName\":\"CDE Almer\u00eda\",\"potentialAction\":[{\"@type\":\"SearchAction\",\"target\":{\"@type\":\"EntryPoint\",\"urlTemplate\":\"https:\\\/\\\/www.cde.ual.es\\\/?s={search_term_string}\"},\"query-input\":{\"@type\":\"PropertyValueSpecification\",\"valueRequired\":true,\"valueName\":\"search_term_string\"}}],\"inLanguage\":\"en-US\"},{\"@type\":\"Organization\",\"@id\":\"https:\\\/\\\/www.cde.ual.es\\\/#organization\",\"name\":\"Centro de Documentaci\u00f3n Europea de Almer\u00eda\",\"url\":\"https:\\\/\\\/www.cde.ual.es\\\/\",\"logo\":{\"@type\":\"ImageObject\",\"inLanguage\":\"en-US\",\"@id\":\"https:\\\/\\\/www.cde.ual.es\\\/#\\\/schema\\\/logo\\\/image\\\/\",\"url\":\"https:\\\/\\\/www.cde.ual.es\\\/wp-content\\\/uploads\\\/2025\\\/07\\\/cde-logo-3.png\",\"contentUrl\":\"https:\\\/\\\/www.cde.ual.es\\\/wp-content\\\/uploads\\\/2025\\\/07\\\/cde-logo-3.png\",\"width\":1400,\"height\":300,\"caption\":\"Centro de Documentaci\u00f3n Europea de Almer\u00eda\"},\"image\":{\"@id\":\"https:\\\/\\\/www.cde.ual.es\\\/#\\\/schema\\\/logo\\\/image\\\/\"},\"sameAs\":[\"https:\\\/\\\/www.facebook.com\\\/cdeuniversidadalmeria\\\/\",\"https:\\\/\\\/x.com\\\/cdeualmeria\",\"https:\\\/\\\/www.tiktok.com\\\/@cdealmeria\",\"https:\\\/\\\/www.instagram.com\\\/cdealmeria\\\/\",\"https:\\\/\\\/www.linkedin.com\\\/in\\\/cde-almera-812b26a9\\\/\"]},{\"@type\":\"Person\",\"@id\":\"https:\\\/\\\/www.cde.ual.es\\\/#\\\/schema\\\/person\\\/ee46ebc19edfa19598c02cff83335acc\",\"name\":\"BECA 2 CDE\",\"image\":{\"@type\":\"ImageObject\",\"inLanguage\":\"en-US\",\"@id\":\"https:\\\/\\\/secure.gravatar.com\\\/avatar\\\/35a481bbc04bbd90e91bdfa3b0b5541036c222a49b9ad37b6889a2afcb5311a5?s=96&d=mm&r=g\",\"url\":\"https:\\\/\\\/secure.gravatar.com\\\/avatar\\\/35a481bbc04bbd90e91bdfa3b0b5541036c222a49b9ad37b6889a2afcb5311a5?s=96&d=mm&r=g\",\"contentUrl\":\"https:\\\/\\\/secure.gravatar.com\\\/avatar\\\/35a481bbc04bbd90e91bdfa3b0b5541036c222a49b9ad37b6889a2afcb5311a5?s=96&d=mm&r=g\",\"caption\":\"BECA 2 CDE\"},\"sameAs\":[\"http:\\\/\\\/www.cdealmeria.com\"]}]}<\/script>\n<!-- \/ Yoast SEO plugin. -->","yoast_head_json":{"title":"Returning to free movement across borders is of utmost importance | CDE Almer\u00eda - Centro de Documentaci\u00f3n Europea - Universidad de Almer\u00eda","robots":{"index":"index","follow":"follow","max-snippet":"max-snippet:-1","max-image-preview":"max-image-preview:large","max-video-preview":"max-video-preview:-1"},"canonical":"https:\/\/www.cde.ual.es\/en\/returning-to-free-movement-across-borders-is-of-utmost-importance\/","og_locale":"en_US","og_type":"article","og_title":"Returning to free movement across borders is of utmost importance | CDE Almer\u00eda - Centro de Documentaci\u00f3n Europea - Universidad de Almer\u00eda","og_description":"A swift return to a fully functional Schengen area is needed to safeguard freedom of movement and ensure the EU\u2019s economic recovery, says the Civil Liberties Committee. Civil Liberties Committee MEPs express their concern about the current situation of\u00a0internal border controls in the Schengen area\u00a0and their impact on people and businesses, in\u00a0a resolution\u00a0adopted on Thursday [&hellip;]","og_url":"https:\/\/www.cde.ual.es\/en\/returning-to-free-movement-across-borders-is-of-utmost-importance\/","og_site_name":"CDE Almer\u00eda - Centro de Documentaci\u00f3n Europea - Universidad de Almer\u00eda","article_publisher":"https:\/\/www.facebook.com\/cdeuniversidadalmeria\/","article_published_time":"2020-06-09T01:00:16+00:00","article_modified_time":"2021-11-23T13:08:45+00:00","og_image":[{"width":1920,"height":1280,"url":"https:\/\/www.cde.ual.es\/wp-content\/uploads\/2020\/06\/globe-3383088_1920.jpg","type":"image\/jpeg"}],"author":"BECA 2 CDE","twitter_card":"summary_large_image","twitter_creator":"@cdeualmeria","twitter_site":"@cdeualmeria","twitter_misc":{"Written by":"BECA 2 CDE","Est. reading time":"2 minutes"},"schema":{"@context":"https:\/\/schema.org","@graph":[{"@type":"Article","@id":"https:\/\/www.cde.ual.es\/en\/returning-to-free-movement-across-borders-is-of-utmost-importance\/#article","isPartOf":{"@id":"https:\/\/www.cde.ual.es\/en\/returning-to-free-movement-across-borders-is-of-utmost-importance\/"},"author":{"name":"BECA 2 CDE","@id":"https:\/\/www.cde.ual.es\/#\/schema\/person\/ee46ebc19edfa19598c02cff83335acc"},"headline":"Returning to free movement across borders is of utmost importance","datePublished":"2020-06-09T01:00:16+00:00","dateModified":"2021-11-23T13:08:45+00:00","mainEntityOfPage":{"@id":"https:\/\/www.cde.ual.es\/en\/returning-to-free-movement-across-borders-is-of-utmost-importance\/"},"wordCount":452,"commentCount":0,"publisher":{"@id":"https:\/\/www.cde.ual.es\/#organization"},"image":{"@id":"https:\/\/www.cde.ual.es\/en\/returning-to-free-movement-across-borders-is-of-utmost-importance\/#primaryimage"},"thumbnailUrl":"https:\/\/www.cde.ual.es\/wp-content\/uploads\/2020\/06\/globe-3383088_1920.jpg","keywords":["borders","EU","free movement"],"articleSection":["EU News","Institutional Affairs","State Members"],"inLanguage":"en-US","potentialAction":[{"@type":"CommentAction","name":"Comment","target":["https:\/\/www.cde.ual.es\/en\/returning-to-free-movement-across-borders-is-of-utmost-importance\/#respond"]}]},{"@type":"WebPage","@id":"https:\/\/www.cde.ual.es\/en\/returning-to-free-movement-across-borders-is-of-utmost-importance\/","url":"https:\/\/www.cde.ual.es\/en\/returning-to-free-movement-across-borders-is-of-utmost-importance\/","name":"Returning to free movement across borders is of utmost importance | CDE Almer\u00eda - Centro de Documentaci\u00f3n Europea - Universidad de Almer\u00eda","isPartOf":{"@id":"https:\/\/www.cde.ual.es\/#website"},"primaryImageOfPage":{"@id":"https:\/\/www.cde.ual.es\/en\/returning-to-free-movement-across-borders-is-of-utmost-importance\/#primaryimage"},"image":{"@id":"https:\/\/www.cde.ual.es\/en\/returning-to-free-movement-across-borders-is-of-utmost-importance\/#primaryimage"},"thumbnailUrl":"https:\/\/www.cde.ual.es\/wp-content\/uploads\/2020\/06\/globe-3383088_1920.jpg","datePublished":"2020-06-09T01:00:16+00:00","dateModified":"2021-11-23T13:08:45+00:00","breadcrumb":{"@id":"https:\/\/www.cde.ual.es\/en\/returning-to-free-movement-across-borders-is-of-utmost-importance\/#breadcrumb"},"inLanguage":"en-US","potentialAction":[{"@type":"ReadAction","target":["https:\/\/www.cde.ual.es\/en\/returning-to-free-movement-across-borders-is-of-utmost-importance\/"]}]},{"@type":"ImageObject","inLanguage":"en-US","@id":"https:\/\/www.cde.ual.es\/en\/returning-to-free-movement-across-borders-is-of-utmost-importance\/#primaryimage","url":"https:\/\/www.cde.ual.es\/wp-content\/uploads\/2020\/06\/globe-3383088_1920.jpg","contentUrl":"https:\/\/www.cde.ual.es\/wp-content\/uploads\/2020\/06\/globe-3383088_1920.jpg","width":1920,"height":1280},{"@type":"BreadcrumbList","@id":"https:\/\/www.cde.ual.es\/en\/returning-to-free-movement-across-borders-is-of-utmost-importance\/#breadcrumb","itemListElement":[{"@type":"ListItem","position":1,"name":"Inicio","item":"https:\/\/www.cde.ual.es\/en\/"},{"@type":"ListItem","position":2,"name":"EU News","item":"https:\/\/www.cde.ual.es\/en\/category\/eu-news\/"},{"@type":"ListItem","position":3,"name":"Institutional Affairs","item":"https:\/\/www.cde.ual.es\/en\/category\/eu-news\/institutional\/"},{"@type":"ListItem","position":4,"name":"State Members","item":"https:\/\/www.cde.ual.es\/en\/category\/eu-news\/institutional\/state-members\/"},{"@type":"ListItem","position":5,"name":"Returning to free movement across borders is of utmost importance"}]},{"@type":"WebSite","@id":"https:\/\/www.cde.ual.es\/#website","url":"https:\/\/www.cde.ual.es\/","name":"CDE Almer\u00eda - Centro de Documentaci\u00f3n Europea - Universidad de Almer\u00eda","description":"Centro de Documentaci\u00f3n Europea de la Universidad de Almer\u00eda","publisher":{"@id":"https:\/\/www.cde.ual.es\/#organization"},"alternateName":"CDE Almer\u00eda","potentialAction":[{"@type":"SearchAction","target":{"@type":"EntryPoint","urlTemplate":"https:\/\/www.cde.ual.es\/?s={search_term_string}"},"query-input":{"@type":"PropertyValueSpecification","valueRequired":true,"valueName":"search_term_string"}}],"inLanguage":"en-US"},{"@type":"Organization","@id":"https:\/\/www.cde.ual.es\/#organization","name":"Centro de Documentaci\u00f3n Europea de Almer\u00eda","url":"https:\/\/www.cde.ual.es\/","logo":{"@type":"ImageObject","inLanguage":"en-US","@id":"https:\/\/www.cde.ual.es\/#\/schema\/logo\/image\/","url":"https:\/\/www.cde.ual.es\/wp-content\/uploads\/2025\/07\/cde-logo-3.png","contentUrl":"https:\/\/www.cde.ual.es\/wp-content\/uploads\/2025\/07\/cde-logo-3.png","width":1400,"height":300,"caption":"Centro de Documentaci\u00f3n Europea de Almer\u00eda"},"image":{"@id":"https:\/\/www.cde.ual.es\/#\/schema\/logo\/image\/"},"sameAs":["https:\/\/www.facebook.com\/cdeuniversidadalmeria\/","https:\/\/x.com\/cdeualmeria","https:\/\/www.tiktok.com\/@cdealmeria","https:\/\/www.instagram.com\/cdealmeria\/","https:\/\/www.linkedin.com\/in\/cde-almera-812b26a9\/"]},{"@type":"Person","@id":"https:\/\/www.cde.ual.es\/#\/schema\/person\/ee46ebc19edfa19598c02cff83335acc","name":"BECA 2 CDE","image":{"@type":"ImageObject","inLanguage":"en-US","@id":"https:\/\/secure.gravatar.com\/avatar\/35a481bbc04bbd90e91bdfa3b0b5541036c222a49b9ad37b6889a2afcb5311a5?s=96&d=mm&r=g","url":"https:\/\/secure.gravatar.com\/avatar\/35a481bbc04bbd90e91bdfa3b0b5541036c222a49b9ad37b6889a2afcb5311a5?s=96&d=mm&r=g","contentUrl":"https:\/\/secure.gravatar.com\/avatar\/35a481bbc04bbd90e91bdfa3b0b5541036c222a49b9ad37b6889a2afcb5311a5?s=96&d=mm&r=g","caption":"BECA 2 CDE"},"sameAs":["http:\/\/www.cdealmeria.com"]}]}},"_links":{"self":[{"href":"https:\/\/www.cde.ual.es\/en\/wp-json\/wp\/v2\/posts\/45565","targetHints":{"allow":["GET"]}}],"collection":[{"href":"https:\/\/www.cde.ual.es\/en\/wp-json\/wp\/v2\/posts"}],"about":[{"href":"https:\/\/www.cde.ual.es\/en\/wp-json\/wp\/v2\/types\/post"}],"author":[{"embeddable":true,"href":"https:\/\/www.cde.ual.es\/en\/wp-json\/wp\/v2\/users\/101011"}],"replies":[{"embeddable":true,"href":"https:\/\/www.cde.ual.es\/en\/wp-json\/wp\/v2\/comments?post=45565"}],"version-history":[{"count":0,"href":"https:\/\/www.cde.ual.es\/en\/wp-json\/wp\/v2\/posts\/45565\/revisions"}],"wp:featuredmedia":[{"embeddable":true,"href":"https:\/\/www.cde.ual.es\/en\/wp-json\/wp\/v2\/media\/45567"}],"wp:attachment":[{"href":"https:\/\/www.cde.ual.es\/en\/wp-json\/wp\/v2\/media?parent=45565"}],"wp:term":[{"taxonomy":"category","embeddable":true,"href":"https:\/\/www.cde.ual.es\/en\/wp-json\/wp\/v2\/categories?post=45565"},{"taxonomy":"post_tag","embeddable":true,"href":"https:\/\/www.cde.ual.es\/en\/wp-json\/wp\/v2\/tags?post=45565"}],"curies":[{"name":"wp","href":"https:\/\/api.w.org\/{rel}","templated":true}]}}