{"id":44998,"date":"2020-06-02T03:00:52","date_gmt":"2020-06-02T01:00:52","guid":{"rendered":"https:\/\/www.cde.ual.es\/?p=44998"},"modified":"2020-06-01T11:11:13","modified_gmt":"2020-06-01T09:11:13","slug":"26-coordinated-arrests-in-belgium-and-france-of-suspects-of-a-migrant-smuggling-criminal-group","status":"publish","type":"post","link":"https:\/\/www.cde.ual.es\/en\/26-coordinated-arrests-in-belgium-and-france-of-suspects-of-a-migrant-smuggling-criminal-group\/","title":{"rendered":"26 coordinated arrests in Belgium and France of suspects of a migrant smuggling criminal group"},"content":{"rendered":"<p><strong>The action is the result of a cross-border investigation supported by Eurojust and Europol which looks at the criminal activity of people smuggling across the continent, and was prompted by the discovery of 39 deceased Vietnamese nationals inside a refrigerated trailer in Essex in the United Kingdom in October 2019.<\/strong><\/p>\n<p><a href=\"https:\/\/www.cde.ual.es\/wp-content\/uploads\/2020\/05\/container-537724_1920.jpg\"><img decoding=\"async\" class=\" wp-image-44993 aligncenter\" src=\"https:\/\/www.cde.ual.es\/wp-content\/uploads\/2020\/05\/container-537724_1920-300x200.jpg\" alt=\"\" width=\"401\" height=\"267\" srcset=\"https:\/\/www.cde.ual.es\/wp-content\/uploads\/2020\/05\/container-537724_1920-300x200.jpg 300w, https:\/\/www.cde.ual.es\/wp-content\/uploads\/2020\/05\/container-537724_1920-1024x683.jpg 1024w, https:\/\/www.cde.ual.es\/wp-content\/uploads\/2020\/05\/container-537724_1920-768x512.jpg 768w, https:\/\/www.cde.ual.es\/wp-content\/uploads\/2020\/05\/container-537724_1920-1536x1024.jpg 1536w, https:\/\/www.cde.ual.es\/wp-content\/uploads\/2020\/05\/container-537724_1920.jpg 1920w\" sizes=\"(max-width: 401px) 100vw, 401px\" \/><\/a><\/p>\n<p>In Belgium, 16 house searches were carried out in the Brussels Capitol Region, including in safe houses. 13 people were deprived of their liberty prior to their possible appearance before an investigating judge, and five victims\/migrants were found.<\/p>\n<p>In France, 13 individuals were arrested in the region of Paris \u2013 \u00cele-de-France. The operation was partly conducted under the supervision of the Investigative Judge of the JUNALCO (National Jurisdiction Against Organised Crime).<\/p>\n<p>The suspects are allegedly part of an Organised Crime Group (OCG) that smuggles refugees from Asia, particularly from Vietnam, and that likely has transported up to several dozen people every day for several months. Prompted by the discovery of 39 deceased Vietnamese nationals inside a refrigerated trailer in Essex in the United Kingdom in October 2019, a joint investigation team (JIT) was created between Belgium, Ireland, France, the United Kingdom, Eurojust and Europol. Judicial and police authorities have since worked closely together within the JIT to map out the alleged activity of the OCG and to determine the possibility of finding cross-links to ongoing regional and local investigations of migrant smuggling activity.<\/p>\n<p>Eurojust supported the JIT, six case-specific coordination meetings and the organisation of a coordination center on the action day on 26 May, enabling real-time coordination of the actions. Europol supported the operation by facilitating information exchange and providing analytical support, including the deployment of an expert to France to crosscheck in real time operational information against Europol\u2019s databases and provide leads to investigators.<\/p>\n<p>These coordinated arrests are a strong signal to migrant smuggling groups that judiciary and law enforcement communities in the EU are joining forces to detect, investigate and prosecute this kind of serious organised crime.<\/p>\n<h3>Possible penalties<\/h3>\n<p>The penalties for these acts range from one to 15 years in prison and a fine of EUR 1 000 to EUR 150 000 per identified victim.<\/p>\n<h3>Forces involved<\/h3>\n<p>In Belgium, the investigation was conducted by the Federal Judicial Police of West Flanders and the Federal Public Prosecutors Office. In France, the investigation was conducted by OCRIEST (Central Office against illegal immigration and employment of undocumented workers).<\/p>\n<h3>More information<\/h3>\n<p><a href=\"http:\/\/eurojust.europa.eu\/press\/PressReleases\/Pages\/2020\/2020-05-27.aspx\">Press release<\/a><\/p>\n","protected":false},"excerpt":{"rendered":"<p>The action is the result of a cross-border investigation supported by Eurojust and Europol which looks at the criminal activity of people smuggling across the continent, and was prompted by the discovery of 39 deceased Vietnamese nationals inside a refrigerated trailer in Essex in the United Kingdom in October 2019. In Belgium, 16 house searches [&hellip;]<\/p>\n","protected":false},"author":1,"featured_media":44994,"comment_status":"open","ping_status":"open","sticky":false,"template":"","format":"standard","meta":{"_acf_changed":false,"_relevanssi_hide_post":"","_relevanssi_hide_content":"","_relevanssi_pin_for_all":"","_relevanssi_pin_keywords":"","_relevanssi_unpin_keywords":"","_relevanssi_related_keywords":"","_relevanssi_related_include_ids":"","_relevanssi_related_exclude_ids":"","_relevanssi_related_no_append":"","_relevanssi_related_not_related":"","_relevanssi_related_posts":"","_relevanssi_noindex_reason":"","_monsterinsights_skip_tracking":false,"_monsterinsights_sitenote_active":false,"_monsterinsights_sitenote_note":"","_monsterinsights_sitenote_category":0,"_genesis_hide_title":false,"_genesis_hide_breadcrumbs":false,"_genesis_hide_singular_image":false,"_genesis_hide_footer_widgets":false,"_genesis_custom_body_class":"","_genesis_custom_post_class":"","_genesis_layout":"","footnotes":""},"categories":[4077,4075,346,4068,4067],"tags":[1318,1815,1817,811,1814,1816],"class_list":{"0":"post-44998","1":"post","2":"type-post","3":"status-publish","4":"format-standard","5":"has-post-thumbnail","7":"category-crime","8":"category-defence-security","9":"category-eu-news","10":"category-migr-dem","11":"category-social-affairs","12":"tag-belgium","13":"tag-container","14":"tag-criminal-group","15":"tag-france","16":"tag-migrant-smuggling","17":"tag-vietnamese","18":"entry"},"acf":[],"yoast_head":"<!-- This site is optimized with the Yoast SEO plugin v27.4 - https:\/\/yoast.com\/product\/yoast-seo-wordpress\/ -->\n<title>26 coordinated arrests in Belgium and France of suspects of a migrant smuggling criminal group | CDE Almer\u00eda - Centro de Documentaci\u00f3n Europea - Universidad de Almer\u00eda<\/title>\n<meta name=\"robots\" content=\"index, follow, max-snippet:-1, max-image-preview:large, max-video-preview:-1\" \/>\n<link rel=\"canonical\" href=\"https:\/\/www.cde.ual.es\/en\/26-coordinated-arrests-in-belgium-and-france-of-suspects-of-a-migrant-smuggling-criminal-group\/\" \/>\n<meta property=\"og:locale\" content=\"en_US\" \/>\n<meta property=\"og:type\" content=\"article\" \/>\n<meta property=\"og:title\" content=\"26 coordinated arrests in Belgium and France of suspects of a migrant smuggling criminal group | CDE Almer\u00eda - Centro de Documentaci\u00f3n Europea - Universidad de Almer\u00eda\" \/>\n<meta property=\"og:description\" content=\"The action is the result of a cross-border investigation supported by Eurojust and Europol which looks at the criminal activity of people smuggling across the continent, and was prompted by the discovery of 39 deceased Vietnamese nationals inside a refrigerated trailer in Essex in the United Kingdom in October 2019. In Belgium, 16 house searches [&hellip;]\" \/>\n<meta property=\"og:url\" content=\"https:\/\/www.cde.ual.es\/en\/26-coordinated-arrests-in-belgium-and-france-of-suspects-of-a-migrant-smuggling-criminal-group\/\" \/>\n<meta property=\"og:site_name\" content=\"CDE Almer\u00eda - Centro de Documentaci\u00f3n Europea - Universidad de Almer\u00eda\" \/>\n<meta property=\"article:publisher\" content=\"https:\/\/www.facebook.com\/cdeuniversidadalmeria\/\" \/>\n<meta property=\"article:published_time\" content=\"2020-06-02T01:00:52+00:00\" \/>\n<meta property=\"og:image\" content=\"https:\/\/www.cde.ual.es\/wp-content\/uploads\/2020\/05\/container-537724_1920.jpg\" \/>\n\t<meta property=\"og:image:width\" content=\"1920\" \/>\n\t<meta property=\"og:image:height\" content=\"1280\" \/>\n\t<meta property=\"og:image:type\" content=\"image\/jpeg\" \/>\n<meta name=\"author\" content=\"AdminCDE\" \/>\n<meta name=\"twitter:card\" content=\"summary_large_image\" \/>\n<meta name=\"twitter:creator\" content=\"@cdeualmeria\" \/>\n<meta name=\"twitter:site\" content=\"@cdeualmeria\" \/>\n<meta name=\"twitter:label1\" content=\"Written by\" \/>\n\t<meta name=\"twitter:data1\" content=\"AdminCDE\" \/>\n\t<meta name=\"twitter:label2\" content=\"Est. reading time\" \/>\n\t<meta name=\"twitter:data2\" content=\"2 minutes\" \/>\n<script type=\"application\/ld+json\" class=\"yoast-schema-graph\">{\"@context\":\"https:\\\/\\\/schema.org\",\"@graph\":[{\"@type\":\"Article\",\"@id\":\"https:\\\/\\\/www.cde.ual.es\\\/en\\\/26-coordinated-arrests-in-belgium-and-france-of-suspects-of-a-migrant-smuggling-criminal-group\\\/#article\",\"isPartOf\":{\"@id\":\"https:\\\/\\\/www.cde.ual.es\\\/en\\\/26-coordinated-arrests-in-belgium-and-france-of-suspects-of-a-migrant-smuggling-criminal-group\\\/\"},\"author\":{\"name\":\"AdminCDE\",\"@id\":\"https:\\\/\\\/www.cde.ual.es\\\/#\\\/schema\\\/person\\\/224ef08c8bcc005f319d2713ce37ee5f\"},\"headline\":\"26 coordinated arrests in Belgium and France of suspects of a migrant smuggling criminal group\",\"datePublished\":\"2020-06-02T01:00:52+00:00\",\"mainEntityOfPage\":{\"@id\":\"https:\\\/\\\/www.cde.ual.es\\\/en\\\/26-coordinated-arrests-in-belgium-and-france-of-suspects-of-a-migrant-smuggling-criminal-group\\\/\"},\"wordCount\":405,\"commentCount\":0,\"publisher\":{\"@id\":\"https:\\\/\\\/www.cde.ual.es\\\/#organization\"},\"image\":{\"@id\":\"https:\\\/\\\/www.cde.ual.es\\\/en\\\/26-coordinated-arrests-in-belgium-and-france-of-suspects-of-a-migrant-smuggling-criminal-group\\\/#primaryimage\"},\"thumbnailUrl\":\"https:\\\/\\\/www.cde.ual.es\\\/wp-content\\\/uploads\\\/2020\\\/05\\\/container-537724_1920.jpg\",\"keywords\":[\"Belgium\",\"container\",\"criminal group\",\"France\",\"migrant smuggling\",\"vietnamese\"],\"articleSection\":[\"Crime\",\"Defence &amp; Security\",\"EU News\",\"Migration and Demography\",\"Social Affairs\"],\"inLanguage\":\"en-US\",\"potentialAction\":[{\"@type\":\"CommentAction\",\"name\":\"Comment\",\"target\":[\"https:\\\/\\\/www.cde.ual.es\\\/en\\\/26-coordinated-arrests-in-belgium-and-france-of-suspects-of-a-migrant-smuggling-criminal-group\\\/#respond\"]}]},{\"@type\":\"WebPage\",\"@id\":\"https:\\\/\\\/www.cde.ual.es\\\/en\\\/26-coordinated-arrests-in-belgium-and-france-of-suspects-of-a-migrant-smuggling-criminal-group\\\/\",\"url\":\"https:\\\/\\\/www.cde.ual.es\\\/en\\\/26-coordinated-arrests-in-belgium-and-france-of-suspects-of-a-migrant-smuggling-criminal-group\\\/\",\"name\":\"26 coordinated arrests in Belgium and France of suspects of a migrant smuggling criminal group | CDE Almer\u00eda - Centro de Documentaci\u00f3n Europea - Universidad de Almer\u00eda\",\"isPartOf\":{\"@id\":\"https:\\\/\\\/www.cde.ual.es\\\/#website\"},\"primaryImageOfPage\":{\"@id\":\"https:\\\/\\\/www.cde.ual.es\\\/en\\\/26-coordinated-arrests-in-belgium-and-france-of-suspects-of-a-migrant-smuggling-criminal-group\\\/#primaryimage\"},\"image\":{\"@id\":\"https:\\\/\\\/www.cde.ual.es\\\/en\\\/26-coordinated-arrests-in-belgium-and-france-of-suspects-of-a-migrant-smuggling-criminal-group\\\/#primaryimage\"},\"thumbnailUrl\":\"https:\\\/\\\/www.cde.ual.es\\\/wp-content\\\/uploads\\\/2020\\\/05\\\/container-537724_1920.jpg\",\"datePublished\":\"2020-06-02T01:00:52+00:00\",\"breadcrumb\":{\"@id\":\"https:\\\/\\\/www.cde.ual.es\\\/en\\\/26-coordinated-arrests-in-belgium-and-france-of-suspects-of-a-migrant-smuggling-criminal-group\\\/#breadcrumb\"},\"inLanguage\":\"en-US\",\"potentialAction\":[{\"@type\":\"ReadAction\",\"target\":[\"https:\\\/\\\/www.cde.ual.es\\\/en\\\/26-coordinated-arrests-in-belgium-and-france-of-suspects-of-a-migrant-smuggling-criminal-group\\\/\"]}]},{\"@type\":\"ImageObject\",\"inLanguage\":\"en-US\",\"@id\":\"https:\\\/\\\/www.cde.ual.es\\\/en\\\/26-coordinated-arrests-in-belgium-and-france-of-suspects-of-a-migrant-smuggling-criminal-group\\\/#primaryimage\",\"url\":\"https:\\\/\\\/www.cde.ual.es\\\/wp-content\\\/uploads\\\/2020\\\/05\\\/container-537724_1920.jpg\",\"contentUrl\":\"https:\\\/\\\/www.cde.ual.es\\\/wp-content\\\/uploads\\\/2020\\\/05\\\/container-537724_1920.jpg\",\"width\":1920,\"height\":1280},{\"@type\":\"BreadcrumbList\",\"@id\":\"https:\\\/\\\/www.cde.ual.es\\\/en\\\/26-coordinated-arrests-in-belgium-and-france-of-suspects-of-a-migrant-smuggling-criminal-group\\\/#breadcrumb\",\"itemListElement\":[{\"@type\":\"ListItem\",\"position\":1,\"name\":\"Inicio\",\"item\":\"https:\\\/\\\/www.cde.ual.es\\\/en\\\/\"},{\"@type\":\"ListItem\",\"position\":2,\"name\":\"EU News\",\"item\":\"https:\\\/\\\/www.cde.ual.es\\\/en\\\/category\\\/eu-news\\\/\"},{\"@type\":\"ListItem\",\"position\":3,\"name\":\"Defence &amp; Security\",\"item\":\"https:\\\/\\\/www.cde.ual.es\\\/en\\\/category\\\/eu-news\\\/defence-security\\\/\"},{\"@type\":\"ListItem\",\"position\":4,\"name\":\"Crime\",\"item\":\"https:\\\/\\\/www.cde.ual.es\\\/en\\\/category\\\/eu-news\\\/defence-security\\\/crime\\\/\"},{\"@type\":\"ListItem\",\"position\":5,\"name\":\"26 coordinated arrests in Belgium and France of suspects of a migrant smuggling criminal group\"}]},{\"@type\":\"WebSite\",\"@id\":\"https:\\\/\\\/www.cde.ual.es\\\/#website\",\"url\":\"https:\\\/\\\/www.cde.ual.es\\\/\",\"name\":\"CDE Almer\u00eda - Centro de Documentaci\u00f3n Europea - Universidad de Almer\u00eda\",\"description\":\"Centro de Documentaci\u00f3n Europea de la Universidad de Almer\u00eda\",\"publisher\":{\"@id\":\"https:\\\/\\\/www.cde.ual.es\\\/#organization\"},\"alternateName\":\"CDE Almer\u00eda\",\"potentialAction\":[{\"@type\":\"SearchAction\",\"target\":{\"@type\":\"EntryPoint\",\"urlTemplate\":\"https:\\\/\\\/www.cde.ual.es\\\/?s={search_term_string}\"},\"query-input\":{\"@type\":\"PropertyValueSpecification\",\"valueRequired\":true,\"valueName\":\"search_term_string\"}}],\"inLanguage\":\"en-US\"},{\"@type\":\"Organization\",\"@id\":\"https:\\\/\\\/www.cde.ual.es\\\/#organization\",\"name\":\"Centro de Documentaci\u00f3n Europea de Almer\u00eda\",\"url\":\"https:\\\/\\\/www.cde.ual.es\\\/\",\"logo\":{\"@type\":\"ImageObject\",\"inLanguage\":\"en-US\",\"@id\":\"https:\\\/\\\/www.cde.ual.es\\\/#\\\/schema\\\/logo\\\/image\\\/\",\"url\":\"https:\\\/\\\/www.cde.ual.es\\\/wp-content\\\/uploads\\\/2025\\\/07\\\/cde-logo-3.png\",\"contentUrl\":\"https:\\\/\\\/www.cde.ual.es\\\/wp-content\\\/uploads\\\/2025\\\/07\\\/cde-logo-3.png\",\"width\":1400,\"height\":300,\"caption\":\"Centro de Documentaci\u00f3n Europea de Almer\u00eda\"},\"image\":{\"@id\":\"https:\\\/\\\/www.cde.ual.es\\\/#\\\/schema\\\/logo\\\/image\\\/\"},\"sameAs\":[\"https:\\\/\\\/www.facebook.com\\\/cdeuniversidadalmeria\\\/\",\"https:\\\/\\\/x.com\\\/cdeualmeria\",\"https:\\\/\\\/www.tiktok.com\\\/@cdealmeria\",\"https:\\\/\\\/www.instagram.com\\\/cdealmeria\\\/\",\"https:\\\/\\\/www.linkedin.com\\\/in\\\/cde-almera-812b26a9\\\/\"]},{\"@type\":\"Person\",\"@id\":\"https:\\\/\\\/www.cde.ual.es\\\/#\\\/schema\\\/person\\\/224ef08c8bcc005f319d2713ce37ee5f\",\"name\":\"AdminCDE\",\"image\":{\"@type\":\"ImageObject\",\"inLanguage\":\"en-US\",\"@id\":\"https:\\\/\\\/secure.gravatar.com\\\/avatar\\\/a72d038d371f995cd13706fac32274b7952a52e8fb0a84b5f80c85426f2a98a8?s=96&d=mm&r=g\",\"url\":\"https:\\\/\\\/secure.gravatar.com\\\/avatar\\\/a72d038d371f995cd13706fac32274b7952a52e8fb0a84b5f80c85426f2a98a8?s=96&d=mm&r=g\",\"contentUrl\":\"https:\\\/\\\/secure.gravatar.com\\\/avatar\\\/a72d038d371f995cd13706fac32274b7952a52e8fb0a84b5f80c85426f2a98a8?s=96&d=mm&r=g\",\"caption\":\"AdminCDE\"}}]}<\/script>\n<!-- \/ Yoast SEO plugin. -->","yoast_head_json":{"title":"26 coordinated arrests in Belgium and France of suspects of a migrant smuggling criminal group | CDE Almer\u00eda - Centro de Documentaci\u00f3n Europea - Universidad de Almer\u00eda","robots":{"index":"index","follow":"follow","max-snippet":"max-snippet:-1","max-image-preview":"max-image-preview:large","max-video-preview":"max-video-preview:-1"},"canonical":"https:\/\/www.cde.ual.es\/en\/26-coordinated-arrests-in-belgium-and-france-of-suspects-of-a-migrant-smuggling-criminal-group\/","og_locale":"en_US","og_type":"article","og_title":"26 coordinated arrests in Belgium and France of suspects of a migrant smuggling criminal group | CDE Almer\u00eda - Centro de Documentaci\u00f3n Europea - Universidad de Almer\u00eda","og_description":"The action is the result of a cross-border investigation supported by Eurojust and Europol which looks at the criminal activity of people smuggling across the continent, and was prompted by the discovery of 39 deceased Vietnamese nationals inside a refrigerated trailer in Essex in the United Kingdom in October 2019. In Belgium, 16 house searches [&hellip;]","og_url":"https:\/\/www.cde.ual.es\/en\/26-coordinated-arrests-in-belgium-and-france-of-suspects-of-a-migrant-smuggling-criminal-group\/","og_site_name":"CDE Almer\u00eda - Centro de Documentaci\u00f3n Europea - Universidad de Almer\u00eda","article_publisher":"https:\/\/www.facebook.com\/cdeuniversidadalmeria\/","article_published_time":"2020-06-02T01:00:52+00:00","og_image":[{"width":1920,"height":1280,"url":"https:\/\/www.cde.ual.es\/wp-content\/uploads\/2020\/05\/container-537724_1920.jpg","type":"image\/jpeg"}],"author":"AdminCDE","twitter_card":"summary_large_image","twitter_creator":"@cdeualmeria","twitter_site":"@cdeualmeria","twitter_misc":{"Written by":"AdminCDE","Est. reading time":"2 minutes"},"schema":{"@context":"https:\/\/schema.org","@graph":[{"@type":"Article","@id":"https:\/\/www.cde.ual.es\/en\/26-coordinated-arrests-in-belgium-and-france-of-suspects-of-a-migrant-smuggling-criminal-group\/#article","isPartOf":{"@id":"https:\/\/www.cde.ual.es\/en\/26-coordinated-arrests-in-belgium-and-france-of-suspects-of-a-migrant-smuggling-criminal-group\/"},"author":{"name":"AdminCDE","@id":"https:\/\/www.cde.ual.es\/#\/schema\/person\/224ef08c8bcc005f319d2713ce37ee5f"},"headline":"26 coordinated arrests in Belgium and France of suspects of a migrant smuggling criminal group","datePublished":"2020-06-02T01:00:52+00:00","mainEntityOfPage":{"@id":"https:\/\/www.cde.ual.es\/en\/26-coordinated-arrests-in-belgium-and-france-of-suspects-of-a-migrant-smuggling-criminal-group\/"},"wordCount":405,"commentCount":0,"publisher":{"@id":"https:\/\/www.cde.ual.es\/#organization"},"image":{"@id":"https:\/\/www.cde.ual.es\/en\/26-coordinated-arrests-in-belgium-and-france-of-suspects-of-a-migrant-smuggling-criminal-group\/#primaryimage"},"thumbnailUrl":"https:\/\/www.cde.ual.es\/wp-content\/uploads\/2020\/05\/container-537724_1920.jpg","keywords":["Belgium","container","criminal group","France","migrant smuggling","vietnamese"],"articleSection":["Crime","Defence &amp; Security","EU News","Migration and Demography","Social Affairs"],"inLanguage":"en-US","potentialAction":[{"@type":"CommentAction","name":"Comment","target":["https:\/\/www.cde.ual.es\/en\/26-coordinated-arrests-in-belgium-and-france-of-suspects-of-a-migrant-smuggling-criminal-group\/#respond"]}]},{"@type":"WebPage","@id":"https:\/\/www.cde.ual.es\/en\/26-coordinated-arrests-in-belgium-and-france-of-suspects-of-a-migrant-smuggling-criminal-group\/","url":"https:\/\/www.cde.ual.es\/en\/26-coordinated-arrests-in-belgium-and-france-of-suspects-of-a-migrant-smuggling-criminal-group\/","name":"26 coordinated arrests in Belgium and France of suspects of a migrant smuggling criminal group | CDE Almer\u00eda - Centro de Documentaci\u00f3n Europea - Universidad de Almer\u00eda","isPartOf":{"@id":"https:\/\/www.cde.ual.es\/#website"},"primaryImageOfPage":{"@id":"https:\/\/www.cde.ual.es\/en\/26-coordinated-arrests-in-belgium-and-france-of-suspects-of-a-migrant-smuggling-criminal-group\/#primaryimage"},"image":{"@id":"https:\/\/www.cde.ual.es\/en\/26-coordinated-arrests-in-belgium-and-france-of-suspects-of-a-migrant-smuggling-criminal-group\/#primaryimage"},"thumbnailUrl":"https:\/\/www.cde.ual.es\/wp-content\/uploads\/2020\/05\/container-537724_1920.jpg","datePublished":"2020-06-02T01:00:52+00:00","breadcrumb":{"@id":"https:\/\/www.cde.ual.es\/en\/26-coordinated-arrests-in-belgium-and-france-of-suspects-of-a-migrant-smuggling-criminal-group\/#breadcrumb"},"inLanguage":"en-US","potentialAction":[{"@type":"ReadAction","target":["https:\/\/www.cde.ual.es\/en\/26-coordinated-arrests-in-belgium-and-france-of-suspects-of-a-migrant-smuggling-criminal-group\/"]}]},{"@type":"ImageObject","inLanguage":"en-US","@id":"https:\/\/www.cde.ual.es\/en\/26-coordinated-arrests-in-belgium-and-france-of-suspects-of-a-migrant-smuggling-criminal-group\/#primaryimage","url":"https:\/\/www.cde.ual.es\/wp-content\/uploads\/2020\/05\/container-537724_1920.jpg","contentUrl":"https:\/\/www.cde.ual.es\/wp-content\/uploads\/2020\/05\/container-537724_1920.jpg","width":1920,"height":1280},{"@type":"BreadcrumbList","@id":"https:\/\/www.cde.ual.es\/en\/26-coordinated-arrests-in-belgium-and-france-of-suspects-of-a-migrant-smuggling-criminal-group\/#breadcrumb","itemListElement":[{"@type":"ListItem","position":1,"name":"Inicio","item":"https:\/\/www.cde.ual.es\/en\/"},{"@type":"ListItem","position":2,"name":"EU News","item":"https:\/\/www.cde.ual.es\/en\/category\/eu-news\/"},{"@type":"ListItem","position":3,"name":"Defence &amp; Security","item":"https:\/\/www.cde.ual.es\/en\/category\/eu-news\/defence-security\/"},{"@type":"ListItem","position":4,"name":"Crime","item":"https:\/\/www.cde.ual.es\/en\/category\/eu-news\/defence-security\/crime\/"},{"@type":"ListItem","position":5,"name":"26 coordinated arrests in Belgium and France of suspects of a migrant smuggling criminal group"}]},{"@type":"WebSite","@id":"https:\/\/www.cde.ual.es\/#website","url":"https:\/\/www.cde.ual.es\/","name":"CDE Almer\u00eda - Centro de Documentaci\u00f3n Europea - Universidad de Almer\u00eda","description":"Centro de Documentaci\u00f3n Europea de la Universidad de Almer\u00eda","publisher":{"@id":"https:\/\/www.cde.ual.es\/#organization"},"alternateName":"CDE Almer\u00eda","potentialAction":[{"@type":"SearchAction","target":{"@type":"EntryPoint","urlTemplate":"https:\/\/www.cde.ual.es\/?s={search_term_string}"},"query-input":{"@type":"PropertyValueSpecification","valueRequired":true,"valueName":"search_term_string"}}],"inLanguage":"en-US"},{"@type":"Organization","@id":"https:\/\/www.cde.ual.es\/#organization","name":"Centro de Documentaci\u00f3n Europea de Almer\u00eda","url":"https:\/\/www.cde.ual.es\/","logo":{"@type":"ImageObject","inLanguage":"en-US","@id":"https:\/\/www.cde.ual.es\/#\/schema\/logo\/image\/","url":"https:\/\/www.cde.ual.es\/wp-content\/uploads\/2025\/07\/cde-logo-3.png","contentUrl":"https:\/\/www.cde.ual.es\/wp-content\/uploads\/2025\/07\/cde-logo-3.png","width":1400,"height":300,"caption":"Centro de Documentaci\u00f3n Europea de Almer\u00eda"},"image":{"@id":"https:\/\/www.cde.ual.es\/#\/schema\/logo\/image\/"},"sameAs":["https:\/\/www.facebook.com\/cdeuniversidadalmeria\/","https:\/\/x.com\/cdeualmeria","https:\/\/www.tiktok.com\/@cdealmeria","https:\/\/www.instagram.com\/cdealmeria\/","https:\/\/www.linkedin.com\/in\/cde-almera-812b26a9\/"]},{"@type":"Person","@id":"https:\/\/www.cde.ual.es\/#\/schema\/person\/224ef08c8bcc005f319d2713ce37ee5f","name":"AdminCDE","image":{"@type":"ImageObject","inLanguage":"en-US","@id":"https:\/\/secure.gravatar.com\/avatar\/a72d038d371f995cd13706fac32274b7952a52e8fb0a84b5f80c85426f2a98a8?s=96&d=mm&r=g","url":"https:\/\/secure.gravatar.com\/avatar\/a72d038d371f995cd13706fac32274b7952a52e8fb0a84b5f80c85426f2a98a8?s=96&d=mm&r=g","contentUrl":"https:\/\/secure.gravatar.com\/avatar\/a72d038d371f995cd13706fac32274b7952a52e8fb0a84b5f80c85426f2a98a8?s=96&d=mm&r=g","caption":"AdminCDE"}}]}},"_links":{"self":[{"href":"https:\/\/www.cde.ual.es\/en\/wp-json\/wp\/v2\/posts\/44998","targetHints":{"allow":["GET"]}}],"collection":[{"href":"https:\/\/www.cde.ual.es\/en\/wp-json\/wp\/v2\/posts"}],"about":[{"href":"https:\/\/www.cde.ual.es\/en\/wp-json\/wp\/v2\/types\/post"}],"author":[{"embeddable":true,"href":"https:\/\/www.cde.ual.es\/en\/wp-json\/wp\/v2\/users\/1"}],"replies":[{"embeddable":true,"href":"https:\/\/www.cde.ual.es\/en\/wp-json\/wp\/v2\/comments?post=44998"}],"version-history":[{"count":0,"href":"https:\/\/www.cde.ual.es\/en\/wp-json\/wp\/v2\/posts\/44998\/revisions"}],"wp:featuredmedia":[{"embeddable":true,"href":"https:\/\/www.cde.ual.es\/en\/wp-json\/wp\/v2\/media\/44994"}],"wp:attachment":[{"href":"https:\/\/www.cde.ual.es\/en\/wp-json\/wp\/v2\/media?parent=44998"}],"wp:term":[{"taxonomy":"category","embeddable":true,"href":"https:\/\/www.cde.ual.es\/en\/wp-json\/wp\/v2\/categories?post=44998"},{"taxonomy":"post_tag","embeddable":true,"href":"https:\/\/www.cde.ual.es\/en\/wp-json\/wp\/v2\/tags?post=44998"}],"curies":[{"name":"wp","href":"https:\/\/api.w.org\/{rel}","templated":true}]}}