{"id":44955,"date":"2020-05-30T03:00:28","date_gmt":"2020-05-30T01:00:28","guid":{"rendered":"https:\/\/www.cde.ual.es\/?p=44955"},"modified":"2021-11-23T14:48:02","modified_gmt":"2021-11-23T13:48:02","slug":"coronavirus-global-response-global-citizen-new-supporting-campaign","status":"publish","type":"post","link":"https:\/\/www.cde.ual.es\/en\/coronavirus-global-response-global-citizen-new-supporting-campaign\/","title":{"rendered":"Coronavirus Global Response: Global Citizen, new supporting campaign"},"content":{"rendered":"<p>The Commission announced the 28 May the next steps in the <a href=\"https:\/\/global-response.europa.eu\/about_en\">Coronavirus Global Response<\/a>, the global action for universal access to affordable coronavirus vaccination, treatment and testing.<\/p>\n<p><a href=\"https:\/\/www.cde.ual.es\/wp-content\/uploads\/2020\/05\/Global-Citizen.jpg\"><img decoding=\"async\" class=\"size-medium wp-image-44953 aligncenter\" src=\"https:\/\/www.cde.ual.es\/wp-content\/uploads\/2020\/05\/Global-Citizen-300x177.jpg\" alt=\"\" width=\"300\" height=\"177\" srcset=\"https:\/\/www.cde.ual.es\/wp-content\/uploads\/2020\/05\/Global-Citizen-300x177.jpg 300w, https:\/\/www.cde.ual.es\/wp-content\/uploads\/2020\/05\/Global-Citizen-768x453.jpg 768w, https:\/\/www.cde.ual.es\/wp-content\/uploads\/2020\/05\/Global-Citizen.jpg 934w\" sizes=\"(max-width: 300px) 100vw, 300px\" \/><\/a><\/p>\n<h3>New campaign marathon<\/h3>\n<p>The pledging marathon that started on\u00a0<a href=\"https:\/\/ec.europa.eu\/commission\/presscorner\/detail\/en\/ip_20_797\">4 May<\/a>\u00a0will now see the launch of a new campaign with the international advocacy organisation\u00a0<a href=\"https:\/\/www.globalcitizen.org\/en\/\">Global Citizen,<\/a>\u00a0\u201c<em>Global Goal: Unite For Our Future\u201d,\u00a0<\/em>that will culminate in a Global Pledging Summit on Saturday 27 June.<\/p>\n<p>Together with\u00a0<a href=\"https:\/\/www.globalcitizen.org\/en\/\">Global Citizen<\/a>, the Commission will step up the mobilisation of funding to enable the world to overcome this pandemic \u2013 and avoid another.<\/p>\n<p>This is a new stretch in raising support for the\u00a0<a href=\"https:\/\/ec.europa.eu\/commission\/presscorner\/detail\/en\/qanda_20_958\">ACT-Accelerator<\/a>, launched by the World Health Organization with governments and partners through a global call for action on 24 April 2020.<\/p>\n<p><strong>Next phase marathon with a new campaign<\/strong><\/p>\n<p>The outcome of the<strong> 4 May<\/strong> pledging event shows the willingness and capacity of the world to join forces and pool resources to overcome the pandemic. It bodes well for the unprecedented international collaboration and resources needed for the production, procurement and distribution of vaccines, treatments and tests.<\/p>\n<p>The magnitude of the task requires the mobilisation of citizens globally. During the next four weeks, Global Citizen will lead the \u201cGlobal Goal: Unite for our Future\u201d campaign, with the European Commission as patron and Bloomberg Philanthropies, the Bill &amp; Melinda Gates Foundation and the Wellcome Trust as partners.<\/p>\n<div class=\"ecl-col-md-3 ecl-u-z-navigation js-stickybit-parent\">\n<nav class=\"ecl-navigation-inpage\">\n<div class=\"ecl-navigation-inpage__body\">\n<ul id=\"ecl-navigation-inpage-list\" class=\"ecl-navigation-inpage__list\" aria-hidden=\"true\" aria-labelledby=\"ecl-navigation-inpage-trigger\">\n<li class=\"ecl-navigation-inpage__item\"><a class=\"ecl-navigation-inpage__link ecl-link ecl-link--standalone\">Related media<\/a><\/li>\n<li class=\"ecl-navigation-inpage__item\"><a class=\"ecl-navigation-inpage__link ecl-link ecl-link--standalone\">Press contact<\/a><\/li>\n<\/ul>\n<\/div>\n<\/nav>\n<\/div>\n<div class=\"ecl-col-md-9\">\n<section id=\"inline-nav-1\">\n<div class=\"ecl-paragraph\">\n<p>Today, the Commission announced the next steps in the\u00a0<a href=\"https:\/\/global-response.europa.eu\/about_en\">Coronavirus Global Response<\/a>, the global action for universal access to affordable coronavirus vaccination, treatment and testing. The pledging marathon that started on\u00a0<a href=\"https:\/\/ec.europa.eu\/commission\/presscorner\/detail\/en\/ip_20_797\">4 May<\/a>\u00a0will now see the launch of a new campaign with the international advocacy organisation\u00a0<a href=\"https:\/\/www.globalcitizen.org\/en\/\">Global Citizen,<\/a>\u00a0\u201c<em>Global Goal: Unite For Our Future\u201d,\u00a0<\/em>that will culminate in a Global Pledging Summit on Saturday 27 June.<\/p>\n<p>Together with\u00a0<a href=\"https:\/\/www.globalcitizen.org\/en\/\">Global Citizen<\/a>, the Commission will step up the mobilisation of funding to enable the world to overcome this pandemic \u2013 and avoid another.<\/p>\n<p>This is a new stretch in raising support for the\u00a0<a href=\"https:\/\/ec.europa.eu\/commission\/presscorner\/detail\/en\/qanda_20_958\">ACT-Accelerator<\/a>, launched by the World Health Organization with governments and partners through a global call for action on 24 April 2020. \u00a0The campaign will seek to raise the considerable resources needed to accelerate the development of new solutions and ensure their universal and inclusive access. It means access everywhere, for everyone who needs them.<\/p>\n<p>&nbsp;<\/p>\n<p><strong>The pledging marathon enters its next phase with a new campaign<\/strong><\/p>\n<p>The outcome of the 4 May pledging event shows the willingness and capacity of the world to join forces and pool resources to overcome the pandemic. It bodes well for the unprecedented international collaboration and resources needed for the production, procurement and distribution of vaccines, treatments and tests.<\/p>\n<p>The magnitude of the task requires the mobilisation of citizens globally. During the next four weeks, Global Citizen will lead the \u201cGlobal Goal: Unite for our Future\u201d campaign, with the European Commission as patron and Bloomberg Philanthropies, the Bill &amp; Melinda Gates Foundation and the Wellcome Trust as partners.<\/p>\n<p>Coronavirus Global Response partner countries \u2013 Austria, Belgium, Canada, France, Germany, Italy, Mexico, Morocco, New Zealand, Norway, Saudi Arabia,South Africa, Spain, the United Arab Emirates and the United Kingdom \u2013 as well as the European Investment Bank are supporting this campaign. More are expected to join.The World Health Organisation is also a key partner and supporter in this endeavour. President\u00a0<strong>von der Leyen<\/strong>\u00a0will chair the <strong>\u201cGlobal Goal: Unite for Our Future\u201d<\/strong> Summit on 27 June.<\/p>\n<p>Global artists including Adam Lambert, Chloe x Halle, Chris Rock, Coldplay, Dionne Warwick, Femi Kuti, Fher of Man\u00e1, Hugh Jackman, Idris &amp; Sabrina Elba, J Balvin, Justin Bieber, Lady Gaga, Lang Lang, Miley Cyrus, Padma Lakshmi, Rachel Brosnahan and Shakira have announced that they would help rally citizens to the cause, so they can in turn take action and reach out to world leaders.<\/p>\n<p>In doing so, the campaign will add momentum to organisations such as CEPI, Gavi, the Vaccine Alliance, the Therapeutics Accelerator, UNITAID, FIND and the Global Fund. These groups are leading efforts to develop and make available tests, treatments and vaccines for frontline health workers and those most vulnerable to the virus around the world.<\/p>\n<p>The Global Vaccine Summit organised by Gavi, the Vaccine Alliance on 4 June will be another important milestone in strengthening the health systems and immunisation capacities of the world&#8217;s poorest countries, which will be instrumental in reaching the objectives of the Coronavirus Global Response.<\/p>\n<p>In addition, the Commission encourages people to donate towards the COVID-19 Solidarity Response Fund at WHO.<\/p>\n<p><strong>Global cooperation framework\u00a0<\/strong><\/p>\n<p>As announced on 4 May, the Coronavirus Global Response is comprised of\u00a0<a href=\"https:\/\/ec.europa.eu\/info\/files\/coronavirus-global-response-factsheet_en\">three partnerships<\/a>\u00a0for testing, treating and preventing. The partnerships are underpinned by a horizontal work stream on strengthening health systems in relation to coronavirus.<\/p>\n<h3>More information<\/h3>\n<p class=\"ecl-heading ecl-heading--h1 ecl-u-color-white\"><a href=\"https:\/\/ec.europa.eu\/commission\/presscorner\/detail\/en\/IP_20_952\">Coronavirus Global Response: kick off of new campaign with support of Global Citizen &#8211; European Commission<\/a><\/p>\n<\/div>\n<\/section>\n<\/div>\n","protected":false},"excerpt":{"rendered":"<p>The Commission announced the 28 May the next steps in the Coronavirus Global Response, the global action for universal access to affordable coronavirus vaccination, treatment and testing. New campaign marathon The pledging marathon that started on\u00a04 May\u00a0will now see the launch of a new campaign with the international advocacy organisation\u00a0Global Citizen,\u00a0\u201cGlobal Goal: Unite For Our [&hellip;]<\/p>\n","protected":false},"author":1,"featured_media":44953,"comment_status":"open","ping_status":"open","sticky":false,"template":"","format":"standard","meta":{"_acf_changed":false,"_relevanssi_hide_post":"","_relevanssi_hide_content":"","_relevanssi_pin_for_all":"","_relevanssi_pin_keywords":"","_relevanssi_unpin_keywords":"","_relevanssi_related_keywords":"","_relevanssi_related_include_ids":"","_relevanssi_related_exclude_ids":"","_relevanssi_related_no_append":"","_relevanssi_related_not_related":"","_relevanssi_related_posts":"","_relevanssi_noindex_reason":"","_monsterinsights_skip_tracking":false,"_monsterinsights_sitenote_active":false,"_monsterinsights_sitenote_note":"","_monsterinsights_sitenote_category":0,"_genesis_hide_title":false,"_genesis_hide_breadcrumbs":false,"_genesis_hide_singular_image":false,"_genesis_hide_footer_widgets":false,"_genesis_custom_body_class":"","_genesis_custom_post_class":"","_genesis_layout":"","footnotes":""},"categories":[4093,346,4092,4064],"tags":[1322],"class_list":{"0":"post-44955","1":"post","2":"type-post","3":"status-publish","4":"format-standard","5":"has-post-thumbnail","7":"category-diseases","8":"category-eu-news","9":"category-health","10":"category-institutional","11":"tag-coronavirus-en","12":"entry"},"acf":[],"yoast_head":"<!-- This site is optimized with the Yoast SEO plugin v27.5 - https:\/\/yoast.com\/product\/yoast-seo-wordpress\/ -->\n<title>Coronavirus Global Response: Global Citizen, new supporting campaign | CDE Almer\u00eda - Centro de Documentaci\u00f3n Europea - Universidad de Almer\u00eda<\/title>\n<meta name=\"robots\" content=\"index, follow, max-snippet:-1, max-image-preview:large, max-video-preview:-1\" \/>\n<link rel=\"canonical\" href=\"https:\/\/www.cde.ual.es\/en\/coronavirus-global-response-global-citizen-new-supporting-campaign\/\" \/>\n<meta property=\"og:locale\" content=\"en_US\" \/>\n<meta property=\"og:type\" content=\"article\" \/>\n<meta property=\"og:title\" content=\"Coronavirus Global Response: Global Citizen, new supporting campaign | CDE Almer\u00eda - Centro de Documentaci\u00f3n Europea - Universidad de Almer\u00eda\" \/>\n<meta property=\"og:description\" content=\"The Commission announced the 28 May the next steps in the Coronavirus Global Response, the global action for universal access to affordable coronavirus vaccination, treatment and testing. New campaign marathon The pledging marathon that started on\u00a04 May\u00a0will now see the launch of a new campaign with the international advocacy organisation\u00a0Global Citizen,\u00a0\u201cGlobal Goal: Unite For Our [&hellip;]\" \/>\n<meta property=\"og:url\" content=\"https:\/\/www.cde.ual.es\/en\/coronavirus-global-response-global-citizen-new-supporting-campaign\/\" \/>\n<meta property=\"og:site_name\" content=\"CDE Almer\u00eda - Centro de Documentaci\u00f3n Europea - Universidad de Almer\u00eda\" \/>\n<meta property=\"article:publisher\" content=\"https:\/\/www.facebook.com\/cdeuniversidadalmeria\/\" \/>\n<meta property=\"article:published_time\" content=\"2020-05-30T01:00:28+00:00\" \/>\n<meta property=\"article:modified_time\" content=\"2021-11-23T13:48:02+00:00\" \/>\n<meta property=\"og:image\" content=\"https:\/\/www.cde.ual.es\/wp-content\/uploads\/2020\/05\/Global-Citizen.jpg\" \/>\n\t<meta property=\"og:image:width\" content=\"934\" \/>\n\t<meta property=\"og:image:height\" content=\"551\" \/>\n\t<meta property=\"og:image:type\" content=\"image\/jpeg\" \/>\n<meta name=\"author\" content=\"AdminCDE\" \/>\n<meta name=\"twitter:card\" content=\"summary_large_image\" \/>\n<meta name=\"twitter:creator\" content=\"@cdeualmeria\" \/>\n<meta name=\"twitter:site\" content=\"@cdeualmeria\" \/>\n<meta name=\"twitter:label1\" content=\"Written by\" \/>\n\t<meta name=\"twitter:data1\" content=\"AdminCDE\" \/>\n\t<meta name=\"twitter:label2\" content=\"Est. reading time\" \/>\n\t<meta name=\"twitter:data2\" content=\"4 minutes\" \/>\n<script type=\"application\/ld+json\" class=\"yoast-schema-graph\">{\"@context\":\"https:\\\/\\\/schema.org\",\"@graph\":[{\"@type\":\"Article\",\"@id\":\"https:\\\/\\\/www.cde.ual.es\\\/en\\\/coronavirus-global-response-global-citizen-new-supporting-campaign\\\/#article\",\"isPartOf\":{\"@id\":\"https:\\\/\\\/www.cde.ual.es\\\/en\\\/coronavirus-global-response-global-citizen-new-supporting-campaign\\\/\"},\"author\":{\"name\":\"AdminCDE\",\"@id\":\"https:\\\/\\\/www.cde.ual.es\\\/#\\\/schema\\\/person\\\/224ef08c8bcc005f319d2713ce37ee5f\"},\"headline\":\"Coronavirus Global Response: Global Citizen, new supporting campaign\",\"datePublished\":\"2020-05-30T01:00:28+00:00\",\"dateModified\":\"2021-11-23T13:48:02+00:00\",\"mainEntityOfPage\":{\"@id\":\"https:\\\/\\\/www.cde.ual.es\\\/en\\\/coronavirus-global-response-global-citizen-new-supporting-campaign\\\/\"},\"wordCount\":805,\"commentCount\":0,\"publisher\":{\"@id\":\"https:\\\/\\\/www.cde.ual.es\\\/#organization\"},\"image\":{\"@id\":\"https:\\\/\\\/www.cde.ual.es\\\/en\\\/coronavirus-global-response-global-citizen-new-supporting-campaign\\\/#primaryimage\"},\"thumbnailUrl\":\"https:\\\/\\\/www.cde.ual.es\\\/wp-content\\\/uploads\\\/2020\\\/05\\\/Global-Citizen.jpg\",\"keywords\":[\"Coronavirus\"],\"articleSection\":[\"Diseases\",\"EU News\",\"Health\",\"Institutional Affairs\"],\"inLanguage\":\"en-US\",\"potentialAction\":[{\"@type\":\"CommentAction\",\"name\":\"Comment\",\"target\":[\"https:\\\/\\\/www.cde.ual.es\\\/en\\\/coronavirus-global-response-global-citizen-new-supporting-campaign\\\/#respond\"]}]},{\"@type\":\"WebPage\",\"@id\":\"https:\\\/\\\/www.cde.ual.es\\\/en\\\/coronavirus-global-response-global-citizen-new-supporting-campaign\\\/\",\"url\":\"https:\\\/\\\/www.cde.ual.es\\\/en\\\/coronavirus-global-response-global-citizen-new-supporting-campaign\\\/\",\"name\":\"Coronavirus Global Response: Global Citizen, new supporting campaign | CDE Almer\u00eda - Centro de Documentaci\u00f3n Europea - Universidad de Almer\u00eda\",\"isPartOf\":{\"@id\":\"https:\\\/\\\/www.cde.ual.es\\\/#website\"},\"primaryImageOfPage\":{\"@id\":\"https:\\\/\\\/www.cde.ual.es\\\/en\\\/coronavirus-global-response-global-citizen-new-supporting-campaign\\\/#primaryimage\"},\"image\":{\"@id\":\"https:\\\/\\\/www.cde.ual.es\\\/en\\\/coronavirus-global-response-global-citizen-new-supporting-campaign\\\/#primaryimage\"},\"thumbnailUrl\":\"https:\\\/\\\/www.cde.ual.es\\\/wp-content\\\/uploads\\\/2020\\\/05\\\/Global-Citizen.jpg\",\"datePublished\":\"2020-05-30T01:00:28+00:00\",\"dateModified\":\"2021-11-23T13:48:02+00:00\",\"breadcrumb\":{\"@id\":\"https:\\\/\\\/www.cde.ual.es\\\/en\\\/coronavirus-global-response-global-citizen-new-supporting-campaign\\\/#breadcrumb\"},\"inLanguage\":\"en-US\",\"potentialAction\":[{\"@type\":\"ReadAction\",\"target\":[\"https:\\\/\\\/www.cde.ual.es\\\/en\\\/coronavirus-global-response-global-citizen-new-supporting-campaign\\\/\"]}]},{\"@type\":\"ImageObject\",\"inLanguage\":\"en-US\",\"@id\":\"https:\\\/\\\/www.cde.ual.es\\\/en\\\/coronavirus-global-response-global-citizen-new-supporting-campaign\\\/#primaryimage\",\"url\":\"https:\\\/\\\/www.cde.ual.es\\\/wp-content\\\/uploads\\\/2020\\\/05\\\/Global-Citizen.jpg\",\"contentUrl\":\"https:\\\/\\\/www.cde.ual.es\\\/wp-content\\\/uploads\\\/2020\\\/05\\\/Global-Citizen.jpg\",\"width\":934,\"height\":551},{\"@type\":\"BreadcrumbList\",\"@id\":\"https:\\\/\\\/www.cde.ual.es\\\/en\\\/coronavirus-global-response-global-citizen-new-supporting-campaign\\\/#breadcrumb\",\"itemListElement\":[{\"@type\":\"ListItem\",\"position\":1,\"name\":\"Inicio\",\"item\":\"https:\\\/\\\/www.cde.ual.es\\\/en\\\/\"},{\"@type\":\"ListItem\",\"position\":2,\"name\":\"EU News\",\"item\":\"https:\\\/\\\/www.cde.ual.es\\\/en\\\/category\\\/eu-news\\\/\"},{\"@type\":\"ListItem\",\"position\":3,\"name\":\"Health\",\"item\":\"https:\\\/\\\/www.cde.ual.es\\\/en\\\/category\\\/eu-news\\\/health\\\/\"},{\"@type\":\"ListItem\",\"position\":4,\"name\":\"Diseases\",\"item\":\"https:\\\/\\\/www.cde.ual.es\\\/en\\\/category\\\/eu-news\\\/health\\\/diseases\\\/\"},{\"@type\":\"ListItem\",\"position\":5,\"name\":\"Coronavirus Global Response: Global Citizen, new supporting campaign\"}]},{\"@type\":\"WebSite\",\"@id\":\"https:\\\/\\\/www.cde.ual.es\\\/#website\",\"url\":\"https:\\\/\\\/www.cde.ual.es\\\/\",\"name\":\"CDE Almer\u00eda - Centro de Documentaci\u00f3n Europea - Universidad de Almer\u00eda\",\"description\":\"Centro de Documentaci\u00f3n Europea de la Universidad de Almer\u00eda\",\"publisher\":{\"@id\":\"https:\\\/\\\/www.cde.ual.es\\\/#organization\"},\"alternateName\":\"CDE Almer\u00eda\",\"potentialAction\":[{\"@type\":\"SearchAction\",\"target\":{\"@type\":\"EntryPoint\",\"urlTemplate\":\"https:\\\/\\\/www.cde.ual.es\\\/?s={search_term_string}\"},\"query-input\":{\"@type\":\"PropertyValueSpecification\",\"valueRequired\":true,\"valueName\":\"search_term_string\"}}],\"inLanguage\":\"en-US\"},{\"@type\":\"Organization\",\"@id\":\"https:\\\/\\\/www.cde.ual.es\\\/#organization\",\"name\":\"Centro de Documentaci\u00f3n Europea de Almer\u00eda\",\"url\":\"https:\\\/\\\/www.cde.ual.es\\\/\",\"logo\":{\"@type\":\"ImageObject\",\"inLanguage\":\"en-US\",\"@id\":\"https:\\\/\\\/www.cde.ual.es\\\/#\\\/schema\\\/logo\\\/image\\\/\",\"url\":\"https:\\\/\\\/www.cde.ual.es\\\/wp-content\\\/uploads\\\/2025\\\/07\\\/cde-logo-3.png\",\"contentUrl\":\"https:\\\/\\\/www.cde.ual.es\\\/wp-content\\\/uploads\\\/2025\\\/07\\\/cde-logo-3.png\",\"width\":1400,\"height\":300,\"caption\":\"Centro de Documentaci\u00f3n Europea de Almer\u00eda\"},\"image\":{\"@id\":\"https:\\\/\\\/www.cde.ual.es\\\/#\\\/schema\\\/logo\\\/image\\\/\"},\"sameAs\":[\"https:\\\/\\\/www.facebook.com\\\/cdeuniversidadalmeria\\\/\",\"https:\\\/\\\/x.com\\\/cdeualmeria\",\"https:\\\/\\\/www.tiktok.com\\\/@cdealmeria\",\"https:\\\/\\\/www.instagram.com\\\/cdealmeria\\\/\",\"https:\\\/\\\/www.linkedin.com\\\/in\\\/cde-almera-812b26a9\\\/\"]},{\"@type\":\"Person\",\"@id\":\"https:\\\/\\\/www.cde.ual.es\\\/#\\\/schema\\\/person\\\/224ef08c8bcc005f319d2713ce37ee5f\",\"name\":\"AdminCDE\",\"image\":{\"@type\":\"ImageObject\",\"inLanguage\":\"en-US\",\"@id\":\"https:\\\/\\\/secure.gravatar.com\\\/avatar\\\/a72d038d371f995cd13706fac32274b7952a52e8fb0a84b5f80c85426f2a98a8?s=96&d=mm&r=g\",\"url\":\"https:\\\/\\\/secure.gravatar.com\\\/avatar\\\/a72d038d371f995cd13706fac32274b7952a52e8fb0a84b5f80c85426f2a98a8?s=96&d=mm&r=g\",\"contentUrl\":\"https:\\\/\\\/secure.gravatar.com\\\/avatar\\\/a72d038d371f995cd13706fac32274b7952a52e8fb0a84b5f80c85426f2a98a8?s=96&d=mm&r=g\",\"caption\":\"AdminCDE\"}}]}<\/script>\n<!-- \/ Yoast SEO plugin. -->","yoast_head_json":{"title":"Coronavirus Global Response: Global Citizen, new supporting campaign | CDE Almer\u00eda - Centro de Documentaci\u00f3n Europea - Universidad de Almer\u00eda","robots":{"index":"index","follow":"follow","max-snippet":"max-snippet:-1","max-image-preview":"max-image-preview:large","max-video-preview":"max-video-preview:-1"},"canonical":"https:\/\/www.cde.ual.es\/en\/coronavirus-global-response-global-citizen-new-supporting-campaign\/","og_locale":"en_US","og_type":"article","og_title":"Coronavirus Global Response: Global Citizen, new supporting campaign | CDE Almer\u00eda - Centro de Documentaci\u00f3n Europea - Universidad de Almer\u00eda","og_description":"The Commission announced the 28 May the next steps in the Coronavirus Global Response, the global action for universal access to affordable coronavirus vaccination, treatment and testing. New campaign marathon The pledging marathon that started on\u00a04 May\u00a0will now see the launch of a new campaign with the international advocacy organisation\u00a0Global Citizen,\u00a0\u201cGlobal Goal: Unite For Our [&hellip;]","og_url":"https:\/\/www.cde.ual.es\/en\/coronavirus-global-response-global-citizen-new-supporting-campaign\/","og_site_name":"CDE Almer\u00eda - Centro de Documentaci\u00f3n Europea - Universidad de Almer\u00eda","article_publisher":"https:\/\/www.facebook.com\/cdeuniversidadalmeria\/","article_published_time":"2020-05-30T01:00:28+00:00","article_modified_time":"2021-11-23T13:48:02+00:00","og_image":[{"width":934,"height":551,"url":"https:\/\/www.cde.ual.es\/wp-content\/uploads\/2020\/05\/Global-Citizen.jpg","type":"image\/jpeg"}],"author":"AdminCDE","twitter_card":"summary_large_image","twitter_creator":"@cdeualmeria","twitter_site":"@cdeualmeria","twitter_misc":{"Written by":"AdminCDE","Est. reading time":"4 minutes"},"schema":{"@context":"https:\/\/schema.org","@graph":[{"@type":"Article","@id":"https:\/\/www.cde.ual.es\/en\/coronavirus-global-response-global-citizen-new-supporting-campaign\/#article","isPartOf":{"@id":"https:\/\/www.cde.ual.es\/en\/coronavirus-global-response-global-citizen-new-supporting-campaign\/"},"author":{"name":"AdminCDE","@id":"https:\/\/www.cde.ual.es\/#\/schema\/person\/224ef08c8bcc005f319d2713ce37ee5f"},"headline":"Coronavirus Global Response: Global Citizen, new supporting campaign","datePublished":"2020-05-30T01:00:28+00:00","dateModified":"2021-11-23T13:48:02+00:00","mainEntityOfPage":{"@id":"https:\/\/www.cde.ual.es\/en\/coronavirus-global-response-global-citizen-new-supporting-campaign\/"},"wordCount":805,"commentCount":0,"publisher":{"@id":"https:\/\/www.cde.ual.es\/#organization"},"image":{"@id":"https:\/\/www.cde.ual.es\/en\/coronavirus-global-response-global-citizen-new-supporting-campaign\/#primaryimage"},"thumbnailUrl":"https:\/\/www.cde.ual.es\/wp-content\/uploads\/2020\/05\/Global-Citizen.jpg","keywords":["Coronavirus"],"articleSection":["Diseases","EU News","Health","Institutional Affairs"],"inLanguage":"en-US","potentialAction":[{"@type":"CommentAction","name":"Comment","target":["https:\/\/www.cde.ual.es\/en\/coronavirus-global-response-global-citizen-new-supporting-campaign\/#respond"]}]},{"@type":"WebPage","@id":"https:\/\/www.cde.ual.es\/en\/coronavirus-global-response-global-citizen-new-supporting-campaign\/","url":"https:\/\/www.cde.ual.es\/en\/coronavirus-global-response-global-citizen-new-supporting-campaign\/","name":"Coronavirus Global Response: Global Citizen, new supporting campaign | CDE Almer\u00eda - Centro de Documentaci\u00f3n Europea - Universidad de Almer\u00eda","isPartOf":{"@id":"https:\/\/www.cde.ual.es\/#website"},"primaryImageOfPage":{"@id":"https:\/\/www.cde.ual.es\/en\/coronavirus-global-response-global-citizen-new-supporting-campaign\/#primaryimage"},"image":{"@id":"https:\/\/www.cde.ual.es\/en\/coronavirus-global-response-global-citizen-new-supporting-campaign\/#primaryimage"},"thumbnailUrl":"https:\/\/www.cde.ual.es\/wp-content\/uploads\/2020\/05\/Global-Citizen.jpg","datePublished":"2020-05-30T01:00:28+00:00","dateModified":"2021-11-23T13:48:02+00:00","breadcrumb":{"@id":"https:\/\/www.cde.ual.es\/en\/coronavirus-global-response-global-citizen-new-supporting-campaign\/#breadcrumb"},"inLanguage":"en-US","potentialAction":[{"@type":"ReadAction","target":["https:\/\/www.cde.ual.es\/en\/coronavirus-global-response-global-citizen-new-supporting-campaign\/"]}]},{"@type":"ImageObject","inLanguage":"en-US","@id":"https:\/\/www.cde.ual.es\/en\/coronavirus-global-response-global-citizen-new-supporting-campaign\/#primaryimage","url":"https:\/\/www.cde.ual.es\/wp-content\/uploads\/2020\/05\/Global-Citizen.jpg","contentUrl":"https:\/\/www.cde.ual.es\/wp-content\/uploads\/2020\/05\/Global-Citizen.jpg","width":934,"height":551},{"@type":"BreadcrumbList","@id":"https:\/\/www.cde.ual.es\/en\/coronavirus-global-response-global-citizen-new-supporting-campaign\/#breadcrumb","itemListElement":[{"@type":"ListItem","position":1,"name":"Inicio","item":"https:\/\/www.cde.ual.es\/en\/"},{"@type":"ListItem","position":2,"name":"EU News","item":"https:\/\/www.cde.ual.es\/en\/category\/eu-news\/"},{"@type":"ListItem","position":3,"name":"Health","item":"https:\/\/www.cde.ual.es\/en\/category\/eu-news\/health\/"},{"@type":"ListItem","position":4,"name":"Diseases","item":"https:\/\/www.cde.ual.es\/en\/category\/eu-news\/health\/diseases\/"},{"@type":"ListItem","position":5,"name":"Coronavirus Global Response: Global Citizen, new supporting campaign"}]},{"@type":"WebSite","@id":"https:\/\/www.cde.ual.es\/#website","url":"https:\/\/www.cde.ual.es\/","name":"CDE Almer\u00eda - Centro de Documentaci\u00f3n Europea - Universidad de Almer\u00eda","description":"Centro de Documentaci\u00f3n Europea de la Universidad de Almer\u00eda","publisher":{"@id":"https:\/\/www.cde.ual.es\/#organization"},"alternateName":"CDE Almer\u00eda","potentialAction":[{"@type":"SearchAction","target":{"@type":"EntryPoint","urlTemplate":"https:\/\/www.cde.ual.es\/?s={search_term_string}"},"query-input":{"@type":"PropertyValueSpecification","valueRequired":true,"valueName":"search_term_string"}}],"inLanguage":"en-US"},{"@type":"Organization","@id":"https:\/\/www.cde.ual.es\/#organization","name":"Centro de Documentaci\u00f3n Europea de Almer\u00eda","url":"https:\/\/www.cde.ual.es\/","logo":{"@type":"ImageObject","inLanguage":"en-US","@id":"https:\/\/www.cde.ual.es\/#\/schema\/logo\/image\/","url":"https:\/\/www.cde.ual.es\/wp-content\/uploads\/2025\/07\/cde-logo-3.png","contentUrl":"https:\/\/www.cde.ual.es\/wp-content\/uploads\/2025\/07\/cde-logo-3.png","width":1400,"height":300,"caption":"Centro de Documentaci\u00f3n Europea de Almer\u00eda"},"image":{"@id":"https:\/\/www.cde.ual.es\/#\/schema\/logo\/image\/"},"sameAs":["https:\/\/www.facebook.com\/cdeuniversidadalmeria\/","https:\/\/x.com\/cdeualmeria","https:\/\/www.tiktok.com\/@cdealmeria","https:\/\/www.instagram.com\/cdealmeria\/","https:\/\/www.linkedin.com\/in\/cde-almera-812b26a9\/"]},{"@type":"Person","@id":"https:\/\/www.cde.ual.es\/#\/schema\/person\/224ef08c8bcc005f319d2713ce37ee5f","name":"AdminCDE","image":{"@type":"ImageObject","inLanguage":"en-US","@id":"https:\/\/secure.gravatar.com\/avatar\/a72d038d371f995cd13706fac32274b7952a52e8fb0a84b5f80c85426f2a98a8?s=96&d=mm&r=g","url":"https:\/\/secure.gravatar.com\/avatar\/a72d038d371f995cd13706fac32274b7952a52e8fb0a84b5f80c85426f2a98a8?s=96&d=mm&r=g","contentUrl":"https:\/\/secure.gravatar.com\/avatar\/a72d038d371f995cd13706fac32274b7952a52e8fb0a84b5f80c85426f2a98a8?s=96&d=mm&r=g","caption":"AdminCDE"}}]}},"_links":{"self":[{"href":"https:\/\/www.cde.ual.es\/en\/wp-json\/wp\/v2\/posts\/44955","targetHints":{"allow":["GET"]}}],"collection":[{"href":"https:\/\/www.cde.ual.es\/en\/wp-json\/wp\/v2\/posts"}],"about":[{"href":"https:\/\/www.cde.ual.es\/en\/wp-json\/wp\/v2\/types\/post"}],"author":[{"embeddable":true,"href":"https:\/\/www.cde.ual.es\/en\/wp-json\/wp\/v2\/users\/1"}],"replies":[{"embeddable":true,"href":"https:\/\/www.cde.ual.es\/en\/wp-json\/wp\/v2\/comments?post=44955"}],"version-history":[{"count":0,"href":"https:\/\/www.cde.ual.es\/en\/wp-json\/wp\/v2\/posts\/44955\/revisions"}],"wp:featuredmedia":[{"embeddable":true,"href":"https:\/\/www.cde.ual.es\/en\/wp-json\/wp\/v2\/media\/44953"}],"wp:attachment":[{"href":"https:\/\/www.cde.ual.es\/en\/wp-json\/wp\/v2\/media?parent=44955"}],"wp:term":[{"taxonomy":"category","embeddable":true,"href":"https:\/\/www.cde.ual.es\/en\/wp-json\/wp\/v2\/categories?post=44955"},{"taxonomy":"post_tag","embeddable":true,"href":"https:\/\/www.cde.ual.es\/en\/wp-json\/wp\/v2\/tags?post=44955"}],"curies":[{"name":"wp","href":"https:\/\/api.w.org\/{rel}","templated":true}]}}