{"id":44391,"date":"2020-05-23T03:00:37","date_gmt":"2020-05-23T01:00:37","guid":{"rendered":"https:\/\/www.cde.ual.es\/?p=44391"},"modified":"2021-11-23T14:29:22","modified_gmt":"2021-11-23T13:29:22","slug":"webinar-cancer-and-covid-19","status":"publish","type":"post","link":"https:\/\/www.cde.ual.es\/en\/webinar-cancer-and-covid-19\/","title":{"rendered":"Webinar: Cancer and COVID-19"},"content":{"rendered":"<p>Cancer is a <strong>major public health problem<\/strong> with a high morbidity and mortality rate. It is the second cause of death, after diseases of the circulatory system, although in men it is, since 2000, the first cause of death.<\/p>\n<p><a href=\"https:\/\/www.cde.ual.es\/wp-content\/uploads\/2019\/03\/cancer-389921_1920.jpg\"><img decoding=\"async\" class=\"size-medium wp-image-14865 aligncenter\" src=\"https:\/\/www.cde.ual.es\/wp-content\/uploads\/2019\/03\/cancer-389921_1920-300x199.jpg\" alt=\"\" width=\"300\" height=\"199\" srcset=\"https:\/\/www.cde.ual.es\/wp-content\/uploads\/2019\/03\/cancer-389921_1920-300x199.jpg 300w, https:\/\/www.cde.ual.es\/wp-content\/uploads\/2019\/03\/cancer-389921_1920-768x508.jpg 768w, https:\/\/www.cde.ual.es\/wp-content\/uploads\/2019\/03\/cancer-389921_1920-1024x678.jpg 1024w, https:\/\/www.cde.ual.es\/wp-content\/uploads\/2019\/03\/cancer-389921_1920.jpg 1920w\" sizes=\"(max-width: 300px) 100vw, 300px\" \/><\/a><\/p>\n<p>Cancer patients are considered <strong>a risk group in the<\/strong> <strong>COVID-19<\/strong> pandemic, as cancer and cancer-related treatments often cause immunosuppression and therefore people may be more susceptible to infection.<\/p>\n<p>Measures include both procedures to reduce the risk of infection (e.g. postponing non-essential visits, telemedicine, educating patients on hygiene measures, etc.), and the possibility of delaying treatments or lowering the dose of some immunosuppressive treatments, provided that this delay does not pose a risk to patients, and always communicating with them to assess the risk-benefit balance, considering the individual situation of each patient.<\/p>\n<p>The European Commission has organised a webinar to address the present situation and the challenges to face.<\/p>\n<h3>Date<\/h3>\n<p><strong>28 May<\/strong> 2020<\/p>\n<h3>More information<\/h3>\n<p><a href=\"https:\/\/ec.europa.eu\/health\/sites\/health\/files\/non_communicable_diseases\/docs\/ev_20200528_webinar-cancer-covid19.pdf\">Registration: Cancer and Covid-19: current and future challenges<\/a><\/p>\n<p><a href=\"https:\/\/www.easp.es\/web\/coronavirusysaludpublica\/cancer-en-tiempos-de-covid-19-implicaciones-para-este-grupo-de-riesgo\/\">Cancer in times of IDOC-19: implications for this risk group<\/a><\/p>\n","protected":false},"excerpt":{"rendered":"<p>Cancer is a major public health problem with a high morbidity and mortality rate. It is the second cause of death, after diseases of the circulatory system, although in men it is, since 2000, the first cause of death. Cancer patients are considered a risk group in the COVID-19 pandemic, as cancer and cancer-related treatments [&hellip;]<\/p>\n","protected":false},"author":1,"featured_media":14865,"comment_status":"open","ping_status":"open","sticky":false,"template":"","format":"standard","meta":{"_acf_changed":false,"_relevanssi_hide_post":"","_relevanssi_hide_content":"","_relevanssi_pin_for_all":"","_relevanssi_pin_keywords":"","_relevanssi_unpin_keywords":"","_relevanssi_related_keywords":"","_relevanssi_related_include_ids":"","_relevanssi_related_exclude_ids":"","_relevanssi_related_no_append":"","_relevanssi_related_not_related":"","_relevanssi_related_posts":"","_relevanssi_noindex_reason":"","_monsterinsights_skip_tracking":false,"_monsterinsights_sitenote_active":false,"_monsterinsights_sitenote_note":"","_monsterinsights_sitenote_category":0,"_genesis_hide_title":false,"_genesis_hide_breadcrumbs":false,"_genesis_hide_singular_image":false,"_genesis_hide_footer_widgets":false,"_genesis_custom_body_class":"","_genesis_custom_post_class":"","_genesis_layout":"","footnotes":""},"categories":[366,4115],"tags":[438,1322,1352],"class_list":{"0":"post-44391","1":"post","2":"type-post","3":"status-publish","4":"format-standard","5":"has-post-thumbnail","7":"category-eu-calls-and-awards","8":"category-other","9":"tag-cancer-en","10":"tag-coronavirus-en","11":"tag-covid-19","12":"entry"},"acf":[],"yoast_head":"<!-- This site is optimized with the Yoast SEO plugin v27.4 - https:\/\/yoast.com\/product\/yoast-seo-wordpress\/ -->\n<title>Webinar: Cancer and COVID-19 | CDE Almer\u00eda - Centro de Documentaci\u00f3n Europea - Universidad de Almer\u00eda<\/title>\n<meta name=\"robots\" content=\"index, follow, max-snippet:-1, max-image-preview:large, max-video-preview:-1\" \/>\n<link rel=\"canonical\" href=\"https:\/\/www.cde.ual.es\/en\/webinar-cancer-and-covid-19\/\" \/>\n<meta property=\"og:locale\" content=\"en_US\" \/>\n<meta property=\"og:type\" content=\"article\" \/>\n<meta property=\"og:title\" content=\"Webinar: Cancer and COVID-19 | CDE Almer\u00eda - Centro de Documentaci\u00f3n Europea - Universidad de Almer\u00eda\" \/>\n<meta property=\"og:description\" content=\"Cancer is a major public health problem with a high morbidity and mortality rate. It is the second cause of death, after diseases of the circulatory system, although in men it is, since 2000, the first cause of death. Cancer patients are considered a risk group in the COVID-19 pandemic, as cancer and cancer-related treatments [&hellip;]\" \/>\n<meta property=\"og:url\" content=\"https:\/\/www.cde.ual.es\/en\/webinar-cancer-and-covid-19\/\" \/>\n<meta property=\"og:site_name\" content=\"CDE Almer\u00eda - Centro de Documentaci\u00f3n Europea - Universidad de Almer\u00eda\" \/>\n<meta property=\"article:publisher\" content=\"https:\/\/www.facebook.com\/cdeuniversidadalmeria\/\" \/>\n<meta property=\"article:published_time\" content=\"2020-05-23T01:00:37+00:00\" \/>\n<meta property=\"article:modified_time\" content=\"2021-11-23T13:29:22+00:00\" \/>\n<meta property=\"og:image\" content=\"https:\/\/www.cde.ual.es\/wp-content\/uploads\/2019\/03\/cancer-389921_1920.jpg\" \/>\n\t<meta property=\"og:image:width\" content=\"1920\" \/>\n\t<meta property=\"og:image:height\" content=\"1271\" \/>\n\t<meta property=\"og:image:type\" content=\"image\/jpeg\" \/>\n<meta name=\"author\" content=\"AdminCDE\" \/>\n<meta name=\"twitter:card\" content=\"summary_large_image\" \/>\n<meta name=\"twitter:creator\" content=\"@cdeualmeria\" \/>\n<meta name=\"twitter:site\" content=\"@cdeualmeria\" \/>\n<meta name=\"twitter:label1\" content=\"Written by\" \/>\n\t<meta name=\"twitter:data1\" content=\"AdminCDE\" \/>\n\t<meta name=\"twitter:label2\" content=\"Est. reading time\" \/>\n\t<meta name=\"twitter:data2\" content=\"1 minute\" \/>\n<script type=\"application\/ld+json\" class=\"yoast-schema-graph\">{\"@context\":\"https:\\\/\\\/schema.org\",\"@graph\":[{\"@type\":\"Article\",\"@id\":\"https:\\\/\\\/www.cde.ual.es\\\/en\\\/webinar-cancer-and-covid-19\\\/#article\",\"isPartOf\":{\"@id\":\"https:\\\/\\\/www.cde.ual.es\\\/en\\\/webinar-cancer-and-covid-19\\\/\"},\"author\":{\"name\":\"AdminCDE\",\"@id\":\"https:\\\/\\\/www.cde.ual.es\\\/#\\\/schema\\\/person\\\/224ef08c8bcc005f319d2713ce37ee5f\"},\"headline\":\"Webinar: Cancer and COVID-19\",\"datePublished\":\"2020-05-23T01:00:37+00:00\",\"dateModified\":\"2021-11-23T13:29:22+00:00\",\"mainEntityOfPage\":{\"@id\":\"https:\\\/\\\/www.cde.ual.es\\\/en\\\/webinar-cancer-and-covid-19\\\/\"},\"wordCount\":173,\"commentCount\":0,\"publisher\":{\"@id\":\"https:\\\/\\\/www.cde.ual.es\\\/#organization\"},\"image\":{\"@id\":\"https:\\\/\\\/www.cde.ual.es\\\/en\\\/webinar-cancer-and-covid-19\\\/#primaryimage\"},\"thumbnailUrl\":\"https:\\\/\\\/www.cde.ual.es\\\/wp-content\\\/uploads\\\/2019\\\/03\\\/cancer-389921_1920.jpg\",\"keywords\":[\"Cancer\",\"Coronavirus\",\"covid-19\"],\"articleSection\":[\"EU Calls and Awards\",\"Other\"],\"inLanguage\":\"en-US\",\"potentialAction\":[{\"@type\":\"CommentAction\",\"name\":\"Comment\",\"target\":[\"https:\\\/\\\/www.cde.ual.es\\\/en\\\/webinar-cancer-and-covid-19\\\/#respond\"]}]},{\"@type\":\"WebPage\",\"@id\":\"https:\\\/\\\/www.cde.ual.es\\\/en\\\/webinar-cancer-and-covid-19\\\/\",\"url\":\"https:\\\/\\\/www.cde.ual.es\\\/en\\\/webinar-cancer-and-covid-19\\\/\",\"name\":\"Webinar: Cancer and COVID-19 | CDE Almer\u00eda - Centro de Documentaci\u00f3n Europea - Universidad de Almer\u00eda\",\"isPartOf\":{\"@id\":\"https:\\\/\\\/www.cde.ual.es\\\/#website\"},\"primaryImageOfPage\":{\"@id\":\"https:\\\/\\\/www.cde.ual.es\\\/en\\\/webinar-cancer-and-covid-19\\\/#primaryimage\"},\"image\":{\"@id\":\"https:\\\/\\\/www.cde.ual.es\\\/en\\\/webinar-cancer-and-covid-19\\\/#primaryimage\"},\"thumbnailUrl\":\"https:\\\/\\\/www.cde.ual.es\\\/wp-content\\\/uploads\\\/2019\\\/03\\\/cancer-389921_1920.jpg\",\"datePublished\":\"2020-05-23T01:00:37+00:00\",\"dateModified\":\"2021-11-23T13:29:22+00:00\",\"breadcrumb\":{\"@id\":\"https:\\\/\\\/www.cde.ual.es\\\/en\\\/webinar-cancer-and-covid-19\\\/#breadcrumb\"},\"inLanguage\":\"en-US\",\"potentialAction\":[{\"@type\":\"ReadAction\",\"target\":[\"https:\\\/\\\/www.cde.ual.es\\\/en\\\/webinar-cancer-and-covid-19\\\/\"]}]},{\"@type\":\"ImageObject\",\"inLanguage\":\"en-US\",\"@id\":\"https:\\\/\\\/www.cde.ual.es\\\/en\\\/webinar-cancer-and-covid-19\\\/#primaryimage\",\"url\":\"https:\\\/\\\/www.cde.ual.es\\\/wp-content\\\/uploads\\\/2019\\\/03\\\/cancer-389921_1920.jpg\",\"contentUrl\":\"https:\\\/\\\/www.cde.ual.es\\\/wp-content\\\/uploads\\\/2019\\\/03\\\/cancer-389921_1920.jpg\",\"width\":1920,\"height\":1271},{\"@type\":\"BreadcrumbList\",\"@id\":\"https:\\\/\\\/www.cde.ual.es\\\/en\\\/webinar-cancer-and-covid-19\\\/#breadcrumb\",\"itemListElement\":[{\"@type\":\"ListItem\",\"position\":1,\"name\":\"Inicio\",\"item\":\"https:\\\/\\\/www.cde.ual.es\\\/en\\\/\"},{\"@type\":\"ListItem\",\"position\":2,\"name\":\"EU Calls and Awards\",\"item\":\"https:\\\/\\\/www.cde.ual.es\\\/en\\\/category\\\/eu-calls-and-awards\\\/\"},{\"@type\":\"ListItem\",\"position\":3,\"name\":\"Other\",\"item\":\"https:\\\/\\\/www.cde.ual.es\\\/en\\\/category\\\/eu-calls-and-awards\\\/other\\\/\"},{\"@type\":\"ListItem\",\"position\":4,\"name\":\"Webinar: Cancer and COVID-19\"}]},{\"@type\":\"WebSite\",\"@id\":\"https:\\\/\\\/www.cde.ual.es\\\/#website\",\"url\":\"https:\\\/\\\/www.cde.ual.es\\\/\",\"name\":\"CDE Almer\u00eda - Centro de Documentaci\u00f3n Europea - Universidad de Almer\u00eda\",\"description\":\"Centro de Documentaci\u00f3n Europea de la Universidad de Almer\u00eda\",\"publisher\":{\"@id\":\"https:\\\/\\\/www.cde.ual.es\\\/#organization\"},\"alternateName\":\"CDE Almer\u00eda\",\"potentialAction\":[{\"@type\":\"SearchAction\",\"target\":{\"@type\":\"EntryPoint\",\"urlTemplate\":\"https:\\\/\\\/www.cde.ual.es\\\/?s={search_term_string}\"},\"query-input\":{\"@type\":\"PropertyValueSpecification\",\"valueRequired\":true,\"valueName\":\"search_term_string\"}}],\"inLanguage\":\"en-US\"},{\"@type\":\"Organization\",\"@id\":\"https:\\\/\\\/www.cde.ual.es\\\/#organization\",\"name\":\"Centro de Documentaci\u00f3n Europea de Almer\u00eda\",\"url\":\"https:\\\/\\\/www.cde.ual.es\\\/\",\"logo\":{\"@type\":\"ImageObject\",\"inLanguage\":\"en-US\",\"@id\":\"https:\\\/\\\/www.cde.ual.es\\\/#\\\/schema\\\/logo\\\/image\\\/\",\"url\":\"https:\\\/\\\/www.cde.ual.es\\\/wp-content\\\/uploads\\\/2025\\\/07\\\/cde-logo-3.png\",\"contentUrl\":\"https:\\\/\\\/www.cde.ual.es\\\/wp-content\\\/uploads\\\/2025\\\/07\\\/cde-logo-3.png\",\"width\":1400,\"height\":300,\"caption\":\"Centro de Documentaci\u00f3n Europea de Almer\u00eda\"},\"image\":{\"@id\":\"https:\\\/\\\/www.cde.ual.es\\\/#\\\/schema\\\/logo\\\/image\\\/\"},\"sameAs\":[\"https:\\\/\\\/www.facebook.com\\\/cdeuniversidadalmeria\\\/\",\"https:\\\/\\\/x.com\\\/cdeualmeria\",\"https:\\\/\\\/www.tiktok.com\\\/@cdealmeria\",\"https:\\\/\\\/www.instagram.com\\\/cdealmeria\\\/\",\"https:\\\/\\\/www.linkedin.com\\\/in\\\/cde-almera-812b26a9\\\/\"]},{\"@type\":\"Person\",\"@id\":\"https:\\\/\\\/www.cde.ual.es\\\/#\\\/schema\\\/person\\\/224ef08c8bcc005f319d2713ce37ee5f\",\"name\":\"AdminCDE\",\"image\":{\"@type\":\"ImageObject\",\"inLanguage\":\"en-US\",\"@id\":\"https:\\\/\\\/secure.gravatar.com\\\/avatar\\\/a72d038d371f995cd13706fac32274b7952a52e8fb0a84b5f80c85426f2a98a8?s=96&d=mm&r=g\",\"url\":\"https:\\\/\\\/secure.gravatar.com\\\/avatar\\\/a72d038d371f995cd13706fac32274b7952a52e8fb0a84b5f80c85426f2a98a8?s=96&d=mm&r=g\",\"contentUrl\":\"https:\\\/\\\/secure.gravatar.com\\\/avatar\\\/a72d038d371f995cd13706fac32274b7952a52e8fb0a84b5f80c85426f2a98a8?s=96&d=mm&r=g\",\"caption\":\"AdminCDE\"}}]}<\/script>\n<!-- \/ Yoast SEO plugin. -->","yoast_head_json":{"title":"Webinar: Cancer and COVID-19 | CDE Almer\u00eda - Centro de Documentaci\u00f3n Europea - Universidad de Almer\u00eda","robots":{"index":"index","follow":"follow","max-snippet":"max-snippet:-1","max-image-preview":"max-image-preview:large","max-video-preview":"max-video-preview:-1"},"canonical":"https:\/\/www.cde.ual.es\/en\/webinar-cancer-and-covid-19\/","og_locale":"en_US","og_type":"article","og_title":"Webinar: Cancer and COVID-19 | CDE Almer\u00eda - Centro de Documentaci\u00f3n Europea - Universidad de Almer\u00eda","og_description":"Cancer is a major public health problem with a high morbidity and mortality rate. It is the second cause of death, after diseases of the circulatory system, although in men it is, since 2000, the first cause of death. Cancer patients are considered a risk group in the COVID-19 pandemic, as cancer and cancer-related treatments [&hellip;]","og_url":"https:\/\/www.cde.ual.es\/en\/webinar-cancer-and-covid-19\/","og_site_name":"CDE Almer\u00eda - Centro de Documentaci\u00f3n Europea - Universidad de Almer\u00eda","article_publisher":"https:\/\/www.facebook.com\/cdeuniversidadalmeria\/","article_published_time":"2020-05-23T01:00:37+00:00","article_modified_time":"2021-11-23T13:29:22+00:00","og_image":[{"width":1920,"height":1271,"url":"https:\/\/www.cde.ual.es\/wp-content\/uploads\/2019\/03\/cancer-389921_1920.jpg","type":"image\/jpeg"}],"author":"AdminCDE","twitter_card":"summary_large_image","twitter_creator":"@cdeualmeria","twitter_site":"@cdeualmeria","twitter_misc":{"Written by":"AdminCDE","Est. reading time":"1 minute"},"schema":{"@context":"https:\/\/schema.org","@graph":[{"@type":"Article","@id":"https:\/\/www.cde.ual.es\/en\/webinar-cancer-and-covid-19\/#article","isPartOf":{"@id":"https:\/\/www.cde.ual.es\/en\/webinar-cancer-and-covid-19\/"},"author":{"name":"AdminCDE","@id":"https:\/\/www.cde.ual.es\/#\/schema\/person\/224ef08c8bcc005f319d2713ce37ee5f"},"headline":"Webinar: Cancer and COVID-19","datePublished":"2020-05-23T01:00:37+00:00","dateModified":"2021-11-23T13:29:22+00:00","mainEntityOfPage":{"@id":"https:\/\/www.cde.ual.es\/en\/webinar-cancer-and-covid-19\/"},"wordCount":173,"commentCount":0,"publisher":{"@id":"https:\/\/www.cde.ual.es\/#organization"},"image":{"@id":"https:\/\/www.cde.ual.es\/en\/webinar-cancer-and-covid-19\/#primaryimage"},"thumbnailUrl":"https:\/\/www.cde.ual.es\/wp-content\/uploads\/2019\/03\/cancer-389921_1920.jpg","keywords":["Cancer","Coronavirus","covid-19"],"articleSection":["EU Calls and Awards","Other"],"inLanguage":"en-US","potentialAction":[{"@type":"CommentAction","name":"Comment","target":["https:\/\/www.cde.ual.es\/en\/webinar-cancer-and-covid-19\/#respond"]}]},{"@type":"WebPage","@id":"https:\/\/www.cde.ual.es\/en\/webinar-cancer-and-covid-19\/","url":"https:\/\/www.cde.ual.es\/en\/webinar-cancer-and-covid-19\/","name":"Webinar: Cancer and COVID-19 | CDE Almer\u00eda - Centro de Documentaci\u00f3n Europea - Universidad de Almer\u00eda","isPartOf":{"@id":"https:\/\/www.cde.ual.es\/#website"},"primaryImageOfPage":{"@id":"https:\/\/www.cde.ual.es\/en\/webinar-cancer-and-covid-19\/#primaryimage"},"image":{"@id":"https:\/\/www.cde.ual.es\/en\/webinar-cancer-and-covid-19\/#primaryimage"},"thumbnailUrl":"https:\/\/www.cde.ual.es\/wp-content\/uploads\/2019\/03\/cancer-389921_1920.jpg","datePublished":"2020-05-23T01:00:37+00:00","dateModified":"2021-11-23T13:29:22+00:00","breadcrumb":{"@id":"https:\/\/www.cde.ual.es\/en\/webinar-cancer-and-covid-19\/#breadcrumb"},"inLanguage":"en-US","potentialAction":[{"@type":"ReadAction","target":["https:\/\/www.cde.ual.es\/en\/webinar-cancer-and-covid-19\/"]}]},{"@type":"ImageObject","inLanguage":"en-US","@id":"https:\/\/www.cde.ual.es\/en\/webinar-cancer-and-covid-19\/#primaryimage","url":"https:\/\/www.cde.ual.es\/wp-content\/uploads\/2019\/03\/cancer-389921_1920.jpg","contentUrl":"https:\/\/www.cde.ual.es\/wp-content\/uploads\/2019\/03\/cancer-389921_1920.jpg","width":1920,"height":1271},{"@type":"BreadcrumbList","@id":"https:\/\/www.cde.ual.es\/en\/webinar-cancer-and-covid-19\/#breadcrumb","itemListElement":[{"@type":"ListItem","position":1,"name":"Inicio","item":"https:\/\/www.cde.ual.es\/en\/"},{"@type":"ListItem","position":2,"name":"EU Calls and Awards","item":"https:\/\/www.cde.ual.es\/en\/category\/eu-calls-and-awards\/"},{"@type":"ListItem","position":3,"name":"Other","item":"https:\/\/www.cde.ual.es\/en\/category\/eu-calls-and-awards\/other\/"},{"@type":"ListItem","position":4,"name":"Webinar: Cancer and COVID-19"}]},{"@type":"WebSite","@id":"https:\/\/www.cde.ual.es\/#website","url":"https:\/\/www.cde.ual.es\/","name":"CDE Almer\u00eda - Centro de Documentaci\u00f3n Europea - Universidad de Almer\u00eda","description":"Centro de Documentaci\u00f3n Europea de la Universidad de Almer\u00eda","publisher":{"@id":"https:\/\/www.cde.ual.es\/#organization"},"alternateName":"CDE Almer\u00eda","potentialAction":[{"@type":"SearchAction","target":{"@type":"EntryPoint","urlTemplate":"https:\/\/www.cde.ual.es\/?s={search_term_string}"},"query-input":{"@type":"PropertyValueSpecification","valueRequired":true,"valueName":"search_term_string"}}],"inLanguage":"en-US"},{"@type":"Organization","@id":"https:\/\/www.cde.ual.es\/#organization","name":"Centro de Documentaci\u00f3n Europea de Almer\u00eda","url":"https:\/\/www.cde.ual.es\/","logo":{"@type":"ImageObject","inLanguage":"en-US","@id":"https:\/\/www.cde.ual.es\/#\/schema\/logo\/image\/","url":"https:\/\/www.cde.ual.es\/wp-content\/uploads\/2025\/07\/cde-logo-3.png","contentUrl":"https:\/\/www.cde.ual.es\/wp-content\/uploads\/2025\/07\/cde-logo-3.png","width":1400,"height":300,"caption":"Centro de Documentaci\u00f3n Europea de Almer\u00eda"},"image":{"@id":"https:\/\/www.cde.ual.es\/#\/schema\/logo\/image\/"},"sameAs":["https:\/\/www.facebook.com\/cdeuniversidadalmeria\/","https:\/\/x.com\/cdeualmeria","https:\/\/www.tiktok.com\/@cdealmeria","https:\/\/www.instagram.com\/cdealmeria\/","https:\/\/www.linkedin.com\/in\/cde-almera-812b26a9\/"]},{"@type":"Person","@id":"https:\/\/www.cde.ual.es\/#\/schema\/person\/224ef08c8bcc005f319d2713ce37ee5f","name":"AdminCDE","image":{"@type":"ImageObject","inLanguage":"en-US","@id":"https:\/\/secure.gravatar.com\/avatar\/a72d038d371f995cd13706fac32274b7952a52e8fb0a84b5f80c85426f2a98a8?s=96&d=mm&r=g","url":"https:\/\/secure.gravatar.com\/avatar\/a72d038d371f995cd13706fac32274b7952a52e8fb0a84b5f80c85426f2a98a8?s=96&d=mm&r=g","contentUrl":"https:\/\/secure.gravatar.com\/avatar\/a72d038d371f995cd13706fac32274b7952a52e8fb0a84b5f80c85426f2a98a8?s=96&d=mm&r=g","caption":"AdminCDE"}}]}},"_links":{"self":[{"href":"https:\/\/www.cde.ual.es\/en\/wp-json\/wp\/v2\/posts\/44391","targetHints":{"allow":["GET"]}}],"collection":[{"href":"https:\/\/www.cde.ual.es\/en\/wp-json\/wp\/v2\/posts"}],"about":[{"href":"https:\/\/www.cde.ual.es\/en\/wp-json\/wp\/v2\/types\/post"}],"author":[{"embeddable":true,"href":"https:\/\/www.cde.ual.es\/en\/wp-json\/wp\/v2\/users\/1"}],"replies":[{"embeddable":true,"href":"https:\/\/www.cde.ual.es\/en\/wp-json\/wp\/v2\/comments?post=44391"}],"version-history":[{"count":0,"href":"https:\/\/www.cde.ual.es\/en\/wp-json\/wp\/v2\/posts\/44391\/revisions"}],"wp:featuredmedia":[{"embeddable":true,"href":"https:\/\/www.cde.ual.es\/en\/wp-json\/wp\/v2\/media\/14865"}],"wp:attachment":[{"href":"https:\/\/www.cde.ual.es\/en\/wp-json\/wp\/v2\/media?parent=44391"}],"wp:term":[{"taxonomy":"category","embeddable":true,"href":"https:\/\/www.cde.ual.es\/en\/wp-json\/wp\/v2\/categories?post=44391"},{"taxonomy":"post_tag","embeddable":true,"href":"https:\/\/www.cde.ual.es\/en\/wp-json\/wp\/v2\/tags?post=44391"}],"curies":[{"name":"wp","href":"https:\/\/api.w.org\/{rel}","templated":true}]}}