{"id":44085,"date":"2021-03-10T03:00:49","date_gmt":"2021-03-10T02:00:49","guid":{"rendered":"https:\/\/www.cde.ual.es\/?p=44085"},"modified":"2021-09-15T10:58:58","modified_gmt":"2021-09-15T08:58:58","slug":"european-agenda-education-and-culture","status":"publish","type":"post","link":"https:\/\/www.cde.ual.es\/en\/european-agenda-education-and-culture\/","title":{"rendered":"EUROPEAN AGENDA: Education and Culture"},"content":{"rendered":"<p>The <strong>European Union<\/strong>, through its various institutions and agencies, continues to propose support measures in the field of culture and education, focusing on the well-being of Europeans and increased educational opportunities throughout the Member states. These days the focus has been on digitalization and the budget for education and culture.<\/p>\n<p><a href=\"https:\/\/www.cde.ual.es\/wp-content\/uploads\/2020\/05\/AGENDA-EUROPEA-EDUCACI\u00d3N.png\"><img decoding=\"async\" class=\" wp-image-44079 aligncenter\" src=\"https:\/\/www.cde.ual.es\/wp-content\/uploads\/2020\/05\/AGENDA-EUROPEA-EDUCACI\u00d3N-300x169.png\" alt=\"\" width=\"460\" height=\"259\" srcset=\"https:\/\/www.cde.ual.es\/wp-content\/uploads\/2020\/05\/AGENDA-EUROPEA-EDUCACI\u00d3N-300x169.png 300w, https:\/\/www.cde.ual.es\/wp-content\/uploads\/2020\/05\/AGENDA-EUROPEA-EDUCACI\u00d3N-1024x576.png 1024w, https:\/\/www.cde.ual.es\/wp-content\/uploads\/2020\/05\/AGENDA-EUROPEA-EDUCACI\u00d3N-768x432.png 768w, https:\/\/www.cde.ual.es\/wp-content\/uploads\/2020\/05\/AGENDA-EUROPEA-EDUCACI\u00d3N-1280x720.png 1280w, https:\/\/www.cde.ual.es\/wp-content\/uploads\/2020\/05\/AGENDA-EUROPEA-EDUCACI\u00d3N-1536x864.png 1536w, https:\/\/www.cde.ual.es\/wp-content\/uploads\/2020\/05\/AGENDA-EUROPEA-EDUCACI\u00d3N.png 1920w\" sizes=\"(max-width: 460px) 100vw, 460px\" \/><\/a><\/p>\n<p>To this effect, we point out below significant events in this agenda:<\/p>\n<table style=\"height: 165px;\" width=\"700\">\n<tbody>\n<tr>\n<td width=\"80\">INSTITUTIONS<\/td>\n<td style=\"text-align: center;\" colspan=\"2\" width=\"160\">MEETINGS\/DATE<\/td>\n<\/tr>\n<tr>\n<td style=\"text-align: center;\"><strong>European Parliament<\/strong><\/td>\n<td style=\"text-align: center;\">15 March 2021<\/td>\n<td style=\"text-align: center;\">16 March 2021<\/td>\n<\/tr>\n<\/tbody>\n<\/table>\n<p>[toc]<\/p>\n<hr \/>\n<h3>March 2, Government of Ireland: Culture Ireland\u2019s Global Online Arts Festival<\/h3>\n<p style=\"text-align: center;\"><iframe src=\"https:\/\/www.youtube.com\/embed\/bcTK8iFOFco\" width=\"560\" height=\"315\" frameborder=\"0\" allowfullscreen=\"allowfullscreen\"><\/iframe><\/p>\n<p>Minister Catherine Martin TD has announced details of Culture Ireland\u2019s online festival for mid-March which is designed to celebrate Irish arts worldwide at a time when Irish artists normally travel the globe, presenting and sharing our culture on international stages.<\/p>\n<p>The festival, entitled SEODA, meaning jewels, includes many of Ireland\u2019s finest artists and companies and covers all art forms from architecture to visual arts. This 5 day festival running from 17-21 March is an ambitious programme to ensure Irish artists reach audiences worldwide, including the diaspora and new audiences where Irish artists may not have travelled previously. The festival is also available free online in Ireland, through <a href=\"https:\/\/www.youtube.com\/channel\/UCw_tMPCINYpSCVHj7cqUscw\" target=\"_blank\" rel=\"noopener\">Culture Ireland\u2019s YouTube channel<\/a>.<\/p>\n<div class=\"col-lg-12 col-md-12 col-sm-12 col-xs-12 margin-bottom-sm\">\n<div class=\"row\">\n<p>Minister Martin said<\/p>\n<\/div>\n<\/div>\n<div class=\"col-lg-12 col-md-12 col-sm-12 col-xs-12 margin-bottom-xlg\">\n<div class=\"row\">\n<blockquote><p>Our artists are Ireland\u2019s treasures and despite the many challenges this year, our artists continue to create and perform in innovative ways. Through sharing a selection of amazing performances in line with the aims of Global Ireland, we can reach audiences around the world and maintain our cultural connections and offer hope and joy at this time when Irish culture holds a central place on the world stage.<\/p><\/blockquote>\n<\/div>\n<\/div>\n<p>Featuring The Abbey, CoisC\u00e9im Dance Theatre, Druid and Rough Magic\/Kilkenny Arts Festival,\u00a0 Stephen Rea, Sinead Gleeson, Martin Hayes alongside Irish work from New York, London &amp; Paris, the 5-day festival will offer audiences more than two dozen events to enjoy.<\/p>\n<h5>More information<\/h5>\n<p><a href=\"https:\/\/www.gov.ie\/en\/press-release\/a2fae-minister-martin-announces-details-of-seoda-culture-irelands-global-online-arts-festival\/#\" target=\"_blank\" rel=\"noopener\">Goverment of Ireland &#8211; Press Release<\/a><\/p>\n<p><a href=\"https:\/\/www.cultureireland.ie\/news\/article\/culture-ireland-seoda-5-day-global-online-festival-17-21-march\" target=\"_blank\" rel=\"noopener\">Culture Ireland &#8211; Festival information<\/a><\/p>\n<p><a href=\"https:\/\/www.youtube.com\/channel\/UCw_tMPCINYpSCVHj7cqUscw\" target=\"_blank\" rel=\"noopener\">Youtube &#8211; Culture Ireland\u2019s official channel<\/a><\/p>\n<hr \/>\n<h3>February 26, European Comission: Workshop on complementary funding for cultural heritage<\/h3>\n<p>The European Commission organised a workshop on complementary sources of funding for <a href=\"https:\/\/www.cde.ual.es\/ficha\/patrimonio-cultural-de-europa-kit-de-herramientas-para-el-profesorado\/\" target=\"_blank\" rel=\"noopener\">cultural heritage<\/a>, for Member States and heritage stakeholders.<\/p>\n<p>It is crucial to secure funding for cultural heritage in order to ensure the sector\u2019s sustainability. The COVID-19 crisis made it clearer than ever that it is necessary to find alternative ways for funding that complement the support offered by Member States\u2019 budgets.<\/p>\n<h5>A workshop for Member States and heritage stakeholders<\/h5>\n<p>For this reason, the Directorate General for Education, Youth, Sport and Culture organised a workshop on complementary sources of funding for cultural heritage on 25-26 January 2021.<\/p>\n<p>EU Member States representatives, heritage stakeholders and members of the Commission\u2019s expert group on cultural heritage participated together with representatives of European regions.<\/p>\n<h5>Lessons learned from best practices<\/h5>\n<p>The workshop focused on the exchange of best practices from Member States. Presentations during the 2 days covered examples of the following instruments:<\/p>\n<ul>\n<li>public-private partnerships (Poland, Croatia and Italy)<\/li>\n<li>crowdfunding and fundraising (Ireland, Greece)<\/li>\n<li>lotteries (Germany, France and the Euro Jackpot)<\/li>\n<li>donations (Belgium) and mixed sources<\/li>\n<\/ul>\n<p>Representative of the European Investment Bank Institute focused on how to make cultural heritage interesting for private investors. The director of the European Cultural Foundation talked about the role of philanthropy and foundations.<\/p>\n<h5>More information<\/h5>\n<p><a href=\"https:\/\/ec.europa.eu\/culture\/news\/workshop-complementary-funding-cultural-heritage\" target=\"_blank\" rel=\"noopener\">European Commission &#8211; Workshop<\/a><\/p>\n<hr \/>\n<h3>February 19, Informal video conference of education ministers<\/h3>\n<p>Education ministers met on 19 February 2021 through videoconference to discuss how to best address persisting challenges in equal access, inclusion and educational success for all in education and training. The presidency informed ministers on efforts towards the establishment of the new framework for European cooperation in education and training until 2030, including the achievement of the European Education Area. The presidency also informed ministers on its initiative to launch an online platform facilitating data sharing between the member states on coping with the <a href=\"https:\/\/www.cde.ual.es\/en\/covid-19-vaccination-in-europe\/\" target=\"_blank\" rel=\"noopener\">COVID-19<\/a> pandemic in education and training.<\/p>\n<p>In a public session, ministers exchanged views on the best policy practices and shared exemplary achievements towards achieving equity in access, inclusion for all in education at EU, national, regional and local levels. Several ministers reiterated the heavy impact of the COVID-19 pandemic on education, stressed the importance of<a href=\"https:\/\/www.cde.ual.es\/ficha\/what-did-we-learn-from-schooling-practices-during-the-covid-19-lockdown-insights-from-five-eu-countries\/\" target=\"_blank\" rel=\"noopener\"> face-to-face learning<\/a> and focused on the need to promote further pre-school education. Ministers also highlighted the need to ease the access to education for children and adults with special educational needs, for immigrants and refugees, and for those in risk of social exclusion. Following this policy debate, the presidency will work with the member states to adopt Council conclusion on this topic during the next meeting of education ministers in May 2021.<\/p>\n<p>The presidency also informed ministers on a Council resolution on a strategic framework for European cooperation in education and training towards the European Education Area and beyond (2021-2030). The Council approved this resolution on 18 February 2021 through a written procedure. The presidency highlighted the five strategic priorities of the resolution together:<\/p>\n<ul>\n<li>Improving quality, equity, inclusion and success for all in education and training.<\/li>\n<li>Making lifelong learning and mobility a reality for all.<\/li>\n<li>Enhancing competences and motivation in the education profession.<\/li>\n<li>Reinforcing European higher education.<\/li>\n<li>Supporting the green and digital transitions in and through education and training.<\/li>\n<\/ul>\n<h5>More information<\/h5>\n<p><a href=\"https:\/\/www.consilium.europa.eu\/en\/meetings\/eycs\/2021\/02\/19\/\" target=\"_blank\" rel=\"noopener\">European Council &#8211; Video conference of education ministers<\/a><\/p>\n<hr \/>\n<h3>February 10, European Parliament&#8217;s plenary session: <span class=\"ep_name\">EU recovery instruments must also support young people and sports sector<\/span><\/h3>\n<div class=\"ep_gridcolumn ep-m_product\" data-view1200=\"6\" data-view1020=\"6\" data-view750=\"10\" data-view640=\"6\" data-view480=\"8\" data-view320=\"4\">\n<div class=\"ep_gridcolumn-content\">\n<div class=\"ep-a_text ep-layout_chapo\">\n<p style=\"text-align: center;\"><iframe src=\"https:\/\/multimedia.europarl.europa.eu\/embed\/?ul=en&amp;eid=0_xq1qb2sc&amp;uid=23448563&amp;pid=110&amp;mid=x_I202020-V_v\" width=\"560\" height=\"315\" frameborder=\"0\" allowfullscreen=\"allowfullscreen\"><\/iframe><\/p>\n<p>MEPs call on the Commission and member states to increase their efforts to prevent the pandemic from having lasting negative effects on young people and the sports sector.<\/p>\n<\/div>\n<\/div>\n<\/div>\n<div class=\"ep_gridcolumn ep-m_product\" data-view1200=\"6\" data-view1020=\"6\" data-view750=\"10\" data-view640=\"6\" data-view480=\"8\" data-view320=\"4\">\n<div class=\"ep_gridcolumn-content\">\n<div class=\"ep-a_text\">\n<p class=\"ep-wysiwig_paragraph\">\u201cBoth the EU\u2019s recovery instruments and national recovery plans must offer short-term support to the sports sector and to our young people\u201d, said\u00a0<a href=\"https:\/\/www.europarl.europa.eu\/meps\/en\/96756\/SABINE_VERHEYEN\/home\" target=\"_blank\" rel=\"noopener\">Sabine Verheyen (EPP, DE),<\/a>\u00a0Chair of Parliament\u2019s Committee on Culture and Education. \u201cWe must attend to the most vulnerable and we need greater flexibility to support all types of education, including vocational and informal learning. We must also increase investment in the digital transition.\u201d<\/p>\n<h5 class=\"ep-wysiwig_paragraph\">Helping young people deal with the pandemic<\/h5>\n<p class=\"ep-wysiwig_paragraph\">MEPs stress that the youth labour market is particularly sensitive to economic crises, with many working in unstable, low-paid, part-time jobs that are not legally well protected and have weaker social security standards.\u00a0<a href=\"https:\/\/www.ilo.org\/global\/topics\/youth-employment\/publications\/WCMS_753026\/lang--en\/index.htm\" target=\"_blank\" rel=\"noopener\">Data<\/a> show that young people\u2019s employment opportunities and income are particularly hit by the pandemic; MEPs fear that education, volunteering and training opportunities are disappearing.<\/p>\n<p>National recovery plans must therefore focus on young people, and EU programmes (such as Erasmus+, European Solidarity Corps, Youth Guarantee, Digital strategy) must be harnessed to avoid \u201cbitterly disappointing young people and future generations\u201d, MEPs stress. Tailored schemes to retain and create jobs and retraining must be invested in, and vulnerable groups must be better protected, they add.<\/p>\n<h5 class=\"ep-wysiwig_paragraph\">Guarantee recovery measures for sports sector<\/h5>\n<p class=\"ep-wysiwig_paragraph\">MEPs highlight the devastating consequences of the pandemic on the sports sector, which accounts for 2.12% of European GDP and 2.72% of total employment in the EU \u2013 representing around 5.67 million jobs.<\/p>\n<p>They are concerned about possible lasting damage to professional and grassroots sports and, as a consequence, to public health in general . Member states should therefore support sports with national funds and include them in their recovery plans. In addition, the sector should have full access to the Recovery and Resilience Facility as well as sectoral programmes, such as the Regional Development Fund, Cohesion Fund and EU4Health. An EU-wide approach is needed to help the sector recover, notably by addressing recovery within the EU Work Plan for Sport.<\/p>\n<\/div>\n<\/div>\n<\/div>\n<h5>More information<\/h5>\n<p><a href=\"https:\/\/www.europarl.europa.eu\/news\/en\/press-room\/20210204IPR97116\/meps-eu-recovery-instruments-must-also-support-young-people-and-sports-sector\" target=\"_blank\" rel=\"noopener\">European Parliament &#8211; Press Release (Plenary Session)<\/a><\/p>\n<hr \/>\n<h3>February 4, Eurydice: Equity in school education, why is it important and how to improve it<\/h3>\n<p>If a fair society is meritocratic, enabling every person to progress on the basis of their achievements, then equity in school education is essential. Imagine that regardless of your merit, no matter how hard you tried, you could never improve your socio-economic status. Worse, imagine that the same applied to your children. Despite their efforts to fare better in life, they are deprived of the necessary means to climb the socio-economic ladder. This may be bearable and even welcome to the better off, but to the less fortunate it is simply suffocating.<\/p>\n<p>The 2020 Eurydice report\u00a0<a href=\"https:\/\/www.cde.ual.es\/ficha\/equity-in-school-education-in-europe-structures-policies-and-student-performance\/\" target=\"_blank\" rel=\"noopener\">Equity in School Education<\/a>\u00a0looks at education system-level factors that could potentially affect equity (defined as small achievement gap between top and bottom performers and as achievement being independent of socio-economic status). These factors reflect how stratified or standardised an education system is, the available support instruments and the public funding level.<\/p>\n<p>Drawing on original data from 42 <a href=\"https:\/\/www.cde.ual.es\/ficha\/the-european-higher-education-area-in-2020-bologna-process-implementation-report\/\" target=\"_blank\" rel=\"noopener\">European education systems<\/a> and on the Eurostat, PIRLS, PISA and TIMSS databases, the Eurydice study reaches some striking conclusions. In one sentence, stratification is not good for equity and neither standardisation nor support measures can counterbalance the adverse effect of a highly stratified education system.<\/p>\n<p>The study finds different variables influencing equity in primary schools and in secondary, although common elements exist. More specifically, what appears to matter more at the primary level is the amount of public funding per student and the size of the (government-dependent) private schools sector.\u00a0 Academic segregation remains an important predictor of achievement gap also at the secondary level, but now segregation is a correlate of the age when tracking begins and the size of the vocational education sector. Interestingly enough, grade repetition has a direct and negative effect on equity adding to the\u00a0<a href=\"https:\/\/link.springer.com\/article\/10.1007\/s10833-008-9089-3\" target=\"_blank\" rel=\"noopener\">argument\u00a0<\/a>that grade repetition is counterproductive.<\/p>\n<p>In a nutshell, the study shows that the keys to improving education are:<\/p>\n<ul>\n<li>Increase public funding for primary level education<\/li>\n<li>Apply uniform school choice and admission rules<\/li>\n<li>Delay tracking as long as possible<\/li>\n<li>Spread low-performing students across schools<\/li>\n<li>Reduce grade repetition rates<\/li>\n<\/ul>\n<h5>More information<\/h5>\n<p><a href=\"https:\/\/eacea.ec.europa.eu\/national-policies\/eurydice\/content\/equity-school-education-why-it-important-and-how-improve-it_en\" target=\"_blank\" rel=\"noopener\">Eurydice &#8211; Full Article<\/a><\/p>\n<hr \/>\n<h3>February 3, European Parliament&#8217; s<span class=\"erpl_product-name\">tudy: Cultural and creative sectors in post-COVID-19 Europe<\/span><\/h3>\n<p class=\"erpl_product-description font-weight-bold\">Cultural and creative sectors (CCS) have been hit hard by the consequences of the COVID-19 pandemic. This study analyses the so far effects of the crisis on the CCS, as well as the policy responses that are formulated to support the sectors. Based on the analysis, policy recommendations are formulated to further improve the resilience of the CCS in Europe in the medium and longer term.<\/p>\n<div class=\"erpl_product-body\">\n<div class=\"erpl_product-tela-content mb-3\">\n<p>The presentation of the <a href=\"https:\/\/www.cde.ual.es\/ficha\/cultural-and-creative-sectors-in-post-covid-19-europe-crisis-effects-and-policy-recommendations\/\" target=\"_blank\" rel=\"noopener\">study<\/a> took place at the CULT Committee meeting on 25 February 2021 and focused on the following topics:<\/p>\n<ul>\n<li>Pre-COVID-19 situation in the CCS<\/li>\n<li>Effects of COVID-19 on CCS, together with a sub-sector impact heatmap<\/li>\n<li>Analysis of emergency and relaunch policy support for CCS on European and national level<\/li>\n<li>Perspectives beyond the COVID-19 crisis<\/li>\n<li>Policy recommendations for a long-lasting, COVID-19-proof and sustainable recovery of the sectors<\/li>\n<\/ul>\n<h5>More information<\/h5>\n<p><a href=\"https:\/\/www.europarl.europa.eu\/committees\/es\/study-cultural-and-creative-sectors-in-p\/product-details\/20210303CAN59990\" target=\"_blank\" rel=\"noopener\">European Parliament &#8211; Study<\/a><\/p>\n<h5>Previous Agendas<\/h5>\n<blockquote class=\"wp-embedded-content\" data-secret=\"xvPNjuCrJo\"><p><a href=\"https:\/\/www.cde.ual.es\/ficha\/european-agenda-education-and-culture-no-1\/\">European Agenda: Education and Culture. N\u00ba 1<\/a><\/p><\/blockquote>\n<p><iframe class=\"wp-embedded-content\" sandbox=\"allow-scripts\" security=\"restricted\" style=\"position: absolute; visibility: hidden;\" title=\"&#8220;European Agenda: Education and Culture. N\u00ba 1&#8221; &#8212; CDE Almer\u00eda - Centro de Documentaci\u00f3n Europea - Universidad de Almer\u00eda\" src=\"https:\/\/www.cde.ual.es\/ficha\/european-agenda-education-and-culture-no-1\/embed\/#?secret=RbtO8uOhp5#?secret=xvPNjuCrJo\" data-secret=\"xvPNjuCrJo\" width=\"500\" height=\"282\" frameborder=\"0\" marginwidth=\"0\" marginheight=\"0\" scrolling=\"no\"><\/iframe><\/p>\n<\/div>\n<\/div>\n<blockquote class=\"wp-embedded-content\" data-secret=\"E9GmDDCmwR\"><p><a href=\"https:\/\/www.cde.ual.es\/ficha\/european-agenda-education-and-culture-no-2\/\">EUROPEAN AGENDA: Education and Culture. N\u00ba 2<\/a><\/p><\/blockquote>\n<p><iframe class=\"wp-embedded-content\" sandbox=\"allow-scripts\" security=\"restricted\" style=\"position: absolute; visibility: hidden;\" title=\"&#8220;EUROPEAN AGENDA: Education and Culture. N\u00ba 2&#8221; &#8212; CDE Almer\u00eda - Centro de Documentaci\u00f3n Europea - Universidad de Almer\u00eda\" src=\"https:\/\/www.cde.ual.es\/ficha\/european-agenda-education-and-culture-no-2\/embed\/#?secret=LGFJpuj5HM#?secret=E9GmDDCmwR\" data-secret=\"E9GmDDCmwR\" width=\"500\" height=\"282\" frameborder=\"0\" marginwidth=\"0\" marginheight=\"0\" scrolling=\"no\"><\/iframe><\/p>\n<h5>Recommended Bibliography<\/h5>\n<blockquote class=\"wp-embedded-content\" data-secret=\"rY0Kfckfhp\"><p><a href=\"https:\/\/www.cde.ual.es\/ficha\/compendium-of-inspiring-practices-on-inclusive-and-citizenship-education-2\/\">Compendium of inspiring practices on inclusive and citizenship education<\/a><\/p><\/blockquote>\n<p><iframe class=\"wp-embedded-content\" sandbox=\"allow-scripts\" security=\"restricted\" style=\"position: absolute; visibility: hidden;\" title=\"&#8220;Compendium of inspiring practices on inclusive and citizenship education&#8221; &#8212; CDE Almer\u00eda - Centro de Documentaci\u00f3n Europea - Universidad de Almer\u00eda\" src=\"https:\/\/www.cde.ual.es\/ficha\/compendium-of-inspiring-practices-on-inclusive-and-citizenship-education-2\/embed\/#?secret=Pe1PiPO6hC#?secret=rY0Kfckfhp\" data-secret=\"rY0Kfckfhp\" width=\"500\" height=\"282\" frameborder=\"0\" marginwidth=\"0\" marginheight=\"0\" scrolling=\"no\"><\/iframe><\/p>\n<blockquote class=\"wp-embedded-content\" data-secret=\"81sTzQqOXd\"><p><a href=\"https:\/\/www.cde.ual.es\/ficha\/the-role-of-local-and-regional-authorities-in-achieving-a-european-education-area-by-2025\/\">The role of local and regional authorities in achieving a European education area by 2025<\/a><\/p><\/blockquote>\n<p><iframe class=\"wp-embedded-content\" sandbox=\"allow-scripts\" security=\"restricted\" style=\"position: absolute; visibility: hidden;\" title=\"&#8220;The role of local and regional authorities in achieving a European education area by 2025&#8221; &#8212; CDE Almer\u00eda - Centro de Documentaci\u00f3n Europea - Universidad de Almer\u00eda\" src=\"https:\/\/www.cde.ual.es\/ficha\/the-role-of-local-and-regional-authorities-in-achieving-a-european-education-area-by-2025\/embed\/#?secret=6TzhygcPVV#?secret=81sTzQqOXd\" data-secret=\"81sTzQqOXd\" width=\"500\" height=\"282\" frameborder=\"0\" marginwidth=\"0\" marginheight=\"0\" scrolling=\"no\"><\/iframe><\/p>\n","protected":false},"excerpt":{"rendered":"<p>The European Union, through its various institutions and agencies, continues to propose support measures in the field of culture and education, focusing on the well-being of Europeans and increased educational opportunities throughout the Member states. These days the focus has been on digitalization and the budget for education and culture. To this effect, we point [&hellip;]<\/p>\n","protected":false},"author":1,"featured_media":44079,"comment_status":"open","ping_status":"open","sticky":false,"template":"","format":"standard","meta":{"_acf_changed":false,"_relevanssi_hide_post":"","_relevanssi_hide_content":"","_relevanssi_pin_for_all":"","_relevanssi_pin_keywords":"","_relevanssi_unpin_keywords":"","_relevanssi_related_keywords":"","_relevanssi_related_include_ids":"","_relevanssi_related_exclude_ids":"","_relevanssi_related_no_append":"","_relevanssi_related_not_related":"","_relevanssi_related_posts":"","_relevanssi_noindex_reason":"","_monsterinsights_skip_tracking":false,"_monsterinsights_sitenote_active":false,"_monsterinsights_sitenote_note":"","_monsterinsights_sitenote_category":0,"_genesis_hide_title":false,"_genesis_hide_breadcrumbs":false,"_genesis_hide_singular_image":false,"_genesis_hide_footer_widgets":false,"_genesis_custom_body_class":"","_genesis_custom_post_class":"","_genesis_layout":"","footnotes":""},"categories":[4071,346],"tags":[527,353,449],"class_list":{"0":"post-44085","1":"post","2":"type-post","3":"status-publish","4":"format-standard","5":"has-post-thumbnail","7":"category-education-culture","8":"category-eu-news","9":"tag-culture","10":"tag-educacion-en","11":"tag-education","12":"entry"},"acf":[],"yoast_head":"<!-- This site is optimized with the Yoast SEO plugin v27.4 - https:\/\/yoast.com\/product\/yoast-seo-wordpress\/ -->\n<title>EUROPEAN AGENDA: Education and Culture | CDE Almer\u00eda - Centro de Documentaci\u00f3n Europea - Universidad de Almer\u00eda<\/title>\n<meta name=\"robots\" content=\"index, follow, max-snippet:-1, max-image-preview:large, max-video-preview:-1\" \/>\n<link rel=\"canonical\" href=\"https:\/\/www.cde.ual.es\/en\/european-agenda-education-and-culture\/\" \/>\n<meta property=\"og:locale\" content=\"en_US\" \/>\n<meta property=\"og:type\" content=\"article\" \/>\n<meta property=\"og:title\" content=\"EUROPEAN AGENDA: Education and Culture | CDE Almer\u00eda - Centro de Documentaci\u00f3n Europea - Universidad de Almer\u00eda\" \/>\n<meta property=\"og:description\" content=\"The European Union, through its various institutions and agencies, continues to propose support measures in the field of culture and education, focusing on the well-being of Europeans and increased educational opportunities throughout the Member states. These days the focus has been on digitalization and the budget for education and culture. To this effect, we point [&hellip;]\" \/>\n<meta property=\"og:url\" content=\"https:\/\/www.cde.ual.es\/en\/european-agenda-education-and-culture\/\" \/>\n<meta property=\"og:site_name\" content=\"CDE Almer\u00eda - Centro de Documentaci\u00f3n Europea - Universidad de Almer\u00eda\" \/>\n<meta property=\"article:publisher\" content=\"https:\/\/www.facebook.com\/cdeuniversidadalmeria\/\" \/>\n<meta property=\"article:published_time\" content=\"2021-03-10T02:00:49+00:00\" \/>\n<meta property=\"article:modified_time\" content=\"2021-09-15T08:58:58+00:00\" \/>\n<meta property=\"og:image\" content=\"https:\/\/www.cde.ual.es\/wp-content\/uploads\/2020\/05\/AGENDA-EUROPEA-EDUCACI\u00d3N.png\" \/>\n\t<meta property=\"og:image:width\" content=\"1920\" \/>\n\t<meta property=\"og:image:height\" content=\"1080\" \/>\n\t<meta property=\"og:image:type\" content=\"image\/png\" \/>\n<meta name=\"author\" content=\"AdminCDE\" \/>\n<meta name=\"twitter:card\" content=\"summary_large_image\" \/>\n<meta name=\"twitter:creator\" content=\"@cdeualmeria\" \/>\n<meta name=\"twitter:site\" content=\"@cdeualmeria\" \/>\n<meta name=\"twitter:label1\" content=\"Written by\" \/>\n\t<meta name=\"twitter:data1\" content=\"AdminCDE\" \/>\n\t<meta name=\"twitter:label2\" content=\"Est. reading time\" \/>\n\t<meta name=\"twitter:data2\" content=\"9 minutes\" \/>\n<script type=\"application\/ld+json\" class=\"yoast-schema-graph\">{\"@context\":\"https:\\\/\\\/schema.org\",\"@graph\":[{\"@type\":\"Article\",\"@id\":\"https:\\\/\\\/www.cde.ual.es\\\/en\\\/european-agenda-education-and-culture\\\/#article\",\"isPartOf\":{\"@id\":\"https:\\\/\\\/www.cde.ual.es\\\/en\\\/european-agenda-education-and-culture\\\/\"},\"author\":{\"name\":\"AdminCDE\",\"@id\":\"https:\\\/\\\/www.cde.ual.es\\\/#\\\/schema\\\/person\\\/224ef08c8bcc005f319d2713ce37ee5f\"},\"headline\":\"EUROPEAN AGENDA: Education and Culture\",\"datePublished\":\"2021-03-10T02:00:49+00:00\",\"dateModified\":\"2021-09-15T08:58:58+00:00\",\"mainEntityOfPage\":{\"@id\":\"https:\\\/\\\/www.cde.ual.es\\\/en\\\/european-agenda-education-and-culture\\\/\"},\"wordCount\":1786,\"commentCount\":0,\"publisher\":{\"@id\":\"https:\\\/\\\/www.cde.ual.es\\\/#organization\"},\"image\":{\"@id\":\"https:\\\/\\\/www.cde.ual.es\\\/en\\\/european-agenda-education-and-culture\\\/#primaryimage\"},\"thumbnailUrl\":\"https:\\\/\\\/www.cde.ual.es\\\/wp-content\\\/uploads\\\/2020\\\/05\\\/AGENDA-EUROPEA-EDUCACI\u00d3N.png\",\"keywords\":[\"culture\",\"Educaci\u00f3n\",\"education\"],\"articleSection\":[\"Education and Culture\",\"EU News\"],\"inLanguage\":\"en-US\",\"potentialAction\":[{\"@type\":\"CommentAction\",\"name\":\"Comment\",\"target\":[\"https:\\\/\\\/www.cde.ual.es\\\/en\\\/european-agenda-education-and-culture\\\/#respond\"]}]},{\"@type\":\"WebPage\",\"@id\":\"https:\\\/\\\/www.cde.ual.es\\\/en\\\/european-agenda-education-and-culture\\\/\",\"url\":\"https:\\\/\\\/www.cde.ual.es\\\/en\\\/european-agenda-education-and-culture\\\/\",\"name\":\"EUROPEAN AGENDA: Education and Culture | CDE Almer\u00eda - Centro de Documentaci\u00f3n Europea - Universidad de Almer\u00eda\",\"isPartOf\":{\"@id\":\"https:\\\/\\\/www.cde.ual.es\\\/#website\"},\"primaryImageOfPage\":{\"@id\":\"https:\\\/\\\/www.cde.ual.es\\\/en\\\/european-agenda-education-and-culture\\\/#primaryimage\"},\"image\":{\"@id\":\"https:\\\/\\\/www.cde.ual.es\\\/en\\\/european-agenda-education-and-culture\\\/#primaryimage\"},\"thumbnailUrl\":\"https:\\\/\\\/www.cde.ual.es\\\/wp-content\\\/uploads\\\/2020\\\/05\\\/AGENDA-EUROPEA-EDUCACI\u00d3N.png\",\"datePublished\":\"2021-03-10T02:00:49+00:00\",\"dateModified\":\"2021-09-15T08:58:58+00:00\",\"breadcrumb\":{\"@id\":\"https:\\\/\\\/www.cde.ual.es\\\/en\\\/european-agenda-education-and-culture\\\/#breadcrumb\"},\"inLanguage\":\"en-US\",\"potentialAction\":[{\"@type\":\"ReadAction\",\"target\":[\"https:\\\/\\\/www.cde.ual.es\\\/en\\\/european-agenda-education-and-culture\\\/\"]}]},{\"@type\":\"ImageObject\",\"inLanguage\":\"en-US\",\"@id\":\"https:\\\/\\\/www.cde.ual.es\\\/en\\\/european-agenda-education-and-culture\\\/#primaryimage\",\"url\":\"https:\\\/\\\/www.cde.ual.es\\\/wp-content\\\/uploads\\\/2020\\\/05\\\/AGENDA-EUROPEA-EDUCACI\u00d3N.png\",\"contentUrl\":\"https:\\\/\\\/www.cde.ual.es\\\/wp-content\\\/uploads\\\/2020\\\/05\\\/AGENDA-EUROPEA-EDUCACI\u00d3N.png\",\"width\":1920,\"height\":1080},{\"@type\":\"BreadcrumbList\",\"@id\":\"https:\\\/\\\/www.cde.ual.es\\\/en\\\/european-agenda-education-and-culture\\\/#breadcrumb\",\"itemListElement\":[{\"@type\":\"ListItem\",\"position\":1,\"name\":\"Inicio\",\"item\":\"https:\\\/\\\/www.cde.ual.es\\\/en\\\/\"},{\"@type\":\"ListItem\",\"position\":2,\"name\":\"EU News\",\"item\":\"https:\\\/\\\/www.cde.ual.es\\\/en\\\/category\\\/eu-news\\\/\"},{\"@type\":\"ListItem\",\"position\":3,\"name\":\"Education and Culture\",\"item\":\"https:\\\/\\\/www.cde.ual.es\\\/en\\\/category\\\/eu-news\\\/education-culture\\\/\"},{\"@type\":\"ListItem\",\"position\":4,\"name\":\"EUROPEAN AGENDA: Education and Culture\"}]},{\"@type\":\"WebSite\",\"@id\":\"https:\\\/\\\/www.cde.ual.es\\\/#website\",\"url\":\"https:\\\/\\\/www.cde.ual.es\\\/\",\"name\":\"CDE Almer\u00eda - Centro de Documentaci\u00f3n Europea - Universidad de Almer\u00eda\",\"description\":\"Centro de Documentaci\u00f3n Europea de la Universidad de Almer\u00eda\",\"publisher\":{\"@id\":\"https:\\\/\\\/www.cde.ual.es\\\/#organization\"},\"alternateName\":\"CDE Almer\u00eda\",\"potentialAction\":[{\"@type\":\"SearchAction\",\"target\":{\"@type\":\"EntryPoint\",\"urlTemplate\":\"https:\\\/\\\/www.cde.ual.es\\\/?s={search_term_string}\"},\"query-input\":{\"@type\":\"PropertyValueSpecification\",\"valueRequired\":true,\"valueName\":\"search_term_string\"}}],\"inLanguage\":\"en-US\"},{\"@type\":\"Organization\",\"@id\":\"https:\\\/\\\/www.cde.ual.es\\\/#organization\",\"name\":\"Centro de Documentaci\u00f3n Europea de Almer\u00eda\",\"url\":\"https:\\\/\\\/www.cde.ual.es\\\/\",\"logo\":{\"@type\":\"ImageObject\",\"inLanguage\":\"en-US\",\"@id\":\"https:\\\/\\\/www.cde.ual.es\\\/#\\\/schema\\\/logo\\\/image\\\/\",\"url\":\"https:\\\/\\\/www.cde.ual.es\\\/wp-content\\\/uploads\\\/2025\\\/07\\\/cde-logo-3.png\",\"contentUrl\":\"https:\\\/\\\/www.cde.ual.es\\\/wp-content\\\/uploads\\\/2025\\\/07\\\/cde-logo-3.png\",\"width\":1400,\"height\":300,\"caption\":\"Centro de Documentaci\u00f3n Europea de Almer\u00eda\"},\"image\":{\"@id\":\"https:\\\/\\\/www.cde.ual.es\\\/#\\\/schema\\\/logo\\\/image\\\/\"},\"sameAs\":[\"https:\\\/\\\/www.facebook.com\\\/cdeuniversidadalmeria\\\/\",\"https:\\\/\\\/x.com\\\/cdeualmeria\",\"https:\\\/\\\/www.tiktok.com\\\/@cdealmeria\",\"https:\\\/\\\/www.instagram.com\\\/cdealmeria\\\/\",\"https:\\\/\\\/www.linkedin.com\\\/in\\\/cde-almera-812b26a9\\\/\"]},{\"@type\":\"Person\",\"@id\":\"https:\\\/\\\/www.cde.ual.es\\\/#\\\/schema\\\/person\\\/224ef08c8bcc005f319d2713ce37ee5f\",\"name\":\"AdminCDE\",\"image\":{\"@type\":\"ImageObject\",\"inLanguage\":\"en-US\",\"@id\":\"https:\\\/\\\/secure.gravatar.com\\\/avatar\\\/a72d038d371f995cd13706fac32274b7952a52e8fb0a84b5f80c85426f2a98a8?s=96&d=mm&r=g\",\"url\":\"https:\\\/\\\/secure.gravatar.com\\\/avatar\\\/a72d038d371f995cd13706fac32274b7952a52e8fb0a84b5f80c85426f2a98a8?s=96&d=mm&r=g\",\"contentUrl\":\"https:\\\/\\\/secure.gravatar.com\\\/avatar\\\/a72d038d371f995cd13706fac32274b7952a52e8fb0a84b5f80c85426f2a98a8?s=96&d=mm&r=g\",\"caption\":\"AdminCDE\"}}]}<\/script>\n<!-- \/ Yoast SEO plugin. -->","yoast_head_json":{"title":"EUROPEAN AGENDA: Education and Culture | CDE Almer\u00eda - Centro de Documentaci\u00f3n Europea - Universidad de Almer\u00eda","robots":{"index":"index","follow":"follow","max-snippet":"max-snippet:-1","max-image-preview":"max-image-preview:large","max-video-preview":"max-video-preview:-1"},"canonical":"https:\/\/www.cde.ual.es\/en\/european-agenda-education-and-culture\/","og_locale":"en_US","og_type":"article","og_title":"EUROPEAN AGENDA: Education and Culture | CDE Almer\u00eda - Centro de Documentaci\u00f3n Europea - Universidad de Almer\u00eda","og_description":"The European Union, through its various institutions and agencies, continues to propose support measures in the field of culture and education, focusing on the well-being of Europeans and increased educational opportunities throughout the Member states. These days the focus has been on digitalization and the budget for education and culture. To this effect, we point [&hellip;]","og_url":"https:\/\/www.cde.ual.es\/en\/european-agenda-education-and-culture\/","og_site_name":"CDE Almer\u00eda - Centro de Documentaci\u00f3n Europea - Universidad de Almer\u00eda","article_publisher":"https:\/\/www.facebook.com\/cdeuniversidadalmeria\/","article_published_time":"2021-03-10T02:00:49+00:00","article_modified_time":"2021-09-15T08:58:58+00:00","og_image":[{"width":1920,"height":1080,"url":"https:\/\/www.cde.ual.es\/wp-content\/uploads\/2020\/05\/AGENDA-EUROPEA-EDUCACI\u00d3N.png","type":"image\/png"}],"author":"AdminCDE","twitter_card":"summary_large_image","twitter_creator":"@cdeualmeria","twitter_site":"@cdeualmeria","twitter_misc":{"Written by":"AdminCDE","Est. reading time":"9 minutes"},"schema":{"@context":"https:\/\/schema.org","@graph":[{"@type":"Article","@id":"https:\/\/www.cde.ual.es\/en\/european-agenda-education-and-culture\/#article","isPartOf":{"@id":"https:\/\/www.cde.ual.es\/en\/european-agenda-education-and-culture\/"},"author":{"name":"AdminCDE","@id":"https:\/\/www.cde.ual.es\/#\/schema\/person\/224ef08c8bcc005f319d2713ce37ee5f"},"headline":"EUROPEAN AGENDA: Education and Culture","datePublished":"2021-03-10T02:00:49+00:00","dateModified":"2021-09-15T08:58:58+00:00","mainEntityOfPage":{"@id":"https:\/\/www.cde.ual.es\/en\/european-agenda-education-and-culture\/"},"wordCount":1786,"commentCount":0,"publisher":{"@id":"https:\/\/www.cde.ual.es\/#organization"},"image":{"@id":"https:\/\/www.cde.ual.es\/en\/european-agenda-education-and-culture\/#primaryimage"},"thumbnailUrl":"https:\/\/www.cde.ual.es\/wp-content\/uploads\/2020\/05\/AGENDA-EUROPEA-EDUCACI\u00d3N.png","keywords":["culture","Educaci\u00f3n","education"],"articleSection":["Education and Culture","EU News"],"inLanguage":"en-US","potentialAction":[{"@type":"CommentAction","name":"Comment","target":["https:\/\/www.cde.ual.es\/en\/european-agenda-education-and-culture\/#respond"]}]},{"@type":"WebPage","@id":"https:\/\/www.cde.ual.es\/en\/european-agenda-education-and-culture\/","url":"https:\/\/www.cde.ual.es\/en\/european-agenda-education-and-culture\/","name":"EUROPEAN AGENDA: Education and Culture | CDE Almer\u00eda - Centro de Documentaci\u00f3n Europea - Universidad de Almer\u00eda","isPartOf":{"@id":"https:\/\/www.cde.ual.es\/#website"},"primaryImageOfPage":{"@id":"https:\/\/www.cde.ual.es\/en\/european-agenda-education-and-culture\/#primaryimage"},"image":{"@id":"https:\/\/www.cde.ual.es\/en\/european-agenda-education-and-culture\/#primaryimage"},"thumbnailUrl":"https:\/\/www.cde.ual.es\/wp-content\/uploads\/2020\/05\/AGENDA-EUROPEA-EDUCACI\u00d3N.png","datePublished":"2021-03-10T02:00:49+00:00","dateModified":"2021-09-15T08:58:58+00:00","breadcrumb":{"@id":"https:\/\/www.cde.ual.es\/en\/european-agenda-education-and-culture\/#breadcrumb"},"inLanguage":"en-US","potentialAction":[{"@type":"ReadAction","target":["https:\/\/www.cde.ual.es\/en\/european-agenda-education-and-culture\/"]}]},{"@type":"ImageObject","inLanguage":"en-US","@id":"https:\/\/www.cde.ual.es\/en\/european-agenda-education-and-culture\/#primaryimage","url":"https:\/\/www.cde.ual.es\/wp-content\/uploads\/2020\/05\/AGENDA-EUROPEA-EDUCACI\u00d3N.png","contentUrl":"https:\/\/www.cde.ual.es\/wp-content\/uploads\/2020\/05\/AGENDA-EUROPEA-EDUCACI\u00d3N.png","width":1920,"height":1080},{"@type":"BreadcrumbList","@id":"https:\/\/www.cde.ual.es\/en\/european-agenda-education-and-culture\/#breadcrumb","itemListElement":[{"@type":"ListItem","position":1,"name":"Inicio","item":"https:\/\/www.cde.ual.es\/en\/"},{"@type":"ListItem","position":2,"name":"EU News","item":"https:\/\/www.cde.ual.es\/en\/category\/eu-news\/"},{"@type":"ListItem","position":3,"name":"Education and Culture","item":"https:\/\/www.cde.ual.es\/en\/category\/eu-news\/education-culture\/"},{"@type":"ListItem","position":4,"name":"EUROPEAN AGENDA: Education and Culture"}]},{"@type":"WebSite","@id":"https:\/\/www.cde.ual.es\/#website","url":"https:\/\/www.cde.ual.es\/","name":"CDE Almer\u00eda - Centro de Documentaci\u00f3n Europea - Universidad de Almer\u00eda","description":"Centro de Documentaci\u00f3n Europea de la Universidad de Almer\u00eda","publisher":{"@id":"https:\/\/www.cde.ual.es\/#organization"},"alternateName":"CDE Almer\u00eda","potentialAction":[{"@type":"SearchAction","target":{"@type":"EntryPoint","urlTemplate":"https:\/\/www.cde.ual.es\/?s={search_term_string}"},"query-input":{"@type":"PropertyValueSpecification","valueRequired":true,"valueName":"search_term_string"}}],"inLanguage":"en-US"},{"@type":"Organization","@id":"https:\/\/www.cde.ual.es\/#organization","name":"Centro de Documentaci\u00f3n Europea de Almer\u00eda","url":"https:\/\/www.cde.ual.es\/","logo":{"@type":"ImageObject","inLanguage":"en-US","@id":"https:\/\/www.cde.ual.es\/#\/schema\/logo\/image\/","url":"https:\/\/www.cde.ual.es\/wp-content\/uploads\/2025\/07\/cde-logo-3.png","contentUrl":"https:\/\/www.cde.ual.es\/wp-content\/uploads\/2025\/07\/cde-logo-3.png","width":1400,"height":300,"caption":"Centro de Documentaci\u00f3n Europea de Almer\u00eda"},"image":{"@id":"https:\/\/www.cde.ual.es\/#\/schema\/logo\/image\/"},"sameAs":["https:\/\/www.facebook.com\/cdeuniversidadalmeria\/","https:\/\/x.com\/cdeualmeria","https:\/\/www.tiktok.com\/@cdealmeria","https:\/\/www.instagram.com\/cdealmeria\/","https:\/\/www.linkedin.com\/in\/cde-almera-812b26a9\/"]},{"@type":"Person","@id":"https:\/\/www.cde.ual.es\/#\/schema\/person\/224ef08c8bcc005f319d2713ce37ee5f","name":"AdminCDE","image":{"@type":"ImageObject","inLanguage":"en-US","@id":"https:\/\/secure.gravatar.com\/avatar\/a72d038d371f995cd13706fac32274b7952a52e8fb0a84b5f80c85426f2a98a8?s=96&d=mm&r=g","url":"https:\/\/secure.gravatar.com\/avatar\/a72d038d371f995cd13706fac32274b7952a52e8fb0a84b5f80c85426f2a98a8?s=96&d=mm&r=g","contentUrl":"https:\/\/secure.gravatar.com\/avatar\/a72d038d371f995cd13706fac32274b7952a52e8fb0a84b5f80c85426f2a98a8?s=96&d=mm&r=g","caption":"AdminCDE"}}]}},"_links":{"self":[{"href":"https:\/\/www.cde.ual.es\/en\/wp-json\/wp\/v2\/posts\/44085","targetHints":{"allow":["GET"]}}],"collection":[{"href":"https:\/\/www.cde.ual.es\/en\/wp-json\/wp\/v2\/posts"}],"about":[{"href":"https:\/\/www.cde.ual.es\/en\/wp-json\/wp\/v2\/types\/post"}],"author":[{"embeddable":true,"href":"https:\/\/www.cde.ual.es\/en\/wp-json\/wp\/v2\/users\/1"}],"replies":[{"embeddable":true,"href":"https:\/\/www.cde.ual.es\/en\/wp-json\/wp\/v2\/comments?post=44085"}],"version-history":[{"count":0,"href":"https:\/\/www.cde.ual.es\/en\/wp-json\/wp\/v2\/posts\/44085\/revisions"}],"wp:featuredmedia":[{"embeddable":true,"href":"https:\/\/www.cde.ual.es\/en\/wp-json\/wp\/v2\/media\/44079"}],"wp:attachment":[{"href":"https:\/\/www.cde.ual.es\/en\/wp-json\/wp\/v2\/media?parent=44085"}],"wp:term":[{"taxonomy":"category","embeddable":true,"href":"https:\/\/www.cde.ual.es\/en\/wp-json\/wp\/v2\/categories?post=44085"},{"taxonomy":"post_tag","embeddable":true,"href":"https:\/\/www.cde.ual.es\/en\/wp-json\/wp\/v2\/tags?post=44085"}],"curies":[{"name":"wp","href":"https:\/\/api.w.org\/{rel}","templated":true}]}}