{"id":43848,"date":"2020-05-20T11:55:02","date_gmt":"2020-05-20T09:55:02","guid":{"rendered":"https:\/\/www.cde.ual.es\/?p=43848"},"modified":"2021-11-24T13:34:52","modified_gmt":"2021-11-24T12:34:52","slug":"ecofin-economic-prospects-and-challenges-in-covid-19-europe","status":"publish","type":"post","link":"https:\/\/www.cde.ual.es\/en\/ecofin-economic-prospects-and-challenges-in-covid-19-europe\/","title":{"rendered":"ECOFIN: economic prospects and challenges in Covid-19 Europe"},"content":{"rendered":"<h3><span style=\"color: #003366;\">NEXT MEETINGS<\/span><\/h3>\n<p><span style=\"color: #003366;\"><a style=\"color: #003366;\" title=\"Informal video conference of the members of the European Economic Area Council\" href=\"https:\/\/www.consilium.europa.eu\/en\/meetings\/international-ministerial-meetings\/2020\/05\/25\/\" data-di-id=\"di-id-abb27f84-897f3ee8\">25 May, European Economic Area Council<\/a><\/span><\/p>\n<p><span style=\"color: #003366;\">11 June, <a style=\"color: #003366;\" title=\"Eurogroup\" href=\"https:\/\/www.consilium.europa.eu\/en\/meetings\/eurogroup\/2020\/06\/11\/\" data-di-id=\"di-id-b6ca6768-fe326537\">Eurogroup<\/a><\/span><\/p>\n<p>The <strong>Economy and Finance Ministers<\/strong> are meeting on 19 May to exchange views on the progress made with regard to the EU&#8217;s response measures to the <strong>COVID-19 crisis<\/strong>.<\/p>\n<p><a href=\"https:\/\/www.cde.ual.es\/wp-content\/uploads\/2018\/05\/Presupuesto-UE.jpg\"><img decoding=\"async\" class=\"size-medium wp-image-26973 aligncenter\" src=\"https:\/\/www.cde.ual.es\/wp-content\/uploads\/2018\/05\/Presupuesto-UE-300x200.jpg\" alt=\"\" width=\"300\" height=\"200\" srcset=\"https:\/\/www.cde.ual.es\/wp-content\/uploads\/2018\/05\/Presupuesto-UE-300x200.jpg 300w, https:\/\/www.cde.ual.es\/wp-content\/uploads\/2018\/05\/Presupuesto-UE-768x513.jpg 768w, https:\/\/www.cde.ual.es\/wp-content\/uploads\/2018\/05\/Presupuesto-UE.jpg 800w\" sizes=\"(max-width: 300px) 100vw, 300px\" \/><\/a><\/p>\n<h2>ECOFIN<\/h2>\n<p>At this meeting the ministers addressed:<\/p>\n<h3>News on COVID-19 measures<\/h3>\n<ul>\n<li>Update on COVID-19 measures<\/li>\n<li>Regulation on Temporary Support to Mitigate the Risks of Unemployment in an Emergency (SURE)<\/li>\n<li>Implementation of the business safety net through the European Investment Bank&#8217;s Pan-European Guarantee Fund.<\/li>\n<li>Assessment of the economic and financial situation by ECB<\/li>\n<\/ul>\n<h3>Anti-Money Laundering (LBC)<\/h3>\n<p>To further strengthen the EU&#8217;s fight against money laundering and the financing of terrorism, ministers held a debate on the subject.<\/p>\n<p>On <strong>7 May<\/strong>, the Commission presented:<\/p>\n<ul>\n<li>an Action Plan for a comprehensive EU policy on the prevention of money laundering and terrorist financing,<\/li>\n<li>a revised methodology for the listing of high risk third countries with strategic weaknesses in their anti-money laundering regimes.<\/li>\n<\/ul>\n<p>Ministers discussed how to further improve the existing AML framework, in particular:<\/p>\n<ul>\n<li style=\"list-style-type: none;\">\n<ul>\n<li>how to best achieve a harmonised set of rules and which areas and sectors would merit being covered by a regulation;<\/li>\n<li>how to make better use of data, data analysis and data sharing;<\/li>\n<li>the possibility of setting up a new dedicated EU authority for AML and its possible competences;<\/li>\n<li>the revised methodology proposed by the Commission for the identification of high-risk third countries.<\/li>\n<\/ul>\n<\/li>\n<\/ul>\n<h3>European Semester 2020<\/h3>\n<p>Ministers welcomed the adoption of Council conclusions on the European Semester 2020 country reports and the implementation of the 2019 country-specific recommendations. These conclusions are part of the annual process of assessing macroeconomic imbalances procedures. However, this year, they reflect the exceptional situation linked to the severe deterioration of the economic situation resulting from the COVID-19 pandemic.<\/p>\n<p>The <strong>conclusions focus on structural challenges and vulnerabilities<\/strong> that remain relevant in today&#8217;s changing and uncertain economic environment, and which could prove relevant for a recovery strategy.<\/p>\n<p><a href=\"https:\/\/www.cde.ual.es\/wp-content\/uploads\/2020\/05\/sure.jpg\"><img decoding=\"async\" class=\"size-medium wp-image-43956 aligncenter\" src=\"https:\/\/www.cde.ual.es\/wp-content\/uploads\/2020\/05\/sure-300x153.jpg\" alt=\"\" width=\"300\" height=\"153\" srcset=\"https:\/\/www.cde.ual.es\/wp-content\/uploads\/2020\/05\/sure-300x153.jpg 300w, https:\/\/www.cde.ual.es\/wp-content\/uploads\/2020\/05\/sure-1024x521.jpg 1024w, https:\/\/www.cde.ual.es\/wp-content\/uploads\/2020\/05\/sure-768x391.jpg 768w, https:\/\/www.cde.ual.es\/wp-content\/uploads\/2020\/05\/sure.jpg 1027w\" sizes=\"(max-width: 300px) 100vw, 300px\" \/><\/a><\/p>\n<h3>Economic dialogue with Western Balkans and Turkey<\/h3>\n<p>In the margins of the video conference of economic and finance ministers, the EU, the Western Balkans and Turkey held their annual economic policy dialogue. This year&#8217;s discussion focused on the economic impact of the COVID-19 pandemic on the region.<\/p>\n<h2>Measures taken<\/h2>\n<p>The Council today adopted SURE, a temporary scheme which can provide\u00a0<strong>up to \u20ac100 billion of loans under favourable terms to member states<\/strong>. The instrument enables member states to request EU financial support to help finance the sudden and severe increases of national public expenditure, as from 1 February 2020, related to national short-time work schemes and similar measures, including for self-employed persons, or to some health-related measures, in particular at the work place in response to the crisis.<\/p>\n<p><strong>SURE is one of the three safety nets, worth \u20ac540 billion, for jobs and workers, businesses and member states<\/strong>, contained in the Eurogroup report agreed on 9 April 2020. EU leaders endorsed the report on 23 April and called for the package to be operational by 1 June 2020.\u00a0<strong>The total amount of guarantees will be \u20ac25 billion<\/strong>.<\/p>\n<p><strong>The instrument will then be operational until 31 December 2022.<\/strong><\/p>\n<h2>Eurogroup<\/h2>\n<p>On 15th May 2020 the Chair of the European Parliament&#8217;s Economic and Monetary Affairs Committee (ECON) Irene Tinagli met President M\u00e1rio Centeno to discuss the <strong>economic outlook for the euro area in the context of the COVID-19 crisis<\/strong>.<\/p>\n<p>The Eurogroup also reviewed progress on economic safety nets agreed at the Eurogroup <a href=\"https:\/\/www.consilium.europa.eu\/es\/meetings\/eurogroup\/2020\/04\/07-09\/\">video conference<\/a> on 9 April and endorsed by European Council members. Ministers also held a <strong>strategic discussion<\/strong> on priorities for the EU&#8217;s economic recovery.<\/p>\n<p>The Eurogroup had already agreed on some key features of the recovery fund, concluding that it should be <strong>temporary, targeted and proportionate<\/strong> to the extraordinary costs of this crisis. It should help spread the costs over time and ensure solidarity with the Member States most affected.<\/p>\n<p>The European Commission informed ministers of the<a href=\"https:\/\/ec.europa.eu\/commission\/presscorner\/detail\/en\/IP_20_838\"> second amendment adopted on 8 May 2020<\/a> to extend the scope of the temporary framework for state aid. The temporary framework was adopted on 19 March 2020 to help Member States support the economy in the context of the COVID-19 pandemic.<\/p>\n<h3>Living and working with the Covid-19<\/h3>\n<p>On 6th May Eurofound published a <a href=\"https:\/\/www.eurofound.europa.eu\/es\/publications\/report\/2020\/living-working-and-covid-19-first-findings-april-2020\">report<\/a> on the results of the survey undertaken with regard to the quality of life and working conditions of Europeans during the Covid-19. The aim of the survey is to investigate the impact on well-being, work and teleworking and on the financial situation of people living in Europe. It includes a series of questions relevant to people in various age groups and life situations. Most of the questions are based on Eurofound&#8217;s European Quality of Life Survey (EQLS) and European Working Conditions Survey (EWCS), while other questions are new or have been adapted from other sources, such as the European Union Statistics on Income and Living Conditions (EU-SILC).<\/p>\n<h2>Previous meetings<\/h2>\n<h3>16 April 2020<\/h3>\n<h4>Economic impact of the crisis caused by COVID-19 and policy response<\/h4>\n<p>Ministers called for the rapid implementation of emergency measures, in line with the principles agreed by the Eurogroup. In particular, the Croatian Presidency committed itself to rapidly follow up the negotiations on the Commission&#8217;s proposal for a <strong>temporary instrument to mitigate the risk of unemployment in the event of an emergency (SURE)<\/strong>.<\/p>\n<h4>Bank loans to households and businesses<\/h4>\n<p>Ministers adopted a declaration calling for the flexible application of EU rules for the banking sector and urging banks to refrain from distributing dividends.<\/p>\n<h4>European Semester<\/h4>\n<p>Ministers agreed to simplify the reporting requirements for this year&#8217;s European Semester cycle.<\/p>\n<h4>International spring meetings<\/h4>\n<p>The Croatian Presidency and the Commission informed ministers about the international spring meetings, in particular the meetings of the G7 and G20 finance ministers and the International Monetary and Financial Committee, which were held by videoconference the week of 13 April 2020.<\/p>\n<h3>23 March 2020<\/h3>\n<h4>COVID-19: flexibility of the Stability and Growth Pact<\/h4>\n<p>The finance ministers issued a <a href=\"https:\/\/www.consilium.europa.eu\/en\/press\/press-releases\/2020\/03\/23\/statement-of-eu-ministers-of-finance-on-the-stability-and-growth-pact-in-light-of-the-covid-19-crisis\/\">Statement of EU ministers of finance on the Stability and Growth Pact in the light of the VIC crisis-19<\/a><\/p>\n<h4>Economic impact of the COVID-19 crisis<\/h4>\n<p>The European Commission presented an assessment of the situation and its recent measures, such as the Coronavirus Response Investment Initiative or its Temporary Framework for State Aid measures. The European Central Bank presented its <a href=\"https:\/\/www.ecb.europa.eu\/press\/pr\/date\/2020\/html\/ecb.pr200318_1~3949d6f266.en.html\">Emergency Purchase Programme<\/a> in the face of the pandemic announced on 18th March.<\/p>\n<h4>European Semester 2020<\/h4>\n<p>Ministers and the Commission agreed to take a flexible and pragmatic approach in implementing the next stages of this year&#8217;s <a href=\"https:\/\/www.consilium.europa.eu\/en\/policies\/european-semester\/\">European Semester<\/a> exercise.<\/p>\n<h3>More information<\/h3>\n<p class=\"ecl-heading ecl-heading--h1 ecl-u-color-white\"><a href=\"https:\/\/ec.europa.eu\/commission\/presscorner\/detail\/en\/SPEECH_20_911\">Remarks by Executive Vice-President Dombrovskis at the ECOFIN press conference<\/a><\/p>\n<p><a href=\"https:\/\/eu2020.hr\/Home\/OneNews?id=293\">Council adopts temporary support to mitigate unemployment risks in an emergency: SURE<\/a><\/p>\n<p><a href=\"https:\/\/www.consilium.europa.eu\/es\/meetings\/ecofin\/2020\/05\/19\/\">Videoconference ECOFIN, 19 May 2020<\/a><\/p>\n<p><a class=\"\" title=\"Semestre Europeo (informaci\u00f3n de referencia)\" href=\"https:\/\/www.consilium.europa.eu\/es\/policies\/european-semester\/\" data-di-id=\"di-id-eb82040e-a7bab544\">European Semester\u00a0<\/a><\/p>\n<p><a class=\"\" title=\"Videoconferencia de los miembros del Consejo Europeo, 26.3.2020\" href=\"https:\/\/www.consilium.europa.eu\/es\/meetings\/european-council\/2020\/03\/26\/\" data-di-id=\"di-id-d7abd1f1-5321cc2f\">Videoconference Consilium, 26.3.2020<\/a><\/p>\n<p id=\"page-title\" class=\"title secundary\"><a href=\"https:\/\/www.eurofound.europa.eu\/es\/publications\/report\/2020\/living-working-and-covid-19-first-findings-april-2020\">Living, working and COVID-19: First findings\u00a0\u2013\u00a0April 2020<\/a><\/p>\n<p><a href=\"https:\/\/cor.europa.eu\/en\/news\/Pages\/ECON-responses-at-local-level-Covid-19-crisis-05.aspx\">CoR ECONomic Bulletin No. 5: Updates on the COVID-19 crisis<\/a><\/p>\n","protected":false},"excerpt":{"rendered":"<p>NEXT MEETINGS 25 May, European Economic Area Council 11 June, Eurogroup The Economy and Finance Ministers are meeting on 19 May to exchange views on the progress made with regard to the EU&#8217;s response measures to the COVID-19 crisis. ECOFIN At this meeting the ministers addressed: News on COVID-19 measures Update on COVID-19 measures Regulation [&hellip;]<\/p>\n","protected":false},"author":1,"featured_media":26973,"comment_status":"open","ping_status":"open","sticky":false,"template":"","format":"standard","meta":{"_acf_changed":false,"_relevanssi_hide_post":"","_relevanssi_hide_content":"","_relevanssi_pin_for_all":"","_relevanssi_pin_keywords":"","_relevanssi_unpin_keywords":"","_relevanssi_related_keywords":"","_relevanssi_related_include_ids":"","_relevanssi_related_exclude_ids":"","_relevanssi_related_no_append":"","_relevanssi_related_not_related":"","_relevanssi_related_posts":"","_relevanssi_noindex_reason":"","_monsterinsights_skip_tracking":false,"_monsterinsights_sitenote_active":false,"_monsterinsights_sitenote_note":"","_monsterinsights_sitenote_category":0,"_genesis_hide_title":false,"_genesis_hide_breadcrumbs":false,"_genesis_hide_singular_image":false,"_genesis_hide_footer_widgets":false,"_genesis_custom_body_class":"","_genesis_custom_post_class":"","_genesis_layout":"","footnotes":""},"categories":[4090,346,4088],"tags":[1764,1763,1765],"class_list":{"0":"post-43848","1":"post","2":"type-post","3":"status-publish","4":"format-standard","5":"has-post-thumbnail","7":"category-economy-finance","8":"category-eu-news","9":"category-market","10":"tag-ecofin","11":"tag-ecomomy","12":"tag-finances","13":"entry"},"acf":[],"yoast_head":"<!-- This site is optimized with the Yoast SEO plugin v27.5 - https:\/\/yoast.com\/product\/yoast-seo-wordpress\/ -->\n<title>ECOFIN: economic prospects and challenges in Covid-19 Europe | CDE Almer\u00eda - Centro de Documentaci\u00f3n Europea - Universidad de Almer\u00eda<\/title>\n<meta name=\"robots\" content=\"index, follow, max-snippet:-1, max-image-preview:large, max-video-preview:-1\" \/>\n<link rel=\"canonical\" href=\"https:\/\/www.cde.ual.es\/en\/ecofin-economic-prospects-and-challenges-in-covid-19-europe\/\" \/>\n<meta property=\"og:locale\" content=\"en_US\" \/>\n<meta property=\"og:type\" content=\"article\" \/>\n<meta property=\"og:title\" content=\"ECOFIN: economic prospects and challenges in Covid-19 Europe | CDE Almer\u00eda - Centro de Documentaci\u00f3n Europea - Universidad de Almer\u00eda\" \/>\n<meta property=\"og:description\" content=\"NEXT MEETINGS 25 May, European Economic Area Council 11 June, Eurogroup The Economy and Finance Ministers are meeting on 19 May to exchange views on the progress made with regard to the EU&#8217;s response measures to the COVID-19 crisis. ECOFIN At this meeting the ministers addressed: News on COVID-19 measures Update on COVID-19 measures Regulation [&hellip;]\" \/>\n<meta property=\"og:url\" content=\"https:\/\/www.cde.ual.es\/en\/ecofin-economic-prospects-and-challenges-in-covid-19-europe\/\" \/>\n<meta property=\"og:site_name\" content=\"CDE Almer\u00eda - Centro de Documentaci\u00f3n Europea - Universidad de Almer\u00eda\" \/>\n<meta property=\"article:publisher\" content=\"https:\/\/www.facebook.com\/cdeuniversidadalmeria\/\" \/>\n<meta property=\"article:published_time\" content=\"2020-05-20T09:55:02+00:00\" \/>\n<meta property=\"article:modified_time\" content=\"2021-11-24T12:34:52+00:00\" \/>\n<meta property=\"og:image\" content=\"https:\/\/www.cde.ual.es\/wp-content\/uploads\/2018\/05\/Presupuesto-UE.jpg\" \/>\n\t<meta property=\"og:image:width\" content=\"800\" \/>\n\t<meta property=\"og:image:height\" content=\"534\" \/>\n\t<meta property=\"og:image:type\" content=\"image\/jpeg\" \/>\n<meta name=\"author\" content=\"AdminCDE\" \/>\n<meta name=\"twitter:card\" content=\"summary_large_image\" \/>\n<meta name=\"twitter:creator\" content=\"@cdeualmeria\" \/>\n<meta name=\"twitter:site\" content=\"@cdeualmeria\" \/>\n<meta name=\"twitter:label1\" content=\"Written by\" \/>\n\t<meta name=\"twitter:data1\" content=\"AdminCDE\" \/>\n\t<meta name=\"twitter:label2\" content=\"Est. reading time\" \/>\n\t<meta name=\"twitter:data2\" content=\"5 minutes\" \/>\n<script type=\"application\/ld+json\" class=\"yoast-schema-graph\">{\"@context\":\"https:\\\/\\\/schema.org\",\"@graph\":[{\"@type\":\"Article\",\"@id\":\"https:\\\/\\\/www.cde.ual.es\\\/en\\\/ecofin-economic-prospects-and-challenges-in-covid-19-europe\\\/#article\",\"isPartOf\":{\"@id\":\"https:\\\/\\\/www.cde.ual.es\\\/en\\\/ecofin-economic-prospects-and-challenges-in-covid-19-europe\\\/\"},\"author\":{\"name\":\"AdminCDE\",\"@id\":\"https:\\\/\\\/www.cde.ual.es\\\/#\\\/schema\\\/person\\\/224ef08c8bcc005f319d2713ce37ee5f\"},\"headline\":\"ECOFIN: economic prospects and challenges in Covid-19 Europe\",\"datePublished\":\"2020-05-20T09:55:02+00:00\",\"dateModified\":\"2021-11-24T12:34:52+00:00\",\"mainEntityOfPage\":{\"@id\":\"https:\\\/\\\/www.cde.ual.es\\\/en\\\/ecofin-economic-prospects-and-challenges-in-covid-19-europe\\\/\"},\"wordCount\":1112,\"commentCount\":0,\"publisher\":{\"@id\":\"https:\\\/\\\/www.cde.ual.es\\\/#organization\"},\"image\":{\"@id\":\"https:\\\/\\\/www.cde.ual.es\\\/en\\\/ecofin-economic-prospects-and-challenges-in-covid-19-europe\\\/#primaryimage\"},\"thumbnailUrl\":\"https:\\\/\\\/www.cde.ual.es\\\/wp-content\\\/uploads\\\/2018\\\/05\\\/Presupuesto-UE.jpg\",\"keywords\":[\"Ecofin\",\"Ecomomy\",\"Finances\"],\"articleSection\":[\"Economy and Finance\",\"EU News\",\"Market\"],\"inLanguage\":\"en-US\",\"potentialAction\":[{\"@type\":\"CommentAction\",\"name\":\"Comment\",\"target\":[\"https:\\\/\\\/www.cde.ual.es\\\/en\\\/ecofin-economic-prospects-and-challenges-in-covid-19-europe\\\/#respond\"]}]},{\"@type\":\"WebPage\",\"@id\":\"https:\\\/\\\/www.cde.ual.es\\\/en\\\/ecofin-economic-prospects-and-challenges-in-covid-19-europe\\\/\",\"url\":\"https:\\\/\\\/www.cde.ual.es\\\/en\\\/ecofin-economic-prospects-and-challenges-in-covid-19-europe\\\/\",\"name\":\"ECOFIN: economic prospects and challenges in Covid-19 Europe | CDE Almer\u00eda - Centro de Documentaci\u00f3n Europea - Universidad de Almer\u00eda\",\"isPartOf\":{\"@id\":\"https:\\\/\\\/www.cde.ual.es\\\/#website\"},\"primaryImageOfPage\":{\"@id\":\"https:\\\/\\\/www.cde.ual.es\\\/en\\\/ecofin-economic-prospects-and-challenges-in-covid-19-europe\\\/#primaryimage\"},\"image\":{\"@id\":\"https:\\\/\\\/www.cde.ual.es\\\/en\\\/ecofin-economic-prospects-and-challenges-in-covid-19-europe\\\/#primaryimage\"},\"thumbnailUrl\":\"https:\\\/\\\/www.cde.ual.es\\\/wp-content\\\/uploads\\\/2018\\\/05\\\/Presupuesto-UE.jpg\",\"datePublished\":\"2020-05-20T09:55:02+00:00\",\"dateModified\":\"2021-11-24T12:34:52+00:00\",\"breadcrumb\":{\"@id\":\"https:\\\/\\\/www.cde.ual.es\\\/en\\\/ecofin-economic-prospects-and-challenges-in-covid-19-europe\\\/#breadcrumb\"},\"inLanguage\":\"en-US\",\"potentialAction\":[{\"@type\":\"ReadAction\",\"target\":[\"https:\\\/\\\/www.cde.ual.es\\\/en\\\/ecofin-economic-prospects-and-challenges-in-covid-19-europe\\\/\"]}]},{\"@type\":\"ImageObject\",\"inLanguage\":\"en-US\",\"@id\":\"https:\\\/\\\/www.cde.ual.es\\\/en\\\/ecofin-economic-prospects-and-challenges-in-covid-19-europe\\\/#primaryimage\",\"url\":\"https:\\\/\\\/www.cde.ual.es\\\/wp-content\\\/uploads\\\/2018\\\/05\\\/Presupuesto-UE.jpg\",\"contentUrl\":\"https:\\\/\\\/www.cde.ual.es\\\/wp-content\\\/uploads\\\/2018\\\/05\\\/Presupuesto-UE.jpg\",\"width\":800,\"height\":534},{\"@type\":\"BreadcrumbList\",\"@id\":\"https:\\\/\\\/www.cde.ual.es\\\/en\\\/ecofin-economic-prospects-and-challenges-in-covid-19-europe\\\/#breadcrumb\",\"itemListElement\":[{\"@type\":\"ListItem\",\"position\":1,\"name\":\"Inicio\",\"item\":\"https:\\\/\\\/www.cde.ual.es\\\/en\\\/\"},{\"@type\":\"ListItem\",\"position\":2,\"name\":\"EU News\",\"item\":\"https:\\\/\\\/www.cde.ual.es\\\/en\\\/category\\\/eu-news\\\/\"},{\"@type\":\"ListItem\",\"position\":3,\"name\":\"Market\",\"item\":\"https:\\\/\\\/www.cde.ual.es\\\/en\\\/category\\\/eu-news\\\/market\\\/\"},{\"@type\":\"ListItem\",\"position\":4,\"name\":\"Economy and Finance\",\"item\":\"https:\\\/\\\/www.cde.ual.es\\\/en\\\/category\\\/eu-news\\\/market\\\/economy-finance\\\/\"},{\"@type\":\"ListItem\",\"position\":5,\"name\":\"ECOFIN: economic prospects and challenges in Covid-19 Europe\"}]},{\"@type\":\"WebSite\",\"@id\":\"https:\\\/\\\/www.cde.ual.es\\\/#website\",\"url\":\"https:\\\/\\\/www.cde.ual.es\\\/\",\"name\":\"CDE Almer\u00eda - Centro de Documentaci\u00f3n Europea - Universidad de Almer\u00eda\",\"description\":\"Centro de Documentaci\u00f3n Europea de la Universidad de Almer\u00eda\",\"publisher\":{\"@id\":\"https:\\\/\\\/www.cde.ual.es\\\/#organization\"},\"alternateName\":\"CDE Almer\u00eda\",\"potentialAction\":[{\"@type\":\"SearchAction\",\"target\":{\"@type\":\"EntryPoint\",\"urlTemplate\":\"https:\\\/\\\/www.cde.ual.es\\\/?s={search_term_string}\"},\"query-input\":{\"@type\":\"PropertyValueSpecification\",\"valueRequired\":true,\"valueName\":\"search_term_string\"}}],\"inLanguage\":\"en-US\"},{\"@type\":\"Organization\",\"@id\":\"https:\\\/\\\/www.cde.ual.es\\\/#organization\",\"name\":\"Centro de Documentaci\u00f3n Europea de Almer\u00eda\",\"url\":\"https:\\\/\\\/www.cde.ual.es\\\/\",\"logo\":{\"@type\":\"ImageObject\",\"inLanguage\":\"en-US\",\"@id\":\"https:\\\/\\\/www.cde.ual.es\\\/#\\\/schema\\\/logo\\\/image\\\/\",\"url\":\"https:\\\/\\\/www.cde.ual.es\\\/wp-content\\\/uploads\\\/2025\\\/07\\\/cde-logo-3.png\",\"contentUrl\":\"https:\\\/\\\/www.cde.ual.es\\\/wp-content\\\/uploads\\\/2025\\\/07\\\/cde-logo-3.png\",\"width\":1400,\"height\":300,\"caption\":\"Centro de Documentaci\u00f3n Europea de Almer\u00eda\"},\"image\":{\"@id\":\"https:\\\/\\\/www.cde.ual.es\\\/#\\\/schema\\\/logo\\\/image\\\/\"},\"sameAs\":[\"https:\\\/\\\/www.facebook.com\\\/cdeuniversidadalmeria\\\/\",\"https:\\\/\\\/x.com\\\/cdeualmeria\",\"https:\\\/\\\/www.tiktok.com\\\/@cdealmeria\",\"https:\\\/\\\/www.instagram.com\\\/cdealmeria\\\/\",\"https:\\\/\\\/www.linkedin.com\\\/in\\\/cde-almera-812b26a9\\\/\"]},{\"@type\":\"Person\",\"@id\":\"https:\\\/\\\/www.cde.ual.es\\\/#\\\/schema\\\/person\\\/224ef08c8bcc005f319d2713ce37ee5f\",\"name\":\"AdminCDE\",\"image\":{\"@type\":\"ImageObject\",\"inLanguage\":\"en-US\",\"@id\":\"https:\\\/\\\/secure.gravatar.com\\\/avatar\\\/a72d038d371f995cd13706fac32274b7952a52e8fb0a84b5f80c85426f2a98a8?s=96&d=mm&r=g\",\"url\":\"https:\\\/\\\/secure.gravatar.com\\\/avatar\\\/a72d038d371f995cd13706fac32274b7952a52e8fb0a84b5f80c85426f2a98a8?s=96&d=mm&r=g\",\"contentUrl\":\"https:\\\/\\\/secure.gravatar.com\\\/avatar\\\/a72d038d371f995cd13706fac32274b7952a52e8fb0a84b5f80c85426f2a98a8?s=96&d=mm&r=g\",\"caption\":\"AdminCDE\"}}]}<\/script>\n<!-- \/ Yoast SEO plugin. -->","yoast_head_json":{"title":"ECOFIN: economic prospects and challenges in Covid-19 Europe | CDE Almer\u00eda - Centro de Documentaci\u00f3n Europea - Universidad de Almer\u00eda","robots":{"index":"index","follow":"follow","max-snippet":"max-snippet:-1","max-image-preview":"max-image-preview:large","max-video-preview":"max-video-preview:-1"},"canonical":"https:\/\/www.cde.ual.es\/en\/ecofin-economic-prospects-and-challenges-in-covid-19-europe\/","og_locale":"en_US","og_type":"article","og_title":"ECOFIN: economic prospects and challenges in Covid-19 Europe | CDE Almer\u00eda - Centro de Documentaci\u00f3n Europea - Universidad de Almer\u00eda","og_description":"NEXT MEETINGS 25 May, European Economic Area Council 11 June, Eurogroup The Economy and Finance Ministers are meeting on 19 May to exchange views on the progress made with regard to the EU&#8217;s response measures to the COVID-19 crisis. ECOFIN At this meeting the ministers addressed: News on COVID-19 measures Update on COVID-19 measures Regulation [&hellip;]","og_url":"https:\/\/www.cde.ual.es\/en\/ecofin-economic-prospects-and-challenges-in-covid-19-europe\/","og_site_name":"CDE Almer\u00eda - Centro de Documentaci\u00f3n Europea - Universidad de Almer\u00eda","article_publisher":"https:\/\/www.facebook.com\/cdeuniversidadalmeria\/","article_published_time":"2020-05-20T09:55:02+00:00","article_modified_time":"2021-11-24T12:34:52+00:00","og_image":[{"width":800,"height":534,"url":"https:\/\/www.cde.ual.es\/wp-content\/uploads\/2018\/05\/Presupuesto-UE.jpg","type":"image\/jpeg"}],"author":"AdminCDE","twitter_card":"summary_large_image","twitter_creator":"@cdeualmeria","twitter_site":"@cdeualmeria","twitter_misc":{"Written by":"AdminCDE","Est. reading time":"5 minutes"},"schema":{"@context":"https:\/\/schema.org","@graph":[{"@type":"Article","@id":"https:\/\/www.cde.ual.es\/en\/ecofin-economic-prospects-and-challenges-in-covid-19-europe\/#article","isPartOf":{"@id":"https:\/\/www.cde.ual.es\/en\/ecofin-economic-prospects-and-challenges-in-covid-19-europe\/"},"author":{"name":"AdminCDE","@id":"https:\/\/www.cde.ual.es\/#\/schema\/person\/224ef08c8bcc005f319d2713ce37ee5f"},"headline":"ECOFIN: economic prospects and challenges in Covid-19 Europe","datePublished":"2020-05-20T09:55:02+00:00","dateModified":"2021-11-24T12:34:52+00:00","mainEntityOfPage":{"@id":"https:\/\/www.cde.ual.es\/en\/ecofin-economic-prospects-and-challenges-in-covid-19-europe\/"},"wordCount":1112,"commentCount":0,"publisher":{"@id":"https:\/\/www.cde.ual.es\/#organization"},"image":{"@id":"https:\/\/www.cde.ual.es\/en\/ecofin-economic-prospects-and-challenges-in-covid-19-europe\/#primaryimage"},"thumbnailUrl":"https:\/\/www.cde.ual.es\/wp-content\/uploads\/2018\/05\/Presupuesto-UE.jpg","keywords":["Ecofin","Ecomomy","Finances"],"articleSection":["Economy and Finance","EU News","Market"],"inLanguage":"en-US","potentialAction":[{"@type":"CommentAction","name":"Comment","target":["https:\/\/www.cde.ual.es\/en\/ecofin-economic-prospects-and-challenges-in-covid-19-europe\/#respond"]}]},{"@type":"WebPage","@id":"https:\/\/www.cde.ual.es\/en\/ecofin-economic-prospects-and-challenges-in-covid-19-europe\/","url":"https:\/\/www.cde.ual.es\/en\/ecofin-economic-prospects-and-challenges-in-covid-19-europe\/","name":"ECOFIN: economic prospects and challenges in Covid-19 Europe | CDE Almer\u00eda - Centro de Documentaci\u00f3n Europea - Universidad de Almer\u00eda","isPartOf":{"@id":"https:\/\/www.cde.ual.es\/#website"},"primaryImageOfPage":{"@id":"https:\/\/www.cde.ual.es\/en\/ecofin-economic-prospects-and-challenges-in-covid-19-europe\/#primaryimage"},"image":{"@id":"https:\/\/www.cde.ual.es\/en\/ecofin-economic-prospects-and-challenges-in-covid-19-europe\/#primaryimage"},"thumbnailUrl":"https:\/\/www.cde.ual.es\/wp-content\/uploads\/2018\/05\/Presupuesto-UE.jpg","datePublished":"2020-05-20T09:55:02+00:00","dateModified":"2021-11-24T12:34:52+00:00","breadcrumb":{"@id":"https:\/\/www.cde.ual.es\/en\/ecofin-economic-prospects-and-challenges-in-covid-19-europe\/#breadcrumb"},"inLanguage":"en-US","potentialAction":[{"@type":"ReadAction","target":["https:\/\/www.cde.ual.es\/en\/ecofin-economic-prospects-and-challenges-in-covid-19-europe\/"]}]},{"@type":"ImageObject","inLanguage":"en-US","@id":"https:\/\/www.cde.ual.es\/en\/ecofin-economic-prospects-and-challenges-in-covid-19-europe\/#primaryimage","url":"https:\/\/www.cde.ual.es\/wp-content\/uploads\/2018\/05\/Presupuesto-UE.jpg","contentUrl":"https:\/\/www.cde.ual.es\/wp-content\/uploads\/2018\/05\/Presupuesto-UE.jpg","width":800,"height":534},{"@type":"BreadcrumbList","@id":"https:\/\/www.cde.ual.es\/en\/ecofin-economic-prospects-and-challenges-in-covid-19-europe\/#breadcrumb","itemListElement":[{"@type":"ListItem","position":1,"name":"Inicio","item":"https:\/\/www.cde.ual.es\/en\/"},{"@type":"ListItem","position":2,"name":"EU News","item":"https:\/\/www.cde.ual.es\/en\/category\/eu-news\/"},{"@type":"ListItem","position":3,"name":"Market","item":"https:\/\/www.cde.ual.es\/en\/category\/eu-news\/market\/"},{"@type":"ListItem","position":4,"name":"Economy and Finance","item":"https:\/\/www.cde.ual.es\/en\/category\/eu-news\/market\/economy-finance\/"},{"@type":"ListItem","position":5,"name":"ECOFIN: economic prospects and challenges in Covid-19 Europe"}]},{"@type":"WebSite","@id":"https:\/\/www.cde.ual.es\/#website","url":"https:\/\/www.cde.ual.es\/","name":"CDE Almer\u00eda - Centro de Documentaci\u00f3n Europea - Universidad de Almer\u00eda","description":"Centro de Documentaci\u00f3n Europea de la Universidad de Almer\u00eda","publisher":{"@id":"https:\/\/www.cde.ual.es\/#organization"},"alternateName":"CDE Almer\u00eda","potentialAction":[{"@type":"SearchAction","target":{"@type":"EntryPoint","urlTemplate":"https:\/\/www.cde.ual.es\/?s={search_term_string}"},"query-input":{"@type":"PropertyValueSpecification","valueRequired":true,"valueName":"search_term_string"}}],"inLanguage":"en-US"},{"@type":"Organization","@id":"https:\/\/www.cde.ual.es\/#organization","name":"Centro de Documentaci\u00f3n Europea de Almer\u00eda","url":"https:\/\/www.cde.ual.es\/","logo":{"@type":"ImageObject","inLanguage":"en-US","@id":"https:\/\/www.cde.ual.es\/#\/schema\/logo\/image\/","url":"https:\/\/www.cde.ual.es\/wp-content\/uploads\/2025\/07\/cde-logo-3.png","contentUrl":"https:\/\/www.cde.ual.es\/wp-content\/uploads\/2025\/07\/cde-logo-3.png","width":1400,"height":300,"caption":"Centro de Documentaci\u00f3n Europea de Almer\u00eda"},"image":{"@id":"https:\/\/www.cde.ual.es\/#\/schema\/logo\/image\/"},"sameAs":["https:\/\/www.facebook.com\/cdeuniversidadalmeria\/","https:\/\/x.com\/cdeualmeria","https:\/\/www.tiktok.com\/@cdealmeria","https:\/\/www.instagram.com\/cdealmeria\/","https:\/\/www.linkedin.com\/in\/cde-almera-812b26a9\/"]},{"@type":"Person","@id":"https:\/\/www.cde.ual.es\/#\/schema\/person\/224ef08c8bcc005f319d2713ce37ee5f","name":"AdminCDE","image":{"@type":"ImageObject","inLanguage":"en-US","@id":"https:\/\/secure.gravatar.com\/avatar\/a72d038d371f995cd13706fac32274b7952a52e8fb0a84b5f80c85426f2a98a8?s=96&d=mm&r=g","url":"https:\/\/secure.gravatar.com\/avatar\/a72d038d371f995cd13706fac32274b7952a52e8fb0a84b5f80c85426f2a98a8?s=96&d=mm&r=g","contentUrl":"https:\/\/secure.gravatar.com\/avatar\/a72d038d371f995cd13706fac32274b7952a52e8fb0a84b5f80c85426f2a98a8?s=96&d=mm&r=g","caption":"AdminCDE"}}]}},"_links":{"self":[{"href":"https:\/\/www.cde.ual.es\/en\/wp-json\/wp\/v2\/posts\/43848","targetHints":{"allow":["GET"]}}],"collection":[{"href":"https:\/\/www.cde.ual.es\/en\/wp-json\/wp\/v2\/posts"}],"about":[{"href":"https:\/\/www.cde.ual.es\/en\/wp-json\/wp\/v2\/types\/post"}],"author":[{"embeddable":true,"href":"https:\/\/www.cde.ual.es\/en\/wp-json\/wp\/v2\/users\/1"}],"replies":[{"embeddable":true,"href":"https:\/\/www.cde.ual.es\/en\/wp-json\/wp\/v2\/comments?post=43848"}],"version-history":[{"count":0,"href":"https:\/\/www.cde.ual.es\/en\/wp-json\/wp\/v2\/posts\/43848\/revisions"}],"wp:featuredmedia":[{"embeddable":true,"href":"https:\/\/www.cde.ual.es\/en\/wp-json\/wp\/v2\/media\/26973"}],"wp:attachment":[{"href":"https:\/\/www.cde.ual.es\/en\/wp-json\/wp\/v2\/media?parent=43848"}],"wp:term":[{"taxonomy":"category","embeddable":true,"href":"https:\/\/www.cde.ual.es\/en\/wp-json\/wp\/v2\/categories?post=43848"},{"taxonomy":"post_tag","embeddable":true,"href":"https:\/\/www.cde.ual.es\/en\/wp-json\/wp\/v2\/tags?post=43848"}],"curies":[{"name":"wp","href":"https:\/\/api.w.org\/{rel}","templated":true}]}}