{"id":43195,"date":"2020-05-12T03:05:45","date_gmt":"2020-05-12T01:05:45","guid":{"rendered":"https:\/\/www.cde.ual.es\/?p=43195"},"modified":"2021-11-24T14:30:38","modified_gmt":"2021-11-24T13:30:38","slug":"global-response-to-coronavirus-crisis-eu-creates-humanitarian-airlift","status":"publish","type":"post","link":"https:\/\/www.cde.ual.es\/en\/global-response-to-coronavirus-crisis-eu-creates-humanitarian-airlift\/","title":{"rendered":"Global response to coronavirus crisis: EU creates humanitarian airlift"},"content":{"rendered":"<p>The European Commission has established an <strong>EU Humanitarian Airlift<\/strong> to transport humanitarian workers and emergency supplies to some of the world&#8217;s most critical areas in response to the <strong>coronavirus crisis.<\/strong><\/p>\n<p><a href=\"https:\/\/www.cde.ual.es\/wp-content\/uploads\/2019\/05\/aeroplane-aircraft-airplane-46148-e1573455821251.jpg\"><img decoding=\"async\" class=\"size-medium wp-image-17747 aligncenter\" src=\"https:\/\/www.cde.ual.es\/wp-content\/uploads\/2019\/05\/aeroplane-aircraft-airplane-46148-300x225.jpg\" alt=\"\" width=\"300\" height=\"225\" \/><\/a><\/p>\n<p>The first EU flight, made in cooperation with France, leaves from Lyon and carries around sixty humanitarian workers from various NGOs and thirteen tonnes of humanitarian cargo. Two more cargo flights with another 27 tonnes of humanitarian supplies will follow in the coming days. On the return, the airlift flights will also bring in EU citizens and other passengers from the Central African Republic in a repatriation effort.<\/p>\n<p>More EU humanitarian flights are being scheduled in the coming days, giving priority to African countries where the pandemic may worsen other humanitarian crises.<\/p>\n<h3>Operation<\/h3>\n<ul>\n<li>In a joint effort by the Commission and the Member States, the Commission is financing the air transport of Member States&#8217; flights to and from the proposed destinations, as far as possible combined with ongoing repatriation flights, not forgetting humanitarian workers on rotation.<\/li>\n<li>Humanitarian workers from national administrations, NGOs or UN agencies can take advantage of the scheme.<\/li>\n<li>The Commission finances 100% of the transport costs, while the EU partners remain responsible for obtaining the humanitarian material.<\/li>\n<\/ul>\n<h3>Context<\/h3>\n<p>The EU&#8217;s global response to the coronavirus crisis follows a Team Europe approach. It builds on contributions from all EU institutions and combines resources mobilised by Member States and EU financial institutions to address the humanitarian, health and other consequences of the coronavirus pandemic.<\/p>\n<p>As part of its traditional solidarity with the people in need in the Central African Republic through its humanitarian aid, the EU is also supporting 15 new projects in 2020 with a total funding of EUR 15.2 million. These funds are aimed at providing vital assistance to the most vulnerable people. Since 2014, the Central African Republic has received more than EUR 770 million in humanitarian aid from the EU and its Member States.<\/p>\n<p>In addition to humanitarian aid, the EU has mobilised more than EUR 30 million for the response to the coronavirus crisis through its different mechanisms, such as the B\u00eakou Trust Fund. This funding will contribute to addressing the immediate needs of the Central African Republic in the areas of health, water and sanitation, as well as supporting the state budget through an advance payment of budgetary aid.<\/p>\n<h3>More information<\/h3>\n<p><a href=\"https:\/\/ec.europa.eu\/commission\/presscorner\/detail\/es\/IP_20_813\">Fulls news<\/a><\/p>\n","protected":false},"excerpt":{"rendered":"<p>The European Commission has established an EU Humanitarian Airlift to transport humanitarian workers and emergency supplies to some of the world&#8217;s most critical areas in response to the coronavirus crisis. The first EU flight, made in cooperation with France, leaves from Lyon and carries around sixty humanitarian workers from various NGOs and thirteen tonnes of [&hellip;]<\/p>\n","protected":false},"author":101012,"featured_media":17748,"comment_status":"open","ping_status":"open","sticky":false,"template":"","format":"standard","meta":{"_acf_changed":false,"_relevanssi_hide_post":"","_relevanssi_hide_content":"","_relevanssi_pin_for_all":"","_relevanssi_pin_keywords":"","_relevanssi_unpin_keywords":"","_relevanssi_related_keywords":"","_relevanssi_related_include_ids":"","_relevanssi_related_exclude_ids":"","_relevanssi_related_no_append":"","_relevanssi_related_not_related":"","_relevanssi_related_posts":"","_relevanssi_noindex_reason":"","_monsterinsights_skip_tracking":false,"_monsterinsights_sitenote_active":false,"_monsterinsights_sitenote_note":"","_monsterinsights_sitenote_category":0,"_genesis_hide_title":false,"_genesis_hide_breadcrumbs":false,"_genesis_hide_singular_image":false,"_genesis_hide_footer_widgets":false,"_genesis_custom_body_class":"","_genesis_custom_post_class":"","_genesis_layout":"","footnotes":""},"categories":[4093,346,4092,4064,4065,4067],"tags":[1322,1721],"class_list":{"0":"post-43195","1":"post","2":"type-post","3":"status-publish","4":"format-standard","5":"has-post-thumbnail","7":"category-diseases","8":"category-eu-news","9":"category-health","10":"category-institutional","11":"category-international-pol-coop","12":"category-social-affairs","13":"tag-coronavirus-en","14":"tag-humanitarian-airlift","15":"entry"},"acf":[],"yoast_head":"<!-- This site is optimized with the Yoast SEO plugin v27.4 - https:\/\/yoast.com\/product\/yoast-seo-wordpress\/ -->\n<title>Global response to coronavirus crisis: EU creates humanitarian airlift | CDE Almer\u00eda - Centro de Documentaci\u00f3n Europea - Universidad de Almer\u00eda<\/title>\n<meta name=\"robots\" content=\"index, follow, max-snippet:-1, max-image-preview:large, max-video-preview:-1\" \/>\n<link rel=\"canonical\" href=\"https:\/\/www.cde.ual.es\/en\/global-response-to-coronavirus-crisis-eu-creates-humanitarian-airlift\/\" \/>\n<meta property=\"og:locale\" content=\"en_US\" \/>\n<meta property=\"og:type\" content=\"article\" \/>\n<meta property=\"og:title\" content=\"Global response to coronavirus crisis: EU creates humanitarian airlift | CDE Almer\u00eda - Centro de Documentaci\u00f3n Europea - Universidad de Almer\u00eda\" \/>\n<meta property=\"og:description\" content=\"The European Commission has established an EU Humanitarian Airlift to transport humanitarian workers and emergency supplies to some of the world&#8217;s most critical areas in response to the coronavirus crisis. The first EU flight, made in cooperation with France, leaves from Lyon and carries around sixty humanitarian workers from various NGOs and thirteen tonnes of [&hellip;]\" \/>\n<meta property=\"og:url\" content=\"https:\/\/www.cde.ual.es\/en\/global-response-to-coronavirus-crisis-eu-creates-humanitarian-airlift\/\" \/>\n<meta property=\"og:site_name\" content=\"CDE Almer\u00eda - Centro de Documentaci\u00f3n Europea - Universidad de Almer\u00eda\" \/>\n<meta property=\"article:publisher\" content=\"https:\/\/www.facebook.com\/cdeuniversidadalmeria\/\" \/>\n<meta property=\"article:published_time\" content=\"2020-05-12T01:05:45+00:00\" \/>\n<meta property=\"article:modified_time\" content=\"2021-11-24T13:30:38+00:00\" \/>\n<meta property=\"og:image\" content=\"https:\/\/www.cde.ual.es\/wp-content\/uploads\/2019\/05\/aeroplane-aircraft-airplane-46148.jpg\" \/>\n\t<meta property=\"og:image:width\" content=\"3000\" \/>\n\t<meta property=\"og:image:height\" content=\"2250\" \/>\n\t<meta property=\"og:image:type\" content=\"image\/jpeg\" \/>\n<meta name=\"author\" content=\"BECACDE1\" \/>\n<meta name=\"twitter:card\" content=\"summary_large_image\" \/>\n<meta name=\"twitter:creator\" content=\"@cdeualmeria\" \/>\n<meta name=\"twitter:site\" content=\"@cdeualmeria\" \/>\n<meta name=\"twitter:label1\" content=\"Written by\" \/>\n\t<meta name=\"twitter:data1\" content=\"BECACDE1\" \/>\n\t<meta name=\"twitter:label2\" content=\"Est. reading time\" \/>\n\t<meta name=\"twitter:data2\" content=\"2 minutes\" \/>\n<script type=\"application\/ld+json\" class=\"yoast-schema-graph\">{\"@context\":\"https:\\\/\\\/schema.org\",\"@graph\":[{\"@type\":\"Article\",\"@id\":\"https:\\\/\\\/www.cde.ual.es\\\/en\\\/global-response-to-coronavirus-crisis-eu-creates-humanitarian-airlift\\\/#article\",\"isPartOf\":{\"@id\":\"https:\\\/\\\/www.cde.ual.es\\\/en\\\/global-response-to-coronavirus-crisis-eu-creates-humanitarian-airlift\\\/\"},\"author\":{\"name\":\"BECACDE1\",\"@id\":\"https:\\\/\\\/www.cde.ual.es\\\/#\\\/schema\\\/person\\\/bf2f837cf3353e2161fe1087adbd728f\"},\"headline\":\"Global response to coronavirus crisis: EU creates humanitarian airlift\",\"datePublished\":\"2020-05-12T01:05:45+00:00\",\"dateModified\":\"2021-11-24T13:30:38+00:00\",\"mainEntityOfPage\":{\"@id\":\"https:\\\/\\\/www.cde.ual.es\\\/en\\\/global-response-to-coronavirus-crisis-eu-creates-humanitarian-airlift\\\/\"},\"wordCount\":394,\"commentCount\":0,\"publisher\":{\"@id\":\"https:\\\/\\\/www.cde.ual.es\\\/#organization\"},\"image\":{\"@id\":\"https:\\\/\\\/www.cde.ual.es\\\/en\\\/global-response-to-coronavirus-crisis-eu-creates-humanitarian-airlift\\\/#primaryimage\"},\"thumbnailUrl\":\"https:\\\/\\\/www.cde.ual.es\\\/wp-content\\\/uploads\\\/2019\\\/05\\\/aeroplane-aircraft-airplane-46148.jpg\",\"keywords\":[\"Coronavirus\",\"humanitarian airlift\"],\"articleSection\":[\"Diseases\",\"EU News\",\"Health\",\"Institutional Affairs\",\"International Politics and Cooperation\",\"Social Affairs\"],\"inLanguage\":\"en-US\",\"potentialAction\":[{\"@type\":\"CommentAction\",\"name\":\"Comment\",\"target\":[\"https:\\\/\\\/www.cde.ual.es\\\/en\\\/global-response-to-coronavirus-crisis-eu-creates-humanitarian-airlift\\\/#respond\"]}]},{\"@type\":\"WebPage\",\"@id\":\"https:\\\/\\\/www.cde.ual.es\\\/en\\\/global-response-to-coronavirus-crisis-eu-creates-humanitarian-airlift\\\/\",\"url\":\"https:\\\/\\\/www.cde.ual.es\\\/en\\\/global-response-to-coronavirus-crisis-eu-creates-humanitarian-airlift\\\/\",\"name\":\"Global response to coronavirus crisis: EU creates humanitarian airlift | CDE Almer\u00eda - Centro de Documentaci\u00f3n Europea - Universidad de Almer\u00eda\",\"isPartOf\":{\"@id\":\"https:\\\/\\\/www.cde.ual.es\\\/#website\"},\"primaryImageOfPage\":{\"@id\":\"https:\\\/\\\/www.cde.ual.es\\\/en\\\/global-response-to-coronavirus-crisis-eu-creates-humanitarian-airlift\\\/#primaryimage\"},\"image\":{\"@id\":\"https:\\\/\\\/www.cde.ual.es\\\/en\\\/global-response-to-coronavirus-crisis-eu-creates-humanitarian-airlift\\\/#primaryimage\"},\"thumbnailUrl\":\"https:\\\/\\\/www.cde.ual.es\\\/wp-content\\\/uploads\\\/2019\\\/05\\\/aeroplane-aircraft-airplane-46148.jpg\",\"datePublished\":\"2020-05-12T01:05:45+00:00\",\"dateModified\":\"2021-11-24T13:30:38+00:00\",\"breadcrumb\":{\"@id\":\"https:\\\/\\\/www.cde.ual.es\\\/en\\\/global-response-to-coronavirus-crisis-eu-creates-humanitarian-airlift\\\/#breadcrumb\"},\"inLanguage\":\"en-US\",\"potentialAction\":[{\"@type\":\"ReadAction\",\"target\":[\"https:\\\/\\\/www.cde.ual.es\\\/en\\\/global-response-to-coronavirus-crisis-eu-creates-humanitarian-airlift\\\/\"]}]},{\"@type\":\"ImageObject\",\"inLanguage\":\"en-US\",\"@id\":\"https:\\\/\\\/www.cde.ual.es\\\/en\\\/global-response-to-coronavirus-crisis-eu-creates-humanitarian-airlift\\\/#primaryimage\",\"url\":\"https:\\\/\\\/www.cde.ual.es\\\/wp-content\\\/uploads\\\/2019\\\/05\\\/aeroplane-aircraft-airplane-46148.jpg\",\"contentUrl\":\"https:\\\/\\\/www.cde.ual.es\\\/wp-content\\\/uploads\\\/2019\\\/05\\\/aeroplane-aircraft-airplane-46148.jpg\",\"width\":3000,\"height\":2250},{\"@type\":\"BreadcrumbList\",\"@id\":\"https:\\\/\\\/www.cde.ual.es\\\/en\\\/global-response-to-coronavirus-crisis-eu-creates-humanitarian-airlift\\\/#breadcrumb\",\"itemListElement\":[{\"@type\":\"ListItem\",\"position\":1,\"name\":\"Inicio\",\"item\":\"https:\\\/\\\/www.cde.ual.es\\\/en\\\/\"},{\"@type\":\"ListItem\",\"position\":2,\"name\":\"EU News\",\"item\":\"https:\\\/\\\/www.cde.ual.es\\\/en\\\/category\\\/eu-news\\\/\"},{\"@type\":\"ListItem\",\"position\":3,\"name\":\"Health\",\"item\":\"https:\\\/\\\/www.cde.ual.es\\\/en\\\/category\\\/eu-news\\\/health\\\/\"},{\"@type\":\"ListItem\",\"position\":4,\"name\":\"Diseases\",\"item\":\"https:\\\/\\\/www.cde.ual.es\\\/en\\\/category\\\/eu-news\\\/health\\\/diseases\\\/\"},{\"@type\":\"ListItem\",\"position\":5,\"name\":\"Global response to coronavirus crisis: EU creates humanitarian airlift\"}]},{\"@type\":\"WebSite\",\"@id\":\"https:\\\/\\\/www.cde.ual.es\\\/#website\",\"url\":\"https:\\\/\\\/www.cde.ual.es\\\/\",\"name\":\"CDE Almer\u00eda - Centro de Documentaci\u00f3n Europea - Universidad de Almer\u00eda\",\"description\":\"Centro de Documentaci\u00f3n Europea de la Universidad de Almer\u00eda\",\"publisher\":{\"@id\":\"https:\\\/\\\/www.cde.ual.es\\\/#organization\"},\"alternateName\":\"CDE Almer\u00eda\",\"potentialAction\":[{\"@type\":\"SearchAction\",\"target\":{\"@type\":\"EntryPoint\",\"urlTemplate\":\"https:\\\/\\\/www.cde.ual.es\\\/?s={search_term_string}\"},\"query-input\":{\"@type\":\"PropertyValueSpecification\",\"valueRequired\":true,\"valueName\":\"search_term_string\"}}],\"inLanguage\":\"en-US\"},{\"@type\":\"Organization\",\"@id\":\"https:\\\/\\\/www.cde.ual.es\\\/#organization\",\"name\":\"Centro de Documentaci\u00f3n Europea de Almer\u00eda\",\"url\":\"https:\\\/\\\/www.cde.ual.es\\\/\",\"logo\":{\"@type\":\"ImageObject\",\"inLanguage\":\"en-US\",\"@id\":\"https:\\\/\\\/www.cde.ual.es\\\/#\\\/schema\\\/logo\\\/image\\\/\",\"url\":\"https:\\\/\\\/www.cde.ual.es\\\/wp-content\\\/uploads\\\/2025\\\/07\\\/cde-logo-3.png\",\"contentUrl\":\"https:\\\/\\\/www.cde.ual.es\\\/wp-content\\\/uploads\\\/2025\\\/07\\\/cde-logo-3.png\",\"width\":1400,\"height\":300,\"caption\":\"Centro de Documentaci\u00f3n Europea de Almer\u00eda\"},\"image\":{\"@id\":\"https:\\\/\\\/www.cde.ual.es\\\/#\\\/schema\\\/logo\\\/image\\\/\"},\"sameAs\":[\"https:\\\/\\\/www.facebook.com\\\/cdeuniversidadalmeria\\\/\",\"https:\\\/\\\/x.com\\\/cdeualmeria\",\"https:\\\/\\\/www.tiktok.com\\\/@cdealmeria\",\"https:\\\/\\\/www.instagram.com\\\/cdealmeria\\\/\",\"https:\\\/\\\/www.linkedin.com\\\/in\\\/cde-almera-812b26a9\\\/\"]},{\"@type\":\"Person\",\"@id\":\"https:\\\/\\\/www.cde.ual.es\\\/#\\\/schema\\\/person\\\/bf2f837cf3353e2161fe1087adbd728f\",\"name\":\"BECACDE1\",\"image\":{\"@type\":\"ImageObject\",\"inLanguage\":\"en-US\",\"@id\":\"https:\\\/\\\/secure.gravatar.com\\\/avatar\\\/16a4c1e422b5dec818ee13eab3353b19db9cfd278cc10f9b0e1188a37671d9d4?s=96&d=mm&r=g\",\"url\":\"https:\\\/\\\/secure.gravatar.com\\\/avatar\\\/16a4c1e422b5dec818ee13eab3353b19db9cfd278cc10f9b0e1188a37671d9d4?s=96&d=mm&r=g\",\"contentUrl\":\"https:\\\/\\\/secure.gravatar.com\\\/avatar\\\/16a4c1e422b5dec818ee13eab3353b19db9cfd278cc10f9b0e1188a37671d9d4?s=96&d=mm&r=g\",\"caption\":\"BECACDE1\"},\"sameAs\":[\"http:\\\/\\\/www.cdealmeria.com\"]}]}<\/script>\n<!-- \/ Yoast SEO plugin. -->","yoast_head_json":{"title":"Global response to coronavirus crisis: EU creates humanitarian airlift | CDE Almer\u00eda - Centro de Documentaci\u00f3n Europea - Universidad de Almer\u00eda","robots":{"index":"index","follow":"follow","max-snippet":"max-snippet:-1","max-image-preview":"max-image-preview:large","max-video-preview":"max-video-preview:-1"},"canonical":"https:\/\/www.cde.ual.es\/en\/global-response-to-coronavirus-crisis-eu-creates-humanitarian-airlift\/","og_locale":"en_US","og_type":"article","og_title":"Global response to coronavirus crisis: EU creates humanitarian airlift | CDE Almer\u00eda - Centro de Documentaci\u00f3n Europea - Universidad de Almer\u00eda","og_description":"The European Commission has established an EU Humanitarian Airlift to transport humanitarian workers and emergency supplies to some of the world&#8217;s most critical areas in response to the coronavirus crisis. The first EU flight, made in cooperation with France, leaves from Lyon and carries around sixty humanitarian workers from various NGOs and thirteen tonnes of [&hellip;]","og_url":"https:\/\/www.cde.ual.es\/en\/global-response-to-coronavirus-crisis-eu-creates-humanitarian-airlift\/","og_site_name":"CDE Almer\u00eda - Centro de Documentaci\u00f3n Europea - Universidad de Almer\u00eda","article_publisher":"https:\/\/www.facebook.com\/cdeuniversidadalmeria\/","article_published_time":"2020-05-12T01:05:45+00:00","article_modified_time":"2021-11-24T13:30:38+00:00","og_image":[{"width":3000,"height":2250,"url":"https:\/\/www.cde.ual.es\/wp-content\/uploads\/2019\/05\/aeroplane-aircraft-airplane-46148.jpg","type":"image\/jpeg"}],"author":"BECACDE1","twitter_card":"summary_large_image","twitter_creator":"@cdeualmeria","twitter_site":"@cdeualmeria","twitter_misc":{"Written by":"BECACDE1","Est. reading time":"2 minutes"},"schema":{"@context":"https:\/\/schema.org","@graph":[{"@type":"Article","@id":"https:\/\/www.cde.ual.es\/en\/global-response-to-coronavirus-crisis-eu-creates-humanitarian-airlift\/#article","isPartOf":{"@id":"https:\/\/www.cde.ual.es\/en\/global-response-to-coronavirus-crisis-eu-creates-humanitarian-airlift\/"},"author":{"name":"BECACDE1","@id":"https:\/\/www.cde.ual.es\/#\/schema\/person\/bf2f837cf3353e2161fe1087adbd728f"},"headline":"Global response to coronavirus crisis: EU creates humanitarian airlift","datePublished":"2020-05-12T01:05:45+00:00","dateModified":"2021-11-24T13:30:38+00:00","mainEntityOfPage":{"@id":"https:\/\/www.cde.ual.es\/en\/global-response-to-coronavirus-crisis-eu-creates-humanitarian-airlift\/"},"wordCount":394,"commentCount":0,"publisher":{"@id":"https:\/\/www.cde.ual.es\/#organization"},"image":{"@id":"https:\/\/www.cde.ual.es\/en\/global-response-to-coronavirus-crisis-eu-creates-humanitarian-airlift\/#primaryimage"},"thumbnailUrl":"https:\/\/www.cde.ual.es\/wp-content\/uploads\/2019\/05\/aeroplane-aircraft-airplane-46148.jpg","keywords":["Coronavirus","humanitarian airlift"],"articleSection":["Diseases","EU News","Health","Institutional Affairs","International Politics and Cooperation","Social Affairs"],"inLanguage":"en-US","potentialAction":[{"@type":"CommentAction","name":"Comment","target":["https:\/\/www.cde.ual.es\/en\/global-response-to-coronavirus-crisis-eu-creates-humanitarian-airlift\/#respond"]}]},{"@type":"WebPage","@id":"https:\/\/www.cde.ual.es\/en\/global-response-to-coronavirus-crisis-eu-creates-humanitarian-airlift\/","url":"https:\/\/www.cde.ual.es\/en\/global-response-to-coronavirus-crisis-eu-creates-humanitarian-airlift\/","name":"Global response to coronavirus crisis: EU creates humanitarian airlift | CDE Almer\u00eda - Centro de Documentaci\u00f3n Europea - Universidad de Almer\u00eda","isPartOf":{"@id":"https:\/\/www.cde.ual.es\/#website"},"primaryImageOfPage":{"@id":"https:\/\/www.cde.ual.es\/en\/global-response-to-coronavirus-crisis-eu-creates-humanitarian-airlift\/#primaryimage"},"image":{"@id":"https:\/\/www.cde.ual.es\/en\/global-response-to-coronavirus-crisis-eu-creates-humanitarian-airlift\/#primaryimage"},"thumbnailUrl":"https:\/\/www.cde.ual.es\/wp-content\/uploads\/2019\/05\/aeroplane-aircraft-airplane-46148.jpg","datePublished":"2020-05-12T01:05:45+00:00","dateModified":"2021-11-24T13:30:38+00:00","breadcrumb":{"@id":"https:\/\/www.cde.ual.es\/en\/global-response-to-coronavirus-crisis-eu-creates-humanitarian-airlift\/#breadcrumb"},"inLanguage":"en-US","potentialAction":[{"@type":"ReadAction","target":["https:\/\/www.cde.ual.es\/en\/global-response-to-coronavirus-crisis-eu-creates-humanitarian-airlift\/"]}]},{"@type":"ImageObject","inLanguage":"en-US","@id":"https:\/\/www.cde.ual.es\/en\/global-response-to-coronavirus-crisis-eu-creates-humanitarian-airlift\/#primaryimage","url":"https:\/\/www.cde.ual.es\/wp-content\/uploads\/2019\/05\/aeroplane-aircraft-airplane-46148.jpg","contentUrl":"https:\/\/www.cde.ual.es\/wp-content\/uploads\/2019\/05\/aeroplane-aircraft-airplane-46148.jpg","width":3000,"height":2250},{"@type":"BreadcrumbList","@id":"https:\/\/www.cde.ual.es\/en\/global-response-to-coronavirus-crisis-eu-creates-humanitarian-airlift\/#breadcrumb","itemListElement":[{"@type":"ListItem","position":1,"name":"Inicio","item":"https:\/\/www.cde.ual.es\/en\/"},{"@type":"ListItem","position":2,"name":"EU News","item":"https:\/\/www.cde.ual.es\/en\/category\/eu-news\/"},{"@type":"ListItem","position":3,"name":"Health","item":"https:\/\/www.cde.ual.es\/en\/category\/eu-news\/health\/"},{"@type":"ListItem","position":4,"name":"Diseases","item":"https:\/\/www.cde.ual.es\/en\/category\/eu-news\/health\/diseases\/"},{"@type":"ListItem","position":5,"name":"Global response to coronavirus crisis: EU creates humanitarian airlift"}]},{"@type":"WebSite","@id":"https:\/\/www.cde.ual.es\/#website","url":"https:\/\/www.cde.ual.es\/","name":"CDE Almer\u00eda - Centro de Documentaci\u00f3n Europea - Universidad de Almer\u00eda","description":"Centro de Documentaci\u00f3n Europea de la Universidad de Almer\u00eda","publisher":{"@id":"https:\/\/www.cde.ual.es\/#organization"},"alternateName":"CDE Almer\u00eda","potentialAction":[{"@type":"SearchAction","target":{"@type":"EntryPoint","urlTemplate":"https:\/\/www.cde.ual.es\/?s={search_term_string}"},"query-input":{"@type":"PropertyValueSpecification","valueRequired":true,"valueName":"search_term_string"}}],"inLanguage":"en-US"},{"@type":"Organization","@id":"https:\/\/www.cde.ual.es\/#organization","name":"Centro de Documentaci\u00f3n Europea de Almer\u00eda","url":"https:\/\/www.cde.ual.es\/","logo":{"@type":"ImageObject","inLanguage":"en-US","@id":"https:\/\/www.cde.ual.es\/#\/schema\/logo\/image\/","url":"https:\/\/www.cde.ual.es\/wp-content\/uploads\/2025\/07\/cde-logo-3.png","contentUrl":"https:\/\/www.cde.ual.es\/wp-content\/uploads\/2025\/07\/cde-logo-3.png","width":1400,"height":300,"caption":"Centro de Documentaci\u00f3n Europea de Almer\u00eda"},"image":{"@id":"https:\/\/www.cde.ual.es\/#\/schema\/logo\/image\/"},"sameAs":["https:\/\/www.facebook.com\/cdeuniversidadalmeria\/","https:\/\/x.com\/cdeualmeria","https:\/\/www.tiktok.com\/@cdealmeria","https:\/\/www.instagram.com\/cdealmeria\/","https:\/\/www.linkedin.com\/in\/cde-almera-812b26a9\/"]},{"@type":"Person","@id":"https:\/\/www.cde.ual.es\/#\/schema\/person\/bf2f837cf3353e2161fe1087adbd728f","name":"BECACDE1","image":{"@type":"ImageObject","inLanguage":"en-US","@id":"https:\/\/secure.gravatar.com\/avatar\/16a4c1e422b5dec818ee13eab3353b19db9cfd278cc10f9b0e1188a37671d9d4?s=96&d=mm&r=g","url":"https:\/\/secure.gravatar.com\/avatar\/16a4c1e422b5dec818ee13eab3353b19db9cfd278cc10f9b0e1188a37671d9d4?s=96&d=mm&r=g","contentUrl":"https:\/\/secure.gravatar.com\/avatar\/16a4c1e422b5dec818ee13eab3353b19db9cfd278cc10f9b0e1188a37671d9d4?s=96&d=mm&r=g","caption":"BECACDE1"},"sameAs":["http:\/\/www.cdealmeria.com"]}]}},"_links":{"self":[{"href":"https:\/\/www.cde.ual.es\/en\/wp-json\/wp\/v2\/posts\/43195","targetHints":{"allow":["GET"]}}],"collection":[{"href":"https:\/\/www.cde.ual.es\/en\/wp-json\/wp\/v2\/posts"}],"about":[{"href":"https:\/\/www.cde.ual.es\/en\/wp-json\/wp\/v2\/types\/post"}],"author":[{"embeddable":true,"href":"https:\/\/www.cde.ual.es\/en\/wp-json\/wp\/v2\/users\/101012"}],"replies":[{"embeddable":true,"href":"https:\/\/www.cde.ual.es\/en\/wp-json\/wp\/v2\/comments?post=43195"}],"version-history":[{"count":0,"href":"https:\/\/www.cde.ual.es\/en\/wp-json\/wp\/v2\/posts\/43195\/revisions"}],"wp:featuredmedia":[{"embeddable":true,"href":"https:\/\/www.cde.ual.es\/en\/wp-json\/wp\/v2\/media\/17748"}],"wp:attachment":[{"href":"https:\/\/www.cde.ual.es\/en\/wp-json\/wp\/v2\/media?parent=43195"}],"wp:term":[{"taxonomy":"category","embeddable":true,"href":"https:\/\/www.cde.ual.es\/en\/wp-json\/wp\/v2\/categories?post=43195"},{"taxonomy":"post_tag","embeddable":true,"href":"https:\/\/www.cde.ual.es\/en\/wp-json\/wp\/v2\/tags?post=43195"}],"curies":[{"name":"wp","href":"https:\/\/api.w.org\/{rel}","templated":true}]}}