{"id":43033,"date":"2020-05-08T03:00:33","date_gmt":"2020-05-08T01:00:33","guid":{"rendered":"https:\/\/www.cde.ual.es\/?p=43033"},"modified":"2021-11-23T14:35:07","modified_gmt":"2021-11-23T13:35:07","slug":"phd-in-global-mobility-of-employees-at-the-university-of-vaasa","status":"publish","type":"post","link":"https:\/\/www.cde.ual.es\/en\/phd-in-global-mobility-of-employees-at-the-university-of-vaasa\/","title":{"rendered":"PhD in \u201cGlobal mobility of employees\u201d at the University of Vaasa"},"content":{"rendered":"<p><strong>The University of Vaasa is a multidisciplinary university offering degrees at all academic levels from Bachelor\u2019s degrees to Doctorates. Management and Change is a recognised strength and focus area of the research conducted within the University of Vaasa.<\/strong><\/p>\n<p><a href=\"https:\/\/www.cde.ual.es\/wp-content\/uploads\/2019\/11\/conference-room-768441_1920.jpg\"><img decoding=\"async\" class=\"aligncenter  wp-image-29504\" src=\"https:\/\/www.cde.ual.es\/wp-content\/uploads\/2019\/11\/conference-room-768441_1920.jpg\" alt=\"\" width=\"504\" height=\"336\" srcset=\"https:\/\/www.cde.ual.es\/wp-content\/uploads\/2019\/11\/conference-room-768441_1920.jpg 1920w, https:\/\/www.cde.ual.es\/wp-content\/uploads\/2019\/11\/conference-room-768441_1920-300x200.jpg 300w, https:\/\/www.cde.ual.es\/wp-content\/uploads\/2019\/11\/conference-room-768441_1920-768x512.jpg 768w, https:\/\/www.cde.ual.es\/wp-content\/uploads\/2019\/11\/conference-room-768441_1920-1024x683.jpg 1024w\" sizes=\"(max-width: 504px) 100vw, 504px\" \/><\/a><\/p>\n<h3>Short description<\/h3>\n<p>ESR 6 project will examine the effects of social capital that individuals develop during their international work on individual careers and wellbeing, and organizational outcomes. The project is connected with and supported by other projects on global careers at the University of Vaasa.<\/p>\n<h3>Objective<\/h3>\n<p>The primary objective of this project is to develop a theory of internationals&#8217; social capital. It concerns both the diversity of ties formed by internationals through their international assignments, and the ties\u2019 applicable and useful for development of: a) internationals\u2019 individual careers and well-being, as well as b) organisational capabilities and outcomes (i.e., organisational performance). Moreover, the project aims to develop a methodology that would allow to extrapolate a potential value of internationals\u2019 social capital for individuals and their employability, and for organisations, from internationals\u2019 CVs.<\/p>\n<h3>Requirements<\/h3>\n<div class=\"longtext field-eligibility-criteria\">\n<div class=\"row\">\n<div class=\"col-sm-8 col-sm-offset-2 col-md-6 col-md-offset-3\">\n<div id=\"bootstrap-fieldgroup-accordion--accordion-group\" class=\"panel-group bootstrap-fieldgroup-accordion\">\n<div class=\"panel panel-default required-fields expanded\">\n<div id=\"bootstrap-fieldgroup-accordion-item--requirements-1\" class=\"panel-collapse required-fields collapse in\" aria-expanded=\"true\">\n<div class=\"panel-body\">\n<div class=\"row\">\n<div class=\"col-xs-12 field-offer-requirements\">\n<div class=\"longtext field-skills-qualifications\">\n<div class=\"row\">\n<div class=\"col-sm-8 col-sm-offset-2 col-md-6 col-md-offset-3\">\n<div id=\"bootstrap-fieldgroup-accordion--accordion-group\" class=\"panel-group bootstrap-fieldgroup-accordion\">\n<div class=\"panel panel-default required-fields expanded\">\n<div id=\"bootstrap-fieldgroup-accordion-item--requirements-0\" class=\"panel-collapse required-fields collapse in\" aria-expanded=\"true\">\n<div class=\"panel-body\">\n<div class=\"row\">\n<div class=\"col-xs-12 field-offer-requirements\">\n<div class=\"longtext field-specific-requirements\">\n<p>A candidate having a relevant university degree (master&#8217;s degree or equivalent) in Business Administration with a focus on Human Resource Management or International Management, Business Psychology, Economic Geography, Sociology, Business Pedagogics or related fields.<\/p>\n<\/div>\n<\/div>\n<\/div>\n<\/div>\n<\/div>\n<\/div>\n<\/div>\n<\/div>\n<\/div>\n<\/div>\n<\/div>\n<\/div>\n<\/div>\n<\/div>\n<\/div>\n<\/div>\n<\/div>\n<\/div>\n<\/div>\n<div>\n<div class=\"longtext field-benefits\">\n<h3>Organisation<\/h3>\n<\/div>\n<\/div>\n<div class=\"row\">\n<div class=\"col-sm-8 col-sm-offset-2 col-md-6 col-md-offset-3\">\n<div id=\"bootstrap-fieldgroup-accordion--accordion-group\" class=\"panel-group bootstrap-fieldgroup-accordion\">\n<div class=\"panel panel-default required-fields expanded\">\n<div id=\"bootstrap-fieldgroup-accordion-item--requirements-0\" class=\"panel-collapse required-fields collapse in\" aria-expanded=\"true\">\n<div class=\"panel-body\">\n<div class=\"row\">\n<div class=\"col-xs-12 field-offer-requirements\">\n<div class=\"longtext field-specific-requirements\">\n<div class=\"row\">\n<div class=\"col-xs-12 col-sm-7 value field-company-institute inline\">\n<div class=\"row\">\n<div class=\"col-xs-12 col-sm-7 value field-company-institute inline\">\n<div class=\"row\">\n<div class=\"col-xs-12 col-sm-7 value field-company-institute inline\">\n<div class=\"row\">\n<div class=\"col-xs-12 col-sm-7 value field-company-institute inline\">University of Vaasa<\/div>\n<\/div>\n<\/div>\n<\/div>\n<\/div>\n<\/div>\n<\/div>\n<\/div>\n<h3>Research Field<\/h3>\n<div>\n<div class=\"row\">\n<div class=\"col-xs-12 col-sm-7 value field-research-field inline\">Management sciences<\/div>\n<\/div>\n<\/div>\n<h3>Location<\/h3>\n<p>Finland<\/p>\n<h3>Deadline<\/h3>\n<p>09 June 2020<\/p>\n<\/div>\n<\/div>\n<\/div>\n<\/div>\n<\/div>\n<\/div>\n<\/div>\n<\/div>\n<\/div>\n<h3>More Information<\/h3>\n<p><a href=\"https:\/\/euraxess.ec.europa.eu\/jobs\/521078\">Euraxess<\/a><\/p>\n","protected":false},"excerpt":{"rendered":"<p>The University of Vaasa is a multidisciplinary university offering degrees at all academic levels from Bachelor\u2019s degrees to Doctorates. Management and Change is a recognised strength and focus area of the research conducted within the University of Vaasa. Short description ESR 6 project will examine the effects of social capital that individuals develop during their [&hellip;]<\/p>\n","protected":false},"author":101011,"featured_media":29504,"comment_status":"open","ping_status":"open","sticky":false,"template":"","format":"standard","meta":{"_acf_changed":false,"_relevanssi_hide_post":"","_relevanssi_hide_content":"","_relevanssi_pin_for_all":"","_relevanssi_pin_keywords":"","_relevanssi_unpin_keywords":"","_relevanssi_related_keywords":"","_relevanssi_related_include_ids":"","_relevanssi_related_exclude_ids":"","_relevanssi_related_no_append":"","_relevanssi_related_not_related":"","_relevanssi_related_posts":"","_relevanssi_noindex_reason":"","_monsterinsights_skip_tracking":false,"_monsterinsights_sitenote_active":false,"_monsterinsights_sitenote_note":"","_monsterinsights_sitenote_category":0,"_genesis_hide_title":false,"_genesis_hide_breadcrumbs":false,"_genesis_hide_singular_image":false,"_genesis_hide_footer_widgets":false,"_genesis_custom_body_class":"","_genesis_custom_post_class":"","_genesis_layout":"","footnotes":""},"categories":[366,4043,4045],"tags":[409,848,790,1702],"class_list":{"0":"post-43033","1":"post","2":"type-post","3":"status-publish","4":"format-standard","5":"has-post-thumbnail","7":"category-eu-calls-and-awards","8":"category-euraxess-en","9":"category-science","10":"tag-call","11":"tag-euraxess-en","12":"tag-finland","13":"tag-management-sciences","14":"entry"},"acf":[],"yoast_head":"<!-- This site is optimized with the Yoast SEO plugin v27.4 - https:\/\/yoast.com\/product\/yoast-seo-wordpress\/ -->\n<title>PhD in \u201cGlobal mobility of employees\u201d at the University of Vaasa | CDE Almer\u00eda - Centro de Documentaci\u00f3n Europea - Universidad de Almer\u00eda<\/title>\n<meta name=\"robots\" content=\"index, follow, max-snippet:-1, max-image-preview:large, max-video-preview:-1\" \/>\n<link rel=\"canonical\" href=\"https:\/\/www.cde.ual.es\/en\/phd-in-global-mobility-of-employees-at-the-university-of-vaasa\/\" \/>\n<meta property=\"og:locale\" content=\"en_US\" \/>\n<meta property=\"og:type\" content=\"article\" \/>\n<meta property=\"og:title\" content=\"PhD in \u201cGlobal mobility of employees\u201d at the University of Vaasa | CDE Almer\u00eda - Centro de Documentaci\u00f3n Europea - Universidad de Almer\u00eda\" \/>\n<meta property=\"og:description\" content=\"The University of Vaasa is a multidisciplinary university offering degrees at all academic levels from Bachelor\u2019s degrees to Doctorates. Management and Change is a recognised strength and focus area of the research conducted within the University of Vaasa. Short description ESR 6 project will examine the effects of social capital that individuals develop during their [&hellip;]\" \/>\n<meta property=\"og:url\" content=\"https:\/\/www.cde.ual.es\/en\/phd-in-global-mobility-of-employees-at-the-university-of-vaasa\/\" \/>\n<meta property=\"og:site_name\" content=\"CDE Almer\u00eda - Centro de Documentaci\u00f3n Europea - Universidad de Almer\u00eda\" \/>\n<meta property=\"article:publisher\" content=\"https:\/\/www.facebook.com\/cdeuniversidadalmeria\/\" \/>\n<meta property=\"article:published_time\" content=\"2020-05-08T01:00:33+00:00\" \/>\n<meta property=\"article:modified_time\" content=\"2021-11-23T13:35:07+00:00\" \/>\n<meta property=\"og:image\" content=\"https:\/\/www.cde.ual.es\/wp-content\/uploads\/2019\/11\/conference-room-768441_1920.jpg\" \/>\n\t<meta property=\"og:image:width\" content=\"1920\" \/>\n\t<meta property=\"og:image:height\" content=\"1280\" \/>\n\t<meta property=\"og:image:type\" content=\"image\/jpeg\" \/>\n<meta name=\"author\" content=\"BECA 2 CDE\" \/>\n<meta name=\"twitter:card\" content=\"summary_large_image\" \/>\n<meta name=\"twitter:creator\" content=\"@cdeualmeria\" \/>\n<meta name=\"twitter:site\" content=\"@cdeualmeria\" \/>\n<meta name=\"twitter:label1\" content=\"Written by\" \/>\n\t<meta name=\"twitter:data1\" content=\"BECA 2 CDE\" \/>\n\t<meta name=\"twitter:label2\" content=\"Est. reading time\" \/>\n\t<meta name=\"twitter:data2\" content=\"1 minute\" \/>\n<script type=\"application\/ld+json\" class=\"yoast-schema-graph\">{\"@context\":\"https:\\\/\\\/schema.org\",\"@graph\":[{\"@type\":\"Article\",\"@id\":\"https:\\\/\\\/www.cde.ual.es\\\/en\\\/phd-in-global-mobility-of-employees-at-the-university-of-vaasa\\\/#article\",\"isPartOf\":{\"@id\":\"https:\\\/\\\/www.cde.ual.es\\\/en\\\/phd-in-global-mobility-of-employees-at-the-university-of-vaasa\\\/\"},\"author\":{\"name\":\"BECA 2 CDE\",\"@id\":\"https:\\\/\\\/www.cde.ual.es\\\/#\\\/schema\\\/person\\\/ee46ebc19edfa19598c02cff83335acc\"},\"headline\":\"PhD in \u201cGlobal mobility of employees\u201d at the University of Vaasa\",\"datePublished\":\"2020-05-08T01:00:33+00:00\",\"dateModified\":\"2021-11-23T13:35:07+00:00\",\"mainEntityOfPage\":{\"@id\":\"https:\\\/\\\/www.cde.ual.es\\\/en\\\/phd-in-global-mobility-of-employees-at-the-university-of-vaasa\\\/\"},\"wordCount\":233,\"commentCount\":0,\"publisher\":{\"@id\":\"https:\\\/\\\/www.cde.ual.es\\\/#organization\"},\"image\":{\"@id\":\"https:\\\/\\\/www.cde.ual.es\\\/en\\\/phd-in-global-mobility-of-employees-at-the-university-of-vaasa\\\/#primaryimage\"},\"thumbnailUrl\":\"https:\\\/\\\/www.cde.ual.es\\\/wp-content\\\/uploads\\\/2019\\\/11\\\/conference-room-768441_1920.jpg\",\"keywords\":[\"call\",\"Euraxess\",\"Finland\",\"Management sciences\"],\"articleSection\":[\"EU Calls and Awards\",\"Euraxess\",\"Science\"],\"inLanguage\":\"en-US\",\"potentialAction\":[{\"@type\":\"CommentAction\",\"name\":\"Comment\",\"target\":[\"https:\\\/\\\/www.cde.ual.es\\\/en\\\/phd-in-global-mobility-of-employees-at-the-university-of-vaasa\\\/#respond\"]}]},{\"@type\":\"WebPage\",\"@id\":\"https:\\\/\\\/www.cde.ual.es\\\/en\\\/phd-in-global-mobility-of-employees-at-the-university-of-vaasa\\\/\",\"url\":\"https:\\\/\\\/www.cde.ual.es\\\/en\\\/phd-in-global-mobility-of-employees-at-the-university-of-vaasa\\\/\",\"name\":\"PhD in \u201cGlobal mobility of employees\u201d at the University of Vaasa | CDE Almer\u00eda - Centro de Documentaci\u00f3n Europea - Universidad de Almer\u00eda\",\"isPartOf\":{\"@id\":\"https:\\\/\\\/www.cde.ual.es\\\/#website\"},\"primaryImageOfPage\":{\"@id\":\"https:\\\/\\\/www.cde.ual.es\\\/en\\\/phd-in-global-mobility-of-employees-at-the-university-of-vaasa\\\/#primaryimage\"},\"image\":{\"@id\":\"https:\\\/\\\/www.cde.ual.es\\\/en\\\/phd-in-global-mobility-of-employees-at-the-university-of-vaasa\\\/#primaryimage\"},\"thumbnailUrl\":\"https:\\\/\\\/www.cde.ual.es\\\/wp-content\\\/uploads\\\/2019\\\/11\\\/conference-room-768441_1920.jpg\",\"datePublished\":\"2020-05-08T01:00:33+00:00\",\"dateModified\":\"2021-11-23T13:35:07+00:00\",\"breadcrumb\":{\"@id\":\"https:\\\/\\\/www.cde.ual.es\\\/en\\\/phd-in-global-mobility-of-employees-at-the-university-of-vaasa\\\/#breadcrumb\"},\"inLanguage\":\"en-US\",\"potentialAction\":[{\"@type\":\"ReadAction\",\"target\":[\"https:\\\/\\\/www.cde.ual.es\\\/en\\\/phd-in-global-mobility-of-employees-at-the-university-of-vaasa\\\/\"]}]},{\"@type\":\"ImageObject\",\"inLanguage\":\"en-US\",\"@id\":\"https:\\\/\\\/www.cde.ual.es\\\/en\\\/phd-in-global-mobility-of-employees-at-the-university-of-vaasa\\\/#primaryimage\",\"url\":\"https:\\\/\\\/www.cde.ual.es\\\/wp-content\\\/uploads\\\/2019\\\/11\\\/conference-room-768441_1920.jpg\",\"contentUrl\":\"https:\\\/\\\/www.cde.ual.es\\\/wp-content\\\/uploads\\\/2019\\\/11\\\/conference-room-768441_1920.jpg\",\"width\":1920,\"height\":1280},{\"@type\":\"BreadcrumbList\",\"@id\":\"https:\\\/\\\/www.cde.ual.es\\\/en\\\/phd-in-global-mobility-of-employees-at-the-university-of-vaasa\\\/#breadcrumb\",\"itemListElement\":[{\"@type\":\"ListItem\",\"position\":1,\"name\":\"Inicio\",\"item\":\"https:\\\/\\\/www.cde.ual.es\\\/en\\\/\"},{\"@type\":\"ListItem\",\"position\":2,\"name\":\"EU Calls and Awards\",\"item\":\"https:\\\/\\\/www.cde.ual.es\\\/en\\\/category\\\/eu-calls-and-awards\\\/\"},{\"@type\":\"ListItem\",\"position\":3,\"name\":\"Euraxess\",\"item\":\"https:\\\/\\\/www.cde.ual.es\\\/en\\\/category\\\/eu-calls-and-awards\\\/euraxess-en\\\/\"},{\"@type\":\"ListItem\",\"position\":4,\"name\":\"Science\",\"item\":\"https:\\\/\\\/www.cde.ual.es\\\/en\\\/category\\\/eu-calls-and-awards\\\/euraxess-en\\\/science\\\/\"},{\"@type\":\"ListItem\",\"position\":5,\"name\":\"PhD in \u201cGlobal mobility of employees\u201d at the University of Vaasa\"}]},{\"@type\":\"WebSite\",\"@id\":\"https:\\\/\\\/www.cde.ual.es\\\/#website\",\"url\":\"https:\\\/\\\/www.cde.ual.es\\\/\",\"name\":\"CDE Almer\u00eda - Centro de Documentaci\u00f3n Europea - Universidad de Almer\u00eda\",\"description\":\"Centro de Documentaci\u00f3n Europea de la Universidad de Almer\u00eda\",\"publisher\":{\"@id\":\"https:\\\/\\\/www.cde.ual.es\\\/#organization\"},\"alternateName\":\"CDE Almer\u00eda\",\"potentialAction\":[{\"@type\":\"SearchAction\",\"target\":{\"@type\":\"EntryPoint\",\"urlTemplate\":\"https:\\\/\\\/www.cde.ual.es\\\/?s={search_term_string}\"},\"query-input\":{\"@type\":\"PropertyValueSpecification\",\"valueRequired\":true,\"valueName\":\"search_term_string\"}}],\"inLanguage\":\"en-US\"},{\"@type\":\"Organization\",\"@id\":\"https:\\\/\\\/www.cde.ual.es\\\/#organization\",\"name\":\"Centro de Documentaci\u00f3n Europea de Almer\u00eda\",\"url\":\"https:\\\/\\\/www.cde.ual.es\\\/\",\"logo\":{\"@type\":\"ImageObject\",\"inLanguage\":\"en-US\",\"@id\":\"https:\\\/\\\/www.cde.ual.es\\\/#\\\/schema\\\/logo\\\/image\\\/\",\"url\":\"https:\\\/\\\/www.cde.ual.es\\\/wp-content\\\/uploads\\\/2025\\\/07\\\/cde-logo-3.png\",\"contentUrl\":\"https:\\\/\\\/www.cde.ual.es\\\/wp-content\\\/uploads\\\/2025\\\/07\\\/cde-logo-3.png\",\"width\":1400,\"height\":300,\"caption\":\"Centro de Documentaci\u00f3n Europea de Almer\u00eda\"},\"image\":{\"@id\":\"https:\\\/\\\/www.cde.ual.es\\\/#\\\/schema\\\/logo\\\/image\\\/\"},\"sameAs\":[\"https:\\\/\\\/www.facebook.com\\\/cdeuniversidadalmeria\\\/\",\"https:\\\/\\\/x.com\\\/cdeualmeria\",\"https:\\\/\\\/www.tiktok.com\\\/@cdealmeria\",\"https:\\\/\\\/www.instagram.com\\\/cdealmeria\\\/\",\"https:\\\/\\\/www.linkedin.com\\\/in\\\/cde-almera-812b26a9\\\/\"]},{\"@type\":\"Person\",\"@id\":\"https:\\\/\\\/www.cde.ual.es\\\/#\\\/schema\\\/person\\\/ee46ebc19edfa19598c02cff83335acc\",\"name\":\"BECA 2 CDE\",\"image\":{\"@type\":\"ImageObject\",\"inLanguage\":\"en-US\",\"@id\":\"https:\\\/\\\/secure.gravatar.com\\\/avatar\\\/35a481bbc04bbd90e91bdfa3b0b5541036c222a49b9ad37b6889a2afcb5311a5?s=96&d=mm&r=g\",\"url\":\"https:\\\/\\\/secure.gravatar.com\\\/avatar\\\/35a481bbc04bbd90e91bdfa3b0b5541036c222a49b9ad37b6889a2afcb5311a5?s=96&d=mm&r=g\",\"contentUrl\":\"https:\\\/\\\/secure.gravatar.com\\\/avatar\\\/35a481bbc04bbd90e91bdfa3b0b5541036c222a49b9ad37b6889a2afcb5311a5?s=96&d=mm&r=g\",\"caption\":\"BECA 2 CDE\"},\"sameAs\":[\"http:\\\/\\\/www.cdealmeria.com\"]}]}<\/script>\n<!-- \/ Yoast SEO plugin. -->","yoast_head_json":{"title":"PhD in \u201cGlobal mobility of employees\u201d at the University of Vaasa | CDE Almer\u00eda - Centro de Documentaci\u00f3n Europea - Universidad de Almer\u00eda","robots":{"index":"index","follow":"follow","max-snippet":"max-snippet:-1","max-image-preview":"max-image-preview:large","max-video-preview":"max-video-preview:-1"},"canonical":"https:\/\/www.cde.ual.es\/en\/phd-in-global-mobility-of-employees-at-the-university-of-vaasa\/","og_locale":"en_US","og_type":"article","og_title":"PhD in \u201cGlobal mobility of employees\u201d at the University of Vaasa | CDE Almer\u00eda - Centro de Documentaci\u00f3n Europea - Universidad de Almer\u00eda","og_description":"The University of Vaasa is a multidisciplinary university offering degrees at all academic levels from Bachelor\u2019s degrees to Doctorates. Management and Change is a recognised strength and focus area of the research conducted within the University of Vaasa. Short description ESR 6 project will examine the effects of social capital that individuals develop during their [&hellip;]","og_url":"https:\/\/www.cde.ual.es\/en\/phd-in-global-mobility-of-employees-at-the-university-of-vaasa\/","og_site_name":"CDE Almer\u00eda - Centro de Documentaci\u00f3n Europea - Universidad de Almer\u00eda","article_publisher":"https:\/\/www.facebook.com\/cdeuniversidadalmeria\/","article_published_time":"2020-05-08T01:00:33+00:00","article_modified_time":"2021-11-23T13:35:07+00:00","og_image":[{"width":1920,"height":1280,"url":"https:\/\/www.cde.ual.es\/wp-content\/uploads\/2019\/11\/conference-room-768441_1920.jpg","type":"image\/jpeg"}],"author":"BECA 2 CDE","twitter_card":"summary_large_image","twitter_creator":"@cdeualmeria","twitter_site":"@cdeualmeria","twitter_misc":{"Written by":"BECA 2 CDE","Est. reading time":"1 minute"},"schema":{"@context":"https:\/\/schema.org","@graph":[{"@type":"Article","@id":"https:\/\/www.cde.ual.es\/en\/phd-in-global-mobility-of-employees-at-the-university-of-vaasa\/#article","isPartOf":{"@id":"https:\/\/www.cde.ual.es\/en\/phd-in-global-mobility-of-employees-at-the-university-of-vaasa\/"},"author":{"name":"BECA 2 CDE","@id":"https:\/\/www.cde.ual.es\/#\/schema\/person\/ee46ebc19edfa19598c02cff83335acc"},"headline":"PhD in \u201cGlobal mobility of employees\u201d at the University of Vaasa","datePublished":"2020-05-08T01:00:33+00:00","dateModified":"2021-11-23T13:35:07+00:00","mainEntityOfPage":{"@id":"https:\/\/www.cde.ual.es\/en\/phd-in-global-mobility-of-employees-at-the-university-of-vaasa\/"},"wordCount":233,"commentCount":0,"publisher":{"@id":"https:\/\/www.cde.ual.es\/#organization"},"image":{"@id":"https:\/\/www.cde.ual.es\/en\/phd-in-global-mobility-of-employees-at-the-university-of-vaasa\/#primaryimage"},"thumbnailUrl":"https:\/\/www.cde.ual.es\/wp-content\/uploads\/2019\/11\/conference-room-768441_1920.jpg","keywords":["call","Euraxess","Finland","Management sciences"],"articleSection":["EU Calls and Awards","Euraxess","Science"],"inLanguage":"en-US","potentialAction":[{"@type":"CommentAction","name":"Comment","target":["https:\/\/www.cde.ual.es\/en\/phd-in-global-mobility-of-employees-at-the-university-of-vaasa\/#respond"]}]},{"@type":"WebPage","@id":"https:\/\/www.cde.ual.es\/en\/phd-in-global-mobility-of-employees-at-the-university-of-vaasa\/","url":"https:\/\/www.cde.ual.es\/en\/phd-in-global-mobility-of-employees-at-the-university-of-vaasa\/","name":"PhD in \u201cGlobal mobility of employees\u201d at the University of Vaasa | CDE Almer\u00eda - Centro de Documentaci\u00f3n Europea - Universidad de Almer\u00eda","isPartOf":{"@id":"https:\/\/www.cde.ual.es\/#website"},"primaryImageOfPage":{"@id":"https:\/\/www.cde.ual.es\/en\/phd-in-global-mobility-of-employees-at-the-university-of-vaasa\/#primaryimage"},"image":{"@id":"https:\/\/www.cde.ual.es\/en\/phd-in-global-mobility-of-employees-at-the-university-of-vaasa\/#primaryimage"},"thumbnailUrl":"https:\/\/www.cde.ual.es\/wp-content\/uploads\/2019\/11\/conference-room-768441_1920.jpg","datePublished":"2020-05-08T01:00:33+00:00","dateModified":"2021-11-23T13:35:07+00:00","breadcrumb":{"@id":"https:\/\/www.cde.ual.es\/en\/phd-in-global-mobility-of-employees-at-the-university-of-vaasa\/#breadcrumb"},"inLanguage":"en-US","potentialAction":[{"@type":"ReadAction","target":["https:\/\/www.cde.ual.es\/en\/phd-in-global-mobility-of-employees-at-the-university-of-vaasa\/"]}]},{"@type":"ImageObject","inLanguage":"en-US","@id":"https:\/\/www.cde.ual.es\/en\/phd-in-global-mobility-of-employees-at-the-university-of-vaasa\/#primaryimage","url":"https:\/\/www.cde.ual.es\/wp-content\/uploads\/2019\/11\/conference-room-768441_1920.jpg","contentUrl":"https:\/\/www.cde.ual.es\/wp-content\/uploads\/2019\/11\/conference-room-768441_1920.jpg","width":1920,"height":1280},{"@type":"BreadcrumbList","@id":"https:\/\/www.cde.ual.es\/en\/phd-in-global-mobility-of-employees-at-the-university-of-vaasa\/#breadcrumb","itemListElement":[{"@type":"ListItem","position":1,"name":"Inicio","item":"https:\/\/www.cde.ual.es\/en\/"},{"@type":"ListItem","position":2,"name":"EU Calls and Awards","item":"https:\/\/www.cde.ual.es\/en\/category\/eu-calls-and-awards\/"},{"@type":"ListItem","position":3,"name":"Euraxess","item":"https:\/\/www.cde.ual.es\/en\/category\/eu-calls-and-awards\/euraxess-en\/"},{"@type":"ListItem","position":4,"name":"Science","item":"https:\/\/www.cde.ual.es\/en\/category\/eu-calls-and-awards\/euraxess-en\/science\/"},{"@type":"ListItem","position":5,"name":"PhD in \u201cGlobal mobility of employees\u201d at the University of Vaasa"}]},{"@type":"WebSite","@id":"https:\/\/www.cde.ual.es\/#website","url":"https:\/\/www.cde.ual.es\/","name":"CDE Almer\u00eda - Centro de Documentaci\u00f3n Europea - Universidad de Almer\u00eda","description":"Centro de Documentaci\u00f3n Europea de la Universidad de Almer\u00eda","publisher":{"@id":"https:\/\/www.cde.ual.es\/#organization"},"alternateName":"CDE Almer\u00eda","potentialAction":[{"@type":"SearchAction","target":{"@type":"EntryPoint","urlTemplate":"https:\/\/www.cde.ual.es\/?s={search_term_string}"},"query-input":{"@type":"PropertyValueSpecification","valueRequired":true,"valueName":"search_term_string"}}],"inLanguage":"en-US"},{"@type":"Organization","@id":"https:\/\/www.cde.ual.es\/#organization","name":"Centro de Documentaci\u00f3n Europea de Almer\u00eda","url":"https:\/\/www.cde.ual.es\/","logo":{"@type":"ImageObject","inLanguage":"en-US","@id":"https:\/\/www.cde.ual.es\/#\/schema\/logo\/image\/","url":"https:\/\/www.cde.ual.es\/wp-content\/uploads\/2025\/07\/cde-logo-3.png","contentUrl":"https:\/\/www.cde.ual.es\/wp-content\/uploads\/2025\/07\/cde-logo-3.png","width":1400,"height":300,"caption":"Centro de Documentaci\u00f3n Europea de Almer\u00eda"},"image":{"@id":"https:\/\/www.cde.ual.es\/#\/schema\/logo\/image\/"},"sameAs":["https:\/\/www.facebook.com\/cdeuniversidadalmeria\/","https:\/\/x.com\/cdeualmeria","https:\/\/www.tiktok.com\/@cdealmeria","https:\/\/www.instagram.com\/cdealmeria\/","https:\/\/www.linkedin.com\/in\/cde-almera-812b26a9\/"]},{"@type":"Person","@id":"https:\/\/www.cde.ual.es\/#\/schema\/person\/ee46ebc19edfa19598c02cff83335acc","name":"BECA 2 CDE","image":{"@type":"ImageObject","inLanguage":"en-US","@id":"https:\/\/secure.gravatar.com\/avatar\/35a481bbc04bbd90e91bdfa3b0b5541036c222a49b9ad37b6889a2afcb5311a5?s=96&d=mm&r=g","url":"https:\/\/secure.gravatar.com\/avatar\/35a481bbc04bbd90e91bdfa3b0b5541036c222a49b9ad37b6889a2afcb5311a5?s=96&d=mm&r=g","contentUrl":"https:\/\/secure.gravatar.com\/avatar\/35a481bbc04bbd90e91bdfa3b0b5541036c222a49b9ad37b6889a2afcb5311a5?s=96&d=mm&r=g","caption":"BECA 2 CDE"},"sameAs":["http:\/\/www.cdealmeria.com"]}]}},"_links":{"self":[{"href":"https:\/\/www.cde.ual.es\/en\/wp-json\/wp\/v2\/posts\/43033","targetHints":{"allow":["GET"]}}],"collection":[{"href":"https:\/\/www.cde.ual.es\/en\/wp-json\/wp\/v2\/posts"}],"about":[{"href":"https:\/\/www.cde.ual.es\/en\/wp-json\/wp\/v2\/types\/post"}],"author":[{"embeddable":true,"href":"https:\/\/www.cde.ual.es\/en\/wp-json\/wp\/v2\/users\/101011"}],"replies":[{"embeddable":true,"href":"https:\/\/www.cde.ual.es\/en\/wp-json\/wp\/v2\/comments?post=43033"}],"version-history":[{"count":0,"href":"https:\/\/www.cde.ual.es\/en\/wp-json\/wp\/v2\/posts\/43033\/revisions"}],"wp:featuredmedia":[{"embeddable":true,"href":"https:\/\/www.cde.ual.es\/en\/wp-json\/wp\/v2\/media\/29504"}],"wp:attachment":[{"href":"https:\/\/www.cde.ual.es\/en\/wp-json\/wp\/v2\/media?parent=43033"}],"wp:term":[{"taxonomy":"category","embeddable":true,"href":"https:\/\/www.cde.ual.es\/en\/wp-json\/wp\/v2\/categories?post=43033"},{"taxonomy":"post_tag","embeddable":true,"href":"https:\/\/www.cde.ual.es\/en\/wp-json\/wp\/v2\/tags?post=43033"}],"curies":[{"name":"wp","href":"https:\/\/api.w.org\/{rel}","templated":true}]}}