{"id":42475,"date":"2020-05-05T10:00:46","date_gmt":"2020-05-05T08:00:46","guid":{"rendered":"https:\/\/www.cde.ual.es\/?p=42475"},"modified":"2020-05-08T19:41:25","modified_gmt":"2020-05-08T17:41:25","slug":"9th-may-europe-day-from-home","status":"publish","type":"post","link":"https:\/\/www.cde.ual.es\/en\/9th-may-europe-day-from-home\/","title":{"rendered":"9th May: Europe Day from home"},"content":{"rendered":"<p>Every May 9, Europe Day celebrates the peace and unity of the continent. The date is the anniversary of the historic Schuman declaration. In a speech delivered in Paris in 1950, French Foreign Minister Robert Schuman set out his idea of a new form of political cooperation that would make war between European nations unthinkable<\/p>\n<p>Faced with an exceptional situation like the one we are experiencing and given the impossibility of being able to hold meetings, debates or other events to celebrate Europe Day, we propose that you discover another way of celebrating it.<\/p>\n<h2 style=\"text-align: center;\">Would you like to join us?<\/h2>\n<p><a href=\"https:\/\/www.cde.ual.es\/wp-content\/uploads\/2020\/05\/3-sin-logo-Hay-70-motivos-para-seguir-este-hilo1.gif\"><img decoding=\"async\" class=\"size-medium wp-image-42761 aligncenter\" src=\"https:\/\/www.cde.ual.es\/wp-content\/uploads\/2020\/05\/3-sin-logo-Hay-70-motivos-para-seguir-este-hilo1-300x300.gif\" alt=\"\" width=\"300\" height=\"300\" srcset=\"https:\/\/www.cde.ual.es\/wp-content\/uploads\/2020\/05\/3-sin-logo-Hay-70-motivos-para-seguir-este-hilo1-300x300.gif 300w, https:\/\/www.cde.ual.es\/wp-content\/uploads\/2020\/05\/3-sin-logo-Hay-70-motivos-para-seguir-este-hilo1-150x150.gif 150w, https:\/\/www.cde.ual.es\/wp-content\/uploads\/2020\/05\/3-sin-logo-Hay-70-motivos-para-seguir-este-hilo1-768x768.gif 768w\" sizes=\"(max-width: 300px) 100vw, 300px\" \/><\/a><\/p>\n<h3>Exhibition &#8220;Europe and the Europeans 1950 &#8211; 2020: 70th anniversary of the Schuman Declaration<\/h3>\n<p>We invite you to visit this online exhibition designed by the EU Historical Archives to celebrate the 70th anniversary of the Schuman Declaration. In 1950 the French Foreign Minister Robert Schuman, expressed the need for a United Europe. This exhibition traces the beginnings of the European Union and recalls the 70th anniversary of the Robert Schuman Declaration on 9th May 1920.<\/p>\n<p>It is a joint online activity in which each documentation centre links panels, posters and facsimiles offering a tour of key moments in the EU&#8217;s beginnings and history.<\/p>\n<p><strong>Collection<\/strong><\/p>\n<ul>\n<li><a href=\"https:\/\/archives.eui.eu\/files\/file\/Panel_Introduction_ES.pdf\" target=\"_blank\" rel=\"noopener noreferrer\">Introductory panel<\/a><\/li>\n<li><a href=\"https:\/\/archives.eui.eu\/files\/file\/Panels_Europe_Section_ES.pdf\" target=\"_blank\" rel=\"noopener noreferrer\">Europe section panels<\/a><\/li>\n<li><a href=\"https:\/\/archives.eui.eu\/files\/file\/Panels_Europeans_Section_ES.pdf\" target=\"_blank\" rel=\"noopener noreferrer\">European section panels<\/a><\/li>\n<li><a href=\"https:\/\/archives.eui.eu\/files\/file\/Panel_conclusion_ES.pdf\" target=\"_blank\" rel=\"noopener noreferrer\">Conclusive panel<\/a><\/li>\n<\/ul>\n<p><strong>More information<\/strong><\/p>\n<p><a href=\"https:\/\/www.eui.eu\/Research\/HistoricalArchivesOfEU\/Exhibition\/Download-the-print-files-of-the-Europe-and-Europeans-19502020-exhibition\" target=\"_blank\" rel=\"noopener noreferrer\">Historical Archives of UE<\/a><\/p>\n<h3>Andalusia. Video celebration of Europe Day: #EuropaEnPositivo<\/h3>\n<p>The <strong>European Information Centres<\/strong> that make up the European Information Network in Andalusia have made a video to celebrate this special day by sharing with you the great achievements of the European Union.<\/p>\n<p>This video seeks to claim, disseminate and highlight the principles of the Union: Citizenship, Solidarity, Dignity, Equality, Freedom and Justice, more necessary than ever in a time of crisis like the present due to the coronavirus pandemic.<\/p>\n<p><iframe src=\"https:\/\/www.youtube.com\/embed\/GvofboMkXRM\" width=\"560\" height=\"315\" frameborder=\"0\" allowfullscreen=\"allowfullscreen\"><\/iframe><\/p>\n<p><strong>More information<\/strong><\/p>\n<p>Europe Day &#8211; Andalusia<\/p>\n<h3>Festival &#8220;EuropeDayCinema&#8221; from 1 to 10 May<\/h3>\n<p>On the occasion of Europe Week, the Representation of the European Commission in Spain, in collaboration with the Secretariat of State for the EU and several embassies, is launching the this initiative. This online European Film Festival will be available free of charge from 1 to 10 May and will offer films specifically selected by the embassies.<\/p>\n<p><a href=\"https:\/\/www.cde.ual.es\/wp-content\/uploads\/2020\/05\/Cine-Dia-de-Europa-2020.jpg\"><img decoding=\"async\" class=\"size-medium wp-image-42750 aligncenter\" src=\"https:\/\/www.cde.ual.es\/wp-content\/uploads\/2020\/05\/Cine-Dia-de-Europa-2020-300x157.jpg\" alt=\"\" width=\"300\" height=\"157\" srcset=\"https:\/\/www.cde.ual.es\/wp-content\/uploads\/2020\/05\/Cine-Dia-de-Europa-2020-300x157.jpg 300w, https:\/\/www.cde.ual.es\/wp-content\/uploads\/2020\/05\/Cine-Dia-de-Europa-2020-1024x536.jpg 1024w, https:\/\/www.cde.ual.es\/wp-content\/uploads\/2020\/05\/Cine-Dia-de-Europa-2020-768x402.jpg 768w, https:\/\/www.cde.ual.es\/wp-content\/uploads\/2020\/05\/Cine-Dia-de-Europa-2020.jpg 1200w\" sizes=\"(max-width: 300px) 100vw, 300px\" \/><\/a><\/p>\n<p>And how can you access it? Very simple<\/p>\n<p>These are the instructions for access:<\/p>\n<p>1) You must request a code at the following link: http:\/\/cinediadeeuropa.filmin.es<\/p>\n<p>2) Then, register or log in with your FILMIN user at www.filmin.es<\/p>\n<p>3) Then go to www.filmin.es\/codigo and redeem the code obtained previously in step 1.<\/p>\n<p>4) Once redeemed, you can choose the film you want to watch within the festival platform: https:\/\/www.filmin.es\/canal\/cinediadeeuropa<\/p>\n<p>#EuropeHome #Show how much you know about the EU!<\/p>\n<p>Finally we propose a contest where you can check how much you know about Europe. Test your knowledge about the environment, history, politics and much more.<\/p>\n<h2 style=\"text-align: center;\">HAPPY EUROPE DAY!<\/h2>\n<p style=\"text-align: center;\">#EuropeDay #70Schuman #EuropeHome #EuropePositive #EuropeHome<\/p>\n","protected":false},"excerpt":{"rendered":"<p>Every May 9, Europe Day celebrates the peace and unity of the continent. The date is the anniversary of the historic Schuman declaration. In a speech delivered in Paris in 1950, French Foreign Minister Robert Schuman set out his idea of a new form of political cooperation that would make war between European nations unthinkable [&hellip;]<\/p>\n","protected":false},"author":1,"featured_media":42764,"comment_status":"open","ping_status":"open","sticky":false,"template":"","format":"standard","meta":{"_acf_changed":false,"_relevanssi_hide_post":"","_relevanssi_hide_content":"","_relevanssi_pin_for_all":"","_relevanssi_pin_keywords":"","_relevanssi_unpin_keywords":"","_relevanssi_related_keywords":"","_relevanssi_related_include_ids":"","_relevanssi_related_exclude_ids":"","_relevanssi_related_no_append":"","_relevanssi_related_not_related":"","_relevanssi_related_posts":"","_relevanssi_noindex_reason":"","_monsterinsights_skip_tracking":false,"_monsterinsights_sitenote_active":false,"_monsterinsights_sitenote_note":"","_monsterinsights_sitenote_category":0,"_genesis_hide_title":false,"_genesis_hide_breadcrumbs":false,"_genesis_hide_singular_image":false,"_genesis_hide_footer_widgets":false,"_genesis_custom_body_class":"","_genesis_custom_post_class":"","_genesis_layout":"","footnotes":""},"categories":[365],"tags":[1687],"class_list":{"0":"post-42475","1":"post","2":"type-post","3":"status-publish","4":"format-standard","5":"has-post-thumbnail","7":"category-activities","8":"tag-europe-day","9":"entry"},"acf":[],"yoast_head":"<!-- This site is optimized with the Yoast SEO plugin v27.5 - https:\/\/yoast.com\/product\/yoast-seo-wordpress\/ -->\n<title>9th May: Europe Day from home | CDE Almer\u00eda - Centro de Documentaci\u00f3n Europea - Universidad de Almer\u00eda<\/title>\n<meta name=\"robots\" content=\"index, follow, max-snippet:-1, max-image-preview:large, max-video-preview:-1\" \/>\n<link rel=\"canonical\" href=\"https:\/\/www.cde.ual.es\/en\/9th-may-europe-day-from-home\/\" \/>\n<meta property=\"og:locale\" content=\"en_US\" \/>\n<meta property=\"og:type\" content=\"article\" \/>\n<meta property=\"og:title\" content=\"9th May: Europe Day from home | CDE Almer\u00eda - Centro de Documentaci\u00f3n Europea - Universidad de Almer\u00eda\" \/>\n<meta property=\"og:description\" content=\"Every May 9, Europe Day celebrates the peace and unity of the continent. The date is the anniversary of the historic Schuman declaration. In a speech delivered in Paris in 1950, French Foreign Minister Robert Schuman set out his idea of a new form of political cooperation that would make war between European nations unthinkable [&hellip;]\" \/>\n<meta property=\"og:url\" content=\"https:\/\/www.cde.ual.es\/en\/9th-may-europe-day-from-home\/\" \/>\n<meta property=\"og:site_name\" content=\"CDE Almer\u00eda - Centro de Documentaci\u00f3n Europea - Universidad de Almer\u00eda\" \/>\n<meta property=\"article:publisher\" content=\"https:\/\/www.facebook.com\/cdeuniversidadalmeria\/\" \/>\n<meta property=\"article:published_time\" content=\"2020-05-05T08:00:46+00:00\" \/>\n<meta property=\"article:modified_time\" content=\"2020-05-08T17:41:25+00:00\" \/>\n<meta property=\"og:image\" content=\"https:\/\/www.cde.ual.es\/wp-content\/uploads\/2020\/05\/D\u00eda-Europa.png\" \/>\n\t<meta property=\"og:image:width\" content=\"882\" \/>\n\t<meta property=\"og:image:height\" content=\"657\" \/>\n\t<meta property=\"og:image:type\" content=\"image\/png\" \/>\n<meta name=\"author\" content=\"AdminCDE\" \/>\n<meta name=\"twitter:card\" content=\"summary_large_image\" \/>\n<meta name=\"twitter:creator\" content=\"@cdeualmeria\" \/>\n<meta name=\"twitter:site\" content=\"@cdeualmeria\" \/>\n<meta name=\"twitter:label1\" content=\"Written by\" \/>\n\t<meta name=\"twitter:data1\" content=\"AdminCDE\" \/>\n\t<meta name=\"twitter:label2\" content=\"Est. reading time\" \/>\n\t<meta name=\"twitter:data2\" content=\"2 minutes\" \/>\n<script type=\"application\/ld+json\" class=\"yoast-schema-graph\">{\"@context\":\"https:\\\/\\\/schema.org\",\"@graph\":[{\"@type\":\"Article\",\"@id\":\"https:\\\/\\\/www.cde.ual.es\\\/en\\\/9th-may-europe-day-from-home\\\/#article\",\"isPartOf\":{\"@id\":\"https:\\\/\\\/www.cde.ual.es\\\/en\\\/9th-may-europe-day-from-home\\\/\"},\"author\":{\"name\":\"AdminCDE\",\"@id\":\"https:\\\/\\\/www.cde.ual.es\\\/#\\\/schema\\\/person\\\/224ef08c8bcc005f319d2713ce37ee5f\"},\"headline\":\"9th May: Europe Day from home\",\"datePublished\":\"2020-05-05T08:00:46+00:00\",\"dateModified\":\"2020-05-08T17:41:25+00:00\",\"mainEntityOfPage\":{\"@id\":\"https:\\\/\\\/www.cde.ual.es\\\/en\\\/9th-may-europe-day-from-home\\\/\"},\"wordCount\":483,\"commentCount\":0,\"publisher\":{\"@id\":\"https:\\\/\\\/www.cde.ual.es\\\/#organization\"},\"image\":{\"@id\":\"https:\\\/\\\/www.cde.ual.es\\\/en\\\/9th-may-europe-day-from-home\\\/#primaryimage\"},\"thumbnailUrl\":\"https:\\\/\\\/www.cde.ual.es\\\/wp-content\\\/uploads\\\/2020\\\/05\\\/D\u00eda-Europa.png\",\"keywords\":[\"Europe Day\"],\"articleSection\":[\"Activities\"],\"inLanguage\":\"en-US\",\"potentialAction\":[{\"@type\":\"CommentAction\",\"name\":\"Comment\",\"target\":[\"https:\\\/\\\/www.cde.ual.es\\\/en\\\/9th-may-europe-day-from-home\\\/#respond\"]}]},{\"@type\":\"WebPage\",\"@id\":\"https:\\\/\\\/www.cde.ual.es\\\/en\\\/9th-may-europe-day-from-home\\\/\",\"url\":\"https:\\\/\\\/www.cde.ual.es\\\/en\\\/9th-may-europe-day-from-home\\\/\",\"name\":\"9th May: Europe Day from home | CDE Almer\u00eda - Centro de Documentaci\u00f3n Europea - Universidad de Almer\u00eda\",\"isPartOf\":{\"@id\":\"https:\\\/\\\/www.cde.ual.es\\\/#website\"},\"primaryImageOfPage\":{\"@id\":\"https:\\\/\\\/www.cde.ual.es\\\/en\\\/9th-may-europe-day-from-home\\\/#primaryimage\"},\"image\":{\"@id\":\"https:\\\/\\\/www.cde.ual.es\\\/en\\\/9th-may-europe-day-from-home\\\/#primaryimage\"},\"thumbnailUrl\":\"https:\\\/\\\/www.cde.ual.es\\\/wp-content\\\/uploads\\\/2020\\\/05\\\/D\u00eda-Europa.png\",\"datePublished\":\"2020-05-05T08:00:46+00:00\",\"dateModified\":\"2020-05-08T17:41:25+00:00\",\"breadcrumb\":{\"@id\":\"https:\\\/\\\/www.cde.ual.es\\\/en\\\/9th-may-europe-day-from-home\\\/#breadcrumb\"},\"inLanguage\":\"en-US\",\"potentialAction\":[{\"@type\":\"ReadAction\",\"target\":[\"https:\\\/\\\/www.cde.ual.es\\\/en\\\/9th-may-europe-day-from-home\\\/\"]}]},{\"@type\":\"ImageObject\",\"inLanguage\":\"en-US\",\"@id\":\"https:\\\/\\\/www.cde.ual.es\\\/en\\\/9th-may-europe-day-from-home\\\/#primaryimage\",\"url\":\"https:\\\/\\\/www.cde.ual.es\\\/wp-content\\\/uploads\\\/2020\\\/05\\\/D\u00eda-Europa.png\",\"contentUrl\":\"https:\\\/\\\/www.cde.ual.es\\\/wp-content\\\/uploads\\\/2020\\\/05\\\/D\u00eda-Europa.png\",\"width\":882,\"height\":657},{\"@type\":\"BreadcrumbList\",\"@id\":\"https:\\\/\\\/www.cde.ual.es\\\/en\\\/9th-may-europe-day-from-home\\\/#breadcrumb\",\"itemListElement\":[{\"@type\":\"ListItem\",\"position\":1,\"name\":\"Inicio\",\"item\":\"https:\\\/\\\/www.cde.ual.es\\\/en\\\/\"},{\"@type\":\"ListItem\",\"position\":2,\"name\":\"Activities\",\"item\":\"https:\\\/\\\/www.cde.ual.es\\\/en\\\/category\\\/activities\\\/\"},{\"@type\":\"ListItem\",\"position\":3,\"name\":\"9th May: Europe Day from home\"}]},{\"@type\":\"WebSite\",\"@id\":\"https:\\\/\\\/www.cde.ual.es\\\/#website\",\"url\":\"https:\\\/\\\/www.cde.ual.es\\\/\",\"name\":\"CDE Almer\u00eda - Centro de Documentaci\u00f3n Europea - Universidad de Almer\u00eda\",\"description\":\"Centro de Documentaci\u00f3n Europea de la Universidad de Almer\u00eda\",\"publisher\":{\"@id\":\"https:\\\/\\\/www.cde.ual.es\\\/#organization\"},\"alternateName\":\"CDE Almer\u00eda\",\"potentialAction\":[{\"@type\":\"SearchAction\",\"target\":{\"@type\":\"EntryPoint\",\"urlTemplate\":\"https:\\\/\\\/www.cde.ual.es\\\/?s={search_term_string}\"},\"query-input\":{\"@type\":\"PropertyValueSpecification\",\"valueRequired\":true,\"valueName\":\"search_term_string\"}}],\"inLanguage\":\"en-US\"},{\"@type\":\"Organization\",\"@id\":\"https:\\\/\\\/www.cde.ual.es\\\/#organization\",\"name\":\"Centro de Documentaci\u00f3n Europea de Almer\u00eda\",\"url\":\"https:\\\/\\\/www.cde.ual.es\\\/\",\"logo\":{\"@type\":\"ImageObject\",\"inLanguage\":\"en-US\",\"@id\":\"https:\\\/\\\/www.cde.ual.es\\\/#\\\/schema\\\/logo\\\/image\\\/\",\"url\":\"https:\\\/\\\/www.cde.ual.es\\\/wp-content\\\/uploads\\\/2025\\\/07\\\/cde-logo-3.png\",\"contentUrl\":\"https:\\\/\\\/www.cde.ual.es\\\/wp-content\\\/uploads\\\/2025\\\/07\\\/cde-logo-3.png\",\"width\":1400,\"height\":300,\"caption\":\"Centro de Documentaci\u00f3n Europea de Almer\u00eda\"},\"image\":{\"@id\":\"https:\\\/\\\/www.cde.ual.es\\\/#\\\/schema\\\/logo\\\/image\\\/\"},\"sameAs\":[\"https:\\\/\\\/www.facebook.com\\\/cdeuniversidadalmeria\\\/\",\"https:\\\/\\\/x.com\\\/cdeualmeria\",\"https:\\\/\\\/www.tiktok.com\\\/@cdealmeria\",\"https:\\\/\\\/www.instagram.com\\\/cdealmeria\\\/\",\"https:\\\/\\\/www.linkedin.com\\\/in\\\/cde-almera-812b26a9\\\/\"]},{\"@type\":\"Person\",\"@id\":\"https:\\\/\\\/www.cde.ual.es\\\/#\\\/schema\\\/person\\\/224ef08c8bcc005f319d2713ce37ee5f\",\"name\":\"AdminCDE\",\"image\":{\"@type\":\"ImageObject\",\"inLanguage\":\"en-US\",\"@id\":\"https:\\\/\\\/secure.gravatar.com\\\/avatar\\\/a72d038d371f995cd13706fac32274b7952a52e8fb0a84b5f80c85426f2a98a8?s=96&d=mm&r=g\",\"url\":\"https:\\\/\\\/secure.gravatar.com\\\/avatar\\\/a72d038d371f995cd13706fac32274b7952a52e8fb0a84b5f80c85426f2a98a8?s=96&d=mm&r=g\",\"contentUrl\":\"https:\\\/\\\/secure.gravatar.com\\\/avatar\\\/a72d038d371f995cd13706fac32274b7952a52e8fb0a84b5f80c85426f2a98a8?s=96&d=mm&r=g\",\"caption\":\"AdminCDE\"}}]}<\/script>\n<!-- \/ Yoast SEO plugin. -->","yoast_head_json":{"title":"9th May: Europe Day from home | CDE Almer\u00eda - Centro de Documentaci\u00f3n Europea - Universidad de Almer\u00eda","robots":{"index":"index","follow":"follow","max-snippet":"max-snippet:-1","max-image-preview":"max-image-preview:large","max-video-preview":"max-video-preview:-1"},"canonical":"https:\/\/www.cde.ual.es\/en\/9th-may-europe-day-from-home\/","og_locale":"en_US","og_type":"article","og_title":"9th May: Europe Day from home | CDE Almer\u00eda - Centro de Documentaci\u00f3n Europea - Universidad de Almer\u00eda","og_description":"Every May 9, Europe Day celebrates the peace and unity of the continent. The date is the anniversary of the historic Schuman declaration. In a speech delivered in Paris in 1950, French Foreign Minister Robert Schuman set out his idea of a new form of political cooperation that would make war between European nations unthinkable [&hellip;]","og_url":"https:\/\/www.cde.ual.es\/en\/9th-may-europe-day-from-home\/","og_site_name":"CDE Almer\u00eda - Centro de Documentaci\u00f3n Europea - Universidad de Almer\u00eda","article_publisher":"https:\/\/www.facebook.com\/cdeuniversidadalmeria\/","article_published_time":"2020-05-05T08:00:46+00:00","article_modified_time":"2020-05-08T17:41:25+00:00","og_image":[{"width":882,"height":657,"url":"https:\/\/www.cde.ual.es\/wp-content\/uploads\/2020\/05\/D\u00eda-Europa.png","type":"image\/png"}],"author":"AdminCDE","twitter_card":"summary_large_image","twitter_creator":"@cdeualmeria","twitter_site":"@cdeualmeria","twitter_misc":{"Written by":"AdminCDE","Est. reading time":"2 minutes"},"schema":{"@context":"https:\/\/schema.org","@graph":[{"@type":"Article","@id":"https:\/\/www.cde.ual.es\/en\/9th-may-europe-day-from-home\/#article","isPartOf":{"@id":"https:\/\/www.cde.ual.es\/en\/9th-may-europe-day-from-home\/"},"author":{"name":"AdminCDE","@id":"https:\/\/www.cde.ual.es\/#\/schema\/person\/224ef08c8bcc005f319d2713ce37ee5f"},"headline":"9th May: Europe Day from home","datePublished":"2020-05-05T08:00:46+00:00","dateModified":"2020-05-08T17:41:25+00:00","mainEntityOfPage":{"@id":"https:\/\/www.cde.ual.es\/en\/9th-may-europe-day-from-home\/"},"wordCount":483,"commentCount":0,"publisher":{"@id":"https:\/\/www.cde.ual.es\/#organization"},"image":{"@id":"https:\/\/www.cde.ual.es\/en\/9th-may-europe-day-from-home\/#primaryimage"},"thumbnailUrl":"https:\/\/www.cde.ual.es\/wp-content\/uploads\/2020\/05\/D\u00eda-Europa.png","keywords":["Europe Day"],"articleSection":["Activities"],"inLanguage":"en-US","potentialAction":[{"@type":"CommentAction","name":"Comment","target":["https:\/\/www.cde.ual.es\/en\/9th-may-europe-day-from-home\/#respond"]}]},{"@type":"WebPage","@id":"https:\/\/www.cde.ual.es\/en\/9th-may-europe-day-from-home\/","url":"https:\/\/www.cde.ual.es\/en\/9th-may-europe-day-from-home\/","name":"9th May: Europe Day from home | CDE Almer\u00eda - Centro de Documentaci\u00f3n Europea - Universidad de Almer\u00eda","isPartOf":{"@id":"https:\/\/www.cde.ual.es\/#website"},"primaryImageOfPage":{"@id":"https:\/\/www.cde.ual.es\/en\/9th-may-europe-day-from-home\/#primaryimage"},"image":{"@id":"https:\/\/www.cde.ual.es\/en\/9th-may-europe-day-from-home\/#primaryimage"},"thumbnailUrl":"https:\/\/www.cde.ual.es\/wp-content\/uploads\/2020\/05\/D\u00eda-Europa.png","datePublished":"2020-05-05T08:00:46+00:00","dateModified":"2020-05-08T17:41:25+00:00","breadcrumb":{"@id":"https:\/\/www.cde.ual.es\/en\/9th-may-europe-day-from-home\/#breadcrumb"},"inLanguage":"en-US","potentialAction":[{"@type":"ReadAction","target":["https:\/\/www.cde.ual.es\/en\/9th-may-europe-day-from-home\/"]}]},{"@type":"ImageObject","inLanguage":"en-US","@id":"https:\/\/www.cde.ual.es\/en\/9th-may-europe-day-from-home\/#primaryimage","url":"https:\/\/www.cde.ual.es\/wp-content\/uploads\/2020\/05\/D\u00eda-Europa.png","contentUrl":"https:\/\/www.cde.ual.es\/wp-content\/uploads\/2020\/05\/D\u00eda-Europa.png","width":882,"height":657},{"@type":"BreadcrumbList","@id":"https:\/\/www.cde.ual.es\/en\/9th-may-europe-day-from-home\/#breadcrumb","itemListElement":[{"@type":"ListItem","position":1,"name":"Inicio","item":"https:\/\/www.cde.ual.es\/en\/"},{"@type":"ListItem","position":2,"name":"Activities","item":"https:\/\/www.cde.ual.es\/en\/category\/activities\/"},{"@type":"ListItem","position":3,"name":"9th May: Europe Day from home"}]},{"@type":"WebSite","@id":"https:\/\/www.cde.ual.es\/#website","url":"https:\/\/www.cde.ual.es\/","name":"CDE Almer\u00eda - Centro de Documentaci\u00f3n Europea - Universidad de Almer\u00eda","description":"Centro de Documentaci\u00f3n Europea de la Universidad de Almer\u00eda","publisher":{"@id":"https:\/\/www.cde.ual.es\/#organization"},"alternateName":"CDE Almer\u00eda","potentialAction":[{"@type":"SearchAction","target":{"@type":"EntryPoint","urlTemplate":"https:\/\/www.cde.ual.es\/?s={search_term_string}"},"query-input":{"@type":"PropertyValueSpecification","valueRequired":true,"valueName":"search_term_string"}}],"inLanguage":"en-US"},{"@type":"Organization","@id":"https:\/\/www.cde.ual.es\/#organization","name":"Centro de Documentaci\u00f3n Europea de Almer\u00eda","url":"https:\/\/www.cde.ual.es\/","logo":{"@type":"ImageObject","inLanguage":"en-US","@id":"https:\/\/www.cde.ual.es\/#\/schema\/logo\/image\/","url":"https:\/\/www.cde.ual.es\/wp-content\/uploads\/2025\/07\/cde-logo-3.png","contentUrl":"https:\/\/www.cde.ual.es\/wp-content\/uploads\/2025\/07\/cde-logo-3.png","width":1400,"height":300,"caption":"Centro de Documentaci\u00f3n Europea de Almer\u00eda"},"image":{"@id":"https:\/\/www.cde.ual.es\/#\/schema\/logo\/image\/"},"sameAs":["https:\/\/www.facebook.com\/cdeuniversidadalmeria\/","https:\/\/x.com\/cdeualmeria","https:\/\/www.tiktok.com\/@cdealmeria","https:\/\/www.instagram.com\/cdealmeria\/","https:\/\/www.linkedin.com\/in\/cde-almera-812b26a9\/"]},{"@type":"Person","@id":"https:\/\/www.cde.ual.es\/#\/schema\/person\/224ef08c8bcc005f319d2713ce37ee5f","name":"AdminCDE","image":{"@type":"ImageObject","inLanguage":"en-US","@id":"https:\/\/secure.gravatar.com\/avatar\/a72d038d371f995cd13706fac32274b7952a52e8fb0a84b5f80c85426f2a98a8?s=96&d=mm&r=g","url":"https:\/\/secure.gravatar.com\/avatar\/a72d038d371f995cd13706fac32274b7952a52e8fb0a84b5f80c85426f2a98a8?s=96&d=mm&r=g","contentUrl":"https:\/\/secure.gravatar.com\/avatar\/a72d038d371f995cd13706fac32274b7952a52e8fb0a84b5f80c85426f2a98a8?s=96&d=mm&r=g","caption":"AdminCDE"}}]}},"_links":{"self":[{"href":"https:\/\/www.cde.ual.es\/en\/wp-json\/wp\/v2\/posts\/42475","targetHints":{"allow":["GET"]}}],"collection":[{"href":"https:\/\/www.cde.ual.es\/en\/wp-json\/wp\/v2\/posts"}],"about":[{"href":"https:\/\/www.cde.ual.es\/en\/wp-json\/wp\/v2\/types\/post"}],"author":[{"embeddable":true,"href":"https:\/\/www.cde.ual.es\/en\/wp-json\/wp\/v2\/users\/1"}],"replies":[{"embeddable":true,"href":"https:\/\/www.cde.ual.es\/en\/wp-json\/wp\/v2\/comments?post=42475"}],"version-history":[{"count":0,"href":"https:\/\/www.cde.ual.es\/en\/wp-json\/wp\/v2\/posts\/42475\/revisions"}],"wp:featuredmedia":[{"embeddable":true,"href":"https:\/\/www.cde.ual.es\/en\/wp-json\/wp\/v2\/media\/42764"}],"wp:attachment":[{"href":"https:\/\/www.cde.ual.es\/en\/wp-json\/wp\/v2\/media?parent=42475"}],"wp:term":[{"taxonomy":"category","embeddable":true,"href":"https:\/\/www.cde.ual.es\/en\/wp-json\/wp\/v2\/categories?post=42475"},{"taxonomy":"post_tag","embeddable":true,"href":"https:\/\/www.cde.ual.es\/en\/wp-json\/wp\/v2\/tags?post=42475"}],"curies":[{"name":"wp","href":"https:\/\/api.w.org\/{rel}","templated":true}]}}