{"id":4187,"date":"2018-05-02T16:13:22","date_gmt":"2018-05-02T14:13:22","guid":{"rendered":"http:\/\/www.cde.ual.es\/?p=4187"},"modified":"2018-05-03T06:50:59","modified_gmt":"2018-05-03T04:50:59","slug":"presupuesto-de-la-ue-2021-2027","status":"publish","type":"post","link":"https:\/\/www.cde.ual.es\/en\/presupuesto-de-la-ue-2021-2027\/","title":{"rendered":"Presupuesto de la UE 2021-2027"},"content":{"rendered":"<p>La Comisi\u00f3n propone hoy un presupuesto nuevo, pragm\u00e1tico y moderno a largo plazo para el per\u00edodo comprendido entre 2021 y 2027.<\/p>\n<p>Se trata de una respuesta honesta a la realidad actual y a la expectativa de que Europa desempe\u00f1e un papel m\u00e1s preponderante en la seguridad y la estabilidad mundiales, en un momento inestable en el que el\u00a0<em>Brexit<\/em>\u00a0va a tener una incidencia considerable en nuestro presupuesto.<\/p>\n<p>La propuesta de hoy responde a este doble desaf\u00edo por medio de recortes en el gasto y, en la misma medida, de nuevos recursos. La financiaci\u00f3n de las principales prioridades de la Uni\u00f3n, incluidas las nuevas prioridades, se mantendr\u00e1 o se reforzar\u00e1, lo cual lleva inevitablemente a recortes en otros cap\u00edtulos. Ante este complicado reto, es el momento de actuar con responsabilidad. La propuesta de presupuesto presentada hoy es, por tanto, focalizada y a la vez realista.<\/p>\n<p>La propuesta de la Comisi\u00f3n ajusta el presupuesto de la Uni\u00f3n a sus prioridades pol\u00edticas, tal y como se reflejaron en la agenda positiva establecida por el presidente Jean-Claude Juncker en su\u00a0<a href=\"http:\/\/europa.eu\/rapid\/press-release_SPEECH-16-3043_es.htm\">discurso sobre el estado de la Uni\u00f3n<\/a>\u00a0de 14 de septiembre de 2016 y acordada por los dirigentes de la EU-27 en Bratislava el 16 de septiembre de 2016 y en la Declaraci\u00f3n de Roma de 25 de marzo de 2017. Centr\u00e1ndose en aquellos \u00e1mbitos en los que la Uni\u00f3n est\u00e1 mejor situada para alcanzar resultados, este es un presupuesto para una Europa que proteja, empodere y vele por la seguridad.<\/p>\n<p>1. Un presupuesto focalizado: hacer coincidir las ambiciones con los recursos. La Uni\u00f3n Europea de 27 ha establecido sus prioridades pol\u00edticas y ahora necesita los recursos necesarios para cumplirlas.<\/p>\n<p>2. Un presupuesto moderno, simple y flexible.<\/p>\n<p>3. El presupuesto de la UE y el Estado de Derecho: buena gesti\u00f3n financiera.<\/p>\n<p>4. Un presupuesto de la UE para una Uni\u00f3n Econ\u00f3mica y Monetaria fuerte y estable.<\/p>\n<p>5. Modernas fuentes de financiaci\u00f3n del presupuesto de la UE.<\/p>\n<p>Para m\u00e1s informaci\u00f3n pincha <a href=\"http:\/\/europa.eu\/rapid\/press-release_IP-18-3570_es.htm\">AQUI<\/a><\/p>\n","protected":false},"excerpt":{"rendered":"<p>La Comisi\u00f3n propone hoy un presupuesto nuevo, pragm\u00e1tico y moderno a largo plazo para el per\u00edodo comprendido entre 2021 y 2027. Se trata de una respuesta honesta a la realidad actual y a la expectativa de que Europa desempe\u00f1e un papel m\u00e1s preponderante en la seguridad y la estabilidad mundiales, en un momento inestable en [&hellip;]<\/p>\n","protected":false},"author":1,"featured_media":4188,"comment_status":"open","ping_status":"open","sticky":false,"template":"","format":"standard","meta":{"_acf_changed":false,"_relevanssi_hide_post":"","_relevanssi_hide_content":"","_relevanssi_pin_for_all":"","_relevanssi_pin_keywords":"","_relevanssi_unpin_keywords":"","_relevanssi_related_keywords":"","_relevanssi_related_include_ids":"","_relevanssi_related_exclude_ids":"","_relevanssi_related_no_append":"","_relevanssi_related_not_related":"","_relevanssi_related_posts":"","_relevanssi_noindex_reason":"","_monsterinsights_skip_tracking":false,"_monsterinsights_sitenote_active":false,"_monsterinsights_sitenote_note":"","_monsterinsights_sitenote_category":0,"_genesis_hide_title":false,"_genesis_hide_breadcrumbs":false,"_genesis_hide_singular_image":false,"_genesis_hide_footer_widgets":false,"_genesis_custom_body_class":"","_genesis_custom_post_class":"","_genesis_layout":"","footnotes":""},"categories":[96],"tags":[],"class_list":{"0":"post-4187","1":"post","2":"type-post","3":"status-publish","4":"format-standard","5":"has-post-thumbnail","7":"category-noticias-ue","8":"entry"},"acf":[],"yoast_head":"<!-- This site is optimized with the Yoast SEO plugin v27.5 - https:\/\/yoast.com\/product\/yoast-seo-wordpress\/ -->\n<title>Presupuesto de la UE 2021-2027 | CDE Almer\u00eda - Centro de Documentaci\u00f3n Europea - Universidad de Almer\u00eda<\/title>\n<meta name=\"robots\" content=\"index, follow, max-snippet:-1, max-image-preview:large, max-video-preview:-1\" \/>\n<link rel=\"canonical\" href=\"https:\/\/www.cde.ual.es\/en\/presupuesto-de-la-ue-2021-2027\/\" \/>\n<meta property=\"og:locale\" content=\"en_US\" \/>\n<meta property=\"og:type\" content=\"article\" \/>\n<meta property=\"og:title\" content=\"Presupuesto de la UE 2021-2027 | CDE Almer\u00eda - Centro de Documentaci\u00f3n Europea - Universidad de Almer\u00eda\" \/>\n<meta property=\"og:description\" content=\"La Comisi\u00f3n propone hoy un presupuesto nuevo, pragm\u00e1tico y moderno a largo plazo para el per\u00edodo comprendido entre 2021 y 2027. Se trata de una respuesta honesta a la realidad actual y a la expectativa de que Europa desempe\u00f1e un papel m\u00e1s preponderante en la seguridad y la estabilidad mundiales, en un momento inestable en [&hellip;]\" \/>\n<meta property=\"og:url\" content=\"https:\/\/www.cde.ual.es\/en\/presupuesto-de-la-ue-2021-2027\/\" \/>\n<meta property=\"og:site_name\" content=\"CDE Almer\u00eda - Centro de Documentaci\u00f3n Europea - Universidad de Almer\u00eda\" \/>\n<meta property=\"article:publisher\" content=\"https:\/\/www.facebook.com\/cdeuniversidadalmeria\/\" \/>\n<meta property=\"article:published_time\" content=\"2018-05-02T14:13:22+00:00\" \/>\n<meta property=\"article:modified_time\" content=\"2018-05-03T04:50:59+00:00\" \/>\n<meta property=\"og:image\" content=\"https:\/\/www.cde.ual.es\/wp-content\/uploads\/2018\/05\/Presupuesto-2021-2027.jpg\" \/>\n\t<meta property=\"og:image:width\" content=\"1200\" \/>\n\t<meta property=\"og:image:height\" content=\"675\" \/>\n\t<meta property=\"og:image:type\" content=\"image\/jpeg\" \/>\n<meta name=\"author\" content=\"AdminCDE\" \/>\n<meta name=\"twitter:card\" content=\"summary_large_image\" \/>\n<meta name=\"twitter:creator\" content=\"@cdeualmeria\" \/>\n<meta name=\"twitter:site\" content=\"@cdeualmeria\" \/>\n<meta name=\"twitter:label1\" content=\"Written by\" \/>\n\t<meta name=\"twitter:data1\" content=\"AdminCDE\" \/>\n\t<meta name=\"twitter:label2\" content=\"Est. reading time\" \/>\n\t<meta name=\"twitter:data2\" content=\"2 minutes\" \/>\n<script type=\"application\/ld+json\" class=\"yoast-schema-graph\">{\"@context\":\"https:\\\/\\\/schema.org\",\"@graph\":[{\"@type\":\"Article\",\"@id\":\"https:\\\/\\\/www.cde.ual.es\\\/en\\\/presupuesto-de-la-ue-2021-2027\\\/#article\",\"isPartOf\":{\"@id\":\"https:\\\/\\\/www.cde.ual.es\\\/en\\\/presupuesto-de-la-ue-2021-2027\\\/\"},\"author\":{\"name\":\"AdminCDE\",\"@id\":\"https:\\\/\\\/www.cde.ual.es\\\/#\\\/schema\\\/person\\\/224ef08c8bcc005f319d2713ce37ee5f\"},\"headline\":\"Presupuesto de la UE 2021-2027\",\"datePublished\":\"2018-05-02T14:13:22+00:00\",\"dateModified\":\"2018-05-03T04:50:59+00:00\",\"mainEntityOfPage\":{\"@id\":\"https:\\\/\\\/www.cde.ual.es\\\/en\\\/presupuesto-de-la-ue-2021-2027\\\/\"},\"wordCount\":343,\"commentCount\":0,\"publisher\":{\"@id\":\"https:\\\/\\\/www.cde.ual.es\\\/#organization\"},\"image\":{\"@id\":\"https:\\\/\\\/www.cde.ual.es\\\/en\\\/presupuesto-de-la-ue-2021-2027\\\/#primaryimage\"},\"thumbnailUrl\":\"https:\\\/\\\/www.cde.ual.es\\\/wp-content\\\/uploads\\\/2018\\\/05\\\/Presupuesto-2021-2027.jpg\",\"articleSection\":[\"Noticias UE\"],\"inLanguage\":\"en-US\",\"potentialAction\":[{\"@type\":\"CommentAction\",\"name\":\"Comment\",\"target\":[\"https:\\\/\\\/www.cde.ual.es\\\/en\\\/presupuesto-de-la-ue-2021-2027\\\/#respond\"]}]},{\"@type\":\"WebPage\",\"@id\":\"https:\\\/\\\/www.cde.ual.es\\\/en\\\/presupuesto-de-la-ue-2021-2027\\\/\",\"url\":\"https:\\\/\\\/www.cde.ual.es\\\/en\\\/presupuesto-de-la-ue-2021-2027\\\/\",\"name\":\"Presupuesto de la UE 2021-2027 | CDE Almer\u00eda - Centro de Documentaci\u00f3n Europea - Universidad de Almer\u00eda\",\"isPartOf\":{\"@id\":\"https:\\\/\\\/www.cde.ual.es\\\/#website\"},\"primaryImageOfPage\":{\"@id\":\"https:\\\/\\\/www.cde.ual.es\\\/en\\\/presupuesto-de-la-ue-2021-2027\\\/#primaryimage\"},\"image\":{\"@id\":\"https:\\\/\\\/www.cde.ual.es\\\/en\\\/presupuesto-de-la-ue-2021-2027\\\/#primaryimage\"},\"thumbnailUrl\":\"https:\\\/\\\/www.cde.ual.es\\\/wp-content\\\/uploads\\\/2018\\\/05\\\/Presupuesto-2021-2027.jpg\",\"datePublished\":\"2018-05-02T14:13:22+00:00\",\"dateModified\":\"2018-05-03T04:50:59+00:00\",\"breadcrumb\":{\"@id\":\"https:\\\/\\\/www.cde.ual.es\\\/en\\\/presupuesto-de-la-ue-2021-2027\\\/#breadcrumb\"},\"inLanguage\":\"en-US\",\"potentialAction\":[{\"@type\":\"ReadAction\",\"target\":[\"https:\\\/\\\/www.cde.ual.es\\\/en\\\/presupuesto-de-la-ue-2021-2027\\\/\"]}]},{\"@type\":\"ImageObject\",\"inLanguage\":\"en-US\",\"@id\":\"https:\\\/\\\/www.cde.ual.es\\\/en\\\/presupuesto-de-la-ue-2021-2027\\\/#primaryimage\",\"url\":\"https:\\\/\\\/www.cde.ual.es\\\/wp-content\\\/uploads\\\/2018\\\/05\\\/Presupuesto-2021-2027.jpg\",\"contentUrl\":\"https:\\\/\\\/www.cde.ual.es\\\/wp-content\\\/uploads\\\/2018\\\/05\\\/Presupuesto-2021-2027.jpg\",\"width\":1200,\"height\":675},{\"@type\":\"BreadcrumbList\",\"@id\":\"https:\\\/\\\/www.cde.ual.es\\\/en\\\/presupuesto-de-la-ue-2021-2027\\\/#breadcrumb\",\"itemListElement\":[{\"@type\":\"ListItem\",\"position\":1,\"name\":\"Inicio\",\"item\":\"https:\\\/\\\/www.cde.ual.es\\\/en\\\/\"},{\"@type\":\"ListItem\",\"position\":2,\"name\":\"EU News\",\"item\":\"https:\\\/\\\/www.cde.ual.es\\\/en\\\/category\\\/eu-news\\\/\"},{\"@type\":\"ListItem\",\"position\":3,\"name\":\"Presupuesto de la UE 2021-2027\"}]},{\"@type\":\"WebSite\",\"@id\":\"https:\\\/\\\/www.cde.ual.es\\\/#website\",\"url\":\"https:\\\/\\\/www.cde.ual.es\\\/\",\"name\":\"CDE Almer\u00eda - Centro de Documentaci\u00f3n Europea - Universidad de Almer\u00eda\",\"description\":\"Centro de Documentaci\u00f3n Europea de la Universidad de Almer\u00eda\",\"publisher\":{\"@id\":\"https:\\\/\\\/www.cde.ual.es\\\/#organization\"},\"alternateName\":\"CDE Almer\u00eda\",\"potentialAction\":[{\"@type\":\"SearchAction\",\"target\":{\"@type\":\"EntryPoint\",\"urlTemplate\":\"https:\\\/\\\/www.cde.ual.es\\\/?s={search_term_string}\"},\"query-input\":{\"@type\":\"PropertyValueSpecification\",\"valueRequired\":true,\"valueName\":\"search_term_string\"}}],\"inLanguage\":\"en-US\"},{\"@type\":\"Organization\",\"@id\":\"https:\\\/\\\/www.cde.ual.es\\\/#organization\",\"name\":\"Centro de Documentaci\u00f3n Europea de Almer\u00eda\",\"url\":\"https:\\\/\\\/www.cde.ual.es\\\/\",\"logo\":{\"@type\":\"ImageObject\",\"inLanguage\":\"en-US\",\"@id\":\"https:\\\/\\\/www.cde.ual.es\\\/#\\\/schema\\\/logo\\\/image\\\/\",\"url\":\"https:\\\/\\\/www.cde.ual.es\\\/wp-content\\\/uploads\\\/2025\\\/07\\\/cde-logo-3.png\",\"contentUrl\":\"https:\\\/\\\/www.cde.ual.es\\\/wp-content\\\/uploads\\\/2025\\\/07\\\/cde-logo-3.png\",\"width\":1400,\"height\":300,\"caption\":\"Centro de Documentaci\u00f3n Europea de Almer\u00eda\"},\"image\":{\"@id\":\"https:\\\/\\\/www.cde.ual.es\\\/#\\\/schema\\\/logo\\\/image\\\/\"},\"sameAs\":[\"https:\\\/\\\/www.facebook.com\\\/cdeuniversidadalmeria\\\/\",\"https:\\\/\\\/x.com\\\/cdeualmeria\",\"https:\\\/\\\/www.tiktok.com\\\/@cdealmeria\",\"https:\\\/\\\/www.instagram.com\\\/cdealmeria\\\/\",\"https:\\\/\\\/www.linkedin.com\\\/in\\\/cde-almera-812b26a9\\\/\"]},{\"@type\":\"Person\",\"@id\":\"https:\\\/\\\/www.cde.ual.es\\\/#\\\/schema\\\/person\\\/224ef08c8bcc005f319d2713ce37ee5f\",\"name\":\"AdminCDE\",\"image\":{\"@type\":\"ImageObject\",\"inLanguage\":\"en-US\",\"@id\":\"https:\\\/\\\/secure.gravatar.com\\\/avatar\\\/a72d038d371f995cd13706fac32274b7952a52e8fb0a84b5f80c85426f2a98a8?s=96&d=mm&r=g\",\"url\":\"https:\\\/\\\/secure.gravatar.com\\\/avatar\\\/a72d038d371f995cd13706fac32274b7952a52e8fb0a84b5f80c85426f2a98a8?s=96&d=mm&r=g\",\"contentUrl\":\"https:\\\/\\\/secure.gravatar.com\\\/avatar\\\/a72d038d371f995cd13706fac32274b7952a52e8fb0a84b5f80c85426f2a98a8?s=96&d=mm&r=g\",\"caption\":\"AdminCDE\"}}]}<\/script>\n<!-- \/ Yoast SEO plugin. -->","yoast_head_json":{"title":"Presupuesto de la UE 2021-2027 | CDE Almer\u00eda - Centro de Documentaci\u00f3n Europea - Universidad de Almer\u00eda","robots":{"index":"index","follow":"follow","max-snippet":"max-snippet:-1","max-image-preview":"max-image-preview:large","max-video-preview":"max-video-preview:-1"},"canonical":"https:\/\/www.cde.ual.es\/en\/presupuesto-de-la-ue-2021-2027\/","og_locale":"en_US","og_type":"article","og_title":"Presupuesto de la UE 2021-2027 | CDE Almer\u00eda - Centro de Documentaci\u00f3n Europea - Universidad de Almer\u00eda","og_description":"La Comisi\u00f3n propone hoy un presupuesto nuevo, pragm\u00e1tico y moderno a largo plazo para el per\u00edodo comprendido entre 2021 y 2027. Se trata de una respuesta honesta a la realidad actual y a la expectativa de que Europa desempe\u00f1e un papel m\u00e1s preponderante en la seguridad y la estabilidad mundiales, en un momento inestable en [&hellip;]","og_url":"https:\/\/www.cde.ual.es\/en\/presupuesto-de-la-ue-2021-2027\/","og_site_name":"CDE Almer\u00eda - Centro de Documentaci\u00f3n Europea - Universidad de Almer\u00eda","article_publisher":"https:\/\/www.facebook.com\/cdeuniversidadalmeria\/","article_published_time":"2018-05-02T14:13:22+00:00","article_modified_time":"2018-05-03T04:50:59+00:00","og_image":[{"width":1200,"height":675,"url":"https:\/\/www.cde.ual.es\/wp-content\/uploads\/2018\/05\/Presupuesto-2021-2027.jpg","type":"image\/jpeg"}],"author":"AdminCDE","twitter_card":"summary_large_image","twitter_creator":"@cdeualmeria","twitter_site":"@cdeualmeria","twitter_misc":{"Written by":"AdminCDE","Est. reading time":"2 minutes"},"schema":{"@context":"https:\/\/schema.org","@graph":[{"@type":"Article","@id":"https:\/\/www.cde.ual.es\/en\/presupuesto-de-la-ue-2021-2027\/#article","isPartOf":{"@id":"https:\/\/www.cde.ual.es\/en\/presupuesto-de-la-ue-2021-2027\/"},"author":{"name":"AdminCDE","@id":"https:\/\/www.cde.ual.es\/#\/schema\/person\/224ef08c8bcc005f319d2713ce37ee5f"},"headline":"Presupuesto de la UE 2021-2027","datePublished":"2018-05-02T14:13:22+00:00","dateModified":"2018-05-03T04:50:59+00:00","mainEntityOfPage":{"@id":"https:\/\/www.cde.ual.es\/en\/presupuesto-de-la-ue-2021-2027\/"},"wordCount":343,"commentCount":0,"publisher":{"@id":"https:\/\/www.cde.ual.es\/#organization"},"image":{"@id":"https:\/\/www.cde.ual.es\/en\/presupuesto-de-la-ue-2021-2027\/#primaryimage"},"thumbnailUrl":"https:\/\/www.cde.ual.es\/wp-content\/uploads\/2018\/05\/Presupuesto-2021-2027.jpg","articleSection":["Noticias UE"],"inLanguage":"en-US","potentialAction":[{"@type":"CommentAction","name":"Comment","target":["https:\/\/www.cde.ual.es\/en\/presupuesto-de-la-ue-2021-2027\/#respond"]}]},{"@type":"WebPage","@id":"https:\/\/www.cde.ual.es\/en\/presupuesto-de-la-ue-2021-2027\/","url":"https:\/\/www.cde.ual.es\/en\/presupuesto-de-la-ue-2021-2027\/","name":"Presupuesto de la UE 2021-2027 | CDE Almer\u00eda - Centro de Documentaci\u00f3n Europea - Universidad de Almer\u00eda","isPartOf":{"@id":"https:\/\/www.cde.ual.es\/#website"},"primaryImageOfPage":{"@id":"https:\/\/www.cde.ual.es\/en\/presupuesto-de-la-ue-2021-2027\/#primaryimage"},"image":{"@id":"https:\/\/www.cde.ual.es\/en\/presupuesto-de-la-ue-2021-2027\/#primaryimage"},"thumbnailUrl":"https:\/\/www.cde.ual.es\/wp-content\/uploads\/2018\/05\/Presupuesto-2021-2027.jpg","datePublished":"2018-05-02T14:13:22+00:00","dateModified":"2018-05-03T04:50:59+00:00","breadcrumb":{"@id":"https:\/\/www.cde.ual.es\/en\/presupuesto-de-la-ue-2021-2027\/#breadcrumb"},"inLanguage":"en-US","potentialAction":[{"@type":"ReadAction","target":["https:\/\/www.cde.ual.es\/en\/presupuesto-de-la-ue-2021-2027\/"]}]},{"@type":"ImageObject","inLanguage":"en-US","@id":"https:\/\/www.cde.ual.es\/en\/presupuesto-de-la-ue-2021-2027\/#primaryimage","url":"https:\/\/www.cde.ual.es\/wp-content\/uploads\/2018\/05\/Presupuesto-2021-2027.jpg","contentUrl":"https:\/\/www.cde.ual.es\/wp-content\/uploads\/2018\/05\/Presupuesto-2021-2027.jpg","width":1200,"height":675},{"@type":"BreadcrumbList","@id":"https:\/\/www.cde.ual.es\/en\/presupuesto-de-la-ue-2021-2027\/#breadcrumb","itemListElement":[{"@type":"ListItem","position":1,"name":"Inicio","item":"https:\/\/www.cde.ual.es\/en\/"},{"@type":"ListItem","position":2,"name":"EU News","item":"https:\/\/www.cde.ual.es\/en\/category\/eu-news\/"},{"@type":"ListItem","position":3,"name":"Presupuesto de la UE 2021-2027"}]},{"@type":"WebSite","@id":"https:\/\/www.cde.ual.es\/#website","url":"https:\/\/www.cde.ual.es\/","name":"CDE Almer\u00eda - Centro de Documentaci\u00f3n Europea - Universidad de Almer\u00eda","description":"Centro de Documentaci\u00f3n Europea de la Universidad de Almer\u00eda","publisher":{"@id":"https:\/\/www.cde.ual.es\/#organization"},"alternateName":"CDE Almer\u00eda","potentialAction":[{"@type":"SearchAction","target":{"@type":"EntryPoint","urlTemplate":"https:\/\/www.cde.ual.es\/?s={search_term_string}"},"query-input":{"@type":"PropertyValueSpecification","valueRequired":true,"valueName":"search_term_string"}}],"inLanguage":"en-US"},{"@type":"Organization","@id":"https:\/\/www.cde.ual.es\/#organization","name":"Centro de Documentaci\u00f3n Europea de Almer\u00eda","url":"https:\/\/www.cde.ual.es\/","logo":{"@type":"ImageObject","inLanguage":"en-US","@id":"https:\/\/www.cde.ual.es\/#\/schema\/logo\/image\/","url":"https:\/\/www.cde.ual.es\/wp-content\/uploads\/2025\/07\/cde-logo-3.png","contentUrl":"https:\/\/www.cde.ual.es\/wp-content\/uploads\/2025\/07\/cde-logo-3.png","width":1400,"height":300,"caption":"Centro de Documentaci\u00f3n Europea de Almer\u00eda"},"image":{"@id":"https:\/\/www.cde.ual.es\/#\/schema\/logo\/image\/"},"sameAs":["https:\/\/www.facebook.com\/cdeuniversidadalmeria\/","https:\/\/x.com\/cdeualmeria","https:\/\/www.tiktok.com\/@cdealmeria","https:\/\/www.instagram.com\/cdealmeria\/","https:\/\/www.linkedin.com\/in\/cde-almera-812b26a9\/"]},{"@type":"Person","@id":"https:\/\/www.cde.ual.es\/#\/schema\/person\/224ef08c8bcc005f319d2713ce37ee5f","name":"AdminCDE","image":{"@type":"ImageObject","inLanguage":"en-US","@id":"https:\/\/secure.gravatar.com\/avatar\/a72d038d371f995cd13706fac32274b7952a52e8fb0a84b5f80c85426f2a98a8?s=96&d=mm&r=g","url":"https:\/\/secure.gravatar.com\/avatar\/a72d038d371f995cd13706fac32274b7952a52e8fb0a84b5f80c85426f2a98a8?s=96&d=mm&r=g","contentUrl":"https:\/\/secure.gravatar.com\/avatar\/a72d038d371f995cd13706fac32274b7952a52e8fb0a84b5f80c85426f2a98a8?s=96&d=mm&r=g","caption":"AdminCDE"}}]}},"_links":{"self":[{"href":"https:\/\/www.cde.ual.es\/en\/wp-json\/wp\/v2\/posts\/4187","targetHints":{"allow":["GET"]}}],"collection":[{"href":"https:\/\/www.cde.ual.es\/en\/wp-json\/wp\/v2\/posts"}],"about":[{"href":"https:\/\/www.cde.ual.es\/en\/wp-json\/wp\/v2\/types\/post"}],"author":[{"embeddable":true,"href":"https:\/\/www.cde.ual.es\/en\/wp-json\/wp\/v2\/users\/1"}],"replies":[{"embeddable":true,"href":"https:\/\/www.cde.ual.es\/en\/wp-json\/wp\/v2\/comments?post=4187"}],"version-history":[{"count":0,"href":"https:\/\/www.cde.ual.es\/en\/wp-json\/wp\/v2\/posts\/4187\/revisions"}],"wp:featuredmedia":[{"embeddable":true,"href":"https:\/\/www.cde.ual.es\/en\/wp-json\/wp\/v2\/media\/4188"}],"wp:attachment":[{"href":"https:\/\/www.cde.ual.es\/en\/wp-json\/wp\/v2\/media?parent=4187"}],"wp:term":[{"taxonomy":"category","embeddable":true,"href":"https:\/\/www.cde.ual.es\/en\/wp-json\/wp\/v2\/categories?post=4187"},{"taxonomy":"post_tag","embeddable":true,"href":"https:\/\/www.cde.ual.es\/en\/wp-json\/wp\/v2\/tags?post=4187"}],"curies":[{"name":"wp","href":"https:\/\/api.w.org\/{rel}","templated":true}]}}