{"id":41053,"date":"2020-04-15T03:00:48","date_gmt":"2020-04-15T01:00:48","guid":{"rendered":"https:\/\/www.cde.ual.es\/?p=41053"},"modified":"2020-04-13T13:55:39","modified_gmt":"2020-04-13T11:55:39","slug":"cuidados-con-compasion-a-tool-for-heatlh-professionals-to-face-covid-19","status":"publish","type":"post","link":"https:\/\/www.cde.ual.es\/en\/cuidados-con-compasion-a-tool-for-heatlh-professionals-to-face-covid-19\/","title":{"rendered":"Cuidados con Compasi\u00f3n: A tool for heatlh professionals to face COVID-19"},"content":{"rendered":"<p><strong>&#8220;Cuidados con Compasi\u00f3n&#8221;<\/strong> is a web environment aimed at health professionals that emerged as a result of a research project, funded by the Regional Goverment of Andaluc\u00eda,\u00a0 <strong>Health and Families<\/strong> <strong>Department<\/strong> &#8220;Burnout and Compassionate Fatigue in Nursing Professionals in the Andalusian Public Health System&#8221; (AP-0100-2016).<\/p>\n<p><a href=\"https:\/\/www.cde.ual.es\/wp-content\/uploads\/2020\/04\/Psicolog\u00eda.png\"><img decoding=\"async\" class=\"size-medium wp-image-41050 aligncenter\" src=\"https:\/\/www.cde.ual.es\/wp-content\/uploads\/2020\/04\/Psicolog\u00eda-300x201.png\" alt=\"\" width=\"300\" height=\"201\" srcset=\"https:\/\/www.cde.ual.es\/wp-content\/uploads\/2020\/04\/Psicolog\u00eda-300x201.png 300w, https:\/\/www.cde.ual.es\/wp-content\/uploads\/2020\/04\/Psicolog\u00eda-768x515.png 768w, https:\/\/www.cde.ual.es\/wp-content\/uploads\/2020\/04\/Psicolog\u00eda.png 921w\" sizes=\"(max-width: 300px) 100vw, 300px\" \/><\/a><\/p>\n<p>This project is led by the <strong>principal researcher and professor at the University of Almeria<\/strong>, <strong>Mar\u00eda Dolores Ruiz Fern\u00e1ndez<\/strong>, a <strong>nurse and psychologist<\/strong>, belonging to the Department of Nursing, Physiotherapy and Medicine and a member of the research group in Health Sciences (CTS-451).<\/p>\n<h3>Web resource<\/h3>\n<p>The website aims to provide resources for<strong> health professionals and students<\/strong> in the health field that will improve their quality of life, and prevent certain syndromes suffered by health professionals such as compassion fatigue. In addition, to disseminate and publicize the news, and the main research results related to the study.<\/p>\n<p>As a consequence of the current crisis derived from the COVID-19 pandemic, it was decided, together with the crisis intervention group of the <strong>University of Alicante<\/strong>, led by <strong>Professor of Psychology Miguel Richard<\/strong>, to launch a series of initiatives to provide emotional support to health professionals and to those groups that are in the front line of action, who need resources and tools to overcome this situation and carry out their daily work.<\/p>\n<p>We are referring to professionals who are going through very extreme situations that generate fear, fear of contagion, fear of infecting their families, that force them to separate from their children and most beloved relatives, they go through situations of loss, loneliness, anger, rage, anxiety, among other feelings and emotions.<\/p>\n<p>From here, it was decided to develop materials such as:<\/p>\n<ul>\n<li>recommendations with computer graphics to manage anxiety at home and at work.<\/li>\n<li>audios that can be used anywhere and help professionals to take conscious breaks, even at work.<\/li>\n<li>videos with advice given by health professionals.<\/li>\n<\/ul>\n<h3>Workshops\/Seminars<\/h3>\n<p>Every week, a workshop or seminar is offered, with experts in different subjects at a national and international level, so that professionals can visualize them at any time of the day. In these workshops, topics such as:<\/p>\n<ul>\n<li>compassion, self-pity, guilt, the attitude of giving and receiving, etc.<\/li>\n<\/ul>\n<p>Currently, there are available on the page seminars given by different professionals:<\/p>\n<p>&#8220;Although you are a hero you have to take care of yourself&#8221; given by \u00c1ngela Mar\u00eda Ortega Gal\u00e1n and Juan Diego Ramos Pichardo, both professors at the Nursing Department of the University of Huelva;<\/p>\n<p>&#8220;How to manage fear and anxiety&#8221; by Professor Miguel Richard (Professor of Psychology at the University of Alicante)<\/p>\n<p>&#8220;Self-care and Self-pity&#8221; by Concha Ruiz Pau (Physician, member of the Spanish Society of Palliative Care and of the spirituality working group of the Andalusian Society of Palliative Care),<\/p>\n<p>&#8220;Accompanying and living grief in isolation&#8221; by Ernolando Parra (Psychologist of the Community of Madrid).<\/p>\n<p>Another of the resources available is a blog of experiences, in which professionals describe the situation they are living through and reflect on what is happening. &#8220;Sharing experiences is a great help, both for those who write and those who read them, it helps us to empathise&#8221; said Professor Mar\u00eda Dolores Ruiz Fern\u00e1ndez.<\/p>\n<p>It should be noted that this &#8220;Cuidados Compasi\u00f3n&#8221; research group has a track record in the field of health care. They are part of the Research Group on &#8220;Bioethics and Humanisation of Health Care in the Andalusian Public Health System&#8221; and are supported by scientific societies such as ASANEC (Andalusian Association of Community Nurses) and ASENOHA (Association of Nurses in Hospitals in Andalusia) and various health institutions.<\/p>\n<h3>More information<\/h3>\n<p><a href=\"http:\/\/www.cuidadoscompasion.es\/index.php\">Website<\/a><\/p>\n","protected":false},"excerpt":{"rendered":"<p>&#8220;Cuidados con Compasi\u00f3n&#8221; is a web environment aimed at health professionals that emerged as a result of a research project, funded by the Regional Goverment of Andaluc\u00eda,\u00a0 Health and Families Department &#8220;Burnout and Compassionate Fatigue in Nursing Professionals in the Andalusian Public Health System&#8221; (AP-0100-2016). This project is led by the principal researcher and professor [&hellip;]<\/p>\n","protected":false},"author":1,"featured_media":41050,"comment_status":"open","ping_status":"open","sticky":false,"template":"","format":"standard","meta":{"_acf_changed":false,"_relevanssi_hide_post":"","_relevanssi_hide_content":"","_relevanssi_pin_for_all":"","_relevanssi_pin_keywords":"","_relevanssi_unpin_keywords":"","_relevanssi_related_keywords":"","_relevanssi_related_include_ids":"","_relevanssi_related_exclude_ids":"","_relevanssi_related_no_append":"","_relevanssi_related_not_related":"","_relevanssi_related_posts":"","_relevanssi_noindex_reason":"","_monsterinsights_skip_tracking":false,"_monsterinsights_sitenote_active":false,"_monsterinsights_sitenote_note":"","_monsterinsights_sitenote_category":0,"_genesis_hide_title":false,"_genesis_hide_breadcrumbs":false,"_genesis_hide_singular_image":false,"_genesis_hide_footer_widgets":false,"_genesis_custom_body_class":"","_genesis_custom_post_class":"","_genesis_layout":"","footnotes":""},"categories":[4093,346,4092,4082,4084],"tags":[1322],"class_list":{"0":"post-41053","1":"post","2":"type-post","3":"status-publish","4":"format-standard","5":"has-post-thumbnail","7":"category-diseases","8":"category-eu-news","9":"category-health","10":"category-research-innovation","11":"category-technology","12":"tag-coronavirus-en","13":"entry"},"acf":[],"yoast_head":"<!-- This site is optimized with the Yoast SEO plugin v27.4 - https:\/\/yoast.com\/product\/yoast-seo-wordpress\/ -->\n<title>Cuidados con Compasi\u00f3n: A tool for heatlh professionals to face COVID-19 | CDE Almer\u00eda - Centro de Documentaci\u00f3n Europea - Universidad de Almer\u00eda<\/title>\n<meta name=\"robots\" content=\"index, follow, max-snippet:-1, max-image-preview:large, max-video-preview:-1\" \/>\n<link rel=\"canonical\" href=\"https:\/\/www.cde.ual.es\/en\/cuidados-con-compasion-a-tool-for-heatlh-professionals-to-face-covid-19\/\" \/>\n<meta property=\"og:locale\" content=\"en_US\" \/>\n<meta property=\"og:type\" content=\"article\" \/>\n<meta property=\"og:title\" content=\"Cuidados con Compasi\u00f3n: A tool for heatlh professionals to face COVID-19 | CDE Almer\u00eda - Centro de Documentaci\u00f3n Europea - Universidad de Almer\u00eda\" \/>\n<meta property=\"og:description\" content=\"&#8220;Cuidados con Compasi\u00f3n&#8221; is a web environment aimed at health professionals that emerged as a result of a research project, funded by the Regional Goverment of Andaluc\u00eda,\u00a0 Health and Families Department &#8220;Burnout and Compassionate Fatigue in Nursing Professionals in the Andalusian Public Health System&#8221; (AP-0100-2016). This project is led by the principal researcher and professor [&hellip;]\" \/>\n<meta property=\"og:url\" content=\"https:\/\/www.cde.ual.es\/en\/cuidados-con-compasion-a-tool-for-heatlh-professionals-to-face-covid-19\/\" \/>\n<meta property=\"og:site_name\" content=\"CDE Almer\u00eda - Centro de Documentaci\u00f3n Europea - Universidad de Almer\u00eda\" \/>\n<meta property=\"article:publisher\" content=\"https:\/\/www.facebook.com\/cdeuniversidadalmeria\/\" \/>\n<meta property=\"article:published_time\" content=\"2020-04-15T01:00:48+00:00\" \/>\n<meta property=\"og:image\" content=\"https:\/\/www.cde.ual.es\/wp-content\/uploads\/2020\/04\/Psicolog\u00eda.png\" \/>\n\t<meta property=\"og:image:width\" content=\"921\" \/>\n\t<meta property=\"og:image:height\" content=\"617\" \/>\n\t<meta property=\"og:image:type\" content=\"image\/png\" \/>\n<meta name=\"author\" content=\"AdminCDE\" \/>\n<meta name=\"twitter:card\" content=\"summary_large_image\" \/>\n<meta name=\"twitter:creator\" content=\"@cdeualmeria\" \/>\n<meta name=\"twitter:site\" content=\"@cdeualmeria\" \/>\n<meta name=\"twitter:label1\" content=\"Written by\" \/>\n\t<meta name=\"twitter:data1\" content=\"AdminCDE\" \/>\n\t<meta name=\"twitter:label2\" content=\"Est. reading time\" \/>\n\t<meta name=\"twitter:data2\" content=\"3 minutes\" \/>\n<script type=\"application\/ld+json\" class=\"yoast-schema-graph\">{\"@context\":\"https:\\\/\\\/schema.org\",\"@graph\":[{\"@type\":\"Article\",\"@id\":\"https:\\\/\\\/www.cde.ual.es\\\/en\\\/cuidados-con-compasion-a-tool-for-heatlh-professionals-to-face-covid-19\\\/#article\",\"isPartOf\":{\"@id\":\"https:\\\/\\\/www.cde.ual.es\\\/en\\\/cuidados-con-compasion-a-tool-for-heatlh-professionals-to-face-covid-19\\\/\"},\"author\":{\"name\":\"AdminCDE\",\"@id\":\"https:\\\/\\\/www.cde.ual.es\\\/#\\\/schema\\\/person\\\/224ef08c8bcc005f319d2713ce37ee5f\"},\"headline\":\"Cuidados con Compasi\u00f3n: A tool for heatlh professionals to face COVID-19\",\"datePublished\":\"2020-04-15T01:00:48+00:00\",\"mainEntityOfPage\":{\"@id\":\"https:\\\/\\\/www.cde.ual.es\\\/en\\\/cuidados-con-compasion-a-tool-for-heatlh-professionals-to-face-covid-19\\\/\"},\"wordCount\":611,\"commentCount\":0,\"publisher\":{\"@id\":\"https:\\\/\\\/www.cde.ual.es\\\/#organization\"},\"image\":{\"@id\":\"https:\\\/\\\/www.cde.ual.es\\\/en\\\/cuidados-con-compasion-a-tool-for-heatlh-professionals-to-face-covid-19\\\/#primaryimage\"},\"thumbnailUrl\":\"https:\\\/\\\/www.cde.ual.es\\\/wp-content\\\/uploads\\\/2020\\\/04\\\/Psicolog\u00eda.png\",\"keywords\":[\"Coronavirus\"],\"articleSection\":[\"Diseases\",\"EU News\",\"Health\",\"Research and Innovation\",\"Technology\"],\"inLanguage\":\"en-US\",\"potentialAction\":[{\"@type\":\"CommentAction\",\"name\":\"Comment\",\"target\":[\"https:\\\/\\\/www.cde.ual.es\\\/en\\\/cuidados-con-compasion-a-tool-for-heatlh-professionals-to-face-covid-19\\\/#respond\"]}]},{\"@type\":\"WebPage\",\"@id\":\"https:\\\/\\\/www.cde.ual.es\\\/en\\\/cuidados-con-compasion-a-tool-for-heatlh-professionals-to-face-covid-19\\\/\",\"url\":\"https:\\\/\\\/www.cde.ual.es\\\/en\\\/cuidados-con-compasion-a-tool-for-heatlh-professionals-to-face-covid-19\\\/\",\"name\":\"Cuidados con Compasi\u00f3n: A tool for heatlh professionals to face COVID-19 | CDE Almer\u00eda - Centro de Documentaci\u00f3n Europea - Universidad de Almer\u00eda\",\"isPartOf\":{\"@id\":\"https:\\\/\\\/www.cde.ual.es\\\/#website\"},\"primaryImageOfPage\":{\"@id\":\"https:\\\/\\\/www.cde.ual.es\\\/en\\\/cuidados-con-compasion-a-tool-for-heatlh-professionals-to-face-covid-19\\\/#primaryimage\"},\"image\":{\"@id\":\"https:\\\/\\\/www.cde.ual.es\\\/en\\\/cuidados-con-compasion-a-tool-for-heatlh-professionals-to-face-covid-19\\\/#primaryimage\"},\"thumbnailUrl\":\"https:\\\/\\\/www.cde.ual.es\\\/wp-content\\\/uploads\\\/2020\\\/04\\\/Psicolog\u00eda.png\",\"datePublished\":\"2020-04-15T01:00:48+00:00\",\"breadcrumb\":{\"@id\":\"https:\\\/\\\/www.cde.ual.es\\\/en\\\/cuidados-con-compasion-a-tool-for-heatlh-professionals-to-face-covid-19\\\/#breadcrumb\"},\"inLanguage\":\"en-US\",\"potentialAction\":[{\"@type\":\"ReadAction\",\"target\":[\"https:\\\/\\\/www.cde.ual.es\\\/en\\\/cuidados-con-compasion-a-tool-for-heatlh-professionals-to-face-covid-19\\\/\"]}]},{\"@type\":\"ImageObject\",\"inLanguage\":\"en-US\",\"@id\":\"https:\\\/\\\/www.cde.ual.es\\\/en\\\/cuidados-con-compasion-a-tool-for-heatlh-professionals-to-face-covid-19\\\/#primaryimage\",\"url\":\"https:\\\/\\\/www.cde.ual.es\\\/wp-content\\\/uploads\\\/2020\\\/04\\\/Psicolog\u00eda.png\",\"contentUrl\":\"https:\\\/\\\/www.cde.ual.es\\\/wp-content\\\/uploads\\\/2020\\\/04\\\/Psicolog\u00eda.png\",\"width\":921,\"height\":617},{\"@type\":\"BreadcrumbList\",\"@id\":\"https:\\\/\\\/www.cde.ual.es\\\/en\\\/cuidados-con-compasion-a-tool-for-heatlh-professionals-to-face-covid-19\\\/#breadcrumb\",\"itemListElement\":[{\"@type\":\"ListItem\",\"position\":1,\"name\":\"Inicio\",\"item\":\"https:\\\/\\\/www.cde.ual.es\\\/en\\\/\"},{\"@type\":\"ListItem\",\"position\":2,\"name\":\"Noticias UE\",\"item\":\"https:\\\/\\\/www.cde.ual.es\\\/category\\\/noticias-ue\\\/\"},{\"@type\":\"ListItem\",\"position\":3,\"name\":\"Investigaci\u00f3n e Innovaci\u00f3n\",\"item\":\"https:\\\/\\\/www.cde.ual.es\\\/category\\\/noticias-ue\\\/investigacion-innovacion\\\/\"},{\"@type\":\"ListItem\",\"position\":4,\"name\":\"Tecnolog\u00eda\",\"item\":\"https:\\\/\\\/www.cde.ual.es\\\/category\\\/noticias-ue\\\/investigacion-innovacion\\\/tec\\\/\"},{\"@type\":\"ListItem\",\"position\":5,\"name\":\"Cuidados con Compasi\u00f3n: A tool for heatlh professionals to face COVID-19\"}]},{\"@type\":\"WebSite\",\"@id\":\"https:\\\/\\\/www.cde.ual.es\\\/#website\",\"url\":\"https:\\\/\\\/www.cde.ual.es\\\/\",\"name\":\"CDE Almer\u00eda - Centro de Documentaci\u00f3n Europea - Universidad de Almer\u00eda\",\"description\":\"Centro de Documentaci\u00f3n Europea de la Universidad de Almer\u00eda\",\"publisher\":{\"@id\":\"https:\\\/\\\/www.cde.ual.es\\\/#organization\"},\"alternateName\":\"CDE Almer\u00eda\",\"potentialAction\":[{\"@type\":\"SearchAction\",\"target\":{\"@type\":\"EntryPoint\",\"urlTemplate\":\"https:\\\/\\\/www.cde.ual.es\\\/?s={search_term_string}\"},\"query-input\":{\"@type\":\"PropertyValueSpecification\",\"valueRequired\":true,\"valueName\":\"search_term_string\"}}],\"inLanguage\":\"en-US\"},{\"@type\":\"Organization\",\"@id\":\"https:\\\/\\\/www.cde.ual.es\\\/#organization\",\"name\":\"Centro de Documentaci\u00f3n Europea de Almer\u00eda\",\"url\":\"https:\\\/\\\/www.cde.ual.es\\\/\",\"logo\":{\"@type\":\"ImageObject\",\"inLanguage\":\"en-US\",\"@id\":\"https:\\\/\\\/www.cde.ual.es\\\/#\\\/schema\\\/logo\\\/image\\\/\",\"url\":\"https:\\\/\\\/www.cde.ual.es\\\/wp-content\\\/uploads\\\/2025\\\/07\\\/cde-logo-3.png\",\"contentUrl\":\"https:\\\/\\\/www.cde.ual.es\\\/wp-content\\\/uploads\\\/2025\\\/07\\\/cde-logo-3.png\",\"width\":1400,\"height\":300,\"caption\":\"Centro de Documentaci\u00f3n Europea de Almer\u00eda\"},\"image\":{\"@id\":\"https:\\\/\\\/www.cde.ual.es\\\/#\\\/schema\\\/logo\\\/image\\\/\"},\"sameAs\":[\"https:\\\/\\\/www.facebook.com\\\/cdeuniversidadalmeria\\\/\",\"https:\\\/\\\/x.com\\\/cdeualmeria\",\"https:\\\/\\\/www.tiktok.com\\\/@cdealmeria\",\"https:\\\/\\\/www.instagram.com\\\/cdealmeria\\\/\",\"https:\\\/\\\/www.linkedin.com\\\/in\\\/cde-almera-812b26a9\\\/\"]},{\"@type\":\"Person\",\"@id\":\"https:\\\/\\\/www.cde.ual.es\\\/#\\\/schema\\\/person\\\/224ef08c8bcc005f319d2713ce37ee5f\",\"name\":\"AdminCDE\",\"image\":{\"@type\":\"ImageObject\",\"inLanguage\":\"en-US\",\"@id\":\"https:\\\/\\\/secure.gravatar.com\\\/avatar\\\/a72d038d371f995cd13706fac32274b7952a52e8fb0a84b5f80c85426f2a98a8?s=96&d=mm&r=g\",\"url\":\"https:\\\/\\\/secure.gravatar.com\\\/avatar\\\/a72d038d371f995cd13706fac32274b7952a52e8fb0a84b5f80c85426f2a98a8?s=96&d=mm&r=g\",\"contentUrl\":\"https:\\\/\\\/secure.gravatar.com\\\/avatar\\\/a72d038d371f995cd13706fac32274b7952a52e8fb0a84b5f80c85426f2a98a8?s=96&d=mm&r=g\",\"caption\":\"AdminCDE\"}}]}<\/script>\n<!-- \/ Yoast SEO plugin. -->","yoast_head_json":{"title":"Cuidados con Compasi\u00f3n: A tool for heatlh professionals to face COVID-19 | CDE Almer\u00eda - Centro de Documentaci\u00f3n Europea - Universidad de Almer\u00eda","robots":{"index":"index","follow":"follow","max-snippet":"max-snippet:-1","max-image-preview":"max-image-preview:large","max-video-preview":"max-video-preview:-1"},"canonical":"https:\/\/www.cde.ual.es\/en\/cuidados-con-compasion-a-tool-for-heatlh-professionals-to-face-covid-19\/","og_locale":"en_US","og_type":"article","og_title":"Cuidados con Compasi\u00f3n: A tool for heatlh professionals to face COVID-19 | CDE Almer\u00eda - Centro de Documentaci\u00f3n Europea - Universidad de Almer\u00eda","og_description":"&#8220;Cuidados con Compasi\u00f3n&#8221; is a web environment aimed at health professionals that emerged as a result of a research project, funded by the Regional Goverment of Andaluc\u00eda,\u00a0 Health and Families Department &#8220;Burnout and Compassionate Fatigue in Nursing Professionals in the Andalusian Public Health System&#8221; (AP-0100-2016). This project is led by the principal researcher and professor [&hellip;]","og_url":"https:\/\/www.cde.ual.es\/en\/cuidados-con-compasion-a-tool-for-heatlh-professionals-to-face-covid-19\/","og_site_name":"CDE Almer\u00eda - Centro de Documentaci\u00f3n Europea - Universidad de Almer\u00eda","article_publisher":"https:\/\/www.facebook.com\/cdeuniversidadalmeria\/","article_published_time":"2020-04-15T01:00:48+00:00","og_image":[{"width":921,"height":617,"url":"https:\/\/www.cde.ual.es\/wp-content\/uploads\/2020\/04\/Psicolog\u00eda.png","type":"image\/png"}],"author":"AdminCDE","twitter_card":"summary_large_image","twitter_creator":"@cdeualmeria","twitter_site":"@cdeualmeria","twitter_misc":{"Written by":"AdminCDE","Est. reading time":"3 minutes"},"schema":{"@context":"https:\/\/schema.org","@graph":[{"@type":"Article","@id":"https:\/\/www.cde.ual.es\/en\/cuidados-con-compasion-a-tool-for-heatlh-professionals-to-face-covid-19\/#article","isPartOf":{"@id":"https:\/\/www.cde.ual.es\/en\/cuidados-con-compasion-a-tool-for-heatlh-professionals-to-face-covid-19\/"},"author":{"name":"AdminCDE","@id":"https:\/\/www.cde.ual.es\/#\/schema\/person\/224ef08c8bcc005f319d2713ce37ee5f"},"headline":"Cuidados con Compasi\u00f3n: A tool for heatlh professionals to face COVID-19","datePublished":"2020-04-15T01:00:48+00:00","mainEntityOfPage":{"@id":"https:\/\/www.cde.ual.es\/en\/cuidados-con-compasion-a-tool-for-heatlh-professionals-to-face-covid-19\/"},"wordCount":611,"commentCount":0,"publisher":{"@id":"https:\/\/www.cde.ual.es\/#organization"},"image":{"@id":"https:\/\/www.cde.ual.es\/en\/cuidados-con-compasion-a-tool-for-heatlh-professionals-to-face-covid-19\/#primaryimage"},"thumbnailUrl":"https:\/\/www.cde.ual.es\/wp-content\/uploads\/2020\/04\/Psicolog\u00eda.png","keywords":["Coronavirus"],"articleSection":["Diseases","EU News","Health","Research and Innovation","Technology"],"inLanguage":"en-US","potentialAction":[{"@type":"CommentAction","name":"Comment","target":["https:\/\/www.cde.ual.es\/en\/cuidados-con-compasion-a-tool-for-heatlh-professionals-to-face-covid-19\/#respond"]}]},{"@type":"WebPage","@id":"https:\/\/www.cde.ual.es\/en\/cuidados-con-compasion-a-tool-for-heatlh-professionals-to-face-covid-19\/","url":"https:\/\/www.cde.ual.es\/en\/cuidados-con-compasion-a-tool-for-heatlh-professionals-to-face-covid-19\/","name":"Cuidados con Compasi\u00f3n: A tool for heatlh professionals to face COVID-19 | CDE Almer\u00eda - Centro de Documentaci\u00f3n Europea - Universidad de Almer\u00eda","isPartOf":{"@id":"https:\/\/www.cde.ual.es\/#website"},"primaryImageOfPage":{"@id":"https:\/\/www.cde.ual.es\/en\/cuidados-con-compasion-a-tool-for-heatlh-professionals-to-face-covid-19\/#primaryimage"},"image":{"@id":"https:\/\/www.cde.ual.es\/en\/cuidados-con-compasion-a-tool-for-heatlh-professionals-to-face-covid-19\/#primaryimage"},"thumbnailUrl":"https:\/\/www.cde.ual.es\/wp-content\/uploads\/2020\/04\/Psicolog\u00eda.png","datePublished":"2020-04-15T01:00:48+00:00","breadcrumb":{"@id":"https:\/\/www.cde.ual.es\/en\/cuidados-con-compasion-a-tool-for-heatlh-professionals-to-face-covid-19\/#breadcrumb"},"inLanguage":"en-US","potentialAction":[{"@type":"ReadAction","target":["https:\/\/www.cde.ual.es\/en\/cuidados-con-compasion-a-tool-for-heatlh-professionals-to-face-covid-19\/"]}]},{"@type":"ImageObject","inLanguage":"en-US","@id":"https:\/\/www.cde.ual.es\/en\/cuidados-con-compasion-a-tool-for-heatlh-professionals-to-face-covid-19\/#primaryimage","url":"https:\/\/www.cde.ual.es\/wp-content\/uploads\/2020\/04\/Psicolog\u00eda.png","contentUrl":"https:\/\/www.cde.ual.es\/wp-content\/uploads\/2020\/04\/Psicolog\u00eda.png","width":921,"height":617},{"@type":"BreadcrumbList","@id":"https:\/\/www.cde.ual.es\/en\/cuidados-con-compasion-a-tool-for-heatlh-professionals-to-face-covid-19\/#breadcrumb","itemListElement":[{"@type":"ListItem","position":1,"name":"Inicio","item":"https:\/\/www.cde.ual.es\/en\/"},{"@type":"ListItem","position":2,"name":"Noticias UE","item":"https:\/\/www.cde.ual.es\/category\/noticias-ue\/"},{"@type":"ListItem","position":3,"name":"Investigaci\u00f3n e Innovaci\u00f3n","item":"https:\/\/www.cde.ual.es\/category\/noticias-ue\/investigacion-innovacion\/"},{"@type":"ListItem","position":4,"name":"Tecnolog\u00eda","item":"https:\/\/www.cde.ual.es\/category\/noticias-ue\/investigacion-innovacion\/tec\/"},{"@type":"ListItem","position":5,"name":"Cuidados con Compasi\u00f3n: A tool for heatlh professionals to face COVID-19"}]},{"@type":"WebSite","@id":"https:\/\/www.cde.ual.es\/#website","url":"https:\/\/www.cde.ual.es\/","name":"CDE Almer\u00eda - Centro de Documentaci\u00f3n Europea - Universidad de Almer\u00eda","description":"Centro de Documentaci\u00f3n Europea de la Universidad de Almer\u00eda","publisher":{"@id":"https:\/\/www.cde.ual.es\/#organization"},"alternateName":"CDE Almer\u00eda","potentialAction":[{"@type":"SearchAction","target":{"@type":"EntryPoint","urlTemplate":"https:\/\/www.cde.ual.es\/?s={search_term_string}"},"query-input":{"@type":"PropertyValueSpecification","valueRequired":true,"valueName":"search_term_string"}}],"inLanguage":"en-US"},{"@type":"Organization","@id":"https:\/\/www.cde.ual.es\/#organization","name":"Centro de Documentaci\u00f3n Europea de Almer\u00eda","url":"https:\/\/www.cde.ual.es\/","logo":{"@type":"ImageObject","inLanguage":"en-US","@id":"https:\/\/www.cde.ual.es\/#\/schema\/logo\/image\/","url":"https:\/\/www.cde.ual.es\/wp-content\/uploads\/2025\/07\/cde-logo-3.png","contentUrl":"https:\/\/www.cde.ual.es\/wp-content\/uploads\/2025\/07\/cde-logo-3.png","width":1400,"height":300,"caption":"Centro de Documentaci\u00f3n Europea de Almer\u00eda"},"image":{"@id":"https:\/\/www.cde.ual.es\/#\/schema\/logo\/image\/"},"sameAs":["https:\/\/www.facebook.com\/cdeuniversidadalmeria\/","https:\/\/x.com\/cdeualmeria","https:\/\/www.tiktok.com\/@cdealmeria","https:\/\/www.instagram.com\/cdealmeria\/","https:\/\/www.linkedin.com\/in\/cde-almera-812b26a9\/"]},{"@type":"Person","@id":"https:\/\/www.cde.ual.es\/#\/schema\/person\/224ef08c8bcc005f319d2713ce37ee5f","name":"AdminCDE","image":{"@type":"ImageObject","inLanguage":"en-US","@id":"https:\/\/secure.gravatar.com\/avatar\/a72d038d371f995cd13706fac32274b7952a52e8fb0a84b5f80c85426f2a98a8?s=96&d=mm&r=g","url":"https:\/\/secure.gravatar.com\/avatar\/a72d038d371f995cd13706fac32274b7952a52e8fb0a84b5f80c85426f2a98a8?s=96&d=mm&r=g","contentUrl":"https:\/\/secure.gravatar.com\/avatar\/a72d038d371f995cd13706fac32274b7952a52e8fb0a84b5f80c85426f2a98a8?s=96&d=mm&r=g","caption":"AdminCDE"}}]}},"_links":{"self":[{"href":"https:\/\/www.cde.ual.es\/en\/wp-json\/wp\/v2\/posts\/41053","targetHints":{"allow":["GET"]}}],"collection":[{"href":"https:\/\/www.cde.ual.es\/en\/wp-json\/wp\/v2\/posts"}],"about":[{"href":"https:\/\/www.cde.ual.es\/en\/wp-json\/wp\/v2\/types\/post"}],"author":[{"embeddable":true,"href":"https:\/\/www.cde.ual.es\/en\/wp-json\/wp\/v2\/users\/1"}],"replies":[{"embeddable":true,"href":"https:\/\/www.cde.ual.es\/en\/wp-json\/wp\/v2\/comments?post=41053"}],"version-history":[{"count":0,"href":"https:\/\/www.cde.ual.es\/en\/wp-json\/wp\/v2\/posts\/41053\/revisions"}],"wp:featuredmedia":[{"embeddable":true,"href":"https:\/\/www.cde.ual.es\/en\/wp-json\/wp\/v2\/media\/41050"}],"wp:attachment":[{"href":"https:\/\/www.cde.ual.es\/en\/wp-json\/wp\/v2\/media?parent=41053"}],"wp:term":[{"taxonomy":"category","embeddable":true,"href":"https:\/\/www.cde.ual.es\/en\/wp-json\/wp\/v2\/categories?post=41053"},{"taxonomy":"post_tag","embeddable":true,"href":"https:\/\/www.cde.ual.es\/en\/wp-json\/wp\/v2\/tags?post=41053"}],"curies":[{"name":"wp","href":"https:\/\/api.w.org\/{rel}","templated":true}]}}