{"id":4104,"date":"2018-05-02T10:10:10","date_gmt":"2018-05-02T08:10:10","guid":{"rendered":"http:\/\/www.cde.ual.es\/?p=4104"},"modified":"2018-05-02T10:10:10","modified_gmt":"2018-05-02T08:10:10","slug":"xx-reunion-de-economia-mundial-xx-world-economy-meeting","status":"publish","type":"post","link":"https:\/\/www.cde.ual.es\/en\/xx-reunion-de-economia-mundial-xx-world-economy-meeting\/","title":{"rendered":"XX Reuni\u00f3n de Econom\u00eda Mundial \/ XX World Economy Meeting"},"content":{"rendered":"<p>La\u00a0<strong>XX Reuni\u00f3n de Econom\u00eda Mundial \/ XX World Economy Meeting<\/strong>, se celebrar\u00e1 los d\u00edas 9, 10\u00a0y 11\u00a0de mayo de 2018, organizada por la Universidad de Almer\u00eda y centrada en &#8220;<em>Los nuevos desaf\u00edos a la integraci\u00f3n en la Econom\u00eda Mundial&#8221; y t<\/em>endr\u00e1 lugar en el Campus de la Universidad de Almer\u00eda.\u00a0 El Centro de Documentaci\u00f3n Europea de Almer\u00eda estar\u00e1 all\u00ed el d\u00eda 10 de mayo presentando sus servicios a los asistentes y resolviendo cualquier consulta que deseen hacer.<\/p>\n<p>Te contamos que va a suceder en esta Reuni\u00f3n cuyo d\u00eda de inauguraci\u00f3n coincide con el D\u00eda de Europa:<\/p>\n<p>En el Congreso se desarrollar\u00e1n otras actividades complementarias:<\/p>\n<p><u>Talleres:<\/u><\/p>\n<p>&#8211; &#8220;El papel de la biblioteca como base para la investigaci\u00f3n. Se centrar\u00e1n en los recursos y servicios que la biblioteca proporciona a los investigadores&#8221;.<\/p>\n<p>&#8211; &#8220;Innovaci\u00f3n docente: la interoperabilidad de datos como estrategia para la mejora del aprendizaje:\u00a0an\u00e1lisis y casos pr\u00e1cticos de uso de los BigData en procesos de ense\u00f1anza-aprendizaje\u201d.<\/p>\n<p><u>Mesas redondas:<\/u><\/p>\n<p>&#8211; La evaluaci\u00f3n de la actividad investigadora: convocatorias y requisitos.<\/p>\n<p>&#8211; Sesi\u00f3n informativa con\u00a0editores de revistas JCR y Scopus.<\/p>\n<p><u>Actividades l\u00fadicas:<\/u><\/p>\n<p>&#8211; Copa de vino en el patio de naranjos de la Universidad de Almer\u00eda.<\/p>\n<p>&#8211; Degustaci\u00f3n de productos locales.<\/p>\n<p>&#8211; Visita guiada a la ciudad.<\/p>\n<p>&#8211; Cena de gala en el restaurante Club de Mar.<\/p>\n<p>&#8211; Visita guiada al parque natural de Cabo de Gata.<\/p>\n<p>&nbsp;<\/p>\n<p>Hay\u00a0<strong>becas que cubren alojamiento y manutenci\u00f3n<\/strong>\u00a0para estudiantes de doctorado, que podr\u00e1n asistir al congreso pagando \u00fanicamente la cuota de inscripci\u00f3n reducida (40\u20ac) y haci\u00e9ndose socio de la SEM (80\u20ac al a\u00f1o).\u00a0<strong>CERRADO PLAZO DE SOLICITUD DE BECA.<\/strong><\/p>\n<p>Para m\u00e1s informaci\u00f3n pueden dirigirse a la web de la SEM y al correo electr\u00f3nico:\u00a0<a href=\"mailto:20rem@sem-wes.org\">20rem@sem-wes.org<\/a><\/p>\n<p>Env\u00edo de comunicaciones (7000 palabras): 20\u00a0de marzo<\/p>\n<p>Notificaci\u00f3n de la aceptaci\u00f3n: hasta el 30\u00a0de marzo.<\/p>\n<p>Asimismo se convoca el:<\/p>\n<p class=\"rtecenter\"><u><strong>XI premio\u00a0&#8220;JOS\u00c9 LUIS SAMPEDRO&#8221;<\/strong><\/u><\/p>\n<p>La Sociedad de Econom\u00eda Mundial (SEM), para promover y divulgar la investigaci\u00f3n en el \u00e1rea de econom\u00eda mundial, convoca el XI Premio de Econom\u00eda Mundial \u201cJos\u00e9 Luis Sampedro\u201d, que se regir\u00e1 por las siguientes bases:<\/p>\n<p><strong>1.<\/strong>\u00a0Se convoca el premio, que ser\u00e1 elegido entre las comunicaciones que se presenten a la XX Reuni\u00f3n de Econom\u00eda Mundial (XX REM).<\/p>\n<p><strong>2.<\/strong>\u00a0El tema sobre el que versar\u00e1n los trabajos estar\u00e1 encuadrado en el \u00e1rea de investigaci\u00f3n de la econom\u00eda mundial.<\/p>\n<p><strong>3.<\/strong>\u00a0El premio tendr\u00e1 una dotaci\u00f3n econ\u00f3mica de 1.000 \u20ac, adem\u00e1s de un diploma acreditativo. Si los autores est\u00e1n de acuerdo, el trabajo ser\u00e1 publicado en la Revista de Econom\u00eda Mundial, con menci\u00f3n expresa al premio.<\/p>\n<p><strong>4.<\/strong>\u00a0El plazo de entrega ser\u00e1 el mismo que el establecido para la presentaci\u00f3n de comunicaciones en la XX REM.<\/p>\n<p><strong>5.<\/strong>\u00a0Los trabajos y autores que opten al premio deber\u00e1n cumplir los siguientes requisitos:<\/p>\n<ul>\n<li>Remisi\u00f3n del trabajo en las mismas condiciones que las determinadas para las comunicaciones de la XX REM,\u00a0<strong>indicando adem\u00e1s en el env\u00edo que quieren participar en el premio<\/strong>.<\/li>\n<li>Evaluaci\u00f3n positiva del Comit\u00e9 Cient\u00edfico de la XX REM.<\/li>\n<li>Inscripci\u00f3n en la XX REM.<\/li>\n<li>Exposici\u00f3n de la comunicaci\u00f3n en la mesa asignada en la XX REM.<\/li>\n<\/ul>\n<p><strong>6.<\/strong>\u00a0Los trabajos ser\u00e1n sometidos a un proceso de doble evaluaci\u00f3n. \u2022 La primera evaluaci\u00f3n la realizar\u00e1n los presidentes de las \u00e1reas tem\u00e1ticas de la XX REM, que otorgar\u00e1n una calificaci\u00f3n a los trabajos que cumplan los requisitos establecidos en la cl\u00e1usula quinta. \u2022 Los trabajos mejor calificados ser\u00e1n evaluados, posteriormente, por un jurado nombrado a tal efecto por la Sociedad de Econom\u00eda Mundial.<\/p>\n<p><strong>7.<\/strong>\u00a0El jurado podr\u00e1 declarar desierto el premio correspondiente si considera que los trabajos presentados no re\u00fanen los m\u00e9ritos necesarios.<\/p>\n<p><strong>8.<\/strong>\u00a0La decisi\u00f3n del jurado ser\u00e1 inapelable.<\/p>\n<p><strong>9.<\/strong>\u00a0El pago de los premios se realizar\u00e1 mediante la entrega de cheques bancarios.<\/p>\n<p><strong>10.<\/strong>\u00a0La participaci\u00f3n en esta convocatoria supone la aceptaci\u00f3n expresa de todas sus bases.<\/p>\n<p>Las comunicaciones ser\u00e1n evaluadas conforme al siguiente\u00a0<a href=\"http:\/\/www.riberesco.org\/wp-content\/uploads\/2018\/01\/DICTAMEN-PARA-LAS-COMUNICACIONES-DE-LA-XX-REUNION-DE-ECONOMIA-MUNDIAL-QUE-OPTAN-AL-XI-PREMIO-DE-ECONOM%C3%8DA-MUNDIAL.pdf\">formulario<\/a><\/p>\n","protected":false},"excerpt":{"rendered":"<p>La\u00a0XX Reuni\u00f3n de Econom\u00eda Mundial \/ XX World Economy Meeting, se celebrar\u00e1 los d\u00edas 9, 10\u00a0y 11\u00a0de mayo de 2018, organizada por la Universidad de Almer\u00eda y centrada en &#8220;Los nuevos desaf\u00edos a la integraci\u00f3n en la Econom\u00eda Mundial&#8221; y tendr\u00e1 lugar en el Campus de la Universidad de Almer\u00eda.\u00a0 El Centro de Documentaci\u00f3n Europea [&hellip;]<\/p>\n","protected":false},"author":1,"featured_media":4093,"comment_status":"open","ping_status":"open","sticky":false,"template":"","format":"standard","meta":{"_acf_changed":false,"_relevanssi_hide_post":"","_relevanssi_hide_content":"","_relevanssi_pin_for_all":"","_relevanssi_pin_keywords":"","_relevanssi_unpin_keywords":"","_relevanssi_related_keywords":"","_relevanssi_related_include_ids":"","_relevanssi_related_exclude_ids":"","_relevanssi_related_no_append":"","_relevanssi_related_not_related":"","_relevanssi_related_posts":"","_relevanssi_noindex_reason":"","_monsterinsights_skip_tracking":false,"_monsterinsights_sitenote_active":false,"_monsterinsights_sitenote_note":"","_monsterinsights_sitenote_category":0,"_genesis_hide_title":false,"_genesis_hide_breadcrumbs":false,"_genesis_hide_singular_image":false,"_genesis_hide_footer_widgets":false,"_genesis_custom_body_class":"","_genesis_custom_post_class":"","_genesis_layout":"","footnotes":""},"categories":[96,1],"tags":[],"class_list":{"0":"post-4104","1":"post","2":"type-post","3":"status-publish","4":"format-standard","5":"has-post-thumbnail","7":"category-noticias-ue","8":"category-sin-categorizar","9":"entry"},"acf":[],"yoast_head":"<!-- This site is optimized with the Yoast SEO plugin v27.4 - https:\/\/yoast.com\/product\/yoast-seo-wordpress\/ -->\n<title>XX Reuni\u00f3n de Econom\u00eda Mundial \/ XX World Economy Meeting | CDE Almer\u00eda - Centro de Documentaci\u00f3n Europea - Universidad de Almer\u00eda<\/title>\n<meta name=\"robots\" content=\"index, follow, max-snippet:-1, max-image-preview:large, max-video-preview:-1\" \/>\n<link rel=\"canonical\" href=\"https:\/\/www.cde.ual.es\/xx-reunion-de-economia-mundial-xx-world-economy-meeting\/\" \/>\n<meta property=\"og:locale\" content=\"en_US\" \/>\n<meta property=\"og:type\" content=\"article\" \/>\n<meta property=\"og:title\" content=\"XX Reuni\u00f3n de Econom\u00eda Mundial \/ XX World Economy Meeting | CDE Almer\u00eda - Centro de Documentaci\u00f3n Europea - Universidad de Almer\u00eda\" \/>\n<meta property=\"og:description\" content=\"La\u00a0XX Reuni\u00f3n de Econom\u00eda Mundial \/ XX World Economy Meeting, se celebrar\u00e1 los d\u00edas 9, 10\u00a0y 11\u00a0de mayo de 2018, organizada por la Universidad de Almer\u00eda y centrada en &#8220;Los nuevos desaf\u00edos a la integraci\u00f3n en la Econom\u00eda Mundial&#8221; y tendr\u00e1 lugar en el Campus de la Universidad de Almer\u00eda.\u00a0 El Centro de Documentaci\u00f3n Europea [&hellip;]\" \/>\n<meta property=\"og:url\" content=\"https:\/\/www.cde.ual.es\/xx-reunion-de-economia-mundial-xx-world-economy-meeting\/\" \/>\n<meta property=\"og:site_name\" content=\"CDE Almer\u00eda - Centro de Documentaci\u00f3n Europea - Universidad de Almer\u00eda\" \/>\n<meta property=\"article:publisher\" content=\"https:\/\/www.facebook.com\/cdeuniversidadalmeria\/\" \/>\n<meta property=\"article:published_time\" content=\"2018-05-02T08:10:10+00:00\" \/>\n<meta property=\"og:image\" content=\"https:\/\/www.cde.ual.es\/wp-content\/uploads\/2017\/12\/xx-reuni\u00f3n-de-econom\u00eda-mundial-2.png\" \/>\n\t<meta property=\"og:image:width\" content=\"1280\" \/>\n\t<meta property=\"og:image:height\" content=\"481\" \/>\n\t<meta property=\"og:image:type\" content=\"image\/png\" \/>\n<meta name=\"author\" content=\"AdminCDE\" \/>\n<meta name=\"twitter:card\" content=\"summary_large_image\" \/>\n<meta name=\"twitter:creator\" content=\"@cdeualmeria\" \/>\n<meta name=\"twitter:site\" content=\"@cdeualmeria\" \/>\n<meta name=\"twitter:label1\" content=\"Written by\" \/>\n\t<meta name=\"twitter:data1\" content=\"AdminCDE\" \/>\n\t<meta name=\"twitter:label2\" content=\"Est. reading time\" \/>\n\t<meta name=\"twitter:data2\" content=\"3 minutes\" \/>\n<script type=\"application\/ld+json\" class=\"yoast-schema-graph\">{\"@context\":\"https:\\\/\\\/schema.org\",\"@graph\":[{\"@type\":\"Article\",\"@id\":\"https:\\\/\\\/www.cde.ual.es\\\/xx-reunion-de-economia-mundial-xx-world-economy-meeting\\\/#article\",\"isPartOf\":{\"@id\":\"https:\\\/\\\/www.cde.ual.es\\\/xx-reunion-de-economia-mundial-xx-world-economy-meeting\\\/\"},\"author\":{\"name\":\"AdminCDE\",\"@id\":\"https:\\\/\\\/www.cde.ual.es\\\/#\\\/schema\\\/person\\\/224ef08c8bcc005f319d2713ce37ee5f\"},\"headline\":\"XX Reuni\u00f3n de Econom\u00eda Mundial \\\/ XX World Economy Meeting\",\"datePublished\":\"2018-05-02T08:10:10+00:00\",\"mainEntityOfPage\":{\"@id\":\"https:\\\/\\\/www.cde.ual.es\\\/xx-reunion-de-economia-mundial-xx-world-economy-meeting\\\/\"},\"wordCount\":707,\"commentCount\":0,\"publisher\":{\"@id\":\"https:\\\/\\\/www.cde.ual.es\\\/#organization\"},\"image\":{\"@id\":\"https:\\\/\\\/www.cde.ual.es\\\/xx-reunion-de-economia-mundial-xx-world-economy-meeting\\\/#primaryimage\"},\"thumbnailUrl\":\"https:\\\/\\\/www.cde.ual.es\\\/wp-content\\\/uploads\\\/2017\\\/12\\\/xx-reuni\u00f3n-de-econom\u00eda-mundial-2.png\",\"articleSection\":[\"Noticias UE\",\"Sin categorizar\"],\"inLanguage\":\"en-US\",\"potentialAction\":[{\"@type\":\"CommentAction\",\"name\":\"Comment\",\"target\":[\"https:\\\/\\\/www.cde.ual.es\\\/xx-reunion-de-economia-mundial-xx-world-economy-meeting\\\/#respond\"]}]},{\"@type\":\"WebPage\",\"@id\":\"https:\\\/\\\/www.cde.ual.es\\\/xx-reunion-de-economia-mundial-xx-world-economy-meeting\\\/\",\"url\":\"https:\\\/\\\/www.cde.ual.es\\\/xx-reunion-de-economia-mundial-xx-world-economy-meeting\\\/\",\"name\":\"XX Reuni\u00f3n de Econom\u00eda Mundial \\\/ XX World Economy Meeting | CDE Almer\u00eda - Centro de Documentaci\u00f3n Europea - Universidad de Almer\u00eda\",\"isPartOf\":{\"@id\":\"https:\\\/\\\/www.cde.ual.es\\\/#website\"},\"primaryImageOfPage\":{\"@id\":\"https:\\\/\\\/www.cde.ual.es\\\/xx-reunion-de-economia-mundial-xx-world-economy-meeting\\\/#primaryimage\"},\"image\":{\"@id\":\"https:\\\/\\\/www.cde.ual.es\\\/xx-reunion-de-economia-mundial-xx-world-economy-meeting\\\/#primaryimage\"},\"thumbnailUrl\":\"https:\\\/\\\/www.cde.ual.es\\\/wp-content\\\/uploads\\\/2017\\\/12\\\/xx-reuni\u00f3n-de-econom\u00eda-mundial-2.png\",\"datePublished\":\"2018-05-02T08:10:10+00:00\",\"breadcrumb\":{\"@id\":\"https:\\\/\\\/www.cde.ual.es\\\/xx-reunion-de-economia-mundial-xx-world-economy-meeting\\\/#breadcrumb\"},\"inLanguage\":\"en-US\",\"potentialAction\":[{\"@type\":\"ReadAction\",\"target\":[\"https:\\\/\\\/www.cde.ual.es\\\/xx-reunion-de-economia-mundial-xx-world-economy-meeting\\\/\"]}]},{\"@type\":\"ImageObject\",\"inLanguage\":\"en-US\",\"@id\":\"https:\\\/\\\/www.cde.ual.es\\\/xx-reunion-de-economia-mundial-xx-world-economy-meeting\\\/#primaryimage\",\"url\":\"https:\\\/\\\/www.cde.ual.es\\\/wp-content\\\/uploads\\\/2017\\\/12\\\/xx-reuni\u00f3n-de-econom\u00eda-mundial-2.png\",\"contentUrl\":\"https:\\\/\\\/www.cde.ual.es\\\/wp-content\\\/uploads\\\/2017\\\/12\\\/xx-reuni\u00f3n-de-econom\u00eda-mundial-2.png\",\"width\":1280,\"height\":481},{\"@type\":\"BreadcrumbList\",\"@id\":\"https:\\\/\\\/www.cde.ual.es\\\/xx-reunion-de-economia-mundial-xx-world-economy-meeting\\\/#breadcrumb\",\"itemListElement\":[{\"@type\":\"ListItem\",\"position\":1,\"name\":\"Inicio\",\"item\":\"https:\\\/\\\/www.cde.ual.es\\\/en\\\/\"},{\"@type\":\"ListItem\",\"position\":2,\"name\":\"Noticias UE\",\"item\":\"https:\\\/\\\/www.cde.ual.es\\\/category\\\/noticias-ue\\\/\"},{\"@type\":\"ListItem\",\"position\":3,\"name\":\"XX Reuni\u00f3n de Econom\u00eda Mundial \\\/ XX World Economy Meeting\"}]},{\"@type\":\"WebSite\",\"@id\":\"https:\\\/\\\/www.cde.ual.es\\\/#website\",\"url\":\"https:\\\/\\\/www.cde.ual.es\\\/\",\"name\":\"CDE Almer\u00eda - Centro de Documentaci\u00f3n Europea - Universidad de Almer\u00eda\",\"description\":\"Centro de Documentaci\u00f3n Europea de la Universidad de Almer\u00eda\",\"publisher\":{\"@id\":\"https:\\\/\\\/www.cde.ual.es\\\/#organization\"},\"alternateName\":\"CDE Almer\u00eda\",\"potentialAction\":[{\"@type\":\"SearchAction\",\"target\":{\"@type\":\"EntryPoint\",\"urlTemplate\":\"https:\\\/\\\/www.cde.ual.es\\\/?s={search_term_string}\"},\"query-input\":{\"@type\":\"PropertyValueSpecification\",\"valueRequired\":true,\"valueName\":\"search_term_string\"}}],\"inLanguage\":\"en-US\"},{\"@type\":\"Organization\",\"@id\":\"https:\\\/\\\/www.cde.ual.es\\\/#organization\",\"name\":\"Centro de Documentaci\u00f3n Europea de Almer\u00eda\",\"url\":\"https:\\\/\\\/www.cde.ual.es\\\/\",\"logo\":{\"@type\":\"ImageObject\",\"inLanguage\":\"en-US\",\"@id\":\"https:\\\/\\\/www.cde.ual.es\\\/#\\\/schema\\\/logo\\\/image\\\/\",\"url\":\"https:\\\/\\\/www.cde.ual.es\\\/wp-content\\\/uploads\\\/2025\\\/07\\\/cde-logo-3.png\",\"contentUrl\":\"https:\\\/\\\/www.cde.ual.es\\\/wp-content\\\/uploads\\\/2025\\\/07\\\/cde-logo-3.png\",\"width\":1400,\"height\":300,\"caption\":\"Centro de Documentaci\u00f3n Europea de Almer\u00eda\"},\"image\":{\"@id\":\"https:\\\/\\\/www.cde.ual.es\\\/#\\\/schema\\\/logo\\\/image\\\/\"},\"sameAs\":[\"https:\\\/\\\/www.facebook.com\\\/cdeuniversidadalmeria\\\/\",\"https:\\\/\\\/x.com\\\/cdeualmeria\",\"https:\\\/\\\/www.tiktok.com\\\/@cdealmeria\",\"https:\\\/\\\/www.instagram.com\\\/cdealmeria\\\/\",\"https:\\\/\\\/www.linkedin.com\\\/in\\\/cde-almera-812b26a9\\\/\"]},{\"@type\":\"Person\",\"@id\":\"https:\\\/\\\/www.cde.ual.es\\\/#\\\/schema\\\/person\\\/224ef08c8bcc005f319d2713ce37ee5f\",\"name\":\"AdminCDE\",\"image\":{\"@type\":\"ImageObject\",\"inLanguage\":\"en-US\",\"@id\":\"https:\\\/\\\/secure.gravatar.com\\\/avatar\\\/a72d038d371f995cd13706fac32274b7952a52e8fb0a84b5f80c85426f2a98a8?s=96&d=mm&r=g\",\"url\":\"https:\\\/\\\/secure.gravatar.com\\\/avatar\\\/a72d038d371f995cd13706fac32274b7952a52e8fb0a84b5f80c85426f2a98a8?s=96&d=mm&r=g\",\"contentUrl\":\"https:\\\/\\\/secure.gravatar.com\\\/avatar\\\/a72d038d371f995cd13706fac32274b7952a52e8fb0a84b5f80c85426f2a98a8?s=96&d=mm&r=g\",\"caption\":\"AdminCDE\"}}]}<\/script>\n<!-- \/ Yoast SEO plugin. -->","yoast_head_json":{"title":"XX Reuni\u00f3n de Econom\u00eda Mundial \/ XX World Economy Meeting | CDE Almer\u00eda - Centro de Documentaci\u00f3n Europea - Universidad de Almer\u00eda","robots":{"index":"index","follow":"follow","max-snippet":"max-snippet:-1","max-image-preview":"max-image-preview:large","max-video-preview":"max-video-preview:-1"},"canonical":"https:\/\/www.cde.ual.es\/xx-reunion-de-economia-mundial-xx-world-economy-meeting\/","og_locale":"en_US","og_type":"article","og_title":"XX Reuni\u00f3n de Econom\u00eda Mundial \/ XX World Economy Meeting | CDE Almer\u00eda - Centro de Documentaci\u00f3n Europea - Universidad de Almer\u00eda","og_description":"La\u00a0XX Reuni\u00f3n de Econom\u00eda Mundial \/ XX World Economy Meeting, se celebrar\u00e1 los d\u00edas 9, 10\u00a0y 11\u00a0de mayo de 2018, organizada por la Universidad de Almer\u00eda y centrada en &#8220;Los nuevos desaf\u00edos a la integraci\u00f3n en la Econom\u00eda Mundial&#8221; y tendr\u00e1 lugar en el Campus de la Universidad de Almer\u00eda.\u00a0 El Centro de Documentaci\u00f3n Europea [&hellip;]","og_url":"https:\/\/www.cde.ual.es\/xx-reunion-de-economia-mundial-xx-world-economy-meeting\/","og_site_name":"CDE Almer\u00eda - Centro de Documentaci\u00f3n Europea - Universidad de Almer\u00eda","article_publisher":"https:\/\/www.facebook.com\/cdeuniversidadalmeria\/","article_published_time":"2018-05-02T08:10:10+00:00","og_image":[{"width":1280,"height":481,"url":"https:\/\/www.cde.ual.es\/wp-content\/uploads\/2017\/12\/xx-reuni\u00f3n-de-econom\u00eda-mundial-2.png","type":"image\/png"}],"author":"AdminCDE","twitter_card":"summary_large_image","twitter_creator":"@cdeualmeria","twitter_site":"@cdeualmeria","twitter_misc":{"Written by":"AdminCDE","Est. reading time":"3 minutes"},"schema":{"@context":"https:\/\/schema.org","@graph":[{"@type":"Article","@id":"https:\/\/www.cde.ual.es\/xx-reunion-de-economia-mundial-xx-world-economy-meeting\/#article","isPartOf":{"@id":"https:\/\/www.cde.ual.es\/xx-reunion-de-economia-mundial-xx-world-economy-meeting\/"},"author":{"name":"AdminCDE","@id":"https:\/\/www.cde.ual.es\/#\/schema\/person\/224ef08c8bcc005f319d2713ce37ee5f"},"headline":"XX Reuni\u00f3n de Econom\u00eda Mundial \/ XX World Economy Meeting","datePublished":"2018-05-02T08:10:10+00:00","mainEntityOfPage":{"@id":"https:\/\/www.cde.ual.es\/xx-reunion-de-economia-mundial-xx-world-economy-meeting\/"},"wordCount":707,"commentCount":0,"publisher":{"@id":"https:\/\/www.cde.ual.es\/#organization"},"image":{"@id":"https:\/\/www.cde.ual.es\/xx-reunion-de-economia-mundial-xx-world-economy-meeting\/#primaryimage"},"thumbnailUrl":"https:\/\/www.cde.ual.es\/wp-content\/uploads\/2017\/12\/xx-reuni\u00f3n-de-econom\u00eda-mundial-2.png","articleSection":["Noticias UE","Sin categorizar"],"inLanguage":"en-US","potentialAction":[{"@type":"CommentAction","name":"Comment","target":["https:\/\/www.cde.ual.es\/xx-reunion-de-economia-mundial-xx-world-economy-meeting\/#respond"]}]},{"@type":"WebPage","@id":"https:\/\/www.cde.ual.es\/xx-reunion-de-economia-mundial-xx-world-economy-meeting\/","url":"https:\/\/www.cde.ual.es\/xx-reunion-de-economia-mundial-xx-world-economy-meeting\/","name":"XX Reuni\u00f3n de Econom\u00eda Mundial \/ XX World Economy Meeting | CDE Almer\u00eda - Centro de Documentaci\u00f3n Europea - Universidad de Almer\u00eda","isPartOf":{"@id":"https:\/\/www.cde.ual.es\/#website"},"primaryImageOfPage":{"@id":"https:\/\/www.cde.ual.es\/xx-reunion-de-economia-mundial-xx-world-economy-meeting\/#primaryimage"},"image":{"@id":"https:\/\/www.cde.ual.es\/xx-reunion-de-economia-mundial-xx-world-economy-meeting\/#primaryimage"},"thumbnailUrl":"https:\/\/www.cde.ual.es\/wp-content\/uploads\/2017\/12\/xx-reuni\u00f3n-de-econom\u00eda-mundial-2.png","datePublished":"2018-05-02T08:10:10+00:00","breadcrumb":{"@id":"https:\/\/www.cde.ual.es\/xx-reunion-de-economia-mundial-xx-world-economy-meeting\/#breadcrumb"},"inLanguage":"en-US","potentialAction":[{"@type":"ReadAction","target":["https:\/\/www.cde.ual.es\/xx-reunion-de-economia-mundial-xx-world-economy-meeting\/"]}]},{"@type":"ImageObject","inLanguage":"en-US","@id":"https:\/\/www.cde.ual.es\/xx-reunion-de-economia-mundial-xx-world-economy-meeting\/#primaryimage","url":"https:\/\/www.cde.ual.es\/wp-content\/uploads\/2017\/12\/xx-reuni\u00f3n-de-econom\u00eda-mundial-2.png","contentUrl":"https:\/\/www.cde.ual.es\/wp-content\/uploads\/2017\/12\/xx-reuni\u00f3n-de-econom\u00eda-mundial-2.png","width":1280,"height":481},{"@type":"BreadcrumbList","@id":"https:\/\/www.cde.ual.es\/xx-reunion-de-economia-mundial-xx-world-economy-meeting\/#breadcrumb","itemListElement":[{"@type":"ListItem","position":1,"name":"Inicio","item":"https:\/\/www.cde.ual.es\/en\/"},{"@type":"ListItem","position":2,"name":"Noticias UE","item":"https:\/\/www.cde.ual.es\/category\/noticias-ue\/"},{"@type":"ListItem","position":3,"name":"XX Reuni\u00f3n de Econom\u00eda Mundial \/ XX World Economy Meeting"}]},{"@type":"WebSite","@id":"https:\/\/www.cde.ual.es\/#website","url":"https:\/\/www.cde.ual.es\/","name":"CDE Almer\u00eda - Centro de Documentaci\u00f3n Europea - Universidad de Almer\u00eda","description":"Centro de Documentaci\u00f3n Europea de la Universidad de Almer\u00eda","publisher":{"@id":"https:\/\/www.cde.ual.es\/#organization"},"alternateName":"CDE Almer\u00eda","potentialAction":[{"@type":"SearchAction","target":{"@type":"EntryPoint","urlTemplate":"https:\/\/www.cde.ual.es\/?s={search_term_string}"},"query-input":{"@type":"PropertyValueSpecification","valueRequired":true,"valueName":"search_term_string"}}],"inLanguage":"en-US"},{"@type":"Organization","@id":"https:\/\/www.cde.ual.es\/#organization","name":"Centro de Documentaci\u00f3n Europea de Almer\u00eda","url":"https:\/\/www.cde.ual.es\/","logo":{"@type":"ImageObject","inLanguage":"en-US","@id":"https:\/\/www.cde.ual.es\/#\/schema\/logo\/image\/","url":"https:\/\/www.cde.ual.es\/wp-content\/uploads\/2025\/07\/cde-logo-3.png","contentUrl":"https:\/\/www.cde.ual.es\/wp-content\/uploads\/2025\/07\/cde-logo-3.png","width":1400,"height":300,"caption":"Centro de Documentaci\u00f3n Europea de Almer\u00eda"},"image":{"@id":"https:\/\/www.cde.ual.es\/#\/schema\/logo\/image\/"},"sameAs":["https:\/\/www.facebook.com\/cdeuniversidadalmeria\/","https:\/\/x.com\/cdeualmeria","https:\/\/www.tiktok.com\/@cdealmeria","https:\/\/www.instagram.com\/cdealmeria\/","https:\/\/www.linkedin.com\/in\/cde-almera-812b26a9\/"]},{"@type":"Person","@id":"https:\/\/www.cde.ual.es\/#\/schema\/person\/224ef08c8bcc005f319d2713ce37ee5f","name":"AdminCDE","image":{"@type":"ImageObject","inLanguage":"en-US","@id":"https:\/\/secure.gravatar.com\/avatar\/a72d038d371f995cd13706fac32274b7952a52e8fb0a84b5f80c85426f2a98a8?s=96&d=mm&r=g","url":"https:\/\/secure.gravatar.com\/avatar\/a72d038d371f995cd13706fac32274b7952a52e8fb0a84b5f80c85426f2a98a8?s=96&d=mm&r=g","contentUrl":"https:\/\/secure.gravatar.com\/avatar\/a72d038d371f995cd13706fac32274b7952a52e8fb0a84b5f80c85426f2a98a8?s=96&d=mm&r=g","caption":"AdminCDE"}}]}},"_links":{"self":[{"href":"https:\/\/www.cde.ual.es\/en\/wp-json\/wp\/v2\/posts\/4104","targetHints":{"allow":["GET"]}}],"collection":[{"href":"https:\/\/www.cde.ual.es\/en\/wp-json\/wp\/v2\/posts"}],"about":[{"href":"https:\/\/www.cde.ual.es\/en\/wp-json\/wp\/v2\/types\/post"}],"author":[{"embeddable":true,"href":"https:\/\/www.cde.ual.es\/en\/wp-json\/wp\/v2\/users\/1"}],"replies":[{"embeddable":true,"href":"https:\/\/www.cde.ual.es\/en\/wp-json\/wp\/v2\/comments?post=4104"}],"version-history":[{"count":0,"href":"https:\/\/www.cde.ual.es\/en\/wp-json\/wp\/v2\/posts\/4104\/revisions"}],"wp:featuredmedia":[{"embeddable":true,"href":"https:\/\/www.cde.ual.es\/en\/wp-json\/wp\/v2\/media\/4093"}],"wp:attachment":[{"href":"https:\/\/www.cde.ual.es\/en\/wp-json\/wp\/v2\/media?parent=4104"}],"wp:term":[{"taxonomy":"category","embeddable":true,"href":"https:\/\/www.cde.ual.es\/en\/wp-json\/wp\/v2\/categories?post=4104"},{"taxonomy":"post_tag","embeddable":true,"href":"https:\/\/www.cde.ual.es\/en\/wp-json\/wp\/v2\/tags?post=4104"}],"curies":[{"name":"wp","href":"https:\/\/api.w.org\/{rel}","templated":true}]}}