{"id":39394,"date":"2020-03-23T14:30:09","date_gmt":"2020-03-23T13:30:09","guid":{"rendered":"https:\/\/www.cde.ual.es\/?p=39394"},"modified":"2020-03-23T12:08:26","modified_gmt":"2020-03-23T11:08:26","slug":"council-agenda-23-march-5-april-2020","status":"publish","type":"post","link":"https:\/\/www.cde.ual.es\/en\/council-agenda-23-march-5-april-2020\/","title":{"rendered":"Council Agenda: 23 March &#8211; 5 April 2020"},"content":{"rendered":"<p>The <u>Foreign Affairs Council<\/u>\u00a0and\u00a0<u>General Affairs Council<\/u>, planned for 23 and 24 March respectively, will be replaced by ministerial level videoconferences (with the videoconference of ministers for European Affairs still to be confirmed).<\/p>\n<p><a href=\"https:\/\/www.cde.ual.es\/wp-content\/uploads\/2020\/03\/Consejo-Videoconferencias.png\"><img decoding=\"async\" class=\"size-medium wp-image-39392 aligncenter\" src=\"https:\/\/www.cde.ual.es\/wp-content\/uploads\/2020\/03\/Consejo-Videoconferencias-300x201.png\" alt=\"\" width=\"300\" height=\"201\" srcset=\"https:\/\/www.cde.ual.es\/wp-content\/uploads\/2020\/03\/Consejo-Videoconferencias-300x201.png 300w, https:\/\/www.cde.ual.es\/wp-content\/uploads\/2020\/03\/Consejo-Videoconferencias-768x516.png 768w, https:\/\/www.cde.ual.es\/wp-content\/uploads\/2020\/03\/Consejo-Videoconferencias.png 813w\" sizes=\"(max-width: 300px) 100vw, 300px\" \/><\/a><\/p>\n<p>A number of other high-level videoconferences are scheduled during the <strong>week of 23-27 March.<\/strong> These will address the impact of the <strong>COVID-19 virus on different sectors<\/strong>. A videoconference of Members of the European Council will take place on Thursday 26 March to take stock of the overall situation.<\/p>\n<h3>Monday 23 March<\/h3>\n<p>Informal videoconference of Ministers of Foreign Affairs<br \/>\nInformal teleconference of Economy and Finance Ministers<\/p>\n<h3>Tuesday 24 March<\/h3>\n<p>(Possible) informal videoconference of Ministers for European Affairs<br \/>\nEurogroup videoconference<\/p>\n<h3>Wednesday 25 March<\/h3>\n<p>Informal videoconference of Ministers responsible for Agriculture and Fisheries<\/p>\n<h3>Thursday 26 March<\/h3>\n<p>Videoconference of Members of the European Council<\/p>\n<h3>Friday 27 March<\/h3>\n<p>Informal videoconference of Ministers responsible for Cohesion\/regional policy<\/p>\n<h3>Video Conferences<\/h3>\n<p>For video coverage of Council sessions and audiovisual material, please see the following Council websites:<\/p>\n<ul>\n<li><a href=\"http:\/\/video.consilium.europa.eu\/\">http:\/\/video.consilium.europa.eu<\/a>\u00a0(live webcast of public deliberations, public debates and press conferences), and<\/li>\n<li><a href=\"https:\/\/newsroom.consilium.europa.eu\/\">eucouncil.tv<\/a>\u00a0(video material available for download in broadcast quality and photo gallery).<\/li>\n<\/ul>\n<h3>More information<\/h3>\n<p><a href=\"https:\/\/www.consilium.europa.eu\/es\/press\/press-releases\/2020\/03\/20\/forward-look-23-march-5-april-2020\/\">Press release<\/a><\/p>\n<p><a href=\"https:\/\/www.consilium.europa.eu\/media\/43027\/cm01898-en20.pdf\">List of meetings taking place between 23 and 27 March<\/a><\/p>\n<p><a href=\"https:\/\/www.consilium.europa.eu\/en\/european-council\/president\/\">Weekly schedule of President Charles Michel<\/a><\/p>\n<p><a href=\"https:\/\/eu2020.hr\/\">Croatian presidency website<\/a><\/p>\n","protected":false},"excerpt":{"rendered":"<p>The Foreign Affairs Council\u00a0and\u00a0General Affairs Council, planned for 23 and 24 March respectively, will be replaced by ministerial level videoconferences (with the videoconference of ministers for European Affairs still to be confirmed). A number of other high-level videoconferences are scheduled during the week of 23-27 March. These will address the impact of the COVID-19 virus [&hellip;]<\/p>\n","protected":false},"author":1,"featured_media":39392,"comment_status":"open","ping_status":"open","sticky":false,"template":"","format":"standard","meta":{"_acf_changed":false,"_relevanssi_hide_post":"","_relevanssi_hide_content":"","_relevanssi_pin_for_all":"","_relevanssi_pin_keywords":"","_relevanssi_unpin_keywords":"","_relevanssi_related_keywords":"","_relevanssi_related_include_ids":"","_relevanssi_related_exclude_ids":"","_relevanssi_related_no_append":"","_relevanssi_related_not_related":"","_relevanssi_related_posts":"","_relevanssi_noindex_reason":"","_monsterinsights_skip_tracking":false,"_monsterinsights_sitenote_active":false,"_monsterinsights_sitenote_note":"","_monsterinsights_sitenote_category":0,"_genesis_hide_title":false,"_genesis_hide_breadcrumbs":false,"_genesis_hide_singular_image":false,"_genesis_hide_footer_widgets":false,"_genesis_custom_body_class":"","_genesis_custom_post_class":"","_genesis_layout":"","footnotes":""},"categories":[346],"tags":[853,524],"class_list":{"0":"post-39394","1":"post","2":"type-post","3":"status-publish","4":"format-standard","5":"has-post-thumbnail","7":"category-eu-news","8":"tag-agenda-en","9":"tag-european-institutions","10":"entry"},"acf":[],"yoast_head":"<!-- This site is optimized with the Yoast SEO plugin v27.5 - https:\/\/yoast.com\/product\/yoast-seo-wordpress\/ -->\n<title>Council Agenda: 23 March - 5 April 2020 | CDE Almer\u00eda - Centro de Documentaci\u00f3n Europea - Universidad de Almer\u00eda<\/title>\n<meta name=\"robots\" content=\"index, follow, max-snippet:-1, max-image-preview:large, max-video-preview:-1\" \/>\n<link rel=\"canonical\" href=\"https:\/\/www.cde.ual.es\/en\/council-agenda-23-march-5-april-2020\/\" \/>\n<meta property=\"og:locale\" content=\"en_US\" \/>\n<meta property=\"og:type\" content=\"article\" \/>\n<meta property=\"og:title\" content=\"Council Agenda: 23 March - 5 April 2020 | CDE Almer\u00eda - Centro de Documentaci\u00f3n Europea - Universidad de Almer\u00eda\" \/>\n<meta property=\"og:description\" content=\"The Foreign Affairs Council\u00a0and\u00a0General Affairs Council, planned for 23 and 24 March respectively, will be replaced by ministerial level videoconferences (with the videoconference of ministers for European Affairs still to be confirmed). A number of other high-level videoconferences are scheduled during the week of 23-27 March. These will address the impact of the COVID-19 virus [&hellip;]\" \/>\n<meta property=\"og:url\" content=\"https:\/\/www.cde.ual.es\/en\/council-agenda-23-march-5-april-2020\/\" \/>\n<meta property=\"og:site_name\" content=\"CDE Almer\u00eda - Centro de Documentaci\u00f3n Europea - Universidad de Almer\u00eda\" \/>\n<meta property=\"article:publisher\" content=\"https:\/\/www.facebook.com\/cdeuniversidadalmeria\/\" \/>\n<meta property=\"article:published_time\" content=\"2020-03-23T13:30:09+00:00\" \/>\n<meta property=\"og:image\" content=\"https:\/\/www.cde.ual.es\/wp-content\/uploads\/2020\/03\/Consejo-Videoconferencias.png\" \/>\n\t<meta property=\"og:image:width\" content=\"813\" \/>\n\t<meta property=\"og:image:height\" content=\"546\" \/>\n\t<meta property=\"og:image:type\" content=\"image\/png\" \/>\n<meta name=\"author\" content=\"AdminCDE\" \/>\n<meta name=\"twitter:card\" content=\"summary_large_image\" \/>\n<meta name=\"twitter:creator\" content=\"@cdeualmeria\" \/>\n<meta name=\"twitter:site\" content=\"@cdeualmeria\" \/>\n<meta name=\"twitter:label1\" content=\"Written by\" \/>\n\t<meta name=\"twitter:data1\" content=\"AdminCDE\" \/>\n\t<meta name=\"twitter:label2\" content=\"Est. reading time\" \/>\n\t<meta name=\"twitter:data2\" content=\"1 minute\" \/>\n<script type=\"application\/ld+json\" class=\"yoast-schema-graph\">{\"@context\":\"https:\\\/\\\/schema.org\",\"@graph\":[{\"@type\":\"Article\",\"@id\":\"https:\\\/\\\/www.cde.ual.es\\\/en\\\/council-agenda-23-march-5-april-2020\\\/#article\",\"isPartOf\":{\"@id\":\"https:\\\/\\\/www.cde.ual.es\\\/en\\\/council-agenda-23-march-5-april-2020\\\/\"},\"author\":{\"name\":\"AdminCDE\",\"@id\":\"https:\\\/\\\/www.cde.ual.es\\\/#\\\/schema\\\/person\\\/224ef08c8bcc005f319d2713ce37ee5f\"},\"headline\":\"Council Agenda: 23 March &#8211; 5 April 2020\",\"datePublished\":\"2020-03-23T13:30:09+00:00\",\"mainEntityOfPage\":{\"@id\":\"https:\\\/\\\/www.cde.ual.es\\\/en\\\/council-agenda-23-march-5-april-2020\\\/\"},\"wordCount\":210,\"commentCount\":0,\"publisher\":{\"@id\":\"https:\\\/\\\/www.cde.ual.es\\\/#organization\"},\"image\":{\"@id\":\"https:\\\/\\\/www.cde.ual.es\\\/en\\\/council-agenda-23-march-5-april-2020\\\/#primaryimage\"},\"thumbnailUrl\":\"https:\\\/\\\/www.cde.ual.es\\\/wp-content\\\/uploads\\\/2020\\\/03\\\/Consejo-Videoconferencias.png\",\"keywords\":[\"Agenda\",\"European Institutions\"],\"articleSection\":[\"EU News\"],\"inLanguage\":\"en-US\",\"potentialAction\":[{\"@type\":\"CommentAction\",\"name\":\"Comment\",\"target\":[\"https:\\\/\\\/www.cde.ual.es\\\/en\\\/council-agenda-23-march-5-april-2020\\\/#respond\"]}]},{\"@type\":\"WebPage\",\"@id\":\"https:\\\/\\\/www.cde.ual.es\\\/en\\\/council-agenda-23-march-5-april-2020\\\/\",\"url\":\"https:\\\/\\\/www.cde.ual.es\\\/en\\\/council-agenda-23-march-5-april-2020\\\/\",\"name\":\"Council Agenda: 23 March - 5 April 2020 | CDE Almer\u00eda - Centro de Documentaci\u00f3n Europea - Universidad de Almer\u00eda\",\"isPartOf\":{\"@id\":\"https:\\\/\\\/www.cde.ual.es\\\/#website\"},\"primaryImageOfPage\":{\"@id\":\"https:\\\/\\\/www.cde.ual.es\\\/en\\\/council-agenda-23-march-5-april-2020\\\/#primaryimage\"},\"image\":{\"@id\":\"https:\\\/\\\/www.cde.ual.es\\\/en\\\/council-agenda-23-march-5-april-2020\\\/#primaryimage\"},\"thumbnailUrl\":\"https:\\\/\\\/www.cde.ual.es\\\/wp-content\\\/uploads\\\/2020\\\/03\\\/Consejo-Videoconferencias.png\",\"datePublished\":\"2020-03-23T13:30:09+00:00\",\"breadcrumb\":{\"@id\":\"https:\\\/\\\/www.cde.ual.es\\\/en\\\/council-agenda-23-march-5-april-2020\\\/#breadcrumb\"},\"inLanguage\":\"en-US\",\"potentialAction\":[{\"@type\":\"ReadAction\",\"target\":[\"https:\\\/\\\/www.cde.ual.es\\\/en\\\/council-agenda-23-march-5-april-2020\\\/\"]}]},{\"@type\":\"ImageObject\",\"inLanguage\":\"en-US\",\"@id\":\"https:\\\/\\\/www.cde.ual.es\\\/en\\\/council-agenda-23-march-5-april-2020\\\/#primaryimage\",\"url\":\"https:\\\/\\\/www.cde.ual.es\\\/wp-content\\\/uploads\\\/2020\\\/03\\\/Consejo-Videoconferencias.png\",\"contentUrl\":\"https:\\\/\\\/www.cde.ual.es\\\/wp-content\\\/uploads\\\/2020\\\/03\\\/Consejo-Videoconferencias.png\",\"width\":813,\"height\":546},{\"@type\":\"BreadcrumbList\",\"@id\":\"https:\\\/\\\/www.cde.ual.es\\\/en\\\/council-agenda-23-march-5-april-2020\\\/#breadcrumb\",\"itemListElement\":[{\"@type\":\"ListItem\",\"position\":1,\"name\":\"Inicio\",\"item\":\"https:\\\/\\\/www.cde.ual.es\\\/en\\\/\"},{\"@type\":\"ListItem\",\"position\":2,\"name\":\"EU News\",\"item\":\"https:\\\/\\\/www.cde.ual.es\\\/en\\\/category\\\/eu-news\\\/\"},{\"@type\":\"ListItem\",\"position\":3,\"name\":\"Council Agenda: 23 March &#8211; 5 April 2020\"}]},{\"@type\":\"WebSite\",\"@id\":\"https:\\\/\\\/www.cde.ual.es\\\/#website\",\"url\":\"https:\\\/\\\/www.cde.ual.es\\\/\",\"name\":\"CDE Almer\u00eda - Centro de Documentaci\u00f3n Europea - Universidad de Almer\u00eda\",\"description\":\"Centro de Documentaci\u00f3n Europea de la Universidad de Almer\u00eda\",\"publisher\":{\"@id\":\"https:\\\/\\\/www.cde.ual.es\\\/#organization\"},\"alternateName\":\"CDE Almer\u00eda\",\"potentialAction\":[{\"@type\":\"SearchAction\",\"target\":{\"@type\":\"EntryPoint\",\"urlTemplate\":\"https:\\\/\\\/www.cde.ual.es\\\/?s={search_term_string}\"},\"query-input\":{\"@type\":\"PropertyValueSpecification\",\"valueRequired\":true,\"valueName\":\"search_term_string\"}}],\"inLanguage\":\"en-US\"},{\"@type\":\"Organization\",\"@id\":\"https:\\\/\\\/www.cde.ual.es\\\/#organization\",\"name\":\"Centro de Documentaci\u00f3n Europea de Almer\u00eda\",\"url\":\"https:\\\/\\\/www.cde.ual.es\\\/\",\"logo\":{\"@type\":\"ImageObject\",\"inLanguage\":\"en-US\",\"@id\":\"https:\\\/\\\/www.cde.ual.es\\\/#\\\/schema\\\/logo\\\/image\\\/\",\"url\":\"https:\\\/\\\/www.cde.ual.es\\\/wp-content\\\/uploads\\\/2025\\\/07\\\/cde-logo-3.png\",\"contentUrl\":\"https:\\\/\\\/www.cde.ual.es\\\/wp-content\\\/uploads\\\/2025\\\/07\\\/cde-logo-3.png\",\"width\":1400,\"height\":300,\"caption\":\"Centro de Documentaci\u00f3n Europea de Almer\u00eda\"},\"image\":{\"@id\":\"https:\\\/\\\/www.cde.ual.es\\\/#\\\/schema\\\/logo\\\/image\\\/\"},\"sameAs\":[\"https:\\\/\\\/www.facebook.com\\\/cdeuniversidadalmeria\\\/\",\"https:\\\/\\\/x.com\\\/cdeualmeria\",\"https:\\\/\\\/www.tiktok.com\\\/@cdealmeria\",\"https:\\\/\\\/www.instagram.com\\\/cdealmeria\\\/\",\"https:\\\/\\\/www.linkedin.com\\\/in\\\/cde-almera-812b26a9\\\/\"]},{\"@type\":\"Person\",\"@id\":\"https:\\\/\\\/www.cde.ual.es\\\/#\\\/schema\\\/person\\\/224ef08c8bcc005f319d2713ce37ee5f\",\"name\":\"AdminCDE\",\"image\":{\"@type\":\"ImageObject\",\"inLanguage\":\"en-US\",\"@id\":\"https:\\\/\\\/secure.gravatar.com\\\/avatar\\\/a72d038d371f995cd13706fac32274b7952a52e8fb0a84b5f80c85426f2a98a8?s=96&d=mm&r=g\",\"url\":\"https:\\\/\\\/secure.gravatar.com\\\/avatar\\\/a72d038d371f995cd13706fac32274b7952a52e8fb0a84b5f80c85426f2a98a8?s=96&d=mm&r=g\",\"contentUrl\":\"https:\\\/\\\/secure.gravatar.com\\\/avatar\\\/a72d038d371f995cd13706fac32274b7952a52e8fb0a84b5f80c85426f2a98a8?s=96&d=mm&r=g\",\"caption\":\"AdminCDE\"}}]}<\/script>\n<!-- \/ Yoast SEO plugin. -->","yoast_head_json":{"title":"Council Agenda: 23 March - 5 April 2020 | CDE Almer\u00eda - Centro de Documentaci\u00f3n Europea - Universidad de Almer\u00eda","robots":{"index":"index","follow":"follow","max-snippet":"max-snippet:-1","max-image-preview":"max-image-preview:large","max-video-preview":"max-video-preview:-1"},"canonical":"https:\/\/www.cde.ual.es\/en\/council-agenda-23-march-5-april-2020\/","og_locale":"en_US","og_type":"article","og_title":"Council Agenda: 23 March - 5 April 2020 | CDE Almer\u00eda - Centro de Documentaci\u00f3n Europea - Universidad de Almer\u00eda","og_description":"The Foreign Affairs Council\u00a0and\u00a0General Affairs Council, planned for 23 and 24 March respectively, will be replaced by ministerial level videoconferences (with the videoconference of ministers for European Affairs still to be confirmed). A number of other high-level videoconferences are scheduled during the week of 23-27 March. These will address the impact of the COVID-19 virus [&hellip;]","og_url":"https:\/\/www.cde.ual.es\/en\/council-agenda-23-march-5-april-2020\/","og_site_name":"CDE Almer\u00eda - Centro de Documentaci\u00f3n Europea - Universidad de Almer\u00eda","article_publisher":"https:\/\/www.facebook.com\/cdeuniversidadalmeria\/","article_published_time":"2020-03-23T13:30:09+00:00","og_image":[{"width":813,"height":546,"url":"https:\/\/www.cde.ual.es\/wp-content\/uploads\/2020\/03\/Consejo-Videoconferencias.png","type":"image\/png"}],"author":"AdminCDE","twitter_card":"summary_large_image","twitter_creator":"@cdeualmeria","twitter_site":"@cdeualmeria","twitter_misc":{"Written by":"AdminCDE","Est. reading time":"1 minute"},"schema":{"@context":"https:\/\/schema.org","@graph":[{"@type":"Article","@id":"https:\/\/www.cde.ual.es\/en\/council-agenda-23-march-5-april-2020\/#article","isPartOf":{"@id":"https:\/\/www.cde.ual.es\/en\/council-agenda-23-march-5-april-2020\/"},"author":{"name":"AdminCDE","@id":"https:\/\/www.cde.ual.es\/#\/schema\/person\/224ef08c8bcc005f319d2713ce37ee5f"},"headline":"Council Agenda: 23 March &#8211; 5 April 2020","datePublished":"2020-03-23T13:30:09+00:00","mainEntityOfPage":{"@id":"https:\/\/www.cde.ual.es\/en\/council-agenda-23-march-5-april-2020\/"},"wordCount":210,"commentCount":0,"publisher":{"@id":"https:\/\/www.cde.ual.es\/#organization"},"image":{"@id":"https:\/\/www.cde.ual.es\/en\/council-agenda-23-march-5-april-2020\/#primaryimage"},"thumbnailUrl":"https:\/\/www.cde.ual.es\/wp-content\/uploads\/2020\/03\/Consejo-Videoconferencias.png","keywords":["Agenda","European Institutions"],"articleSection":["EU News"],"inLanguage":"en-US","potentialAction":[{"@type":"CommentAction","name":"Comment","target":["https:\/\/www.cde.ual.es\/en\/council-agenda-23-march-5-april-2020\/#respond"]}]},{"@type":"WebPage","@id":"https:\/\/www.cde.ual.es\/en\/council-agenda-23-march-5-april-2020\/","url":"https:\/\/www.cde.ual.es\/en\/council-agenda-23-march-5-april-2020\/","name":"Council Agenda: 23 March - 5 April 2020 | CDE Almer\u00eda - Centro de Documentaci\u00f3n Europea - Universidad de Almer\u00eda","isPartOf":{"@id":"https:\/\/www.cde.ual.es\/#website"},"primaryImageOfPage":{"@id":"https:\/\/www.cde.ual.es\/en\/council-agenda-23-march-5-april-2020\/#primaryimage"},"image":{"@id":"https:\/\/www.cde.ual.es\/en\/council-agenda-23-march-5-april-2020\/#primaryimage"},"thumbnailUrl":"https:\/\/www.cde.ual.es\/wp-content\/uploads\/2020\/03\/Consejo-Videoconferencias.png","datePublished":"2020-03-23T13:30:09+00:00","breadcrumb":{"@id":"https:\/\/www.cde.ual.es\/en\/council-agenda-23-march-5-april-2020\/#breadcrumb"},"inLanguage":"en-US","potentialAction":[{"@type":"ReadAction","target":["https:\/\/www.cde.ual.es\/en\/council-agenda-23-march-5-april-2020\/"]}]},{"@type":"ImageObject","inLanguage":"en-US","@id":"https:\/\/www.cde.ual.es\/en\/council-agenda-23-march-5-april-2020\/#primaryimage","url":"https:\/\/www.cde.ual.es\/wp-content\/uploads\/2020\/03\/Consejo-Videoconferencias.png","contentUrl":"https:\/\/www.cde.ual.es\/wp-content\/uploads\/2020\/03\/Consejo-Videoconferencias.png","width":813,"height":546},{"@type":"BreadcrumbList","@id":"https:\/\/www.cde.ual.es\/en\/council-agenda-23-march-5-april-2020\/#breadcrumb","itemListElement":[{"@type":"ListItem","position":1,"name":"Inicio","item":"https:\/\/www.cde.ual.es\/en\/"},{"@type":"ListItem","position":2,"name":"EU News","item":"https:\/\/www.cde.ual.es\/en\/category\/eu-news\/"},{"@type":"ListItem","position":3,"name":"Council Agenda: 23 March &#8211; 5 April 2020"}]},{"@type":"WebSite","@id":"https:\/\/www.cde.ual.es\/#website","url":"https:\/\/www.cde.ual.es\/","name":"CDE Almer\u00eda - Centro de Documentaci\u00f3n Europea - Universidad de Almer\u00eda","description":"Centro de Documentaci\u00f3n Europea de la Universidad de Almer\u00eda","publisher":{"@id":"https:\/\/www.cde.ual.es\/#organization"},"alternateName":"CDE Almer\u00eda","potentialAction":[{"@type":"SearchAction","target":{"@type":"EntryPoint","urlTemplate":"https:\/\/www.cde.ual.es\/?s={search_term_string}"},"query-input":{"@type":"PropertyValueSpecification","valueRequired":true,"valueName":"search_term_string"}}],"inLanguage":"en-US"},{"@type":"Organization","@id":"https:\/\/www.cde.ual.es\/#organization","name":"Centro de Documentaci\u00f3n Europea de Almer\u00eda","url":"https:\/\/www.cde.ual.es\/","logo":{"@type":"ImageObject","inLanguage":"en-US","@id":"https:\/\/www.cde.ual.es\/#\/schema\/logo\/image\/","url":"https:\/\/www.cde.ual.es\/wp-content\/uploads\/2025\/07\/cde-logo-3.png","contentUrl":"https:\/\/www.cde.ual.es\/wp-content\/uploads\/2025\/07\/cde-logo-3.png","width":1400,"height":300,"caption":"Centro de Documentaci\u00f3n Europea de Almer\u00eda"},"image":{"@id":"https:\/\/www.cde.ual.es\/#\/schema\/logo\/image\/"},"sameAs":["https:\/\/www.facebook.com\/cdeuniversidadalmeria\/","https:\/\/x.com\/cdeualmeria","https:\/\/www.tiktok.com\/@cdealmeria","https:\/\/www.instagram.com\/cdealmeria\/","https:\/\/www.linkedin.com\/in\/cde-almera-812b26a9\/"]},{"@type":"Person","@id":"https:\/\/www.cde.ual.es\/#\/schema\/person\/224ef08c8bcc005f319d2713ce37ee5f","name":"AdminCDE","image":{"@type":"ImageObject","inLanguage":"en-US","@id":"https:\/\/secure.gravatar.com\/avatar\/a72d038d371f995cd13706fac32274b7952a52e8fb0a84b5f80c85426f2a98a8?s=96&d=mm&r=g","url":"https:\/\/secure.gravatar.com\/avatar\/a72d038d371f995cd13706fac32274b7952a52e8fb0a84b5f80c85426f2a98a8?s=96&d=mm&r=g","contentUrl":"https:\/\/secure.gravatar.com\/avatar\/a72d038d371f995cd13706fac32274b7952a52e8fb0a84b5f80c85426f2a98a8?s=96&d=mm&r=g","caption":"AdminCDE"}}]}},"_links":{"self":[{"href":"https:\/\/www.cde.ual.es\/en\/wp-json\/wp\/v2\/posts\/39394","targetHints":{"allow":["GET"]}}],"collection":[{"href":"https:\/\/www.cde.ual.es\/en\/wp-json\/wp\/v2\/posts"}],"about":[{"href":"https:\/\/www.cde.ual.es\/en\/wp-json\/wp\/v2\/types\/post"}],"author":[{"embeddable":true,"href":"https:\/\/www.cde.ual.es\/en\/wp-json\/wp\/v2\/users\/1"}],"replies":[{"embeddable":true,"href":"https:\/\/www.cde.ual.es\/en\/wp-json\/wp\/v2\/comments?post=39394"}],"version-history":[{"count":0,"href":"https:\/\/www.cde.ual.es\/en\/wp-json\/wp\/v2\/posts\/39394\/revisions"}],"wp:featuredmedia":[{"embeddable":true,"href":"https:\/\/www.cde.ual.es\/en\/wp-json\/wp\/v2\/media\/39392"}],"wp:attachment":[{"href":"https:\/\/www.cde.ual.es\/en\/wp-json\/wp\/v2\/media?parent=39394"}],"wp:term":[{"taxonomy":"category","embeddable":true,"href":"https:\/\/www.cde.ual.es\/en\/wp-json\/wp\/v2\/categories?post=39394"},{"taxonomy":"post_tag","embeddable":true,"href":"https:\/\/www.cde.ual.es\/en\/wp-json\/wp\/v2\/tags?post=39394"}],"curies":[{"name":"wp","href":"https:\/\/api.w.org\/{rel}","templated":true}]}}