{"id":39259,"date":"2020-03-23T03:00:08","date_gmt":"2020-03-23T02:00:08","guid":{"rendered":"https:\/\/www.cde.ual.es\/?p=39259"},"modified":"2020-03-20T14:38:15","modified_gmt":"2020-03-20T13:38:15","slug":"future-eu-uk-partnership-draft-legal-text","status":"publish","type":"post","link":"https:\/\/www.cde.ual.es\/en\/future-eu-uk-partnership-draft-legal-text\/","title":{"rendered":"Future EU-UK Partnership: draft legal text"},"content":{"rendered":"<p>The <strong>European Commission<\/strong> has published a<strong> draft legal agreement for the future EU-UK partnership<\/strong>. It translates into a legal text <a href=\"https:\/\/www.consilium.europa.eu\/en\/press\/press-releases\/2020\/02\/25\/eu-uk-relations-council-gives-go-ahead-for-talks-to-start-and-adopts-negotiating-directives\/\">the negotiating directives<\/a>\u00a0approved by Member States in the General Affairs Council on 25 February 2020, in line with\u00a0<a href=\"https:\/\/ec.europa.eu\/commission\/publications\/withdrawal-agreement-and-political-declaration-official-journal-european-union-12-november-2019_en\">the Political Declaration<\/a>\u00a0agreed between the EU and the UK in October 2019.<\/p>\n<p><a href=\"https:\/\/www.cde.ual.es\/wp-content\/uploads\/2018\/12\/brexit-2275630_640.jpg\"><img decoding=\"async\" class=\"size-medium wp-image-14668 aligncenter\" src=\"https:\/\/www.cde.ual.es\/wp-content\/uploads\/2018\/12\/brexit-2275630_640-300x200.jpg\" alt=\"\" width=\"300\" height=\"200\" srcset=\"https:\/\/www.cde.ual.es\/wp-content\/uploads\/2018\/12\/brexit-2275630_640-300x200.jpg 300w, https:\/\/www.cde.ual.es\/wp-content\/uploads\/2018\/12\/brexit-2275630_640.jpg 640w\" sizes=\"(max-width: 300px) 100vw, 300px\" \/><\/a><\/p>\n<p>The text follows consultations with the European Parliament and Council, and aims to provide a tool to support the negotiations and to enable progress with the UK.<\/p>\n<p>The COVID-19 crisis led to the cancellation of the negotiating round scheduled this week in London.<\/p>\n<p>In keeping with our transparency policy, the draft legal agreement\u00a0<a href=\"https:\/\/ec.europa.eu\/info\/european-union-and-united-kingdom-forging-new-partnership\/future-partnership\/guide-negotiations\/documents-related-negotiations-united-kingdom\">has been published online<\/a>.<\/p>\n<h3>Next steps<\/h3>\n<p>The UK has indicated that it will put forward some texts covering some of the elements of the future EU-UK relationship outlined in the Political Declaration.<\/p>\n<p>Given developments related to COVID-19, EU and UK negotiators are currently exploring alternative ways to continue discussions, including if possible the use of video conferences. Both sides remain in close contact with one another. Substantive work on the legal texts on both sides will continue over the coming weeks.<\/p>\n<p>The draft text published by the Commission covers all areas of the negotiations, including trade and economic cooperation, law enforcement and judicial cooperation in criminal matters, participation in Union programmes and other thematic areas of cooperation. A dedicated chapter on governance provides an outline for an overarching framework covering all areas of economic and security cooperation.<\/p>\n<h3>For more information<\/h3>\n<ul>\n<li><a href=\"https:\/\/ec.europa.eu\/commission\/presscorner\/detail\/en\/IP_20_447\">Press release<\/a><\/li>\n<li><a href=\"https:\/\/ec.europa.eu\/info\/european-union-and-united-kingdom-forging-new-partnership\/future-partnership\/guide-negotiations\/documents-related-negotiations-united-kingdom\">Draft legal text<\/a><\/li>\n<li>Webpage: The EU and the United Kingdom \u2013 Forging a new partnership:\u00a0<a href=\"https:\/\/ec.europa.eu\/info\/european-union-and-united-kingdom-forging-new-partnership\/future-partnership\/guide-negotiations_en\">Guide to the negotiations<\/a><\/li>\n<\/ul>\n<p>&nbsp;<\/p>\n","protected":false},"excerpt":{"rendered":"<p>The European Commission has published a draft legal agreement for the future EU-UK partnership. It translates into a legal text the negotiating directives\u00a0approved by Member States in the General Affairs Council on 25 February 2020, in line with\u00a0the Political Declaration\u00a0agreed between the EU and the UK in October 2019. The text follows consultations with the [&hellip;]<\/p>\n","protected":false},"author":1,"featured_media":14668,"comment_status":"open","ping_status":"open","sticky":false,"template":"","format":"standard","meta":{"_acf_changed":false,"_relevanssi_hide_post":"","_relevanssi_hide_content":"","_relevanssi_pin_for_all":"","_relevanssi_pin_keywords":"","_relevanssi_unpin_keywords":"","_relevanssi_related_keywords":"","_relevanssi_related_include_ids":"","_relevanssi_related_exclude_ids":"","_relevanssi_related_no_append":"","_relevanssi_related_not_related":"","_relevanssi_related_posts":"","_relevanssi_noindex_reason":"","_monsterinsights_skip_tracking":false,"_monsterinsights_sitenote_active":false,"_monsterinsights_sitenote_note":"","_monsterinsights_sitenote_category":0,"_genesis_hide_title":false,"_genesis_hide_breadcrumbs":false,"_genesis_hide_singular_image":false,"_genesis_hide_footer_widgets":false,"_genesis_custom_body_class":"","_genesis_custom_post_class":"","_genesis_layout":"","footnotes":""},"categories":[346],"tags":[369],"class_list":{"0":"post-39259","1":"post","2":"type-post","3":"status-publish","4":"format-standard","5":"has-post-thumbnail","7":"category-eu-news","8":"tag-brexit-en","9":"entry"},"acf":[],"yoast_head":"<!-- This site is optimized with the Yoast SEO plugin v27.5 - https:\/\/yoast.com\/product\/yoast-seo-wordpress\/ -->\n<title>Future EU-UK Partnership: draft legal text | CDE Almer\u00eda - Centro de Documentaci\u00f3n Europea - Universidad de Almer\u00eda<\/title>\n<meta name=\"robots\" content=\"index, follow, max-snippet:-1, max-image-preview:large, max-video-preview:-1\" \/>\n<link rel=\"canonical\" href=\"https:\/\/www.cde.ual.es\/en\/future-eu-uk-partnership-draft-legal-text\/\" \/>\n<meta property=\"og:locale\" content=\"en_US\" \/>\n<meta property=\"og:type\" content=\"article\" \/>\n<meta property=\"og:title\" content=\"Future EU-UK Partnership: draft legal text | CDE Almer\u00eda - Centro de Documentaci\u00f3n Europea - Universidad de Almer\u00eda\" \/>\n<meta property=\"og:description\" content=\"The European Commission has published a draft legal agreement for the future EU-UK partnership. It translates into a legal text the negotiating directives\u00a0approved by Member States in the General Affairs Council on 25 February 2020, in line with\u00a0the Political Declaration\u00a0agreed between the EU and the UK in October 2019. The text follows consultations with the [&hellip;]\" \/>\n<meta property=\"og:url\" content=\"https:\/\/www.cde.ual.es\/en\/future-eu-uk-partnership-draft-legal-text\/\" \/>\n<meta property=\"og:site_name\" content=\"CDE Almer\u00eda - Centro de Documentaci\u00f3n Europea - Universidad de Almer\u00eda\" \/>\n<meta property=\"article:publisher\" content=\"https:\/\/www.facebook.com\/cdeuniversidadalmeria\/\" \/>\n<meta property=\"article:published_time\" content=\"2020-03-23T02:00:08+00:00\" \/>\n<meta property=\"og:image\" content=\"https:\/\/www.cde.ual.es\/wp-content\/uploads\/2018\/12\/brexit-2275630_640.jpg\" \/>\n\t<meta property=\"og:image:width\" content=\"640\" \/>\n\t<meta property=\"og:image:height\" content=\"426\" \/>\n\t<meta property=\"og:image:type\" content=\"image\/jpeg\" \/>\n<meta name=\"author\" content=\"AdminCDE\" \/>\n<meta name=\"twitter:card\" content=\"summary_large_image\" \/>\n<meta name=\"twitter:creator\" content=\"@cdeualmeria\" \/>\n<meta name=\"twitter:site\" content=\"@cdeualmeria\" \/>\n<meta name=\"twitter:label1\" content=\"Written by\" \/>\n\t<meta name=\"twitter:data1\" content=\"AdminCDE\" \/>\n\t<meta name=\"twitter:label2\" content=\"Est. reading time\" \/>\n\t<meta name=\"twitter:data2\" content=\"1 minute\" \/>\n<script type=\"application\/ld+json\" class=\"yoast-schema-graph\">{\"@context\":\"https:\\\/\\\/schema.org\",\"@graph\":[{\"@type\":\"Article\",\"@id\":\"https:\\\/\\\/www.cde.ual.es\\\/en\\\/future-eu-uk-partnership-draft-legal-text\\\/#article\",\"isPartOf\":{\"@id\":\"https:\\\/\\\/www.cde.ual.es\\\/en\\\/future-eu-uk-partnership-draft-legal-text\\\/\"},\"author\":{\"name\":\"AdminCDE\",\"@id\":\"https:\\\/\\\/www.cde.ual.es\\\/#\\\/schema\\\/person\\\/224ef08c8bcc005f319d2713ce37ee5f\"},\"headline\":\"Future EU-UK Partnership: draft legal text\",\"datePublished\":\"2020-03-23T02:00:08+00:00\",\"mainEntityOfPage\":{\"@id\":\"https:\\\/\\\/www.cde.ual.es\\\/en\\\/future-eu-uk-partnership-draft-legal-text\\\/\"},\"wordCount\":269,\"commentCount\":0,\"publisher\":{\"@id\":\"https:\\\/\\\/www.cde.ual.es\\\/#organization\"},\"image\":{\"@id\":\"https:\\\/\\\/www.cde.ual.es\\\/en\\\/future-eu-uk-partnership-draft-legal-text\\\/#primaryimage\"},\"thumbnailUrl\":\"https:\\\/\\\/www.cde.ual.es\\\/wp-content\\\/uploads\\\/2018\\\/12\\\/brexit-2275630_640.jpg\",\"keywords\":[\"Brexit\"],\"articleSection\":[\"EU News\"],\"inLanguage\":\"en-US\",\"potentialAction\":[{\"@type\":\"CommentAction\",\"name\":\"Comment\",\"target\":[\"https:\\\/\\\/www.cde.ual.es\\\/en\\\/future-eu-uk-partnership-draft-legal-text\\\/#respond\"]}]},{\"@type\":\"WebPage\",\"@id\":\"https:\\\/\\\/www.cde.ual.es\\\/en\\\/future-eu-uk-partnership-draft-legal-text\\\/\",\"url\":\"https:\\\/\\\/www.cde.ual.es\\\/en\\\/future-eu-uk-partnership-draft-legal-text\\\/\",\"name\":\"Future EU-UK Partnership: draft legal text | CDE Almer\u00eda - Centro de Documentaci\u00f3n Europea - Universidad de Almer\u00eda\",\"isPartOf\":{\"@id\":\"https:\\\/\\\/www.cde.ual.es\\\/#website\"},\"primaryImageOfPage\":{\"@id\":\"https:\\\/\\\/www.cde.ual.es\\\/en\\\/future-eu-uk-partnership-draft-legal-text\\\/#primaryimage\"},\"image\":{\"@id\":\"https:\\\/\\\/www.cde.ual.es\\\/en\\\/future-eu-uk-partnership-draft-legal-text\\\/#primaryimage\"},\"thumbnailUrl\":\"https:\\\/\\\/www.cde.ual.es\\\/wp-content\\\/uploads\\\/2018\\\/12\\\/brexit-2275630_640.jpg\",\"datePublished\":\"2020-03-23T02:00:08+00:00\",\"breadcrumb\":{\"@id\":\"https:\\\/\\\/www.cde.ual.es\\\/en\\\/future-eu-uk-partnership-draft-legal-text\\\/#breadcrumb\"},\"inLanguage\":\"en-US\",\"potentialAction\":[{\"@type\":\"ReadAction\",\"target\":[\"https:\\\/\\\/www.cde.ual.es\\\/en\\\/future-eu-uk-partnership-draft-legal-text\\\/\"]}]},{\"@type\":\"ImageObject\",\"inLanguage\":\"en-US\",\"@id\":\"https:\\\/\\\/www.cde.ual.es\\\/en\\\/future-eu-uk-partnership-draft-legal-text\\\/#primaryimage\",\"url\":\"https:\\\/\\\/www.cde.ual.es\\\/wp-content\\\/uploads\\\/2018\\\/12\\\/brexit-2275630_640.jpg\",\"contentUrl\":\"https:\\\/\\\/www.cde.ual.es\\\/wp-content\\\/uploads\\\/2018\\\/12\\\/brexit-2275630_640.jpg\",\"width\":640,\"height\":426},{\"@type\":\"BreadcrumbList\",\"@id\":\"https:\\\/\\\/www.cde.ual.es\\\/en\\\/future-eu-uk-partnership-draft-legal-text\\\/#breadcrumb\",\"itemListElement\":[{\"@type\":\"ListItem\",\"position\":1,\"name\":\"Inicio\",\"item\":\"https:\\\/\\\/www.cde.ual.es\\\/en\\\/\"},{\"@type\":\"ListItem\",\"position\":2,\"name\":\"EU News\",\"item\":\"https:\\\/\\\/www.cde.ual.es\\\/en\\\/category\\\/eu-news\\\/\"},{\"@type\":\"ListItem\",\"position\":3,\"name\":\"Future EU-UK Partnership: draft legal text\"}]},{\"@type\":\"WebSite\",\"@id\":\"https:\\\/\\\/www.cde.ual.es\\\/#website\",\"url\":\"https:\\\/\\\/www.cde.ual.es\\\/\",\"name\":\"CDE Almer\u00eda - Centro de Documentaci\u00f3n Europea - Universidad de Almer\u00eda\",\"description\":\"Centro de Documentaci\u00f3n Europea de la Universidad de Almer\u00eda\",\"publisher\":{\"@id\":\"https:\\\/\\\/www.cde.ual.es\\\/#organization\"},\"alternateName\":\"CDE Almer\u00eda\",\"potentialAction\":[{\"@type\":\"SearchAction\",\"target\":{\"@type\":\"EntryPoint\",\"urlTemplate\":\"https:\\\/\\\/www.cde.ual.es\\\/?s={search_term_string}\"},\"query-input\":{\"@type\":\"PropertyValueSpecification\",\"valueRequired\":true,\"valueName\":\"search_term_string\"}}],\"inLanguage\":\"en-US\"},{\"@type\":\"Organization\",\"@id\":\"https:\\\/\\\/www.cde.ual.es\\\/#organization\",\"name\":\"Centro de Documentaci\u00f3n Europea de Almer\u00eda\",\"url\":\"https:\\\/\\\/www.cde.ual.es\\\/\",\"logo\":{\"@type\":\"ImageObject\",\"inLanguage\":\"en-US\",\"@id\":\"https:\\\/\\\/www.cde.ual.es\\\/#\\\/schema\\\/logo\\\/image\\\/\",\"url\":\"https:\\\/\\\/www.cde.ual.es\\\/wp-content\\\/uploads\\\/2025\\\/07\\\/cde-logo-3.png\",\"contentUrl\":\"https:\\\/\\\/www.cde.ual.es\\\/wp-content\\\/uploads\\\/2025\\\/07\\\/cde-logo-3.png\",\"width\":1400,\"height\":300,\"caption\":\"Centro de Documentaci\u00f3n Europea de Almer\u00eda\"},\"image\":{\"@id\":\"https:\\\/\\\/www.cde.ual.es\\\/#\\\/schema\\\/logo\\\/image\\\/\"},\"sameAs\":[\"https:\\\/\\\/www.facebook.com\\\/cdeuniversidadalmeria\\\/\",\"https:\\\/\\\/x.com\\\/cdeualmeria\",\"https:\\\/\\\/www.tiktok.com\\\/@cdealmeria\",\"https:\\\/\\\/www.instagram.com\\\/cdealmeria\\\/\",\"https:\\\/\\\/www.linkedin.com\\\/in\\\/cde-almera-812b26a9\\\/\"]},{\"@type\":\"Person\",\"@id\":\"https:\\\/\\\/www.cde.ual.es\\\/#\\\/schema\\\/person\\\/224ef08c8bcc005f319d2713ce37ee5f\",\"name\":\"AdminCDE\",\"image\":{\"@type\":\"ImageObject\",\"inLanguage\":\"en-US\",\"@id\":\"https:\\\/\\\/secure.gravatar.com\\\/avatar\\\/a72d038d371f995cd13706fac32274b7952a52e8fb0a84b5f80c85426f2a98a8?s=96&d=mm&r=g\",\"url\":\"https:\\\/\\\/secure.gravatar.com\\\/avatar\\\/a72d038d371f995cd13706fac32274b7952a52e8fb0a84b5f80c85426f2a98a8?s=96&d=mm&r=g\",\"contentUrl\":\"https:\\\/\\\/secure.gravatar.com\\\/avatar\\\/a72d038d371f995cd13706fac32274b7952a52e8fb0a84b5f80c85426f2a98a8?s=96&d=mm&r=g\",\"caption\":\"AdminCDE\"}}]}<\/script>\n<!-- \/ Yoast SEO plugin. -->","yoast_head_json":{"title":"Future EU-UK Partnership: draft legal text | CDE Almer\u00eda - Centro de Documentaci\u00f3n Europea - Universidad de Almer\u00eda","robots":{"index":"index","follow":"follow","max-snippet":"max-snippet:-1","max-image-preview":"max-image-preview:large","max-video-preview":"max-video-preview:-1"},"canonical":"https:\/\/www.cde.ual.es\/en\/future-eu-uk-partnership-draft-legal-text\/","og_locale":"en_US","og_type":"article","og_title":"Future EU-UK Partnership: draft legal text | CDE Almer\u00eda - Centro de Documentaci\u00f3n Europea - Universidad de Almer\u00eda","og_description":"The European Commission has published a draft legal agreement for the future EU-UK partnership. It translates into a legal text the negotiating directives\u00a0approved by Member States in the General Affairs Council on 25 February 2020, in line with\u00a0the Political Declaration\u00a0agreed between the EU and the UK in October 2019. The text follows consultations with the [&hellip;]","og_url":"https:\/\/www.cde.ual.es\/en\/future-eu-uk-partnership-draft-legal-text\/","og_site_name":"CDE Almer\u00eda - Centro de Documentaci\u00f3n Europea - Universidad de Almer\u00eda","article_publisher":"https:\/\/www.facebook.com\/cdeuniversidadalmeria\/","article_published_time":"2020-03-23T02:00:08+00:00","og_image":[{"width":640,"height":426,"url":"https:\/\/www.cde.ual.es\/wp-content\/uploads\/2018\/12\/brexit-2275630_640.jpg","type":"image\/jpeg"}],"author":"AdminCDE","twitter_card":"summary_large_image","twitter_creator":"@cdeualmeria","twitter_site":"@cdeualmeria","twitter_misc":{"Written by":"AdminCDE","Est. reading time":"1 minute"},"schema":{"@context":"https:\/\/schema.org","@graph":[{"@type":"Article","@id":"https:\/\/www.cde.ual.es\/en\/future-eu-uk-partnership-draft-legal-text\/#article","isPartOf":{"@id":"https:\/\/www.cde.ual.es\/en\/future-eu-uk-partnership-draft-legal-text\/"},"author":{"name":"AdminCDE","@id":"https:\/\/www.cde.ual.es\/#\/schema\/person\/224ef08c8bcc005f319d2713ce37ee5f"},"headline":"Future EU-UK Partnership: draft legal text","datePublished":"2020-03-23T02:00:08+00:00","mainEntityOfPage":{"@id":"https:\/\/www.cde.ual.es\/en\/future-eu-uk-partnership-draft-legal-text\/"},"wordCount":269,"commentCount":0,"publisher":{"@id":"https:\/\/www.cde.ual.es\/#organization"},"image":{"@id":"https:\/\/www.cde.ual.es\/en\/future-eu-uk-partnership-draft-legal-text\/#primaryimage"},"thumbnailUrl":"https:\/\/www.cde.ual.es\/wp-content\/uploads\/2018\/12\/brexit-2275630_640.jpg","keywords":["Brexit"],"articleSection":["EU News"],"inLanguage":"en-US","potentialAction":[{"@type":"CommentAction","name":"Comment","target":["https:\/\/www.cde.ual.es\/en\/future-eu-uk-partnership-draft-legal-text\/#respond"]}]},{"@type":"WebPage","@id":"https:\/\/www.cde.ual.es\/en\/future-eu-uk-partnership-draft-legal-text\/","url":"https:\/\/www.cde.ual.es\/en\/future-eu-uk-partnership-draft-legal-text\/","name":"Future EU-UK Partnership: draft legal text | CDE Almer\u00eda - Centro de Documentaci\u00f3n Europea - Universidad de Almer\u00eda","isPartOf":{"@id":"https:\/\/www.cde.ual.es\/#website"},"primaryImageOfPage":{"@id":"https:\/\/www.cde.ual.es\/en\/future-eu-uk-partnership-draft-legal-text\/#primaryimage"},"image":{"@id":"https:\/\/www.cde.ual.es\/en\/future-eu-uk-partnership-draft-legal-text\/#primaryimage"},"thumbnailUrl":"https:\/\/www.cde.ual.es\/wp-content\/uploads\/2018\/12\/brexit-2275630_640.jpg","datePublished":"2020-03-23T02:00:08+00:00","breadcrumb":{"@id":"https:\/\/www.cde.ual.es\/en\/future-eu-uk-partnership-draft-legal-text\/#breadcrumb"},"inLanguage":"en-US","potentialAction":[{"@type":"ReadAction","target":["https:\/\/www.cde.ual.es\/en\/future-eu-uk-partnership-draft-legal-text\/"]}]},{"@type":"ImageObject","inLanguage":"en-US","@id":"https:\/\/www.cde.ual.es\/en\/future-eu-uk-partnership-draft-legal-text\/#primaryimage","url":"https:\/\/www.cde.ual.es\/wp-content\/uploads\/2018\/12\/brexit-2275630_640.jpg","contentUrl":"https:\/\/www.cde.ual.es\/wp-content\/uploads\/2018\/12\/brexit-2275630_640.jpg","width":640,"height":426},{"@type":"BreadcrumbList","@id":"https:\/\/www.cde.ual.es\/en\/future-eu-uk-partnership-draft-legal-text\/#breadcrumb","itemListElement":[{"@type":"ListItem","position":1,"name":"Inicio","item":"https:\/\/www.cde.ual.es\/en\/"},{"@type":"ListItem","position":2,"name":"EU News","item":"https:\/\/www.cde.ual.es\/en\/category\/eu-news\/"},{"@type":"ListItem","position":3,"name":"Future EU-UK Partnership: draft legal text"}]},{"@type":"WebSite","@id":"https:\/\/www.cde.ual.es\/#website","url":"https:\/\/www.cde.ual.es\/","name":"CDE Almer\u00eda - Centro de Documentaci\u00f3n Europea - Universidad de Almer\u00eda","description":"Centro de Documentaci\u00f3n Europea de la Universidad de Almer\u00eda","publisher":{"@id":"https:\/\/www.cde.ual.es\/#organization"},"alternateName":"CDE Almer\u00eda","potentialAction":[{"@type":"SearchAction","target":{"@type":"EntryPoint","urlTemplate":"https:\/\/www.cde.ual.es\/?s={search_term_string}"},"query-input":{"@type":"PropertyValueSpecification","valueRequired":true,"valueName":"search_term_string"}}],"inLanguage":"en-US"},{"@type":"Organization","@id":"https:\/\/www.cde.ual.es\/#organization","name":"Centro de Documentaci\u00f3n Europea de Almer\u00eda","url":"https:\/\/www.cde.ual.es\/","logo":{"@type":"ImageObject","inLanguage":"en-US","@id":"https:\/\/www.cde.ual.es\/#\/schema\/logo\/image\/","url":"https:\/\/www.cde.ual.es\/wp-content\/uploads\/2025\/07\/cde-logo-3.png","contentUrl":"https:\/\/www.cde.ual.es\/wp-content\/uploads\/2025\/07\/cde-logo-3.png","width":1400,"height":300,"caption":"Centro de Documentaci\u00f3n Europea de Almer\u00eda"},"image":{"@id":"https:\/\/www.cde.ual.es\/#\/schema\/logo\/image\/"},"sameAs":["https:\/\/www.facebook.com\/cdeuniversidadalmeria\/","https:\/\/x.com\/cdeualmeria","https:\/\/www.tiktok.com\/@cdealmeria","https:\/\/www.instagram.com\/cdealmeria\/","https:\/\/www.linkedin.com\/in\/cde-almera-812b26a9\/"]},{"@type":"Person","@id":"https:\/\/www.cde.ual.es\/#\/schema\/person\/224ef08c8bcc005f319d2713ce37ee5f","name":"AdminCDE","image":{"@type":"ImageObject","inLanguage":"en-US","@id":"https:\/\/secure.gravatar.com\/avatar\/a72d038d371f995cd13706fac32274b7952a52e8fb0a84b5f80c85426f2a98a8?s=96&d=mm&r=g","url":"https:\/\/secure.gravatar.com\/avatar\/a72d038d371f995cd13706fac32274b7952a52e8fb0a84b5f80c85426f2a98a8?s=96&d=mm&r=g","contentUrl":"https:\/\/secure.gravatar.com\/avatar\/a72d038d371f995cd13706fac32274b7952a52e8fb0a84b5f80c85426f2a98a8?s=96&d=mm&r=g","caption":"AdminCDE"}}]}},"_links":{"self":[{"href":"https:\/\/www.cde.ual.es\/en\/wp-json\/wp\/v2\/posts\/39259","targetHints":{"allow":["GET"]}}],"collection":[{"href":"https:\/\/www.cde.ual.es\/en\/wp-json\/wp\/v2\/posts"}],"about":[{"href":"https:\/\/www.cde.ual.es\/en\/wp-json\/wp\/v2\/types\/post"}],"author":[{"embeddable":true,"href":"https:\/\/www.cde.ual.es\/en\/wp-json\/wp\/v2\/users\/1"}],"replies":[{"embeddable":true,"href":"https:\/\/www.cde.ual.es\/en\/wp-json\/wp\/v2\/comments?post=39259"}],"version-history":[{"count":0,"href":"https:\/\/www.cde.ual.es\/en\/wp-json\/wp\/v2\/posts\/39259\/revisions"}],"wp:featuredmedia":[{"embeddable":true,"href":"https:\/\/www.cde.ual.es\/en\/wp-json\/wp\/v2\/media\/14668"}],"wp:attachment":[{"href":"https:\/\/www.cde.ual.es\/en\/wp-json\/wp\/v2\/media?parent=39259"}],"wp:term":[{"taxonomy":"category","embeddable":true,"href":"https:\/\/www.cde.ual.es\/en\/wp-json\/wp\/v2\/categories?post=39259"},{"taxonomy":"post_tag","embeddable":true,"href":"https:\/\/www.cde.ual.es\/en\/wp-json\/wp\/v2\/tags?post=39259"}],"curies":[{"name":"wp","href":"https:\/\/api.w.org\/{rel}","templated":true}]}}