{"id":38911,"date":"2020-03-19T11:05:22","date_gmt":"2020-03-19T10:05:22","guid":{"rendered":"https:\/\/www.cde.ual.es\/?p=38911"},"modified":"2020-03-19T11:05:42","modified_gmt":"2020-03-19T10:05:42","slug":"coronavirus-european-team-of-scientific-experts-strengthen-eu-coordination-and-medical-response","status":"publish","type":"post","link":"https:\/\/www.cde.ual.es\/en\/coronavirus-european-team-of-scientific-experts-strengthen-eu-coordination-and-medical-response\/","title":{"rendered":"Coronavirus: European team of scientific experts strengthen EU coordination and medical response"},"content":{"rendered":"<p>The <strong>European Commission<\/strong> launched an <strong>advisory panel on COVID-19<\/strong> composed of epidemiologists and virologists from different Member States to formulate<strong> EU guidelines on science-based and coordinated risk management measures.<\/strong><\/p>\n<p><a href=\"https:\/\/www.cde.ual.es\/wp-content\/uploads\/2020\/01\/scientist-2141259_1920.jpg\"><img decoding=\"async\" class=\"size-medium wp-image-32506 aligncenter\" src=\"https:\/\/www.cde.ual.es\/wp-content\/uploads\/2020\/01\/scientist-2141259_1920-300x200.jpg\" alt=\"\" width=\"300\" height=\"200\" srcset=\"https:\/\/www.cde.ual.es\/wp-content\/uploads\/2020\/01\/scientist-2141259_1920-300x200.jpg 300w, https:\/\/www.cde.ual.es\/wp-content\/uploads\/2020\/01\/scientist-2141259_1920-768x512.jpg 768w, https:\/\/www.cde.ual.es\/wp-content\/uploads\/2020\/01\/scientist-2141259_1920-1024x683.jpg 1024w, https:\/\/www.cde.ual.es\/wp-content\/uploads\/2020\/01\/scientist-2141259_1920.jpg 1920w\" sizes=\"(max-width: 300px) 100vw, 300px\" \/><\/a><\/p>\n<p>This panel, which was created following a\u00a0mandate by EU Member States, will be chaired by the Commission President, Ursula\u00a0<strong>von der Leyen<\/strong>, and co-chaired by Stella\u00a0<strong>Kyriakides,<\/strong>\u00a0Commissioner for Health and Food Safety.<\/p>\n<p>Stella\u00a0Kyriakides, Commissioner for Health and Food Safety, said:<\/p>\n<blockquote><p><em>\u201cTogether with our public health professionals, clinical practitioners, epidemiologists and virologists, we are at the forefront of the fight against the spread of COVID-19.\u201d<\/em><\/p><\/blockquote>\n<p>The panel will provide advice to the Commission on the following:<\/p>\n<ul>\n<li>Formulation of response measures to be addressed to all Member States in line with the different stages of the epidemic in the EU as a whole and taking into account particular Member State contexts;<\/li>\n<li>Identification and mitigation of significant gaps, inconsistencies or inadequacies in measures taken or to be taken to contain and manage the spread of COVID-19, including in clinical management and treatment, and overcome its impact;<\/li>\n<li>Prioritisation of health care, civil protection and other resources as well as support measures to be organised or coordinated at EU level;<\/li>\n<li>Subsequently, recommendation of policy measures for addressing and mitigating long-term consequences of COVID-19.<\/li>\n<\/ul>\n<p>The panel is composed of seven members from six Member States who will act in their personal capacities and independently. The\u00a0European Centre for Disease Prevention and Control\u00a0(ECDC), the\u00a0European Medicines Agency\u00a0(EMA) and the\u00a0Emergency Response Coordination Centre\u00a0(ERCC) will participate as observers.<\/p>\n<p>The members will deliberate at least twice a week \u2013 if not more \u2013 through videoconferencing, based on questions put forward by the Commission or on their own initiative.<\/p>\n<p>The panel&#8217;s first official meeting has taken place on Wednesday 18 March. The Commission will publish the group&#8217;s agenda and documents online\u00a0on the panel&#8217;s page to ensure transparent, coordinated communications around the EU&#8217;s response to tackling the spread of the epidemic.<\/p>\n<h3>More information<\/h3>\n<p><a href=\"https:\/\/ec.europa.eu\/commission\/presscorner\/detail\/en\/ip_20_481\">Full news<\/a><\/p>\n","protected":false},"excerpt":{"rendered":"<p>The European Commission launched an advisory panel on COVID-19 composed of epidemiologists and virologists from different Member States to formulate EU guidelines on science-based and coordinated risk management measures. This panel, which was created following a\u00a0mandate by EU Member States, will be chaired by the Commission President, Ursula\u00a0von der Leyen, and co-chaired by Stella\u00a0Kyriakides,\u00a0Commissioner for [&hellip;]<\/p>\n","protected":false},"author":101012,"featured_media":32506,"comment_status":"open","ping_status":"open","sticky":false,"template":"","format":"standard","meta":{"_acf_changed":false,"_relevanssi_hide_post":"","_relevanssi_hide_content":"","_relevanssi_pin_for_all":"","_relevanssi_pin_keywords":"","_relevanssi_unpin_keywords":"","_relevanssi_related_keywords":"","_relevanssi_related_include_ids":"","_relevanssi_related_exclude_ids":"","_relevanssi_related_no_append":"","_relevanssi_related_not_related":"","_relevanssi_related_posts":"","_relevanssi_noindex_reason":"","_monsterinsights_skip_tracking":false,"_monsterinsights_sitenote_active":false,"_monsterinsights_sitenote_note":"","_monsterinsights_sitenote_category":0,"_genesis_hide_title":false,"_genesis_hide_breadcrumbs":false,"_genesis_hide_singular_image":false,"_genesis_hide_footer_widgets":false,"_genesis_custom_body_class":"","_genesis_custom_post_class":"","_genesis_layout":"","footnotes":""},"categories":[346],"tags":[1322,1352,1488],"class_list":{"0":"post-38911","1":"post","2":"type-post","3":"status-publish","4":"format-standard","5":"has-post-thumbnail","7":"category-eu-news","8":"tag-coronavirus-en","9":"tag-covid-19","10":"tag-european-commission","11":"entry"},"acf":[],"yoast_head":"<!-- This site is optimized with the Yoast SEO plugin v27.5 - https:\/\/yoast.com\/product\/yoast-seo-wordpress\/ -->\n<title>Coronavirus: European team of scientific experts strengthen EU coordination and medical response | CDE Almer\u00eda - Centro de Documentaci\u00f3n Europea - Universidad de Almer\u00eda<\/title>\n<meta name=\"robots\" content=\"index, follow, max-snippet:-1, max-image-preview:large, max-video-preview:-1\" \/>\n<link rel=\"canonical\" href=\"https:\/\/www.cde.ual.es\/en\/coronavirus-european-team-of-scientific-experts-strengthen-eu-coordination-and-medical-response\/\" \/>\n<meta property=\"og:locale\" content=\"en_US\" \/>\n<meta property=\"og:type\" content=\"article\" \/>\n<meta property=\"og:title\" content=\"Coronavirus: European team of scientific experts strengthen EU coordination and medical response | CDE Almer\u00eda - Centro de Documentaci\u00f3n Europea - Universidad de Almer\u00eda\" \/>\n<meta property=\"og:description\" content=\"The European Commission launched an advisory panel on COVID-19 composed of epidemiologists and virologists from different Member States to formulate EU guidelines on science-based and coordinated risk management measures. This panel, which was created following a\u00a0mandate by EU Member States, will be chaired by the Commission President, Ursula\u00a0von der Leyen, and co-chaired by Stella\u00a0Kyriakides,\u00a0Commissioner for [&hellip;]\" \/>\n<meta property=\"og:url\" content=\"https:\/\/www.cde.ual.es\/en\/coronavirus-european-team-of-scientific-experts-strengthen-eu-coordination-and-medical-response\/\" \/>\n<meta property=\"og:site_name\" content=\"CDE Almer\u00eda - Centro de Documentaci\u00f3n Europea - Universidad de Almer\u00eda\" \/>\n<meta property=\"article:publisher\" content=\"https:\/\/www.facebook.com\/cdeuniversidadalmeria\/\" \/>\n<meta property=\"article:published_time\" content=\"2020-03-19T10:05:22+00:00\" \/>\n<meta property=\"article:modified_time\" content=\"2020-03-19T10:05:42+00:00\" \/>\n<meta property=\"og:image\" content=\"https:\/\/www.cde.ual.es\/wp-content\/uploads\/2020\/01\/scientist-2141259_1920.jpg\" \/>\n\t<meta property=\"og:image:width\" content=\"1920\" \/>\n\t<meta property=\"og:image:height\" content=\"1280\" \/>\n\t<meta property=\"og:image:type\" content=\"image\/jpeg\" \/>\n<meta name=\"author\" content=\"BECACDE1\" \/>\n<meta name=\"twitter:card\" content=\"summary_large_image\" \/>\n<meta name=\"twitter:creator\" content=\"@cdeualmeria\" \/>\n<meta name=\"twitter:site\" content=\"@cdeualmeria\" \/>\n<meta name=\"twitter:label1\" content=\"Written by\" \/>\n\t<meta name=\"twitter:data1\" content=\"BECACDE1\" \/>\n\t<meta name=\"twitter:label2\" content=\"Est. reading time\" \/>\n\t<meta name=\"twitter:data2\" content=\"2 minutes\" \/>\n<script type=\"application\/ld+json\" class=\"yoast-schema-graph\">{\"@context\":\"https:\\\/\\\/schema.org\",\"@graph\":[{\"@type\":\"Article\",\"@id\":\"https:\\\/\\\/www.cde.ual.es\\\/en\\\/coronavirus-european-team-of-scientific-experts-strengthen-eu-coordination-and-medical-response\\\/#article\",\"isPartOf\":{\"@id\":\"https:\\\/\\\/www.cde.ual.es\\\/en\\\/coronavirus-european-team-of-scientific-experts-strengthen-eu-coordination-and-medical-response\\\/\"},\"author\":{\"name\":\"BECACDE1\",\"@id\":\"https:\\\/\\\/www.cde.ual.es\\\/#\\\/schema\\\/person\\\/bf2f837cf3353e2161fe1087adbd728f\"},\"headline\":\"Coronavirus: European team of scientific experts strengthen EU coordination and medical response\",\"datePublished\":\"2020-03-19T10:05:22+00:00\",\"dateModified\":\"2020-03-19T10:05:42+00:00\",\"mainEntityOfPage\":{\"@id\":\"https:\\\/\\\/www.cde.ual.es\\\/en\\\/coronavirus-european-team-of-scientific-experts-strengthen-eu-coordination-and-medical-response\\\/\"},\"wordCount\":343,\"commentCount\":0,\"publisher\":{\"@id\":\"https:\\\/\\\/www.cde.ual.es\\\/#organization\"},\"image\":{\"@id\":\"https:\\\/\\\/www.cde.ual.es\\\/en\\\/coronavirus-european-team-of-scientific-experts-strengthen-eu-coordination-and-medical-response\\\/#primaryimage\"},\"thumbnailUrl\":\"https:\\\/\\\/www.cde.ual.es\\\/wp-content\\\/uploads\\\/2020\\\/01\\\/scientist-2141259_1920.jpg\",\"keywords\":[\"Coronavirus\",\"covid-19\",\"European Commission\"],\"articleSection\":[\"EU News\"],\"inLanguage\":\"en-US\",\"potentialAction\":[{\"@type\":\"CommentAction\",\"name\":\"Comment\",\"target\":[\"https:\\\/\\\/www.cde.ual.es\\\/en\\\/coronavirus-european-team-of-scientific-experts-strengthen-eu-coordination-and-medical-response\\\/#respond\"]}]},{\"@type\":\"WebPage\",\"@id\":\"https:\\\/\\\/www.cde.ual.es\\\/en\\\/coronavirus-european-team-of-scientific-experts-strengthen-eu-coordination-and-medical-response\\\/\",\"url\":\"https:\\\/\\\/www.cde.ual.es\\\/en\\\/coronavirus-european-team-of-scientific-experts-strengthen-eu-coordination-and-medical-response\\\/\",\"name\":\"Coronavirus: European team of scientific experts strengthen EU coordination and medical response | CDE Almer\u00eda - Centro de Documentaci\u00f3n Europea - Universidad de Almer\u00eda\",\"isPartOf\":{\"@id\":\"https:\\\/\\\/www.cde.ual.es\\\/#website\"},\"primaryImageOfPage\":{\"@id\":\"https:\\\/\\\/www.cde.ual.es\\\/en\\\/coronavirus-european-team-of-scientific-experts-strengthen-eu-coordination-and-medical-response\\\/#primaryimage\"},\"image\":{\"@id\":\"https:\\\/\\\/www.cde.ual.es\\\/en\\\/coronavirus-european-team-of-scientific-experts-strengthen-eu-coordination-and-medical-response\\\/#primaryimage\"},\"thumbnailUrl\":\"https:\\\/\\\/www.cde.ual.es\\\/wp-content\\\/uploads\\\/2020\\\/01\\\/scientist-2141259_1920.jpg\",\"datePublished\":\"2020-03-19T10:05:22+00:00\",\"dateModified\":\"2020-03-19T10:05:42+00:00\",\"breadcrumb\":{\"@id\":\"https:\\\/\\\/www.cde.ual.es\\\/en\\\/coronavirus-european-team-of-scientific-experts-strengthen-eu-coordination-and-medical-response\\\/#breadcrumb\"},\"inLanguage\":\"en-US\",\"potentialAction\":[{\"@type\":\"ReadAction\",\"target\":[\"https:\\\/\\\/www.cde.ual.es\\\/en\\\/coronavirus-european-team-of-scientific-experts-strengthen-eu-coordination-and-medical-response\\\/\"]}]},{\"@type\":\"ImageObject\",\"inLanguage\":\"en-US\",\"@id\":\"https:\\\/\\\/www.cde.ual.es\\\/en\\\/coronavirus-european-team-of-scientific-experts-strengthen-eu-coordination-and-medical-response\\\/#primaryimage\",\"url\":\"https:\\\/\\\/www.cde.ual.es\\\/wp-content\\\/uploads\\\/2020\\\/01\\\/scientist-2141259_1920.jpg\",\"contentUrl\":\"https:\\\/\\\/www.cde.ual.es\\\/wp-content\\\/uploads\\\/2020\\\/01\\\/scientist-2141259_1920.jpg\",\"width\":1920,\"height\":1280},{\"@type\":\"BreadcrumbList\",\"@id\":\"https:\\\/\\\/www.cde.ual.es\\\/en\\\/coronavirus-european-team-of-scientific-experts-strengthen-eu-coordination-and-medical-response\\\/#breadcrumb\",\"itemListElement\":[{\"@type\":\"ListItem\",\"position\":1,\"name\":\"Inicio\",\"item\":\"https:\\\/\\\/www.cde.ual.es\\\/en\\\/\"},{\"@type\":\"ListItem\",\"position\":2,\"name\":\"EU News\",\"item\":\"https:\\\/\\\/www.cde.ual.es\\\/en\\\/category\\\/eu-news\\\/\"},{\"@type\":\"ListItem\",\"position\":3,\"name\":\"Coronavirus: European team of scientific experts strengthen EU coordination and medical response\"}]},{\"@type\":\"WebSite\",\"@id\":\"https:\\\/\\\/www.cde.ual.es\\\/#website\",\"url\":\"https:\\\/\\\/www.cde.ual.es\\\/\",\"name\":\"CDE Almer\u00eda - Centro de Documentaci\u00f3n Europea - Universidad de Almer\u00eda\",\"description\":\"Centro de Documentaci\u00f3n Europea de la Universidad de Almer\u00eda\",\"publisher\":{\"@id\":\"https:\\\/\\\/www.cde.ual.es\\\/#organization\"},\"alternateName\":\"CDE Almer\u00eda\",\"potentialAction\":[{\"@type\":\"SearchAction\",\"target\":{\"@type\":\"EntryPoint\",\"urlTemplate\":\"https:\\\/\\\/www.cde.ual.es\\\/?s={search_term_string}\"},\"query-input\":{\"@type\":\"PropertyValueSpecification\",\"valueRequired\":true,\"valueName\":\"search_term_string\"}}],\"inLanguage\":\"en-US\"},{\"@type\":\"Organization\",\"@id\":\"https:\\\/\\\/www.cde.ual.es\\\/#organization\",\"name\":\"Centro de Documentaci\u00f3n Europea de Almer\u00eda\",\"url\":\"https:\\\/\\\/www.cde.ual.es\\\/\",\"logo\":{\"@type\":\"ImageObject\",\"inLanguage\":\"en-US\",\"@id\":\"https:\\\/\\\/www.cde.ual.es\\\/#\\\/schema\\\/logo\\\/image\\\/\",\"url\":\"https:\\\/\\\/www.cde.ual.es\\\/wp-content\\\/uploads\\\/2025\\\/07\\\/cde-logo-3.png\",\"contentUrl\":\"https:\\\/\\\/www.cde.ual.es\\\/wp-content\\\/uploads\\\/2025\\\/07\\\/cde-logo-3.png\",\"width\":1400,\"height\":300,\"caption\":\"Centro de Documentaci\u00f3n Europea de Almer\u00eda\"},\"image\":{\"@id\":\"https:\\\/\\\/www.cde.ual.es\\\/#\\\/schema\\\/logo\\\/image\\\/\"},\"sameAs\":[\"https:\\\/\\\/www.facebook.com\\\/cdeuniversidadalmeria\\\/\",\"https:\\\/\\\/x.com\\\/cdeualmeria\",\"https:\\\/\\\/www.tiktok.com\\\/@cdealmeria\",\"https:\\\/\\\/www.instagram.com\\\/cdealmeria\\\/\",\"https:\\\/\\\/www.linkedin.com\\\/in\\\/cde-almera-812b26a9\\\/\"]},{\"@type\":\"Person\",\"@id\":\"https:\\\/\\\/www.cde.ual.es\\\/#\\\/schema\\\/person\\\/bf2f837cf3353e2161fe1087adbd728f\",\"name\":\"BECACDE1\",\"image\":{\"@type\":\"ImageObject\",\"inLanguage\":\"en-US\",\"@id\":\"https:\\\/\\\/secure.gravatar.com\\\/avatar\\\/16a4c1e422b5dec818ee13eab3353b19db9cfd278cc10f9b0e1188a37671d9d4?s=96&d=mm&r=g\",\"url\":\"https:\\\/\\\/secure.gravatar.com\\\/avatar\\\/16a4c1e422b5dec818ee13eab3353b19db9cfd278cc10f9b0e1188a37671d9d4?s=96&d=mm&r=g\",\"contentUrl\":\"https:\\\/\\\/secure.gravatar.com\\\/avatar\\\/16a4c1e422b5dec818ee13eab3353b19db9cfd278cc10f9b0e1188a37671d9d4?s=96&d=mm&r=g\",\"caption\":\"BECACDE1\"},\"sameAs\":[\"http:\\\/\\\/www.cdealmeria.com\"]}]}<\/script>\n<!-- \/ Yoast SEO plugin. -->","yoast_head_json":{"title":"Coronavirus: European team of scientific experts strengthen EU coordination and medical response | CDE Almer\u00eda - Centro de Documentaci\u00f3n Europea - Universidad de Almer\u00eda","robots":{"index":"index","follow":"follow","max-snippet":"max-snippet:-1","max-image-preview":"max-image-preview:large","max-video-preview":"max-video-preview:-1"},"canonical":"https:\/\/www.cde.ual.es\/en\/coronavirus-european-team-of-scientific-experts-strengthen-eu-coordination-and-medical-response\/","og_locale":"en_US","og_type":"article","og_title":"Coronavirus: European team of scientific experts strengthen EU coordination and medical response | CDE Almer\u00eda - Centro de Documentaci\u00f3n Europea - Universidad de Almer\u00eda","og_description":"The European Commission launched an advisory panel on COVID-19 composed of epidemiologists and virologists from different Member States to formulate EU guidelines on science-based and coordinated risk management measures. This panel, which was created following a\u00a0mandate by EU Member States, will be chaired by the Commission President, Ursula\u00a0von der Leyen, and co-chaired by Stella\u00a0Kyriakides,\u00a0Commissioner for [&hellip;]","og_url":"https:\/\/www.cde.ual.es\/en\/coronavirus-european-team-of-scientific-experts-strengthen-eu-coordination-and-medical-response\/","og_site_name":"CDE Almer\u00eda - Centro de Documentaci\u00f3n Europea - Universidad de Almer\u00eda","article_publisher":"https:\/\/www.facebook.com\/cdeuniversidadalmeria\/","article_published_time":"2020-03-19T10:05:22+00:00","article_modified_time":"2020-03-19T10:05:42+00:00","og_image":[{"width":1920,"height":1280,"url":"https:\/\/www.cde.ual.es\/wp-content\/uploads\/2020\/01\/scientist-2141259_1920.jpg","type":"image\/jpeg"}],"author":"BECACDE1","twitter_card":"summary_large_image","twitter_creator":"@cdeualmeria","twitter_site":"@cdeualmeria","twitter_misc":{"Written by":"BECACDE1","Est. reading time":"2 minutes"},"schema":{"@context":"https:\/\/schema.org","@graph":[{"@type":"Article","@id":"https:\/\/www.cde.ual.es\/en\/coronavirus-european-team-of-scientific-experts-strengthen-eu-coordination-and-medical-response\/#article","isPartOf":{"@id":"https:\/\/www.cde.ual.es\/en\/coronavirus-european-team-of-scientific-experts-strengthen-eu-coordination-and-medical-response\/"},"author":{"name":"BECACDE1","@id":"https:\/\/www.cde.ual.es\/#\/schema\/person\/bf2f837cf3353e2161fe1087adbd728f"},"headline":"Coronavirus: European team of scientific experts strengthen EU coordination and medical response","datePublished":"2020-03-19T10:05:22+00:00","dateModified":"2020-03-19T10:05:42+00:00","mainEntityOfPage":{"@id":"https:\/\/www.cde.ual.es\/en\/coronavirus-european-team-of-scientific-experts-strengthen-eu-coordination-and-medical-response\/"},"wordCount":343,"commentCount":0,"publisher":{"@id":"https:\/\/www.cde.ual.es\/#organization"},"image":{"@id":"https:\/\/www.cde.ual.es\/en\/coronavirus-european-team-of-scientific-experts-strengthen-eu-coordination-and-medical-response\/#primaryimage"},"thumbnailUrl":"https:\/\/www.cde.ual.es\/wp-content\/uploads\/2020\/01\/scientist-2141259_1920.jpg","keywords":["Coronavirus","covid-19","European Commission"],"articleSection":["EU News"],"inLanguage":"en-US","potentialAction":[{"@type":"CommentAction","name":"Comment","target":["https:\/\/www.cde.ual.es\/en\/coronavirus-european-team-of-scientific-experts-strengthen-eu-coordination-and-medical-response\/#respond"]}]},{"@type":"WebPage","@id":"https:\/\/www.cde.ual.es\/en\/coronavirus-european-team-of-scientific-experts-strengthen-eu-coordination-and-medical-response\/","url":"https:\/\/www.cde.ual.es\/en\/coronavirus-european-team-of-scientific-experts-strengthen-eu-coordination-and-medical-response\/","name":"Coronavirus: European team of scientific experts strengthen EU coordination and medical response | CDE Almer\u00eda - Centro de Documentaci\u00f3n Europea - Universidad de Almer\u00eda","isPartOf":{"@id":"https:\/\/www.cde.ual.es\/#website"},"primaryImageOfPage":{"@id":"https:\/\/www.cde.ual.es\/en\/coronavirus-european-team-of-scientific-experts-strengthen-eu-coordination-and-medical-response\/#primaryimage"},"image":{"@id":"https:\/\/www.cde.ual.es\/en\/coronavirus-european-team-of-scientific-experts-strengthen-eu-coordination-and-medical-response\/#primaryimage"},"thumbnailUrl":"https:\/\/www.cde.ual.es\/wp-content\/uploads\/2020\/01\/scientist-2141259_1920.jpg","datePublished":"2020-03-19T10:05:22+00:00","dateModified":"2020-03-19T10:05:42+00:00","breadcrumb":{"@id":"https:\/\/www.cde.ual.es\/en\/coronavirus-european-team-of-scientific-experts-strengthen-eu-coordination-and-medical-response\/#breadcrumb"},"inLanguage":"en-US","potentialAction":[{"@type":"ReadAction","target":["https:\/\/www.cde.ual.es\/en\/coronavirus-european-team-of-scientific-experts-strengthen-eu-coordination-and-medical-response\/"]}]},{"@type":"ImageObject","inLanguage":"en-US","@id":"https:\/\/www.cde.ual.es\/en\/coronavirus-european-team-of-scientific-experts-strengthen-eu-coordination-and-medical-response\/#primaryimage","url":"https:\/\/www.cde.ual.es\/wp-content\/uploads\/2020\/01\/scientist-2141259_1920.jpg","contentUrl":"https:\/\/www.cde.ual.es\/wp-content\/uploads\/2020\/01\/scientist-2141259_1920.jpg","width":1920,"height":1280},{"@type":"BreadcrumbList","@id":"https:\/\/www.cde.ual.es\/en\/coronavirus-european-team-of-scientific-experts-strengthen-eu-coordination-and-medical-response\/#breadcrumb","itemListElement":[{"@type":"ListItem","position":1,"name":"Inicio","item":"https:\/\/www.cde.ual.es\/en\/"},{"@type":"ListItem","position":2,"name":"EU News","item":"https:\/\/www.cde.ual.es\/en\/category\/eu-news\/"},{"@type":"ListItem","position":3,"name":"Coronavirus: European team of scientific experts strengthen EU coordination and medical response"}]},{"@type":"WebSite","@id":"https:\/\/www.cde.ual.es\/#website","url":"https:\/\/www.cde.ual.es\/","name":"CDE Almer\u00eda - Centro de Documentaci\u00f3n Europea - Universidad de Almer\u00eda","description":"Centro de Documentaci\u00f3n Europea de la Universidad de Almer\u00eda","publisher":{"@id":"https:\/\/www.cde.ual.es\/#organization"},"alternateName":"CDE Almer\u00eda","potentialAction":[{"@type":"SearchAction","target":{"@type":"EntryPoint","urlTemplate":"https:\/\/www.cde.ual.es\/?s={search_term_string}"},"query-input":{"@type":"PropertyValueSpecification","valueRequired":true,"valueName":"search_term_string"}}],"inLanguage":"en-US"},{"@type":"Organization","@id":"https:\/\/www.cde.ual.es\/#organization","name":"Centro de Documentaci\u00f3n Europea de Almer\u00eda","url":"https:\/\/www.cde.ual.es\/","logo":{"@type":"ImageObject","inLanguage":"en-US","@id":"https:\/\/www.cde.ual.es\/#\/schema\/logo\/image\/","url":"https:\/\/www.cde.ual.es\/wp-content\/uploads\/2025\/07\/cde-logo-3.png","contentUrl":"https:\/\/www.cde.ual.es\/wp-content\/uploads\/2025\/07\/cde-logo-3.png","width":1400,"height":300,"caption":"Centro de Documentaci\u00f3n Europea de Almer\u00eda"},"image":{"@id":"https:\/\/www.cde.ual.es\/#\/schema\/logo\/image\/"},"sameAs":["https:\/\/www.facebook.com\/cdeuniversidadalmeria\/","https:\/\/x.com\/cdeualmeria","https:\/\/www.tiktok.com\/@cdealmeria","https:\/\/www.instagram.com\/cdealmeria\/","https:\/\/www.linkedin.com\/in\/cde-almera-812b26a9\/"]},{"@type":"Person","@id":"https:\/\/www.cde.ual.es\/#\/schema\/person\/bf2f837cf3353e2161fe1087adbd728f","name":"BECACDE1","image":{"@type":"ImageObject","inLanguage":"en-US","@id":"https:\/\/secure.gravatar.com\/avatar\/16a4c1e422b5dec818ee13eab3353b19db9cfd278cc10f9b0e1188a37671d9d4?s=96&d=mm&r=g","url":"https:\/\/secure.gravatar.com\/avatar\/16a4c1e422b5dec818ee13eab3353b19db9cfd278cc10f9b0e1188a37671d9d4?s=96&d=mm&r=g","contentUrl":"https:\/\/secure.gravatar.com\/avatar\/16a4c1e422b5dec818ee13eab3353b19db9cfd278cc10f9b0e1188a37671d9d4?s=96&d=mm&r=g","caption":"BECACDE1"},"sameAs":["http:\/\/www.cdealmeria.com"]}]}},"_links":{"self":[{"href":"https:\/\/www.cde.ual.es\/en\/wp-json\/wp\/v2\/posts\/38911","targetHints":{"allow":["GET"]}}],"collection":[{"href":"https:\/\/www.cde.ual.es\/en\/wp-json\/wp\/v2\/posts"}],"about":[{"href":"https:\/\/www.cde.ual.es\/en\/wp-json\/wp\/v2\/types\/post"}],"author":[{"embeddable":true,"href":"https:\/\/www.cde.ual.es\/en\/wp-json\/wp\/v2\/users\/101012"}],"replies":[{"embeddable":true,"href":"https:\/\/www.cde.ual.es\/en\/wp-json\/wp\/v2\/comments?post=38911"}],"version-history":[{"count":0,"href":"https:\/\/www.cde.ual.es\/en\/wp-json\/wp\/v2\/posts\/38911\/revisions"}],"wp:featuredmedia":[{"embeddable":true,"href":"https:\/\/www.cde.ual.es\/en\/wp-json\/wp\/v2\/media\/32506"}],"wp:attachment":[{"href":"https:\/\/www.cde.ual.es\/en\/wp-json\/wp\/v2\/media?parent=38911"}],"wp:term":[{"taxonomy":"category","embeddable":true,"href":"https:\/\/www.cde.ual.es\/en\/wp-json\/wp\/v2\/categories?post=38911"},{"taxonomy":"post_tag","embeddable":true,"href":"https:\/\/www.cde.ual.es\/en\/wp-json\/wp\/v2\/tags?post=38911"}],"curies":[{"name":"wp","href":"https:\/\/api.w.org\/{rel}","templated":true}]}}