{"id":38765,"date":"2020-03-17T12:00:15","date_gmt":"2020-03-17T11:00:15","guid":{"rendered":"https:\/\/www.cde.ual.es\/?p=38765"},"modified":"2020-03-17T13:08:11","modified_gmt":"2020-03-17T12:08:11","slug":"covid-19-meeting-of-the-members-of-the-european-council-17-de-marzo-de-2020","status":"publish","type":"post","link":"https:\/\/www.cde.ual.es\/en\/covid-19-meeting-of-the-members-of-the-european-council-17-de-marzo-de-2020\/","title":{"rendered":"Covid-19: Meeting of the members of the European Council, 17 de marzo de 2020"},"content":{"rendered":"<p>On 17 March at 17:00, the members of the European Council will follow up, by video conference, on the\u00a0<strong>EU actions<\/strong>\u00a0<strong>responding to the COVID-19 outbreak<\/strong>.<\/p>\n<p><a href=\"https:\/\/www.cde.ual.es\/wp-content\/uploads\/2017\/12\/Consejo-Europa.jpg\"><img decoding=\"async\" class=\"size-medium wp-image-30991 aligncenter\" src=\"https:\/\/www.cde.ual.es\/wp-content\/uploads\/2017\/12\/Consejo-Europa-300x200.jpg\" alt=\"\" width=\"300\" height=\"200\" srcset=\"https:\/\/www.cde.ual.es\/wp-content\/uploads\/2017\/12\/Consejo-Europa-300x200.jpg 300w, https:\/\/www.cde.ual.es\/wp-content\/uploads\/2017\/12\/Consejo-Europa-768x512.jpg 768w, https:\/\/www.cde.ual.es\/wp-content\/uploads\/2017\/12\/Consejo-Europa-1024x683.jpg 1024w, https:\/\/www.cde.ual.es\/wp-content\/uploads\/2017\/12\/Consejo-Europa.jpg 2000w\" sizes=\"(max-width: 300px) 100vw, 300px\" \/><\/a><\/p>\n<p><span style=\"font-size: 16px;\">President Charles Michel said:<\/span><\/p>\n<blockquote><p>Containing the spread of the virus, providing sufficient medical equipment, boosting research and limiting the economic fallout is key<\/p><\/blockquote>\n<h3>Second meeting<\/h3>\n<p>This will be the second meeting of this sort. On 10 March, the members of the European Council discussed, by video conference, how to\u00a0<strong>coordinate EU efforts.<\/strong><\/p>\n<ul class=\"council-link-list padding-bottom-20\">\n<li><a class=\"\" title=\"Meeting of the members of the European Council, 10 March 2020\" href=\"https:\/\/www.consilium.europa.eu\/es\/meetings\/european-council\/2020\/03\/10\/\">Meeting of the members of the European Council, 10 March 2020<\/a><\/li>\n<li><a class=\"\" title=\"Conclusions of the President of the European Council following the video conference on COVID-19\" href=\"https:\/\/www.consilium.europa.eu\/es\/press\/press-releases\/2020\/03\/10\/statement-by-the-president-of-the-european-council-following-the-video-conference-on-covid-19\/\">Conclusions of the President of the European Council following the video conference on COVID-19<\/a><\/li>\n<li><a class=\"\" title=\"Remarks by President Charles Michel after the G7 Leaders' videoconference on COVID-19\" href=\"https:\/\/www.consilium.europa.eu\/es\/press\/press-releases\/2020\/03\/16\/remarks-by-president-charles-michel-after-the-g7-leaders-videoconference-on-covid-19\/\">Remarks by President Charles Michel after the G7 Leaders&#8217; videoconference on COVID-19<\/a><\/li>\n<\/ul>\n<p>Member states expressed sympathy with Italy and other member states which have been severely affected. They stressed the need for a joint European approach and close coordination with the European Commission. They agreed that\u00a0<strong>health ministers and interior ministers should consult with one another on a daily basis<\/strong>\u00a0to ensure proper coordination of and direction for common European guidance.<\/p>\n<p>At the press conference following the meeting, President Michel presented four priorities which the leaders had identified:<\/p>\n<ul>\n<li><strong>limiting the spread of the virus<\/strong><\/li>\n<li>the provision of\u00a0<strong>medical equipment,<\/strong>\u00a0with a particular focus on masks and respirators<\/li>\n<li>promoting\u00a0<strong>research<\/strong>,\u00a0including research into a vaccine<\/li>\n<li>tackling\u00a0<strong>socio-economic consequences<\/strong><\/li>\n<\/ul>\n<h3>More information<\/h3>\n<p><a href=\"https:\/\/www.consilium.europa.eu\/es\/meetings\/european-council\/2020\/03\/17\/\">Press release<\/a><\/p>\n<p><a class=\"\" title=\"COVID-19 coronavirus outbreak (background information)\" href=\"https:\/\/www.consilium.europa.eu\/es\/policies\/covid-19-coronavirus-outbreak\/\">COVID-19 coronavirus outbreak (background information)<\/a><\/p>\n","protected":false},"excerpt":{"rendered":"<p>On 17 March at 17:00, the members of the European Council will follow up, by video conference, on the\u00a0EU actions\u00a0responding to the COVID-19 outbreak. President Charles Michel said: Containing the spread of the virus, providing sufficient medical equipment, boosting research and limiting the economic fallout is key Second meeting This will be the second meeting [&hellip;]<\/p>\n","protected":false},"author":1,"featured_media":30991,"comment_status":"open","ping_status":"open","sticky":false,"template":"","format":"standard","meta":{"_acf_changed":false,"_relevanssi_hide_post":"","_relevanssi_hide_content":"","_relevanssi_pin_for_all":"","_relevanssi_pin_keywords":"","_relevanssi_unpin_keywords":"","_relevanssi_related_keywords":"","_relevanssi_related_include_ids":"","_relevanssi_related_exclude_ids":"","_relevanssi_related_no_append":"","_relevanssi_related_not_related":"","_relevanssi_related_posts":"","_relevanssi_noindex_reason":"","_monsterinsights_skip_tracking":false,"_monsterinsights_sitenote_active":false,"_monsterinsights_sitenote_note":"","_monsterinsights_sitenote_category":0,"_genesis_hide_title":false,"_genesis_hide_breadcrumbs":false,"_genesis_hide_singular_image":false,"_genesis_hide_footer_widgets":false,"_genesis_custom_body_class":"","_genesis_custom_post_class":"","_genesis_layout":"","footnotes":""},"categories":[346],"tags":[1352],"class_list":{"0":"post-38765","1":"post","2":"type-post","3":"status-publish","4":"format-standard","5":"has-post-thumbnail","7":"category-eu-news","8":"tag-covid-19","9":"entry"},"acf":[],"yoast_head":"<!-- This site is optimized with the Yoast SEO plugin v27.4 - https:\/\/yoast.com\/product\/yoast-seo-wordpress\/ -->\n<title>Covid-19: Meeting of the members of the European Council, 17 de marzo de 2020 | CDE Almer\u00eda - Centro de Documentaci\u00f3n Europea - Universidad de Almer\u00eda<\/title>\n<meta name=\"robots\" content=\"index, follow, max-snippet:-1, max-image-preview:large, max-video-preview:-1\" \/>\n<link rel=\"canonical\" href=\"https:\/\/www.cde.ual.es\/en\/covid-19-meeting-of-the-members-of-the-european-council-17-de-marzo-de-2020\/\" \/>\n<meta property=\"og:locale\" content=\"en_US\" \/>\n<meta property=\"og:type\" content=\"article\" \/>\n<meta property=\"og:title\" content=\"Covid-19: Meeting of the members of the European Council, 17 de marzo de 2020 | CDE Almer\u00eda - Centro de Documentaci\u00f3n Europea - Universidad de Almer\u00eda\" \/>\n<meta property=\"og:description\" content=\"On 17 March at 17:00, the members of the European Council will follow up, by video conference, on the\u00a0EU actions\u00a0responding to the COVID-19 outbreak. President Charles Michel said: Containing the spread of the virus, providing sufficient medical equipment, boosting research and limiting the economic fallout is key Second meeting This will be the second meeting [&hellip;]\" \/>\n<meta property=\"og:url\" content=\"https:\/\/www.cde.ual.es\/en\/covid-19-meeting-of-the-members-of-the-european-council-17-de-marzo-de-2020\/\" \/>\n<meta property=\"og:site_name\" content=\"CDE Almer\u00eda - Centro de Documentaci\u00f3n Europea - Universidad de Almer\u00eda\" \/>\n<meta property=\"article:publisher\" content=\"https:\/\/www.facebook.com\/cdeuniversidadalmeria\/\" \/>\n<meta property=\"article:published_time\" content=\"2020-03-17T11:00:15+00:00\" \/>\n<meta property=\"article:modified_time\" content=\"2020-03-17T12:08:11+00:00\" \/>\n<meta property=\"og:image\" content=\"https:\/\/www.cde.ual.es\/wp-content\/uploads\/2017\/12\/Consejo-Europa.jpg\" \/>\n\t<meta property=\"og:image:width\" content=\"2000\" \/>\n\t<meta property=\"og:image:height\" content=\"1334\" \/>\n\t<meta property=\"og:image:type\" content=\"image\/jpeg\" \/>\n<meta name=\"author\" content=\"AdminCDE\" \/>\n<meta name=\"twitter:card\" content=\"summary_large_image\" \/>\n<meta name=\"twitter:creator\" content=\"@cdeualmeria\" \/>\n<meta name=\"twitter:site\" content=\"@cdeualmeria\" \/>\n<meta name=\"twitter:label1\" content=\"Written by\" \/>\n\t<meta name=\"twitter:data1\" content=\"AdminCDE\" \/>\n\t<meta name=\"twitter:label2\" content=\"Est. reading time\" \/>\n\t<meta name=\"twitter:data2\" content=\"1 minute\" \/>\n<script type=\"application\/ld+json\" class=\"yoast-schema-graph\">{\"@context\":\"https:\\\/\\\/schema.org\",\"@graph\":[{\"@type\":\"Article\",\"@id\":\"https:\\\/\\\/www.cde.ual.es\\\/en\\\/covid-19-meeting-of-the-members-of-the-european-council-17-de-marzo-de-2020\\\/#article\",\"isPartOf\":{\"@id\":\"https:\\\/\\\/www.cde.ual.es\\\/en\\\/covid-19-meeting-of-the-members-of-the-european-council-17-de-marzo-de-2020\\\/\"},\"author\":{\"name\":\"AdminCDE\",\"@id\":\"https:\\\/\\\/www.cde.ual.es\\\/#\\\/schema\\\/person\\\/224ef08c8bcc005f319d2713ce37ee5f\"},\"headline\":\"Covid-19: Meeting of the members of the European Council, 17 de marzo de 2020\",\"datePublished\":\"2020-03-17T11:00:15+00:00\",\"dateModified\":\"2020-03-17T12:08:11+00:00\",\"mainEntityOfPage\":{\"@id\":\"https:\\\/\\\/www.cde.ual.es\\\/en\\\/covid-19-meeting-of-the-members-of-the-european-council-17-de-marzo-de-2020\\\/\"},\"wordCount\":236,\"commentCount\":0,\"publisher\":{\"@id\":\"https:\\\/\\\/www.cde.ual.es\\\/#organization\"},\"image\":{\"@id\":\"https:\\\/\\\/www.cde.ual.es\\\/en\\\/covid-19-meeting-of-the-members-of-the-european-council-17-de-marzo-de-2020\\\/#primaryimage\"},\"thumbnailUrl\":\"https:\\\/\\\/www.cde.ual.es\\\/wp-content\\\/uploads\\\/2017\\\/12\\\/Consejo-Europa.jpg\",\"keywords\":[\"covid-19\"],\"articleSection\":[\"EU News\"],\"inLanguage\":\"en-US\",\"potentialAction\":[{\"@type\":\"CommentAction\",\"name\":\"Comment\",\"target\":[\"https:\\\/\\\/www.cde.ual.es\\\/en\\\/covid-19-meeting-of-the-members-of-the-european-council-17-de-marzo-de-2020\\\/#respond\"]}]},{\"@type\":\"WebPage\",\"@id\":\"https:\\\/\\\/www.cde.ual.es\\\/en\\\/covid-19-meeting-of-the-members-of-the-european-council-17-de-marzo-de-2020\\\/\",\"url\":\"https:\\\/\\\/www.cde.ual.es\\\/en\\\/covid-19-meeting-of-the-members-of-the-european-council-17-de-marzo-de-2020\\\/\",\"name\":\"Covid-19: Meeting of the members of the European Council, 17 de marzo de 2020 | CDE Almer\u00eda - Centro de Documentaci\u00f3n Europea - Universidad de Almer\u00eda\",\"isPartOf\":{\"@id\":\"https:\\\/\\\/www.cde.ual.es\\\/#website\"},\"primaryImageOfPage\":{\"@id\":\"https:\\\/\\\/www.cde.ual.es\\\/en\\\/covid-19-meeting-of-the-members-of-the-european-council-17-de-marzo-de-2020\\\/#primaryimage\"},\"image\":{\"@id\":\"https:\\\/\\\/www.cde.ual.es\\\/en\\\/covid-19-meeting-of-the-members-of-the-european-council-17-de-marzo-de-2020\\\/#primaryimage\"},\"thumbnailUrl\":\"https:\\\/\\\/www.cde.ual.es\\\/wp-content\\\/uploads\\\/2017\\\/12\\\/Consejo-Europa.jpg\",\"datePublished\":\"2020-03-17T11:00:15+00:00\",\"dateModified\":\"2020-03-17T12:08:11+00:00\",\"breadcrumb\":{\"@id\":\"https:\\\/\\\/www.cde.ual.es\\\/en\\\/covid-19-meeting-of-the-members-of-the-european-council-17-de-marzo-de-2020\\\/#breadcrumb\"},\"inLanguage\":\"en-US\",\"potentialAction\":[{\"@type\":\"ReadAction\",\"target\":[\"https:\\\/\\\/www.cde.ual.es\\\/en\\\/covid-19-meeting-of-the-members-of-the-european-council-17-de-marzo-de-2020\\\/\"]}]},{\"@type\":\"ImageObject\",\"inLanguage\":\"en-US\",\"@id\":\"https:\\\/\\\/www.cde.ual.es\\\/en\\\/covid-19-meeting-of-the-members-of-the-european-council-17-de-marzo-de-2020\\\/#primaryimage\",\"url\":\"https:\\\/\\\/www.cde.ual.es\\\/wp-content\\\/uploads\\\/2017\\\/12\\\/Consejo-Europa.jpg\",\"contentUrl\":\"https:\\\/\\\/www.cde.ual.es\\\/wp-content\\\/uploads\\\/2017\\\/12\\\/Consejo-Europa.jpg\",\"width\":2000,\"height\":1334,\"caption\":\"Project: Philippe SAMYN and PARTNERS architects &amp; engineers, LEAD and DESIGN PARTNER. Philippe Samyn and Partners architects &amp; engineers, Studio Valle Progettazioni architects, Buro Happold Limited engineers. Colours: Georges MEURANT Photo: Marie-Fran\u00e7oise Plissart\"},{\"@type\":\"BreadcrumbList\",\"@id\":\"https:\\\/\\\/www.cde.ual.es\\\/en\\\/covid-19-meeting-of-the-members-of-the-european-council-17-de-marzo-de-2020\\\/#breadcrumb\",\"itemListElement\":[{\"@type\":\"ListItem\",\"position\":1,\"name\":\"Inicio\",\"item\":\"https:\\\/\\\/www.cde.ual.es\\\/en\\\/\"},{\"@type\":\"ListItem\",\"position\":2,\"name\":\"EU News\",\"item\":\"https:\\\/\\\/www.cde.ual.es\\\/en\\\/category\\\/eu-news\\\/\"},{\"@type\":\"ListItem\",\"position\":3,\"name\":\"Covid-19: Meeting of the members of the European Council, 17 de marzo de 2020\"}]},{\"@type\":\"WebSite\",\"@id\":\"https:\\\/\\\/www.cde.ual.es\\\/#website\",\"url\":\"https:\\\/\\\/www.cde.ual.es\\\/\",\"name\":\"CDE Almer\u00eda - Centro de Documentaci\u00f3n Europea - Universidad de Almer\u00eda\",\"description\":\"Centro de Documentaci\u00f3n Europea de la Universidad de Almer\u00eda\",\"publisher\":{\"@id\":\"https:\\\/\\\/www.cde.ual.es\\\/#organization\"},\"alternateName\":\"CDE Almer\u00eda\",\"potentialAction\":[{\"@type\":\"SearchAction\",\"target\":{\"@type\":\"EntryPoint\",\"urlTemplate\":\"https:\\\/\\\/www.cde.ual.es\\\/?s={search_term_string}\"},\"query-input\":{\"@type\":\"PropertyValueSpecification\",\"valueRequired\":true,\"valueName\":\"search_term_string\"}}],\"inLanguage\":\"en-US\"},{\"@type\":\"Organization\",\"@id\":\"https:\\\/\\\/www.cde.ual.es\\\/#organization\",\"name\":\"Centro de Documentaci\u00f3n Europea de Almer\u00eda\",\"url\":\"https:\\\/\\\/www.cde.ual.es\\\/\",\"logo\":{\"@type\":\"ImageObject\",\"inLanguage\":\"en-US\",\"@id\":\"https:\\\/\\\/www.cde.ual.es\\\/#\\\/schema\\\/logo\\\/image\\\/\",\"url\":\"https:\\\/\\\/www.cde.ual.es\\\/wp-content\\\/uploads\\\/2025\\\/07\\\/cde-logo-3.png\",\"contentUrl\":\"https:\\\/\\\/www.cde.ual.es\\\/wp-content\\\/uploads\\\/2025\\\/07\\\/cde-logo-3.png\",\"width\":1400,\"height\":300,\"caption\":\"Centro de Documentaci\u00f3n Europea de Almer\u00eda\"},\"image\":{\"@id\":\"https:\\\/\\\/www.cde.ual.es\\\/#\\\/schema\\\/logo\\\/image\\\/\"},\"sameAs\":[\"https:\\\/\\\/www.facebook.com\\\/cdeuniversidadalmeria\\\/\",\"https:\\\/\\\/x.com\\\/cdeualmeria\",\"https:\\\/\\\/www.tiktok.com\\\/@cdealmeria\",\"https:\\\/\\\/www.instagram.com\\\/cdealmeria\\\/\",\"https:\\\/\\\/www.linkedin.com\\\/in\\\/cde-almera-812b26a9\\\/\"]},{\"@type\":\"Person\",\"@id\":\"https:\\\/\\\/www.cde.ual.es\\\/#\\\/schema\\\/person\\\/224ef08c8bcc005f319d2713ce37ee5f\",\"name\":\"AdminCDE\",\"image\":{\"@type\":\"ImageObject\",\"inLanguage\":\"en-US\",\"@id\":\"https:\\\/\\\/secure.gravatar.com\\\/avatar\\\/a72d038d371f995cd13706fac32274b7952a52e8fb0a84b5f80c85426f2a98a8?s=96&d=mm&r=g\",\"url\":\"https:\\\/\\\/secure.gravatar.com\\\/avatar\\\/a72d038d371f995cd13706fac32274b7952a52e8fb0a84b5f80c85426f2a98a8?s=96&d=mm&r=g\",\"contentUrl\":\"https:\\\/\\\/secure.gravatar.com\\\/avatar\\\/a72d038d371f995cd13706fac32274b7952a52e8fb0a84b5f80c85426f2a98a8?s=96&d=mm&r=g\",\"caption\":\"AdminCDE\"}}]}<\/script>\n<!-- \/ Yoast SEO plugin. -->","yoast_head_json":{"title":"Covid-19: Meeting of the members of the European Council, 17 de marzo de 2020 | CDE Almer\u00eda - Centro de Documentaci\u00f3n Europea - Universidad de Almer\u00eda","robots":{"index":"index","follow":"follow","max-snippet":"max-snippet:-1","max-image-preview":"max-image-preview:large","max-video-preview":"max-video-preview:-1"},"canonical":"https:\/\/www.cde.ual.es\/en\/covid-19-meeting-of-the-members-of-the-european-council-17-de-marzo-de-2020\/","og_locale":"en_US","og_type":"article","og_title":"Covid-19: Meeting of the members of the European Council, 17 de marzo de 2020 | CDE Almer\u00eda - Centro de Documentaci\u00f3n Europea - Universidad de Almer\u00eda","og_description":"On 17 March at 17:00, the members of the European Council will follow up, by video conference, on the\u00a0EU actions\u00a0responding to the COVID-19 outbreak. President Charles Michel said: Containing the spread of the virus, providing sufficient medical equipment, boosting research and limiting the economic fallout is key Second meeting This will be the second meeting [&hellip;]","og_url":"https:\/\/www.cde.ual.es\/en\/covid-19-meeting-of-the-members-of-the-european-council-17-de-marzo-de-2020\/","og_site_name":"CDE Almer\u00eda - Centro de Documentaci\u00f3n Europea - Universidad de Almer\u00eda","article_publisher":"https:\/\/www.facebook.com\/cdeuniversidadalmeria\/","article_published_time":"2020-03-17T11:00:15+00:00","article_modified_time":"2020-03-17T12:08:11+00:00","og_image":[{"width":2000,"height":1334,"url":"https:\/\/www.cde.ual.es\/wp-content\/uploads\/2017\/12\/Consejo-Europa.jpg","type":"image\/jpeg"}],"author":"AdminCDE","twitter_card":"summary_large_image","twitter_creator":"@cdeualmeria","twitter_site":"@cdeualmeria","twitter_misc":{"Written by":"AdminCDE","Est. reading time":"1 minute"},"schema":{"@context":"https:\/\/schema.org","@graph":[{"@type":"Article","@id":"https:\/\/www.cde.ual.es\/en\/covid-19-meeting-of-the-members-of-the-european-council-17-de-marzo-de-2020\/#article","isPartOf":{"@id":"https:\/\/www.cde.ual.es\/en\/covid-19-meeting-of-the-members-of-the-european-council-17-de-marzo-de-2020\/"},"author":{"name":"AdminCDE","@id":"https:\/\/www.cde.ual.es\/#\/schema\/person\/224ef08c8bcc005f319d2713ce37ee5f"},"headline":"Covid-19: Meeting of the members of the European Council, 17 de marzo de 2020","datePublished":"2020-03-17T11:00:15+00:00","dateModified":"2020-03-17T12:08:11+00:00","mainEntityOfPage":{"@id":"https:\/\/www.cde.ual.es\/en\/covid-19-meeting-of-the-members-of-the-european-council-17-de-marzo-de-2020\/"},"wordCount":236,"commentCount":0,"publisher":{"@id":"https:\/\/www.cde.ual.es\/#organization"},"image":{"@id":"https:\/\/www.cde.ual.es\/en\/covid-19-meeting-of-the-members-of-the-european-council-17-de-marzo-de-2020\/#primaryimage"},"thumbnailUrl":"https:\/\/www.cde.ual.es\/wp-content\/uploads\/2017\/12\/Consejo-Europa.jpg","keywords":["covid-19"],"articleSection":["EU News"],"inLanguage":"en-US","potentialAction":[{"@type":"CommentAction","name":"Comment","target":["https:\/\/www.cde.ual.es\/en\/covid-19-meeting-of-the-members-of-the-european-council-17-de-marzo-de-2020\/#respond"]}]},{"@type":"WebPage","@id":"https:\/\/www.cde.ual.es\/en\/covid-19-meeting-of-the-members-of-the-european-council-17-de-marzo-de-2020\/","url":"https:\/\/www.cde.ual.es\/en\/covid-19-meeting-of-the-members-of-the-european-council-17-de-marzo-de-2020\/","name":"Covid-19: Meeting of the members of the European Council, 17 de marzo de 2020 | CDE Almer\u00eda - Centro de Documentaci\u00f3n Europea - Universidad de Almer\u00eda","isPartOf":{"@id":"https:\/\/www.cde.ual.es\/#website"},"primaryImageOfPage":{"@id":"https:\/\/www.cde.ual.es\/en\/covid-19-meeting-of-the-members-of-the-european-council-17-de-marzo-de-2020\/#primaryimage"},"image":{"@id":"https:\/\/www.cde.ual.es\/en\/covid-19-meeting-of-the-members-of-the-european-council-17-de-marzo-de-2020\/#primaryimage"},"thumbnailUrl":"https:\/\/www.cde.ual.es\/wp-content\/uploads\/2017\/12\/Consejo-Europa.jpg","datePublished":"2020-03-17T11:00:15+00:00","dateModified":"2020-03-17T12:08:11+00:00","breadcrumb":{"@id":"https:\/\/www.cde.ual.es\/en\/covid-19-meeting-of-the-members-of-the-european-council-17-de-marzo-de-2020\/#breadcrumb"},"inLanguage":"en-US","potentialAction":[{"@type":"ReadAction","target":["https:\/\/www.cde.ual.es\/en\/covid-19-meeting-of-the-members-of-the-european-council-17-de-marzo-de-2020\/"]}]},{"@type":"ImageObject","inLanguage":"en-US","@id":"https:\/\/www.cde.ual.es\/en\/covid-19-meeting-of-the-members-of-the-european-council-17-de-marzo-de-2020\/#primaryimage","url":"https:\/\/www.cde.ual.es\/wp-content\/uploads\/2017\/12\/Consejo-Europa.jpg","contentUrl":"https:\/\/www.cde.ual.es\/wp-content\/uploads\/2017\/12\/Consejo-Europa.jpg","width":2000,"height":1334,"caption":"Project: Philippe SAMYN and PARTNERS architects &amp; engineers, LEAD and DESIGN PARTNER. Philippe Samyn and Partners architects &amp; engineers, Studio Valle Progettazioni architects, Buro Happold Limited engineers. Colours: Georges MEURANT Photo: Marie-Fran\u00e7oise Plissart"},{"@type":"BreadcrumbList","@id":"https:\/\/www.cde.ual.es\/en\/covid-19-meeting-of-the-members-of-the-european-council-17-de-marzo-de-2020\/#breadcrumb","itemListElement":[{"@type":"ListItem","position":1,"name":"Inicio","item":"https:\/\/www.cde.ual.es\/en\/"},{"@type":"ListItem","position":2,"name":"EU News","item":"https:\/\/www.cde.ual.es\/en\/category\/eu-news\/"},{"@type":"ListItem","position":3,"name":"Covid-19: Meeting of the members of the European Council, 17 de marzo de 2020"}]},{"@type":"WebSite","@id":"https:\/\/www.cde.ual.es\/#website","url":"https:\/\/www.cde.ual.es\/","name":"CDE Almer\u00eda - Centro de Documentaci\u00f3n Europea - Universidad de Almer\u00eda","description":"Centro de Documentaci\u00f3n Europea de la Universidad de Almer\u00eda","publisher":{"@id":"https:\/\/www.cde.ual.es\/#organization"},"alternateName":"CDE Almer\u00eda","potentialAction":[{"@type":"SearchAction","target":{"@type":"EntryPoint","urlTemplate":"https:\/\/www.cde.ual.es\/?s={search_term_string}"},"query-input":{"@type":"PropertyValueSpecification","valueRequired":true,"valueName":"search_term_string"}}],"inLanguage":"en-US"},{"@type":"Organization","@id":"https:\/\/www.cde.ual.es\/#organization","name":"Centro de Documentaci\u00f3n Europea de Almer\u00eda","url":"https:\/\/www.cde.ual.es\/","logo":{"@type":"ImageObject","inLanguage":"en-US","@id":"https:\/\/www.cde.ual.es\/#\/schema\/logo\/image\/","url":"https:\/\/www.cde.ual.es\/wp-content\/uploads\/2025\/07\/cde-logo-3.png","contentUrl":"https:\/\/www.cde.ual.es\/wp-content\/uploads\/2025\/07\/cde-logo-3.png","width":1400,"height":300,"caption":"Centro de Documentaci\u00f3n Europea de Almer\u00eda"},"image":{"@id":"https:\/\/www.cde.ual.es\/#\/schema\/logo\/image\/"},"sameAs":["https:\/\/www.facebook.com\/cdeuniversidadalmeria\/","https:\/\/x.com\/cdeualmeria","https:\/\/www.tiktok.com\/@cdealmeria","https:\/\/www.instagram.com\/cdealmeria\/","https:\/\/www.linkedin.com\/in\/cde-almera-812b26a9\/"]},{"@type":"Person","@id":"https:\/\/www.cde.ual.es\/#\/schema\/person\/224ef08c8bcc005f319d2713ce37ee5f","name":"AdminCDE","image":{"@type":"ImageObject","inLanguage":"en-US","@id":"https:\/\/secure.gravatar.com\/avatar\/a72d038d371f995cd13706fac32274b7952a52e8fb0a84b5f80c85426f2a98a8?s=96&d=mm&r=g","url":"https:\/\/secure.gravatar.com\/avatar\/a72d038d371f995cd13706fac32274b7952a52e8fb0a84b5f80c85426f2a98a8?s=96&d=mm&r=g","contentUrl":"https:\/\/secure.gravatar.com\/avatar\/a72d038d371f995cd13706fac32274b7952a52e8fb0a84b5f80c85426f2a98a8?s=96&d=mm&r=g","caption":"AdminCDE"}}]}},"_links":{"self":[{"href":"https:\/\/www.cde.ual.es\/en\/wp-json\/wp\/v2\/posts\/38765","targetHints":{"allow":["GET"]}}],"collection":[{"href":"https:\/\/www.cde.ual.es\/en\/wp-json\/wp\/v2\/posts"}],"about":[{"href":"https:\/\/www.cde.ual.es\/en\/wp-json\/wp\/v2\/types\/post"}],"author":[{"embeddable":true,"href":"https:\/\/www.cde.ual.es\/en\/wp-json\/wp\/v2\/users\/1"}],"replies":[{"embeddable":true,"href":"https:\/\/www.cde.ual.es\/en\/wp-json\/wp\/v2\/comments?post=38765"}],"version-history":[{"count":0,"href":"https:\/\/www.cde.ual.es\/en\/wp-json\/wp\/v2\/posts\/38765\/revisions"}],"wp:featuredmedia":[{"embeddable":true,"href":"https:\/\/www.cde.ual.es\/en\/wp-json\/wp\/v2\/media\/30991"}],"wp:attachment":[{"href":"https:\/\/www.cde.ual.es\/en\/wp-json\/wp\/v2\/media?parent=38765"}],"wp:term":[{"taxonomy":"category","embeddable":true,"href":"https:\/\/www.cde.ual.es\/en\/wp-json\/wp\/v2\/categories?post=38765"},{"taxonomy":"post_tag","embeddable":true,"href":"https:\/\/www.cde.ual.es\/en\/wp-json\/wp\/v2\/tags?post=38765"}],"curies":[{"name":"wp","href":"https:\/\/api.w.org\/{rel}","templated":true}]}}