{"id":3872,"date":"2018-04-25T09:33:43","date_gmt":"2018-04-25T07:33:43","guid":{"rendered":"http:\/\/www.cde.ual.es\/?p=3872"},"modified":"2018-04-26T16:07:42","modified_gmt":"2018-04-26T14:07:42","slug":"campana-de-sensibilizacion-a-escala-europea-sobre-sustancias-peligrosas","status":"publish","type":"post","link":"https:\/\/www.cde.ual.es\/en\/campana-de-sensibilizacion-a-escala-europea-sobre-sustancias-peligrosas\/","title":{"rendered":"Campa\u00f1a de sensibilizaci\u00f3n a escala  europea sobre sustancias peligrosas"},"content":{"rendered":"<p style=\"font-weight: 400;\">La Agencia Europea para la Seguridad y la Salud en el Trabajo (EU-OSHA), con sede en\u00a0<strong>Bilbao<\/strong>, ha puesto en marcha su campa\u00f1a de 2018-19 en toda la UE, \u00ab<strong>Trabajos saludables: alerta frente a sustancias peligrosas<\/strong>\u00bb. El lanzamiento marca el inicio de dos a\u00f1os de eventos y actividades encaminados a llamar la atenci\u00f3n sobre el problema y promover las mejores formas de abordar los riesgos que suponen las sustancias peligrosas para los trabajadores.<\/p>\n<p style=\"font-weight: 400;\">La\u00a0campa\u00f1a pretende aumentar la sensibilizaci\u00f3n respecto a todo tipo de sustancias peligrosas, no solo las obvias, y subraya la importancia de la evaluaci\u00f3n de riesgos en todos los sectores como el primer paso hacia la prevenci\u00f3n.<\/p>\n<p style=\"font-weight: 400;\">Contrariamente a la creencia generalizada, el uso de sustancias peligrosas no est\u00e1 disminuyendo en la UE, y la necesidad de prevenir los riesgos que estos presentan es tan urgente como siempre.<\/p>\n<p style=\"font-weight: 400;\">Algunas de las sustancias a las que la poblaci\u00f3n trabajadora est\u00e1 expuesta m\u00e1s habitualmente son los agentes carcin\u00f3genos. La Comisi\u00f3n Europea ha propuesto recientemente limitar la exposici\u00f3n de las personas trabajadoras a cinco sustancias qu\u00edmicas causantes de c\u00e1ncer, adem\u00e1s de las veintiuna sustancias que ya han sido limitadas o propuestas para ser limitadas.<\/p>\n<p style=\"font-weight: 400;\">Marianne Thyssen, Comisaria Europea de Empleo, Asuntos Sociales, Capacidades y Movilidad Laboral, durante la conferencia de prensa en Bruselas para celebrar el lanzamiento de la campa\u00f1a:\u00a0<em>\u00abSeguiremos aumentando la sensibilizaci\u00f3n y adoptando medidas para limitar la exposici\u00f3n de los trabajadores a las sustancias qu\u00edmicas que causan el c\u00e1ncer. Esta es una prioridad fundamental para la Comisi\u00f3n Europea, en particular porque el Pilar Europeo de Derechos Sociales<\/em>\u00a0<em>contempla el derecho a los trabajadores a un alto nivel de protecci\u00f3n de su seguridad y salud en el trabajo. Las campa\u00f1as de la EU-OSHA son actualmente las m\u00e1s amplias de este tipo en Europa y ayudan a las organizaciones a adoptar enfoques eficaces respecto a la gesti\u00f3n de la seguridad y la salud en el trabajo con las herramientas necesarias\u00bb.<\/em><\/p>\n<p style=\"font-weight: 400;\">La nueva campa\u00f1a tiene por objeto promover t\u00e9cnicas para la prevenci\u00f3n adecuada de los riesgos que presentan las sustancias peligrosas en el lugar de trabajo, como la evaluaci\u00f3n de riesgos, la eliminaci\u00f3n y la sustituci\u00f3n, mediante la difusi\u00f3n de herramientas pr\u00e1cticas y estudios de casos. Tambi\u00e9n se centra en grupos de trabajadores que corren un mayor riesgo.<\/p>\n<p style=\"font-weight: 400;\">Para ver m\u00e1s informaci\u00f3n pincha <a href=\"https:\/\/bit.ly\/2Hvjrvm\">aqu\u00ed<\/a><\/p>\n","protected":false},"excerpt":{"rendered":"<p>La Agencia Europea para la Seguridad y la Salud en el Trabajo (EU-OSHA), con sede en\u00a0Bilbao, ha puesto en marcha su campa\u00f1a de 2018-19 en toda la UE, \u00abTrabajos saludables: alerta frente a sustancias peligrosas\u00bb. El lanzamiento marca el inicio de dos a\u00f1os de eventos y actividades encaminados a llamar la atenci\u00f3n sobre el problema [&hellip;]<\/p>\n","protected":false},"author":1,"featured_media":3965,"comment_status":"open","ping_status":"open","sticky":false,"template":"","format":"standard","meta":{"_acf_changed":false,"_relevanssi_hide_post":"","_relevanssi_hide_content":"","_relevanssi_pin_for_all":"","_relevanssi_pin_keywords":"","_relevanssi_unpin_keywords":"","_relevanssi_related_keywords":"","_relevanssi_related_include_ids":"","_relevanssi_related_exclude_ids":"","_relevanssi_related_no_append":"","_relevanssi_related_not_related":"","_relevanssi_related_posts":"","_relevanssi_noindex_reason":"","_monsterinsights_skip_tracking":false,"_monsterinsights_sitenote_active":false,"_monsterinsights_sitenote_note":"","_monsterinsights_sitenote_category":0,"_genesis_hide_title":false,"_genesis_hide_breadcrumbs":false,"_genesis_hide_singular_image":false,"_genesis_hide_footer_widgets":false,"_genesis_custom_body_class":"","_genesis_custom_post_class":"","_genesis_layout":"","footnotes":""},"categories":[96],"tags":[],"class_list":{"0":"post-3872","1":"post","2":"type-post","3":"status-publish","4":"format-standard","5":"has-post-thumbnail","7":"category-noticias-ue","8":"entry"},"acf":[],"yoast_head":"<!-- This site is optimized with the Yoast SEO plugin v27.4 - https:\/\/yoast.com\/product\/yoast-seo-wordpress\/ -->\n<title>Campa\u00f1a de sensibilizaci\u00f3n a escala europea sobre sustancias peligrosas | CDE Almer\u00eda - Centro de Documentaci\u00f3n Europea - Universidad de Almer\u00eda<\/title>\n<meta name=\"robots\" content=\"index, follow, max-snippet:-1, max-image-preview:large, max-video-preview:-1\" \/>\n<link rel=\"canonical\" href=\"https:\/\/www.cde.ual.es\/campana-de-sensibilizacion-a-escala-europea-sobre-sustancias-peligrosas\/\" \/>\n<meta property=\"og:locale\" content=\"en_US\" \/>\n<meta property=\"og:type\" content=\"article\" \/>\n<meta property=\"og:title\" content=\"Campa\u00f1a de sensibilizaci\u00f3n a escala europea sobre sustancias peligrosas | CDE Almer\u00eda - Centro de Documentaci\u00f3n Europea - Universidad de Almer\u00eda\" \/>\n<meta property=\"og:description\" content=\"La Agencia Europea para la Seguridad y la Salud en el Trabajo (EU-OSHA), con sede en\u00a0Bilbao, ha puesto en marcha su campa\u00f1a de 2018-19 en toda la UE, \u00abTrabajos saludables: alerta frente a sustancias peligrosas\u00bb. El lanzamiento marca el inicio de dos a\u00f1os de eventos y actividades encaminados a llamar la atenci\u00f3n sobre el problema [&hellip;]\" \/>\n<meta property=\"og:url\" content=\"https:\/\/www.cde.ual.es\/campana-de-sensibilizacion-a-escala-europea-sobre-sustancias-peligrosas\/\" \/>\n<meta property=\"og:site_name\" content=\"CDE Almer\u00eda - Centro de Documentaci\u00f3n Europea - Universidad de Almer\u00eda\" \/>\n<meta property=\"article:publisher\" content=\"https:\/\/www.facebook.com\/cdeuniversidadalmeria\/\" \/>\n<meta property=\"article:published_time\" content=\"2018-04-25T07:33:43+00:00\" \/>\n<meta property=\"article:modified_time\" content=\"2018-04-26T14:07:42+00:00\" \/>\n<meta property=\"og:image\" content=\"https:\/\/www.cde.ual.es\/wp-content\/uploads\/2018\/04\/seguridad-alimentaria.jpg\" \/>\n\t<meta property=\"og:image:width\" content=\"768\" \/>\n\t<meta property=\"og:image:height\" content=\"433\" \/>\n\t<meta property=\"og:image:type\" content=\"image\/jpeg\" \/>\n<meta name=\"author\" content=\"AdminCDE\" \/>\n<meta name=\"twitter:card\" content=\"summary_large_image\" \/>\n<meta name=\"twitter:creator\" content=\"@cdeualmeria\" \/>\n<meta name=\"twitter:site\" content=\"@cdeualmeria\" \/>\n<meta name=\"twitter:label1\" content=\"Written by\" \/>\n\t<meta name=\"twitter:data1\" content=\"AdminCDE\" \/>\n\t<meta name=\"twitter:label2\" content=\"Est. reading time\" \/>\n\t<meta name=\"twitter:data2\" content=\"2 minutes\" \/>\n<script type=\"application\/ld+json\" class=\"yoast-schema-graph\">{\"@context\":\"https:\\\/\\\/schema.org\",\"@graph\":[{\"@type\":\"Article\",\"@id\":\"https:\\\/\\\/www.cde.ual.es\\\/campana-de-sensibilizacion-a-escala-europea-sobre-sustancias-peligrosas\\\/#article\",\"isPartOf\":{\"@id\":\"https:\\\/\\\/www.cde.ual.es\\\/campana-de-sensibilizacion-a-escala-europea-sobre-sustancias-peligrosas\\\/\"},\"author\":{\"name\":\"AdminCDE\",\"@id\":\"https:\\\/\\\/www.cde.ual.es\\\/#\\\/schema\\\/person\\\/224ef08c8bcc005f319d2713ce37ee5f\"},\"headline\":\"Campa\u00f1a de sensibilizaci\u00f3n a escala europea sobre sustancias peligrosas\",\"datePublished\":\"2018-04-25T07:33:43+00:00\",\"dateModified\":\"2018-04-26T14:07:42+00:00\",\"mainEntityOfPage\":{\"@id\":\"https:\\\/\\\/www.cde.ual.es\\\/campana-de-sensibilizacion-a-escala-europea-sobre-sustancias-peligrosas\\\/\"},\"wordCount\":431,\"commentCount\":0,\"publisher\":{\"@id\":\"https:\\\/\\\/www.cde.ual.es\\\/#organization\"},\"image\":{\"@id\":\"https:\\\/\\\/www.cde.ual.es\\\/campana-de-sensibilizacion-a-escala-europea-sobre-sustancias-peligrosas\\\/#primaryimage\"},\"thumbnailUrl\":\"https:\\\/\\\/www.cde.ual.es\\\/wp-content\\\/uploads\\\/2018\\\/04\\\/seguridad-alimentaria.jpg\",\"articleSection\":[\"Noticias UE\"],\"inLanguage\":\"en-US\",\"potentialAction\":[{\"@type\":\"CommentAction\",\"name\":\"Comment\",\"target\":[\"https:\\\/\\\/www.cde.ual.es\\\/campana-de-sensibilizacion-a-escala-europea-sobre-sustancias-peligrosas\\\/#respond\"]}]},{\"@type\":\"WebPage\",\"@id\":\"https:\\\/\\\/www.cde.ual.es\\\/campana-de-sensibilizacion-a-escala-europea-sobre-sustancias-peligrosas\\\/\",\"url\":\"https:\\\/\\\/www.cde.ual.es\\\/campana-de-sensibilizacion-a-escala-europea-sobre-sustancias-peligrosas\\\/\",\"name\":\"Campa\u00f1a de sensibilizaci\u00f3n a escala europea sobre sustancias peligrosas | CDE Almer\u00eda - Centro de Documentaci\u00f3n Europea - Universidad de Almer\u00eda\",\"isPartOf\":{\"@id\":\"https:\\\/\\\/www.cde.ual.es\\\/#website\"},\"primaryImageOfPage\":{\"@id\":\"https:\\\/\\\/www.cde.ual.es\\\/campana-de-sensibilizacion-a-escala-europea-sobre-sustancias-peligrosas\\\/#primaryimage\"},\"image\":{\"@id\":\"https:\\\/\\\/www.cde.ual.es\\\/campana-de-sensibilizacion-a-escala-europea-sobre-sustancias-peligrosas\\\/#primaryimage\"},\"thumbnailUrl\":\"https:\\\/\\\/www.cde.ual.es\\\/wp-content\\\/uploads\\\/2018\\\/04\\\/seguridad-alimentaria.jpg\",\"datePublished\":\"2018-04-25T07:33:43+00:00\",\"dateModified\":\"2018-04-26T14:07:42+00:00\",\"breadcrumb\":{\"@id\":\"https:\\\/\\\/www.cde.ual.es\\\/campana-de-sensibilizacion-a-escala-europea-sobre-sustancias-peligrosas\\\/#breadcrumb\"},\"inLanguage\":\"en-US\",\"potentialAction\":[{\"@type\":\"ReadAction\",\"target\":[\"https:\\\/\\\/www.cde.ual.es\\\/campana-de-sensibilizacion-a-escala-europea-sobre-sustancias-peligrosas\\\/\"]}]},{\"@type\":\"ImageObject\",\"inLanguage\":\"en-US\",\"@id\":\"https:\\\/\\\/www.cde.ual.es\\\/campana-de-sensibilizacion-a-escala-europea-sobre-sustancias-peligrosas\\\/#primaryimage\",\"url\":\"https:\\\/\\\/www.cde.ual.es\\\/wp-content\\\/uploads\\\/2018\\\/04\\\/seguridad-alimentaria.jpg\",\"contentUrl\":\"https:\\\/\\\/www.cde.ual.es\\\/wp-content\\\/uploads\\\/2018\\\/04\\\/seguridad-alimentaria.jpg\",\"width\":768,\"height\":433},{\"@type\":\"BreadcrumbList\",\"@id\":\"https:\\\/\\\/www.cde.ual.es\\\/campana-de-sensibilizacion-a-escala-europea-sobre-sustancias-peligrosas\\\/#breadcrumb\",\"itemListElement\":[{\"@type\":\"ListItem\",\"position\":1,\"name\":\"Inicio\",\"item\":\"https:\\\/\\\/www.cde.ual.es\\\/en\\\/\"},{\"@type\":\"ListItem\",\"position\":2,\"name\":\"Noticias UE\",\"item\":\"https:\\\/\\\/www.cde.ual.es\\\/category\\\/noticias-ue\\\/\"},{\"@type\":\"ListItem\",\"position\":3,\"name\":\"Campa\u00f1a de sensibilizaci\u00f3n a escala europea sobre sustancias peligrosas\"}]},{\"@type\":\"WebSite\",\"@id\":\"https:\\\/\\\/www.cde.ual.es\\\/#website\",\"url\":\"https:\\\/\\\/www.cde.ual.es\\\/\",\"name\":\"CDE Almer\u00eda - Centro de Documentaci\u00f3n Europea - Universidad de Almer\u00eda\",\"description\":\"Centro de Documentaci\u00f3n Europea de la Universidad de Almer\u00eda\",\"publisher\":{\"@id\":\"https:\\\/\\\/www.cde.ual.es\\\/#organization\"},\"alternateName\":\"CDE Almer\u00eda\",\"potentialAction\":[{\"@type\":\"SearchAction\",\"target\":{\"@type\":\"EntryPoint\",\"urlTemplate\":\"https:\\\/\\\/www.cde.ual.es\\\/?s={search_term_string}\"},\"query-input\":{\"@type\":\"PropertyValueSpecification\",\"valueRequired\":true,\"valueName\":\"search_term_string\"}}],\"inLanguage\":\"en-US\"},{\"@type\":\"Organization\",\"@id\":\"https:\\\/\\\/www.cde.ual.es\\\/#organization\",\"name\":\"Centro de Documentaci\u00f3n Europea de Almer\u00eda\",\"url\":\"https:\\\/\\\/www.cde.ual.es\\\/\",\"logo\":{\"@type\":\"ImageObject\",\"inLanguage\":\"en-US\",\"@id\":\"https:\\\/\\\/www.cde.ual.es\\\/#\\\/schema\\\/logo\\\/image\\\/\",\"url\":\"https:\\\/\\\/www.cde.ual.es\\\/wp-content\\\/uploads\\\/2025\\\/07\\\/cde-logo-3.png\",\"contentUrl\":\"https:\\\/\\\/www.cde.ual.es\\\/wp-content\\\/uploads\\\/2025\\\/07\\\/cde-logo-3.png\",\"width\":1400,\"height\":300,\"caption\":\"Centro de Documentaci\u00f3n Europea de Almer\u00eda\"},\"image\":{\"@id\":\"https:\\\/\\\/www.cde.ual.es\\\/#\\\/schema\\\/logo\\\/image\\\/\"},\"sameAs\":[\"https:\\\/\\\/www.facebook.com\\\/cdeuniversidadalmeria\\\/\",\"https:\\\/\\\/x.com\\\/cdeualmeria\",\"https:\\\/\\\/www.tiktok.com\\\/@cdealmeria\",\"https:\\\/\\\/www.instagram.com\\\/cdealmeria\\\/\",\"https:\\\/\\\/www.linkedin.com\\\/in\\\/cde-almera-812b26a9\\\/\"]},{\"@type\":\"Person\",\"@id\":\"https:\\\/\\\/www.cde.ual.es\\\/#\\\/schema\\\/person\\\/224ef08c8bcc005f319d2713ce37ee5f\",\"name\":\"AdminCDE\",\"image\":{\"@type\":\"ImageObject\",\"inLanguage\":\"en-US\",\"@id\":\"https:\\\/\\\/secure.gravatar.com\\\/avatar\\\/a72d038d371f995cd13706fac32274b7952a52e8fb0a84b5f80c85426f2a98a8?s=96&d=mm&r=g\",\"url\":\"https:\\\/\\\/secure.gravatar.com\\\/avatar\\\/a72d038d371f995cd13706fac32274b7952a52e8fb0a84b5f80c85426f2a98a8?s=96&d=mm&r=g\",\"contentUrl\":\"https:\\\/\\\/secure.gravatar.com\\\/avatar\\\/a72d038d371f995cd13706fac32274b7952a52e8fb0a84b5f80c85426f2a98a8?s=96&d=mm&r=g\",\"caption\":\"AdminCDE\"}}]}<\/script>\n<!-- \/ Yoast SEO plugin. -->","yoast_head_json":{"title":"Campa\u00f1a de sensibilizaci\u00f3n a escala europea sobre sustancias peligrosas | CDE Almer\u00eda - Centro de Documentaci\u00f3n Europea - Universidad de Almer\u00eda","robots":{"index":"index","follow":"follow","max-snippet":"max-snippet:-1","max-image-preview":"max-image-preview:large","max-video-preview":"max-video-preview:-1"},"canonical":"https:\/\/www.cde.ual.es\/campana-de-sensibilizacion-a-escala-europea-sobre-sustancias-peligrosas\/","og_locale":"en_US","og_type":"article","og_title":"Campa\u00f1a de sensibilizaci\u00f3n a escala europea sobre sustancias peligrosas | CDE Almer\u00eda - Centro de Documentaci\u00f3n Europea - Universidad de Almer\u00eda","og_description":"La Agencia Europea para la Seguridad y la Salud en el Trabajo (EU-OSHA), con sede en\u00a0Bilbao, ha puesto en marcha su campa\u00f1a de 2018-19 en toda la UE, \u00abTrabajos saludables: alerta frente a sustancias peligrosas\u00bb. El lanzamiento marca el inicio de dos a\u00f1os de eventos y actividades encaminados a llamar la atenci\u00f3n sobre el problema [&hellip;]","og_url":"https:\/\/www.cde.ual.es\/campana-de-sensibilizacion-a-escala-europea-sobre-sustancias-peligrosas\/","og_site_name":"CDE Almer\u00eda - Centro de Documentaci\u00f3n Europea - Universidad de Almer\u00eda","article_publisher":"https:\/\/www.facebook.com\/cdeuniversidadalmeria\/","article_published_time":"2018-04-25T07:33:43+00:00","article_modified_time":"2018-04-26T14:07:42+00:00","og_image":[{"width":768,"height":433,"url":"https:\/\/www.cde.ual.es\/wp-content\/uploads\/2018\/04\/seguridad-alimentaria.jpg","type":"image\/jpeg"}],"author":"AdminCDE","twitter_card":"summary_large_image","twitter_creator":"@cdeualmeria","twitter_site":"@cdeualmeria","twitter_misc":{"Written by":"AdminCDE","Est. reading time":"2 minutes"},"schema":{"@context":"https:\/\/schema.org","@graph":[{"@type":"Article","@id":"https:\/\/www.cde.ual.es\/campana-de-sensibilizacion-a-escala-europea-sobre-sustancias-peligrosas\/#article","isPartOf":{"@id":"https:\/\/www.cde.ual.es\/campana-de-sensibilizacion-a-escala-europea-sobre-sustancias-peligrosas\/"},"author":{"name":"AdminCDE","@id":"https:\/\/www.cde.ual.es\/#\/schema\/person\/224ef08c8bcc005f319d2713ce37ee5f"},"headline":"Campa\u00f1a de sensibilizaci\u00f3n a escala europea sobre sustancias peligrosas","datePublished":"2018-04-25T07:33:43+00:00","dateModified":"2018-04-26T14:07:42+00:00","mainEntityOfPage":{"@id":"https:\/\/www.cde.ual.es\/campana-de-sensibilizacion-a-escala-europea-sobre-sustancias-peligrosas\/"},"wordCount":431,"commentCount":0,"publisher":{"@id":"https:\/\/www.cde.ual.es\/#organization"},"image":{"@id":"https:\/\/www.cde.ual.es\/campana-de-sensibilizacion-a-escala-europea-sobre-sustancias-peligrosas\/#primaryimage"},"thumbnailUrl":"https:\/\/www.cde.ual.es\/wp-content\/uploads\/2018\/04\/seguridad-alimentaria.jpg","articleSection":["Noticias UE"],"inLanguage":"en-US","potentialAction":[{"@type":"CommentAction","name":"Comment","target":["https:\/\/www.cde.ual.es\/campana-de-sensibilizacion-a-escala-europea-sobre-sustancias-peligrosas\/#respond"]}]},{"@type":"WebPage","@id":"https:\/\/www.cde.ual.es\/campana-de-sensibilizacion-a-escala-europea-sobre-sustancias-peligrosas\/","url":"https:\/\/www.cde.ual.es\/campana-de-sensibilizacion-a-escala-europea-sobre-sustancias-peligrosas\/","name":"Campa\u00f1a de sensibilizaci\u00f3n a escala europea sobre sustancias peligrosas | CDE Almer\u00eda - Centro de Documentaci\u00f3n Europea - Universidad de Almer\u00eda","isPartOf":{"@id":"https:\/\/www.cde.ual.es\/#website"},"primaryImageOfPage":{"@id":"https:\/\/www.cde.ual.es\/campana-de-sensibilizacion-a-escala-europea-sobre-sustancias-peligrosas\/#primaryimage"},"image":{"@id":"https:\/\/www.cde.ual.es\/campana-de-sensibilizacion-a-escala-europea-sobre-sustancias-peligrosas\/#primaryimage"},"thumbnailUrl":"https:\/\/www.cde.ual.es\/wp-content\/uploads\/2018\/04\/seguridad-alimentaria.jpg","datePublished":"2018-04-25T07:33:43+00:00","dateModified":"2018-04-26T14:07:42+00:00","breadcrumb":{"@id":"https:\/\/www.cde.ual.es\/campana-de-sensibilizacion-a-escala-europea-sobre-sustancias-peligrosas\/#breadcrumb"},"inLanguage":"en-US","potentialAction":[{"@type":"ReadAction","target":["https:\/\/www.cde.ual.es\/campana-de-sensibilizacion-a-escala-europea-sobre-sustancias-peligrosas\/"]}]},{"@type":"ImageObject","inLanguage":"en-US","@id":"https:\/\/www.cde.ual.es\/campana-de-sensibilizacion-a-escala-europea-sobre-sustancias-peligrosas\/#primaryimage","url":"https:\/\/www.cde.ual.es\/wp-content\/uploads\/2018\/04\/seguridad-alimentaria.jpg","contentUrl":"https:\/\/www.cde.ual.es\/wp-content\/uploads\/2018\/04\/seguridad-alimentaria.jpg","width":768,"height":433},{"@type":"BreadcrumbList","@id":"https:\/\/www.cde.ual.es\/campana-de-sensibilizacion-a-escala-europea-sobre-sustancias-peligrosas\/#breadcrumb","itemListElement":[{"@type":"ListItem","position":1,"name":"Inicio","item":"https:\/\/www.cde.ual.es\/en\/"},{"@type":"ListItem","position":2,"name":"Noticias UE","item":"https:\/\/www.cde.ual.es\/category\/noticias-ue\/"},{"@type":"ListItem","position":3,"name":"Campa\u00f1a de sensibilizaci\u00f3n a escala europea sobre sustancias peligrosas"}]},{"@type":"WebSite","@id":"https:\/\/www.cde.ual.es\/#website","url":"https:\/\/www.cde.ual.es\/","name":"CDE Almer\u00eda - Centro de Documentaci\u00f3n Europea - Universidad de Almer\u00eda","description":"Centro de Documentaci\u00f3n Europea de la Universidad de Almer\u00eda","publisher":{"@id":"https:\/\/www.cde.ual.es\/#organization"},"alternateName":"CDE Almer\u00eda","potentialAction":[{"@type":"SearchAction","target":{"@type":"EntryPoint","urlTemplate":"https:\/\/www.cde.ual.es\/?s={search_term_string}"},"query-input":{"@type":"PropertyValueSpecification","valueRequired":true,"valueName":"search_term_string"}}],"inLanguage":"en-US"},{"@type":"Organization","@id":"https:\/\/www.cde.ual.es\/#organization","name":"Centro de Documentaci\u00f3n Europea de Almer\u00eda","url":"https:\/\/www.cde.ual.es\/","logo":{"@type":"ImageObject","inLanguage":"en-US","@id":"https:\/\/www.cde.ual.es\/#\/schema\/logo\/image\/","url":"https:\/\/www.cde.ual.es\/wp-content\/uploads\/2025\/07\/cde-logo-3.png","contentUrl":"https:\/\/www.cde.ual.es\/wp-content\/uploads\/2025\/07\/cde-logo-3.png","width":1400,"height":300,"caption":"Centro de Documentaci\u00f3n Europea de Almer\u00eda"},"image":{"@id":"https:\/\/www.cde.ual.es\/#\/schema\/logo\/image\/"},"sameAs":["https:\/\/www.facebook.com\/cdeuniversidadalmeria\/","https:\/\/x.com\/cdeualmeria","https:\/\/www.tiktok.com\/@cdealmeria","https:\/\/www.instagram.com\/cdealmeria\/","https:\/\/www.linkedin.com\/in\/cde-almera-812b26a9\/"]},{"@type":"Person","@id":"https:\/\/www.cde.ual.es\/#\/schema\/person\/224ef08c8bcc005f319d2713ce37ee5f","name":"AdminCDE","image":{"@type":"ImageObject","inLanguage":"en-US","@id":"https:\/\/secure.gravatar.com\/avatar\/a72d038d371f995cd13706fac32274b7952a52e8fb0a84b5f80c85426f2a98a8?s=96&d=mm&r=g","url":"https:\/\/secure.gravatar.com\/avatar\/a72d038d371f995cd13706fac32274b7952a52e8fb0a84b5f80c85426f2a98a8?s=96&d=mm&r=g","contentUrl":"https:\/\/secure.gravatar.com\/avatar\/a72d038d371f995cd13706fac32274b7952a52e8fb0a84b5f80c85426f2a98a8?s=96&d=mm&r=g","caption":"AdminCDE"}}]}},"_links":{"self":[{"href":"https:\/\/www.cde.ual.es\/en\/wp-json\/wp\/v2\/posts\/3872","targetHints":{"allow":["GET"]}}],"collection":[{"href":"https:\/\/www.cde.ual.es\/en\/wp-json\/wp\/v2\/posts"}],"about":[{"href":"https:\/\/www.cde.ual.es\/en\/wp-json\/wp\/v2\/types\/post"}],"author":[{"embeddable":true,"href":"https:\/\/www.cde.ual.es\/en\/wp-json\/wp\/v2\/users\/1"}],"replies":[{"embeddable":true,"href":"https:\/\/www.cde.ual.es\/en\/wp-json\/wp\/v2\/comments?post=3872"}],"version-history":[{"count":0,"href":"https:\/\/www.cde.ual.es\/en\/wp-json\/wp\/v2\/posts\/3872\/revisions"}],"wp:featuredmedia":[{"embeddable":true,"href":"https:\/\/www.cde.ual.es\/en\/wp-json\/wp\/v2\/media\/3965"}],"wp:attachment":[{"href":"https:\/\/www.cde.ual.es\/en\/wp-json\/wp\/v2\/media?parent=3872"}],"wp:term":[{"taxonomy":"category","embeddable":true,"href":"https:\/\/www.cde.ual.es\/en\/wp-json\/wp\/v2\/categories?post=3872"},{"taxonomy":"post_tag","embeddable":true,"href":"https:\/\/www.cde.ual.es\/en\/wp-json\/wp\/v2\/tags?post=3872"}],"curies":[{"name":"wp","href":"https:\/\/api.w.org\/{rel}","templated":true}]}}