{"id":38593,"date":"2020-03-17T13:00:11","date_gmt":"2020-03-17T12:00:11","guid":{"rendered":"https:\/\/www.cde.ual.es\/?p=38593"},"modified":"2020-03-16T10:35:20","modified_gmt":"2020-03-16T09:35:20","slug":"sassoli-positive-measures-from-commission-europe-united-in-face-of-common-challenge-of-covid-19","status":"publish","type":"post","link":"https:\/\/www.cde.ual.es\/en\/sassoli-positive-measures-from-commission-europe-united-in-face-of-common-challenge-of-covid-19\/","title":{"rendered":"Sassoli: Positive measures from Commission. Europe united in face of common challenge of COVID-19"},"content":{"rendered":"<div class=\"ep_gridcolumn ep-m_product\" data-view1200=\"6\" data-view1020=\"6\" data-view750=\"10\" data-view640=\"6\" data-view480=\"8\" data-view320=\"4\">\n<div class=\"ep_gridcolumn-content\">\n<div class=\"ep-a_text ep-layout_chapo\">\n<p><strong>Statement by Parliament President David Sassoli<\/strong> following the announcement by the European Commission of <strong>measures to address COVID-19<\/strong><\/p>\n<p><a href=\"https:\/\/www.cde.ual.es\/wp-content\/uploads\/2017\/12\/Parlamento-europeo-e1576220452364.jpg\"><img decoding=\"async\" class=\"wp-image-11445 aligncenter\" src=\"https:\/\/www.cde.ual.es\/wp-content\/uploads\/2017\/12\/Parlamento-europeo-300x199.jpg\" alt=\"\" width=\"323\" height=\"214\" \/><\/a><\/p>\n<\/div>\n<\/div>\n<\/div>\n<div class=\"ep_gridcolumn ep-m_product\" data-view1200=\"6\" data-view1020=\"6\" data-view750=\"10\" data-view640=\"6\" data-view480=\"8\" data-view320=\"4\">\n<div class=\"ep_gridcolumn-content\">\n<div class=\"ep-a_text\">\n<p class=\"ep-wysiwig_paragraph\">\u201cNot since the end of the Second World War have we faced such a dramatic crisis. <strong>Today the European Union is taking action<\/strong>. We had no doubt that it would.<\/p>\n<p class=\"ep-wysiwig_paragraph\">This situation is so serious that no European government could think of responding alone. The package of measures put forward by the European Commission today to fight COVID-19 goes in the <strong>right direction.<\/strong><\/p>\n<p class=\"ep-wysiwig_paragraph\">All European countries will receive support for their health systems. This means the supply of materials, support to hospitals, and financing research to develop a vaccine as soon as possible. The first priority is saving human lives.<\/p>\n<p class=\"ep-wysiwig_paragraph\">The other commitment is to protect jobs, businesses and the economy. To do this: enough with austerity. Countries are authorized to spend everything that is necessary to guarantee support for employees, self-employed workers, businesses, and banks. In addition to the commitments made by member states, at least 37 billion euros is ready and available from the Union budget.<\/p>\n<p class=\"ep-wysiwig_paragraph\">It is important to emphasize that governments will be able to use all the flexibility provided for in the Stability and Growth Pact, and that state aid will be allowed for sectors and businesses affected by the crisis.<\/p>\n<p class=\"ep-wysiwig_paragraph\">Now the Council and Parliament must approve these first proposals. I can assure you that Parliament will do this as soon as possible.<\/p>\n<p class=\"ep-wysiwig_paragraph\">To save our countries, we must act together in Europe. We should do more.<\/p>\n<p class=\"ep-wysiwig_paragraph\">Today the watchword for Europe is solidarity. <strong>No one will be left alone and no one will act alone<\/strong>.\u201d<\/p>\n<h3>More information<\/h3>\n<p><a href=\"https:\/\/www.europarl.europa.eu\/news\/en\/press-room\/20200313IPR74911\/sassoli-positive-measures-europe-united-in-face-of-common-covid-19-challenge\">Full news<\/a><\/p>\n<p class=\"ep-wysiwig_paragraph\"><a href=\"https:\/\/multimedia.europarl.europa.eu\/en\/statement-sassoli-following-declaration-von-der-leyen_I186549-V_v\">Full statement<\/a><\/p>\n<\/div>\n<\/div>\n<\/div>\n","protected":false},"excerpt":{"rendered":"<p>Statement by Parliament President David Sassoli following the announcement by the European Commission of measures to address COVID-19 \u201cNot since the end of the Second World War have we faced such a dramatic crisis. Today the European Union is taking action. We had no doubt that it would. This situation is so serious that no [&hellip;]<\/p>\n","protected":false},"author":101012,"featured_media":31229,"comment_status":"open","ping_status":"open","sticky":false,"template":"","format":"standard","meta":{"_acf_changed":false,"_relevanssi_hide_post":"","_relevanssi_hide_content":"","_relevanssi_pin_for_all":"","_relevanssi_pin_keywords":"","_relevanssi_unpin_keywords":"","_relevanssi_related_keywords":"","_relevanssi_related_include_ids":"","_relevanssi_related_exclude_ids":"","_relevanssi_related_no_append":"","_relevanssi_related_not_related":"","_relevanssi_related_posts":"","_relevanssi_noindex_reason":"","_monsterinsights_skip_tracking":false,"_monsterinsights_sitenote_active":false,"_monsterinsights_sitenote_note":"","_monsterinsights_sitenote_category":0,"_genesis_hide_title":false,"_genesis_hide_breadcrumbs":false,"_genesis_hide_singular_image":false,"_genesis_hide_footer_widgets":false,"_genesis_custom_body_class":"","_genesis_custom_post_class":"","_genesis_layout":"","footnotes":""},"categories":[346],"tags":[1322,1352],"class_list":{"0":"post-38593","1":"post","2":"type-post","3":"status-publish","4":"format-standard","5":"has-post-thumbnail","7":"category-eu-news","8":"tag-coronavirus-en","9":"tag-covid-19","10":"entry"},"acf":[],"yoast_head":"<!-- This site is optimized with the Yoast SEO plugin v27.5 - https:\/\/yoast.com\/product\/yoast-seo-wordpress\/ -->\n<title>Sassoli: Positive measures from Commission. Europe united in face of common challenge of COVID-19 | CDE Almer\u00eda - Centro de Documentaci\u00f3n Europea - Universidad de Almer\u00eda<\/title>\n<meta name=\"robots\" content=\"index, follow, max-snippet:-1, max-image-preview:large, max-video-preview:-1\" \/>\n<link rel=\"canonical\" href=\"https:\/\/www.cde.ual.es\/en\/sassoli-positive-measures-from-commission-europe-united-in-face-of-common-challenge-of-covid-19\/\" \/>\n<meta property=\"og:locale\" content=\"en_US\" \/>\n<meta property=\"og:type\" content=\"article\" \/>\n<meta property=\"og:title\" content=\"Sassoli: Positive measures from Commission. Europe united in face of common challenge of COVID-19 | CDE Almer\u00eda - Centro de Documentaci\u00f3n Europea - Universidad de Almer\u00eda\" \/>\n<meta property=\"og:description\" content=\"Statement by Parliament President David Sassoli following the announcement by the European Commission of measures to address COVID-19 \u201cNot since the end of the Second World War have we faced such a dramatic crisis. Today the European Union is taking action. We had no doubt that it would. This situation is so serious that no [&hellip;]\" \/>\n<meta property=\"og:url\" content=\"https:\/\/www.cde.ual.es\/en\/sassoli-positive-measures-from-commission-europe-united-in-face-of-common-challenge-of-covid-19\/\" \/>\n<meta property=\"og:site_name\" content=\"CDE Almer\u00eda - Centro de Documentaci\u00f3n Europea - Universidad de Almer\u00eda\" \/>\n<meta property=\"article:publisher\" content=\"https:\/\/www.facebook.com\/cdeuniversidadalmeria\/\" \/>\n<meta property=\"article:published_time\" content=\"2020-03-17T12:00:11+00:00\" \/>\n<meta property=\"og:image\" content=\"https:\/\/www.cde.ual.es\/wp-content\/uploads\/2017\/12\/Parlamento-europeo-e1576220452364.jpg\" \/>\n\t<meta property=\"og:image:width\" content=\"1600\" \/>\n\t<meta property=\"og:image:height\" content=\"1062\" \/>\n\t<meta property=\"og:image:type\" content=\"image\/jpeg\" \/>\n<meta name=\"author\" content=\"BECACDE1\" \/>\n<meta name=\"twitter:card\" content=\"summary_large_image\" \/>\n<meta name=\"twitter:creator\" content=\"@cdeualmeria\" \/>\n<meta name=\"twitter:site\" content=\"@cdeualmeria\" \/>\n<meta name=\"twitter:label1\" content=\"Written by\" \/>\n\t<meta name=\"twitter:data1\" content=\"BECACDE1\" \/>\n\t<meta name=\"twitter:label2\" content=\"Est. reading time\" \/>\n\t<meta name=\"twitter:data2\" content=\"1 minute\" \/>\n<script type=\"application\/ld+json\" class=\"yoast-schema-graph\">{\"@context\":\"https:\\\/\\\/schema.org\",\"@graph\":[{\"@type\":\"Article\",\"@id\":\"https:\\\/\\\/www.cde.ual.es\\\/en\\\/sassoli-positive-measures-from-commission-europe-united-in-face-of-common-challenge-of-covid-19\\\/#article\",\"isPartOf\":{\"@id\":\"https:\\\/\\\/www.cde.ual.es\\\/en\\\/sassoli-positive-measures-from-commission-europe-united-in-face-of-common-challenge-of-covid-19\\\/\"},\"author\":{\"name\":\"BECACDE1\",\"@id\":\"https:\\\/\\\/www.cde.ual.es\\\/#\\\/schema\\\/person\\\/bf2f837cf3353e2161fe1087adbd728f\"},\"headline\":\"Sassoli: Positive measures from Commission. Europe united in face of common challenge of COVID-19\",\"datePublished\":\"2020-03-17T12:00:11+00:00\",\"mainEntityOfPage\":{\"@id\":\"https:\\\/\\\/www.cde.ual.es\\\/en\\\/sassoli-positive-measures-from-commission-europe-united-in-face-of-common-challenge-of-covid-19\\\/\"},\"wordCount\":289,\"commentCount\":0,\"publisher\":{\"@id\":\"https:\\\/\\\/www.cde.ual.es\\\/#organization\"},\"image\":{\"@id\":\"https:\\\/\\\/www.cde.ual.es\\\/en\\\/sassoli-positive-measures-from-commission-europe-united-in-face-of-common-challenge-of-covid-19\\\/#primaryimage\"},\"thumbnailUrl\":\"https:\\\/\\\/www.cde.ual.es\\\/wp-content\\\/uploads\\\/2017\\\/12\\\/Parlamento-europeo-e1576220452364.jpg\",\"keywords\":[\"Coronavirus\",\"covid-19\"],\"articleSection\":[\"EU News\"],\"inLanguage\":\"en-US\",\"potentialAction\":[{\"@type\":\"CommentAction\",\"name\":\"Comment\",\"target\":[\"https:\\\/\\\/www.cde.ual.es\\\/en\\\/sassoli-positive-measures-from-commission-europe-united-in-face-of-common-challenge-of-covid-19\\\/#respond\"]}]},{\"@type\":\"WebPage\",\"@id\":\"https:\\\/\\\/www.cde.ual.es\\\/en\\\/sassoli-positive-measures-from-commission-europe-united-in-face-of-common-challenge-of-covid-19\\\/\",\"url\":\"https:\\\/\\\/www.cde.ual.es\\\/en\\\/sassoli-positive-measures-from-commission-europe-united-in-face-of-common-challenge-of-covid-19\\\/\",\"name\":\"Sassoli: Positive measures from Commission. Europe united in face of common challenge of COVID-19 | CDE Almer\u00eda - Centro de Documentaci\u00f3n Europea - Universidad de Almer\u00eda\",\"isPartOf\":{\"@id\":\"https:\\\/\\\/www.cde.ual.es\\\/#website\"},\"primaryImageOfPage\":{\"@id\":\"https:\\\/\\\/www.cde.ual.es\\\/en\\\/sassoli-positive-measures-from-commission-europe-united-in-face-of-common-challenge-of-covid-19\\\/#primaryimage\"},\"image\":{\"@id\":\"https:\\\/\\\/www.cde.ual.es\\\/en\\\/sassoli-positive-measures-from-commission-europe-united-in-face-of-common-challenge-of-covid-19\\\/#primaryimage\"},\"thumbnailUrl\":\"https:\\\/\\\/www.cde.ual.es\\\/wp-content\\\/uploads\\\/2017\\\/12\\\/Parlamento-europeo-e1576220452364.jpg\",\"datePublished\":\"2020-03-17T12:00:11+00:00\",\"breadcrumb\":{\"@id\":\"https:\\\/\\\/www.cde.ual.es\\\/en\\\/sassoli-positive-measures-from-commission-europe-united-in-face-of-common-challenge-of-covid-19\\\/#breadcrumb\"},\"inLanguage\":\"en-US\",\"potentialAction\":[{\"@type\":\"ReadAction\",\"target\":[\"https:\\\/\\\/www.cde.ual.es\\\/en\\\/sassoli-positive-measures-from-commission-europe-united-in-face-of-common-challenge-of-covid-19\\\/\"]}]},{\"@type\":\"ImageObject\",\"inLanguage\":\"en-US\",\"@id\":\"https:\\\/\\\/www.cde.ual.es\\\/en\\\/sassoli-positive-measures-from-commission-europe-united-in-face-of-common-challenge-of-covid-19\\\/#primaryimage\",\"url\":\"https:\\\/\\\/www.cde.ual.es\\\/wp-content\\\/uploads\\\/2017\\\/12\\\/Parlamento-europeo-e1576220452364.jpg\",\"contentUrl\":\"https:\\\/\\\/www.cde.ual.es\\\/wp-content\\\/uploads\\\/2017\\\/12\\\/Parlamento-europeo-e1576220452364.jpg\",\"width\":1600,\"height\":1062,\"caption\":\"Opening: call to release Sakarov laureate Razan Zaitouneh, President Schulz opened the session by calling on the kidnappers of Syrian human rights lawyer Razan Zaitouneh, her husband and two other peaceful activists for a free Syria, to release them immediately. Ms Zaitouneh, who won the European Parliaments 2011 Sakharov Prize for freedom of thought, was abducted in Damascus on 9 December 2013. Since then, there has been no news of her, he said, 12 March 2014. ANSA\\\/ \u00a9 European Union 2014 - European Parliament\\\" (Attribution-NonCommercial-NoDerivs Creative Commons license) +++ NO SALE EDITORIAL USE ONLY +++\"},{\"@type\":\"BreadcrumbList\",\"@id\":\"https:\\\/\\\/www.cde.ual.es\\\/en\\\/sassoli-positive-measures-from-commission-europe-united-in-face-of-common-challenge-of-covid-19\\\/#breadcrumb\",\"itemListElement\":[{\"@type\":\"ListItem\",\"position\":1,\"name\":\"Inicio\",\"item\":\"https:\\\/\\\/www.cde.ual.es\\\/en\\\/\"},{\"@type\":\"ListItem\",\"position\":2,\"name\":\"EU News\",\"item\":\"https:\\\/\\\/www.cde.ual.es\\\/en\\\/category\\\/eu-news\\\/\"},{\"@type\":\"ListItem\",\"position\":3,\"name\":\"Sassoli: Positive measures from Commission. Europe united in face of common challenge of COVID-19\"}]},{\"@type\":\"WebSite\",\"@id\":\"https:\\\/\\\/www.cde.ual.es\\\/#website\",\"url\":\"https:\\\/\\\/www.cde.ual.es\\\/\",\"name\":\"CDE Almer\u00eda - Centro de Documentaci\u00f3n Europea - Universidad de Almer\u00eda\",\"description\":\"Centro de Documentaci\u00f3n Europea de la Universidad de Almer\u00eda\",\"publisher\":{\"@id\":\"https:\\\/\\\/www.cde.ual.es\\\/#organization\"},\"alternateName\":\"CDE Almer\u00eda\",\"potentialAction\":[{\"@type\":\"SearchAction\",\"target\":{\"@type\":\"EntryPoint\",\"urlTemplate\":\"https:\\\/\\\/www.cde.ual.es\\\/?s={search_term_string}\"},\"query-input\":{\"@type\":\"PropertyValueSpecification\",\"valueRequired\":true,\"valueName\":\"search_term_string\"}}],\"inLanguage\":\"en-US\"},{\"@type\":\"Organization\",\"@id\":\"https:\\\/\\\/www.cde.ual.es\\\/#organization\",\"name\":\"Centro de Documentaci\u00f3n Europea de Almer\u00eda\",\"url\":\"https:\\\/\\\/www.cde.ual.es\\\/\",\"logo\":{\"@type\":\"ImageObject\",\"inLanguage\":\"en-US\",\"@id\":\"https:\\\/\\\/www.cde.ual.es\\\/#\\\/schema\\\/logo\\\/image\\\/\",\"url\":\"https:\\\/\\\/www.cde.ual.es\\\/wp-content\\\/uploads\\\/2025\\\/07\\\/cde-logo-3.png\",\"contentUrl\":\"https:\\\/\\\/www.cde.ual.es\\\/wp-content\\\/uploads\\\/2025\\\/07\\\/cde-logo-3.png\",\"width\":1400,\"height\":300,\"caption\":\"Centro de Documentaci\u00f3n Europea de Almer\u00eda\"},\"image\":{\"@id\":\"https:\\\/\\\/www.cde.ual.es\\\/#\\\/schema\\\/logo\\\/image\\\/\"},\"sameAs\":[\"https:\\\/\\\/www.facebook.com\\\/cdeuniversidadalmeria\\\/\",\"https:\\\/\\\/x.com\\\/cdeualmeria\",\"https:\\\/\\\/www.tiktok.com\\\/@cdealmeria\",\"https:\\\/\\\/www.instagram.com\\\/cdealmeria\\\/\",\"https:\\\/\\\/www.linkedin.com\\\/in\\\/cde-almera-812b26a9\\\/\"]},{\"@type\":\"Person\",\"@id\":\"https:\\\/\\\/www.cde.ual.es\\\/#\\\/schema\\\/person\\\/bf2f837cf3353e2161fe1087adbd728f\",\"name\":\"BECACDE1\",\"image\":{\"@type\":\"ImageObject\",\"inLanguage\":\"en-US\",\"@id\":\"https:\\\/\\\/secure.gravatar.com\\\/avatar\\\/16a4c1e422b5dec818ee13eab3353b19db9cfd278cc10f9b0e1188a37671d9d4?s=96&d=mm&r=g\",\"url\":\"https:\\\/\\\/secure.gravatar.com\\\/avatar\\\/16a4c1e422b5dec818ee13eab3353b19db9cfd278cc10f9b0e1188a37671d9d4?s=96&d=mm&r=g\",\"contentUrl\":\"https:\\\/\\\/secure.gravatar.com\\\/avatar\\\/16a4c1e422b5dec818ee13eab3353b19db9cfd278cc10f9b0e1188a37671d9d4?s=96&d=mm&r=g\",\"caption\":\"BECACDE1\"},\"sameAs\":[\"http:\\\/\\\/www.cdealmeria.com\"]}]}<\/script>\n<!-- \/ Yoast SEO plugin. -->","yoast_head_json":{"title":"Sassoli: Positive measures from Commission. Europe united in face of common challenge of COVID-19 | CDE Almer\u00eda - Centro de Documentaci\u00f3n Europea - Universidad de Almer\u00eda","robots":{"index":"index","follow":"follow","max-snippet":"max-snippet:-1","max-image-preview":"max-image-preview:large","max-video-preview":"max-video-preview:-1"},"canonical":"https:\/\/www.cde.ual.es\/en\/sassoli-positive-measures-from-commission-europe-united-in-face-of-common-challenge-of-covid-19\/","og_locale":"en_US","og_type":"article","og_title":"Sassoli: Positive measures from Commission. Europe united in face of common challenge of COVID-19 | CDE Almer\u00eda - Centro de Documentaci\u00f3n Europea - Universidad de Almer\u00eda","og_description":"Statement by Parliament President David Sassoli following the announcement by the European Commission of measures to address COVID-19 \u201cNot since the end of the Second World War have we faced such a dramatic crisis. Today the European Union is taking action. We had no doubt that it would. This situation is so serious that no [&hellip;]","og_url":"https:\/\/www.cde.ual.es\/en\/sassoli-positive-measures-from-commission-europe-united-in-face-of-common-challenge-of-covid-19\/","og_site_name":"CDE Almer\u00eda - Centro de Documentaci\u00f3n Europea - Universidad de Almer\u00eda","article_publisher":"https:\/\/www.facebook.com\/cdeuniversidadalmeria\/","article_published_time":"2020-03-17T12:00:11+00:00","og_image":[{"width":1600,"height":1062,"url":"https:\/\/www.cde.ual.es\/wp-content\/uploads\/2017\/12\/Parlamento-europeo-e1576220452364.jpg","type":"image\/jpeg"}],"author":"BECACDE1","twitter_card":"summary_large_image","twitter_creator":"@cdeualmeria","twitter_site":"@cdeualmeria","twitter_misc":{"Written by":"BECACDE1","Est. reading time":"1 minute"},"schema":{"@context":"https:\/\/schema.org","@graph":[{"@type":"Article","@id":"https:\/\/www.cde.ual.es\/en\/sassoli-positive-measures-from-commission-europe-united-in-face-of-common-challenge-of-covid-19\/#article","isPartOf":{"@id":"https:\/\/www.cde.ual.es\/en\/sassoli-positive-measures-from-commission-europe-united-in-face-of-common-challenge-of-covid-19\/"},"author":{"name":"BECACDE1","@id":"https:\/\/www.cde.ual.es\/#\/schema\/person\/bf2f837cf3353e2161fe1087adbd728f"},"headline":"Sassoli: Positive measures from Commission. Europe united in face of common challenge of COVID-19","datePublished":"2020-03-17T12:00:11+00:00","mainEntityOfPage":{"@id":"https:\/\/www.cde.ual.es\/en\/sassoli-positive-measures-from-commission-europe-united-in-face-of-common-challenge-of-covid-19\/"},"wordCount":289,"commentCount":0,"publisher":{"@id":"https:\/\/www.cde.ual.es\/#organization"},"image":{"@id":"https:\/\/www.cde.ual.es\/en\/sassoli-positive-measures-from-commission-europe-united-in-face-of-common-challenge-of-covid-19\/#primaryimage"},"thumbnailUrl":"https:\/\/www.cde.ual.es\/wp-content\/uploads\/2017\/12\/Parlamento-europeo-e1576220452364.jpg","keywords":["Coronavirus","covid-19"],"articleSection":["EU News"],"inLanguage":"en-US","potentialAction":[{"@type":"CommentAction","name":"Comment","target":["https:\/\/www.cde.ual.es\/en\/sassoli-positive-measures-from-commission-europe-united-in-face-of-common-challenge-of-covid-19\/#respond"]}]},{"@type":"WebPage","@id":"https:\/\/www.cde.ual.es\/en\/sassoli-positive-measures-from-commission-europe-united-in-face-of-common-challenge-of-covid-19\/","url":"https:\/\/www.cde.ual.es\/en\/sassoli-positive-measures-from-commission-europe-united-in-face-of-common-challenge-of-covid-19\/","name":"Sassoli: Positive measures from Commission. Europe united in face of common challenge of COVID-19 | CDE Almer\u00eda - Centro de Documentaci\u00f3n Europea - Universidad de Almer\u00eda","isPartOf":{"@id":"https:\/\/www.cde.ual.es\/#website"},"primaryImageOfPage":{"@id":"https:\/\/www.cde.ual.es\/en\/sassoli-positive-measures-from-commission-europe-united-in-face-of-common-challenge-of-covid-19\/#primaryimage"},"image":{"@id":"https:\/\/www.cde.ual.es\/en\/sassoli-positive-measures-from-commission-europe-united-in-face-of-common-challenge-of-covid-19\/#primaryimage"},"thumbnailUrl":"https:\/\/www.cde.ual.es\/wp-content\/uploads\/2017\/12\/Parlamento-europeo-e1576220452364.jpg","datePublished":"2020-03-17T12:00:11+00:00","breadcrumb":{"@id":"https:\/\/www.cde.ual.es\/en\/sassoli-positive-measures-from-commission-europe-united-in-face-of-common-challenge-of-covid-19\/#breadcrumb"},"inLanguage":"en-US","potentialAction":[{"@type":"ReadAction","target":["https:\/\/www.cde.ual.es\/en\/sassoli-positive-measures-from-commission-europe-united-in-face-of-common-challenge-of-covid-19\/"]}]},{"@type":"ImageObject","inLanguage":"en-US","@id":"https:\/\/www.cde.ual.es\/en\/sassoli-positive-measures-from-commission-europe-united-in-face-of-common-challenge-of-covid-19\/#primaryimage","url":"https:\/\/www.cde.ual.es\/wp-content\/uploads\/2017\/12\/Parlamento-europeo-e1576220452364.jpg","contentUrl":"https:\/\/www.cde.ual.es\/wp-content\/uploads\/2017\/12\/Parlamento-europeo-e1576220452364.jpg","width":1600,"height":1062,"caption":"Opening: call to release Sakarov laureate Razan Zaitouneh, President Schulz opened the session by calling on the kidnappers of Syrian human rights lawyer Razan Zaitouneh, her husband and two other peaceful activists for a free Syria, to release them immediately. Ms Zaitouneh, who won the European Parliaments 2011 Sakharov Prize for freedom of thought, was abducted in Damascus on 9 December 2013. Since then, there has been no news of her, he said, 12 March 2014. ANSA\/ \u00a9 European Union 2014 - European Parliament\" (Attribution-NonCommercial-NoDerivs Creative Commons license) +++ NO SALE EDITORIAL USE ONLY +++"},{"@type":"BreadcrumbList","@id":"https:\/\/www.cde.ual.es\/en\/sassoli-positive-measures-from-commission-europe-united-in-face-of-common-challenge-of-covid-19\/#breadcrumb","itemListElement":[{"@type":"ListItem","position":1,"name":"Inicio","item":"https:\/\/www.cde.ual.es\/en\/"},{"@type":"ListItem","position":2,"name":"EU News","item":"https:\/\/www.cde.ual.es\/en\/category\/eu-news\/"},{"@type":"ListItem","position":3,"name":"Sassoli: Positive measures from Commission. Europe united in face of common challenge of COVID-19"}]},{"@type":"WebSite","@id":"https:\/\/www.cde.ual.es\/#website","url":"https:\/\/www.cde.ual.es\/","name":"CDE Almer\u00eda - Centro de Documentaci\u00f3n Europea - Universidad de Almer\u00eda","description":"Centro de Documentaci\u00f3n Europea de la Universidad de Almer\u00eda","publisher":{"@id":"https:\/\/www.cde.ual.es\/#organization"},"alternateName":"CDE Almer\u00eda","potentialAction":[{"@type":"SearchAction","target":{"@type":"EntryPoint","urlTemplate":"https:\/\/www.cde.ual.es\/?s={search_term_string}"},"query-input":{"@type":"PropertyValueSpecification","valueRequired":true,"valueName":"search_term_string"}}],"inLanguage":"en-US"},{"@type":"Organization","@id":"https:\/\/www.cde.ual.es\/#organization","name":"Centro de Documentaci\u00f3n Europea de Almer\u00eda","url":"https:\/\/www.cde.ual.es\/","logo":{"@type":"ImageObject","inLanguage":"en-US","@id":"https:\/\/www.cde.ual.es\/#\/schema\/logo\/image\/","url":"https:\/\/www.cde.ual.es\/wp-content\/uploads\/2025\/07\/cde-logo-3.png","contentUrl":"https:\/\/www.cde.ual.es\/wp-content\/uploads\/2025\/07\/cde-logo-3.png","width":1400,"height":300,"caption":"Centro de Documentaci\u00f3n Europea de Almer\u00eda"},"image":{"@id":"https:\/\/www.cde.ual.es\/#\/schema\/logo\/image\/"},"sameAs":["https:\/\/www.facebook.com\/cdeuniversidadalmeria\/","https:\/\/x.com\/cdeualmeria","https:\/\/www.tiktok.com\/@cdealmeria","https:\/\/www.instagram.com\/cdealmeria\/","https:\/\/www.linkedin.com\/in\/cde-almera-812b26a9\/"]},{"@type":"Person","@id":"https:\/\/www.cde.ual.es\/#\/schema\/person\/bf2f837cf3353e2161fe1087adbd728f","name":"BECACDE1","image":{"@type":"ImageObject","inLanguage":"en-US","@id":"https:\/\/secure.gravatar.com\/avatar\/16a4c1e422b5dec818ee13eab3353b19db9cfd278cc10f9b0e1188a37671d9d4?s=96&d=mm&r=g","url":"https:\/\/secure.gravatar.com\/avatar\/16a4c1e422b5dec818ee13eab3353b19db9cfd278cc10f9b0e1188a37671d9d4?s=96&d=mm&r=g","contentUrl":"https:\/\/secure.gravatar.com\/avatar\/16a4c1e422b5dec818ee13eab3353b19db9cfd278cc10f9b0e1188a37671d9d4?s=96&d=mm&r=g","caption":"BECACDE1"},"sameAs":["http:\/\/www.cdealmeria.com"]}]}},"_links":{"self":[{"href":"https:\/\/www.cde.ual.es\/en\/wp-json\/wp\/v2\/posts\/38593","targetHints":{"allow":["GET"]}}],"collection":[{"href":"https:\/\/www.cde.ual.es\/en\/wp-json\/wp\/v2\/posts"}],"about":[{"href":"https:\/\/www.cde.ual.es\/en\/wp-json\/wp\/v2\/types\/post"}],"author":[{"embeddable":true,"href":"https:\/\/www.cde.ual.es\/en\/wp-json\/wp\/v2\/users\/101012"}],"replies":[{"embeddable":true,"href":"https:\/\/www.cde.ual.es\/en\/wp-json\/wp\/v2\/comments?post=38593"}],"version-history":[{"count":0,"href":"https:\/\/www.cde.ual.es\/en\/wp-json\/wp\/v2\/posts\/38593\/revisions"}],"wp:featuredmedia":[{"embeddable":true,"href":"https:\/\/www.cde.ual.es\/en\/wp-json\/wp\/v2\/media\/31229"}],"wp:attachment":[{"href":"https:\/\/www.cde.ual.es\/en\/wp-json\/wp\/v2\/media?parent=38593"}],"wp:term":[{"taxonomy":"category","embeddable":true,"href":"https:\/\/www.cde.ual.es\/en\/wp-json\/wp\/v2\/categories?post=38593"},{"taxonomy":"post_tag","embeddable":true,"href":"https:\/\/www.cde.ual.es\/en\/wp-json\/wp\/v2\/tags?post=38593"}],"curies":[{"name":"wp","href":"https:\/\/api.w.org\/{rel}","templated":true}]}}