{"id":3856,"date":"2018-04-23T14:39:29","date_gmt":"2018-04-23T12:39:29","guid":{"rendered":"http:\/\/www.cde.ual.es\/?p=3856"},"modified":"2018-04-23T14:43:02","modified_gmt":"2018-04-23T12:43:02","slug":"eurobarometro-como-creen-los-europeos-que-se-vive-en-la-ue-en-terminos-de-equidad","status":"publish","type":"post","link":"https:\/\/www.cde.ual.es\/en\/eurobarometro-como-creen-los-europeos-que-se-vive-en-la-ue-en-terminos-de-equidad\/","title":{"rendered":"Eurobar\u00f3metro: \u00bfc\u00f3mo creen los europeos que se vive en la UE en t\u00e9rminos de equidad?"},"content":{"rendered":"<p><span lang=\"ES\">Seg\u00fan una nueva encuesta, la mayor\u00eda de los europeos considera que en su vida hay, en general, equidad, si bien abrigan inquietudes acerca de la justicia, las decisiones pol\u00edticas y la desigualdad de ingresos.<u><\/u><u><\/u><\/span><\/p>\n<p><span lang=\"ES\">Jean-Claude\u00a0<strong>Juncker<\/strong>, presidente de la Comisi\u00f3n Europea, ha hecho de la equidad en la UE el fundamento de sus prioridades pol\u00edticas. Para respaldar este esfuerzo con pruebas cient\u00edficas, el Centro Com\u00fan de Investigaci\u00f3n (CCI), servicio de ciencia y conocimiento de la Comisi\u00f3n, elabor\u00f3 el a\u00f1o pasado su primer\u00a0<\/span><a href=\"https:\/\/ec.europa.eu\/jrc\/en\/publication\/eur-scientific-and-technical-research-reports\/what-makes-fair-society-insights-and-evidence\" target=\"_blank\" rel=\"noopener\" data-saferedirecturl=\"https:\/\/www.google.com\/url?hl=es&amp;q=https:\/\/ec.europa.eu\/jrc\/en\/publication\/eur-scientific-and-technical-research-reports\/what-makes-fair-society-insights-and-evidence&amp;source=gmail&amp;ust=1524571378275000&amp;usg=AFQjCNGwrgFV85TxWHnhqDdkyZiITwnjKA\"><span lang=\"ES\">informe sobre la equidad<\/span><\/a><span lang=\"ES\">. Los resultados del Eurobar\u00f3metro especial publicado hoy ayudar\u00e1n a abordar cuestiones generales sobre las injusticias percibidas en el empleo, la educaci\u00f3n, la salud y la sociedad en sentido amplio.<u><\/u><u><\/u><\/span><\/p>\n<p><span lang=\"ES\">Seg\u00fan este Eurobar\u00f3metro, son mayor\u00eda los europeos que consideran que en sus vidas est\u00e1 esencialmente presente la equidad y que disfrutan de igualdad de oportunidades para progresar en la vida. Sin embargo, est\u00e1n menos convencidos de que las decisiones de la justicia y las decisiones pol\u00edticas se apliquen de manera igualitaria y coherente en sus pa\u00edses, es decir, sin importar la clase social, la riqueza y los contactos de cada cual. La gran mayor\u00eda piensa tambi\u00e9n que las desigualdades de ingresos son demasiado grandes y que los gobiernos deber\u00edan actuar al respecto, mientras que menos de la mitad opinan que la igualdad de oportunidades y su posici\u00f3n social han ido mejorando.<u><\/u><u><\/u><\/span><\/p>\n<p><span lang=\"ES\">Las principales conclusiones de la encuesta Eurobar\u00f3metro se refieren a la educaci\u00f3n, los ingresos, la clase social y la movilidad intergeneracional. Tambi\u00e9n presentan percepciones sobre la globalizaci\u00f3n y la migraci\u00f3n; esta como uno de los factores de las crecientes desigualdades y aquella como pretexto para preferencias pol\u00edticas que est\u00e1n entre los determinantes de las actitudes ante la justicia y la desigualdad:<u><\/u><u><\/u><\/span><\/p>\n<p><u><\/u><span lang=\"ES\">\u00b7\u00a0\u00a0\u00a0\u00a0\u00a0\u00a0\u00a0\u00a0\u00a0<\/span><u><\/u><span lang=\"ES\">M\u00e1s de la mitad de los encuestados consideran que las personas tienen\u00a0<strong>iguales oportunidades para progresar en la vida<\/strong>\u00a0(58\u00a0%). Sin embargo, esta cifra oculta\u00a0<strong>importantes disparidades regionales<\/strong>, pues si en Dinamarca esto lo piensa un 81\u00a0% de los encuestados, en Grecia solo lo ve as\u00ed un 18\u00a0%.\u00a0<u><\/u><u><\/u><\/span><\/p>\n<p><u><\/u><span lang=\"ES\">\u00b7\u00a0\u00a0\u00a0\u00a0\u00a0\u00a0\u00a0\u00a0\u00a0<\/span><u><\/u><span lang=\"ES\">Los encuestados son\u00a0<strong>menos optimistas sobre la equidad en \u00e1mbitos espec\u00edficos<\/strong>.\u00a0<strong>Solo el 39\u00a0% conf\u00eda en que la justicia siempre prevalece<\/strong>\u00a0sobre la injusticia, mientras que un porcentaje equivalente disiente. Con m\u00e1s pesimismo a\u00fan, solo\u00a0<strong>el 32\u00a0% piensa que las decisiones pol\u00edticas se aplican de manera coherente a todos los ciudadanos<\/strong>, y el 48\u00a0% no est\u00e1 de acuerdo. En general, las personas\u00a0<strong>m\u00e1s j\u00f3venes, con mejor educaci\u00f3n y con mayores recursos son las que m\u00e1s probabilidad tienen de considerar que hay equidad<\/strong>.<strong>\u00a0<\/strong><u><\/u><u><\/u><\/span><\/p>\n<p><u><\/u><span lang=\"ES\">\u00b7\u00a0\u00a0\u00a0\u00a0\u00a0\u00a0\u00a0\u00a0\u00a0<\/span><u><\/u><strong><span lang=\"ES\">Una aplastante mayor\u00eda cree que las diferencias de ingresos son demasiado grandes<\/span><\/strong><span lang=\"ES\">\u00a0(84\u00a0%), en porcentajes que van del 96\u00a0% en Portugal y el 92\u00a0% en Alemania al 59\u00a0% en los Pa\u00edses Bajos. En todos los pa\u00edses, excepto Dinamarca,\u00a0<strong>m\u00e1s del 60\u00a0% de los encuestados coinciden en que los gobiernos deben adoptar medidas para reducir las diferencias<\/strong>.\u00a0<u><\/u><u><\/u><\/span><\/p>\n<p><u><\/u><span lang=\"ES\">\u00b7\u00a0\u00a0\u00a0\u00a0\u00a0\u00a0\u00a0\u00a0\u00a0<\/span><u><\/u><strong><span lang=\"ES\">Para progresar en la vida, la buena salud y una educaci\u00f3n de calidad son esenciales o importantes seg\u00fan<\/span><\/strong><span lang=\"ES\">\u00a0el 98\u00a0% y el 93\u00a0% de los encuestados, respectivamente. M\u00e1s del 90\u00a0% considera asimismo que trabajar duro y conocer a las personas adecuadas son algo esencial o importante. Una familia adinerada, tener contactos pol\u00edticos, tener un origen \u00e9tnico determinado o nacer hombre o mujer se consideran factores menos importantes.<u><\/u><u><\/u><\/span><\/p>\n<p><u><\/u><span lang=\"ES\">\u00b7\u00a0\u00a0\u00a0\u00a0\u00a0\u00a0\u00a0\u00a0\u00a0<\/span><u><\/u><strong><span lang=\"ES\">Menos de la mitad de los encuestados (46\u00a0%) creen que las oportunidades para progresar en la vida se han hecho m\u00e1s igualitarias en comparaci\u00f3n con hace treinta a\u00f1os;<\/span><\/strong><span lang=\"ES\">\u00a0son m\u00e1s del 70\u00a0% los que apoyan esta aserci\u00f3n en Malta, Finlandia e Irlanda, pero no llegan al 25\u00a0% en Croacia, Francia y Grecia.<u><\/u><u><\/u><\/span><\/p>\n<p><u><\/u><span lang=\"ES\">\u00b7\u00a0\u00a0\u00a0\u00a0\u00a0\u00a0\u00a0\u00a0\u00a0<\/span><u><\/u><span lang=\"ES\">En conjunto, el 47\u00a0% de los europeos considera que la globalizaci\u00f3n es positiva y el 21\u00a0% no est\u00e1 de acuerdo. El 39\u00a0% afirma que la inmigraci\u00f3n en su pa\u00eds es buena, y el 33\u00a0% considera que no.<u><\/u><u><\/u><\/span><\/p>\n<p><span lang=\"ES\">El CCI utilizar\u00e1 los datos de la encuesta y las investigaciones cient\u00edficas m\u00e1s recientes para seguir construyendo una base de conocimientos en apoyo de las pol\u00edticas de la UE cuya meta sea crear una sociedad m\u00e1s justa. En 2019 publicar\u00e1 una serie de notas informativas, as\u00ed como la segunda edici\u00f3n del informe sobre la equidad.<u><\/u><u><\/u><\/span><\/p>\n<p>&nbsp;<\/p>\n","protected":false},"excerpt":{"rendered":"<p>Seg\u00fan una nueva encuesta, la mayor\u00eda de los europeos considera que en su vida hay, en general, equidad, si bien abrigan inquietudes acerca de la justicia, las decisiones pol\u00edticas y la desigualdad de ingresos. Jean-Claude\u00a0Juncker, presidente de la Comisi\u00f3n Europea, ha hecho de la equidad en la UE el fundamento de sus prioridades pol\u00edticas. Para [&hellip;]<\/p>\n","protected":false},"author":1,"featured_media":3861,"comment_status":"open","ping_status":"open","sticky":false,"template":"","format":"standard","meta":{"_acf_changed":false,"_relevanssi_hide_post":"","_relevanssi_hide_content":"","_relevanssi_pin_for_all":"","_relevanssi_pin_keywords":"","_relevanssi_unpin_keywords":"","_relevanssi_related_keywords":"","_relevanssi_related_include_ids":"","_relevanssi_related_exclude_ids":"","_relevanssi_related_no_append":"","_relevanssi_related_not_related":"","_relevanssi_related_posts":"","_relevanssi_noindex_reason":"","_monsterinsights_skip_tracking":false,"_monsterinsights_sitenote_active":false,"_monsterinsights_sitenote_note":"","_monsterinsights_sitenote_category":0,"_genesis_hide_title":false,"_genesis_hide_breadcrumbs":false,"_genesis_hide_singular_image":false,"_genesis_hide_footer_widgets":false,"_genesis_custom_body_class":"","_genesis_custom_post_class":"","_genesis_layout":"","footnotes":""},"categories":[1],"tags":[],"class_list":{"0":"post-3856","1":"post","2":"type-post","3":"status-publish","4":"format-standard","5":"has-post-thumbnail","7":"category-sin-categorizar","8":"entry"},"acf":[],"yoast_head":"<!-- This site is optimized with the Yoast SEO plugin v27.4 - https:\/\/yoast.com\/product\/yoast-seo-wordpress\/ -->\n<title>Eurobar\u00f3metro: \u00bfc\u00f3mo creen los europeos que se vive en la UE en t\u00e9rminos de equidad? | CDE Almer\u00eda - Centro de Documentaci\u00f3n Europea - Universidad de Almer\u00eda<\/title>\n<meta name=\"robots\" content=\"index, follow, max-snippet:-1, max-image-preview:large, max-video-preview:-1\" \/>\n<link rel=\"canonical\" href=\"https:\/\/www.cde.ual.es\/eurobarometro-como-creen-los-europeos-que-se-vive-en-la-ue-en-terminos-de-equidad\/\" \/>\n<meta property=\"og:locale\" content=\"en_US\" \/>\n<meta property=\"og:type\" content=\"article\" \/>\n<meta property=\"og:title\" content=\"Eurobar\u00f3metro: \u00bfc\u00f3mo creen los europeos que se vive en la UE en t\u00e9rminos de equidad? | CDE Almer\u00eda - Centro de Documentaci\u00f3n Europea - Universidad de Almer\u00eda\" \/>\n<meta property=\"og:description\" content=\"Seg\u00fan una nueva encuesta, la mayor\u00eda de los europeos considera que en su vida hay, en general, equidad, si bien abrigan inquietudes acerca de la justicia, las decisiones pol\u00edticas y la desigualdad de ingresos. Jean-Claude\u00a0Juncker, presidente de la Comisi\u00f3n Europea, ha hecho de la equidad en la UE el fundamento de sus prioridades pol\u00edticas. Para [&hellip;]\" \/>\n<meta property=\"og:url\" content=\"https:\/\/www.cde.ual.es\/eurobarometro-como-creen-los-europeos-que-se-vive-en-la-ue-en-terminos-de-equidad\/\" \/>\n<meta property=\"og:site_name\" content=\"CDE Almer\u00eda - Centro de Documentaci\u00f3n Europea - Universidad de Almer\u00eda\" \/>\n<meta property=\"article:publisher\" content=\"https:\/\/www.facebook.com\/cdeuniversidadalmeria\/\" \/>\n<meta property=\"article:published_time\" content=\"2018-04-23T12:39:29+00:00\" \/>\n<meta property=\"article:modified_time\" content=\"2018-04-23T12:43:02+00:00\" \/>\n<meta property=\"og:image\" content=\"https:\/\/www.cde.ual.es\/wp-content\/uploads\/2018\/04\/what-makes-a-fair-society.jpg\" \/>\n\t<meta property=\"og:image:width\" content=\"283\" \/>\n\t<meta property=\"og:image:height\" content=\"400\" \/>\n\t<meta property=\"og:image:type\" content=\"image\/jpeg\" \/>\n<meta name=\"author\" content=\"AdminCDE\" \/>\n<meta name=\"twitter:card\" content=\"summary_large_image\" \/>\n<meta name=\"twitter:creator\" content=\"@cdeualmeria\" \/>\n<meta name=\"twitter:site\" content=\"@cdeualmeria\" \/>\n<meta name=\"twitter:label1\" content=\"Written by\" \/>\n\t<meta name=\"twitter:data1\" content=\"AdminCDE\" \/>\n\t<meta name=\"twitter:label2\" content=\"Est. reading time\" \/>\n\t<meta name=\"twitter:data2\" content=\"4 minutes\" \/>\n<script type=\"application\/ld+json\" class=\"yoast-schema-graph\">{\"@context\":\"https:\\\/\\\/schema.org\",\"@graph\":[{\"@type\":\"Article\",\"@id\":\"https:\\\/\\\/www.cde.ual.es\\\/eurobarometro-como-creen-los-europeos-que-se-vive-en-la-ue-en-terminos-de-equidad\\\/#article\",\"isPartOf\":{\"@id\":\"https:\\\/\\\/www.cde.ual.es\\\/eurobarometro-como-creen-los-europeos-que-se-vive-en-la-ue-en-terminos-de-equidad\\\/\"},\"author\":{\"name\":\"AdminCDE\",\"@id\":\"https:\\\/\\\/www.cde.ual.es\\\/#\\\/schema\\\/person\\\/224ef08c8bcc005f319d2713ce37ee5f\"},\"headline\":\"Eurobar\u00f3metro: \u00bfc\u00f3mo creen los europeos que se vive en la UE en t\u00e9rminos de equidad?\",\"datePublished\":\"2018-04-23T12:39:29+00:00\",\"dateModified\":\"2018-04-23T12:43:02+00:00\",\"mainEntityOfPage\":{\"@id\":\"https:\\\/\\\/www.cde.ual.es\\\/eurobarometro-como-creen-los-europeos-que-se-vive-en-la-ue-en-terminos-de-equidad\\\/\"},\"wordCount\":742,\"commentCount\":0,\"publisher\":{\"@id\":\"https:\\\/\\\/www.cde.ual.es\\\/#organization\"},\"image\":{\"@id\":\"https:\\\/\\\/www.cde.ual.es\\\/eurobarometro-como-creen-los-europeos-que-se-vive-en-la-ue-en-terminos-de-equidad\\\/#primaryimage\"},\"thumbnailUrl\":\"https:\\\/\\\/www.cde.ual.es\\\/wp-content\\\/uploads\\\/2018\\\/04\\\/what-makes-a-fair-society.jpg\",\"articleSection\":[\"Sin categorizar\"],\"inLanguage\":\"en-US\",\"potentialAction\":[{\"@type\":\"CommentAction\",\"name\":\"Comment\",\"target\":[\"https:\\\/\\\/www.cde.ual.es\\\/eurobarometro-como-creen-los-europeos-que-se-vive-en-la-ue-en-terminos-de-equidad\\\/#respond\"]}]},{\"@type\":\"WebPage\",\"@id\":\"https:\\\/\\\/www.cde.ual.es\\\/eurobarometro-como-creen-los-europeos-que-se-vive-en-la-ue-en-terminos-de-equidad\\\/\",\"url\":\"https:\\\/\\\/www.cde.ual.es\\\/eurobarometro-como-creen-los-europeos-que-se-vive-en-la-ue-en-terminos-de-equidad\\\/\",\"name\":\"Eurobar\u00f3metro: \u00bfc\u00f3mo creen los europeos que se vive en la UE en t\u00e9rminos de equidad? | CDE Almer\u00eda - Centro de Documentaci\u00f3n Europea - Universidad de Almer\u00eda\",\"isPartOf\":{\"@id\":\"https:\\\/\\\/www.cde.ual.es\\\/#website\"},\"primaryImageOfPage\":{\"@id\":\"https:\\\/\\\/www.cde.ual.es\\\/eurobarometro-como-creen-los-europeos-que-se-vive-en-la-ue-en-terminos-de-equidad\\\/#primaryimage\"},\"image\":{\"@id\":\"https:\\\/\\\/www.cde.ual.es\\\/eurobarometro-como-creen-los-europeos-que-se-vive-en-la-ue-en-terminos-de-equidad\\\/#primaryimage\"},\"thumbnailUrl\":\"https:\\\/\\\/www.cde.ual.es\\\/wp-content\\\/uploads\\\/2018\\\/04\\\/what-makes-a-fair-society.jpg\",\"datePublished\":\"2018-04-23T12:39:29+00:00\",\"dateModified\":\"2018-04-23T12:43:02+00:00\",\"breadcrumb\":{\"@id\":\"https:\\\/\\\/www.cde.ual.es\\\/eurobarometro-como-creen-los-europeos-que-se-vive-en-la-ue-en-terminos-de-equidad\\\/#breadcrumb\"},\"inLanguage\":\"en-US\",\"potentialAction\":[{\"@type\":\"ReadAction\",\"target\":[\"https:\\\/\\\/www.cde.ual.es\\\/eurobarometro-como-creen-los-europeos-que-se-vive-en-la-ue-en-terminos-de-equidad\\\/\"]}]},{\"@type\":\"ImageObject\",\"inLanguage\":\"en-US\",\"@id\":\"https:\\\/\\\/www.cde.ual.es\\\/eurobarometro-como-creen-los-europeos-que-se-vive-en-la-ue-en-terminos-de-equidad\\\/#primaryimage\",\"url\":\"https:\\\/\\\/www.cde.ual.es\\\/wp-content\\\/uploads\\\/2018\\\/04\\\/what-makes-a-fair-society.jpg\",\"contentUrl\":\"https:\\\/\\\/www.cde.ual.es\\\/wp-content\\\/uploads\\\/2018\\\/04\\\/what-makes-a-fair-society.jpg\",\"width\":283,\"height\":400},{\"@type\":\"BreadcrumbList\",\"@id\":\"https:\\\/\\\/www.cde.ual.es\\\/eurobarometro-como-creen-los-europeos-que-se-vive-en-la-ue-en-terminos-de-equidad\\\/#breadcrumb\",\"itemListElement\":[{\"@type\":\"ListItem\",\"position\":1,\"name\":\"Inicio\",\"item\":\"https:\\\/\\\/www.cde.ual.es\\\/en\\\/\"},{\"@type\":\"ListItem\",\"position\":2,\"name\":\"Sin categorizar\",\"item\":\"https:\\\/\\\/www.cde.ual.es\\\/category\\\/sin-categorizar\\\/\"},{\"@type\":\"ListItem\",\"position\":3,\"name\":\"Eurobar\u00f3metro: \u00bfc\u00f3mo creen los europeos que se vive en la UE en t\u00e9rminos de equidad?\"}]},{\"@type\":\"WebSite\",\"@id\":\"https:\\\/\\\/www.cde.ual.es\\\/#website\",\"url\":\"https:\\\/\\\/www.cde.ual.es\\\/\",\"name\":\"CDE Almer\u00eda - Centro de Documentaci\u00f3n Europea - Universidad de Almer\u00eda\",\"description\":\"Centro de Documentaci\u00f3n Europea de la Universidad de Almer\u00eda\",\"publisher\":{\"@id\":\"https:\\\/\\\/www.cde.ual.es\\\/#organization\"},\"alternateName\":\"CDE Almer\u00eda\",\"potentialAction\":[{\"@type\":\"SearchAction\",\"target\":{\"@type\":\"EntryPoint\",\"urlTemplate\":\"https:\\\/\\\/www.cde.ual.es\\\/?s={search_term_string}\"},\"query-input\":{\"@type\":\"PropertyValueSpecification\",\"valueRequired\":true,\"valueName\":\"search_term_string\"}}],\"inLanguage\":\"en-US\"},{\"@type\":\"Organization\",\"@id\":\"https:\\\/\\\/www.cde.ual.es\\\/#organization\",\"name\":\"Centro de Documentaci\u00f3n Europea de Almer\u00eda\",\"url\":\"https:\\\/\\\/www.cde.ual.es\\\/\",\"logo\":{\"@type\":\"ImageObject\",\"inLanguage\":\"en-US\",\"@id\":\"https:\\\/\\\/www.cde.ual.es\\\/#\\\/schema\\\/logo\\\/image\\\/\",\"url\":\"https:\\\/\\\/www.cde.ual.es\\\/wp-content\\\/uploads\\\/2025\\\/07\\\/cde-logo-3.png\",\"contentUrl\":\"https:\\\/\\\/www.cde.ual.es\\\/wp-content\\\/uploads\\\/2025\\\/07\\\/cde-logo-3.png\",\"width\":1400,\"height\":300,\"caption\":\"Centro de Documentaci\u00f3n Europea de Almer\u00eda\"},\"image\":{\"@id\":\"https:\\\/\\\/www.cde.ual.es\\\/#\\\/schema\\\/logo\\\/image\\\/\"},\"sameAs\":[\"https:\\\/\\\/www.facebook.com\\\/cdeuniversidadalmeria\\\/\",\"https:\\\/\\\/x.com\\\/cdeualmeria\",\"https:\\\/\\\/www.tiktok.com\\\/@cdealmeria\",\"https:\\\/\\\/www.instagram.com\\\/cdealmeria\\\/\",\"https:\\\/\\\/www.linkedin.com\\\/in\\\/cde-almera-812b26a9\\\/\"]},{\"@type\":\"Person\",\"@id\":\"https:\\\/\\\/www.cde.ual.es\\\/#\\\/schema\\\/person\\\/224ef08c8bcc005f319d2713ce37ee5f\",\"name\":\"AdminCDE\",\"image\":{\"@type\":\"ImageObject\",\"inLanguage\":\"en-US\",\"@id\":\"https:\\\/\\\/secure.gravatar.com\\\/avatar\\\/a72d038d371f995cd13706fac32274b7952a52e8fb0a84b5f80c85426f2a98a8?s=96&d=mm&r=g\",\"url\":\"https:\\\/\\\/secure.gravatar.com\\\/avatar\\\/a72d038d371f995cd13706fac32274b7952a52e8fb0a84b5f80c85426f2a98a8?s=96&d=mm&r=g\",\"contentUrl\":\"https:\\\/\\\/secure.gravatar.com\\\/avatar\\\/a72d038d371f995cd13706fac32274b7952a52e8fb0a84b5f80c85426f2a98a8?s=96&d=mm&r=g\",\"caption\":\"AdminCDE\"}}]}<\/script>\n<!-- \/ Yoast SEO plugin. -->","yoast_head_json":{"title":"Eurobar\u00f3metro: \u00bfc\u00f3mo creen los europeos que se vive en la UE en t\u00e9rminos de equidad? | CDE Almer\u00eda - Centro de Documentaci\u00f3n Europea - Universidad de Almer\u00eda","robots":{"index":"index","follow":"follow","max-snippet":"max-snippet:-1","max-image-preview":"max-image-preview:large","max-video-preview":"max-video-preview:-1"},"canonical":"https:\/\/www.cde.ual.es\/eurobarometro-como-creen-los-europeos-que-se-vive-en-la-ue-en-terminos-de-equidad\/","og_locale":"en_US","og_type":"article","og_title":"Eurobar\u00f3metro: \u00bfc\u00f3mo creen los europeos que se vive en la UE en t\u00e9rminos de equidad? | CDE Almer\u00eda - Centro de Documentaci\u00f3n Europea - Universidad de Almer\u00eda","og_description":"Seg\u00fan una nueva encuesta, la mayor\u00eda de los europeos considera que en su vida hay, en general, equidad, si bien abrigan inquietudes acerca de la justicia, las decisiones pol\u00edticas y la desigualdad de ingresos. Jean-Claude\u00a0Juncker, presidente de la Comisi\u00f3n Europea, ha hecho de la equidad en la UE el fundamento de sus prioridades pol\u00edticas. Para [&hellip;]","og_url":"https:\/\/www.cde.ual.es\/eurobarometro-como-creen-los-europeos-que-se-vive-en-la-ue-en-terminos-de-equidad\/","og_site_name":"CDE Almer\u00eda - Centro de Documentaci\u00f3n Europea - Universidad de Almer\u00eda","article_publisher":"https:\/\/www.facebook.com\/cdeuniversidadalmeria\/","article_published_time":"2018-04-23T12:39:29+00:00","article_modified_time":"2018-04-23T12:43:02+00:00","og_image":[{"width":283,"height":400,"url":"https:\/\/www.cde.ual.es\/wp-content\/uploads\/2018\/04\/what-makes-a-fair-society.jpg","type":"image\/jpeg"}],"author":"AdminCDE","twitter_card":"summary_large_image","twitter_creator":"@cdeualmeria","twitter_site":"@cdeualmeria","twitter_misc":{"Written by":"AdminCDE","Est. reading time":"4 minutes"},"schema":{"@context":"https:\/\/schema.org","@graph":[{"@type":"Article","@id":"https:\/\/www.cde.ual.es\/eurobarometro-como-creen-los-europeos-que-se-vive-en-la-ue-en-terminos-de-equidad\/#article","isPartOf":{"@id":"https:\/\/www.cde.ual.es\/eurobarometro-como-creen-los-europeos-que-se-vive-en-la-ue-en-terminos-de-equidad\/"},"author":{"name":"AdminCDE","@id":"https:\/\/www.cde.ual.es\/#\/schema\/person\/224ef08c8bcc005f319d2713ce37ee5f"},"headline":"Eurobar\u00f3metro: \u00bfc\u00f3mo creen los europeos que se vive en la UE en t\u00e9rminos de equidad?","datePublished":"2018-04-23T12:39:29+00:00","dateModified":"2018-04-23T12:43:02+00:00","mainEntityOfPage":{"@id":"https:\/\/www.cde.ual.es\/eurobarometro-como-creen-los-europeos-que-se-vive-en-la-ue-en-terminos-de-equidad\/"},"wordCount":742,"commentCount":0,"publisher":{"@id":"https:\/\/www.cde.ual.es\/#organization"},"image":{"@id":"https:\/\/www.cde.ual.es\/eurobarometro-como-creen-los-europeos-que-se-vive-en-la-ue-en-terminos-de-equidad\/#primaryimage"},"thumbnailUrl":"https:\/\/www.cde.ual.es\/wp-content\/uploads\/2018\/04\/what-makes-a-fair-society.jpg","articleSection":["Sin categorizar"],"inLanguage":"en-US","potentialAction":[{"@type":"CommentAction","name":"Comment","target":["https:\/\/www.cde.ual.es\/eurobarometro-como-creen-los-europeos-que-se-vive-en-la-ue-en-terminos-de-equidad\/#respond"]}]},{"@type":"WebPage","@id":"https:\/\/www.cde.ual.es\/eurobarometro-como-creen-los-europeos-que-se-vive-en-la-ue-en-terminos-de-equidad\/","url":"https:\/\/www.cde.ual.es\/eurobarometro-como-creen-los-europeos-que-se-vive-en-la-ue-en-terminos-de-equidad\/","name":"Eurobar\u00f3metro: \u00bfc\u00f3mo creen los europeos que se vive en la UE en t\u00e9rminos de equidad? | CDE Almer\u00eda - Centro de Documentaci\u00f3n Europea - Universidad de Almer\u00eda","isPartOf":{"@id":"https:\/\/www.cde.ual.es\/#website"},"primaryImageOfPage":{"@id":"https:\/\/www.cde.ual.es\/eurobarometro-como-creen-los-europeos-que-se-vive-en-la-ue-en-terminos-de-equidad\/#primaryimage"},"image":{"@id":"https:\/\/www.cde.ual.es\/eurobarometro-como-creen-los-europeos-que-se-vive-en-la-ue-en-terminos-de-equidad\/#primaryimage"},"thumbnailUrl":"https:\/\/www.cde.ual.es\/wp-content\/uploads\/2018\/04\/what-makes-a-fair-society.jpg","datePublished":"2018-04-23T12:39:29+00:00","dateModified":"2018-04-23T12:43:02+00:00","breadcrumb":{"@id":"https:\/\/www.cde.ual.es\/eurobarometro-como-creen-los-europeos-que-se-vive-en-la-ue-en-terminos-de-equidad\/#breadcrumb"},"inLanguage":"en-US","potentialAction":[{"@type":"ReadAction","target":["https:\/\/www.cde.ual.es\/eurobarometro-como-creen-los-europeos-que-se-vive-en-la-ue-en-terminos-de-equidad\/"]}]},{"@type":"ImageObject","inLanguage":"en-US","@id":"https:\/\/www.cde.ual.es\/eurobarometro-como-creen-los-europeos-que-se-vive-en-la-ue-en-terminos-de-equidad\/#primaryimage","url":"https:\/\/www.cde.ual.es\/wp-content\/uploads\/2018\/04\/what-makes-a-fair-society.jpg","contentUrl":"https:\/\/www.cde.ual.es\/wp-content\/uploads\/2018\/04\/what-makes-a-fair-society.jpg","width":283,"height":400},{"@type":"BreadcrumbList","@id":"https:\/\/www.cde.ual.es\/eurobarometro-como-creen-los-europeos-que-se-vive-en-la-ue-en-terminos-de-equidad\/#breadcrumb","itemListElement":[{"@type":"ListItem","position":1,"name":"Inicio","item":"https:\/\/www.cde.ual.es\/en\/"},{"@type":"ListItem","position":2,"name":"Sin categorizar","item":"https:\/\/www.cde.ual.es\/category\/sin-categorizar\/"},{"@type":"ListItem","position":3,"name":"Eurobar\u00f3metro: \u00bfc\u00f3mo creen los europeos que se vive en la UE en t\u00e9rminos de equidad?"}]},{"@type":"WebSite","@id":"https:\/\/www.cde.ual.es\/#website","url":"https:\/\/www.cde.ual.es\/","name":"CDE Almer\u00eda - Centro de Documentaci\u00f3n Europea - Universidad de Almer\u00eda","description":"Centro de Documentaci\u00f3n Europea de la Universidad de Almer\u00eda","publisher":{"@id":"https:\/\/www.cde.ual.es\/#organization"},"alternateName":"CDE Almer\u00eda","potentialAction":[{"@type":"SearchAction","target":{"@type":"EntryPoint","urlTemplate":"https:\/\/www.cde.ual.es\/?s={search_term_string}"},"query-input":{"@type":"PropertyValueSpecification","valueRequired":true,"valueName":"search_term_string"}}],"inLanguage":"en-US"},{"@type":"Organization","@id":"https:\/\/www.cde.ual.es\/#organization","name":"Centro de Documentaci\u00f3n Europea de Almer\u00eda","url":"https:\/\/www.cde.ual.es\/","logo":{"@type":"ImageObject","inLanguage":"en-US","@id":"https:\/\/www.cde.ual.es\/#\/schema\/logo\/image\/","url":"https:\/\/www.cde.ual.es\/wp-content\/uploads\/2025\/07\/cde-logo-3.png","contentUrl":"https:\/\/www.cde.ual.es\/wp-content\/uploads\/2025\/07\/cde-logo-3.png","width":1400,"height":300,"caption":"Centro de Documentaci\u00f3n Europea de Almer\u00eda"},"image":{"@id":"https:\/\/www.cde.ual.es\/#\/schema\/logo\/image\/"},"sameAs":["https:\/\/www.facebook.com\/cdeuniversidadalmeria\/","https:\/\/x.com\/cdeualmeria","https:\/\/www.tiktok.com\/@cdealmeria","https:\/\/www.instagram.com\/cdealmeria\/","https:\/\/www.linkedin.com\/in\/cde-almera-812b26a9\/"]},{"@type":"Person","@id":"https:\/\/www.cde.ual.es\/#\/schema\/person\/224ef08c8bcc005f319d2713ce37ee5f","name":"AdminCDE","image":{"@type":"ImageObject","inLanguage":"en-US","@id":"https:\/\/secure.gravatar.com\/avatar\/a72d038d371f995cd13706fac32274b7952a52e8fb0a84b5f80c85426f2a98a8?s=96&d=mm&r=g","url":"https:\/\/secure.gravatar.com\/avatar\/a72d038d371f995cd13706fac32274b7952a52e8fb0a84b5f80c85426f2a98a8?s=96&d=mm&r=g","contentUrl":"https:\/\/secure.gravatar.com\/avatar\/a72d038d371f995cd13706fac32274b7952a52e8fb0a84b5f80c85426f2a98a8?s=96&d=mm&r=g","caption":"AdminCDE"}}]}},"_links":{"self":[{"href":"https:\/\/www.cde.ual.es\/en\/wp-json\/wp\/v2\/posts\/3856","targetHints":{"allow":["GET"]}}],"collection":[{"href":"https:\/\/www.cde.ual.es\/en\/wp-json\/wp\/v2\/posts"}],"about":[{"href":"https:\/\/www.cde.ual.es\/en\/wp-json\/wp\/v2\/types\/post"}],"author":[{"embeddable":true,"href":"https:\/\/www.cde.ual.es\/en\/wp-json\/wp\/v2\/users\/1"}],"replies":[{"embeddable":true,"href":"https:\/\/www.cde.ual.es\/en\/wp-json\/wp\/v2\/comments?post=3856"}],"version-history":[{"count":0,"href":"https:\/\/www.cde.ual.es\/en\/wp-json\/wp\/v2\/posts\/3856\/revisions"}],"wp:featuredmedia":[{"embeddable":true,"href":"https:\/\/www.cde.ual.es\/en\/wp-json\/wp\/v2\/media\/3861"}],"wp:attachment":[{"href":"https:\/\/www.cde.ual.es\/en\/wp-json\/wp\/v2\/media?parent=3856"}],"wp:term":[{"taxonomy":"category","embeddable":true,"href":"https:\/\/www.cde.ual.es\/en\/wp-json\/wp\/v2\/categories?post=3856"},{"taxonomy":"post_tag","embeddable":true,"href":"https:\/\/www.cde.ual.es\/en\/wp-json\/wp\/v2\/tags?post=3856"}],"curies":[{"name":"wp","href":"https:\/\/api.w.org\/{rel}","templated":true}]}}