{"id":38156,"date":"2020-03-12T08:37:02","date_gmt":"2020-03-12T07:37:02","guid":{"rendered":"https:\/\/www.cde.ual.es\/?p=38156"},"modified":"2021-12-19T13:55:46","modified_gmt":"2021-12-19T12:55:46","slug":"covid-19-specific-measures-for-the-erasmus-programme","status":"publish","type":"post","link":"https:\/\/www.cde.ual.es\/en\/covid-19-specific-measures-for-the-erasmus-programme\/","title":{"rendered":"COVID-19: specific measures for the Erasmus+ programme"},"content":{"rendered":"<p>The Spanish Service for the Internationalisation of Education (SEPIE) is an Autonomous Body, dependent on the Ministry of Universities, whose main function is to act as the <strong>National Erasmus+ Agency in Spain<\/strong>, in charge of all the channelling and dissemination, management of resources such as budgets, promotion, and impact studies of the Eramus+ Programme (2014-2020) in the field of Education and Training. In this way, <a href=\"http:\/\/sepie.es\/\">SEPIE<\/a> tries to disseminate the calls for the different key actions within the Erasmus+ Programme, offering assistance and support to all possible beneficiaries, also carrying out a follow-up in order to achieve the appropriate objectives through the planned actions.<\/p>\n<p style=\"text-align: center;\"><a href=\"https:\/\/www.cde.ual.es\/wp-content\/uploads\/2019\/12\/Erasmus.jpg\"><img decoding=\"async\" class=\"size-medium wp-image-31458 aligncenter\" src=\"https:\/\/www.cde.ual.es\/wp-content\/uploads\/2019\/12\/Erasmus-300x164.jpg\" alt=\"\" width=\"300\" height=\"164\" srcset=\"https:\/\/www.cde.ual.es\/wp-content\/uploads\/2019\/12\/Erasmus-300x164.jpg 300w, https:\/\/www.cde.ual.es\/wp-content\/uploads\/2019\/12\/Erasmus.jpg 550w\" sizes=\"(max-width: 300px) 100vw, 300px\" \/><\/a><\/p>\n<p>On 9th March 2020, the Council of the National Health System in Spain, agreed to put in place measures in the educational field, starting on 11th March and during 15 days, for the region of Madrid and the cities of Vitoria and Labastida in the Basque Country.<\/p>\n<h3>Specific measures<\/h3>\n<p>The measures in the educational field are as follows,<\/p>\n<ol>\n<li>Suspension of classroom teaching activity at all educational levels (Higher Education and Universities, Secondary Education, Infant and Primary Education, Nursery, VET and others).<\/li>\n<li>Suspension of complementary and extra-curricular educational activities.<\/li>\n<\/ol>\n<p>For more information about these measures, please click on\u00a0<a href=\"https:\/\/www.mscbs.gob.es\/gabinete\/notasPrensa.do?id=4806\">this link<\/a>.<\/p>\n<p>Additionally, the region of La Rioja has also confirmed the above-mentioned measures.<\/p>\n<p>Furthermore, direct flights from any airport located in Italy to any airport located in Spain from 11th to 25th March 2020 have been forbidden. This information has been published on 10th March in the Spanish Official State Gazette (BOE):\u00a0<a href=\"https:\/\/www.boe.es\/boe\/dias\/2020\/03\/10\/\">https:\/\/www.boe.es\/boe\/dias\/2020\/03\/10\/<\/a><\/p>\n<p>From SEPIE, the Erasmus+ National Agency in Spain for the fields of education and training, this information will continue to be updated and will remain available to those interested through our usual channels of communication.<\/p>\n<h3>More information<\/h3>\n<p><a href=\"http:\/\/www.sepie.es\/coronavirus_amp.html\">SEPIE-Coronavirus<\/a><\/p>\n<p><img decoding=\"async\" class=\"i-amphtml-fill-content i-amphtml-replaced-content\" title=\"Logo PDF\" src=\"http:\/\/www.sepie.es\/img\/pdf_amp.png\" alt=\"logotipo pdf\" \/>\u00a0<a href=\"http:\/\/www.sepie.es\/doc\/comunicacion\/prensa\/2020\/SEPIE_pautas_actuacion_11032020.pdf\">COVID-19: guidelines for students and teachers on mobility Erasmus+. SEPIE y MAEUEC<\/a>. 11\/03\/2020.<\/p>\n<p><img decoding=\"async\" class=\"i-amphtml-fill-content i-amphtml-replaced-content\" title=\"Logo PDF\" src=\"http:\/\/www.sepie.es\/img\/pdf_amp.png\" alt=\"logotipo pdf\" \/>\u00a0<a href=\"http:\/\/www.sepie.es\/doc\/comunicacion\/prensa\/2020\/Coronavirus_11032020.pdf\">COVID-19: update of the situation. SEPIE<\/a>. 11\/03\/2020.<\/p>\n","protected":false},"excerpt":{"rendered":"<p>The Spanish Service for the Internationalisation of Education (SEPIE) is an Autonomous Body, dependent on the Ministry of Universities, whose main function is to act as the National Erasmus+ Agency in Spain, in charge of all the channelling and dissemination, management of resources such as budgets, promotion, and impact studies of the Eramus+ Programme (2014-2020) [&hellip;]<\/p>\n","protected":false},"author":1,"featured_media":31458,"comment_status":"open","ping_status":"open","sticky":false,"template":"","format":"standard","meta":{"_acf_changed":false,"_relevanssi_hide_post":"","_relevanssi_hide_content":"","_relevanssi_pin_for_all":"","_relevanssi_pin_keywords":"","_relevanssi_unpin_keywords":"","_relevanssi_related_keywords":"","_relevanssi_related_include_ids":"","_relevanssi_related_exclude_ids":"","_relevanssi_related_no_append":"","_relevanssi_related_not_related":"","_relevanssi_related_posts":"","_relevanssi_noindex_reason":"","_monsterinsights_skip_tracking":false,"_monsterinsights_sitenote_active":false,"_monsterinsights_sitenote_note":"","_monsterinsights_sitenote_category":0,"_genesis_hide_title":false,"_genesis_hide_breadcrumbs":false,"_genesis_hide_singular_image":false,"_genesis_hide_footer_widgets":false,"_genesis_custom_body_class":"","_genesis_custom_post_class":"","_genesis_layout":"","footnotes":""},"categories":[4093,4071,346,4092],"tags":[449,480,547],"class_list":{"0":"post-38156","1":"post","2":"type-post","3":"status-publish","4":"format-standard","5":"has-post-thumbnail","7":"category-diseases","8":"category-education-culture","9":"category-eu-news","10":"category-health","11":"tag-education","12":"tag-erasmus-en","13":"tag-mobility","14":"entry"},"acf":[],"yoast_head":"<!-- This site is optimized with the Yoast SEO plugin v27.5 - https:\/\/yoast.com\/product\/yoast-seo-wordpress\/ -->\n<title>COVID-19: specific measures for the Erasmus+ programme | CDE Almer\u00eda - Centro de Documentaci\u00f3n Europea - Universidad de Almer\u00eda<\/title>\n<meta name=\"robots\" content=\"index, follow, max-snippet:-1, max-image-preview:large, max-video-preview:-1\" \/>\n<link rel=\"canonical\" href=\"https:\/\/www.cde.ual.es\/en\/covid-19-specific-measures-for-the-erasmus-programme\/\" \/>\n<meta property=\"og:locale\" content=\"en_US\" \/>\n<meta property=\"og:type\" content=\"article\" \/>\n<meta property=\"og:title\" content=\"COVID-19: specific measures for the Erasmus+ programme | CDE Almer\u00eda - Centro de Documentaci\u00f3n Europea - Universidad de Almer\u00eda\" \/>\n<meta property=\"og:description\" content=\"The Spanish Service for the Internationalisation of Education (SEPIE) is an Autonomous Body, dependent on the Ministry of Universities, whose main function is to act as the National Erasmus+ Agency in Spain, in charge of all the channelling and dissemination, management of resources such as budgets, promotion, and impact studies of the Eramus+ Programme (2014-2020) [&hellip;]\" \/>\n<meta property=\"og:url\" content=\"https:\/\/www.cde.ual.es\/en\/covid-19-specific-measures-for-the-erasmus-programme\/\" \/>\n<meta property=\"og:site_name\" content=\"CDE Almer\u00eda - Centro de Documentaci\u00f3n Europea - Universidad de Almer\u00eda\" \/>\n<meta property=\"article:publisher\" content=\"https:\/\/www.facebook.com\/cdeuniversidadalmeria\/\" \/>\n<meta property=\"article:published_time\" content=\"2020-03-12T07:37:02+00:00\" \/>\n<meta property=\"article:modified_time\" content=\"2021-12-19T12:55:46+00:00\" \/>\n<meta property=\"og:image\" content=\"https:\/\/www.cde.ual.es\/wp-content\/uploads\/2019\/12\/Erasmus.jpg\" \/>\n\t<meta property=\"og:image:width\" content=\"550\" \/>\n\t<meta property=\"og:image:height\" content=\"300\" \/>\n\t<meta property=\"og:image:type\" content=\"image\/jpeg\" \/>\n<meta name=\"author\" content=\"AdminCDE\" \/>\n<meta name=\"twitter:card\" content=\"summary_large_image\" \/>\n<meta name=\"twitter:creator\" content=\"@cdeualmeria\" \/>\n<meta name=\"twitter:site\" content=\"@cdeualmeria\" \/>\n<meta name=\"twitter:label1\" content=\"Written by\" \/>\n\t<meta name=\"twitter:data1\" content=\"AdminCDE\" \/>\n\t<meta name=\"twitter:label2\" content=\"Est. reading time\" \/>\n\t<meta name=\"twitter:data2\" content=\"2 minutes\" \/>\n<script type=\"application\/ld+json\" class=\"yoast-schema-graph\">{\"@context\":\"https:\\\/\\\/schema.org\",\"@graph\":[{\"@type\":\"Article\",\"@id\":\"https:\\\/\\\/www.cde.ual.es\\\/en\\\/covid-19-specific-measures-for-the-erasmus-programme\\\/#article\",\"isPartOf\":{\"@id\":\"https:\\\/\\\/www.cde.ual.es\\\/en\\\/covid-19-specific-measures-for-the-erasmus-programme\\\/\"},\"author\":{\"name\":\"AdminCDE\",\"@id\":\"https:\\\/\\\/www.cde.ual.es\\\/#\\\/schema\\\/person\\\/224ef08c8bcc005f319d2713ce37ee5f\"},\"headline\":\"COVID-19: specific measures for the Erasmus+ programme\",\"datePublished\":\"2020-03-12T07:37:02+00:00\",\"dateModified\":\"2021-12-19T12:55:46+00:00\",\"mainEntityOfPage\":{\"@id\":\"https:\\\/\\\/www.cde.ual.es\\\/en\\\/covid-19-specific-measures-for-the-erasmus-programme\\\/\"},\"wordCount\":320,\"commentCount\":0,\"publisher\":{\"@id\":\"https:\\\/\\\/www.cde.ual.es\\\/#organization\"},\"image\":{\"@id\":\"https:\\\/\\\/www.cde.ual.es\\\/en\\\/covid-19-specific-measures-for-the-erasmus-programme\\\/#primaryimage\"},\"thumbnailUrl\":\"https:\\\/\\\/www.cde.ual.es\\\/wp-content\\\/uploads\\\/2019\\\/12\\\/Erasmus.jpg\",\"keywords\":[\"education\",\"Erasmus +\",\"Mobility\"],\"articleSection\":[\"Diseases\",\"Education and Culture\",\"EU News\",\"Health\"],\"inLanguage\":\"en-US\",\"potentialAction\":[{\"@type\":\"CommentAction\",\"name\":\"Comment\",\"target\":[\"https:\\\/\\\/www.cde.ual.es\\\/en\\\/covid-19-specific-measures-for-the-erasmus-programme\\\/#respond\"]}]},{\"@type\":\"WebPage\",\"@id\":\"https:\\\/\\\/www.cde.ual.es\\\/en\\\/covid-19-specific-measures-for-the-erasmus-programme\\\/\",\"url\":\"https:\\\/\\\/www.cde.ual.es\\\/en\\\/covid-19-specific-measures-for-the-erasmus-programme\\\/\",\"name\":\"COVID-19: specific measures for the Erasmus+ programme | CDE Almer\u00eda - Centro de Documentaci\u00f3n Europea - Universidad de Almer\u00eda\",\"isPartOf\":{\"@id\":\"https:\\\/\\\/www.cde.ual.es\\\/#website\"},\"primaryImageOfPage\":{\"@id\":\"https:\\\/\\\/www.cde.ual.es\\\/en\\\/covid-19-specific-measures-for-the-erasmus-programme\\\/#primaryimage\"},\"image\":{\"@id\":\"https:\\\/\\\/www.cde.ual.es\\\/en\\\/covid-19-specific-measures-for-the-erasmus-programme\\\/#primaryimage\"},\"thumbnailUrl\":\"https:\\\/\\\/www.cde.ual.es\\\/wp-content\\\/uploads\\\/2019\\\/12\\\/Erasmus.jpg\",\"datePublished\":\"2020-03-12T07:37:02+00:00\",\"dateModified\":\"2021-12-19T12:55:46+00:00\",\"breadcrumb\":{\"@id\":\"https:\\\/\\\/www.cde.ual.es\\\/en\\\/covid-19-specific-measures-for-the-erasmus-programme\\\/#breadcrumb\"},\"inLanguage\":\"en-US\",\"potentialAction\":[{\"@type\":\"ReadAction\",\"target\":[\"https:\\\/\\\/www.cde.ual.es\\\/en\\\/covid-19-specific-measures-for-the-erasmus-programme\\\/\"]}]},{\"@type\":\"ImageObject\",\"inLanguage\":\"en-US\",\"@id\":\"https:\\\/\\\/www.cde.ual.es\\\/en\\\/covid-19-specific-measures-for-the-erasmus-programme\\\/#primaryimage\",\"url\":\"https:\\\/\\\/www.cde.ual.es\\\/wp-content\\\/uploads\\\/2019\\\/12\\\/Erasmus.jpg\",\"contentUrl\":\"https:\\\/\\\/www.cde.ual.es\\\/wp-content\\\/uploads\\\/2019\\\/12\\\/Erasmus.jpg\",\"width\":550,\"height\":300},{\"@type\":\"BreadcrumbList\",\"@id\":\"https:\\\/\\\/www.cde.ual.es\\\/en\\\/covid-19-specific-measures-for-the-erasmus-programme\\\/#breadcrumb\",\"itemListElement\":[{\"@type\":\"ListItem\",\"position\":1,\"name\":\"Inicio\",\"item\":\"https:\\\/\\\/www.cde.ual.es\\\/en\\\/\"},{\"@type\":\"ListItem\",\"position\":2,\"name\":\"EU News\",\"item\":\"https:\\\/\\\/www.cde.ual.es\\\/en\\\/category\\\/eu-news\\\/\"},{\"@type\":\"ListItem\",\"position\":3,\"name\":\"COVID-19: specific measures for the Erasmus+ programme\"}]},{\"@type\":\"WebSite\",\"@id\":\"https:\\\/\\\/www.cde.ual.es\\\/#website\",\"url\":\"https:\\\/\\\/www.cde.ual.es\\\/\",\"name\":\"CDE Almer\u00eda - Centro de Documentaci\u00f3n Europea - Universidad de Almer\u00eda\",\"description\":\"Centro de Documentaci\u00f3n Europea de la Universidad de Almer\u00eda\",\"publisher\":{\"@id\":\"https:\\\/\\\/www.cde.ual.es\\\/#organization\"},\"alternateName\":\"CDE Almer\u00eda\",\"potentialAction\":[{\"@type\":\"SearchAction\",\"target\":{\"@type\":\"EntryPoint\",\"urlTemplate\":\"https:\\\/\\\/www.cde.ual.es\\\/?s={search_term_string}\"},\"query-input\":{\"@type\":\"PropertyValueSpecification\",\"valueRequired\":true,\"valueName\":\"search_term_string\"}}],\"inLanguage\":\"en-US\"},{\"@type\":\"Organization\",\"@id\":\"https:\\\/\\\/www.cde.ual.es\\\/#organization\",\"name\":\"Centro de Documentaci\u00f3n Europea de Almer\u00eda\",\"url\":\"https:\\\/\\\/www.cde.ual.es\\\/\",\"logo\":{\"@type\":\"ImageObject\",\"inLanguage\":\"en-US\",\"@id\":\"https:\\\/\\\/www.cde.ual.es\\\/#\\\/schema\\\/logo\\\/image\\\/\",\"url\":\"https:\\\/\\\/www.cde.ual.es\\\/wp-content\\\/uploads\\\/2025\\\/07\\\/cde-logo-3.png\",\"contentUrl\":\"https:\\\/\\\/www.cde.ual.es\\\/wp-content\\\/uploads\\\/2025\\\/07\\\/cde-logo-3.png\",\"width\":1400,\"height\":300,\"caption\":\"Centro de Documentaci\u00f3n Europea de Almer\u00eda\"},\"image\":{\"@id\":\"https:\\\/\\\/www.cde.ual.es\\\/#\\\/schema\\\/logo\\\/image\\\/\"},\"sameAs\":[\"https:\\\/\\\/www.facebook.com\\\/cdeuniversidadalmeria\\\/\",\"https:\\\/\\\/x.com\\\/cdeualmeria\",\"https:\\\/\\\/www.tiktok.com\\\/@cdealmeria\",\"https:\\\/\\\/www.instagram.com\\\/cdealmeria\\\/\",\"https:\\\/\\\/www.linkedin.com\\\/in\\\/cde-almera-812b26a9\\\/\"]},{\"@type\":\"Person\",\"@id\":\"https:\\\/\\\/www.cde.ual.es\\\/#\\\/schema\\\/person\\\/224ef08c8bcc005f319d2713ce37ee5f\",\"name\":\"AdminCDE\",\"image\":{\"@type\":\"ImageObject\",\"inLanguage\":\"en-US\",\"@id\":\"https:\\\/\\\/secure.gravatar.com\\\/avatar\\\/a72d038d371f995cd13706fac32274b7952a52e8fb0a84b5f80c85426f2a98a8?s=96&d=mm&r=g\",\"url\":\"https:\\\/\\\/secure.gravatar.com\\\/avatar\\\/a72d038d371f995cd13706fac32274b7952a52e8fb0a84b5f80c85426f2a98a8?s=96&d=mm&r=g\",\"contentUrl\":\"https:\\\/\\\/secure.gravatar.com\\\/avatar\\\/a72d038d371f995cd13706fac32274b7952a52e8fb0a84b5f80c85426f2a98a8?s=96&d=mm&r=g\",\"caption\":\"AdminCDE\"}}]}<\/script>\n<!-- \/ Yoast SEO plugin. -->","yoast_head_json":{"title":"COVID-19: specific measures for the Erasmus+ programme | CDE Almer\u00eda - Centro de Documentaci\u00f3n Europea - Universidad de Almer\u00eda","robots":{"index":"index","follow":"follow","max-snippet":"max-snippet:-1","max-image-preview":"max-image-preview:large","max-video-preview":"max-video-preview:-1"},"canonical":"https:\/\/www.cde.ual.es\/en\/covid-19-specific-measures-for-the-erasmus-programme\/","og_locale":"en_US","og_type":"article","og_title":"COVID-19: specific measures for the Erasmus+ programme | CDE Almer\u00eda - Centro de Documentaci\u00f3n Europea - Universidad de Almer\u00eda","og_description":"The Spanish Service for the Internationalisation of Education (SEPIE) is an Autonomous Body, dependent on the Ministry of Universities, whose main function is to act as the National Erasmus+ Agency in Spain, in charge of all the channelling and dissemination, management of resources such as budgets, promotion, and impact studies of the Eramus+ Programme (2014-2020) [&hellip;]","og_url":"https:\/\/www.cde.ual.es\/en\/covid-19-specific-measures-for-the-erasmus-programme\/","og_site_name":"CDE Almer\u00eda - Centro de Documentaci\u00f3n Europea - Universidad de Almer\u00eda","article_publisher":"https:\/\/www.facebook.com\/cdeuniversidadalmeria\/","article_published_time":"2020-03-12T07:37:02+00:00","article_modified_time":"2021-12-19T12:55:46+00:00","og_image":[{"width":550,"height":300,"url":"https:\/\/www.cde.ual.es\/wp-content\/uploads\/2019\/12\/Erasmus.jpg","type":"image\/jpeg"}],"author":"AdminCDE","twitter_card":"summary_large_image","twitter_creator":"@cdeualmeria","twitter_site":"@cdeualmeria","twitter_misc":{"Written by":"AdminCDE","Est. reading time":"2 minutes"},"schema":{"@context":"https:\/\/schema.org","@graph":[{"@type":"Article","@id":"https:\/\/www.cde.ual.es\/en\/covid-19-specific-measures-for-the-erasmus-programme\/#article","isPartOf":{"@id":"https:\/\/www.cde.ual.es\/en\/covid-19-specific-measures-for-the-erasmus-programme\/"},"author":{"name":"AdminCDE","@id":"https:\/\/www.cde.ual.es\/#\/schema\/person\/224ef08c8bcc005f319d2713ce37ee5f"},"headline":"COVID-19: specific measures for the Erasmus+ programme","datePublished":"2020-03-12T07:37:02+00:00","dateModified":"2021-12-19T12:55:46+00:00","mainEntityOfPage":{"@id":"https:\/\/www.cde.ual.es\/en\/covid-19-specific-measures-for-the-erasmus-programme\/"},"wordCount":320,"commentCount":0,"publisher":{"@id":"https:\/\/www.cde.ual.es\/#organization"},"image":{"@id":"https:\/\/www.cde.ual.es\/en\/covid-19-specific-measures-for-the-erasmus-programme\/#primaryimage"},"thumbnailUrl":"https:\/\/www.cde.ual.es\/wp-content\/uploads\/2019\/12\/Erasmus.jpg","keywords":["education","Erasmus +","Mobility"],"articleSection":["Diseases","Education and Culture","EU News","Health"],"inLanguage":"en-US","potentialAction":[{"@type":"CommentAction","name":"Comment","target":["https:\/\/www.cde.ual.es\/en\/covid-19-specific-measures-for-the-erasmus-programme\/#respond"]}]},{"@type":"WebPage","@id":"https:\/\/www.cde.ual.es\/en\/covid-19-specific-measures-for-the-erasmus-programme\/","url":"https:\/\/www.cde.ual.es\/en\/covid-19-specific-measures-for-the-erasmus-programme\/","name":"COVID-19: specific measures for the Erasmus+ programme | CDE Almer\u00eda - Centro de Documentaci\u00f3n Europea - Universidad de Almer\u00eda","isPartOf":{"@id":"https:\/\/www.cde.ual.es\/#website"},"primaryImageOfPage":{"@id":"https:\/\/www.cde.ual.es\/en\/covid-19-specific-measures-for-the-erasmus-programme\/#primaryimage"},"image":{"@id":"https:\/\/www.cde.ual.es\/en\/covid-19-specific-measures-for-the-erasmus-programme\/#primaryimage"},"thumbnailUrl":"https:\/\/www.cde.ual.es\/wp-content\/uploads\/2019\/12\/Erasmus.jpg","datePublished":"2020-03-12T07:37:02+00:00","dateModified":"2021-12-19T12:55:46+00:00","breadcrumb":{"@id":"https:\/\/www.cde.ual.es\/en\/covid-19-specific-measures-for-the-erasmus-programme\/#breadcrumb"},"inLanguage":"en-US","potentialAction":[{"@type":"ReadAction","target":["https:\/\/www.cde.ual.es\/en\/covid-19-specific-measures-for-the-erasmus-programme\/"]}]},{"@type":"ImageObject","inLanguage":"en-US","@id":"https:\/\/www.cde.ual.es\/en\/covid-19-specific-measures-for-the-erasmus-programme\/#primaryimage","url":"https:\/\/www.cde.ual.es\/wp-content\/uploads\/2019\/12\/Erasmus.jpg","contentUrl":"https:\/\/www.cde.ual.es\/wp-content\/uploads\/2019\/12\/Erasmus.jpg","width":550,"height":300},{"@type":"BreadcrumbList","@id":"https:\/\/www.cde.ual.es\/en\/covid-19-specific-measures-for-the-erasmus-programme\/#breadcrumb","itemListElement":[{"@type":"ListItem","position":1,"name":"Inicio","item":"https:\/\/www.cde.ual.es\/en\/"},{"@type":"ListItem","position":2,"name":"EU News","item":"https:\/\/www.cde.ual.es\/en\/category\/eu-news\/"},{"@type":"ListItem","position":3,"name":"COVID-19: specific measures for the Erasmus+ programme"}]},{"@type":"WebSite","@id":"https:\/\/www.cde.ual.es\/#website","url":"https:\/\/www.cde.ual.es\/","name":"CDE Almer\u00eda - Centro de Documentaci\u00f3n Europea - Universidad de Almer\u00eda","description":"Centro de Documentaci\u00f3n Europea de la Universidad de Almer\u00eda","publisher":{"@id":"https:\/\/www.cde.ual.es\/#organization"},"alternateName":"CDE Almer\u00eda","potentialAction":[{"@type":"SearchAction","target":{"@type":"EntryPoint","urlTemplate":"https:\/\/www.cde.ual.es\/?s={search_term_string}"},"query-input":{"@type":"PropertyValueSpecification","valueRequired":true,"valueName":"search_term_string"}}],"inLanguage":"en-US"},{"@type":"Organization","@id":"https:\/\/www.cde.ual.es\/#organization","name":"Centro de Documentaci\u00f3n Europea de Almer\u00eda","url":"https:\/\/www.cde.ual.es\/","logo":{"@type":"ImageObject","inLanguage":"en-US","@id":"https:\/\/www.cde.ual.es\/#\/schema\/logo\/image\/","url":"https:\/\/www.cde.ual.es\/wp-content\/uploads\/2025\/07\/cde-logo-3.png","contentUrl":"https:\/\/www.cde.ual.es\/wp-content\/uploads\/2025\/07\/cde-logo-3.png","width":1400,"height":300,"caption":"Centro de Documentaci\u00f3n Europea de Almer\u00eda"},"image":{"@id":"https:\/\/www.cde.ual.es\/#\/schema\/logo\/image\/"},"sameAs":["https:\/\/www.facebook.com\/cdeuniversidadalmeria\/","https:\/\/x.com\/cdeualmeria","https:\/\/www.tiktok.com\/@cdealmeria","https:\/\/www.instagram.com\/cdealmeria\/","https:\/\/www.linkedin.com\/in\/cde-almera-812b26a9\/"]},{"@type":"Person","@id":"https:\/\/www.cde.ual.es\/#\/schema\/person\/224ef08c8bcc005f319d2713ce37ee5f","name":"AdminCDE","image":{"@type":"ImageObject","inLanguage":"en-US","@id":"https:\/\/secure.gravatar.com\/avatar\/a72d038d371f995cd13706fac32274b7952a52e8fb0a84b5f80c85426f2a98a8?s=96&d=mm&r=g","url":"https:\/\/secure.gravatar.com\/avatar\/a72d038d371f995cd13706fac32274b7952a52e8fb0a84b5f80c85426f2a98a8?s=96&d=mm&r=g","contentUrl":"https:\/\/secure.gravatar.com\/avatar\/a72d038d371f995cd13706fac32274b7952a52e8fb0a84b5f80c85426f2a98a8?s=96&d=mm&r=g","caption":"AdminCDE"}}]}},"_links":{"self":[{"href":"https:\/\/www.cde.ual.es\/en\/wp-json\/wp\/v2\/posts\/38156","targetHints":{"allow":["GET"]}}],"collection":[{"href":"https:\/\/www.cde.ual.es\/en\/wp-json\/wp\/v2\/posts"}],"about":[{"href":"https:\/\/www.cde.ual.es\/en\/wp-json\/wp\/v2\/types\/post"}],"author":[{"embeddable":true,"href":"https:\/\/www.cde.ual.es\/en\/wp-json\/wp\/v2\/users\/1"}],"replies":[{"embeddable":true,"href":"https:\/\/www.cde.ual.es\/en\/wp-json\/wp\/v2\/comments?post=38156"}],"version-history":[{"count":0,"href":"https:\/\/www.cde.ual.es\/en\/wp-json\/wp\/v2\/posts\/38156\/revisions"}],"wp:featuredmedia":[{"embeddable":true,"href":"https:\/\/www.cde.ual.es\/en\/wp-json\/wp\/v2\/media\/31458"}],"wp:attachment":[{"href":"https:\/\/www.cde.ual.es\/en\/wp-json\/wp\/v2\/media?parent=38156"}],"wp:term":[{"taxonomy":"category","embeddable":true,"href":"https:\/\/www.cde.ual.es\/en\/wp-json\/wp\/v2\/categories?post=38156"},{"taxonomy":"post_tag","embeddable":true,"href":"https:\/\/www.cde.ual.es\/en\/wp-json\/wp\/v2\/tags?post=38156"}],"curies":[{"name":"wp","href":"https:\/\/api.w.org\/{rel}","templated":true}]}}