{"id":3733,"date":"2018-04-20T15:57:15","date_gmt":"2018-04-20T13:57:15","guid":{"rendered":"http:\/\/www.cde.ual.es\/?p=3733"},"modified":"2018-04-20T15:57:15","modified_gmt":"2018-04-20T13:57:15","slug":"libro-europa-como-tarea-del-movimiento-europeo","status":"publish","type":"post","link":"https:\/\/www.cde.ual.es\/en\/libro-europa-como-tarea-del-movimiento-europeo\/","title":{"rendered":"\u00a0Libro &#8220;Europa como tarea&#8221; del \u00a0Movimiento Europeo"},"content":{"rendered":"<p style=\"font-weight: 400;\"><strong>El secretario de Estado de Asuntos Europeos, Jorge Toledo,\u00a0 y el Director e.f. de la Representaci\u00f3n de la Comisi\u00f3n Europea, Juergen Foecking, participar\u00e1n en el acto de presentaci\u00f3n que conmemora los 70 a\u00f1os del Congreso de la Haya y 60 de los Tratados de Roma.<\/strong><\/p>\n<p style=\"font-weight: 400;\"><strong>\u00a0<\/strong><em>D\u00eda y hora:\u00a0<strong>Lunes, 23 de abril de 2018 a las 19.00 horas.<\/strong><\/em><\/p>\n<p style=\"font-weight: 400;\"><em>Lugar:\u00a0<strong><a href=\"https:\/\/maps.google.com\/?q=Paseo+de+la+Castellana,+46+,+Madrid&amp;entry=gmail&amp;source=g\">Paseo de la Castellana, 46<\/a><\/strong><a href=\"https:\/\/maps.google.com\/?q=Paseo+de+la+Castellana,+46+,+Madrid&amp;entry=gmail&amp;source=g\">, Madrid<\/a>. Sede de las Instituciones Europeas en Espa\u00f1a.<\/em><\/p>\n<p style=\"font-weight: 400;\"><strong><em>Confirmaci\u00f3n de asistencia a<\/em><\/strong><em>:\u00a0<\/em><a href=\"mailto:presidencia@movimientoeuropeo.org\"><em>presidencia@movimientoeuropeo.org<\/em><\/a>.<\/p>\n<p style=\"font-weight: 400;\">El libro\u00a0<em>Europa como tarea<\/em>, promovido por el Movimiento Europeo en Espa\u00f1a, ser\u00e1 presentado en\u00a0 Madrid por el secretario de Estado de Asuntos Europeos,\u00a0<strong>Jorge Toledo;\u00a0<\/strong>el presidente del Consejo Econ\u00f3mico y Social,\u00a0<strong>Marcos Pe\u00f1a<\/strong>; la catedr\u00e1tica de Derecho internacional p\u00fablico de la Universidad Complutense y miembro de la Real Academia de Ciencias Morales y Pol\u00edticas,\u00a0<strong>Araceli Mangas<\/strong>; la Catedr\u00e1tica de Econom\u00eda Aplicada de la\u00a0 Universidad Jaume I, C\u00e1tedra Jean Monnet,<strong>Mariam Camarero<\/strong>\u00a0y por el presidente del Consejo Federal Espa\u00f1ol del Movimiento Europeo,<strong>Eugenio Nasarre<\/strong>.<\/p>\n<p style=\"font-weight: 400;\">El acto ser\u00e1 presentado por el director en funciones de la Representaci\u00f3n de la Comisi\u00f3n Europea en Espa\u00f1a,\u00a0<strong>Juergen Foecking<\/strong>.<\/p>\n<p style=\"font-weight: 400;\">La presentaci\u00f3n del libro coordinado por\u00a0<strong>Eugenio Nasarre<\/strong>, presidente del CFEME, el catedr\u00e1tico de Relaciones Internacionales de la Universidad Complutense,\u00a0<strong>Francisco Aldecoa<\/strong>\u00a0y por el Secretario General del CFEME,\u00a0<strong>Miguel Angel Benedicto<\/strong>, tendr\u00e1 lugar el pr\u00f3ximo lunes\u00a0<strong>23 de abril a las 19 horas<\/strong>\u00a0en la sede de las instituciones europeas en Madrid.<\/p>\n<p style=\"font-weight: 400;\"><em>Europa como tarea<\/em>\u00a0contiene un pr\u00f3logo del ministro de Exteriores,\u00a0<strong>Alfonso Dastis<\/strong>, y un ep\u00edlogo del secretario de Estado de Asuntos Europeos,\u00a0<strong>Jorge Toledo<\/strong>. M\u00e1s de\u00a0<strong>treinta personas relevantes del mundo pol\u00edtico, social y acad\u00e9mico de Espa\u00f1a<\/strong>\u00a0reflexionan en este manual sobre distintos aspectos de esta experiencia hist\u00f3rica, y plantean, con diversas perspectivas, c\u00f3mo abordar los problemas a los que la Uni\u00f3n Europea se enfrenta.<\/p>\n<p style=\"font-weight: 400;\">Un libro que nace a caballo de las conmemoraciones de dos hechos determinantes para la historia de la integraci\u00f3n europea. Por una parte, el setenta aniversario del Congreso de La Haya (mayo de 1948) en el que se pusieron los cimientos del proyecto de la Europa Unida. Por otra parte, el sesenta aniversario de los Tratados de Roma (marzo 1957), en los que naci\u00f3 el Mercado Com\u00fan y se sentaron las bases de la construcci\u00f3n jur\u00eddica, econ\u00f3mica y social de la Uni\u00f3n Europea.<\/p>\n","protected":false},"excerpt":{"rendered":"<p>El secretario de Estado de Asuntos Europeos, Jorge Toledo,\u00a0 y el Director e.f. de la Representaci\u00f3n de la Comisi\u00f3n Europea, Juergen Foecking, participar\u00e1n en el acto de presentaci\u00f3n que conmemora los 70 a\u00f1os del Congreso de la Haya y 60 de los Tratados de Roma. \u00a0D\u00eda y hora:\u00a0Lunes, 23 de abril de 2018 a las [&hellip;]<\/p>\n","protected":false},"author":1,"featured_media":3735,"comment_status":"open","ping_status":"open","sticky":false,"template":"","format":"standard","meta":{"_acf_changed":false,"_relevanssi_hide_post":"","_relevanssi_hide_content":"","_relevanssi_pin_for_all":"","_relevanssi_pin_keywords":"","_relevanssi_unpin_keywords":"","_relevanssi_related_keywords":"","_relevanssi_related_include_ids":"","_relevanssi_related_exclude_ids":"","_relevanssi_related_no_append":"","_relevanssi_related_not_related":"","_relevanssi_related_posts":"","_relevanssi_noindex_reason":"","_monsterinsights_skip_tracking":false,"_monsterinsights_sitenote_active":false,"_monsterinsights_sitenote_note":"","_monsterinsights_sitenote_category":0,"_genesis_hide_title":false,"_genesis_hide_breadcrumbs":false,"_genesis_hide_singular_image":false,"_genesis_hide_footer_widgets":false,"_genesis_custom_body_class":"","_genesis_custom_post_class":"","_genesis_layout":"","footnotes":""},"categories":[1],"tags":[],"class_list":{"0":"post-3733","1":"post","2":"type-post","3":"status-publish","4":"format-standard","5":"has-post-thumbnail","7":"category-sin-categorizar","8":"entry"},"acf":[],"yoast_head":"<!-- This site is optimized with the Yoast SEO plugin v27.4 - https:\/\/yoast.com\/product\/yoast-seo-wordpress\/ -->\n<title>\u00a0Libro &quot;Europa como tarea&quot; del \u00a0Movimiento Europeo | CDE Almer\u00eda - Centro de Documentaci\u00f3n Europea - Universidad de Almer\u00eda<\/title>\n<meta name=\"robots\" content=\"index, follow, max-snippet:-1, max-image-preview:large, max-video-preview:-1\" \/>\n<link rel=\"canonical\" href=\"https:\/\/www.cde.ual.es\/libro-europa-como-tarea-del-movimiento-europeo\/\" \/>\n<meta property=\"og:locale\" content=\"en_US\" \/>\n<meta property=\"og:type\" content=\"article\" \/>\n<meta property=\"og:title\" content=\"\u00a0Libro &quot;Europa como tarea&quot; del \u00a0Movimiento Europeo | CDE Almer\u00eda - Centro de Documentaci\u00f3n Europea - Universidad de Almer\u00eda\" \/>\n<meta property=\"og:description\" content=\"El secretario de Estado de Asuntos Europeos, Jorge Toledo,\u00a0 y el Director e.f. de la Representaci\u00f3n de la Comisi\u00f3n Europea, Juergen Foecking, participar\u00e1n en el acto de presentaci\u00f3n que conmemora los 70 a\u00f1os del Congreso de la Haya y 60 de los Tratados de Roma. \u00a0D\u00eda y hora:\u00a0Lunes, 23 de abril de 2018 a las [&hellip;]\" \/>\n<meta property=\"og:url\" content=\"https:\/\/www.cde.ual.es\/libro-europa-como-tarea-del-movimiento-europeo\/\" \/>\n<meta property=\"og:site_name\" content=\"CDE Almer\u00eda - Centro de Documentaci\u00f3n Europea - Universidad de Almer\u00eda\" \/>\n<meta property=\"article:publisher\" content=\"https:\/\/www.facebook.com\/cdeuniversidadalmeria\/\" \/>\n<meta property=\"article:published_time\" content=\"2018-04-20T13:57:15+00:00\" \/>\n<meta property=\"og:image\" content=\"https:\/\/www.cde.ual.es\/wp-content\/uploads\/2018\/04\/Movimiento-Europeo.png\" \/>\n\t<meta property=\"og:image:width\" content=\"294\" \/>\n\t<meta property=\"og:image:height\" content=\"171\" \/>\n\t<meta property=\"og:image:type\" content=\"image\/png\" \/>\n<meta name=\"author\" content=\"AdminCDE\" \/>\n<meta name=\"twitter:card\" content=\"summary_large_image\" \/>\n<meta name=\"twitter:creator\" content=\"@cdeualmeria\" \/>\n<meta name=\"twitter:site\" content=\"@cdeualmeria\" \/>\n<meta name=\"twitter:label1\" content=\"Written by\" \/>\n\t<meta name=\"twitter:data1\" content=\"AdminCDE\" \/>\n\t<meta name=\"twitter:label2\" content=\"Est. reading time\" \/>\n\t<meta name=\"twitter:data2\" content=\"2 minutes\" \/>\n<script type=\"application\/ld+json\" class=\"yoast-schema-graph\">{\"@context\":\"https:\\\/\\\/schema.org\",\"@graph\":[{\"@type\":\"Article\",\"@id\":\"https:\\\/\\\/www.cde.ual.es\\\/libro-europa-como-tarea-del-movimiento-europeo\\\/#article\",\"isPartOf\":{\"@id\":\"https:\\\/\\\/www.cde.ual.es\\\/libro-europa-como-tarea-del-movimiento-europeo\\\/\"},\"author\":{\"name\":\"AdminCDE\",\"@id\":\"https:\\\/\\\/www.cde.ual.es\\\/#\\\/schema\\\/person\\\/224ef08c8bcc005f319d2713ce37ee5f\"},\"headline\":\"\u00a0Libro &#8220;Europa como tarea&#8221; del \u00a0Movimiento Europeo\",\"datePublished\":\"2018-04-20T13:57:15+00:00\",\"mainEntityOfPage\":{\"@id\":\"https:\\\/\\\/www.cde.ual.es\\\/libro-europa-como-tarea-del-movimiento-europeo\\\/\"},\"wordCount\":423,\"commentCount\":0,\"publisher\":{\"@id\":\"https:\\\/\\\/www.cde.ual.es\\\/#organization\"},\"image\":{\"@id\":\"https:\\\/\\\/www.cde.ual.es\\\/libro-europa-como-tarea-del-movimiento-europeo\\\/#primaryimage\"},\"thumbnailUrl\":\"https:\\\/\\\/www.cde.ual.es\\\/wp-content\\\/uploads\\\/2018\\\/04\\\/Movimiento-Europeo.png\",\"articleSection\":[\"Sin categorizar\"],\"inLanguage\":\"en-US\",\"potentialAction\":[{\"@type\":\"CommentAction\",\"name\":\"Comment\",\"target\":[\"https:\\\/\\\/www.cde.ual.es\\\/libro-europa-como-tarea-del-movimiento-europeo\\\/#respond\"]}]},{\"@type\":\"WebPage\",\"@id\":\"https:\\\/\\\/www.cde.ual.es\\\/libro-europa-como-tarea-del-movimiento-europeo\\\/\",\"url\":\"https:\\\/\\\/www.cde.ual.es\\\/libro-europa-como-tarea-del-movimiento-europeo\\\/\",\"name\":\"\u00a0Libro \\\"Europa como tarea\\\" del \u00a0Movimiento Europeo | CDE Almer\u00eda - Centro de Documentaci\u00f3n Europea - Universidad de Almer\u00eda\",\"isPartOf\":{\"@id\":\"https:\\\/\\\/www.cde.ual.es\\\/#website\"},\"primaryImageOfPage\":{\"@id\":\"https:\\\/\\\/www.cde.ual.es\\\/libro-europa-como-tarea-del-movimiento-europeo\\\/#primaryimage\"},\"image\":{\"@id\":\"https:\\\/\\\/www.cde.ual.es\\\/libro-europa-como-tarea-del-movimiento-europeo\\\/#primaryimage\"},\"thumbnailUrl\":\"https:\\\/\\\/www.cde.ual.es\\\/wp-content\\\/uploads\\\/2018\\\/04\\\/Movimiento-Europeo.png\",\"datePublished\":\"2018-04-20T13:57:15+00:00\",\"breadcrumb\":{\"@id\":\"https:\\\/\\\/www.cde.ual.es\\\/libro-europa-como-tarea-del-movimiento-europeo\\\/#breadcrumb\"},\"inLanguage\":\"en-US\",\"potentialAction\":[{\"@type\":\"ReadAction\",\"target\":[\"https:\\\/\\\/www.cde.ual.es\\\/libro-europa-como-tarea-del-movimiento-europeo\\\/\"]}]},{\"@type\":\"ImageObject\",\"inLanguage\":\"en-US\",\"@id\":\"https:\\\/\\\/www.cde.ual.es\\\/libro-europa-como-tarea-del-movimiento-europeo\\\/#primaryimage\",\"url\":\"https:\\\/\\\/www.cde.ual.es\\\/wp-content\\\/uploads\\\/2018\\\/04\\\/Movimiento-Europeo.png\",\"contentUrl\":\"https:\\\/\\\/www.cde.ual.es\\\/wp-content\\\/uploads\\\/2018\\\/04\\\/Movimiento-Europeo.png\",\"width\":294,\"height\":171},{\"@type\":\"BreadcrumbList\",\"@id\":\"https:\\\/\\\/www.cde.ual.es\\\/libro-europa-como-tarea-del-movimiento-europeo\\\/#breadcrumb\",\"itemListElement\":[{\"@type\":\"ListItem\",\"position\":1,\"name\":\"Inicio\",\"item\":\"https:\\\/\\\/www.cde.ual.es\\\/en\\\/\"},{\"@type\":\"ListItem\",\"position\":2,\"name\":\"Sin categorizar\",\"item\":\"https:\\\/\\\/www.cde.ual.es\\\/category\\\/sin-categorizar\\\/\"},{\"@type\":\"ListItem\",\"position\":3,\"name\":\"\u00a0Libro \u00abEuropa como tarea\u00bb del \u00a0Movimiento Europeo\"}]},{\"@type\":\"WebSite\",\"@id\":\"https:\\\/\\\/www.cde.ual.es\\\/#website\",\"url\":\"https:\\\/\\\/www.cde.ual.es\\\/\",\"name\":\"CDE Almer\u00eda - Centro de Documentaci\u00f3n Europea - Universidad de Almer\u00eda\",\"description\":\"Centro de Documentaci\u00f3n Europea de la Universidad de Almer\u00eda\",\"publisher\":{\"@id\":\"https:\\\/\\\/www.cde.ual.es\\\/#organization\"},\"alternateName\":\"CDE Almer\u00eda\",\"potentialAction\":[{\"@type\":\"SearchAction\",\"target\":{\"@type\":\"EntryPoint\",\"urlTemplate\":\"https:\\\/\\\/www.cde.ual.es\\\/?s={search_term_string}\"},\"query-input\":{\"@type\":\"PropertyValueSpecification\",\"valueRequired\":true,\"valueName\":\"search_term_string\"}}],\"inLanguage\":\"en-US\"},{\"@type\":\"Organization\",\"@id\":\"https:\\\/\\\/www.cde.ual.es\\\/#organization\",\"name\":\"Centro de Documentaci\u00f3n Europea de Almer\u00eda\",\"url\":\"https:\\\/\\\/www.cde.ual.es\\\/\",\"logo\":{\"@type\":\"ImageObject\",\"inLanguage\":\"en-US\",\"@id\":\"https:\\\/\\\/www.cde.ual.es\\\/#\\\/schema\\\/logo\\\/image\\\/\",\"url\":\"https:\\\/\\\/www.cde.ual.es\\\/wp-content\\\/uploads\\\/2025\\\/07\\\/cde-logo-3.png\",\"contentUrl\":\"https:\\\/\\\/www.cde.ual.es\\\/wp-content\\\/uploads\\\/2025\\\/07\\\/cde-logo-3.png\",\"width\":1400,\"height\":300,\"caption\":\"Centro de Documentaci\u00f3n Europea de Almer\u00eda\"},\"image\":{\"@id\":\"https:\\\/\\\/www.cde.ual.es\\\/#\\\/schema\\\/logo\\\/image\\\/\"},\"sameAs\":[\"https:\\\/\\\/www.facebook.com\\\/cdeuniversidadalmeria\\\/\",\"https:\\\/\\\/x.com\\\/cdeualmeria\",\"https:\\\/\\\/www.tiktok.com\\\/@cdealmeria\",\"https:\\\/\\\/www.instagram.com\\\/cdealmeria\\\/\",\"https:\\\/\\\/www.linkedin.com\\\/in\\\/cde-almera-812b26a9\\\/\"]},{\"@type\":\"Person\",\"@id\":\"https:\\\/\\\/www.cde.ual.es\\\/#\\\/schema\\\/person\\\/224ef08c8bcc005f319d2713ce37ee5f\",\"name\":\"AdminCDE\",\"image\":{\"@type\":\"ImageObject\",\"inLanguage\":\"en-US\",\"@id\":\"https:\\\/\\\/secure.gravatar.com\\\/avatar\\\/a72d038d371f995cd13706fac32274b7952a52e8fb0a84b5f80c85426f2a98a8?s=96&d=mm&r=g\",\"url\":\"https:\\\/\\\/secure.gravatar.com\\\/avatar\\\/a72d038d371f995cd13706fac32274b7952a52e8fb0a84b5f80c85426f2a98a8?s=96&d=mm&r=g\",\"contentUrl\":\"https:\\\/\\\/secure.gravatar.com\\\/avatar\\\/a72d038d371f995cd13706fac32274b7952a52e8fb0a84b5f80c85426f2a98a8?s=96&d=mm&r=g\",\"caption\":\"AdminCDE\"}}]}<\/script>\n<!-- \/ Yoast SEO plugin. -->","yoast_head_json":{"title":"\u00a0Libro \"Europa como tarea\" del \u00a0Movimiento Europeo | CDE Almer\u00eda - Centro de Documentaci\u00f3n Europea - Universidad de Almer\u00eda","robots":{"index":"index","follow":"follow","max-snippet":"max-snippet:-1","max-image-preview":"max-image-preview:large","max-video-preview":"max-video-preview:-1"},"canonical":"https:\/\/www.cde.ual.es\/libro-europa-como-tarea-del-movimiento-europeo\/","og_locale":"en_US","og_type":"article","og_title":"\u00a0Libro \"Europa como tarea\" del \u00a0Movimiento Europeo | CDE Almer\u00eda - Centro de Documentaci\u00f3n Europea - Universidad de Almer\u00eda","og_description":"El secretario de Estado de Asuntos Europeos, Jorge Toledo,\u00a0 y el Director e.f. de la Representaci\u00f3n de la Comisi\u00f3n Europea, Juergen Foecking, participar\u00e1n en el acto de presentaci\u00f3n que conmemora los 70 a\u00f1os del Congreso de la Haya y 60 de los Tratados de Roma. \u00a0D\u00eda y hora:\u00a0Lunes, 23 de abril de 2018 a las [&hellip;]","og_url":"https:\/\/www.cde.ual.es\/libro-europa-como-tarea-del-movimiento-europeo\/","og_site_name":"CDE Almer\u00eda - Centro de Documentaci\u00f3n Europea - Universidad de Almer\u00eda","article_publisher":"https:\/\/www.facebook.com\/cdeuniversidadalmeria\/","article_published_time":"2018-04-20T13:57:15+00:00","og_image":[{"width":294,"height":171,"url":"https:\/\/www.cde.ual.es\/wp-content\/uploads\/2018\/04\/Movimiento-Europeo.png","type":"image\/png"}],"author":"AdminCDE","twitter_card":"summary_large_image","twitter_creator":"@cdeualmeria","twitter_site":"@cdeualmeria","twitter_misc":{"Written by":"AdminCDE","Est. reading time":"2 minutes"},"schema":{"@context":"https:\/\/schema.org","@graph":[{"@type":"Article","@id":"https:\/\/www.cde.ual.es\/libro-europa-como-tarea-del-movimiento-europeo\/#article","isPartOf":{"@id":"https:\/\/www.cde.ual.es\/libro-europa-como-tarea-del-movimiento-europeo\/"},"author":{"name":"AdminCDE","@id":"https:\/\/www.cde.ual.es\/#\/schema\/person\/224ef08c8bcc005f319d2713ce37ee5f"},"headline":"\u00a0Libro &#8220;Europa como tarea&#8221; del \u00a0Movimiento Europeo","datePublished":"2018-04-20T13:57:15+00:00","mainEntityOfPage":{"@id":"https:\/\/www.cde.ual.es\/libro-europa-como-tarea-del-movimiento-europeo\/"},"wordCount":423,"commentCount":0,"publisher":{"@id":"https:\/\/www.cde.ual.es\/#organization"},"image":{"@id":"https:\/\/www.cde.ual.es\/libro-europa-como-tarea-del-movimiento-europeo\/#primaryimage"},"thumbnailUrl":"https:\/\/www.cde.ual.es\/wp-content\/uploads\/2018\/04\/Movimiento-Europeo.png","articleSection":["Sin categorizar"],"inLanguage":"en-US","potentialAction":[{"@type":"CommentAction","name":"Comment","target":["https:\/\/www.cde.ual.es\/libro-europa-como-tarea-del-movimiento-europeo\/#respond"]}]},{"@type":"WebPage","@id":"https:\/\/www.cde.ual.es\/libro-europa-como-tarea-del-movimiento-europeo\/","url":"https:\/\/www.cde.ual.es\/libro-europa-como-tarea-del-movimiento-europeo\/","name":"\u00a0Libro \"Europa como tarea\" del \u00a0Movimiento Europeo | CDE Almer\u00eda - Centro de Documentaci\u00f3n Europea - Universidad de Almer\u00eda","isPartOf":{"@id":"https:\/\/www.cde.ual.es\/#website"},"primaryImageOfPage":{"@id":"https:\/\/www.cde.ual.es\/libro-europa-como-tarea-del-movimiento-europeo\/#primaryimage"},"image":{"@id":"https:\/\/www.cde.ual.es\/libro-europa-como-tarea-del-movimiento-europeo\/#primaryimage"},"thumbnailUrl":"https:\/\/www.cde.ual.es\/wp-content\/uploads\/2018\/04\/Movimiento-Europeo.png","datePublished":"2018-04-20T13:57:15+00:00","breadcrumb":{"@id":"https:\/\/www.cde.ual.es\/libro-europa-como-tarea-del-movimiento-europeo\/#breadcrumb"},"inLanguage":"en-US","potentialAction":[{"@type":"ReadAction","target":["https:\/\/www.cde.ual.es\/libro-europa-como-tarea-del-movimiento-europeo\/"]}]},{"@type":"ImageObject","inLanguage":"en-US","@id":"https:\/\/www.cde.ual.es\/libro-europa-como-tarea-del-movimiento-europeo\/#primaryimage","url":"https:\/\/www.cde.ual.es\/wp-content\/uploads\/2018\/04\/Movimiento-Europeo.png","contentUrl":"https:\/\/www.cde.ual.es\/wp-content\/uploads\/2018\/04\/Movimiento-Europeo.png","width":294,"height":171},{"@type":"BreadcrumbList","@id":"https:\/\/www.cde.ual.es\/libro-europa-como-tarea-del-movimiento-europeo\/#breadcrumb","itemListElement":[{"@type":"ListItem","position":1,"name":"Inicio","item":"https:\/\/www.cde.ual.es\/en\/"},{"@type":"ListItem","position":2,"name":"Sin categorizar","item":"https:\/\/www.cde.ual.es\/category\/sin-categorizar\/"},{"@type":"ListItem","position":3,"name":"\u00a0Libro \u00abEuropa como tarea\u00bb del \u00a0Movimiento Europeo"}]},{"@type":"WebSite","@id":"https:\/\/www.cde.ual.es\/#website","url":"https:\/\/www.cde.ual.es\/","name":"CDE Almer\u00eda - Centro de Documentaci\u00f3n Europea - Universidad de Almer\u00eda","description":"Centro de Documentaci\u00f3n Europea de la Universidad de Almer\u00eda","publisher":{"@id":"https:\/\/www.cde.ual.es\/#organization"},"alternateName":"CDE Almer\u00eda","potentialAction":[{"@type":"SearchAction","target":{"@type":"EntryPoint","urlTemplate":"https:\/\/www.cde.ual.es\/?s={search_term_string}"},"query-input":{"@type":"PropertyValueSpecification","valueRequired":true,"valueName":"search_term_string"}}],"inLanguage":"en-US"},{"@type":"Organization","@id":"https:\/\/www.cde.ual.es\/#organization","name":"Centro de Documentaci\u00f3n Europea de Almer\u00eda","url":"https:\/\/www.cde.ual.es\/","logo":{"@type":"ImageObject","inLanguage":"en-US","@id":"https:\/\/www.cde.ual.es\/#\/schema\/logo\/image\/","url":"https:\/\/www.cde.ual.es\/wp-content\/uploads\/2025\/07\/cde-logo-3.png","contentUrl":"https:\/\/www.cde.ual.es\/wp-content\/uploads\/2025\/07\/cde-logo-3.png","width":1400,"height":300,"caption":"Centro de Documentaci\u00f3n Europea de Almer\u00eda"},"image":{"@id":"https:\/\/www.cde.ual.es\/#\/schema\/logo\/image\/"},"sameAs":["https:\/\/www.facebook.com\/cdeuniversidadalmeria\/","https:\/\/x.com\/cdeualmeria","https:\/\/www.tiktok.com\/@cdealmeria","https:\/\/www.instagram.com\/cdealmeria\/","https:\/\/www.linkedin.com\/in\/cde-almera-812b26a9\/"]},{"@type":"Person","@id":"https:\/\/www.cde.ual.es\/#\/schema\/person\/224ef08c8bcc005f319d2713ce37ee5f","name":"AdminCDE","image":{"@type":"ImageObject","inLanguage":"en-US","@id":"https:\/\/secure.gravatar.com\/avatar\/a72d038d371f995cd13706fac32274b7952a52e8fb0a84b5f80c85426f2a98a8?s=96&d=mm&r=g","url":"https:\/\/secure.gravatar.com\/avatar\/a72d038d371f995cd13706fac32274b7952a52e8fb0a84b5f80c85426f2a98a8?s=96&d=mm&r=g","contentUrl":"https:\/\/secure.gravatar.com\/avatar\/a72d038d371f995cd13706fac32274b7952a52e8fb0a84b5f80c85426f2a98a8?s=96&d=mm&r=g","caption":"AdminCDE"}}]}},"_links":{"self":[{"href":"https:\/\/www.cde.ual.es\/en\/wp-json\/wp\/v2\/posts\/3733","targetHints":{"allow":["GET"]}}],"collection":[{"href":"https:\/\/www.cde.ual.es\/en\/wp-json\/wp\/v2\/posts"}],"about":[{"href":"https:\/\/www.cde.ual.es\/en\/wp-json\/wp\/v2\/types\/post"}],"author":[{"embeddable":true,"href":"https:\/\/www.cde.ual.es\/en\/wp-json\/wp\/v2\/users\/1"}],"replies":[{"embeddable":true,"href":"https:\/\/www.cde.ual.es\/en\/wp-json\/wp\/v2\/comments?post=3733"}],"version-history":[{"count":0,"href":"https:\/\/www.cde.ual.es\/en\/wp-json\/wp\/v2\/posts\/3733\/revisions"}],"wp:featuredmedia":[{"embeddable":true,"href":"https:\/\/www.cde.ual.es\/en\/wp-json\/wp\/v2\/media\/3735"}],"wp:attachment":[{"href":"https:\/\/www.cde.ual.es\/en\/wp-json\/wp\/v2\/media?parent=3733"}],"wp:term":[{"taxonomy":"category","embeddable":true,"href":"https:\/\/www.cde.ual.es\/en\/wp-json\/wp\/v2\/categories?post=3733"},{"taxonomy":"post_tag","embeddable":true,"href":"https:\/\/www.cde.ual.es\/en\/wp-json\/wp\/v2\/tags?post=3733"}],"curies":[{"name":"wp","href":"https:\/\/api.w.org\/{rel}","templated":true}]}}