{"id":3728,"date":"2018-04-20T15:51:30","date_gmt":"2018-04-20T13:51:30","guid":{"rendered":"http:\/\/www.cde.ual.es\/?p=3728"},"modified":"2018-04-20T15:51:30","modified_gmt":"2018-04-20T13:51:30","slug":"la-espanola-isabel-cano-aguilar-elegida-vicepresidenta-del-comite-economico-y-social-europeo","status":"publish","type":"post","link":"https:\/\/www.cde.ual.es\/en\/la-espanola-isabel-cano-aguilar-elegida-vicepresidenta-del-comite-economico-y-social-europeo\/","title":{"rendered":"La espa\u00f1ola Isabel Ca\u00f1o Aguilar elegida vicepresidenta del Comit\u00e9 Econ\u00f3mico y Social Europeo"},"content":{"rendered":"<p style=\"font-weight: 400;\"><strong>Isabel Ca\u00f1o Aguilar (Espa\u00f1a)<\/strong>, miembro del Grupo de Trabajadores, ser\u00e1 una de las dos vicepresidentas del Comit\u00e9 Econ\u00f3mico y Social Europeo (CESE), por un periodo de dos a\u00f1os y medio entre 2018 y 2020, y ser\u00e1 responsable de la comunicaci\u00f3n. Desempe\u00f1ar\u00e1 uno de los cargos principales del CESE, junto con el nuevo presidente, Luca Jahier (Italia), antiguo presidente del Grupo de Actividades Diversas, y la vicepresidenta Milena Angelova (Bulgaria), miembro del Grupo de Empresarios, que ser\u00e1 la responsable de asuntos presupuestarios. El nuevo presidente y las vicepresidentas fueron elegidos el 18 de abril en el marco de la sesi\u00f3n de renovaci\u00f3n de mitad de mandato del Comit\u00e9, que marca el punto medio de su mandato de cinco a\u00f1os.<\/p>\n<p style=\"font-weight: 400;\">Tras ser elegida, la vicepresidenta responsable de Comunicaci\u00f3n,\u00a0<strong>Isabel Ca\u00f1o Aguilar<\/strong>, afirm\u00f3: \u00ab<em>El CESE es un verdadero punto de di\u00e1logo, el puente entre las instituciones europeas y los ciudadanos de Europa. Y, asumiendo esta responsabilidad, tenemos que escuchar y hacer o\u00edr nuestra voz. Mis competencias espec\u00edficas en materia de comunicaci\u00f3n las emplearemos para reforzar la comunicaci\u00f3n sobre qu\u00e9 es Europa y cu\u00e1les son las responsabilidades del Comit\u00e9 en la construcci\u00f3n de Europa. Creo que debemos hacer o\u00edr m\u00e1s claramente nuestros puntos de vista y utilizar mejor las iniciativas locales para informar acerca de la situaci\u00f3n real sobre el terreno. Solo de este modo, seremos capaces de contribuir a mejorar las condiciones de vida y de trabajo en nuestro continente\u00bb.<\/em><\/p>\n<p style=\"font-weight: 400;\">El Comit\u00e9, que inicia ahora la segunda mitad de su mandato de cinco a\u00f1os, seguir\u00e1 trabajando intensamente, como siempre, para reforzar la voz de la sociedad civil y acercar Europa a sus ciudadanos.<\/p>\n<p style=\"font-weight: 400;\"><strong><u>Antecedentes<\/u><\/strong><\/p>\n<p>El CESE est\u00e1 constituido por 350 miembros originarios de los 28 Estados miembros. Los miembros son designados por los gobiernos nacionales y nombrados por el Consejo de la Uni\u00f3n Europea por un mandato renovable de cinco a\u00f1os. Una vez nombrados, trabajan de manera\u00a0<strong>independiente<\/strong>\u00a0en inter\u00e9s de todos los ciudadanos de la UE. Los miembros del CESE no son responsables pol\u00edticos sino empresarios, sindicalistas y representantes de colectivos diversos: organizaciones de agricultores, consumidores y activistas medioambientales, econom\u00eda social, pymes, profesiones liberales y asociaciones que representan a personas con discapacidad, sector del voluntariado, igualdad de g\u00e9nero, j\u00f3venes, mundo acad\u00e9mico, etc.<\/p>\n","protected":false},"excerpt":{"rendered":"<p>Isabel Ca\u00f1o Aguilar (Espa\u00f1a), miembro del Grupo de Trabajadores, ser\u00e1 una de las dos vicepresidentas del Comit\u00e9 Econ\u00f3mico y Social Europeo (CESE), por un periodo de dos a\u00f1os y medio entre 2018 y 2020, y ser\u00e1 responsable de la comunicaci\u00f3n. Desempe\u00f1ar\u00e1 uno de los cargos principales del CESE, junto con el nuevo presidente, Luca Jahier [&hellip;]<\/p>\n","protected":false},"author":1,"featured_media":3730,"comment_status":"open","ping_status":"open","sticky":false,"template":"","format":"standard","meta":{"_acf_changed":false,"_relevanssi_hide_post":"","_relevanssi_hide_content":"","_relevanssi_pin_for_all":"","_relevanssi_pin_keywords":"","_relevanssi_unpin_keywords":"","_relevanssi_related_keywords":"","_relevanssi_related_include_ids":"","_relevanssi_related_exclude_ids":"","_relevanssi_related_no_append":"","_relevanssi_related_not_related":"","_relevanssi_related_posts":"","_relevanssi_noindex_reason":"","_monsterinsights_skip_tracking":false,"_monsterinsights_sitenote_active":false,"_monsterinsights_sitenote_note":"","_monsterinsights_sitenote_category":0,"_genesis_hide_title":false,"_genesis_hide_breadcrumbs":false,"_genesis_hide_singular_image":false,"_genesis_hide_footer_widgets":false,"_genesis_custom_body_class":"","_genesis_custom_post_class":"","_genesis_layout":"","footnotes":""},"categories":[1],"tags":[],"class_list":{"0":"post-3728","1":"post","2":"type-post","3":"status-publish","4":"format-standard","5":"has-post-thumbnail","7":"category-sin-categorizar","8":"entry"},"acf":[],"yoast_head":"<!-- This site is optimized with the Yoast SEO plugin v27.4 - https:\/\/yoast.com\/product\/yoast-seo-wordpress\/ -->\n<title>La espa\u00f1ola Isabel Ca\u00f1o Aguilar elegida vicepresidenta del Comit\u00e9 Econ\u00f3mico y Social Europeo | CDE Almer\u00eda - Centro de Documentaci\u00f3n Europea - Universidad de Almer\u00eda<\/title>\n<meta name=\"robots\" content=\"index, follow, max-snippet:-1, max-image-preview:large, max-video-preview:-1\" \/>\n<link rel=\"canonical\" href=\"https:\/\/www.cde.ual.es\/la-espanola-isabel-cano-aguilar-elegida-vicepresidenta-del-comite-economico-y-social-europeo\/\" \/>\n<meta property=\"og:locale\" content=\"en_US\" \/>\n<meta property=\"og:type\" content=\"article\" \/>\n<meta property=\"og:title\" content=\"La espa\u00f1ola Isabel Ca\u00f1o Aguilar elegida vicepresidenta del Comit\u00e9 Econ\u00f3mico y Social Europeo | CDE Almer\u00eda - Centro de Documentaci\u00f3n Europea - Universidad de Almer\u00eda\" \/>\n<meta property=\"og:description\" content=\"Isabel Ca\u00f1o Aguilar (Espa\u00f1a), miembro del Grupo de Trabajadores, ser\u00e1 una de las dos vicepresidentas del Comit\u00e9 Econ\u00f3mico y Social Europeo (CESE), por un periodo de dos a\u00f1os y medio entre 2018 y 2020, y ser\u00e1 responsable de la comunicaci\u00f3n. Desempe\u00f1ar\u00e1 uno de los cargos principales del CESE, junto con el nuevo presidente, Luca Jahier [&hellip;]\" \/>\n<meta property=\"og:url\" content=\"https:\/\/www.cde.ual.es\/la-espanola-isabel-cano-aguilar-elegida-vicepresidenta-del-comite-economico-y-social-europeo\/\" \/>\n<meta property=\"og:site_name\" content=\"CDE Almer\u00eda - Centro de Documentaci\u00f3n Europea - Universidad de Almer\u00eda\" \/>\n<meta property=\"article:publisher\" content=\"https:\/\/www.facebook.com\/cdeuniversidadalmeria\/\" \/>\n<meta property=\"article:published_time\" content=\"2018-04-20T13:51:30+00:00\" \/>\n<meta property=\"og:image\" content=\"https:\/\/www.cde.ual.es\/wp-content\/uploads\/2018\/04\/Union-Profesional-Consejo-Economico-Social-Europeo.jpg\" \/>\n\t<meta property=\"og:image:width\" content=\"657\" \/>\n\t<meta property=\"og:image:height\" content=\"426\" \/>\n\t<meta property=\"og:image:type\" content=\"image\/jpeg\" \/>\n<meta name=\"author\" content=\"AdminCDE\" \/>\n<meta name=\"twitter:card\" content=\"summary_large_image\" \/>\n<meta name=\"twitter:creator\" content=\"@cdeualmeria\" \/>\n<meta name=\"twitter:site\" content=\"@cdeualmeria\" \/>\n<meta name=\"twitter:label1\" content=\"Written by\" \/>\n\t<meta name=\"twitter:data1\" content=\"AdminCDE\" \/>\n\t<meta name=\"twitter:label2\" content=\"Est. reading time\" \/>\n\t<meta name=\"twitter:data2\" content=\"2 minutes\" \/>\n<script type=\"application\/ld+json\" class=\"yoast-schema-graph\">{\"@context\":\"https:\\\/\\\/schema.org\",\"@graph\":[{\"@type\":\"Article\",\"@id\":\"https:\\\/\\\/www.cde.ual.es\\\/la-espanola-isabel-cano-aguilar-elegida-vicepresidenta-del-comite-economico-y-social-europeo\\\/#article\",\"isPartOf\":{\"@id\":\"https:\\\/\\\/www.cde.ual.es\\\/la-espanola-isabel-cano-aguilar-elegida-vicepresidenta-del-comite-economico-y-social-europeo\\\/\"},\"author\":{\"name\":\"AdminCDE\",\"@id\":\"https:\\\/\\\/www.cde.ual.es\\\/#\\\/schema\\\/person\\\/224ef08c8bcc005f319d2713ce37ee5f\"},\"headline\":\"La espa\u00f1ola Isabel Ca\u00f1o Aguilar elegida vicepresidenta del Comit\u00e9 Econ\u00f3mico y Social Europeo\",\"datePublished\":\"2018-04-20T13:51:30+00:00\",\"mainEntityOfPage\":{\"@id\":\"https:\\\/\\\/www.cde.ual.es\\\/la-espanola-isabel-cano-aguilar-elegida-vicepresidenta-del-comite-economico-y-social-europeo\\\/\"},\"wordCount\":411,\"commentCount\":0,\"publisher\":{\"@id\":\"https:\\\/\\\/www.cde.ual.es\\\/#organization\"},\"image\":{\"@id\":\"https:\\\/\\\/www.cde.ual.es\\\/la-espanola-isabel-cano-aguilar-elegida-vicepresidenta-del-comite-economico-y-social-europeo\\\/#primaryimage\"},\"thumbnailUrl\":\"https:\\\/\\\/www.cde.ual.es\\\/wp-content\\\/uploads\\\/2018\\\/04\\\/Union-Profesional-Consejo-Economico-Social-Europeo.jpg\",\"articleSection\":[\"Sin categorizar\"],\"inLanguage\":\"en-US\",\"potentialAction\":[{\"@type\":\"CommentAction\",\"name\":\"Comment\",\"target\":[\"https:\\\/\\\/www.cde.ual.es\\\/la-espanola-isabel-cano-aguilar-elegida-vicepresidenta-del-comite-economico-y-social-europeo\\\/#respond\"]}]},{\"@type\":\"WebPage\",\"@id\":\"https:\\\/\\\/www.cde.ual.es\\\/la-espanola-isabel-cano-aguilar-elegida-vicepresidenta-del-comite-economico-y-social-europeo\\\/\",\"url\":\"https:\\\/\\\/www.cde.ual.es\\\/la-espanola-isabel-cano-aguilar-elegida-vicepresidenta-del-comite-economico-y-social-europeo\\\/\",\"name\":\"La espa\u00f1ola Isabel Ca\u00f1o Aguilar elegida vicepresidenta del Comit\u00e9 Econ\u00f3mico y Social Europeo | CDE Almer\u00eda - Centro de Documentaci\u00f3n Europea - Universidad de Almer\u00eda\",\"isPartOf\":{\"@id\":\"https:\\\/\\\/www.cde.ual.es\\\/#website\"},\"primaryImageOfPage\":{\"@id\":\"https:\\\/\\\/www.cde.ual.es\\\/la-espanola-isabel-cano-aguilar-elegida-vicepresidenta-del-comite-economico-y-social-europeo\\\/#primaryimage\"},\"image\":{\"@id\":\"https:\\\/\\\/www.cde.ual.es\\\/la-espanola-isabel-cano-aguilar-elegida-vicepresidenta-del-comite-economico-y-social-europeo\\\/#primaryimage\"},\"thumbnailUrl\":\"https:\\\/\\\/www.cde.ual.es\\\/wp-content\\\/uploads\\\/2018\\\/04\\\/Union-Profesional-Consejo-Economico-Social-Europeo.jpg\",\"datePublished\":\"2018-04-20T13:51:30+00:00\",\"breadcrumb\":{\"@id\":\"https:\\\/\\\/www.cde.ual.es\\\/la-espanola-isabel-cano-aguilar-elegida-vicepresidenta-del-comite-economico-y-social-europeo\\\/#breadcrumb\"},\"inLanguage\":\"en-US\",\"potentialAction\":[{\"@type\":\"ReadAction\",\"target\":[\"https:\\\/\\\/www.cde.ual.es\\\/la-espanola-isabel-cano-aguilar-elegida-vicepresidenta-del-comite-economico-y-social-europeo\\\/\"]}]},{\"@type\":\"ImageObject\",\"inLanguage\":\"en-US\",\"@id\":\"https:\\\/\\\/www.cde.ual.es\\\/la-espanola-isabel-cano-aguilar-elegida-vicepresidenta-del-comite-economico-y-social-europeo\\\/#primaryimage\",\"url\":\"https:\\\/\\\/www.cde.ual.es\\\/wp-content\\\/uploads\\\/2018\\\/04\\\/Union-Profesional-Consejo-Economico-Social-Europeo.jpg\",\"contentUrl\":\"https:\\\/\\\/www.cde.ual.es\\\/wp-content\\\/uploads\\\/2018\\\/04\\\/Union-Profesional-Consejo-Economico-Social-Europeo.jpg\",\"width\":657,\"height\":426},{\"@type\":\"BreadcrumbList\",\"@id\":\"https:\\\/\\\/www.cde.ual.es\\\/la-espanola-isabel-cano-aguilar-elegida-vicepresidenta-del-comite-economico-y-social-europeo\\\/#breadcrumb\",\"itemListElement\":[{\"@type\":\"ListItem\",\"position\":1,\"name\":\"Inicio\",\"item\":\"https:\\\/\\\/www.cde.ual.es\\\/en\\\/\"},{\"@type\":\"ListItem\",\"position\":2,\"name\":\"Sin categorizar\",\"item\":\"https:\\\/\\\/www.cde.ual.es\\\/category\\\/sin-categorizar\\\/\"},{\"@type\":\"ListItem\",\"position\":3,\"name\":\"La espa\u00f1ola Isabel Ca\u00f1o Aguilar elegida vicepresidenta del Comit\u00e9 Econ\u00f3mico y Social Europeo\"}]},{\"@type\":\"WebSite\",\"@id\":\"https:\\\/\\\/www.cde.ual.es\\\/#website\",\"url\":\"https:\\\/\\\/www.cde.ual.es\\\/\",\"name\":\"CDE Almer\u00eda - Centro de Documentaci\u00f3n Europea - Universidad de Almer\u00eda\",\"description\":\"Centro de Documentaci\u00f3n Europea de la Universidad de Almer\u00eda\",\"publisher\":{\"@id\":\"https:\\\/\\\/www.cde.ual.es\\\/#organization\"},\"alternateName\":\"CDE Almer\u00eda\",\"potentialAction\":[{\"@type\":\"SearchAction\",\"target\":{\"@type\":\"EntryPoint\",\"urlTemplate\":\"https:\\\/\\\/www.cde.ual.es\\\/?s={search_term_string}\"},\"query-input\":{\"@type\":\"PropertyValueSpecification\",\"valueRequired\":true,\"valueName\":\"search_term_string\"}}],\"inLanguage\":\"en-US\"},{\"@type\":\"Organization\",\"@id\":\"https:\\\/\\\/www.cde.ual.es\\\/#organization\",\"name\":\"Centro de Documentaci\u00f3n Europea de Almer\u00eda\",\"url\":\"https:\\\/\\\/www.cde.ual.es\\\/\",\"logo\":{\"@type\":\"ImageObject\",\"inLanguage\":\"en-US\",\"@id\":\"https:\\\/\\\/www.cde.ual.es\\\/#\\\/schema\\\/logo\\\/image\\\/\",\"url\":\"https:\\\/\\\/www.cde.ual.es\\\/wp-content\\\/uploads\\\/2025\\\/07\\\/cde-logo-3.png\",\"contentUrl\":\"https:\\\/\\\/www.cde.ual.es\\\/wp-content\\\/uploads\\\/2025\\\/07\\\/cde-logo-3.png\",\"width\":1400,\"height\":300,\"caption\":\"Centro de Documentaci\u00f3n Europea de Almer\u00eda\"},\"image\":{\"@id\":\"https:\\\/\\\/www.cde.ual.es\\\/#\\\/schema\\\/logo\\\/image\\\/\"},\"sameAs\":[\"https:\\\/\\\/www.facebook.com\\\/cdeuniversidadalmeria\\\/\",\"https:\\\/\\\/x.com\\\/cdeualmeria\",\"https:\\\/\\\/www.tiktok.com\\\/@cdealmeria\",\"https:\\\/\\\/www.instagram.com\\\/cdealmeria\\\/\",\"https:\\\/\\\/www.linkedin.com\\\/in\\\/cde-almera-812b26a9\\\/\"]},{\"@type\":\"Person\",\"@id\":\"https:\\\/\\\/www.cde.ual.es\\\/#\\\/schema\\\/person\\\/224ef08c8bcc005f319d2713ce37ee5f\",\"name\":\"AdminCDE\",\"image\":{\"@type\":\"ImageObject\",\"inLanguage\":\"en-US\",\"@id\":\"https:\\\/\\\/secure.gravatar.com\\\/avatar\\\/a72d038d371f995cd13706fac32274b7952a52e8fb0a84b5f80c85426f2a98a8?s=96&d=mm&r=g\",\"url\":\"https:\\\/\\\/secure.gravatar.com\\\/avatar\\\/a72d038d371f995cd13706fac32274b7952a52e8fb0a84b5f80c85426f2a98a8?s=96&d=mm&r=g\",\"contentUrl\":\"https:\\\/\\\/secure.gravatar.com\\\/avatar\\\/a72d038d371f995cd13706fac32274b7952a52e8fb0a84b5f80c85426f2a98a8?s=96&d=mm&r=g\",\"caption\":\"AdminCDE\"}}]}<\/script>\n<!-- \/ Yoast SEO plugin. -->","yoast_head_json":{"title":"La espa\u00f1ola Isabel Ca\u00f1o Aguilar elegida vicepresidenta del Comit\u00e9 Econ\u00f3mico y Social Europeo | CDE Almer\u00eda - Centro de Documentaci\u00f3n Europea - Universidad de Almer\u00eda","robots":{"index":"index","follow":"follow","max-snippet":"max-snippet:-1","max-image-preview":"max-image-preview:large","max-video-preview":"max-video-preview:-1"},"canonical":"https:\/\/www.cde.ual.es\/la-espanola-isabel-cano-aguilar-elegida-vicepresidenta-del-comite-economico-y-social-europeo\/","og_locale":"en_US","og_type":"article","og_title":"La espa\u00f1ola Isabel Ca\u00f1o Aguilar elegida vicepresidenta del Comit\u00e9 Econ\u00f3mico y Social Europeo | CDE Almer\u00eda - Centro de Documentaci\u00f3n Europea - Universidad de Almer\u00eda","og_description":"Isabel Ca\u00f1o Aguilar (Espa\u00f1a), miembro del Grupo de Trabajadores, ser\u00e1 una de las dos vicepresidentas del Comit\u00e9 Econ\u00f3mico y Social Europeo (CESE), por un periodo de dos a\u00f1os y medio entre 2018 y 2020, y ser\u00e1 responsable de la comunicaci\u00f3n. Desempe\u00f1ar\u00e1 uno de los cargos principales del CESE, junto con el nuevo presidente, Luca Jahier [&hellip;]","og_url":"https:\/\/www.cde.ual.es\/la-espanola-isabel-cano-aguilar-elegida-vicepresidenta-del-comite-economico-y-social-europeo\/","og_site_name":"CDE Almer\u00eda - Centro de Documentaci\u00f3n Europea - Universidad de Almer\u00eda","article_publisher":"https:\/\/www.facebook.com\/cdeuniversidadalmeria\/","article_published_time":"2018-04-20T13:51:30+00:00","og_image":[{"width":657,"height":426,"url":"https:\/\/www.cde.ual.es\/wp-content\/uploads\/2018\/04\/Union-Profesional-Consejo-Economico-Social-Europeo.jpg","type":"image\/jpeg"}],"author":"AdminCDE","twitter_card":"summary_large_image","twitter_creator":"@cdeualmeria","twitter_site":"@cdeualmeria","twitter_misc":{"Written by":"AdminCDE","Est. reading time":"2 minutes"},"schema":{"@context":"https:\/\/schema.org","@graph":[{"@type":"Article","@id":"https:\/\/www.cde.ual.es\/la-espanola-isabel-cano-aguilar-elegida-vicepresidenta-del-comite-economico-y-social-europeo\/#article","isPartOf":{"@id":"https:\/\/www.cde.ual.es\/la-espanola-isabel-cano-aguilar-elegida-vicepresidenta-del-comite-economico-y-social-europeo\/"},"author":{"name":"AdminCDE","@id":"https:\/\/www.cde.ual.es\/#\/schema\/person\/224ef08c8bcc005f319d2713ce37ee5f"},"headline":"La espa\u00f1ola Isabel Ca\u00f1o Aguilar elegida vicepresidenta del Comit\u00e9 Econ\u00f3mico y Social Europeo","datePublished":"2018-04-20T13:51:30+00:00","mainEntityOfPage":{"@id":"https:\/\/www.cde.ual.es\/la-espanola-isabel-cano-aguilar-elegida-vicepresidenta-del-comite-economico-y-social-europeo\/"},"wordCount":411,"commentCount":0,"publisher":{"@id":"https:\/\/www.cde.ual.es\/#organization"},"image":{"@id":"https:\/\/www.cde.ual.es\/la-espanola-isabel-cano-aguilar-elegida-vicepresidenta-del-comite-economico-y-social-europeo\/#primaryimage"},"thumbnailUrl":"https:\/\/www.cde.ual.es\/wp-content\/uploads\/2018\/04\/Union-Profesional-Consejo-Economico-Social-Europeo.jpg","articleSection":["Sin categorizar"],"inLanguage":"en-US","potentialAction":[{"@type":"CommentAction","name":"Comment","target":["https:\/\/www.cde.ual.es\/la-espanola-isabel-cano-aguilar-elegida-vicepresidenta-del-comite-economico-y-social-europeo\/#respond"]}]},{"@type":"WebPage","@id":"https:\/\/www.cde.ual.es\/la-espanola-isabel-cano-aguilar-elegida-vicepresidenta-del-comite-economico-y-social-europeo\/","url":"https:\/\/www.cde.ual.es\/la-espanola-isabel-cano-aguilar-elegida-vicepresidenta-del-comite-economico-y-social-europeo\/","name":"La espa\u00f1ola Isabel Ca\u00f1o Aguilar elegida vicepresidenta del Comit\u00e9 Econ\u00f3mico y Social Europeo | CDE Almer\u00eda - Centro de Documentaci\u00f3n Europea - Universidad de Almer\u00eda","isPartOf":{"@id":"https:\/\/www.cde.ual.es\/#website"},"primaryImageOfPage":{"@id":"https:\/\/www.cde.ual.es\/la-espanola-isabel-cano-aguilar-elegida-vicepresidenta-del-comite-economico-y-social-europeo\/#primaryimage"},"image":{"@id":"https:\/\/www.cde.ual.es\/la-espanola-isabel-cano-aguilar-elegida-vicepresidenta-del-comite-economico-y-social-europeo\/#primaryimage"},"thumbnailUrl":"https:\/\/www.cde.ual.es\/wp-content\/uploads\/2018\/04\/Union-Profesional-Consejo-Economico-Social-Europeo.jpg","datePublished":"2018-04-20T13:51:30+00:00","breadcrumb":{"@id":"https:\/\/www.cde.ual.es\/la-espanola-isabel-cano-aguilar-elegida-vicepresidenta-del-comite-economico-y-social-europeo\/#breadcrumb"},"inLanguage":"en-US","potentialAction":[{"@type":"ReadAction","target":["https:\/\/www.cde.ual.es\/la-espanola-isabel-cano-aguilar-elegida-vicepresidenta-del-comite-economico-y-social-europeo\/"]}]},{"@type":"ImageObject","inLanguage":"en-US","@id":"https:\/\/www.cde.ual.es\/la-espanola-isabel-cano-aguilar-elegida-vicepresidenta-del-comite-economico-y-social-europeo\/#primaryimage","url":"https:\/\/www.cde.ual.es\/wp-content\/uploads\/2018\/04\/Union-Profesional-Consejo-Economico-Social-Europeo.jpg","contentUrl":"https:\/\/www.cde.ual.es\/wp-content\/uploads\/2018\/04\/Union-Profesional-Consejo-Economico-Social-Europeo.jpg","width":657,"height":426},{"@type":"BreadcrumbList","@id":"https:\/\/www.cde.ual.es\/la-espanola-isabel-cano-aguilar-elegida-vicepresidenta-del-comite-economico-y-social-europeo\/#breadcrumb","itemListElement":[{"@type":"ListItem","position":1,"name":"Inicio","item":"https:\/\/www.cde.ual.es\/en\/"},{"@type":"ListItem","position":2,"name":"Sin categorizar","item":"https:\/\/www.cde.ual.es\/category\/sin-categorizar\/"},{"@type":"ListItem","position":3,"name":"La espa\u00f1ola Isabel Ca\u00f1o Aguilar elegida vicepresidenta del Comit\u00e9 Econ\u00f3mico y Social Europeo"}]},{"@type":"WebSite","@id":"https:\/\/www.cde.ual.es\/#website","url":"https:\/\/www.cde.ual.es\/","name":"CDE Almer\u00eda - Centro de Documentaci\u00f3n Europea - Universidad de Almer\u00eda","description":"Centro de Documentaci\u00f3n Europea de la Universidad de Almer\u00eda","publisher":{"@id":"https:\/\/www.cde.ual.es\/#organization"},"alternateName":"CDE Almer\u00eda","potentialAction":[{"@type":"SearchAction","target":{"@type":"EntryPoint","urlTemplate":"https:\/\/www.cde.ual.es\/?s={search_term_string}"},"query-input":{"@type":"PropertyValueSpecification","valueRequired":true,"valueName":"search_term_string"}}],"inLanguage":"en-US"},{"@type":"Organization","@id":"https:\/\/www.cde.ual.es\/#organization","name":"Centro de Documentaci\u00f3n Europea de Almer\u00eda","url":"https:\/\/www.cde.ual.es\/","logo":{"@type":"ImageObject","inLanguage":"en-US","@id":"https:\/\/www.cde.ual.es\/#\/schema\/logo\/image\/","url":"https:\/\/www.cde.ual.es\/wp-content\/uploads\/2025\/07\/cde-logo-3.png","contentUrl":"https:\/\/www.cde.ual.es\/wp-content\/uploads\/2025\/07\/cde-logo-3.png","width":1400,"height":300,"caption":"Centro de Documentaci\u00f3n Europea de Almer\u00eda"},"image":{"@id":"https:\/\/www.cde.ual.es\/#\/schema\/logo\/image\/"},"sameAs":["https:\/\/www.facebook.com\/cdeuniversidadalmeria\/","https:\/\/x.com\/cdeualmeria","https:\/\/www.tiktok.com\/@cdealmeria","https:\/\/www.instagram.com\/cdealmeria\/","https:\/\/www.linkedin.com\/in\/cde-almera-812b26a9\/"]},{"@type":"Person","@id":"https:\/\/www.cde.ual.es\/#\/schema\/person\/224ef08c8bcc005f319d2713ce37ee5f","name":"AdminCDE","image":{"@type":"ImageObject","inLanguage":"en-US","@id":"https:\/\/secure.gravatar.com\/avatar\/a72d038d371f995cd13706fac32274b7952a52e8fb0a84b5f80c85426f2a98a8?s=96&d=mm&r=g","url":"https:\/\/secure.gravatar.com\/avatar\/a72d038d371f995cd13706fac32274b7952a52e8fb0a84b5f80c85426f2a98a8?s=96&d=mm&r=g","contentUrl":"https:\/\/secure.gravatar.com\/avatar\/a72d038d371f995cd13706fac32274b7952a52e8fb0a84b5f80c85426f2a98a8?s=96&d=mm&r=g","caption":"AdminCDE"}}]}},"_links":{"self":[{"href":"https:\/\/www.cde.ual.es\/en\/wp-json\/wp\/v2\/posts\/3728","targetHints":{"allow":["GET"]}}],"collection":[{"href":"https:\/\/www.cde.ual.es\/en\/wp-json\/wp\/v2\/posts"}],"about":[{"href":"https:\/\/www.cde.ual.es\/en\/wp-json\/wp\/v2\/types\/post"}],"author":[{"embeddable":true,"href":"https:\/\/www.cde.ual.es\/en\/wp-json\/wp\/v2\/users\/1"}],"replies":[{"embeddable":true,"href":"https:\/\/www.cde.ual.es\/en\/wp-json\/wp\/v2\/comments?post=3728"}],"version-history":[{"count":0,"href":"https:\/\/www.cde.ual.es\/en\/wp-json\/wp\/v2\/posts\/3728\/revisions"}],"wp:featuredmedia":[{"embeddable":true,"href":"https:\/\/www.cde.ual.es\/en\/wp-json\/wp\/v2\/media\/3730"}],"wp:attachment":[{"href":"https:\/\/www.cde.ual.es\/en\/wp-json\/wp\/v2\/media?parent=3728"}],"wp:term":[{"taxonomy":"category","embeddable":true,"href":"https:\/\/www.cde.ual.es\/en\/wp-json\/wp\/v2\/categories?post=3728"},{"taxonomy":"post_tag","embeddable":true,"href":"https:\/\/www.cde.ual.es\/en\/wp-json\/wp\/v2\/tags?post=3728"}],"curies":[{"name":"wp","href":"https:\/\/api.w.org\/{rel}","templated":true}]}}