{"id":37135,"date":"2020-03-04T03:00:03","date_gmt":"2020-03-04T02:00:03","guid":{"rendered":"https:\/\/www.cde.ual.es\/?p=37135"},"modified":"2021-12-11T22:50:32","modified_gmt":"2021-12-11T21:50:32","slug":"phd-international-relations-at-the-university-of-nebrija","status":"publish","type":"post","link":"https:\/\/www.cde.ual.es\/en\/phd-international-relations-at-the-university-of-nebrija\/","title":{"rendered":"PhD International Relations at the University of Nebrija"},"content":{"rendered":"<p>The University of Nebrija is seeking highly qualified candidates for a position in the Faculty of Social Science.<\/p>\n<p><a href=\"https:\/\/www.cde.ual.es\/wp-content\/uploads\/2020\/02\/laptop-2562325_1920-1.jpg\"><img decoding=\"async\" class=\"size-medium wp-image-36304 aligncenter\" src=\"https:\/\/www.cde.ual.es\/wp-content\/uploads\/2020\/02\/laptop-2562325_1920-1-300x200.jpg\" alt=\"Seminar 'Research in Europe'\" width=\"300\" height=\"200\" srcset=\"https:\/\/www.cde.ual.es\/wp-content\/uploads\/2020\/02\/laptop-2562325_1920-1-300x200.jpg 300w, https:\/\/www.cde.ual.es\/wp-content\/uploads\/2020\/02\/laptop-2562325_1920-1-768x512.jpg 768w, https:\/\/www.cde.ual.es\/wp-content\/uploads\/2020\/02\/laptop-2562325_1920-1-1024x682.jpg 1024w, https:\/\/www.cde.ual.es\/wp-content\/uploads\/2020\/02\/laptop-2562325_1920-1.jpg 1920w\" sizes=\"(max-width: 300px) 100vw, 300px\" \/><\/a><\/p>\n<p>The professor will be expected to make significant contributions to all activities in the discipline through teaching, research and services. With a strong academic track record, the professor needs to be in possession of a background in International Relations with a capacity to teach and research in this specialization.<\/p>\n<h3>Organisation<\/h3>\n<p>University of Nebrija<\/p>\n<h3>Location<\/h3>\n<p>Spain<\/p>\n<h3>Deadline<\/h3>\n<p>30 June 2020<\/p>\n<h3>Research Field<\/h3>\n<p><span class=\"lineage-item lineage-item-level-0\">Juridical sciences,\u00a0<\/span><span class=\"lineage-item lineage-item-level-1\">International law<\/span><\/p>\n<h3>The Economy, Business and Internationalization Research Group<\/h3>\n<p>This research area focuses on fundamental issues related to the sources of trade growth, international trade agreements, regional trade, international prices, the demography of international companies and international promotion policies, as well as offering methodological innovations in the area of \u200b\u200bmicroeconometrics to solve relevant scientific questions in the s. XXI related to welfare, the labour market, education, social and business interactions, economic insecurity and globalization.<\/p>\n<h3>Requirements<\/h3>\n<ul>\n<li>Ph.D. in Law or International Relations (minimum age of Ph.D. 5 years).<\/li>\n<li>Accredited as Professor Hired Doctor \/ Professor Private University.<\/li>\n<li>Six years of research or equivalent.<\/li>\n<li>Scientific publications indexed in lines similar to those of the research group in the last 3 years will be valued.<\/li>\n<li>Full English professional proficiency.<\/li>\n<li>This position implies teaching. Therefore, a minimum B2 equivalent level of Spanish is needed.<\/li>\n<\/ul>\n<div class=\"row\">\n<div class=\"col-sm-8 col-sm-offset-2 col-md-6 col-md-offset-3\">\n<div id=\"bootstrap-fieldgroup-accordion--accordion-group\" class=\"panel-group bootstrap-fieldgroup-accordion\">\n<div class=\"panel panel-default required-fields expanded\">\n<div id=\"bootstrap-fieldgroup-accordion-item--requirements-0\" class=\"panel-collapse required-fields collapse in\" aria-expanded=\"true\">\n<div class=\"panel-body\">\n<div class=\"row\">\n<div class=\"col-xs-12 field-offer-requirements\">\n<div class=\"longtext field-benefits\">\n<h3>More Information<\/h3>\n<\/div>\n<\/div>\n<\/div>\n<\/div>\n<\/div>\n<\/div>\n<\/div>\n<\/div>\n<\/div>\n<p><a href=\"https:\/\/euraxess.ec.europa.eu\/jobs\/498194\">Euraxess<\/a><\/p>\n","protected":false},"excerpt":{"rendered":"<p>The University of Nebrija is seeking highly qualified candidates for a position in the Faculty of Social Science. The professor will be expected to make significant contributions to all activities in the discipline through teaching, research and services. With a strong academic track record, the professor needs to be in possession of a background in [&hellip;]<\/p>\n","protected":false},"author":101011,"featured_media":36304,"comment_status":"open","ping_status":"open","sticky":false,"template":"","format":"standard","meta":{"_acf_changed":false,"_relevanssi_hide_post":"","_relevanssi_hide_content":"","_relevanssi_pin_for_all":"","_relevanssi_pin_keywords":"","_relevanssi_unpin_keywords":"","_relevanssi_related_keywords":"","_relevanssi_related_include_ids":"","_relevanssi_related_exclude_ids":"","_relevanssi_related_no_append":"","_relevanssi_related_not_related":"","_relevanssi_related_posts":"","_relevanssi_noindex_reason":"","_monsterinsights_skip_tracking":false,"_monsterinsights_sitenote_active":false,"_monsterinsights_sitenote_note":"","_monsterinsights_sitenote_category":0,"_genesis_hide_title":false,"_genesis_hide_breadcrumbs":false,"_genesis_hide_singular_image":false,"_genesis_hide_footer_widgets":false,"_genesis_custom_body_class":"","_genesis_custom_post_class":"","_genesis_layout":"","footnotes":""},"categories":[366,4043,4047],"tags":[848,1368,1257,806],"class_list":{"0":"post-37135","1":"post","2":"type-post","3":"status-publish","4":"format-standard","5":"has-post-thumbnail","7":"category-eu-calls-and-awards","8":"category-euraxess-en","9":"category-social-and-legal-sciences","10":"tag-euraxess-en","11":"tag-international-law","12":"tag-juridical-sciences","13":"tag-spain","14":"entry"},"acf":[],"yoast_head":"<!-- This site is optimized with the Yoast SEO plugin v27.4 - https:\/\/yoast.com\/product\/yoast-seo-wordpress\/ -->\n<title>PhD International Relations at the University of Nebrija | CDE Almer\u00eda - Centro de Documentaci\u00f3n Europea - Universidad de Almer\u00eda<\/title>\n<meta name=\"robots\" content=\"index, follow, max-snippet:-1, max-image-preview:large, max-video-preview:-1\" \/>\n<link rel=\"canonical\" href=\"https:\/\/www.cde.ual.es\/en\/phd-international-relations-at-the-university-of-nebrija\/\" \/>\n<meta property=\"og:locale\" content=\"en_US\" \/>\n<meta property=\"og:type\" content=\"article\" \/>\n<meta property=\"og:title\" content=\"PhD International Relations at the University of Nebrija | CDE Almer\u00eda - Centro de Documentaci\u00f3n Europea - Universidad de Almer\u00eda\" \/>\n<meta property=\"og:description\" content=\"The University of Nebrija is seeking highly qualified candidates for a position in the Faculty of Social Science. The professor will be expected to make significant contributions to all activities in the discipline through teaching, research and services. With a strong academic track record, the professor needs to be in possession of a background in [&hellip;]\" \/>\n<meta property=\"og:url\" content=\"https:\/\/www.cde.ual.es\/en\/phd-international-relations-at-the-university-of-nebrija\/\" \/>\n<meta property=\"og:site_name\" content=\"CDE Almer\u00eda - Centro de Documentaci\u00f3n Europea - Universidad de Almer\u00eda\" \/>\n<meta property=\"article:publisher\" content=\"https:\/\/www.facebook.com\/cdeuniversidadalmeria\/\" \/>\n<meta property=\"article:published_time\" content=\"2020-03-04T02:00:03+00:00\" \/>\n<meta property=\"article:modified_time\" content=\"2021-12-11T21:50:32+00:00\" \/>\n<meta property=\"og:image\" content=\"https:\/\/www.cde.ual.es\/wp-content\/uploads\/2020\/02\/laptop-2562325_1920-1.jpg\" \/>\n\t<meta property=\"og:image:width\" content=\"1920\" \/>\n\t<meta property=\"og:image:height\" content=\"1279\" \/>\n\t<meta property=\"og:image:type\" content=\"image\/jpeg\" \/>\n<meta name=\"author\" content=\"BECA 2 CDE\" \/>\n<meta name=\"twitter:card\" content=\"summary_large_image\" \/>\n<meta name=\"twitter:creator\" content=\"@cdeualmeria\" \/>\n<meta name=\"twitter:site\" content=\"@cdeualmeria\" \/>\n<meta name=\"twitter:label1\" content=\"Written by\" \/>\n\t<meta name=\"twitter:data1\" content=\"BECA 2 CDE\" \/>\n\t<meta name=\"twitter:label2\" content=\"Est. reading time\" \/>\n\t<meta name=\"twitter:data2\" content=\"1 minute\" \/>\n<script type=\"application\/ld+json\" class=\"yoast-schema-graph\">{\"@context\":\"https:\\\/\\\/schema.org\",\"@graph\":[{\"@type\":\"Article\",\"@id\":\"https:\\\/\\\/www.cde.ual.es\\\/en\\\/phd-international-relations-at-the-university-of-nebrija\\\/#article\",\"isPartOf\":{\"@id\":\"https:\\\/\\\/www.cde.ual.es\\\/en\\\/phd-international-relations-at-the-university-of-nebrija\\\/\"},\"author\":{\"name\":\"BECA 2 CDE\",\"@id\":\"https:\\\/\\\/www.cde.ual.es\\\/#\\\/schema\\\/person\\\/ee46ebc19edfa19598c02cff83335acc\"},\"headline\":\"PhD International Relations at the University of Nebrija\",\"datePublished\":\"2020-03-04T02:00:03+00:00\",\"dateModified\":\"2021-12-11T21:50:32+00:00\",\"mainEntityOfPage\":{\"@id\":\"https:\\\/\\\/www.cde.ual.es\\\/en\\\/phd-international-relations-at-the-university-of-nebrija\\\/\"},\"wordCount\":229,\"commentCount\":0,\"publisher\":{\"@id\":\"https:\\\/\\\/www.cde.ual.es\\\/#organization\"},\"image\":{\"@id\":\"https:\\\/\\\/www.cde.ual.es\\\/en\\\/phd-international-relations-at-the-university-of-nebrija\\\/#primaryimage\"},\"thumbnailUrl\":\"https:\\\/\\\/www.cde.ual.es\\\/wp-content\\\/uploads\\\/2020\\\/02\\\/laptop-2562325_1920-1.jpg\",\"keywords\":[\"Euraxess\",\"International law\",\"Juridical sciences\",\"Spain\"],\"articleSection\":[\"EU Calls and Awards\",\"Euraxess\",\"Social and Legal Sciences\"],\"inLanguage\":\"en-US\",\"potentialAction\":[{\"@type\":\"CommentAction\",\"name\":\"Comment\",\"target\":[\"https:\\\/\\\/www.cde.ual.es\\\/en\\\/phd-international-relations-at-the-university-of-nebrija\\\/#respond\"]}]},{\"@type\":\"WebPage\",\"@id\":\"https:\\\/\\\/www.cde.ual.es\\\/en\\\/phd-international-relations-at-the-university-of-nebrija\\\/\",\"url\":\"https:\\\/\\\/www.cde.ual.es\\\/en\\\/phd-international-relations-at-the-university-of-nebrija\\\/\",\"name\":\"PhD International Relations at the University of Nebrija | CDE Almer\u00eda - Centro de Documentaci\u00f3n Europea - Universidad de Almer\u00eda\",\"isPartOf\":{\"@id\":\"https:\\\/\\\/www.cde.ual.es\\\/#website\"},\"primaryImageOfPage\":{\"@id\":\"https:\\\/\\\/www.cde.ual.es\\\/en\\\/phd-international-relations-at-the-university-of-nebrija\\\/#primaryimage\"},\"image\":{\"@id\":\"https:\\\/\\\/www.cde.ual.es\\\/en\\\/phd-international-relations-at-the-university-of-nebrija\\\/#primaryimage\"},\"thumbnailUrl\":\"https:\\\/\\\/www.cde.ual.es\\\/wp-content\\\/uploads\\\/2020\\\/02\\\/laptop-2562325_1920-1.jpg\",\"datePublished\":\"2020-03-04T02:00:03+00:00\",\"dateModified\":\"2021-12-11T21:50:32+00:00\",\"breadcrumb\":{\"@id\":\"https:\\\/\\\/www.cde.ual.es\\\/en\\\/phd-international-relations-at-the-university-of-nebrija\\\/#breadcrumb\"},\"inLanguage\":\"en-US\",\"potentialAction\":[{\"@type\":\"ReadAction\",\"target\":[\"https:\\\/\\\/www.cde.ual.es\\\/en\\\/phd-international-relations-at-the-university-of-nebrija\\\/\"]}]},{\"@type\":\"ImageObject\",\"inLanguage\":\"en-US\",\"@id\":\"https:\\\/\\\/www.cde.ual.es\\\/en\\\/phd-international-relations-at-the-university-of-nebrija\\\/#primaryimage\",\"url\":\"https:\\\/\\\/www.cde.ual.es\\\/wp-content\\\/uploads\\\/2020\\\/02\\\/laptop-2562325_1920-1.jpg\",\"contentUrl\":\"https:\\\/\\\/www.cde.ual.es\\\/wp-content\\\/uploads\\\/2020\\\/02\\\/laptop-2562325_1920-1.jpg\",\"width\":1920,\"height\":1279,\"caption\":\"Seminar 'Research in Europe'\"},{\"@type\":\"BreadcrumbList\",\"@id\":\"https:\\\/\\\/www.cde.ual.es\\\/en\\\/phd-international-relations-at-the-university-of-nebrija\\\/#breadcrumb\",\"itemListElement\":[{\"@type\":\"ListItem\",\"position\":1,\"name\":\"Inicio\",\"item\":\"https:\\\/\\\/www.cde.ual.es\\\/en\\\/\"},{\"@type\":\"ListItem\",\"position\":2,\"name\":\"EU Calls and Awards\",\"item\":\"https:\\\/\\\/www.cde.ual.es\\\/en\\\/category\\\/eu-calls-and-awards\\\/\"},{\"@type\":\"ListItem\",\"position\":3,\"name\":\"PhD International Relations at the University of Nebrija\"}]},{\"@type\":\"WebSite\",\"@id\":\"https:\\\/\\\/www.cde.ual.es\\\/#website\",\"url\":\"https:\\\/\\\/www.cde.ual.es\\\/\",\"name\":\"CDE Almer\u00eda - Centro de Documentaci\u00f3n Europea - Universidad de Almer\u00eda\",\"description\":\"Centro de Documentaci\u00f3n Europea de la Universidad de Almer\u00eda\",\"publisher\":{\"@id\":\"https:\\\/\\\/www.cde.ual.es\\\/#organization\"},\"alternateName\":\"CDE Almer\u00eda\",\"potentialAction\":[{\"@type\":\"SearchAction\",\"target\":{\"@type\":\"EntryPoint\",\"urlTemplate\":\"https:\\\/\\\/www.cde.ual.es\\\/?s={search_term_string}\"},\"query-input\":{\"@type\":\"PropertyValueSpecification\",\"valueRequired\":true,\"valueName\":\"search_term_string\"}}],\"inLanguage\":\"en-US\"},{\"@type\":\"Organization\",\"@id\":\"https:\\\/\\\/www.cde.ual.es\\\/#organization\",\"name\":\"Centro de Documentaci\u00f3n Europea de Almer\u00eda\",\"url\":\"https:\\\/\\\/www.cde.ual.es\\\/\",\"logo\":{\"@type\":\"ImageObject\",\"inLanguage\":\"en-US\",\"@id\":\"https:\\\/\\\/www.cde.ual.es\\\/#\\\/schema\\\/logo\\\/image\\\/\",\"url\":\"https:\\\/\\\/www.cde.ual.es\\\/wp-content\\\/uploads\\\/2025\\\/07\\\/cde-logo-3.png\",\"contentUrl\":\"https:\\\/\\\/www.cde.ual.es\\\/wp-content\\\/uploads\\\/2025\\\/07\\\/cde-logo-3.png\",\"width\":1400,\"height\":300,\"caption\":\"Centro de Documentaci\u00f3n Europea de Almer\u00eda\"},\"image\":{\"@id\":\"https:\\\/\\\/www.cde.ual.es\\\/#\\\/schema\\\/logo\\\/image\\\/\"},\"sameAs\":[\"https:\\\/\\\/www.facebook.com\\\/cdeuniversidadalmeria\\\/\",\"https:\\\/\\\/x.com\\\/cdeualmeria\",\"https:\\\/\\\/www.tiktok.com\\\/@cdealmeria\",\"https:\\\/\\\/www.instagram.com\\\/cdealmeria\\\/\",\"https:\\\/\\\/www.linkedin.com\\\/in\\\/cde-almera-812b26a9\\\/\"]},{\"@type\":\"Person\",\"@id\":\"https:\\\/\\\/www.cde.ual.es\\\/#\\\/schema\\\/person\\\/ee46ebc19edfa19598c02cff83335acc\",\"name\":\"BECA 2 CDE\",\"image\":{\"@type\":\"ImageObject\",\"inLanguage\":\"en-US\",\"@id\":\"https:\\\/\\\/secure.gravatar.com\\\/avatar\\\/35a481bbc04bbd90e91bdfa3b0b5541036c222a49b9ad37b6889a2afcb5311a5?s=96&d=mm&r=g\",\"url\":\"https:\\\/\\\/secure.gravatar.com\\\/avatar\\\/35a481bbc04bbd90e91bdfa3b0b5541036c222a49b9ad37b6889a2afcb5311a5?s=96&d=mm&r=g\",\"contentUrl\":\"https:\\\/\\\/secure.gravatar.com\\\/avatar\\\/35a481bbc04bbd90e91bdfa3b0b5541036c222a49b9ad37b6889a2afcb5311a5?s=96&d=mm&r=g\",\"caption\":\"BECA 2 CDE\"},\"sameAs\":[\"http:\\\/\\\/www.cdealmeria.com\"]}]}<\/script>\n<!-- \/ Yoast SEO plugin. -->","yoast_head_json":{"title":"PhD International Relations at the University of Nebrija | CDE Almer\u00eda - Centro de Documentaci\u00f3n Europea - Universidad de Almer\u00eda","robots":{"index":"index","follow":"follow","max-snippet":"max-snippet:-1","max-image-preview":"max-image-preview:large","max-video-preview":"max-video-preview:-1"},"canonical":"https:\/\/www.cde.ual.es\/en\/phd-international-relations-at-the-university-of-nebrija\/","og_locale":"en_US","og_type":"article","og_title":"PhD International Relations at the University of Nebrija | CDE Almer\u00eda - Centro de Documentaci\u00f3n Europea - Universidad de Almer\u00eda","og_description":"The University of Nebrija is seeking highly qualified candidates for a position in the Faculty of Social Science. The professor will be expected to make significant contributions to all activities in the discipline through teaching, research and services. With a strong academic track record, the professor needs to be in possession of a background in [&hellip;]","og_url":"https:\/\/www.cde.ual.es\/en\/phd-international-relations-at-the-university-of-nebrija\/","og_site_name":"CDE Almer\u00eda - Centro de Documentaci\u00f3n Europea - Universidad de Almer\u00eda","article_publisher":"https:\/\/www.facebook.com\/cdeuniversidadalmeria\/","article_published_time":"2020-03-04T02:00:03+00:00","article_modified_time":"2021-12-11T21:50:32+00:00","og_image":[{"width":1920,"height":1279,"url":"https:\/\/www.cde.ual.es\/wp-content\/uploads\/2020\/02\/laptop-2562325_1920-1.jpg","type":"image\/jpeg"}],"author":"BECA 2 CDE","twitter_card":"summary_large_image","twitter_creator":"@cdeualmeria","twitter_site":"@cdeualmeria","twitter_misc":{"Written by":"BECA 2 CDE","Est. reading time":"1 minute"},"schema":{"@context":"https:\/\/schema.org","@graph":[{"@type":"Article","@id":"https:\/\/www.cde.ual.es\/en\/phd-international-relations-at-the-university-of-nebrija\/#article","isPartOf":{"@id":"https:\/\/www.cde.ual.es\/en\/phd-international-relations-at-the-university-of-nebrija\/"},"author":{"name":"BECA 2 CDE","@id":"https:\/\/www.cde.ual.es\/#\/schema\/person\/ee46ebc19edfa19598c02cff83335acc"},"headline":"PhD International Relations at the University of Nebrija","datePublished":"2020-03-04T02:00:03+00:00","dateModified":"2021-12-11T21:50:32+00:00","mainEntityOfPage":{"@id":"https:\/\/www.cde.ual.es\/en\/phd-international-relations-at-the-university-of-nebrija\/"},"wordCount":229,"commentCount":0,"publisher":{"@id":"https:\/\/www.cde.ual.es\/#organization"},"image":{"@id":"https:\/\/www.cde.ual.es\/en\/phd-international-relations-at-the-university-of-nebrija\/#primaryimage"},"thumbnailUrl":"https:\/\/www.cde.ual.es\/wp-content\/uploads\/2020\/02\/laptop-2562325_1920-1.jpg","keywords":["Euraxess","International law","Juridical sciences","Spain"],"articleSection":["EU Calls and Awards","Euraxess","Social and Legal Sciences"],"inLanguage":"en-US","potentialAction":[{"@type":"CommentAction","name":"Comment","target":["https:\/\/www.cde.ual.es\/en\/phd-international-relations-at-the-university-of-nebrija\/#respond"]}]},{"@type":"WebPage","@id":"https:\/\/www.cde.ual.es\/en\/phd-international-relations-at-the-university-of-nebrija\/","url":"https:\/\/www.cde.ual.es\/en\/phd-international-relations-at-the-university-of-nebrija\/","name":"PhD International Relations at the University of Nebrija | CDE Almer\u00eda - Centro de Documentaci\u00f3n Europea - Universidad de Almer\u00eda","isPartOf":{"@id":"https:\/\/www.cde.ual.es\/#website"},"primaryImageOfPage":{"@id":"https:\/\/www.cde.ual.es\/en\/phd-international-relations-at-the-university-of-nebrija\/#primaryimage"},"image":{"@id":"https:\/\/www.cde.ual.es\/en\/phd-international-relations-at-the-university-of-nebrija\/#primaryimage"},"thumbnailUrl":"https:\/\/www.cde.ual.es\/wp-content\/uploads\/2020\/02\/laptop-2562325_1920-1.jpg","datePublished":"2020-03-04T02:00:03+00:00","dateModified":"2021-12-11T21:50:32+00:00","breadcrumb":{"@id":"https:\/\/www.cde.ual.es\/en\/phd-international-relations-at-the-university-of-nebrija\/#breadcrumb"},"inLanguage":"en-US","potentialAction":[{"@type":"ReadAction","target":["https:\/\/www.cde.ual.es\/en\/phd-international-relations-at-the-university-of-nebrija\/"]}]},{"@type":"ImageObject","inLanguage":"en-US","@id":"https:\/\/www.cde.ual.es\/en\/phd-international-relations-at-the-university-of-nebrija\/#primaryimage","url":"https:\/\/www.cde.ual.es\/wp-content\/uploads\/2020\/02\/laptop-2562325_1920-1.jpg","contentUrl":"https:\/\/www.cde.ual.es\/wp-content\/uploads\/2020\/02\/laptop-2562325_1920-1.jpg","width":1920,"height":1279,"caption":"Seminar 'Research in Europe'"},{"@type":"BreadcrumbList","@id":"https:\/\/www.cde.ual.es\/en\/phd-international-relations-at-the-university-of-nebrija\/#breadcrumb","itemListElement":[{"@type":"ListItem","position":1,"name":"Inicio","item":"https:\/\/www.cde.ual.es\/en\/"},{"@type":"ListItem","position":2,"name":"EU Calls and Awards","item":"https:\/\/www.cde.ual.es\/en\/category\/eu-calls-and-awards\/"},{"@type":"ListItem","position":3,"name":"PhD International Relations at the University of Nebrija"}]},{"@type":"WebSite","@id":"https:\/\/www.cde.ual.es\/#website","url":"https:\/\/www.cde.ual.es\/","name":"CDE Almer\u00eda - Centro de Documentaci\u00f3n Europea - Universidad de Almer\u00eda","description":"Centro de Documentaci\u00f3n Europea de la Universidad de Almer\u00eda","publisher":{"@id":"https:\/\/www.cde.ual.es\/#organization"},"alternateName":"CDE Almer\u00eda","potentialAction":[{"@type":"SearchAction","target":{"@type":"EntryPoint","urlTemplate":"https:\/\/www.cde.ual.es\/?s={search_term_string}"},"query-input":{"@type":"PropertyValueSpecification","valueRequired":true,"valueName":"search_term_string"}}],"inLanguage":"en-US"},{"@type":"Organization","@id":"https:\/\/www.cde.ual.es\/#organization","name":"Centro de Documentaci\u00f3n Europea de Almer\u00eda","url":"https:\/\/www.cde.ual.es\/","logo":{"@type":"ImageObject","inLanguage":"en-US","@id":"https:\/\/www.cde.ual.es\/#\/schema\/logo\/image\/","url":"https:\/\/www.cde.ual.es\/wp-content\/uploads\/2025\/07\/cde-logo-3.png","contentUrl":"https:\/\/www.cde.ual.es\/wp-content\/uploads\/2025\/07\/cde-logo-3.png","width":1400,"height":300,"caption":"Centro de Documentaci\u00f3n Europea de Almer\u00eda"},"image":{"@id":"https:\/\/www.cde.ual.es\/#\/schema\/logo\/image\/"},"sameAs":["https:\/\/www.facebook.com\/cdeuniversidadalmeria\/","https:\/\/x.com\/cdeualmeria","https:\/\/www.tiktok.com\/@cdealmeria","https:\/\/www.instagram.com\/cdealmeria\/","https:\/\/www.linkedin.com\/in\/cde-almera-812b26a9\/"]},{"@type":"Person","@id":"https:\/\/www.cde.ual.es\/#\/schema\/person\/ee46ebc19edfa19598c02cff83335acc","name":"BECA 2 CDE","image":{"@type":"ImageObject","inLanguage":"en-US","@id":"https:\/\/secure.gravatar.com\/avatar\/35a481bbc04bbd90e91bdfa3b0b5541036c222a49b9ad37b6889a2afcb5311a5?s=96&d=mm&r=g","url":"https:\/\/secure.gravatar.com\/avatar\/35a481bbc04bbd90e91bdfa3b0b5541036c222a49b9ad37b6889a2afcb5311a5?s=96&d=mm&r=g","contentUrl":"https:\/\/secure.gravatar.com\/avatar\/35a481bbc04bbd90e91bdfa3b0b5541036c222a49b9ad37b6889a2afcb5311a5?s=96&d=mm&r=g","caption":"BECA 2 CDE"},"sameAs":["http:\/\/www.cdealmeria.com"]}]}},"_links":{"self":[{"href":"https:\/\/www.cde.ual.es\/en\/wp-json\/wp\/v2\/posts\/37135","targetHints":{"allow":["GET"]}}],"collection":[{"href":"https:\/\/www.cde.ual.es\/en\/wp-json\/wp\/v2\/posts"}],"about":[{"href":"https:\/\/www.cde.ual.es\/en\/wp-json\/wp\/v2\/types\/post"}],"author":[{"embeddable":true,"href":"https:\/\/www.cde.ual.es\/en\/wp-json\/wp\/v2\/users\/101011"}],"replies":[{"embeddable":true,"href":"https:\/\/www.cde.ual.es\/en\/wp-json\/wp\/v2\/comments?post=37135"}],"version-history":[{"count":0,"href":"https:\/\/www.cde.ual.es\/en\/wp-json\/wp\/v2\/posts\/37135\/revisions"}],"wp:featuredmedia":[{"embeddable":true,"href":"https:\/\/www.cde.ual.es\/en\/wp-json\/wp\/v2\/media\/36304"}],"wp:attachment":[{"href":"https:\/\/www.cde.ual.es\/en\/wp-json\/wp\/v2\/media?parent=37135"}],"wp:term":[{"taxonomy":"category","embeddable":true,"href":"https:\/\/www.cde.ual.es\/en\/wp-json\/wp\/v2\/categories?post=37135"},{"taxonomy":"post_tag","embeddable":true,"href":"https:\/\/www.cde.ual.es\/en\/wp-json\/wp\/v2\/tags?post=37135"}],"curies":[{"name":"wp","href":"https:\/\/api.w.org\/{rel}","templated":true}]}}