{"id":36691,"date":"2020-02-27T03:00:10","date_gmt":"2020-02-27T02:00:10","guid":{"rendered":"https:\/\/www.cde.ual.es\/?p=36691"},"modified":"2020-03-05T09:13:12","modified_gmt":"2020-03-05T08:13:12","slug":"prima-2020-information-day-at-the-university-of-almeria","status":"publish","type":"post","link":"https:\/\/www.cde.ual.es\/en\/prima-2020-information-day-at-the-university-of-almeria\/","title":{"rendered":"PRIMA Programme Call 2020 Information day at the University of Almer\u00eda"},"content":{"rendered":"<p><strong>On the occasion of the opening of PRIMA 2020, the University of Almeria has offered an information day.<\/strong><\/p>\n<p><a href=\"https:\/\/www.cde.ual.es\/wp-content\/uploads\/2020\/02\/vicerrector.png\"><img decoding=\"async\" class=\"size-medium wp-image-36687 aligncenter\" src=\"https:\/\/www.cde.ual.es\/wp-content\/uploads\/2020\/02\/vicerrector-300x241.png\" alt=\"\" width=\"300\" height=\"241\" \/><\/a><\/p>\n<p>&nbsp;<\/p>\n<p>On February 26th, the PRIMA call: sections 1 and 2, was presented at the University of Almeria in an information day.\u00a0PRIMA, as explained in <a href=\"https:\/\/www.cde.ual.es\/en\/prima-2020-call-partnership-for-research-and-innovation-in-the-mediterranean-area\/\">the 2020 call<\/a>,\u00a0aims to promote\u00a0research and innovation capacities and to develop knowledge and innovative solutions\u00a0to improve the efficiency, safety, security and sustainability of\u00a0agri-food systems\u00a0and\u00a0integrated water supply and management\u00a0in the Mediterranean region.<\/p>\n<p><a href=\"https:\/\/www.cde.ual.es\/wp-content\/uploads\/2020\/02\/20200226_105245-1.jpg\"><img decoding=\"async\" class=\"size-medium wp-image-36762 aligncenter\" src=\"https:\/\/www.cde.ual.es\/wp-content\/uploads\/2020\/02\/20200226_105245-1-300x225.jpg\" alt=\"Convocatoria PPRIMA 2020 Universidad de Almeria\" width=\"300\" height=\"225\" srcset=\"https:\/\/www.cde.ual.es\/wp-content\/uploads\/2020\/02\/20200226_105245-1-300x225.jpg 300w, https:\/\/www.cde.ual.es\/wp-content\/uploads\/2020\/02\/20200226_105245-1-768x576.jpg 768w, https:\/\/www.cde.ual.es\/wp-content\/uploads\/2020\/02\/20200226_105245-1-1024x768.jpg 1024w\" sizes=\"(max-width: 300px) 100vw, 300px\" \/><\/a><\/p>\n<p>The Vice-rector of Research and Innovation of the University of Almeria, Diego Valera, together with the General Director of PITA of Almeria, Diego Clemente, and Antonio Palanco, Director of the Andalusian Agency of Knowledge (AAC) and moderator of the conference, welcomed the attendees to this information day.<\/p>\n<p>In this information day, aimed at companies, universities and other public research bodies, the opportunities for funding projects in the PRIMA programme: sections 1 and 2 were discussed, and recommendations were offered for the preparation of proposals.\u00a0In addition, CDTI funding mechanisms for cooperation in North Africa and the East were discussed, and projects of sections 1 and 2 funded by the PRIMA programme were presented. The importance of the support offered by the Enterprise Europe Network (EEN) for international technological cooperation was also explained.<\/p>\n<h3>Presentations<\/h3>\n<ul>\n<li><a href=\"https:\/\/www.slideshare.net\/agenciadelconocimiento\/prima2020-infoday-almeria\" target=\"_blank\" rel=\"noopener\" data-saferedirecturl=\"https:\/\/www.google.com\/url?q=https:\/\/www.slideshare.net\/agenciadelconocimiento\/prima2020-infoday-almeria&amp;source=gmail&amp;ust=1583231468260000&amp;usg=AFQjCNHPRuzyI1MSSQ-ALQFG2V9ZAYXh8Q\">Jos\u00e9 Manuel Dur\u00e1n (CDTI) &#8211; Presentaci\u00f3n convocatoria PRIMA 2020<\/a><\/li>\n<li><a href=\"https:\/\/www.slideshare.net\/agenciadelconocimiento\/cdti-norte-africaorientemedio\" target=\"_blank\" rel=\"noopener\" data-saferedirecturl=\"https:\/\/www.google.com\/url?q=https:\/\/www.slideshare.net\/agenciadelconocimiento\/cdti-norte-africaorientemedio&amp;source=gmail&amp;ust=1583231468260000&amp;usg=AFQjCNHmUaDkHvs4le-UDfyGiDWN3awbcQ\">Jos\u00e9 Manuel Dur\u00e1n (CDTI) &#8211; Proyectos de cooperaci\u00f3n Norte de \u00c1frica y Oriente Medio<\/a><\/li>\n<li><a href=\"https:\/\/www.slideshare.net\/agenciadelconocimiento\/sustainolive-roberto-garcia-229319083\" target=\"_blank\" rel=\"noopener\" data-saferedirecturl=\"https:\/\/www.google.com\/url?q=https:\/\/www.slideshare.net\/agenciadelconocimiento\/sustainolive-roberto-garcia-229319083&amp;source=gmail&amp;ust=1583231468260000&amp;usg=AFQjCNFb_32SXSl-oMXEtTyrEybJN0Y2-A\">Roberto Garc\u00eda &#8211; Proyecto Sustainolive (secci\u00f3n 1 PRIMA)<\/a><\/li>\n<li><a href=\"https:\/\/www.slideshare.net\/agenciadelconocimiento\/medwaterice-concepcion-mira\" target=\"_blank\" rel=\"noopener\" data-saferedirecturl=\"https:\/\/www.google.com\/url?q=https:\/\/www.slideshare.net\/agenciadelconocimiento\/medwaterice-concepcion-mira&amp;source=gmail&amp;ust=1583231468260000&amp;usg=AFQjCNEG1IZAprAvGxyKUqqnv-zGWRZWLg\">Concepci\u00f3n Mira &#8211; Proyecto Medwaterice (secci\u00f3n 2 PRIMA)<\/a><\/li>\n<li><a href=\"https:\/\/www.slideshare.net\/agenciadelconocimiento\/een-busquedas-socioscristinacabeza\" target=\"_blank\" rel=\"noopener\" data-saferedirecturl=\"https:\/\/www.google.com\/url?q=https:\/\/www.slideshare.net\/agenciadelconocimiento\/een-busquedas-socioscristinacabeza&amp;source=gmail&amp;ust=1583231468260000&amp;usg=AFQjCNH8JcHJMJm_JFiem-xnRkg-OzeMmQ\">Cristina Cabeza (Agencia Andaluza del Conocimiento) &#8211; Servicios EEN cooperaci\u00f3n internacional<\/a><\/li>\n<\/ul>\n<h3>More information<\/h3>\n<ul>\n<li><a href=\"https:\/\/www.cde.ual.es\/jornada-informativa-prima-2020-proyectos-de-cooperacion-en-paises-en-vias-de-desarrollo\/\">Interview with Jos\u00e9 Manuel Dur\u00e1n, Delegate for North Africa and the Middle East (CDTI)<\/a><\/li>\n<li><a href=\"https:\/\/www.cde.ual.es\/jornada-informativa-prima-2020-la-red-enterprise-europe-network-een\/\">Interview with Cristina Cabeza, advisor and project manager of the Enterprise Europe Network (EEN)<\/a><\/li>\n<\/ul>\n","protected":false},"excerpt":{"rendered":"<p>On the occasion of the opening of PRIMA 2020, the University of Almeria has offered an information day. &nbsp; On February 26th, the PRIMA call: sections 1 and 2, was presented at the University of Almeria in an information day.\u00a0PRIMA, as explained in the 2020 call,\u00a0aims to promote\u00a0research and innovation capacities and to develop knowledge [&hellip;]<\/p>\n","protected":false},"author":101012,"featured_media":36688,"comment_status":"open","ping_status":"open","sticky":false,"template":"","format":"standard","meta":{"_acf_changed":false,"_relevanssi_hide_post":"","_relevanssi_hide_content":"","_relevanssi_pin_for_all":"","_relevanssi_pin_keywords":"","_relevanssi_unpin_keywords":"","_relevanssi_related_keywords":"","_relevanssi_related_include_ids":"","_relevanssi_related_exclude_ids":"","_relevanssi_related_no_append":"","_relevanssi_related_not_related":"","_relevanssi_related_posts":"","_relevanssi_noindex_reason":"","_monsterinsights_skip_tracking":false,"_monsterinsights_sitenote_active":false,"_monsterinsights_sitenote_note":"","_monsterinsights_sitenote_category":0,"_genesis_hide_title":false,"_genesis_hide_breadcrumbs":false,"_genesis_hide_singular_image":false,"_genesis_hide_footer_widgets":false,"_genesis_custom_body_class":"","_genesis_custom_post_class":"","_genesis_layout":"","footnotes":""},"categories":[346],"tags":[],"class_list":{"0":"post-36691","1":"post","2":"type-post","3":"status-publish","4":"format-standard","5":"has-post-thumbnail","7":"category-eu-news","8":"entry"},"acf":[],"yoast_head":"<!-- This site is optimized with the Yoast SEO plugin v27.5 - https:\/\/yoast.com\/product\/yoast-seo-wordpress\/ -->\n<title>PRIMA Programme Call 2020 Information day at the University of Almer\u00eda | CDE Almer\u00eda - Centro de Documentaci\u00f3n Europea - Universidad de Almer\u00eda<\/title>\n<meta name=\"robots\" content=\"index, follow, max-snippet:-1, max-image-preview:large, max-video-preview:-1\" \/>\n<link rel=\"canonical\" href=\"https:\/\/www.cde.ual.es\/en\/prima-2020-information-day-at-the-university-of-almeria\/\" \/>\n<meta property=\"og:locale\" content=\"en_US\" \/>\n<meta property=\"og:type\" content=\"article\" \/>\n<meta property=\"og:title\" content=\"PRIMA Programme Call 2020 Information day at the University of Almer\u00eda | CDE Almer\u00eda - Centro de Documentaci\u00f3n Europea - Universidad de Almer\u00eda\" \/>\n<meta property=\"og:description\" content=\"On the occasion of the opening of PRIMA 2020, the University of Almeria has offered an information day. &nbsp; On February 26th, the PRIMA call: sections 1 and 2, was presented at the University of Almeria in an information day.\u00a0PRIMA, as explained in the 2020 call,\u00a0aims to promote\u00a0research and innovation capacities and to develop knowledge [&hellip;]\" \/>\n<meta property=\"og:url\" content=\"https:\/\/www.cde.ual.es\/en\/prima-2020-information-day-at-the-university-of-almeria\/\" \/>\n<meta property=\"og:site_name\" content=\"CDE Almer\u00eda - Centro de Documentaci\u00f3n Europea - Universidad de Almer\u00eda\" \/>\n<meta property=\"article:publisher\" content=\"https:\/\/www.facebook.com\/cdeuniversidadalmeria\/\" \/>\n<meta property=\"article:published_time\" content=\"2020-02-27T02:00:10+00:00\" \/>\n<meta property=\"article:modified_time\" content=\"2020-03-05T08:13:12+00:00\" \/>\n<meta property=\"og:image\" content=\"https:\/\/www.cde.ual.es\/wp-content\/uploads\/2020\/02\/vicerrector-1024x824.png\" \/>\n\t<meta property=\"og:image:width\" content=\"1024\" \/>\n\t<meta property=\"og:image:height\" content=\"824\" \/>\n\t<meta property=\"og:image:type\" content=\"image\/png\" \/>\n<meta name=\"author\" content=\"BECACDE1\" \/>\n<meta name=\"twitter:card\" content=\"summary_large_image\" \/>\n<meta name=\"twitter:creator\" content=\"@cdeualmeria\" \/>\n<meta name=\"twitter:site\" content=\"@cdeualmeria\" \/>\n<meta name=\"twitter:label1\" content=\"Written by\" \/>\n\t<meta name=\"twitter:data1\" content=\"BECACDE1\" \/>\n\t<meta name=\"twitter:label2\" content=\"Est. reading time\" \/>\n\t<meta name=\"twitter:data2\" content=\"1 minute\" \/>\n<script type=\"application\/ld+json\" class=\"yoast-schema-graph\">{\"@context\":\"https:\\\/\\\/schema.org\",\"@graph\":[{\"@type\":\"Article\",\"@id\":\"https:\\\/\\\/www.cde.ual.es\\\/en\\\/prima-2020-information-day-at-the-university-of-almeria\\\/#article\",\"isPartOf\":{\"@id\":\"https:\\\/\\\/www.cde.ual.es\\\/en\\\/prima-2020-information-day-at-the-university-of-almeria\\\/\"},\"author\":{\"name\":\"BECACDE1\",\"@id\":\"https:\\\/\\\/www.cde.ual.es\\\/#\\\/schema\\\/person\\\/bf2f837cf3353e2161fe1087adbd728f\"},\"headline\":\"PRIMA Programme Call 2020 Information day at the University of Almer\u00eda\",\"datePublished\":\"2020-02-27T02:00:10+00:00\",\"dateModified\":\"2020-03-05T08:13:12+00:00\",\"mainEntityOfPage\":{\"@id\":\"https:\\\/\\\/www.cde.ual.es\\\/en\\\/prima-2020-information-day-at-the-university-of-almeria\\\/\"},\"wordCount\":305,\"commentCount\":0,\"publisher\":{\"@id\":\"https:\\\/\\\/www.cde.ual.es\\\/#organization\"},\"image\":{\"@id\":\"https:\\\/\\\/www.cde.ual.es\\\/en\\\/prima-2020-information-day-at-the-university-of-almeria\\\/#primaryimage\"},\"thumbnailUrl\":\"https:\\\/\\\/www.cde.ual.es\\\/wp-content\\\/uploads\\\/2020\\\/02\\\/vicerrector.png\",\"articleSection\":[\"EU News\"],\"inLanguage\":\"en-US\",\"potentialAction\":[{\"@type\":\"CommentAction\",\"name\":\"Comment\",\"target\":[\"https:\\\/\\\/www.cde.ual.es\\\/en\\\/prima-2020-information-day-at-the-university-of-almeria\\\/#respond\"]}]},{\"@type\":\"WebPage\",\"@id\":\"https:\\\/\\\/www.cde.ual.es\\\/en\\\/prima-2020-information-day-at-the-university-of-almeria\\\/\",\"url\":\"https:\\\/\\\/www.cde.ual.es\\\/en\\\/prima-2020-information-day-at-the-university-of-almeria\\\/\",\"name\":\"PRIMA Programme Call 2020 Information day at the University of Almer\u00eda | CDE Almer\u00eda - Centro de Documentaci\u00f3n Europea - Universidad de Almer\u00eda\",\"isPartOf\":{\"@id\":\"https:\\\/\\\/www.cde.ual.es\\\/#website\"},\"primaryImageOfPage\":{\"@id\":\"https:\\\/\\\/www.cde.ual.es\\\/en\\\/prima-2020-information-day-at-the-university-of-almeria\\\/#primaryimage\"},\"image\":{\"@id\":\"https:\\\/\\\/www.cde.ual.es\\\/en\\\/prima-2020-information-day-at-the-university-of-almeria\\\/#primaryimage\"},\"thumbnailUrl\":\"https:\\\/\\\/www.cde.ual.es\\\/wp-content\\\/uploads\\\/2020\\\/02\\\/vicerrector.png\",\"datePublished\":\"2020-02-27T02:00:10+00:00\",\"dateModified\":\"2020-03-05T08:13:12+00:00\",\"breadcrumb\":{\"@id\":\"https:\\\/\\\/www.cde.ual.es\\\/en\\\/prima-2020-information-day-at-the-university-of-almeria\\\/#breadcrumb\"},\"inLanguage\":\"en-US\",\"potentialAction\":[{\"@type\":\"ReadAction\",\"target\":[\"https:\\\/\\\/www.cde.ual.es\\\/en\\\/prima-2020-information-day-at-the-university-of-almeria\\\/\"]}]},{\"@type\":\"ImageObject\",\"inLanguage\":\"en-US\",\"@id\":\"https:\\\/\\\/www.cde.ual.es\\\/en\\\/prima-2020-information-day-at-the-university-of-almeria\\\/#primaryimage\",\"url\":\"https:\\\/\\\/www.cde.ual.es\\\/wp-content\\\/uploads\\\/2020\\\/02\\\/vicerrector.png\",\"contentUrl\":\"https:\\\/\\\/www.cde.ual.es\\\/wp-content\\\/uploads\\\/2020\\\/02\\\/vicerrector.png\",\"width\":3019,\"height\":2429},{\"@type\":\"BreadcrumbList\",\"@id\":\"https:\\\/\\\/www.cde.ual.es\\\/en\\\/prima-2020-information-day-at-the-university-of-almeria\\\/#breadcrumb\",\"itemListElement\":[{\"@type\":\"ListItem\",\"position\":1,\"name\":\"Inicio\",\"item\":\"https:\\\/\\\/www.cde.ual.es\\\/en\\\/\"},{\"@type\":\"ListItem\",\"position\":2,\"name\":\"EU News\",\"item\":\"https:\\\/\\\/www.cde.ual.es\\\/en\\\/category\\\/eu-news\\\/\"},{\"@type\":\"ListItem\",\"position\":3,\"name\":\"PRIMA Programme Call 2020 Information day at the University of Almer\u00eda\"}]},{\"@type\":\"WebSite\",\"@id\":\"https:\\\/\\\/www.cde.ual.es\\\/#website\",\"url\":\"https:\\\/\\\/www.cde.ual.es\\\/\",\"name\":\"CDE Almer\u00eda - Centro de Documentaci\u00f3n Europea - Universidad de Almer\u00eda\",\"description\":\"Centro de Documentaci\u00f3n Europea de la Universidad de Almer\u00eda\",\"publisher\":{\"@id\":\"https:\\\/\\\/www.cde.ual.es\\\/#organization\"},\"alternateName\":\"CDE Almer\u00eda\",\"potentialAction\":[{\"@type\":\"SearchAction\",\"target\":{\"@type\":\"EntryPoint\",\"urlTemplate\":\"https:\\\/\\\/www.cde.ual.es\\\/?s={search_term_string}\"},\"query-input\":{\"@type\":\"PropertyValueSpecification\",\"valueRequired\":true,\"valueName\":\"search_term_string\"}}],\"inLanguage\":\"en-US\"},{\"@type\":\"Organization\",\"@id\":\"https:\\\/\\\/www.cde.ual.es\\\/#organization\",\"name\":\"Centro de Documentaci\u00f3n Europea de Almer\u00eda\",\"url\":\"https:\\\/\\\/www.cde.ual.es\\\/\",\"logo\":{\"@type\":\"ImageObject\",\"inLanguage\":\"en-US\",\"@id\":\"https:\\\/\\\/www.cde.ual.es\\\/#\\\/schema\\\/logo\\\/image\\\/\",\"url\":\"https:\\\/\\\/www.cde.ual.es\\\/wp-content\\\/uploads\\\/2025\\\/07\\\/cde-logo-3.png\",\"contentUrl\":\"https:\\\/\\\/www.cde.ual.es\\\/wp-content\\\/uploads\\\/2025\\\/07\\\/cde-logo-3.png\",\"width\":1400,\"height\":300,\"caption\":\"Centro de Documentaci\u00f3n Europea de Almer\u00eda\"},\"image\":{\"@id\":\"https:\\\/\\\/www.cde.ual.es\\\/#\\\/schema\\\/logo\\\/image\\\/\"},\"sameAs\":[\"https:\\\/\\\/www.facebook.com\\\/cdeuniversidadalmeria\\\/\",\"https:\\\/\\\/x.com\\\/cdeualmeria\",\"https:\\\/\\\/www.tiktok.com\\\/@cdealmeria\",\"https:\\\/\\\/www.instagram.com\\\/cdealmeria\\\/\",\"https:\\\/\\\/www.linkedin.com\\\/in\\\/cde-almera-812b26a9\\\/\"]},{\"@type\":\"Person\",\"@id\":\"https:\\\/\\\/www.cde.ual.es\\\/#\\\/schema\\\/person\\\/bf2f837cf3353e2161fe1087adbd728f\",\"name\":\"BECACDE1\",\"image\":{\"@type\":\"ImageObject\",\"inLanguage\":\"en-US\",\"@id\":\"https:\\\/\\\/secure.gravatar.com\\\/avatar\\\/16a4c1e422b5dec818ee13eab3353b19db9cfd278cc10f9b0e1188a37671d9d4?s=96&d=mm&r=g\",\"url\":\"https:\\\/\\\/secure.gravatar.com\\\/avatar\\\/16a4c1e422b5dec818ee13eab3353b19db9cfd278cc10f9b0e1188a37671d9d4?s=96&d=mm&r=g\",\"contentUrl\":\"https:\\\/\\\/secure.gravatar.com\\\/avatar\\\/16a4c1e422b5dec818ee13eab3353b19db9cfd278cc10f9b0e1188a37671d9d4?s=96&d=mm&r=g\",\"caption\":\"BECACDE1\"},\"sameAs\":[\"http:\\\/\\\/www.cdealmeria.com\"]}]}<\/script>\n<!-- \/ Yoast SEO plugin. -->","yoast_head_json":{"title":"PRIMA Programme Call 2020 Information day at the University of Almer\u00eda | CDE Almer\u00eda - Centro de Documentaci\u00f3n Europea - Universidad de Almer\u00eda","robots":{"index":"index","follow":"follow","max-snippet":"max-snippet:-1","max-image-preview":"max-image-preview:large","max-video-preview":"max-video-preview:-1"},"canonical":"https:\/\/www.cde.ual.es\/en\/prima-2020-information-day-at-the-university-of-almeria\/","og_locale":"en_US","og_type":"article","og_title":"PRIMA Programme Call 2020 Information day at the University of Almer\u00eda | CDE Almer\u00eda - Centro de Documentaci\u00f3n Europea - Universidad de Almer\u00eda","og_description":"On the occasion of the opening of PRIMA 2020, the University of Almeria has offered an information day. &nbsp; On February 26th, the PRIMA call: sections 1 and 2, was presented at the University of Almeria in an information day.\u00a0PRIMA, as explained in the 2020 call,\u00a0aims to promote\u00a0research and innovation capacities and to develop knowledge [&hellip;]","og_url":"https:\/\/www.cde.ual.es\/en\/prima-2020-information-day-at-the-university-of-almeria\/","og_site_name":"CDE Almer\u00eda - Centro de Documentaci\u00f3n Europea - Universidad de Almer\u00eda","article_publisher":"https:\/\/www.facebook.com\/cdeuniversidadalmeria\/","article_published_time":"2020-02-27T02:00:10+00:00","article_modified_time":"2020-03-05T08:13:12+00:00","og_image":[{"width":1024,"height":824,"url":"https:\/\/www.cde.ual.es\/wp-content\/uploads\/2020\/02\/vicerrector-1024x824.png","type":"image\/png"}],"author":"BECACDE1","twitter_card":"summary_large_image","twitter_creator":"@cdeualmeria","twitter_site":"@cdeualmeria","twitter_misc":{"Written by":"BECACDE1","Est. reading time":"1 minute"},"schema":{"@context":"https:\/\/schema.org","@graph":[{"@type":"Article","@id":"https:\/\/www.cde.ual.es\/en\/prima-2020-information-day-at-the-university-of-almeria\/#article","isPartOf":{"@id":"https:\/\/www.cde.ual.es\/en\/prima-2020-information-day-at-the-university-of-almeria\/"},"author":{"name":"BECACDE1","@id":"https:\/\/www.cde.ual.es\/#\/schema\/person\/bf2f837cf3353e2161fe1087adbd728f"},"headline":"PRIMA Programme Call 2020 Information day at the University of Almer\u00eda","datePublished":"2020-02-27T02:00:10+00:00","dateModified":"2020-03-05T08:13:12+00:00","mainEntityOfPage":{"@id":"https:\/\/www.cde.ual.es\/en\/prima-2020-information-day-at-the-university-of-almeria\/"},"wordCount":305,"commentCount":0,"publisher":{"@id":"https:\/\/www.cde.ual.es\/#organization"},"image":{"@id":"https:\/\/www.cde.ual.es\/en\/prima-2020-information-day-at-the-university-of-almeria\/#primaryimage"},"thumbnailUrl":"https:\/\/www.cde.ual.es\/wp-content\/uploads\/2020\/02\/vicerrector.png","articleSection":["EU News"],"inLanguage":"en-US","potentialAction":[{"@type":"CommentAction","name":"Comment","target":["https:\/\/www.cde.ual.es\/en\/prima-2020-information-day-at-the-university-of-almeria\/#respond"]}]},{"@type":"WebPage","@id":"https:\/\/www.cde.ual.es\/en\/prima-2020-information-day-at-the-university-of-almeria\/","url":"https:\/\/www.cde.ual.es\/en\/prima-2020-information-day-at-the-university-of-almeria\/","name":"PRIMA Programme Call 2020 Information day at the University of Almer\u00eda | CDE Almer\u00eda - Centro de Documentaci\u00f3n Europea - Universidad de Almer\u00eda","isPartOf":{"@id":"https:\/\/www.cde.ual.es\/#website"},"primaryImageOfPage":{"@id":"https:\/\/www.cde.ual.es\/en\/prima-2020-information-day-at-the-university-of-almeria\/#primaryimage"},"image":{"@id":"https:\/\/www.cde.ual.es\/en\/prima-2020-information-day-at-the-university-of-almeria\/#primaryimage"},"thumbnailUrl":"https:\/\/www.cde.ual.es\/wp-content\/uploads\/2020\/02\/vicerrector.png","datePublished":"2020-02-27T02:00:10+00:00","dateModified":"2020-03-05T08:13:12+00:00","breadcrumb":{"@id":"https:\/\/www.cde.ual.es\/en\/prima-2020-information-day-at-the-university-of-almeria\/#breadcrumb"},"inLanguage":"en-US","potentialAction":[{"@type":"ReadAction","target":["https:\/\/www.cde.ual.es\/en\/prima-2020-information-day-at-the-university-of-almeria\/"]}]},{"@type":"ImageObject","inLanguage":"en-US","@id":"https:\/\/www.cde.ual.es\/en\/prima-2020-information-day-at-the-university-of-almeria\/#primaryimage","url":"https:\/\/www.cde.ual.es\/wp-content\/uploads\/2020\/02\/vicerrector.png","contentUrl":"https:\/\/www.cde.ual.es\/wp-content\/uploads\/2020\/02\/vicerrector.png","width":3019,"height":2429},{"@type":"BreadcrumbList","@id":"https:\/\/www.cde.ual.es\/en\/prima-2020-information-day-at-the-university-of-almeria\/#breadcrumb","itemListElement":[{"@type":"ListItem","position":1,"name":"Inicio","item":"https:\/\/www.cde.ual.es\/en\/"},{"@type":"ListItem","position":2,"name":"EU News","item":"https:\/\/www.cde.ual.es\/en\/category\/eu-news\/"},{"@type":"ListItem","position":3,"name":"PRIMA Programme Call 2020 Information day at the University of Almer\u00eda"}]},{"@type":"WebSite","@id":"https:\/\/www.cde.ual.es\/#website","url":"https:\/\/www.cde.ual.es\/","name":"CDE Almer\u00eda - Centro de Documentaci\u00f3n Europea - Universidad de Almer\u00eda","description":"Centro de Documentaci\u00f3n Europea de la Universidad de Almer\u00eda","publisher":{"@id":"https:\/\/www.cde.ual.es\/#organization"},"alternateName":"CDE Almer\u00eda","potentialAction":[{"@type":"SearchAction","target":{"@type":"EntryPoint","urlTemplate":"https:\/\/www.cde.ual.es\/?s={search_term_string}"},"query-input":{"@type":"PropertyValueSpecification","valueRequired":true,"valueName":"search_term_string"}}],"inLanguage":"en-US"},{"@type":"Organization","@id":"https:\/\/www.cde.ual.es\/#organization","name":"Centro de Documentaci\u00f3n Europea de Almer\u00eda","url":"https:\/\/www.cde.ual.es\/","logo":{"@type":"ImageObject","inLanguage":"en-US","@id":"https:\/\/www.cde.ual.es\/#\/schema\/logo\/image\/","url":"https:\/\/www.cde.ual.es\/wp-content\/uploads\/2025\/07\/cde-logo-3.png","contentUrl":"https:\/\/www.cde.ual.es\/wp-content\/uploads\/2025\/07\/cde-logo-3.png","width":1400,"height":300,"caption":"Centro de Documentaci\u00f3n Europea de Almer\u00eda"},"image":{"@id":"https:\/\/www.cde.ual.es\/#\/schema\/logo\/image\/"},"sameAs":["https:\/\/www.facebook.com\/cdeuniversidadalmeria\/","https:\/\/x.com\/cdeualmeria","https:\/\/www.tiktok.com\/@cdealmeria","https:\/\/www.instagram.com\/cdealmeria\/","https:\/\/www.linkedin.com\/in\/cde-almera-812b26a9\/"]},{"@type":"Person","@id":"https:\/\/www.cde.ual.es\/#\/schema\/person\/bf2f837cf3353e2161fe1087adbd728f","name":"BECACDE1","image":{"@type":"ImageObject","inLanguage":"en-US","@id":"https:\/\/secure.gravatar.com\/avatar\/16a4c1e422b5dec818ee13eab3353b19db9cfd278cc10f9b0e1188a37671d9d4?s=96&d=mm&r=g","url":"https:\/\/secure.gravatar.com\/avatar\/16a4c1e422b5dec818ee13eab3353b19db9cfd278cc10f9b0e1188a37671d9d4?s=96&d=mm&r=g","contentUrl":"https:\/\/secure.gravatar.com\/avatar\/16a4c1e422b5dec818ee13eab3353b19db9cfd278cc10f9b0e1188a37671d9d4?s=96&d=mm&r=g","caption":"BECACDE1"},"sameAs":["http:\/\/www.cdealmeria.com"]}]}},"_links":{"self":[{"href":"https:\/\/www.cde.ual.es\/en\/wp-json\/wp\/v2\/posts\/36691","targetHints":{"allow":["GET"]}}],"collection":[{"href":"https:\/\/www.cde.ual.es\/en\/wp-json\/wp\/v2\/posts"}],"about":[{"href":"https:\/\/www.cde.ual.es\/en\/wp-json\/wp\/v2\/types\/post"}],"author":[{"embeddable":true,"href":"https:\/\/www.cde.ual.es\/en\/wp-json\/wp\/v2\/users\/101012"}],"replies":[{"embeddable":true,"href":"https:\/\/www.cde.ual.es\/en\/wp-json\/wp\/v2\/comments?post=36691"}],"version-history":[{"count":0,"href":"https:\/\/www.cde.ual.es\/en\/wp-json\/wp\/v2\/posts\/36691\/revisions"}],"wp:featuredmedia":[{"embeddable":true,"href":"https:\/\/www.cde.ual.es\/en\/wp-json\/wp\/v2\/media\/36688"}],"wp:attachment":[{"href":"https:\/\/www.cde.ual.es\/en\/wp-json\/wp\/v2\/media?parent=36691"}],"wp:term":[{"taxonomy":"category","embeddable":true,"href":"https:\/\/www.cde.ual.es\/en\/wp-json\/wp\/v2\/categories?post=36691"},{"taxonomy":"post_tag","embeddable":true,"href":"https:\/\/www.cde.ual.es\/en\/wp-json\/wp\/v2\/tags?post=36691"}],"curies":[{"name":"wp","href":"https:\/\/api.w.org\/{rel}","templated":true}]}}