{"id":36316,"date":"2020-02-24T03:00:42","date_gmt":"2020-02-24T02:00:42","guid":{"rendered":"https:\/\/www.cde.ual.es\/?p=36316"},"modified":"2020-02-21T15:15:45","modified_gmt":"2020-02-21T14:15:45","slug":"statement-by-president-von-der-leyen-on-the-new-strategy-of-the-commission-shaping-the-digital-future-of-europe","status":"publish","type":"post","link":"https:\/\/www.cde.ual.es\/en\/statement-by-president-von-der-leyen-on-the-new-strategy-of-the-commission-shaping-the-digital-future-of-europe\/","title":{"rendered":"Statement by President von der Leyen on the new strategy of the Commission: shaping the digital future of Europe"},"content":{"rendered":"<p><span lang=\"en\">The EU pursues a digital strategy based on our fruitful history in terms of technology, innovation and ingenuity and anchored in the European values \u200b\u200bthat it projects on the international scene. The White Paper on artificial intelligence (AI) and the European data strategy presented today show that Europe can set global standards for technological development, giving priority to people.<\/span><\/p>\n<p><a href=\"https:\/\/www.cde.ual.es\/wp-content\/uploads\/2017\/12\/ursula-von-der-leyen.png\"><img decoding=\"async\" class=\"size-medium wp-image-22183 aligncenter\" src=\"https:\/\/www.cde.ual.es\/wp-content\/uploads\/2017\/12\/ursula-von-der-leyen-300x199.png\" alt=\"\" width=\"300\" height=\"199\" srcset=\"https:\/\/www.cde.ual.es\/wp-content\/uploads\/2017\/12\/ursula-von-der-leyen-300x199.png 300w, https:\/\/www.cde.ual.es\/wp-content\/uploads\/2017\/12\/ursula-von-der-leyen-768x508.png 768w, https:\/\/www.cde.ual.es\/wp-content\/uploads\/2017\/12\/ursula-von-der-leyen-1024x678.png 1024w, https:\/\/www.cde.ual.es\/wp-content\/uploads\/2017\/12\/ursula-von-der-leyen.png 1458w\" sizes=\"(max-width: 300px) 100vw, 300px\" \/><\/a><\/p>\n<p><span lang=\"en\">President von der Leyen presented a few days ago the digital strategy of the Commission and in her speech she highlighted:<\/span><\/p>\n<p><span lang=\"en\"><strong> White Paper for Artificial Intelligence and Data Strategy<\/strong> <\/span><\/p>\n<p><span lang=\"en\">Europe has a long history of technological success and innovation, with a strong and world-class industry. The digital strategy that has been aimed at connecting all these points and putting them in context. The intention of the Commission is that digital transformation drives the community economy and offers European solutions in the digital age. Artificial Intelligence can improve the daily lives of Europeans. Specifically, if we look at the health care sector, we know that we already use artificial intelligence for, for example, better diagnoses and offer earlier diagnoses. We know that this is crucial when it comes to, for example, cancer, or when we use robots for precision surgery. <\/span><\/p>\n<p><span lang=\"en\">But Artificial Intelligence is also key when we want to reach goals such as being climate neutral in 2050. For example in precision agriculture, it allows us to reduce pesticides, allows us to reduce fertilizers. Not only does AI improve our daily lives, but Europe is already leading the AI. Europe has a privileged position and you should also be aware of that: Europe produces 25% of all industrial robots. The EU is aware of the fact that things are moving so fast that we have to do more. Europe has a good advantage in the quality of the data we have, because Europe has a wide economic diversity with small and medium enterprises, what we call &#8220;Mittelstand&#8221;. The data that is collected daily in Europe is also very diverse and rich: industry data, commercial data, factory data, machines, cars, weather stations, you just have to name them.\u00a0<\/span><\/p>\n<p>The EU is pursuing a digital\u00a0<a href=\"https:\/\/ec.europa.eu\/info\/strategy\/priorities-2019-2024\/europe-fit-digital-age_en\">strategy<\/a>\u00a0that builds on our successful history of technology, innovation and ingenuity, vested in European values, and projecting them onto the international stage. The\u00a0<a href=\"https:\/\/ec.europa.eu\/info\/files\/white-paper-artificial-intelligence-european-approach-excellence-and-trust_en\">White Paper on Artificial Intelligence<\/a>\u00a0(AI) and the\u00a0<a href=\"https:\/\/ec.europa.eu\/info\/files\/communication-european-strategy-data_en\">European data strategy<\/a>\u00a0presented today show that Europe can set global standards on technological development while putting people first.<\/p>\n<h3>Questions and answers<\/h3>\n<p class=\"Sous-titre1\"><strong><span class=\"prdnormal\">Europe as the global leader of the digital transformation<\/span><\/strong><\/p>\n<p>Digital technologies considerably improve our lives, from better access to knowledge and content to how we do business, communicate or buy goods and services. The EU must ensure that the digital transformation works for the benefit of all people, not just a few. Citizens should have the opportunity to flourish, choose freely, engage in society and at the same time feel safe online. Businesses should benefit from a framework that allows them to start up, scale up, pool data, innovate and compete with large companies on fair terms. Society should benefit from social and environmental sustainability, and a secure digital environment that respects privacy, dignity, integrity and other rights in full transparency.<\/p>\n<p><strong>What does the strategy say?<\/strong><\/p>\n<p>Over the next five years, the Commission will focus on three key objectives to promote technological solutions that will help Europe pursue its own way towards a digital transformation that works for the benefit of people and respects our fundamental values<\/p>\n<p><strong>How will the EU fund the proposals on AI\u00a0<\/strong><strong>and data?<\/strong><\/p>\n<p>The required investments will be channelled from the\u00a0<a href=\"https:\/\/ec.europa.eu\/digital-single-market\/en\/news\/digital-europe-programme-proposed-eu92-billion-funding-2021-2027\">Digital Europe programme<\/a>\u00a0(DEP),\u00a0<a href=\"https:\/\/ec.europa.eu\/digital-single-market\/en\/news\/connecting-europe-facility-cef2-digital-draft-orientations-towards-implementation-roadmap\">the Connecting Europe Facility 2<\/a>\u00a0and\u00a0<a href=\"https:\/\/ec.europa.eu\/info\/horizon-europe-next-research-and-innovation-framework-programme_en\">Horizon Europe<\/a>. For Horizon Europe, the Commission proposed to invest \u20ac15 billion in the \u2018Digital, Industry and Space&#8217; cluster, with AI as a key activity to be supported. As part of DEP, the European Commission proposed to invest almost \u20ac2.5 billion in deploying data platforms and AI applications.<\/p>\n<p><strong>How can technology support the European Green Deal?<\/strong><\/p>\n<p>Digital technologies are a critical enabler for the Green Deal, the EU&#8217;s new growth strategy to become the world&#8217;s first climate-neutral continent by 2050. For example, they can increase energy efficiency by tracking when and where electricity is most needed. Smart heating could help us save the equivalent of 6 million tonnes of oil, and farmers will be able to use fewer pesticides and fertilisers thanks to data and AI.<\/p>\n<h3>More information<\/h3>\n<p><a href=\"https:\/\/ec.europa.eu\/commission\/presscorner\/detail\/en\/SPEECH_20_294\">Press release<\/a><\/p>\n<p><a href=\"https:\/\/ec.europa.eu\/commission\/presscorner\/detail\/en\/qanda_20_264\">Questions and answers<\/a><\/p>\n","protected":false},"excerpt":{"rendered":"<p>The EU pursues a digital strategy based on our fruitful history in terms of technology, innovation and ingenuity and anchored in the European values \u200b\u200bthat it projects on the international scene. The White Paper on artificial intelligence (AI) and the European data strategy presented today show that Europe can set global standards for technological development, [&hellip;]<\/p>\n","protected":false},"author":1,"featured_media":22183,"comment_status":"open","ping_status":"open","sticky":false,"template":"","format":"standard","meta":{"_acf_changed":false,"_relevanssi_hide_post":"","_relevanssi_hide_content":"","_relevanssi_pin_for_all":"","_relevanssi_pin_keywords":"","_relevanssi_unpin_keywords":"","_relevanssi_related_keywords":"","_relevanssi_related_include_ids":"","_relevanssi_related_exclude_ids":"","_relevanssi_related_no_append":"","_relevanssi_related_not_related":"","_relevanssi_related_posts":"","_relevanssi_noindex_reason":"","_monsterinsights_skip_tracking":false,"_monsterinsights_sitenote_active":false,"_monsterinsights_sitenote_note":"","_monsterinsights_sitenote_category":0,"_genesis_hide_title":false,"_genesis_hide_breadcrumbs":false,"_genesis_hide_singular_image":false,"_genesis_hide_footer_widgets":false,"_genesis_custom_body_class":"","_genesis_custom_post_class":"","_genesis_layout":"","footnotes":""},"categories":[346],"tags":[407,524],"class_list":{"0":"post-36316","1":"post","2":"type-post","3":"status-publish","4":"format-standard","5":"has-post-thumbnail","7":"category-eu-news","8":"tag-artificial-intelligence","9":"tag-european-institutions","10":"entry"},"acf":[],"yoast_head":"<!-- This site is optimized with the Yoast SEO plugin v27.5 - https:\/\/yoast.com\/product\/yoast-seo-wordpress\/ -->\n<title>Statement by President von der Leyen on the new strategy of the Commission: shaping the digital future of Europe | CDE Almer\u00eda - Centro de Documentaci\u00f3n Europea - Universidad de Almer\u00eda<\/title>\n<meta name=\"robots\" content=\"index, follow, max-snippet:-1, max-image-preview:large, max-video-preview:-1\" \/>\n<link rel=\"canonical\" href=\"https:\/\/www.cde.ual.es\/en\/statement-by-president-von-der-leyen-on-the-new-strategy-of-the-commission-shaping-the-digital-future-of-europe\/\" \/>\n<meta property=\"og:locale\" content=\"en_US\" \/>\n<meta property=\"og:type\" content=\"article\" \/>\n<meta property=\"og:title\" content=\"Statement by President von der Leyen on the new strategy of the Commission: shaping the digital future of Europe | CDE Almer\u00eda - Centro de Documentaci\u00f3n Europea - Universidad de Almer\u00eda\" \/>\n<meta property=\"og:description\" content=\"The EU pursues a digital strategy based on our fruitful history in terms of technology, innovation and ingenuity and anchored in the European values \u200b\u200bthat it projects on the international scene. The White Paper on artificial intelligence (AI) and the European data strategy presented today show that Europe can set global standards for technological development, [&hellip;]\" \/>\n<meta property=\"og:url\" content=\"https:\/\/www.cde.ual.es\/en\/statement-by-president-von-der-leyen-on-the-new-strategy-of-the-commission-shaping-the-digital-future-of-europe\/\" \/>\n<meta property=\"og:site_name\" content=\"CDE Almer\u00eda - Centro de Documentaci\u00f3n Europea - Universidad de Almer\u00eda\" \/>\n<meta property=\"article:publisher\" content=\"https:\/\/www.facebook.com\/cdeuniversidadalmeria\/\" \/>\n<meta property=\"article:published_time\" content=\"2020-02-24T02:00:42+00:00\" \/>\n<meta property=\"og:image\" content=\"https:\/\/www.cde.ual.es\/wp-content\/uploads\/2017\/12\/ursula-von-der-leyen.png\" \/>\n\t<meta property=\"og:image:width\" content=\"1458\" \/>\n\t<meta property=\"og:image:height\" content=\"965\" \/>\n\t<meta property=\"og:image:type\" content=\"image\/png\" \/>\n<meta name=\"author\" content=\"AdminCDE\" \/>\n<meta name=\"twitter:card\" content=\"summary_large_image\" \/>\n<meta name=\"twitter:creator\" content=\"@cdeualmeria\" \/>\n<meta name=\"twitter:site\" content=\"@cdeualmeria\" \/>\n<meta name=\"twitter:label1\" content=\"Written by\" \/>\n\t<meta name=\"twitter:data1\" content=\"AdminCDE\" \/>\n\t<meta name=\"twitter:label2\" content=\"Est. reading time\" \/>\n\t<meta name=\"twitter:data2\" content=\"4 minutes\" \/>\n<script type=\"application\/ld+json\" class=\"yoast-schema-graph\">{\"@context\":\"https:\\\/\\\/schema.org\",\"@graph\":[{\"@type\":\"Article\",\"@id\":\"https:\\\/\\\/www.cde.ual.es\\\/en\\\/statement-by-president-von-der-leyen-on-the-new-strategy-of-the-commission-shaping-the-digital-future-of-europe\\\/#article\",\"isPartOf\":{\"@id\":\"https:\\\/\\\/www.cde.ual.es\\\/en\\\/statement-by-president-von-der-leyen-on-the-new-strategy-of-the-commission-shaping-the-digital-future-of-europe\\\/\"},\"author\":{\"name\":\"AdminCDE\",\"@id\":\"https:\\\/\\\/www.cde.ual.es\\\/#\\\/schema\\\/person\\\/224ef08c8bcc005f319d2713ce37ee5f\"},\"headline\":\"Statement by President von der Leyen on the new strategy of the Commission: shaping the digital future of Europe\",\"datePublished\":\"2020-02-24T02:00:42+00:00\",\"mainEntityOfPage\":{\"@id\":\"https:\\\/\\\/www.cde.ual.es\\\/en\\\/statement-by-president-von-der-leyen-on-the-new-strategy-of-the-commission-shaping-the-digital-future-of-europe\\\/\"},\"wordCount\":749,\"commentCount\":0,\"publisher\":{\"@id\":\"https:\\\/\\\/www.cde.ual.es\\\/#organization\"},\"image\":{\"@id\":\"https:\\\/\\\/www.cde.ual.es\\\/en\\\/statement-by-president-von-der-leyen-on-the-new-strategy-of-the-commission-shaping-the-digital-future-of-europe\\\/#primaryimage\"},\"thumbnailUrl\":\"https:\\\/\\\/www.cde.ual.es\\\/wp-content\\\/uploads\\\/2017\\\/12\\\/ursula-von-der-leyen.png\",\"keywords\":[\"artificial intelligence\",\"European Institutions\"],\"articleSection\":[\"EU News\"],\"inLanguage\":\"en-US\",\"potentialAction\":[{\"@type\":\"CommentAction\",\"name\":\"Comment\",\"target\":[\"https:\\\/\\\/www.cde.ual.es\\\/en\\\/statement-by-president-von-der-leyen-on-the-new-strategy-of-the-commission-shaping-the-digital-future-of-europe\\\/#respond\"]}]},{\"@type\":\"WebPage\",\"@id\":\"https:\\\/\\\/www.cde.ual.es\\\/en\\\/statement-by-president-von-der-leyen-on-the-new-strategy-of-the-commission-shaping-the-digital-future-of-europe\\\/\",\"url\":\"https:\\\/\\\/www.cde.ual.es\\\/en\\\/statement-by-president-von-der-leyen-on-the-new-strategy-of-the-commission-shaping-the-digital-future-of-europe\\\/\",\"name\":\"Statement by President von der Leyen on the new strategy of the Commission: shaping the digital future of Europe | CDE Almer\u00eda - Centro de Documentaci\u00f3n Europea - Universidad de Almer\u00eda\",\"isPartOf\":{\"@id\":\"https:\\\/\\\/www.cde.ual.es\\\/#website\"},\"primaryImageOfPage\":{\"@id\":\"https:\\\/\\\/www.cde.ual.es\\\/en\\\/statement-by-president-von-der-leyen-on-the-new-strategy-of-the-commission-shaping-the-digital-future-of-europe\\\/#primaryimage\"},\"image\":{\"@id\":\"https:\\\/\\\/www.cde.ual.es\\\/en\\\/statement-by-president-von-der-leyen-on-the-new-strategy-of-the-commission-shaping-the-digital-future-of-europe\\\/#primaryimage\"},\"thumbnailUrl\":\"https:\\\/\\\/www.cde.ual.es\\\/wp-content\\\/uploads\\\/2017\\\/12\\\/ursula-von-der-leyen.png\",\"datePublished\":\"2020-02-24T02:00:42+00:00\",\"breadcrumb\":{\"@id\":\"https:\\\/\\\/www.cde.ual.es\\\/en\\\/statement-by-president-von-der-leyen-on-the-new-strategy-of-the-commission-shaping-the-digital-future-of-europe\\\/#breadcrumb\"},\"inLanguage\":\"en-US\",\"potentialAction\":[{\"@type\":\"ReadAction\",\"target\":[\"https:\\\/\\\/www.cde.ual.es\\\/en\\\/statement-by-president-von-der-leyen-on-the-new-strategy-of-the-commission-shaping-the-digital-future-of-europe\\\/\"]}]},{\"@type\":\"ImageObject\",\"inLanguage\":\"en-US\",\"@id\":\"https:\\\/\\\/www.cde.ual.es\\\/en\\\/statement-by-president-von-der-leyen-on-the-new-strategy-of-the-commission-shaping-the-digital-future-of-europe\\\/#primaryimage\",\"url\":\"https:\\\/\\\/www.cde.ual.es\\\/wp-content\\\/uploads\\\/2017\\\/12\\\/ursula-von-der-leyen.png\",\"contentUrl\":\"https:\\\/\\\/www.cde.ual.es\\\/wp-content\\\/uploads\\\/2017\\\/12\\\/ursula-von-der-leyen.png\",\"width\":1458,\"height\":965,\"caption\":\"SOTEU Ursula Von der Leyen Europa\"},{\"@type\":\"BreadcrumbList\",\"@id\":\"https:\\\/\\\/www.cde.ual.es\\\/en\\\/statement-by-president-von-der-leyen-on-the-new-strategy-of-the-commission-shaping-the-digital-future-of-europe\\\/#breadcrumb\",\"itemListElement\":[{\"@type\":\"ListItem\",\"position\":1,\"name\":\"Inicio\",\"item\":\"https:\\\/\\\/www.cde.ual.es\\\/en\\\/\"},{\"@type\":\"ListItem\",\"position\":2,\"name\":\"EU News\",\"item\":\"https:\\\/\\\/www.cde.ual.es\\\/en\\\/category\\\/eu-news\\\/\"},{\"@type\":\"ListItem\",\"position\":3,\"name\":\"Statement by President von der Leyen on the new strategy of the Commission: shaping the digital future of Europe\"}]},{\"@type\":\"WebSite\",\"@id\":\"https:\\\/\\\/www.cde.ual.es\\\/#website\",\"url\":\"https:\\\/\\\/www.cde.ual.es\\\/\",\"name\":\"CDE Almer\u00eda - Centro de Documentaci\u00f3n Europea - Universidad de Almer\u00eda\",\"description\":\"Centro de Documentaci\u00f3n Europea de la Universidad de Almer\u00eda\",\"publisher\":{\"@id\":\"https:\\\/\\\/www.cde.ual.es\\\/#organization\"},\"alternateName\":\"CDE Almer\u00eda\",\"potentialAction\":[{\"@type\":\"SearchAction\",\"target\":{\"@type\":\"EntryPoint\",\"urlTemplate\":\"https:\\\/\\\/www.cde.ual.es\\\/?s={search_term_string}\"},\"query-input\":{\"@type\":\"PropertyValueSpecification\",\"valueRequired\":true,\"valueName\":\"search_term_string\"}}],\"inLanguage\":\"en-US\"},{\"@type\":\"Organization\",\"@id\":\"https:\\\/\\\/www.cde.ual.es\\\/#organization\",\"name\":\"Centro de Documentaci\u00f3n Europea de Almer\u00eda\",\"url\":\"https:\\\/\\\/www.cde.ual.es\\\/\",\"logo\":{\"@type\":\"ImageObject\",\"inLanguage\":\"en-US\",\"@id\":\"https:\\\/\\\/www.cde.ual.es\\\/#\\\/schema\\\/logo\\\/image\\\/\",\"url\":\"https:\\\/\\\/www.cde.ual.es\\\/wp-content\\\/uploads\\\/2025\\\/07\\\/cde-logo-3.png\",\"contentUrl\":\"https:\\\/\\\/www.cde.ual.es\\\/wp-content\\\/uploads\\\/2025\\\/07\\\/cde-logo-3.png\",\"width\":1400,\"height\":300,\"caption\":\"Centro de Documentaci\u00f3n Europea de Almer\u00eda\"},\"image\":{\"@id\":\"https:\\\/\\\/www.cde.ual.es\\\/#\\\/schema\\\/logo\\\/image\\\/\"},\"sameAs\":[\"https:\\\/\\\/www.facebook.com\\\/cdeuniversidadalmeria\\\/\",\"https:\\\/\\\/x.com\\\/cdeualmeria\",\"https:\\\/\\\/www.tiktok.com\\\/@cdealmeria\",\"https:\\\/\\\/www.instagram.com\\\/cdealmeria\\\/\",\"https:\\\/\\\/www.linkedin.com\\\/in\\\/cde-almera-812b26a9\\\/\"]},{\"@type\":\"Person\",\"@id\":\"https:\\\/\\\/www.cde.ual.es\\\/#\\\/schema\\\/person\\\/224ef08c8bcc005f319d2713ce37ee5f\",\"name\":\"AdminCDE\",\"image\":{\"@type\":\"ImageObject\",\"inLanguage\":\"en-US\",\"@id\":\"https:\\\/\\\/secure.gravatar.com\\\/avatar\\\/a72d038d371f995cd13706fac32274b7952a52e8fb0a84b5f80c85426f2a98a8?s=96&d=mm&r=g\",\"url\":\"https:\\\/\\\/secure.gravatar.com\\\/avatar\\\/a72d038d371f995cd13706fac32274b7952a52e8fb0a84b5f80c85426f2a98a8?s=96&d=mm&r=g\",\"contentUrl\":\"https:\\\/\\\/secure.gravatar.com\\\/avatar\\\/a72d038d371f995cd13706fac32274b7952a52e8fb0a84b5f80c85426f2a98a8?s=96&d=mm&r=g\",\"caption\":\"AdminCDE\"}}]}<\/script>\n<!-- \/ Yoast SEO plugin. -->","yoast_head_json":{"title":"Statement by President von der Leyen on the new strategy of the Commission: shaping the digital future of Europe | CDE Almer\u00eda - Centro de Documentaci\u00f3n Europea - Universidad de Almer\u00eda","robots":{"index":"index","follow":"follow","max-snippet":"max-snippet:-1","max-image-preview":"max-image-preview:large","max-video-preview":"max-video-preview:-1"},"canonical":"https:\/\/www.cde.ual.es\/en\/statement-by-president-von-der-leyen-on-the-new-strategy-of-the-commission-shaping-the-digital-future-of-europe\/","og_locale":"en_US","og_type":"article","og_title":"Statement by President von der Leyen on the new strategy of the Commission: shaping the digital future of Europe | CDE Almer\u00eda - Centro de Documentaci\u00f3n Europea - Universidad de Almer\u00eda","og_description":"The EU pursues a digital strategy based on our fruitful history in terms of technology, innovation and ingenuity and anchored in the European values \u200b\u200bthat it projects on the international scene. The White Paper on artificial intelligence (AI) and the European data strategy presented today show that Europe can set global standards for technological development, [&hellip;]","og_url":"https:\/\/www.cde.ual.es\/en\/statement-by-president-von-der-leyen-on-the-new-strategy-of-the-commission-shaping-the-digital-future-of-europe\/","og_site_name":"CDE Almer\u00eda - Centro de Documentaci\u00f3n Europea - Universidad de Almer\u00eda","article_publisher":"https:\/\/www.facebook.com\/cdeuniversidadalmeria\/","article_published_time":"2020-02-24T02:00:42+00:00","og_image":[{"width":1458,"height":965,"url":"https:\/\/www.cde.ual.es\/wp-content\/uploads\/2017\/12\/ursula-von-der-leyen.png","type":"image\/png"}],"author":"AdminCDE","twitter_card":"summary_large_image","twitter_creator":"@cdeualmeria","twitter_site":"@cdeualmeria","twitter_misc":{"Written by":"AdminCDE","Est. reading time":"4 minutes"},"schema":{"@context":"https:\/\/schema.org","@graph":[{"@type":"Article","@id":"https:\/\/www.cde.ual.es\/en\/statement-by-president-von-der-leyen-on-the-new-strategy-of-the-commission-shaping-the-digital-future-of-europe\/#article","isPartOf":{"@id":"https:\/\/www.cde.ual.es\/en\/statement-by-president-von-der-leyen-on-the-new-strategy-of-the-commission-shaping-the-digital-future-of-europe\/"},"author":{"name":"AdminCDE","@id":"https:\/\/www.cde.ual.es\/#\/schema\/person\/224ef08c8bcc005f319d2713ce37ee5f"},"headline":"Statement by President von der Leyen on the new strategy of the Commission: shaping the digital future of Europe","datePublished":"2020-02-24T02:00:42+00:00","mainEntityOfPage":{"@id":"https:\/\/www.cde.ual.es\/en\/statement-by-president-von-der-leyen-on-the-new-strategy-of-the-commission-shaping-the-digital-future-of-europe\/"},"wordCount":749,"commentCount":0,"publisher":{"@id":"https:\/\/www.cde.ual.es\/#organization"},"image":{"@id":"https:\/\/www.cde.ual.es\/en\/statement-by-president-von-der-leyen-on-the-new-strategy-of-the-commission-shaping-the-digital-future-of-europe\/#primaryimage"},"thumbnailUrl":"https:\/\/www.cde.ual.es\/wp-content\/uploads\/2017\/12\/ursula-von-der-leyen.png","keywords":["artificial intelligence","European Institutions"],"articleSection":["EU News"],"inLanguage":"en-US","potentialAction":[{"@type":"CommentAction","name":"Comment","target":["https:\/\/www.cde.ual.es\/en\/statement-by-president-von-der-leyen-on-the-new-strategy-of-the-commission-shaping-the-digital-future-of-europe\/#respond"]}]},{"@type":"WebPage","@id":"https:\/\/www.cde.ual.es\/en\/statement-by-president-von-der-leyen-on-the-new-strategy-of-the-commission-shaping-the-digital-future-of-europe\/","url":"https:\/\/www.cde.ual.es\/en\/statement-by-president-von-der-leyen-on-the-new-strategy-of-the-commission-shaping-the-digital-future-of-europe\/","name":"Statement by President von der Leyen on the new strategy of the Commission: shaping the digital future of Europe | CDE Almer\u00eda - Centro de Documentaci\u00f3n Europea - Universidad de Almer\u00eda","isPartOf":{"@id":"https:\/\/www.cde.ual.es\/#website"},"primaryImageOfPage":{"@id":"https:\/\/www.cde.ual.es\/en\/statement-by-president-von-der-leyen-on-the-new-strategy-of-the-commission-shaping-the-digital-future-of-europe\/#primaryimage"},"image":{"@id":"https:\/\/www.cde.ual.es\/en\/statement-by-president-von-der-leyen-on-the-new-strategy-of-the-commission-shaping-the-digital-future-of-europe\/#primaryimage"},"thumbnailUrl":"https:\/\/www.cde.ual.es\/wp-content\/uploads\/2017\/12\/ursula-von-der-leyen.png","datePublished":"2020-02-24T02:00:42+00:00","breadcrumb":{"@id":"https:\/\/www.cde.ual.es\/en\/statement-by-president-von-der-leyen-on-the-new-strategy-of-the-commission-shaping-the-digital-future-of-europe\/#breadcrumb"},"inLanguage":"en-US","potentialAction":[{"@type":"ReadAction","target":["https:\/\/www.cde.ual.es\/en\/statement-by-president-von-der-leyen-on-the-new-strategy-of-the-commission-shaping-the-digital-future-of-europe\/"]}]},{"@type":"ImageObject","inLanguage":"en-US","@id":"https:\/\/www.cde.ual.es\/en\/statement-by-president-von-der-leyen-on-the-new-strategy-of-the-commission-shaping-the-digital-future-of-europe\/#primaryimage","url":"https:\/\/www.cde.ual.es\/wp-content\/uploads\/2017\/12\/ursula-von-der-leyen.png","contentUrl":"https:\/\/www.cde.ual.es\/wp-content\/uploads\/2017\/12\/ursula-von-der-leyen.png","width":1458,"height":965,"caption":"SOTEU Ursula Von der Leyen Europa"},{"@type":"BreadcrumbList","@id":"https:\/\/www.cde.ual.es\/en\/statement-by-president-von-der-leyen-on-the-new-strategy-of-the-commission-shaping-the-digital-future-of-europe\/#breadcrumb","itemListElement":[{"@type":"ListItem","position":1,"name":"Inicio","item":"https:\/\/www.cde.ual.es\/en\/"},{"@type":"ListItem","position":2,"name":"EU News","item":"https:\/\/www.cde.ual.es\/en\/category\/eu-news\/"},{"@type":"ListItem","position":3,"name":"Statement by President von der Leyen on the new strategy of the Commission: shaping the digital future of Europe"}]},{"@type":"WebSite","@id":"https:\/\/www.cde.ual.es\/#website","url":"https:\/\/www.cde.ual.es\/","name":"CDE Almer\u00eda - Centro de Documentaci\u00f3n Europea - Universidad de Almer\u00eda","description":"Centro de Documentaci\u00f3n Europea de la Universidad de Almer\u00eda","publisher":{"@id":"https:\/\/www.cde.ual.es\/#organization"},"alternateName":"CDE Almer\u00eda","potentialAction":[{"@type":"SearchAction","target":{"@type":"EntryPoint","urlTemplate":"https:\/\/www.cde.ual.es\/?s={search_term_string}"},"query-input":{"@type":"PropertyValueSpecification","valueRequired":true,"valueName":"search_term_string"}}],"inLanguage":"en-US"},{"@type":"Organization","@id":"https:\/\/www.cde.ual.es\/#organization","name":"Centro de Documentaci\u00f3n Europea de Almer\u00eda","url":"https:\/\/www.cde.ual.es\/","logo":{"@type":"ImageObject","inLanguage":"en-US","@id":"https:\/\/www.cde.ual.es\/#\/schema\/logo\/image\/","url":"https:\/\/www.cde.ual.es\/wp-content\/uploads\/2025\/07\/cde-logo-3.png","contentUrl":"https:\/\/www.cde.ual.es\/wp-content\/uploads\/2025\/07\/cde-logo-3.png","width":1400,"height":300,"caption":"Centro de Documentaci\u00f3n Europea de Almer\u00eda"},"image":{"@id":"https:\/\/www.cde.ual.es\/#\/schema\/logo\/image\/"},"sameAs":["https:\/\/www.facebook.com\/cdeuniversidadalmeria\/","https:\/\/x.com\/cdeualmeria","https:\/\/www.tiktok.com\/@cdealmeria","https:\/\/www.instagram.com\/cdealmeria\/","https:\/\/www.linkedin.com\/in\/cde-almera-812b26a9\/"]},{"@type":"Person","@id":"https:\/\/www.cde.ual.es\/#\/schema\/person\/224ef08c8bcc005f319d2713ce37ee5f","name":"AdminCDE","image":{"@type":"ImageObject","inLanguage":"en-US","@id":"https:\/\/secure.gravatar.com\/avatar\/a72d038d371f995cd13706fac32274b7952a52e8fb0a84b5f80c85426f2a98a8?s=96&d=mm&r=g","url":"https:\/\/secure.gravatar.com\/avatar\/a72d038d371f995cd13706fac32274b7952a52e8fb0a84b5f80c85426f2a98a8?s=96&d=mm&r=g","contentUrl":"https:\/\/secure.gravatar.com\/avatar\/a72d038d371f995cd13706fac32274b7952a52e8fb0a84b5f80c85426f2a98a8?s=96&d=mm&r=g","caption":"AdminCDE"}}]}},"_links":{"self":[{"href":"https:\/\/www.cde.ual.es\/en\/wp-json\/wp\/v2\/posts\/36316","targetHints":{"allow":["GET"]}}],"collection":[{"href":"https:\/\/www.cde.ual.es\/en\/wp-json\/wp\/v2\/posts"}],"about":[{"href":"https:\/\/www.cde.ual.es\/en\/wp-json\/wp\/v2\/types\/post"}],"author":[{"embeddable":true,"href":"https:\/\/www.cde.ual.es\/en\/wp-json\/wp\/v2\/users\/1"}],"replies":[{"embeddable":true,"href":"https:\/\/www.cde.ual.es\/en\/wp-json\/wp\/v2\/comments?post=36316"}],"version-history":[{"count":0,"href":"https:\/\/www.cde.ual.es\/en\/wp-json\/wp\/v2\/posts\/36316\/revisions"}],"wp:featuredmedia":[{"embeddable":true,"href":"https:\/\/www.cde.ual.es\/en\/wp-json\/wp\/v2\/media\/22183"}],"wp:attachment":[{"href":"https:\/\/www.cde.ual.es\/en\/wp-json\/wp\/v2\/media?parent=36316"}],"wp:term":[{"taxonomy":"category","embeddable":true,"href":"https:\/\/www.cde.ual.es\/en\/wp-json\/wp\/v2\/categories?post=36316"},{"taxonomy":"post_tag","embeddable":true,"href":"https:\/\/www.cde.ual.es\/en\/wp-json\/wp\/v2\/tags?post=36316"}],"curies":[{"name":"wp","href":"https:\/\/api.w.org\/{rel}","templated":true}]}}