{"id":36263,"date":"2020-02-24T03:00:25","date_gmt":"2020-02-24T02:00:25","guid":{"rendered":"https:\/\/www.cde.ual.es\/?p=36263"},"modified":"2020-02-21T13:01:04","modified_gmt":"2020-02-21T12:01:04","slug":"commission-approves-acquisition-of-joint-control-over-prosegur-alarmas-by-telefonica-and-prosegur","status":"publish","type":"post","link":"https:\/\/www.cde.ual.es\/en\/commission-approves-acquisition-of-joint-control-over-prosegur-alarmas-by-telefonica-and-prosegur\/","title":{"rendered":"Commission approves acquisition of joint control over Prosegur Alarmas by Telef\u00f3nica and Prosegur"},"content":{"rendered":"<p><a href=\"https:\/\/www.cde.ual.es\/wp-content\/uploads\/2019\/02\/Comisi\u00f3n-Europea.jpg\"><img decoding=\"async\" class=\"aligncenter size-medium wp-image-25118\" src=\"https:\/\/www.cde.ual.es\/wp-content\/uploads\/2019\/02\/Comisi\u00f3n-Europea-300x200.jpg\" alt=\"\" width=\"300\" height=\"200\" srcset=\"https:\/\/www.cde.ual.es\/wp-content\/uploads\/2019\/02\/Comisi\u00f3n-Europea-300x200.jpg 300w, https:\/\/www.cde.ual.es\/wp-content\/uploads\/2019\/02\/Comisi\u00f3n-Europea-768x512.jpg 768w, https:\/\/www.cde.ual.es\/wp-content\/uploads\/2019\/02\/Comisi\u00f3n-Europea.jpg 960w\" sizes=\"(max-width: 300px) 100vw, 300px\" \/><\/a><\/p>\n<p>The European Commission has approved unconditionally, under the EU Merger Regulation, the proposed acquisition of joint control over Prosegur Alarmas by Telef\u00f3nica and Prosegur. The Commission concluded that the transaction would raise no competition concerns in the European Economic Area.<\/p>\n<p>Under the proposed acquisition, Telef\u00f3nica will acquire half of the shares of Prosegur Alarmas from Prosegur, which leads to joint control over Prosegur Alarmas by Telef\u00f3nica and Prosegur.<\/p>\n<p><strong>Telef\u00f3nica<\/strong>\u00a0mainly provides fixed and mobile telecommunication services, including machine-to-machine (\u201cM2M\u201d) SIM cards. These cards are deployed in a number of \u201cconnected\u201d devices, including alarm devices.\u00a0<strong>Prosegur Alarmas<\/strong>\u00a0provides alarm installation services and connection to alarm reception centres for both residential customers and small and medium-sized enterprises (SMEs).\u00a0<strong>Prosegur<\/strong>\u00a0will continue to provide alarm and other security services, but only for business customers. All three companies are active in Spain.<\/p>\n<h3><strong>The Commission&#8217;s investigation<\/strong><\/h3>\n<p>During its investigation, the Commission found a number of examples of alliances between telecom operators and alarm providers, as well as examples of telecom operators developing security solutions, both in Spain and worldwide. The Commission found that telecommunication services and alarm services are considered to be closely related markets, at least for residential customers in Spain.<\/p>\n<p>The Commission assessed in particular:<\/p>\n<ol>\n<li>whether Telef\u00f3nica could stop supplying M2M SIM cards or could degrade the conditions of supply to alarm providers competing with Prosegur Alarmas;<\/li>\n<li>whether there would be a risk of weakened competition if Telef\u00f3nica or Prosegur Alarmas tried to leverage their respective positions into neighbouring markets by bundling telecommunication, TV and alarm services.<\/li>\n<\/ol>\n<p>The Commission&#8217;s investigation found that the transaction is unlikely to hinder effective competition in the concerned markets, as the companies would not have the ability to engage in any of the practices mentioned above, and even if they did, there would be no appreciable effect on these markets. The Commission therefore concluded that the transaction would raise no competition concerns in any of the markets examined.<\/p>\n<h3><strong>Companies and products<\/strong><\/h3>\n<p><strong>Telef\u00f3nica<\/strong>, based in Spain, is a global telecommunications operator and mobile network provider, operating under a number of brands, including Movistar, O2 and Vivo. In Spain, Telef\u00f3nica mainly provides fixed and mobile telecommunication services, including M2M SIM cards.<\/p>\n<p><strong>Prosegur<\/strong>, based in Spain,is a provider of security services to business customers, whose operations are divided in three business lines, namely alarms, security and cash.<\/p>\n<p><strong>Prosegur Alarmas<\/strong>, based in Spain,is a provider of alarm installation services and connection to alarm reception centres for both residential customers and SMEs in Spain.<\/p>\n<h3><strong>Merger control rules and procedures<\/strong><\/h3>\n<p>The transaction was notified to the Commission on 15 January 2020. The Commission has the duty to assess mergers and acquisitions involving companies with a turnover above certain thresholds (see Article 1 of the\u00a0<a href=\"https:\/\/ec.europa.eu\/competition\/mergers\/legislation\/regulations.html\">Merger Regulation<\/a>) and to prevent concentrations that would significantly impede competition in the European Economic Area or any substantial part of it.<\/p>\n<p>The vast majority of mergers do not pose competition problems and are cleared after a routine review. From the moment a transaction is notified, the Commission generally has a total of 25 working days to decide whether to grant approval (Phase I) or to start an in-depth investigation (Phase II).<\/p>\n<h3>More Information<\/h3>\n<p><a href=\"https:\/\/ec.europa.eu\/commission\/presscorner\/detail\/en\/ip_20_297\">Press Release<\/a><\/p>\n","protected":false},"excerpt":{"rendered":"<p>The European Commission has approved unconditionally, under the EU Merger Regulation, the proposed acquisition of joint control over Prosegur Alarmas by Telef\u00f3nica and Prosegur. The Commission concluded that the transaction would raise no competition concerns in the European Economic Area. Under the proposed acquisition, Telef\u00f3nica will acquire half of the shares of Prosegur Alarmas from [&hellip;]<\/p>\n","protected":false},"author":101011,"featured_media":25119,"comment_status":"open","ping_status":"open","sticky":false,"template":"","format":"standard","meta":{"_acf_changed":false,"_relevanssi_hide_post":"","_relevanssi_hide_content":"","_relevanssi_pin_for_all":"","_relevanssi_pin_keywords":"","_relevanssi_unpin_keywords":"","_relevanssi_related_keywords":"","_relevanssi_related_include_ids":"","_relevanssi_related_exclude_ids":"","_relevanssi_related_no_append":"","_relevanssi_related_not_related":"","_relevanssi_related_posts":"","_relevanssi_noindex_reason":"","_monsterinsights_skip_tracking":false,"_monsterinsights_sitenote_active":false,"_monsterinsights_sitenote_note":"","_monsterinsights_sitenote_category":0,"_genesis_hide_title":false,"_genesis_hide_breadcrumbs":false,"_genesis_hide_singular_image":false,"_genesis_hide_footer_widgets":false,"_genesis_custom_body_class":"","_genesis_custom_post_class":"","_genesis_layout":"","footnotes":""},"categories":[346],"tags":[1301,727,1303,1302],"class_list":{"0":"post-36263","1":"post","2":"type-post","3":"status-publish","4":"format-standard","5":"has-post-thumbnail","7":"category-eu-news","8":"tag-acquisition","9":"tag-market","10":"tag-prosegur","11":"tag-telefonica","12":"entry"},"acf":[],"yoast_head":"<!-- This site is optimized with the Yoast SEO plugin v27.4 - https:\/\/yoast.com\/product\/yoast-seo-wordpress\/ -->\n<title>Commission approves acquisition of joint control over Prosegur Alarmas by Telef\u00f3nica and Prosegur | CDE Almer\u00eda - Centro de Documentaci\u00f3n Europea - Universidad de Almer\u00eda<\/title>\n<meta name=\"robots\" content=\"index, follow, max-snippet:-1, max-image-preview:large, max-video-preview:-1\" \/>\n<link rel=\"canonical\" href=\"https:\/\/www.cde.ual.es\/en\/commission-approves-acquisition-of-joint-control-over-prosegur-alarmas-by-telefonica-and-prosegur\/\" \/>\n<meta property=\"og:locale\" content=\"en_US\" \/>\n<meta property=\"og:type\" content=\"article\" \/>\n<meta property=\"og:title\" content=\"Commission approves acquisition of joint control over Prosegur Alarmas by Telef\u00f3nica and Prosegur | CDE Almer\u00eda - Centro de Documentaci\u00f3n Europea - Universidad de Almer\u00eda\" \/>\n<meta property=\"og:description\" content=\"The European Commission has approved unconditionally, under the EU Merger Regulation, the proposed acquisition of joint control over Prosegur Alarmas by Telef\u00f3nica and Prosegur. The Commission concluded that the transaction would raise no competition concerns in the European Economic Area. Under the proposed acquisition, Telef\u00f3nica will acquire half of the shares of Prosegur Alarmas from [&hellip;]\" \/>\n<meta property=\"og:url\" content=\"https:\/\/www.cde.ual.es\/en\/commission-approves-acquisition-of-joint-control-over-prosegur-alarmas-by-telefonica-and-prosegur\/\" \/>\n<meta property=\"og:site_name\" content=\"CDE Almer\u00eda - Centro de Documentaci\u00f3n Europea - Universidad de Almer\u00eda\" \/>\n<meta property=\"article:publisher\" content=\"https:\/\/www.facebook.com\/cdeuniversidadalmeria\/\" \/>\n<meta property=\"article:published_time\" content=\"2020-02-24T02:00:25+00:00\" \/>\n<meta property=\"og:image\" content=\"https:\/\/www.cde.ual.es\/wp-content\/uploads\/2019\/02\/Comisi\u00f3n-Europea.jpg\" \/>\n\t<meta property=\"og:image:width\" content=\"960\" \/>\n\t<meta property=\"og:image:height\" content=\"640\" \/>\n\t<meta property=\"og:image:type\" content=\"image\/jpeg\" \/>\n<meta name=\"author\" content=\"BECA 2 CDE\" \/>\n<meta name=\"twitter:card\" content=\"summary_large_image\" \/>\n<meta name=\"twitter:creator\" content=\"@cdeualmeria\" \/>\n<meta name=\"twitter:site\" content=\"@cdeualmeria\" \/>\n<meta name=\"twitter:label1\" content=\"Written by\" \/>\n\t<meta name=\"twitter:data1\" content=\"BECA 2 CDE\" \/>\n\t<meta name=\"twitter:label2\" content=\"Est. reading time\" \/>\n\t<meta name=\"twitter:data2\" content=\"3 minutes\" \/>\n<script type=\"application\/ld+json\" class=\"yoast-schema-graph\">{\"@context\":\"https:\\\/\\\/schema.org\",\"@graph\":[{\"@type\":\"Article\",\"@id\":\"https:\\\/\\\/www.cde.ual.es\\\/en\\\/commission-approves-acquisition-of-joint-control-over-prosegur-alarmas-by-telefonica-and-prosegur\\\/#article\",\"isPartOf\":{\"@id\":\"https:\\\/\\\/www.cde.ual.es\\\/en\\\/commission-approves-acquisition-of-joint-control-over-prosegur-alarmas-by-telefonica-and-prosegur\\\/\"},\"author\":{\"name\":\"BECA 2 CDE\",\"@id\":\"https:\\\/\\\/www.cde.ual.es\\\/#\\\/schema\\\/person\\\/ee46ebc19edfa19598c02cff83335acc\"},\"headline\":\"Commission approves acquisition of joint control over Prosegur Alarmas by Telef\u00f3nica and Prosegur\",\"datePublished\":\"2020-02-24T02:00:25+00:00\",\"mainEntityOfPage\":{\"@id\":\"https:\\\/\\\/www.cde.ual.es\\\/en\\\/commission-approves-acquisition-of-joint-control-over-prosegur-alarmas-by-telefonica-and-prosegur\\\/\"},\"wordCount\":551,\"commentCount\":0,\"publisher\":{\"@id\":\"https:\\\/\\\/www.cde.ual.es\\\/#organization\"},\"image\":{\"@id\":\"https:\\\/\\\/www.cde.ual.es\\\/en\\\/commission-approves-acquisition-of-joint-control-over-prosegur-alarmas-by-telefonica-and-prosegur\\\/#primaryimage\"},\"thumbnailUrl\":\"https:\\\/\\\/www.cde.ual.es\\\/wp-content\\\/uploads\\\/2019\\\/02\\\/Comisi\u00f3n-Europea.jpg\",\"keywords\":[\"acquisition\",\"market\",\"Prosegur\",\"Telef\u00f3nica\"],\"articleSection\":[\"EU News\"],\"inLanguage\":\"en-US\",\"potentialAction\":[{\"@type\":\"CommentAction\",\"name\":\"Comment\",\"target\":[\"https:\\\/\\\/www.cde.ual.es\\\/en\\\/commission-approves-acquisition-of-joint-control-over-prosegur-alarmas-by-telefonica-and-prosegur\\\/#respond\"]}]},{\"@type\":\"WebPage\",\"@id\":\"https:\\\/\\\/www.cde.ual.es\\\/en\\\/commission-approves-acquisition-of-joint-control-over-prosegur-alarmas-by-telefonica-and-prosegur\\\/\",\"url\":\"https:\\\/\\\/www.cde.ual.es\\\/en\\\/commission-approves-acquisition-of-joint-control-over-prosegur-alarmas-by-telefonica-and-prosegur\\\/\",\"name\":\"Commission approves acquisition of joint control over Prosegur Alarmas by Telef\u00f3nica and Prosegur | CDE Almer\u00eda - Centro de Documentaci\u00f3n Europea - Universidad de Almer\u00eda\",\"isPartOf\":{\"@id\":\"https:\\\/\\\/www.cde.ual.es\\\/#website\"},\"primaryImageOfPage\":{\"@id\":\"https:\\\/\\\/www.cde.ual.es\\\/en\\\/commission-approves-acquisition-of-joint-control-over-prosegur-alarmas-by-telefonica-and-prosegur\\\/#primaryimage\"},\"image\":{\"@id\":\"https:\\\/\\\/www.cde.ual.es\\\/en\\\/commission-approves-acquisition-of-joint-control-over-prosegur-alarmas-by-telefonica-and-prosegur\\\/#primaryimage\"},\"thumbnailUrl\":\"https:\\\/\\\/www.cde.ual.es\\\/wp-content\\\/uploads\\\/2019\\\/02\\\/Comisi\u00f3n-Europea.jpg\",\"datePublished\":\"2020-02-24T02:00:25+00:00\",\"breadcrumb\":{\"@id\":\"https:\\\/\\\/www.cde.ual.es\\\/en\\\/commission-approves-acquisition-of-joint-control-over-prosegur-alarmas-by-telefonica-and-prosegur\\\/#breadcrumb\"},\"inLanguage\":\"en-US\",\"potentialAction\":[{\"@type\":\"ReadAction\",\"target\":[\"https:\\\/\\\/www.cde.ual.es\\\/en\\\/commission-approves-acquisition-of-joint-control-over-prosegur-alarmas-by-telefonica-and-prosegur\\\/\"]}]},{\"@type\":\"ImageObject\",\"inLanguage\":\"en-US\",\"@id\":\"https:\\\/\\\/www.cde.ual.es\\\/en\\\/commission-approves-acquisition-of-joint-control-over-prosegur-alarmas-by-telefonica-and-prosegur\\\/#primaryimage\",\"url\":\"https:\\\/\\\/www.cde.ual.es\\\/wp-content\\\/uploads\\\/2019\\\/02\\\/Comisi\u00f3n-Europea.jpg\",\"contentUrl\":\"https:\\\/\\\/www.cde.ual.es\\\/wp-content\\\/uploads\\\/2019\\\/02\\\/Comisi\u00f3n-Europea.jpg\",\"width\":960,\"height\":640,\"caption\":\"banderas europeas\"},{\"@type\":\"BreadcrumbList\",\"@id\":\"https:\\\/\\\/www.cde.ual.es\\\/en\\\/commission-approves-acquisition-of-joint-control-over-prosegur-alarmas-by-telefonica-and-prosegur\\\/#breadcrumb\",\"itemListElement\":[{\"@type\":\"ListItem\",\"position\":1,\"name\":\"Inicio\",\"item\":\"https:\\\/\\\/www.cde.ual.es\\\/en\\\/\"},{\"@type\":\"ListItem\",\"position\":2,\"name\":\"EU News\",\"item\":\"https:\\\/\\\/www.cde.ual.es\\\/en\\\/category\\\/eu-news\\\/\"},{\"@type\":\"ListItem\",\"position\":3,\"name\":\"Commission approves acquisition of joint control over Prosegur Alarmas by Telef\u00f3nica and Prosegur\"}]},{\"@type\":\"WebSite\",\"@id\":\"https:\\\/\\\/www.cde.ual.es\\\/#website\",\"url\":\"https:\\\/\\\/www.cde.ual.es\\\/\",\"name\":\"CDE Almer\u00eda - Centro de Documentaci\u00f3n Europea - Universidad de Almer\u00eda\",\"description\":\"Centro de Documentaci\u00f3n Europea de la Universidad de Almer\u00eda\",\"publisher\":{\"@id\":\"https:\\\/\\\/www.cde.ual.es\\\/#organization\"},\"alternateName\":\"CDE Almer\u00eda\",\"potentialAction\":[{\"@type\":\"SearchAction\",\"target\":{\"@type\":\"EntryPoint\",\"urlTemplate\":\"https:\\\/\\\/www.cde.ual.es\\\/?s={search_term_string}\"},\"query-input\":{\"@type\":\"PropertyValueSpecification\",\"valueRequired\":true,\"valueName\":\"search_term_string\"}}],\"inLanguage\":\"en-US\"},{\"@type\":\"Organization\",\"@id\":\"https:\\\/\\\/www.cde.ual.es\\\/#organization\",\"name\":\"Centro de Documentaci\u00f3n Europea de Almer\u00eda\",\"url\":\"https:\\\/\\\/www.cde.ual.es\\\/\",\"logo\":{\"@type\":\"ImageObject\",\"inLanguage\":\"en-US\",\"@id\":\"https:\\\/\\\/www.cde.ual.es\\\/#\\\/schema\\\/logo\\\/image\\\/\",\"url\":\"https:\\\/\\\/www.cde.ual.es\\\/wp-content\\\/uploads\\\/2025\\\/07\\\/cde-logo-3.png\",\"contentUrl\":\"https:\\\/\\\/www.cde.ual.es\\\/wp-content\\\/uploads\\\/2025\\\/07\\\/cde-logo-3.png\",\"width\":1400,\"height\":300,\"caption\":\"Centro de Documentaci\u00f3n Europea de Almer\u00eda\"},\"image\":{\"@id\":\"https:\\\/\\\/www.cde.ual.es\\\/#\\\/schema\\\/logo\\\/image\\\/\"},\"sameAs\":[\"https:\\\/\\\/www.facebook.com\\\/cdeuniversidadalmeria\\\/\",\"https:\\\/\\\/x.com\\\/cdeualmeria\",\"https:\\\/\\\/www.tiktok.com\\\/@cdealmeria\",\"https:\\\/\\\/www.instagram.com\\\/cdealmeria\\\/\",\"https:\\\/\\\/www.linkedin.com\\\/in\\\/cde-almera-812b26a9\\\/\"]},{\"@type\":\"Person\",\"@id\":\"https:\\\/\\\/www.cde.ual.es\\\/#\\\/schema\\\/person\\\/ee46ebc19edfa19598c02cff83335acc\",\"name\":\"BECA 2 CDE\",\"image\":{\"@type\":\"ImageObject\",\"inLanguage\":\"en-US\",\"@id\":\"https:\\\/\\\/secure.gravatar.com\\\/avatar\\\/35a481bbc04bbd90e91bdfa3b0b5541036c222a49b9ad37b6889a2afcb5311a5?s=96&d=mm&r=g\",\"url\":\"https:\\\/\\\/secure.gravatar.com\\\/avatar\\\/35a481bbc04bbd90e91bdfa3b0b5541036c222a49b9ad37b6889a2afcb5311a5?s=96&d=mm&r=g\",\"contentUrl\":\"https:\\\/\\\/secure.gravatar.com\\\/avatar\\\/35a481bbc04bbd90e91bdfa3b0b5541036c222a49b9ad37b6889a2afcb5311a5?s=96&d=mm&r=g\",\"caption\":\"BECA 2 CDE\"},\"sameAs\":[\"http:\\\/\\\/www.cdealmeria.com\"]}]}<\/script>\n<!-- \/ Yoast SEO plugin. -->","yoast_head_json":{"title":"Commission approves acquisition of joint control over Prosegur Alarmas by Telef\u00f3nica and Prosegur | CDE Almer\u00eda - Centro de Documentaci\u00f3n Europea - Universidad de Almer\u00eda","robots":{"index":"index","follow":"follow","max-snippet":"max-snippet:-1","max-image-preview":"max-image-preview:large","max-video-preview":"max-video-preview:-1"},"canonical":"https:\/\/www.cde.ual.es\/en\/commission-approves-acquisition-of-joint-control-over-prosegur-alarmas-by-telefonica-and-prosegur\/","og_locale":"en_US","og_type":"article","og_title":"Commission approves acquisition of joint control over Prosegur Alarmas by Telef\u00f3nica and Prosegur | CDE Almer\u00eda - Centro de Documentaci\u00f3n Europea - Universidad de Almer\u00eda","og_description":"The European Commission has approved unconditionally, under the EU Merger Regulation, the proposed acquisition of joint control over Prosegur Alarmas by Telef\u00f3nica and Prosegur. The Commission concluded that the transaction would raise no competition concerns in the European Economic Area. Under the proposed acquisition, Telef\u00f3nica will acquire half of the shares of Prosegur Alarmas from [&hellip;]","og_url":"https:\/\/www.cde.ual.es\/en\/commission-approves-acquisition-of-joint-control-over-prosegur-alarmas-by-telefonica-and-prosegur\/","og_site_name":"CDE Almer\u00eda - Centro de Documentaci\u00f3n Europea - Universidad de Almer\u00eda","article_publisher":"https:\/\/www.facebook.com\/cdeuniversidadalmeria\/","article_published_time":"2020-02-24T02:00:25+00:00","og_image":[{"width":960,"height":640,"url":"https:\/\/www.cde.ual.es\/wp-content\/uploads\/2019\/02\/Comisi\u00f3n-Europea.jpg","type":"image\/jpeg"}],"author":"BECA 2 CDE","twitter_card":"summary_large_image","twitter_creator":"@cdeualmeria","twitter_site":"@cdeualmeria","twitter_misc":{"Written by":"BECA 2 CDE","Est. reading time":"3 minutes"},"schema":{"@context":"https:\/\/schema.org","@graph":[{"@type":"Article","@id":"https:\/\/www.cde.ual.es\/en\/commission-approves-acquisition-of-joint-control-over-prosegur-alarmas-by-telefonica-and-prosegur\/#article","isPartOf":{"@id":"https:\/\/www.cde.ual.es\/en\/commission-approves-acquisition-of-joint-control-over-prosegur-alarmas-by-telefonica-and-prosegur\/"},"author":{"name":"BECA 2 CDE","@id":"https:\/\/www.cde.ual.es\/#\/schema\/person\/ee46ebc19edfa19598c02cff83335acc"},"headline":"Commission approves acquisition of joint control over Prosegur Alarmas by Telef\u00f3nica and Prosegur","datePublished":"2020-02-24T02:00:25+00:00","mainEntityOfPage":{"@id":"https:\/\/www.cde.ual.es\/en\/commission-approves-acquisition-of-joint-control-over-prosegur-alarmas-by-telefonica-and-prosegur\/"},"wordCount":551,"commentCount":0,"publisher":{"@id":"https:\/\/www.cde.ual.es\/#organization"},"image":{"@id":"https:\/\/www.cde.ual.es\/en\/commission-approves-acquisition-of-joint-control-over-prosegur-alarmas-by-telefonica-and-prosegur\/#primaryimage"},"thumbnailUrl":"https:\/\/www.cde.ual.es\/wp-content\/uploads\/2019\/02\/Comisi\u00f3n-Europea.jpg","keywords":["acquisition","market","Prosegur","Telef\u00f3nica"],"articleSection":["EU News"],"inLanguage":"en-US","potentialAction":[{"@type":"CommentAction","name":"Comment","target":["https:\/\/www.cde.ual.es\/en\/commission-approves-acquisition-of-joint-control-over-prosegur-alarmas-by-telefonica-and-prosegur\/#respond"]}]},{"@type":"WebPage","@id":"https:\/\/www.cde.ual.es\/en\/commission-approves-acquisition-of-joint-control-over-prosegur-alarmas-by-telefonica-and-prosegur\/","url":"https:\/\/www.cde.ual.es\/en\/commission-approves-acquisition-of-joint-control-over-prosegur-alarmas-by-telefonica-and-prosegur\/","name":"Commission approves acquisition of joint control over Prosegur Alarmas by Telef\u00f3nica and Prosegur | CDE Almer\u00eda - Centro de Documentaci\u00f3n Europea - Universidad de Almer\u00eda","isPartOf":{"@id":"https:\/\/www.cde.ual.es\/#website"},"primaryImageOfPage":{"@id":"https:\/\/www.cde.ual.es\/en\/commission-approves-acquisition-of-joint-control-over-prosegur-alarmas-by-telefonica-and-prosegur\/#primaryimage"},"image":{"@id":"https:\/\/www.cde.ual.es\/en\/commission-approves-acquisition-of-joint-control-over-prosegur-alarmas-by-telefonica-and-prosegur\/#primaryimage"},"thumbnailUrl":"https:\/\/www.cde.ual.es\/wp-content\/uploads\/2019\/02\/Comisi\u00f3n-Europea.jpg","datePublished":"2020-02-24T02:00:25+00:00","breadcrumb":{"@id":"https:\/\/www.cde.ual.es\/en\/commission-approves-acquisition-of-joint-control-over-prosegur-alarmas-by-telefonica-and-prosegur\/#breadcrumb"},"inLanguage":"en-US","potentialAction":[{"@type":"ReadAction","target":["https:\/\/www.cde.ual.es\/en\/commission-approves-acquisition-of-joint-control-over-prosegur-alarmas-by-telefonica-and-prosegur\/"]}]},{"@type":"ImageObject","inLanguage":"en-US","@id":"https:\/\/www.cde.ual.es\/en\/commission-approves-acquisition-of-joint-control-over-prosegur-alarmas-by-telefonica-and-prosegur\/#primaryimage","url":"https:\/\/www.cde.ual.es\/wp-content\/uploads\/2019\/02\/Comisi\u00f3n-Europea.jpg","contentUrl":"https:\/\/www.cde.ual.es\/wp-content\/uploads\/2019\/02\/Comisi\u00f3n-Europea.jpg","width":960,"height":640,"caption":"banderas europeas"},{"@type":"BreadcrumbList","@id":"https:\/\/www.cde.ual.es\/en\/commission-approves-acquisition-of-joint-control-over-prosegur-alarmas-by-telefonica-and-prosegur\/#breadcrumb","itemListElement":[{"@type":"ListItem","position":1,"name":"Inicio","item":"https:\/\/www.cde.ual.es\/en\/"},{"@type":"ListItem","position":2,"name":"EU News","item":"https:\/\/www.cde.ual.es\/en\/category\/eu-news\/"},{"@type":"ListItem","position":3,"name":"Commission approves acquisition of joint control over Prosegur Alarmas by Telef\u00f3nica and Prosegur"}]},{"@type":"WebSite","@id":"https:\/\/www.cde.ual.es\/#website","url":"https:\/\/www.cde.ual.es\/","name":"CDE Almer\u00eda - Centro de Documentaci\u00f3n Europea - Universidad de Almer\u00eda","description":"Centro de Documentaci\u00f3n Europea de la Universidad de Almer\u00eda","publisher":{"@id":"https:\/\/www.cde.ual.es\/#organization"},"alternateName":"CDE Almer\u00eda","potentialAction":[{"@type":"SearchAction","target":{"@type":"EntryPoint","urlTemplate":"https:\/\/www.cde.ual.es\/?s={search_term_string}"},"query-input":{"@type":"PropertyValueSpecification","valueRequired":true,"valueName":"search_term_string"}}],"inLanguage":"en-US"},{"@type":"Organization","@id":"https:\/\/www.cde.ual.es\/#organization","name":"Centro de Documentaci\u00f3n Europea de Almer\u00eda","url":"https:\/\/www.cde.ual.es\/","logo":{"@type":"ImageObject","inLanguage":"en-US","@id":"https:\/\/www.cde.ual.es\/#\/schema\/logo\/image\/","url":"https:\/\/www.cde.ual.es\/wp-content\/uploads\/2025\/07\/cde-logo-3.png","contentUrl":"https:\/\/www.cde.ual.es\/wp-content\/uploads\/2025\/07\/cde-logo-3.png","width":1400,"height":300,"caption":"Centro de Documentaci\u00f3n Europea de Almer\u00eda"},"image":{"@id":"https:\/\/www.cde.ual.es\/#\/schema\/logo\/image\/"},"sameAs":["https:\/\/www.facebook.com\/cdeuniversidadalmeria\/","https:\/\/x.com\/cdeualmeria","https:\/\/www.tiktok.com\/@cdealmeria","https:\/\/www.instagram.com\/cdealmeria\/","https:\/\/www.linkedin.com\/in\/cde-almera-812b26a9\/"]},{"@type":"Person","@id":"https:\/\/www.cde.ual.es\/#\/schema\/person\/ee46ebc19edfa19598c02cff83335acc","name":"BECA 2 CDE","image":{"@type":"ImageObject","inLanguage":"en-US","@id":"https:\/\/secure.gravatar.com\/avatar\/35a481bbc04bbd90e91bdfa3b0b5541036c222a49b9ad37b6889a2afcb5311a5?s=96&d=mm&r=g","url":"https:\/\/secure.gravatar.com\/avatar\/35a481bbc04bbd90e91bdfa3b0b5541036c222a49b9ad37b6889a2afcb5311a5?s=96&d=mm&r=g","contentUrl":"https:\/\/secure.gravatar.com\/avatar\/35a481bbc04bbd90e91bdfa3b0b5541036c222a49b9ad37b6889a2afcb5311a5?s=96&d=mm&r=g","caption":"BECA 2 CDE"},"sameAs":["http:\/\/www.cdealmeria.com"]}]}},"_links":{"self":[{"href":"https:\/\/www.cde.ual.es\/en\/wp-json\/wp\/v2\/posts\/36263","targetHints":{"allow":["GET"]}}],"collection":[{"href":"https:\/\/www.cde.ual.es\/en\/wp-json\/wp\/v2\/posts"}],"about":[{"href":"https:\/\/www.cde.ual.es\/en\/wp-json\/wp\/v2\/types\/post"}],"author":[{"embeddable":true,"href":"https:\/\/www.cde.ual.es\/en\/wp-json\/wp\/v2\/users\/101011"}],"replies":[{"embeddable":true,"href":"https:\/\/www.cde.ual.es\/en\/wp-json\/wp\/v2\/comments?post=36263"}],"version-history":[{"count":0,"href":"https:\/\/www.cde.ual.es\/en\/wp-json\/wp\/v2\/posts\/36263\/revisions"}],"wp:featuredmedia":[{"embeddable":true,"href":"https:\/\/www.cde.ual.es\/en\/wp-json\/wp\/v2\/media\/25119"}],"wp:attachment":[{"href":"https:\/\/www.cde.ual.es\/en\/wp-json\/wp\/v2\/media?parent=36263"}],"wp:term":[{"taxonomy":"category","embeddable":true,"href":"https:\/\/www.cde.ual.es\/en\/wp-json\/wp\/v2\/categories?post=36263"},{"taxonomy":"post_tag","embeddable":true,"href":"https:\/\/www.cde.ual.es\/en\/wp-json\/wp\/v2\/tags?post=36263"}],"curies":[{"name":"wp","href":"https:\/\/api.w.org\/{rel}","templated":true}]}}