{"id":35666,"date":"2020-02-17T03:00:22","date_gmt":"2020-02-17T02:00:22","guid":{"rendered":"https:\/\/www.cde.ual.es\/?p=35666"},"modified":"2020-02-14T10:53:05","modified_gmt":"2020-02-14T09:53:05","slug":"funded-traineeship-for-young-graduates-at-the-eu-delegation-of-the-european-union-to-chile","status":"publish","type":"post","link":"https:\/\/www.cde.ual.es\/en\/funded-traineeship-for-young-graduates-at-the-eu-delegation-of-the-european-union-to-chile\/","title":{"rendered":"Funded traineeship for young graduates at the EU Delegation of the European Union to Chile"},"content":{"rendered":"<p>Are you a\u00a0young graduate\u00a0interested in<strong> international relations<\/strong>? Are you curious to learn more about work of a <strong>diplomatic mission<\/strong> and how the <strong>EU Delegation<\/strong> represents EU interests and values in<strong> Chile<\/strong>?<\/p>\n<p><a href=\"https:\/\/www.cde.ual.es\/wp-content\/uploads\/2020\/02\/world-3340864_640.jpg\"><img decoding=\"async\" class=\"size-medium wp-image-35656 aligncenter\" src=\"https:\/\/www.cde.ual.es\/wp-content\/uploads\/2020\/02\/world-3340864_640-300x204.jpg\" alt=\"\" width=\"300\" height=\"204\" srcset=\"https:\/\/www.cde.ual.es\/wp-content\/uploads\/2020\/02\/world-3340864_640-300x204.jpg 300w, https:\/\/www.cde.ual.es\/wp-content\/uploads\/2020\/02\/world-3340864_640.jpg 640w\" sizes=\"(max-width: 300px) 100vw, 300px\" \/><\/a><\/p>\n<h3>What we offer?<\/h3>\n<p>A\u00a0<strong>traineeship<\/strong>\u00a0<strong>of up to<\/strong>\u00a0<strong>6 months<\/strong>\u00a0within the Political, Press and Information Section of the EU Delegation to Chile, starting in May 2020.<\/p>\n<h3><strong>Main tasks<\/strong><\/h3>\n<ul>\n<li>Political Analysis and reporting on public policies and foreign affairs of Chile<\/li>\n<li>Participation in and follow-up of events organized by the delegation (Seminars, conferences, workshop, \u2026)<\/li>\n<li>Provide logistical and conceptual support for the events organized by the Delegation<\/li>\n<li>Participate in the communication strategy of the delegation (Facebook, Twitter, webpage, \u2026)<\/li>\n<li>Follow issues of EU internal and external policies, and contribute to the preparation of tailor made information products for the Chilean public<\/li>\n<li>Contribute to specific tasks of the political section &gt;(research, note taking, contact with various interlocutors, update of mailing key lists, etc).<\/li>\n<\/ul>\n<h3><strong>Requirements<\/strong><\/h3>\n<ul>\n<li>Excellent command of English (minimum C1)<\/li>\n<li>Very good command of Spanish (minimum C1)<\/li>\n<li>University degree in economy, political science, law or equivalent<\/li>\n<li>Capacity to work in a multicultural team, showing good interpersonal skills<\/li>\n<li>Excellent communication skills.<\/li>\n<\/ul>\n<p>Additional requirements that would be an asset:<\/p>\n<ul>\n<li>Methodical, rigorous and autonomous mind-set.<\/li>\n<\/ul>\n<h3>How to apply?<\/h3>\n<p>Please send the following documents to the e-mail address:<br \/>\n<a class=\"mailto\" href=\"mailto:delegation-chile-job-box@eeas.europa.eu\">delegation-chile-job-box@eeas.europa.eu<\/a><\/p>\n<ul>\n<li>A detailed Europass curriculum vitae (<strong><a href=\"https:\/\/europass.cedefop.europa.eu\/\">CV<\/a><\/strong>)<\/li>\n<li>a cover letter describing why you want to participate in a EU traineeship<\/li>\n<li>and\u00a0an\u00a0<a href=\"https:\/\/eeas.europa.eu\/sites\/eeas\/files\/annex_2bis._application_form_for_funded_traineeships_en_35.docx\">application form<\/a><\/li>\n<\/ul>\n<p>Please mention in the subject of your e-mail: <em>Funded Traineeship &#8211; POL Section<\/em><\/p>\n<h3>Important information<\/h3>\n<p>Before applying\u00a0you are requested to examine the\u00a0<a href=\"https:\/\/eeas.europa.eu\/headquarters\/headquarters-homepage_en\/39144\/Traineeship%20in%20EU%20Delegation\">dedicated website<\/a>\u00a0as well as the\u00a0<a href=\"https:\/\/eeas.europa.eu\/sites\/eeas\/files\/2019_website_trainees_annexe_i_updated_28.05.19_en.pdf\">general eligibility criteria<\/a>\u00a0for a paid traineeship (Article 8 of the Decision ADMIN(2017)28 \u2013 Paid traineeship)<\/p>\n<p>Each selected trainee will receive a<strong> monthly grant<\/strong> to cover living expenses. All costs related to travel inside the country of residence, visa, insurance, accommodation must be borne by the trainee.<\/p>\n<h3>Deadline<\/h3>\n<p>2nd March 2020<\/p>\n<h3>More information<\/h3>\n<p><a href=\"https:\/\/eeas.europa.eu\/headquarters\/headquarters-homepage\/74632\/funded-traineeship-young-graduates-eu-delegation-european-union-chile_en\">Full news<\/a><\/p>\n","protected":false},"excerpt":{"rendered":"<p>Are you a\u00a0young graduate\u00a0interested in international relations? Are you curious to learn more about work of a diplomatic mission and how the EU Delegation represents EU interests and values in Chile? What we offer? A\u00a0traineeship\u00a0of up to\u00a06 months\u00a0within the Political, Press and Information Section of the EU Delegation to Chile, starting in May 2020. Main [&hellip;]<\/p>\n","protected":false},"author":1,"featured_media":35657,"comment_status":"open","ping_status":"open","sticky":false,"template":"","format":"standard","meta":{"_acf_changed":false,"_relevanssi_hide_post":"","_relevanssi_hide_content":"","_relevanssi_pin_for_all":"","_relevanssi_pin_keywords":"","_relevanssi_unpin_keywords":"","_relevanssi_related_keywords":"","_relevanssi_related_include_ids":"","_relevanssi_related_exclude_ids":"","_relevanssi_related_no_append":"","_relevanssi_related_not_related":"","_relevanssi_related_posts":"","_relevanssi_noindex_reason":"","_monsterinsights_skip_tracking":false,"_monsterinsights_sitenote_active":false,"_monsterinsights_sitenote_note":"","_monsterinsights_sitenote_category":0,"_genesis_hide_title":false,"_genesis_hide_breadcrumbs":false,"_genesis_hide_singular_image":false,"_genesis_hide_footer_widgets":false,"_genesis_custom_body_class":"","_genesis_custom_post_class":"","_genesis_layout":"","footnotes":""},"categories":[366],"tags":[1173,1172,788],"class_list":{"0":"post-35666","1":"post","2":"type-post","3":"status-publish","4":"format-standard","5":"has-post-thumbnail","7":"category-eu-calls-and-awards","8":"tag-eu-delegation","9":"tag-international-relations","10":"tag-traineeship","11":"entry"},"acf":[],"yoast_head":"<!-- This site is optimized with the Yoast SEO plugin v27.5 - https:\/\/yoast.com\/product\/yoast-seo-wordpress\/ -->\n<title>Funded traineeship for young graduates at the EU Delegation of the European Union to Chile | CDE Almer\u00eda - Centro de Documentaci\u00f3n Europea - Universidad de Almer\u00eda<\/title>\n<meta name=\"robots\" content=\"index, follow, max-snippet:-1, max-image-preview:large, max-video-preview:-1\" \/>\n<link rel=\"canonical\" href=\"https:\/\/www.cde.ual.es\/en\/funded-traineeship-for-young-graduates-at-the-eu-delegation-of-the-european-union-to-chile\/\" \/>\n<meta property=\"og:locale\" content=\"en_US\" \/>\n<meta property=\"og:type\" content=\"article\" \/>\n<meta property=\"og:title\" content=\"Funded traineeship for young graduates at the EU Delegation of the European Union to Chile | CDE Almer\u00eda - Centro de Documentaci\u00f3n Europea - Universidad de Almer\u00eda\" \/>\n<meta property=\"og:description\" content=\"Are you a\u00a0young graduate\u00a0interested in international relations? Are you curious to learn more about work of a diplomatic mission and how the EU Delegation represents EU interests and values in Chile? What we offer? A\u00a0traineeship\u00a0of up to\u00a06 months\u00a0within the Political, Press and Information Section of the EU Delegation to Chile, starting in May 2020. Main [&hellip;]\" \/>\n<meta property=\"og:url\" content=\"https:\/\/www.cde.ual.es\/en\/funded-traineeship-for-young-graduates-at-the-eu-delegation-of-the-european-union-to-chile\/\" \/>\n<meta property=\"og:site_name\" content=\"CDE Almer\u00eda - Centro de Documentaci\u00f3n Europea - Universidad de Almer\u00eda\" \/>\n<meta property=\"article:publisher\" content=\"https:\/\/www.facebook.com\/cdeuniversidadalmeria\/\" \/>\n<meta property=\"article:published_time\" content=\"2020-02-17T02:00:22+00:00\" \/>\n<meta property=\"og:image\" content=\"https:\/\/www.cde.ual.es\/wp-content\/uploads\/2020\/02\/world-3340864_640.jpg\" \/>\n\t<meta property=\"og:image:width\" content=\"640\" \/>\n\t<meta property=\"og:image:height\" content=\"436\" \/>\n\t<meta property=\"og:image:type\" content=\"image\/jpeg\" \/>\n<meta name=\"author\" content=\"AdminCDE\" \/>\n<meta name=\"twitter:card\" content=\"summary_large_image\" \/>\n<meta name=\"twitter:creator\" content=\"@cdeualmeria\" \/>\n<meta name=\"twitter:site\" content=\"@cdeualmeria\" \/>\n<meta name=\"twitter:label1\" content=\"Written by\" \/>\n\t<meta name=\"twitter:data1\" content=\"AdminCDE\" \/>\n\t<meta name=\"twitter:label2\" content=\"Est. reading time\" \/>\n\t<meta name=\"twitter:data2\" content=\"2 minutes\" \/>\n<script type=\"application\/ld+json\" class=\"yoast-schema-graph\">{\"@context\":\"https:\\\/\\\/schema.org\",\"@graph\":[{\"@type\":\"Article\",\"@id\":\"https:\\\/\\\/www.cde.ual.es\\\/en\\\/funded-traineeship-for-young-graduates-at-the-eu-delegation-of-the-european-union-to-chile\\\/#article\",\"isPartOf\":{\"@id\":\"https:\\\/\\\/www.cde.ual.es\\\/en\\\/funded-traineeship-for-young-graduates-at-the-eu-delegation-of-the-european-union-to-chile\\\/\"},\"author\":{\"name\":\"AdminCDE\",\"@id\":\"https:\\\/\\\/www.cde.ual.es\\\/#\\\/schema\\\/person\\\/224ef08c8bcc005f319d2713ce37ee5f\"},\"headline\":\"Funded traineeship for young graduates at the EU Delegation of the European Union to Chile\",\"datePublished\":\"2020-02-17T02:00:22+00:00\",\"mainEntityOfPage\":{\"@id\":\"https:\\\/\\\/www.cde.ual.es\\\/en\\\/funded-traineeship-for-young-graduates-at-the-eu-delegation-of-the-european-union-to-chile\\\/\"},\"wordCount\":336,\"commentCount\":0,\"publisher\":{\"@id\":\"https:\\\/\\\/www.cde.ual.es\\\/#organization\"},\"image\":{\"@id\":\"https:\\\/\\\/www.cde.ual.es\\\/en\\\/funded-traineeship-for-young-graduates-at-the-eu-delegation-of-the-european-union-to-chile\\\/#primaryimage\"},\"thumbnailUrl\":\"https:\\\/\\\/www.cde.ual.es\\\/wp-content\\\/uploads\\\/2020\\\/02\\\/world-3340864_640.jpg\",\"keywords\":[\"EU delegation\",\"International relations\",\"traineeship\"],\"articleSection\":[\"EU Calls and Awards\"],\"inLanguage\":\"en-US\",\"potentialAction\":[{\"@type\":\"CommentAction\",\"name\":\"Comment\",\"target\":[\"https:\\\/\\\/www.cde.ual.es\\\/en\\\/funded-traineeship-for-young-graduates-at-the-eu-delegation-of-the-european-union-to-chile\\\/#respond\"]}]},{\"@type\":\"WebPage\",\"@id\":\"https:\\\/\\\/www.cde.ual.es\\\/en\\\/funded-traineeship-for-young-graduates-at-the-eu-delegation-of-the-european-union-to-chile\\\/\",\"url\":\"https:\\\/\\\/www.cde.ual.es\\\/en\\\/funded-traineeship-for-young-graduates-at-the-eu-delegation-of-the-european-union-to-chile\\\/\",\"name\":\"Funded traineeship for young graduates at the EU Delegation of the European Union to Chile | CDE Almer\u00eda - Centro de Documentaci\u00f3n Europea - Universidad de Almer\u00eda\",\"isPartOf\":{\"@id\":\"https:\\\/\\\/www.cde.ual.es\\\/#website\"},\"primaryImageOfPage\":{\"@id\":\"https:\\\/\\\/www.cde.ual.es\\\/en\\\/funded-traineeship-for-young-graduates-at-the-eu-delegation-of-the-european-union-to-chile\\\/#primaryimage\"},\"image\":{\"@id\":\"https:\\\/\\\/www.cde.ual.es\\\/en\\\/funded-traineeship-for-young-graduates-at-the-eu-delegation-of-the-european-union-to-chile\\\/#primaryimage\"},\"thumbnailUrl\":\"https:\\\/\\\/www.cde.ual.es\\\/wp-content\\\/uploads\\\/2020\\\/02\\\/world-3340864_640.jpg\",\"datePublished\":\"2020-02-17T02:00:22+00:00\",\"breadcrumb\":{\"@id\":\"https:\\\/\\\/www.cde.ual.es\\\/en\\\/funded-traineeship-for-young-graduates-at-the-eu-delegation-of-the-european-union-to-chile\\\/#breadcrumb\"},\"inLanguage\":\"en-US\",\"potentialAction\":[{\"@type\":\"ReadAction\",\"target\":[\"https:\\\/\\\/www.cde.ual.es\\\/en\\\/funded-traineeship-for-young-graduates-at-the-eu-delegation-of-the-european-union-to-chile\\\/\"]}]},{\"@type\":\"ImageObject\",\"inLanguage\":\"en-US\",\"@id\":\"https:\\\/\\\/www.cde.ual.es\\\/en\\\/funded-traineeship-for-young-graduates-at-the-eu-delegation-of-the-european-union-to-chile\\\/#primaryimage\",\"url\":\"https:\\\/\\\/www.cde.ual.es\\\/wp-content\\\/uploads\\\/2020\\\/02\\\/world-3340864_640.jpg\",\"contentUrl\":\"https:\\\/\\\/www.cde.ual.es\\\/wp-content\\\/uploads\\\/2020\\\/02\\\/world-3340864_640.jpg\",\"width\":640,\"height\":436},{\"@type\":\"BreadcrumbList\",\"@id\":\"https:\\\/\\\/www.cde.ual.es\\\/en\\\/funded-traineeship-for-young-graduates-at-the-eu-delegation-of-the-european-union-to-chile\\\/#breadcrumb\",\"itemListElement\":[{\"@type\":\"ListItem\",\"position\":1,\"name\":\"Inicio\",\"item\":\"https:\\\/\\\/www.cde.ual.es\\\/en\\\/\"},{\"@type\":\"ListItem\",\"position\":2,\"name\":\"EU Calls and Awards\",\"item\":\"https:\\\/\\\/www.cde.ual.es\\\/en\\\/category\\\/eu-calls-and-awards\\\/\"},{\"@type\":\"ListItem\",\"position\":3,\"name\":\"Funded traineeship for young graduates at the EU Delegation of the European Union to Chile\"}]},{\"@type\":\"WebSite\",\"@id\":\"https:\\\/\\\/www.cde.ual.es\\\/#website\",\"url\":\"https:\\\/\\\/www.cde.ual.es\\\/\",\"name\":\"CDE Almer\u00eda - Centro de Documentaci\u00f3n Europea - Universidad de Almer\u00eda\",\"description\":\"Centro de Documentaci\u00f3n Europea de la Universidad de Almer\u00eda\",\"publisher\":{\"@id\":\"https:\\\/\\\/www.cde.ual.es\\\/#organization\"},\"alternateName\":\"CDE Almer\u00eda\",\"potentialAction\":[{\"@type\":\"SearchAction\",\"target\":{\"@type\":\"EntryPoint\",\"urlTemplate\":\"https:\\\/\\\/www.cde.ual.es\\\/?s={search_term_string}\"},\"query-input\":{\"@type\":\"PropertyValueSpecification\",\"valueRequired\":true,\"valueName\":\"search_term_string\"}}],\"inLanguage\":\"en-US\"},{\"@type\":\"Organization\",\"@id\":\"https:\\\/\\\/www.cde.ual.es\\\/#organization\",\"name\":\"Centro de Documentaci\u00f3n Europea de Almer\u00eda\",\"url\":\"https:\\\/\\\/www.cde.ual.es\\\/\",\"logo\":{\"@type\":\"ImageObject\",\"inLanguage\":\"en-US\",\"@id\":\"https:\\\/\\\/www.cde.ual.es\\\/#\\\/schema\\\/logo\\\/image\\\/\",\"url\":\"https:\\\/\\\/www.cde.ual.es\\\/wp-content\\\/uploads\\\/2025\\\/07\\\/cde-logo-3.png\",\"contentUrl\":\"https:\\\/\\\/www.cde.ual.es\\\/wp-content\\\/uploads\\\/2025\\\/07\\\/cde-logo-3.png\",\"width\":1400,\"height\":300,\"caption\":\"Centro de Documentaci\u00f3n Europea de Almer\u00eda\"},\"image\":{\"@id\":\"https:\\\/\\\/www.cde.ual.es\\\/#\\\/schema\\\/logo\\\/image\\\/\"},\"sameAs\":[\"https:\\\/\\\/www.facebook.com\\\/cdeuniversidadalmeria\\\/\",\"https:\\\/\\\/x.com\\\/cdeualmeria\",\"https:\\\/\\\/www.tiktok.com\\\/@cdealmeria\",\"https:\\\/\\\/www.instagram.com\\\/cdealmeria\\\/\",\"https:\\\/\\\/www.linkedin.com\\\/in\\\/cde-almera-812b26a9\\\/\"]},{\"@type\":\"Person\",\"@id\":\"https:\\\/\\\/www.cde.ual.es\\\/#\\\/schema\\\/person\\\/224ef08c8bcc005f319d2713ce37ee5f\",\"name\":\"AdminCDE\",\"image\":{\"@type\":\"ImageObject\",\"inLanguage\":\"en-US\",\"@id\":\"https:\\\/\\\/secure.gravatar.com\\\/avatar\\\/a72d038d371f995cd13706fac32274b7952a52e8fb0a84b5f80c85426f2a98a8?s=96&d=mm&r=g\",\"url\":\"https:\\\/\\\/secure.gravatar.com\\\/avatar\\\/a72d038d371f995cd13706fac32274b7952a52e8fb0a84b5f80c85426f2a98a8?s=96&d=mm&r=g\",\"contentUrl\":\"https:\\\/\\\/secure.gravatar.com\\\/avatar\\\/a72d038d371f995cd13706fac32274b7952a52e8fb0a84b5f80c85426f2a98a8?s=96&d=mm&r=g\",\"caption\":\"AdminCDE\"}}]}<\/script>\n<!-- \/ Yoast SEO plugin. -->","yoast_head_json":{"title":"Funded traineeship for young graduates at the EU Delegation of the European Union to Chile | CDE Almer\u00eda - Centro de Documentaci\u00f3n Europea - Universidad de Almer\u00eda","robots":{"index":"index","follow":"follow","max-snippet":"max-snippet:-1","max-image-preview":"max-image-preview:large","max-video-preview":"max-video-preview:-1"},"canonical":"https:\/\/www.cde.ual.es\/en\/funded-traineeship-for-young-graduates-at-the-eu-delegation-of-the-european-union-to-chile\/","og_locale":"en_US","og_type":"article","og_title":"Funded traineeship for young graduates at the EU Delegation of the European Union to Chile | CDE Almer\u00eda - Centro de Documentaci\u00f3n Europea - Universidad de Almer\u00eda","og_description":"Are you a\u00a0young graduate\u00a0interested in international relations? Are you curious to learn more about work of a diplomatic mission and how the EU Delegation represents EU interests and values in Chile? What we offer? A\u00a0traineeship\u00a0of up to\u00a06 months\u00a0within the Political, Press and Information Section of the EU Delegation to Chile, starting in May 2020. Main [&hellip;]","og_url":"https:\/\/www.cde.ual.es\/en\/funded-traineeship-for-young-graduates-at-the-eu-delegation-of-the-european-union-to-chile\/","og_site_name":"CDE Almer\u00eda - Centro de Documentaci\u00f3n Europea - Universidad de Almer\u00eda","article_publisher":"https:\/\/www.facebook.com\/cdeuniversidadalmeria\/","article_published_time":"2020-02-17T02:00:22+00:00","og_image":[{"width":640,"height":436,"url":"https:\/\/www.cde.ual.es\/wp-content\/uploads\/2020\/02\/world-3340864_640.jpg","type":"image\/jpeg"}],"author":"AdminCDE","twitter_card":"summary_large_image","twitter_creator":"@cdeualmeria","twitter_site":"@cdeualmeria","twitter_misc":{"Written by":"AdminCDE","Est. reading time":"2 minutes"},"schema":{"@context":"https:\/\/schema.org","@graph":[{"@type":"Article","@id":"https:\/\/www.cde.ual.es\/en\/funded-traineeship-for-young-graduates-at-the-eu-delegation-of-the-european-union-to-chile\/#article","isPartOf":{"@id":"https:\/\/www.cde.ual.es\/en\/funded-traineeship-for-young-graduates-at-the-eu-delegation-of-the-european-union-to-chile\/"},"author":{"name":"AdminCDE","@id":"https:\/\/www.cde.ual.es\/#\/schema\/person\/224ef08c8bcc005f319d2713ce37ee5f"},"headline":"Funded traineeship for young graduates at the EU Delegation of the European Union to Chile","datePublished":"2020-02-17T02:00:22+00:00","mainEntityOfPage":{"@id":"https:\/\/www.cde.ual.es\/en\/funded-traineeship-for-young-graduates-at-the-eu-delegation-of-the-european-union-to-chile\/"},"wordCount":336,"commentCount":0,"publisher":{"@id":"https:\/\/www.cde.ual.es\/#organization"},"image":{"@id":"https:\/\/www.cde.ual.es\/en\/funded-traineeship-for-young-graduates-at-the-eu-delegation-of-the-european-union-to-chile\/#primaryimage"},"thumbnailUrl":"https:\/\/www.cde.ual.es\/wp-content\/uploads\/2020\/02\/world-3340864_640.jpg","keywords":["EU delegation","International relations","traineeship"],"articleSection":["EU Calls and Awards"],"inLanguage":"en-US","potentialAction":[{"@type":"CommentAction","name":"Comment","target":["https:\/\/www.cde.ual.es\/en\/funded-traineeship-for-young-graduates-at-the-eu-delegation-of-the-european-union-to-chile\/#respond"]}]},{"@type":"WebPage","@id":"https:\/\/www.cde.ual.es\/en\/funded-traineeship-for-young-graduates-at-the-eu-delegation-of-the-european-union-to-chile\/","url":"https:\/\/www.cde.ual.es\/en\/funded-traineeship-for-young-graduates-at-the-eu-delegation-of-the-european-union-to-chile\/","name":"Funded traineeship for young graduates at the EU Delegation of the European Union to Chile | CDE Almer\u00eda - Centro de Documentaci\u00f3n Europea - Universidad de Almer\u00eda","isPartOf":{"@id":"https:\/\/www.cde.ual.es\/#website"},"primaryImageOfPage":{"@id":"https:\/\/www.cde.ual.es\/en\/funded-traineeship-for-young-graduates-at-the-eu-delegation-of-the-european-union-to-chile\/#primaryimage"},"image":{"@id":"https:\/\/www.cde.ual.es\/en\/funded-traineeship-for-young-graduates-at-the-eu-delegation-of-the-european-union-to-chile\/#primaryimage"},"thumbnailUrl":"https:\/\/www.cde.ual.es\/wp-content\/uploads\/2020\/02\/world-3340864_640.jpg","datePublished":"2020-02-17T02:00:22+00:00","breadcrumb":{"@id":"https:\/\/www.cde.ual.es\/en\/funded-traineeship-for-young-graduates-at-the-eu-delegation-of-the-european-union-to-chile\/#breadcrumb"},"inLanguage":"en-US","potentialAction":[{"@type":"ReadAction","target":["https:\/\/www.cde.ual.es\/en\/funded-traineeship-for-young-graduates-at-the-eu-delegation-of-the-european-union-to-chile\/"]}]},{"@type":"ImageObject","inLanguage":"en-US","@id":"https:\/\/www.cde.ual.es\/en\/funded-traineeship-for-young-graduates-at-the-eu-delegation-of-the-european-union-to-chile\/#primaryimage","url":"https:\/\/www.cde.ual.es\/wp-content\/uploads\/2020\/02\/world-3340864_640.jpg","contentUrl":"https:\/\/www.cde.ual.es\/wp-content\/uploads\/2020\/02\/world-3340864_640.jpg","width":640,"height":436},{"@type":"BreadcrumbList","@id":"https:\/\/www.cde.ual.es\/en\/funded-traineeship-for-young-graduates-at-the-eu-delegation-of-the-european-union-to-chile\/#breadcrumb","itemListElement":[{"@type":"ListItem","position":1,"name":"Inicio","item":"https:\/\/www.cde.ual.es\/en\/"},{"@type":"ListItem","position":2,"name":"EU Calls and Awards","item":"https:\/\/www.cde.ual.es\/en\/category\/eu-calls-and-awards\/"},{"@type":"ListItem","position":3,"name":"Funded traineeship for young graduates at the EU Delegation of the European Union to Chile"}]},{"@type":"WebSite","@id":"https:\/\/www.cde.ual.es\/#website","url":"https:\/\/www.cde.ual.es\/","name":"CDE Almer\u00eda - Centro de Documentaci\u00f3n Europea - Universidad de Almer\u00eda","description":"Centro de Documentaci\u00f3n Europea de la Universidad de Almer\u00eda","publisher":{"@id":"https:\/\/www.cde.ual.es\/#organization"},"alternateName":"CDE Almer\u00eda","potentialAction":[{"@type":"SearchAction","target":{"@type":"EntryPoint","urlTemplate":"https:\/\/www.cde.ual.es\/?s={search_term_string}"},"query-input":{"@type":"PropertyValueSpecification","valueRequired":true,"valueName":"search_term_string"}}],"inLanguage":"en-US"},{"@type":"Organization","@id":"https:\/\/www.cde.ual.es\/#organization","name":"Centro de Documentaci\u00f3n Europea de Almer\u00eda","url":"https:\/\/www.cde.ual.es\/","logo":{"@type":"ImageObject","inLanguage":"en-US","@id":"https:\/\/www.cde.ual.es\/#\/schema\/logo\/image\/","url":"https:\/\/www.cde.ual.es\/wp-content\/uploads\/2025\/07\/cde-logo-3.png","contentUrl":"https:\/\/www.cde.ual.es\/wp-content\/uploads\/2025\/07\/cde-logo-3.png","width":1400,"height":300,"caption":"Centro de Documentaci\u00f3n Europea de Almer\u00eda"},"image":{"@id":"https:\/\/www.cde.ual.es\/#\/schema\/logo\/image\/"},"sameAs":["https:\/\/www.facebook.com\/cdeuniversidadalmeria\/","https:\/\/x.com\/cdeualmeria","https:\/\/www.tiktok.com\/@cdealmeria","https:\/\/www.instagram.com\/cdealmeria\/","https:\/\/www.linkedin.com\/in\/cde-almera-812b26a9\/"]},{"@type":"Person","@id":"https:\/\/www.cde.ual.es\/#\/schema\/person\/224ef08c8bcc005f319d2713ce37ee5f","name":"AdminCDE","image":{"@type":"ImageObject","inLanguage":"en-US","@id":"https:\/\/secure.gravatar.com\/avatar\/a72d038d371f995cd13706fac32274b7952a52e8fb0a84b5f80c85426f2a98a8?s=96&d=mm&r=g","url":"https:\/\/secure.gravatar.com\/avatar\/a72d038d371f995cd13706fac32274b7952a52e8fb0a84b5f80c85426f2a98a8?s=96&d=mm&r=g","contentUrl":"https:\/\/secure.gravatar.com\/avatar\/a72d038d371f995cd13706fac32274b7952a52e8fb0a84b5f80c85426f2a98a8?s=96&d=mm&r=g","caption":"AdminCDE"}}]}},"_links":{"self":[{"href":"https:\/\/www.cde.ual.es\/en\/wp-json\/wp\/v2\/posts\/35666","targetHints":{"allow":["GET"]}}],"collection":[{"href":"https:\/\/www.cde.ual.es\/en\/wp-json\/wp\/v2\/posts"}],"about":[{"href":"https:\/\/www.cde.ual.es\/en\/wp-json\/wp\/v2\/types\/post"}],"author":[{"embeddable":true,"href":"https:\/\/www.cde.ual.es\/en\/wp-json\/wp\/v2\/users\/1"}],"replies":[{"embeddable":true,"href":"https:\/\/www.cde.ual.es\/en\/wp-json\/wp\/v2\/comments?post=35666"}],"version-history":[{"count":0,"href":"https:\/\/www.cde.ual.es\/en\/wp-json\/wp\/v2\/posts\/35666\/revisions"}],"wp:featuredmedia":[{"embeddable":true,"href":"https:\/\/www.cde.ual.es\/en\/wp-json\/wp\/v2\/media\/35657"}],"wp:attachment":[{"href":"https:\/\/www.cde.ual.es\/en\/wp-json\/wp\/v2\/media?parent=35666"}],"wp:term":[{"taxonomy":"category","embeddable":true,"href":"https:\/\/www.cde.ual.es\/en\/wp-json\/wp\/v2\/categories?post=35666"},{"taxonomy":"post_tag","embeddable":true,"href":"https:\/\/www.cde.ual.es\/en\/wp-json\/wp\/v2\/tags?post=35666"}],"curies":[{"name":"wp","href":"https:\/\/api.w.org\/{rel}","templated":true}]}}