{"id":35441,"date":"2020-02-14T03:00:24","date_gmt":"2020-02-14T02:00:24","guid":{"rendered":"https:\/\/www.cde.ual.es\/?p=35441"},"modified":"2020-02-12T11:36:49","modified_gmt":"2020-02-12T10:36:49","slug":"culture-key-to-strengthening-european-identity","status":"publish","type":"post","link":"https:\/\/www.cde.ual.es\/en\/culture-key-to-strengthening-european-identity\/","title":{"rendered":"Culture: key to strengthening European identity"},"content":{"rendered":"<p><strong>\u200bCulture should be on a more prominent position on the EU&#8217;s political agenda<\/strong>, and the next multiannual EU budget should provide adequate support for cities and regions in the\u00a0management, use and development of cultural heritage, the European Committee of the Regions argues in an opinion prepared by\u00a0Vincenzo Bianco\u00a0(IT\/PES), Member of Catania Municipal Council.<\/p>\n<p><a href=\"https:\/\/www.cde.ual.es\/wp-content\/uploads\/2019\/06\/Patrimonio-Cultural-1.jpg\"><img decoding=\"async\" class=\"size-medium wp-image-20071 aligncenter\" src=\"https:\/\/www.cde.ual.es\/wp-content\/uploads\/2019\/06\/Patrimonio-Cultural-1-300x200.jpg\" alt=\"\" width=\"300\" height=\"200\" srcset=\"https:\/\/www.cde.ual.es\/wp-content\/uploads\/2019\/06\/Patrimonio-Cultural-1-300x200.jpg 300w, https:\/\/www.cde.ual.es\/wp-content\/uploads\/2019\/06\/Patrimonio-Cultural-1-768x512.jpg 768w, https:\/\/www.cde.ual.es\/wp-content\/uploads\/2019\/06\/Patrimonio-Cultural-1.jpg 960w\" sizes=\"(max-width: 300px) 100vw, 300px\" \/><\/a><\/p>\n<p>Mr Bianco&#8217;s\u00a0opinion, underlines that culture must not be seen as just a sector-specific policy and calls on to <strong>recognise its contribution to economic, social and territorial cohesion in Europe.\u00a0<\/strong>Moreover,\u00a0a\u00a0broad understanding of\u00a0culture\u00a0and Europe&#8217;s cultural diversity,\u00a0going beyond solely the conservation and protection of tangible heritage,\u00a0consolidates European citizenship and drives forward integration and social inclusion.\u00a0Therefore, it is important to\u00a0strengthen synergies between culture and other policies such as tourism, regional policy, education, youth and R&amp;D.<\/p>\n<p>The CoR fully acknowledges the contribution of culture and cultural diversity to sustainable development, as recognised in the 2030 Agenda for Sustainable Development, and pledges to work at local and regional level to reach this goal. It further recommends:<\/p>\n<ul>\n<li>promoting the use of cultural resources, particularly among the younger generations,<\/li>\n<li>developing integrated lifelong education and training policies<\/li>\n<li>encouraging local communities to take part in cultural initiatives: promoting sustainable cultural tourism, supporting the protection and physical safeguarding of cultural heritage and building up basic cultural products, such as public library services.<\/li>\n<\/ul>\n<p>Mr Bianco&#8217;s opinion also invites regions and cities in Europe, as well as regional cultural heritage organisations and networks, to develop wide-reaching and effective actions and strategic plans on promoting and capitalising on cultural heritage. Since cultural heritage goes beyond borders, it points to the importance of cross-border and inter-regional cooperation in the field of culture.<\/p>\n<h3>More information<\/h3>\n<p><a href=\"https:\/\/cor.europa.eu\/es\/news\/Pages\/A-pluralistic-and-innovative-vision-of-culture-key-to-strengthening-European-identity.aspx\">Full news<\/a><\/p>\n","protected":false},"excerpt":{"rendered":"<p>\u200bCulture should be on a more prominent position on the EU&#8217;s political agenda, and the next multiannual EU budget should provide adequate support for cities and regions in the\u00a0management, use and development of cultural heritage, the European Committee of the Regions argues in an opinion prepared by\u00a0Vincenzo Bianco\u00a0(IT\/PES), Member of Catania Municipal Council. Mr Bianco&#8217;s\u00a0opinion, [&hellip;]<\/p>\n","protected":false},"author":1,"featured_media":20072,"comment_status":"open","ping_status":"open","sticky":false,"template":"","format":"standard","meta":{"_acf_changed":false,"_relevanssi_hide_post":"","_relevanssi_hide_content":"","_relevanssi_pin_for_all":"","_relevanssi_pin_keywords":"","_relevanssi_unpin_keywords":"","_relevanssi_related_keywords":"","_relevanssi_related_include_ids":"","_relevanssi_related_exclude_ids":"","_relevanssi_related_no_append":"","_relevanssi_related_not_related":"","_relevanssi_related_posts":"","_relevanssi_noindex_reason":"","_monsterinsights_skip_tracking":false,"_monsterinsights_sitenote_active":false,"_monsterinsights_sitenote_note":"","_monsterinsights_sitenote_category":0,"_genesis_hide_title":false,"_genesis_hide_breadcrumbs":false,"_genesis_hide_singular_image":false,"_genesis_hide_footer_widgets":false,"_genesis_custom_body_class":"","_genesis_custom_post_class":"","_genesis_layout":"","footnotes":""},"categories":[346],"tags":[499,527,1232],"class_list":{"0":"post-35441","1":"post","2":"type-post","3":"status-publish","4":"format-standard","5":"has-post-thumbnail","7":"category-eu-news","8":"tag-cultural-heritage","9":"tag-culture","10":"tag-eu-political-agenda","11":"entry"},"acf":[],"yoast_head":"<!-- This site is optimized with the Yoast SEO plugin v27.4 - https:\/\/yoast.com\/product\/yoast-seo-wordpress\/ -->\n<title>Culture: key to strengthening European identity | CDE Almer\u00eda - Centro de Documentaci\u00f3n Europea - Universidad de Almer\u00eda<\/title>\n<meta name=\"robots\" content=\"index, follow, max-snippet:-1, max-image-preview:large, max-video-preview:-1\" \/>\n<link rel=\"canonical\" href=\"https:\/\/www.cde.ual.es\/en\/culture-key-to-strengthening-european-identity\/\" \/>\n<meta property=\"og:locale\" content=\"en_US\" \/>\n<meta property=\"og:type\" content=\"article\" \/>\n<meta property=\"og:title\" content=\"Culture: key to strengthening European identity | CDE Almer\u00eda - Centro de Documentaci\u00f3n Europea - Universidad de Almer\u00eda\" \/>\n<meta property=\"og:description\" content=\"\u200bCulture should be on a more prominent position on the EU&#8217;s political agenda, and the next multiannual EU budget should provide adequate support for cities and regions in the\u00a0management, use and development of cultural heritage, the European Committee of the Regions argues in an opinion prepared by\u00a0Vincenzo Bianco\u00a0(IT\/PES), Member of Catania Municipal Council. Mr Bianco&#8217;s\u00a0opinion, [&hellip;]\" \/>\n<meta property=\"og:url\" content=\"https:\/\/www.cde.ual.es\/en\/culture-key-to-strengthening-european-identity\/\" \/>\n<meta property=\"og:site_name\" content=\"CDE Almer\u00eda - Centro de Documentaci\u00f3n Europea - Universidad de Almer\u00eda\" \/>\n<meta property=\"article:publisher\" content=\"https:\/\/www.facebook.com\/cdeuniversidadalmeria\/\" \/>\n<meta property=\"article:published_time\" content=\"2020-02-14T02:00:24+00:00\" \/>\n<meta property=\"og:image\" content=\"https:\/\/www.cde.ual.es\/wp-content\/uploads\/2019\/06\/Patrimonio-Cultural-1.jpg\" \/>\n\t<meta property=\"og:image:width\" content=\"960\" \/>\n\t<meta property=\"og:image:height\" content=\"640\" \/>\n\t<meta property=\"og:image:type\" content=\"image\/jpeg\" \/>\n<meta name=\"author\" content=\"AdminCDE\" \/>\n<meta name=\"twitter:card\" content=\"summary_large_image\" \/>\n<meta name=\"twitter:creator\" content=\"@cdeualmeria\" \/>\n<meta name=\"twitter:site\" content=\"@cdeualmeria\" \/>\n<meta name=\"twitter:label1\" content=\"Written by\" \/>\n\t<meta name=\"twitter:data1\" content=\"AdminCDE\" \/>\n\t<meta name=\"twitter:label2\" content=\"Est. reading time\" \/>\n\t<meta name=\"twitter:data2\" content=\"1 minute\" \/>\n<script type=\"application\/ld+json\" class=\"yoast-schema-graph\">{\"@context\":\"https:\\\/\\\/schema.org\",\"@graph\":[{\"@type\":\"Article\",\"@id\":\"https:\\\/\\\/www.cde.ual.es\\\/en\\\/culture-key-to-strengthening-european-identity\\\/#article\",\"isPartOf\":{\"@id\":\"https:\\\/\\\/www.cde.ual.es\\\/en\\\/culture-key-to-strengthening-european-identity\\\/\"},\"author\":{\"name\":\"AdminCDE\",\"@id\":\"https:\\\/\\\/www.cde.ual.es\\\/#\\\/schema\\\/person\\\/224ef08c8bcc005f319d2713ce37ee5f\"},\"headline\":\"Culture: key to strengthening European identity\",\"datePublished\":\"2020-02-14T02:00:24+00:00\",\"mainEntityOfPage\":{\"@id\":\"https:\\\/\\\/www.cde.ual.es\\\/en\\\/culture-key-to-strengthening-european-identity\\\/\"},\"wordCount\":299,\"commentCount\":0,\"publisher\":{\"@id\":\"https:\\\/\\\/www.cde.ual.es\\\/#organization\"},\"image\":{\"@id\":\"https:\\\/\\\/www.cde.ual.es\\\/en\\\/culture-key-to-strengthening-european-identity\\\/#primaryimage\"},\"thumbnailUrl\":\"https:\\\/\\\/www.cde.ual.es\\\/wp-content\\\/uploads\\\/2019\\\/06\\\/Patrimonio-Cultural-1.jpg\",\"keywords\":[\"Cultural Heritage\",\"culture\",\"EU political agenda\"],\"articleSection\":[\"EU News\"],\"inLanguage\":\"en-US\",\"potentialAction\":[{\"@type\":\"CommentAction\",\"name\":\"Comment\",\"target\":[\"https:\\\/\\\/www.cde.ual.es\\\/en\\\/culture-key-to-strengthening-european-identity\\\/#respond\"]}]},{\"@type\":\"WebPage\",\"@id\":\"https:\\\/\\\/www.cde.ual.es\\\/en\\\/culture-key-to-strengthening-european-identity\\\/\",\"url\":\"https:\\\/\\\/www.cde.ual.es\\\/en\\\/culture-key-to-strengthening-european-identity\\\/\",\"name\":\"Culture: key to strengthening European identity | CDE Almer\u00eda - Centro de Documentaci\u00f3n Europea - Universidad de Almer\u00eda\",\"isPartOf\":{\"@id\":\"https:\\\/\\\/www.cde.ual.es\\\/#website\"},\"primaryImageOfPage\":{\"@id\":\"https:\\\/\\\/www.cde.ual.es\\\/en\\\/culture-key-to-strengthening-european-identity\\\/#primaryimage\"},\"image\":{\"@id\":\"https:\\\/\\\/www.cde.ual.es\\\/en\\\/culture-key-to-strengthening-european-identity\\\/#primaryimage\"},\"thumbnailUrl\":\"https:\\\/\\\/www.cde.ual.es\\\/wp-content\\\/uploads\\\/2019\\\/06\\\/Patrimonio-Cultural-1.jpg\",\"datePublished\":\"2020-02-14T02:00:24+00:00\",\"breadcrumb\":{\"@id\":\"https:\\\/\\\/www.cde.ual.es\\\/en\\\/culture-key-to-strengthening-european-identity\\\/#breadcrumb\"},\"inLanguage\":\"en-US\",\"potentialAction\":[{\"@type\":\"ReadAction\",\"target\":[\"https:\\\/\\\/www.cde.ual.es\\\/en\\\/culture-key-to-strengthening-european-identity\\\/\"]}]},{\"@type\":\"ImageObject\",\"inLanguage\":\"en-US\",\"@id\":\"https:\\\/\\\/www.cde.ual.es\\\/en\\\/culture-key-to-strengthening-european-identity\\\/#primaryimage\",\"url\":\"https:\\\/\\\/www.cde.ual.es\\\/wp-content\\\/uploads\\\/2019\\\/06\\\/Patrimonio-Cultural-1.jpg\",\"contentUrl\":\"https:\\\/\\\/www.cde.ual.es\\\/wp-content\\\/uploads\\\/2019\\\/06\\\/Patrimonio-Cultural-1.jpg\",\"width\":960,\"height\":640},{\"@type\":\"BreadcrumbList\",\"@id\":\"https:\\\/\\\/www.cde.ual.es\\\/en\\\/culture-key-to-strengthening-european-identity\\\/#breadcrumb\",\"itemListElement\":[{\"@type\":\"ListItem\",\"position\":1,\"name\":\"Inicio\",\"item\":\"https:\\\/\\\/www.cde.ual.es\\\/en\\\/\"},{\"@type\":\"ListItem\",\"position\":2,\"name\":\"EU News\",\"item\":\"https:\\\/\\\/www.cde.ual.es\\\/en\\\/category\\\/eu-news\\\/\"},{\"@type\":\"ListItem\",\"position\":3,\"name\":\"Culture: key to strengthening European identity\"}]},{\"@type\":\"WebSite\",\"@id\":\"https:\\\/\\\/www.cde.ual.es\\\/#website\",\"url\":\"https:\\\/\\\/www.cde.ual.es\\\/\",\"name\":\"CDE Almer\u00eda - Centro de Documentaci\u00f3n Europea - Universidad de Almer\u00eda\",\"description\":\"Centro de Documentaci\u00f3n Europea de la Universidad de Almer\u00eda\",\"publisher\":{\"@id\":\"https:\\\/\\\/www.cde.ual.es\\\/#organization\"},\"alternateName\":\"CDE Almer\u00eda\",\"potentialAction\":[{\"@type\":\"SearchAction\",\"target\":{\"@type\":\"EntryPoint\",\"urlTemplate\":\"https:\\\/\\\/www.cde.ual.es\\\/?s={search_term_string}\"},\"query-input\":{\"@type\":\"PropertyValueSpecification\",\"valueRequired\":true,\"valueName\":\"search_term_string\"}}],\"inLanguage\":\"en-US\"},{\"@type\":\"Organization\",\"@id\":\"https:\\\/\\\/www.cde.ual.es\\\/#organization\",\"name\":\"Centro de Documentaci\u00f3n Europea de Almer\u00eda\",\"url\":\"https:\\\/\\\/www.cde.ual.es\\\/\",\"logo\":{\"@type\":\"ImageObject\",\"inLanguage\":\"en-US\",\"@id\":\"https:\\\/\\\/www.cde.ual.es\\\/#\\\/schema\\\/logo\\\/image\\\/\",\"url\":\"https:\\\/\\\/www.cde.ual.es\\\/wp-content\\\/uploads\\\/2025\\\/07\\\/cde-logo-3.png\",\"contentUrl\":\"https:\\\/\\\/www.cde.ual.es\\\/wp-content\\\/uploads\\\/2025\\\/07\\\/cde-logo-3.png\",\"width\":1400,\"height\":300,\"caption\":\"Centro de Documentaci\u00f3n Europea de Almer\u00eda\"},\"image\":{\"@id\":\"https:\\\/\\\/www.cde.ual.es\\\/#\\\/schema\\\/logo\\\/image\\\/\"},\"sameAs\":[\"https:\\\/\\\/www.facebook.com\\\/cdeuniversidadalmeria\\\/\",\"https:\\\/\\\/x.com\\\/cdeualmeria\",\"https:\\\/\\\/www.tiktok.com\\\/@cdealmeria\",\"https:\\\/\\\/www.instagram.com\\\/cdealmeria\\\/\",\"https:\\\/\\\/www.linkedin.com\\\/in\\\/cde-almera-812b26a9\\\/\"]},{\"@type\":\"Person\",\"@id\":\"https:\\\/\\\/www.cde.ual.es\\\/#\\\/schema\\\/person\\\/224ef08c8bcc005f319d2713ce37ee5f\",\"name\":\"AdminCDE\",\"image\":{\"@type\":\"ImageObject\",\"inLanguage\":\"en-US\",\"@id\":\"https:\\\/\\\/secure.gravatar.com\\\/avatar\\\/a72d038d371f995cd13706fac32274b7952a52e8fb0a84b5f80c85426f2a98a8?s=96&d=mm&r=g\",\"url\":\"https:\\\/\\\/secure.gravatar.com\\\/avatar\\\/a72d038d371f995cd13706fac32274b7952a52e8fb0a84b5f80c85426f2a98a8?s=96&d=mm&r=g\",\"contentUrl\":\"https:\\\/\\\/secure.gravatar.com\\\/avatar\\\/a72d038d371f995cd13706fac32274b7952a52e8fb0a84b5f80c85426f2a98a8?s=96&d=mm&r=g\",\"caption\":\"AdminCDE\"}}]}<\/script>\n<!-- \/ Yoast SEO plugin. -->","yoast_head_json":{"title":"Culture: key to strengthening European identity | CDE Almer\u00eda - Centro de Documentaci\u00f3n Europea - Universidad de Almer\u00eda","robots":{"index":"index","follow":"follow","max-snippet":"max-snippet:-1","max-image-preview":"max-image-preview:large","max-video-preview":"max-video-preview:-1"},"canonical":"https:\/\/www.cde.ual.es\/en\/culture-key-to-strengthening-european-identity\/","og_locale":"en_US","og_type":"article","og_title":"Culture: key to strengthening European identity | CDE Almer\u00eda - Centro de Documentaci\u00f3n Europea - Universidad de Almer\u00eda","og_description":"\u200bCulture should be on a more prominent position on the EU&#8217;s political agenda, and the next multiannual EU budget should provide adequate support for cities and regions in the\u00a0management, use and development of cultural heritage, the European Committee of the Regions argues in an opinion prepared by\u00a0Vincenzo Bianco\u00a0(IT\/PES), Member of Catania Municipal Council. Mr Bianco&#8217;s\u00a0opinion, [&hellip;]","og_url":"https:\/\/www.cde.ual.es\/en\/culture-key-to-strengthening-european-identity\/","og_site_name":"CDE Almer\u00eda - Centro de Documentaci\u00f3n Europea - Universidad de Almer\u00eda","article_publisher":"https:\/\/www.facebook.com\/cdeuniversidadalmeria\/","article_published_time":"2020-02-14T02:00:24+00:00","og_image":[{"width":960,"height":640,"url":"https:\/\/www.cde.ual.es\/wp-content\/uploads\/2019\/06\/Patrimonio-Cultural-1.jpg","type":"image\/jpeg"}],"author":"AdminCDE","twitter_card":"summary_large_image","twitter_creator":"@cdeualmeria","twitter_site":"@cdeualmeria","twitter_misc":{"Written by":"AdminCDE","Est. reading time":"1 minute"},"schema":{"@context":"https:\/\/schema.org","@graph":[{"@type":"Article","@id":"https:\/\/www.cde.ual.es\/en\/culture-key-to-strengthening-european-identity\/#article","isPartOf":{"@id":"https:\/\/www.cde.ual.es\/en\/culture-key-to-strengthening-european-identity\/"},"author":{"name":"AdminCDE","@id":"https:\/\/www.cde.ual.es\/#\/schema\/person\/224ef08c8bcc005f319d2713ce37ee5f"},"headline":"Culture: key to strengthening European identity","datePublished":"2020-02-14T02:00:24+00:00","mainEntityOfPage":{"@id":"https:\/\/www.cde.ual.es\/en\/culture-key-to-strengthening-european-identity\/"},"wordCount":299,"commentCount":0,"publisher":{"@id":"https:\/\/www.cde.ual.es\/#organization"},"image":{"@id":"https:\/\/www.cde.ual.es\/en\/culture-key-to-strengthening-european-identity\/#primaryimage"},"thumbnailUrl":"https:\/\/www.cde.ual.es\/wp-content\/uploads\/2019\/06\/Patrimonio-Cultural-1.jpg","keywords":["Cultural Heritage","culture","EU political agenda"],"articleSection":["EU News"],"inLanguage":"en-US","potentialAction":[{"@type":"CommentAction","name":"Comment","target":["https:\/\/www.cde.ual.es\/en\/culture-key-to-strengthening-european-identity\/#respond"]}]},{"@type":"WebPage","@id":"https:\/\/www.cde.ual.es\/en\/culture-key-to-strengthening-european-identity\/","url":"https:\/\/www.cde.ual.es\/en\/culture-key-to-strengthening-european-identity\/","name":"Culture: key to strengthening European identity | CDE Almer\u00eda - Centro de Documentaci\u00f3n Europea - Universidad de Almer\u00eda","isPartOf":{"@id":"https:\/\/www.cde.ual.es\/#website"},"primaryImageOfPage":{"@id":"https:\/\/www.cde.ual.es\/en\/culture-key-to-strengthening-european-identity\/#primaryimage"},"image":{"@id":"https:\/\/www.cde.ual.es\/en\/culture-key-to-strengthening-european-identity\/#primaryimage"},"thumbnailUrl":"https:\/\/www.cde.ual.es\/wp-content\/uploads\/2019\/06\/Patrimonio-Cultural-1.jpg","datePublished":"2020-02-14T02:00:24+00:00","breadcrumb":{"@id":"https:\/\/www.cde.ual.es\/en\/culture-key-to-strengthening-european-identity\/#breadcrumb"},"inLanguage":"en-US","potentialAction":[{"@type":"ReadAction","target":["https:\/\/www.cde.ual.es\/en\/culture-key-to-strengthening-european-identity\/"]}]},{"@type":"ImageObject","inLanguage":"en-US","@id":"https:\/\/www.cde.ual.es\/en\/culture-key-to-strengthening-european-identity\/#primaryimage","url":"https:\/\/www.cde.ual.es\/wp-content\/uploads\/2019\/06\/Patrimonio-Cultural-1.jpg","contentUrl":"https:\/\/www.cde.ual.es\/wp-content\/uploads\/2019\/06\/Patrimonio-Cultural-1.jpg","width":960,"height":640},{"@type":"BreadcrumbList","@id":"https:\/\/www.cde.ual.es\/en\/culture-key-to-strengthening-european-identity\/#breadcrumb","itemListElement":[{"@type":"ListItem","position":1,"name":"Inicio","item":"https:\/\/www.cde.ual.es\/en\/"},{"@type":"ListItem","position":2,"name":"EU News","item":"https:\/\/www.cde.ual.es\/en\/category\/eu-news\/"},{"@type":"ListItem","position":3,"name":"Culture: key to strengthening European identity"}]},{"@type":"WebSite","@id":"https:\/\/www.cde.ual.es\/#website","url":"https:\/\/www.cde.ual.es\/","name":"CDE Almer\u00eda - Centro de Documentaci\u00f3n Europea - Universidad de Almer\u00eda","description":"Centro de Documentaci\u00f3n Europea de la Universidad de Almer\u00eda","publisher":{"@id":"https:\/\/www.cde.ual.es\/#organization"},"alternateName":"CDE Almer\u00eda","potentialAction":[{"@type":"SearchAction","target":{"@type":"EntryPoint","urlTemplate":"https:\/\/www.cde.ual.es\/?s={search_term_string}"},"query-input":{"@type":"PropertyValueSpecification","valueRequired":true,"valueName":"search_term_string"}}],"inLanguage":"en-US"},{"@type":"Organization","@id":"https:\/\/www.cde.ual.es\/#organization","name":"Centro de Documentaci\u00f3n Europea de Almer\u00eda","url":"https:\/\/www.cde.ual.es\/","logo":{"@type":"ImageObject","inLanguage":"en-US","@id":"https:\/\/www.cde.ual.es\/#\/schema\/logo\/image\/","url":"https:\/\/www.cde.ual.es\/wp-content\/uploads\/2025\/07\/cde-logo-3.png","contentUrl":"https:\/\/www.cde.ual.es\/wp-content\/uploads\/2025\/07\/cde-logo-3.png","width":1400,"height":300,"caption":"Centro de Documentaci\u00f3n Europea de Almer\u00eda"},"image":{"@id":"https:\/\/www.cde.ual.es\/#\/schema\/logo\/image\/"},"sameAs":["https:\/\/www.facebook.com\/cdeuniversidadalmeria\/","https:\/\/x.com\/cdeualmeria","https:\/\/www.tiktok.com\/@cdealmeria","https:\/\/www.instagram.com\/cdealmeria\/","https:\/\/www.linkedin.com\/in\/cde-almera-812b26a9\/"]},{"@type":"Person","@id":"https:\/\/www.cde.ual.es\/#\/schema\/person\/224ef08c8bcc005f319d2713ce37ee5f","name":"AdminCDE","image":{"@type":"ImageObject","inLanguage":"en-US","@id":"https:\/\/secure.gravatar.com\/avatar\/a72d038d371f995cd13706fac32274b7952a52e8fb0a84b5f80c85426f2a98a8?s=96&d=mm&r=g","url":"https:\/\/secure.gravatar.com\/avatar\/a72d038d371f995cd13706fac32274b7952a52e8fb0a84b5f80c85426f2a98a8?s=96&d=mm&r=g","contentUrl":"https:\/\/secure.gravatar.com\/avatar\/a72d038d371f995cd13706fac32274b7952a52e8fb0a84b5f80c85426f2a98a8?s=96&d=mm&r=g","caption":"AdminCDE"}}]}},"_links":{"self":[{"href":"https:\/\/www.cde.ual.es\/en\/wp-json\/wp\/v2\/posts\/35441","targetHints":{"allow":["GET"]}}],"collection":[{"href":"https:\/\/www.cde.ual.es\/en\/wp-json\/wp\/v2\/posts"}],"about":[{"href":"https:\/\/www.cde.ual.es\/en\/wp-json\/wp\/v2\/types\/post"}],"author":[{"embeddable":true,"href":"https:\/\/www.cde.ual.es\/en\/wp-json\/wp\/v2\/users\/1"}],"replies":[{"embeddable":true,"href":"https:\/\/www.cde.ual.es\/en\/wp-json\/wp\/v2\/comments?post=35441"}],"version-history":[{"count":0,"href":"https:\/\/www.cde.ual.es\/en\/wp-json\/wp\/v2\/posts\/35441\/revisions"}],"wp:featuredmedia":[{"embeddable":true,"href":"https:\/\/www.cde.ual.es\/en\/wp-json\/wp\/v2\/media\/20072"}],"wp:attachment":[{"href":"https:\/\/www.cde.ual.es\/en\/wp-json\/wp\/v2\/media?parent=35441"}],"wp:term":[{"taxonomy":"category","embeddable":true,"href":"https:\/\/www.cde.ual.es\/en\/wp-json\/wp\/v2\/categories?post=35441"},{"taxonomy":"post_tag","embeddable":true,"href":"https:\/\/www.cde.ual.es\/en\/wp-json\/wp\/v2\/tags?post=35441"}],"curies":[{"name":"wp","href":"https:\/\/api.w.org\/{rel}","templated":true}]}}