{"id":35142,"date":"2020-02-11T03:00:02","date_gmt":"2020-02-11T02:00:02","guid":{"rendered":"https:\/\/www.cde.ual.es\/?p=35142"},"modified":"2020-02-10T11:30:54","modified_gmt":"2020-02-10T10:30:54","slug":"council-of-the-eu-coming-fortnight-10-23-february-2020","status":"publish","type":"post","link":"https:\/\/www.cde.ual.es\/en\/council-of-the-eu-coming-fortnight-10-23-february-2020\/","title":{"rendered":"Council of the EU: Coming fortnight 10 &#8211; 23 February 2020"},"content":{"rendered":"<p>The European Council is the EU institution that defines the<strong> general political direction and priorities of the European Unio<\/strong>n. It consists of the\u00a0<strong>heads of state or government of the member states<\/strong>, together with its President and the President of the Commission.<\/p>\n<p><a href=\"https:\/\/www.cde.ual.es\/wp-content\/uploads\/2017\/12\/Consejo-Europa.jpg\"><img decoding=\"async\" class=\"size-medium wp-image-30991 aligncenter\" src=\"https:\/\/www.cde.ual.es\/wp-content\/uploads\/2017\/12\/Consejo-Europa-300x200.jpg\" alt=\"\" width=\"300\" height=\"200\" srcset=\"https:\/\/www.cde.ual.es\/wp-content\/uploads\/2017\/12\/Consejo-Europa-300x200.jpg 300w, https:\/\/www.cde.ual.es\/wp-content\/uploads\/2017\/12\/Consejo-Europa-768x512.jpg 768w, https:\/\/www.cde.ual.es\/wp-content\/uploads\/2017\/12\/Consejo-Europa-1024x683.jpg 1024w, https:\/\/www.cde.ual.es\/wp-content\/uploads\/2017\/12\/Consejo-Europa.jpg 2000w\" sizes=\"(max-width: 300px) 100vw, 300px\" \/><\/a><\/p>\n<h2>Coming fortnight 10 &#8211; 23 February 2020<\/h2>\n<h3>Employment, Social Policy, Health and Consumer Affairs Council (Health), 13 February 2020<\/h3>\n<p>Health ministers will hold an exchange of views and will adopt conclusions in relation to the Novel Coronavirus outbreak.<\/p>\n<h3>Foreign Affairs Council, 17 February 2020<\/h3>\n<p>The Foreign Affairs Council will start at 9.30 and be chaired by the EU High Representative for\u00a0Foreign Affairs and Security Policy Josep Borrell.\u00a0Ministers will first have a discussion on current affairs in order to review pressing issues on the\u00a0international agenda. In this context ministers may focus their interventions on Sahel, Western<br \/>\nBalkans, Middle East and Venezuela.\u00a0The Council will then hold an exchange of views on relations between the European Union and the\u00a0African Union, ahead of the publication by the Commission of a new comprehensive strategy with\u00a0Africa.\u00a0The Council will then have a discussion on the latest developments in Libya as a follow-up to the\u00a0outcome of the two Foreign Affairs Councils that took place on 10 and 20 January, as well as the\u00a0After a brief discussion on EU-India relations, ministers will meet over an informal lunch the\u00a0Minister of External Affairs of India Subrahmanyam Jaishankar and discuss, among other issues,\u00a0preparations for the upcoming 15th EU-India Summit, scheduled for 13 March.<\/p>\n<h3>General Affairs Council, 17 February 2020<\/h3>\n<p>The Council will prepare the special meeting of the European Council on the multiannual financial\u00a0framework for 2021-2027.\u00a0Ministers will exchange views on the draft European Council conclusions.<\/p>\n<h3>Economic and Financial Affairs Council, 18 February 2020<\/h3>\n<p>The Council is expected to adopt a revised list of non-cooperative jurisdictions for tax purposes in\u00a0the framework of new conclusions on the matter. The list, which is part of the EU&#8217;s external\u00a0strategy for taxation, is intended to contribute to ongoing efforts to prevent tax avoidance by\u00a0corporates and promote tax good governance worldwide.<br \/>\nThe Commission will present its communication on the review of EU economic governance which\u00a0was published on 5 February.\u00a0The Council is due to adopt conclusions on the Commission&#8217;s annual sustainable growth strategy\u00a0and on macroeconomic imbalances in the member states. It should also approve a draft\u00a0recommendation on the economic policies of the euro area.\u00a0Finance ministers will prepare upcoming G20 Finance meetings. The agenda also includes issues\u00a0related to the EU budget.<\/p>\n<h3>European Council, 20 February 2020<\/h3>\n<p>At this Special meeting of the European Council, leaders will aim to agree on the EU\u2019s long-term\u00a0budget for 2021-2027, the multiannual financial framework (MFF).\u00a0The discussion will be based on a proposal from the President of the European Council, Charles\u00a0Michel, following a round of consultations with all the EU heads of State or Government. In\u00a0December 2019, the European Council called on President Michel to take the negotiations forward\u00a0with the aim of reaching a final agreement.\u00a0The multiannual financial framework (MFF) sets the limits for EU spending &#8211; as a whole and also\u00a0for different areas of activity &#8211; over a period of seven years. The multiannual financial framework\u00a0ensures that the EU&#8217;s expenditure develops in an orderly manner and within the limits of its own\u00a0resources. The annual budget of the EU has to comply with the MFF.<\/p>\n<h3>Education, Youth, Culture and Sports Council (Education), 20 February 2020<\/h3>\n<p>The half-day meeting will start at 10.00. Education ministers will adopt a Resolution on education\u00a0and training in the European Semester. They will also hold a debate on the topic &#8216;Brain circulation &#8211;\u00a0a driving force for the European Education Area&#8217;.<\/p>\n<h3>More information<\/h3>\n<p><a href=\"https:\/\/www.consilium.europa.eu\/en\/press\/press-releases\/2020\/02\/07\/main-topics-and-media-events\/\">Press release<\/a><\/p>\n<p>&nbsp;<\/p>\n","protected":false},"excerpt":{"rendered":"<p>The European Council is the EU institution that defines the general political direction and priorities of the European Union. It consists of the\u00a0heads of state or government of the member states, together with its President and the President of the Commission. Coming fortnight 10 &#8211; 23 February 2020 Employment, Social Policy, Health and Consumer Affairs [&hellip;]<\/p>\n","protected":false},"author":1,"featured_media":30991,"comment_status":"open","ping_status":"open","sticky":false,"template":"","format":"standard","meta":{"_acf_changed":false,"_relevanssi_hide_post":"","_relevanssi_hide_content":"","_relevanssi_pin_for_all":"","_relevanssi_pin_keywords":"","_relevanssi_unpin_keywords":"","_relevanssi_related_keywords":"","_relevanssi_related_include_ids":"","_relevanssi_related_exclude_ids":"","_relevanssi_related_no_append":"","_relevanssi_related_not_related":"","_relevanssi_related_posts":"","_relevanssi_noindex_reason":"","_monsterinsights_skip_tracking":false,"_monsterinsights_sitenote_active":false,"_monsterinsights_sitenote_note":"","_monsterinsights_sitenote_category":0,"_genesis_hide_title":false,"_genesis_hide_breadcrumbs":false,"_genesis_hide_singular_image":false,"_genesis_hide_footer_widgets":false,"_genesis_custom_body_class":"","_genesis_custom_post_class":"","_genesis_layout":"","footnotes":""},"categories":[346],"tags":[524],"class_list":{"0":"post-35142","1":"post","2":"type-post","3":"status-publish","4":"format-standard","5":"has-post-thumbnail","7":"category-eu-news","8":"tag-european-institutions","9":"entry"},"acf":[],"yoast_head":"<!-- This site is optimized with the Yoast SEO plugin v27.5 - https:\/\/yoast.com\/product\/yoast-seo-wordpress\/ -->\n<title>Council of the EU: Coming fortnight 10 - 23 February 2020 | CDE Almer\u00eda - Centro de Documentaci\u00f3n Europea - Universidad de Almer\u00eda<\/title>\n<meta name=\"robots\" content=\"index, follow, max-snippet:-1, max-image-preview:large, max-video-preview:-1\" \/>\n<link rel=\"canonical\" href=\"https:\/\/www.cde.ual.es\/en\/council-of-the-eu-coming-fortnight-10-23-february-2020\/\" \/>\n<meta property=\"og:locale\" content=\"en_US\" \/>\n<meta property=\"og:type\" content=\"article\" \/>\n<meta property=\"og:title\" content=\"Council of the EU: Coming fortnight 10 - 23 February 2020 | CDE Almer\u00eda - Centro de Documentaci\u00f3n Europea - Universidad de Almer\u00eda\" \/>\n<meta property=\"og:description\" content=\"The European Council is the EU institution that defines the general political direction and priorities of the European Union. It consists of the\u00a0heads of state or government of the member states, together with its President and the President of the Commission. Coming fortnight 10 &#8211; 23 February 2020 Employment, Social Policy, Health and Consumer Affairs [&hellip;]\" \/>\n<meta property=\"og:url\" content=\"https:\/\/www.cde.ual.es\/en\/council-of-the-eu-coming-fortnight-10-23-february-2020\/\" \/>\n<meta property=\"og:site_name\" content=\"CDE Almer\u00eda - Centro de Documentaci\u00f3n Europea - Universidad de Almer\u00eda\" \/>\n<meta property=\"article:publisher\" content=\"https:\/\/www.facebook.com\/cdeuniversidadalmeria\/\" \/>\n<meta property=\"article:published_time\" content=\"2020-02-11T02:00:02+00:00\" \/>\n<meta property=\"og:image\" content=\"https:\/\/www.cde.ual.es\/wp-content\/uploads\/2017\/12\/Consejo-Europa.jpg\" \/>\n\t<meta property=\"og:image:width\" content=\"2000\" \/>\n\t<meta property=\"og:image:height\" content=\"1334\" \/>\n\t<meta property=\"og:image:type\" content=\"image\/jpeg\" \/>\n<meta name=\"author\" content=\"AdminCDE\" \/>\n<meta name=\"twitter:card\" content=\"summary_large_image\" \/>\n<meta name=\"twitter:creator\" content=\"@cdeualmeria\" \/>\n<meta name=\"twitter:site\" content=\"@cdeualmeria\" \/>\n<meta name=\"twitter:label1\" content=\"Written by\" \/>\n\t<meta name=\"twitter:data1\" content=\"AdminCDE\" \/>\n\t<meta name=\"twitter:label2\" content=\"Est. reading time\" \/>\n\t<meta name=\"twitter:data2\" content=\"3 minutes\" \/>\n<script type=\"application\/ld+json\" class=\"yoast-schema-graph\">{\"@context\":\"https:\\\/\\\/schema.org\",\"@graph\":[{\"@type\":\"Article\",\"@id\":\"https:\\\/\\\/www.cde.ual.es\\\/en\\\/council-of-the-eu-coming-fortnight-10-23-february-2020\\\/#article\",\"isPartOf\":{\"@id\":\"https:\\\/\\\/www.cde.ual.es\\\/en\\\/council-of-the-eu-coming-fortnight-10-23-february-2020\\\/\"},\"author\":{\"name\":\"AdminCDE\",\"@id\":\"https:\\\/\\\/www.cde.ual.es\\\/#\\\/schema\\\/person\\\/224ef08c8bcc005f319d2713ce37ee5f\"},\"headline\":\"Council of the EU: Coming fortnight 10 &#8211; 23 February 2020\",\"datePublished\":\"2020-02-11T02:00:02+00:00\",\"mainEntityOfPage\":{\"@id\":\"https:\\\/\\\/www.cde.ual.es\\\/en\\\/council-of-the-eu-coming-fortnight-10-23-february-2020\\\/\"},\"wordCount\":618,\"commentCount\":0,\"publisher\":{\"@id\":\"https:\\\/\\\/www.cde.ual.es\\\/#organization\"},\"image\":{\"@id\":\"https:\\\/\\\/www.cde.ual.es\\\/en\\\/council-of-the-eu-coming-fortnight-10-23-february-2020\\\/#primaryimage\"},\"thumbnailUrl\":\"https:\\\/\\\/www.cde.ual.es\\\/wp-content\\\/uploads\\\/2017\\\/12\\\/Consejo-Europa.jpg\",\"keywords\":[\"European Institutions\"],\"articleSection\":[\"EU News\"],\"inLanguage\":\"en-US\",\"potentialAction\":[{\"@type\":\"CommentAction\",\"name\":\"Comment\",\"target\":[\"https:\\\/\\\/www.cde.ual.es\\\/en\\\/council-of-the-eu-coming-fortnight-10-23-february-2020\\\/#respond\"]}]},{\"@type\":\"WebPage\",\"@id\":\"https:\\\/\\\/www.cde.ual.es\\\/en\\\/council-of-the-eu-coming-fortnight-10-23-february-2020\\\/\",\"url\":\"https:\\\/\\\/www.cde.ual.es\\\/en\\\/council-of-the-eu-coming-fortnight-10-23-february-2020\\\/\",\"name\":\"Council of the EU: Coming fortnight 10 - 23 February 2020 | CDE Almer\u00eda - Centro de Documentaci\u00f3n Europea - Universidad de Almer\u00eda\",\"isPartOf\":{\"@id\":\"https:\\\/\\\/www.cde.ual.es\\\/#website\"},\"primaryImageOfPage\":{\"@id\":\"https:\\\/\\\/www.cde.ual.es\\\/en\\\/council-of-the-eu-coming-fortnight-10-23-february-2020\\\/#primaryimage\"},\"image\":{\"@id\":\"https:\\\/\\\/www.cde.ual.es\\\/en\\\/council-of-the-eu-coming-fortnight-10-23-february-2020\\\/#primaryimage\"},\"thumbnailUrl\":\"https:\\\/\\\/www.cde.ual.es\\\/wp-content\\\/uploads\\\/2017\\\/12\\\/Consejo-Europa.jpg\",\"datePublished\":\"2020-02-11T02:00:02+00:00\",\"breadcrumb\":{\"@id\":\"https:\\\/\\\/www.cde.ual.es\\\/en\\\/council-of-the-eu-coming-fortnight-10-23-february-2020\\\/#breadcrumb\"},\"inLanguage\":\"en-US\",\"potentialAction\":[{\"@type\":\"ReadAction\",\"target\":[\"https:\\\/\\\/www.cde.ual.es\\\/en\\\/council-of-the-eu-coming-fortnight-10-23-february-2020\\\/\"]}]},{\"@type\":\"ImageObject\",\"inLanguage\":\"en-US\",\"@id\":\"https:\\\/\\\/www.cde.ual.es\\\/en\\\/council-of-the-eu-coming-fortnight-10-23-february-2020\\\/#primaryimage\",\"url\":\"https:\\\/\\\/www.cde.ual.es\\\/wp-content\\\/uploads\\\/2017\\\/12\\\/Consejo-Europa.jpg\",\"contentUrl\":\"https:\\\/\\\/www.cde.ual.es\\\/wp-content\\\/uploads\\\/2017\\\/12\\\/Consejo-Europa.jpg\",\"width\":2000,\"height\":1334,\"caption\":\"Project: Philippe SAMYN and PARTNERS architects &amp; engineers, LEAD and DESIGN PARTNER. Philippe Samyn and Partners architects &amp; engineers, Studio Valle Progettazioni architects, Buro Happold Limited engineers. Colours: Georges MEURANT Photo: Marie-Fran\u00e7oise Plissart\"},{\"@type\":\"BreadcrumbList\",\"@id\":\"https:\\\/\\\/www.cde.ual.es\\\/en\\\/council-of-the-eu-coming-fortnight-10-23-february-2020\\\/#breadcrumb\",\"itemListElement\":[{\"@type\":\"ListItem\",\"position\":1,\"name\":\"Inicio\",\"item\":\"https:\\\/\\\/www.cde.ual.es\\\/en\\\/\"},{\"@type\":\"ListItem\",\"position\":2,\"name\":\"EU News\",\"item\":\"https:\\\/\\\/www.cde.ual.es\\\/en\\\/category\\\/eu-news\\\/\"},{\"@type\":\"ListItem\",\"position\":3,\"name\":\"Council of the EU: Coming fortnight 10 &#8211; 23 February 2020\"}]},{\"@type\":\"WebSite\",\"@id\":\"https:\\\/\\\/www.cde.ual.es\\\/#website\",\"url\":\"https:\\\/\\\/www.cde.ual.es\\\/\",\"name\":\"CDE Almer\u00eda - Centro de Documentaci\u00f3n Europea - Universidad de Almer\u00eda\",\"description\":\"Centro de Documentaci\u00f3n Europea de la Universidad de Almer\u00eda\",\"publisher\":{\"@id\":\"https:\\\/\\\/www.cde.ual.es\\\/#organization\"},\"alternateName\":\"CDE Almer\u00eda\",\"potentialAction\":[{\"@type\":\"SearchAction\",\"target\":{\"@type\":\"EntryPoint\",\"urlTemplate\":\"https:\\\/\\\/www.cde.ual.es\\\/?s={search_term_string}\"},\"query-input\":{\"@type\":\"PropertyValueSpecification\",\"valueRequired\":true,\"valueName\":\"search_term_string\"}}],\"inLanguage\":\"en-US\"},{\"@type\":\"Organization\",\"@id\":\"https:\\\/\\\/www.cde.ual.es\\\/#organization\",\"name\":\"Centro de Documentaci\u00f3n Europea de Almer\u00eda\",\"url\":\"https:\\\/\\\/www.cde.ual.es\\\/\",\"logo\":{\"@type\":\"ImageObject\",\"inLanguage\":\"en-US\",\"@id\":\"https:\\\/\\\/www.cde.ual.es\\\/#\\\/schema\\\/logo\\\/image\\\/\",\"url\":\"https:\\\/\\\/www.cde.ual.es\\\/wp-content\\\/uploads\\\/2025\\\/07\\\/cde-logo-3.png\",\"contentUrl\":\"https:\\\/\\\/www.cde.ual.es\\\/wp-content\\\/uploads\\\/2025\\\/07\\\/cde-logo-3.png\",\"width\":1400,\"height\":300,\"caption\":\"Centro de Documentaci\u00f3n Europea de Almer\u00eda\"},\"image\":{\"@id\":\"https:\\\/\\\/www.cde.ual.es\\\/#\\\/schema\\\/logo\\\/image\\\/\"},\"sameAs\":[\"https:\\\/\\\/www.facebook.com\\\/cdeuniversidadalmeria\\\/\",\"https:\\\/\\\/x.com\\\/cdeualmeria\",\"https:\\\/\\\/www.tiktok.com\\\/@cdealmeria\",\"https:\\\/\\\/www.instagram.com\\\/cdealmeria\\\/\",\"https:\\\/\\\/www.linkedin.com\\\/in\\\/cde-almera-812b26a9\\\/\"]},{\"@type\":\"Person\",\"@id\":\"https:\\\/\\\/www.cde.ual.es\\\/#\\\/schema\\\/person\\\/224ef08c8bcc005f319d2713ce37ee5f\",\"name\":\"AdminCDE\",\"image\":{\"@type\":\"ImageObject\",\"inLanguage\":\"en-US\",\"@id\":\"https:\\\/\\\/secure.gravatar.com\\\/avatar\\\/a72d038d371f995cd13706fac32274b7952a52e8fb0a84b5f80c85426f2a98a8?s=96&d=mm&r=g\",\"url\":\"https:\\\/\\\/secure.gravatar.com\\\/avatar\\\/a72d038d371f995cd13706fac32274b7952a52e8fb0a84b5f80c85426f2a98a8?s=96&d=mm&r=g\",\"contentUrl\":\"https:\\\/\\\/secure.gravatar.com\\\/avatar\\\/a72d038d371f995cd13706fac32274b7952a52e8fb0a84b5f80c85426f2a98a8?s=96&d=mm&r=g\",\"caption\":\"AdminCDE\"}}]}<\/script>\n<!-- \/ Yoast SEO plugin. -->","yoast_head_json":{"title":"Council of the EU: Coming fortnight 10 - 23 February 2020 | CDE Almer\u00eda - Centro de Documentaci\u00f3n Europea - Universidad de Almer\u00eda","robots":{"index":"index","follow":"follow","max-snippet":"max-snippet:-1","max-image-preview":"max-image-preview:large","max-video-preview":"max-video-preview:-1"},"canonical":"https:\/\/www.cde.ual.es\/en\/council-of-the-eu-coming-fortnight-10-23-february-2020\/","og_locale":"en_US","og_type":"article","og_title":"Council of the EU: Coming fortnight 10 - 23 February 2020 | CDE Almer\u00eda - Centro de Documentaci\u00f3n Europea - Universidad de Almer\u00eda","og_description":"The European Council is the EU institution that defines the general political direction and priorities of the European Union. It consists of the\u00a0heads of state or government of the member states, together with its President and the President of the Commission. Coming fortnight 10 &#8211; 23 February 2020 Employment, Social Policy, Health and Consumer Affairs [&hellip;]","og_url":"https:\/\/www.cde.ual.es\/en\/council-of-the-eu-coming-fortnight-10-23-february-2020\/","og_site_name":"CDE Almer\u00eda - Centro de Documentaci\u00f3n Europea - Universidad de Almer\u00eda","article_publisher":"https:\/\/www.facebook.com\/cdeuniversidadalmeria\/","article_published_time":"2020-02-11T02:00:02+00:00","og_image":[{"width":2000,"height":1334,"url":"https:\/\/www.cde.ual.es\/wp-content\/uploads\/2017\/12\/Consejo-Europa.jpg","type":"image\/jpeg"}],"author":"AdminCDE","twitter_card":"summary_large_image","twitter_creator":"@cdeualmeria","twitter_site":"@cdeualmeria","twitter_misc":{"Written by":"AdminCDE","Est. reading time":"3 minutes"},"schema":{"@context":"https:\/\/schema.org","@graph":[{"@type":"Article","@id":"https:\/\/www.cde.ual.es\/en\/council-of-the-eu-coming-fortnight-10-23-february-2020\/#article","isPartOf":{"@id":"https:\/\/www.cde.ual.es\/en\/council-of-the-eu-coming-fortnight-10-23-february-2020\/"},"author":{"name":"AdminCDE","@id":"https:\/\/www.cde.ual.es\/#\/schema\/person\/224ef08c8bcc005f319d2713ce37ee5f"},"headline":"Council of the EU: Coming fortnight 10 &#8211; 23 February 2020","datePublished":"2020-02-11T02:00:02+00:00","mainEntityOfPage":{"@id":"https:\/\/www.cde.ual.es\/en\/council-of-the-eu-coming-fortnight-10-23-february-2020\/"},"wordCount":618,"commentCount":0,"publisher":{"@id":"https:\/\/www.cde.ual.es\/#organization"},"image":{"@id":"https:\/\/www.cde.ual.es\/en\/council-of-the-eu-coming-fortnight-10-23-february-2020\/#primaryimage"},"thumbnailUrl":"https:\/\/www.cde.ual.es\/wp-content\/uploads\/2017\/12\/Consejo-Europa.jpg","keywords":["European Institutions"],"articleSection":["EU News"],"inLanguage":"en-US","potentialAction":[{"@type":"CommentAction","name":"Comment","target":["https:\/\/www.cde.ual.es\/en\/council-of-the-eu-coming-fortnight-10-23-february-2020\/#respond"]}]},{"@type":"WebPage","@id":"https:\/\/www.cde.ual.es\/en\/council-of-the-eu-coming-fortnight-10-23-february-2020\/","url":"https:\/\/www.cde.ual.es\/en\/council-of-the-eu-coming-fortnight-10-23-february-2020\/","name":"Council of the EU: Coming fortnight 10 - 23 February 2020 | CDE Almer\u00eda - Centro de Documentaci\u00f3n Europea - Universidad de Almer\u00eda","isPartOf":{"@id":"https:\/\/www.cde.ual.es\/#website"},"primaryImageOfPage":{"@id":"https:\/\/www.cde.ual.es\/en\/council-of-the-eu-coming-fortnight-10-23-february-2020\/#primaryimage"},"image":{"@id":"https:\/\/www.cde.ual.es\/en\/council-of-the-eu-coming-fortnight-10-23-february-2020\/#primaryimage"},"thumbnailUrl":"https:\/\/www.cde.ual.es\/wp-content\/uploads\/2017\/12\/Consejo-Europa.jpg","datePublished":"2020-02-11T02:00:02+00:00","breadcrumb":{"@id":"https:\/\/www.cde.ual.es\/en\/council-of-the-eu-coming-fortnight-10-23-february-2020\/#breadcrumb"},"inLanguage":"en-US","potentialAction":[{"@type":"ReadAction","target":["https:\/\/www.cde.ual.es\/en\/council-of-the-eu-coming-fortnight-10-23-february-2020\/"]}]},{"@type":"ImageObject","inLanguage":"en-US","@id":"https:\/\/www.cde.ual.es\/en\/council-of-the-eu-coming-fortnight-10-23-february-2020\/#primaryimage","url":"https:\/\/www.cde.ual.es\/wp-content\/uploads\/2017\/12\/Consejo-Europa.jpg","contentUrl":"https:\/\/www.cde.ual.es\/wp-content\/uploads\/2017\/12\/Consejo-Europa.jpg","width":2000,"height":1334,"caption":"Project: Philippe SAMYN and PARTNERS architects &amp; engineers, LEAD and DESIGN PARTNER. Philippe Samyn and Partners architects &amp; engineers, Studio Valle Progettazioni architects, Buro Happold Limited engineers. Colours: Georges MEURANT Photo: Marie-Fran\u00e7oise Plissart"},{"@type":"BreadcrumbList","@id":"https:\/\/www.cde.ual.es\/en\/council-of-the-eu-coming-fortnight-10-23-february-2020\/#breadcrumb","itemListElement":[{"@type":"ListItem","position":1,"name":"Inicio","item":"https:\/\/www.cde.ual.es\/en\/"},{"@type":"ListItem","position":2,"name":"EU News","item":"https:\/\/www.cde.ual.es\/en\/category\/eu-news\/"},{"@type":"ListItem","position":3,"name":"Council of the EU: Coming fortnight 10 &#8211; 23 February 2020"}]},{"@type":"WebSite","@id":"https:\/\/www.cde.ual.es\/#website","url":"https:\/\/www.cde.ual.es\/","name":"CDE Almer\u00eda - Centro de Documentaci\u00f3n Europea - Universidad de Almer\u00eda","description":"Centro de Documentaci\u00f3n Europea de la Universidad de Almer\u00eda","publisher":{"@id":"https:\/\/www.cde.ual.es\/#organization"},"alternateName":"CDE Almer\u00eda","potentialAction":[{"@type":"SearchAction","target":{"@type":"EntryPoint","urlTemplate":"https:\/\/www.cde.ual.es\/?s={search_term_string}"},"query-input":{"@type":"PropertyValueSpecification","valueRequired":true,"valueName":"search_term_string"}}],"inLanguage":"en-US"},{"@type":"Organization","@id":"https:\/\/www.cde.ual.es\/#organization","name":"Centro de Documentaci\u00f3n Europea de Almer\u00eda","url":"https:\/\/www.cde.ual.es\/","logo":{"@type":"ImageObject","inLanguage":"en-US","@id":"https:\/\/www.cde.ual.es\/#\/schema\/logo\/image\/","url":"https:\/\/www.cde.ual.es\/wp-content\/uploads\/2025\/07\/cde-logo-3.png","contentUrl":"https:\/\/www.cde.ual.es\/wp-content\/uploads\/2025\/07\/cde-logo-3.png","width":1400,"height":300,"caption":"Centro de Documentaci\u00f3n Europea de Almer\u00eda"},"image":{"@id":"https:\/\/www.cde.ual.es\/#\/schema\/logo\/image\/"},"sameAs":["https:\/\/www.facebook.com\/cdeuniversidadalmeria\/","https:\/\/x.com\/cdeualmeria","https:\/\/www.tiktok.com\/@cdealmeria","https:\/\/www.instagram.com\/cdealmeria\/","https:\/\/www.linkedin.com\/in\/cde-almera-812b26a9\/"]},{"@type":"Person","@id":"https:\/\/www.cde.ual.es\/#\/schema\/person\/224ef08c8bcc005f319d2713ce37ee5f","name":"AdminCDE","image":{"@type":"ImageObject","inLanguage":"en-US","@id":"https:\/\/secure.gravatar.com\/avatar\/a72d038d371f995cd13706fac32274b7952a52e8fb0a84b5f80c85426f2a98a8?s=96&d=mm&r=g","url":"https:\/\/secure.gravatar.com\/avatar\/a72d038d371f995cd13706fac32274b7952a52e8fb0a84b5f80c85426f2a98a8?s=96&d=mm&r=g","contentUrl":"https:\/\/secure.gravatar.com\/avatar\/a72d038d371f995cd13706fac32274b7952a52e8fb0a84b5f80c85426f2a98a8?s=96&d=mm&r=g","caption":"AdminCDE"}}]}},"_links":{"self":[{"href":"https:\/\/www.cde.ual.es\/en\/wp-json\/wp\/v2\/posts\/35142","targetHints":{"allow":["GET"]}}],"collection":[{"href":"https:\/\/www.cde.ual.es\/en\/wp-json\/wp\/v2\/posts"}],"about":[{"href":"https:\/\/www.cde.ual.es\/en\/wp-json\/wp\/v2\/types\/post"}],"author":[{"embeddable":true,"href":"https:\/\/www.cde.ual.es\/en\/wp-json\/wp\/v2\/users\/1"}],"replies":[{"embeddable":true,"href":"https:\/\/www.cde.ual.es\/en\/wp-json\/wp\/v2\/comments?post=35142"}],"version-history":[{"count":0,"href":"https:\/\/www.cde.ual.es\/en\/wp-json\/wp\/v2\/posts\/35142\/revisions"}],"wp:featuredmedia":[{"embeddable":true,"href":"https:\/\/www.cde.ual.es\/en\/wp-json\/wp\/v2\/media\/30991"}],"wp:attachment":[{"href":"https:\/\/www.cde.ual.es\/en\/wp-json\/wp\/v2\/media?parent=35142"}],"wp:term":[{"taxonomy":"category","embeddable":true,"href":"https:\/\/www.cde.ual.es\/en\/wp-json\/wp\/v2\/categories?post=35142"},{"taxonomy":"post_tag","embeddable":true,"href":"https:\/\/www.cde.ual.es\/en\/wp-json\/wp\/v2\/tags?post=35142"}],"curies":[{"name":"wp","href":"https:\/\/api.w.org\/{rel}","templated":true}]}}