{"id":33985,"date":"2020-12-01T10:30:15","date_gmt":"2020-12-01T09:30:15","guid":{"rendered":"https:\/\/www.cde.ual.es\/?p=33985"},"modified":"2020-12-14T14:14:25","modified_gmt":"2020-12-14T13:14:25","slug":"tal-dia-como-hoy","status":"publish","type":"post","link":"https:\/\/www.cde.ual.es\/en\/tal-dia-como-hoy\/","title":{"rendered":"Tal d\u00eda como hoy&#8230;en la UE"},"content":{"rendered":"<p>Inauguramos la actividad denominada \u201c<strong><em>Tal d\u00eda como hoy<\/em><\/strong>\u201d que tiene como objetivo compartir informaci\u00f3n, experiencias y vivencias relacionadas con hechos relevantes y\/o conmemorativos en la UE.<\/p>\n<p><a href=\"https:\/\/www.cde.ual.es\/wp-content\/uploads\/2020\/01\/White-Simple-Specials-Coffee-Photo-Collage.jpg\"><img decoding=\"async\" class=\"aligncenter wp-image-33993 \" src=\"https:\/\/www.cde.ual.es\/wp-content\/uploads\/2020\/01\/White-Simple-Specials-Coffee-Photo-Collage.jpg\" alt=\"\" width=\"473\" height=\"378\" srcset=\"https:\/\/www.cde.ual.es\/wp-content\/uploads\/2020\/01\/White-Simple-Specials-Coffee-Photo-Collage.jpg 2000w, https:\/\/www.cde.ual.es\/wp-content\/uploads\/2020\/01\/White-Simple-Specials-Coffee-Photo-Collage-300x240.jpg 300w, https:\/\/www.cde.ual.es\/wp-content\/uploads\/2020\/01\/White-Simple-Specials-Coffee-Photo-Collage-768x614.jpg 768w, https:\/\/www.cde.ual.es\/wp-content\/uploads\/2020\/01\/White-Simple-Specials-Coffee-Photo-Collage-1024x819.jpg 1024w\" sizes=\"(max-width: 473px) 100vw, 473px\" \/><\/a><\/p>\n<p>En la actividad participan todos los centros que forman parte de la <strong><a href=\"http:\/\/www.andaluciaeuropa.com\/\">Red de Informaci\u00f3n Europea de Andaluc\u00eda<\/a>. <\/strong>La actividad se realizar\u00e1<strong> cada mes por un miembro diferente de la Red.<\/strong><\/p>\n<h2>DICIEMBRE ED M\u00e1laga<\/h2>\n<h3>10 de diciembre<\/h3>\n<p><span style=\"color: #333333; background: white;\"><span style=\"font-weight: 400;\">El 10 de diciembre de 2012 la Uni\u00f3n Europea recibe el Premio Nobel de la Paz. El premio fue otorgado por unanimidad de todos los miembros del jurado, \u00abpor su contribuci\u00f3n durante seis d\u00e9cadas al avance de la paz y la reconciliaci\u00f3n, la democracia, y los derechos humanos en Europa\u00bb. Puedes consultar la informaci\u00f3n <a href=\"https:\/\/europa.eu\/european-union\/about-eu\/history\/2010-today\/2012\/eu-nobel_es#:~:text=En%202012%20la%20UE%20recibi%C3%B3,los%20derechos%20humanos%20en%20Europa\" target=\"_blank\" rel=\"noopener noreferrer\">aqu\u00ed<\/a>.<\/span><\/span><\/p>\n<h3>8 de diciembre<\/h3>\n<p><span style=\"color: #333333; background: white;\"><span style=\"font-weight: 400;\">El 8 de diciembre de 1955 el Consejo de Europa adopta como emblema la bandera azul con 12 estrellas doradas que representan los ideales de unidad, solidaridad y armon\u00eda entre los pueblos de Europa. Puedes consultar la informaci\u00f3n <a href=\"https:\/\/europa.eu\/european-union\/about-eu\/symbols\/flag_es\" target=\"_blank\" rel=\"noopener noreferrer\">aqu\u00ed<\/a>.<\/span><\/span><\/p>\n<h3>7 de diciembre<\/h3>\n<p><span style=\"color: #333333; background: white;\"><span style=\"font-weight: 400;\">El tratado de Niza fue elaborado por el Consejo Europeo entre los d\u00edas 7 y 9 de diciembre de 2000 y entr\u00f3 en vigor el 1 de febrero de 2003 tras haber sido ratificado por los 15 Estados miembros seg\u00fan lo previsto en sus respectivas normativas constitucionales. Tambi\u00e9n se proclam\u00f3 la Carta de los Derechos Fundamentales de la Uni\u00f3n Europea. Puedes consultar la informaci\u00f3n <a href=\"https:\/\/www.europarl.europa.eu\/about-parliament\/es\/in-the-past\/the-parliament-and-the-treaties\/treaty-of-nice\" target=\"_blank\" rel=\"noopener noreferrer\">aqu\u00ed<\/a>.<\/span><\/span><\/p>\n<h3>1 de diciembre<\/h3>\n<p>El 1 de diciembre de 2009 entr\u00f3 en vigor el Tratado de Lisboa por el que se modifican el Tratado de la Uni\u00f3n Europea y el Tratado constitutivo de la Comunidad Europea. <span style=\"color: #333333; background: white;\"><span style=\"font-weight: 400;\">Puedes consultar la informaci\u00f3n <a href=\"https:\/\/www.europarl.europa.eu\/factsheets\/es\/sheet\/5\/el-tratado-de-lisboa\" target=\"_blank\" rel=\"noopener noreferrer\">aqu\u00ed<\/a>.<\/span><\/span><\/p>\n<h2>NOVIEMBRE ED And\u00fajar<\/h2>\n<h3>6 de noviembre<\/h3>\n<p>La Comisi\u00f3n tom\u00f3 la decisi\u00f3n de crear la Oficina Humanitaria de la Comunidad Europea (ECHO). Como uno de los donantes humanitarios m\u00e1s importantes del mundo, la Comisi\u00f3n trabajando a trav\u00e9s de su Direcci\u00f3n General de Ayuda Humanitaria (DG ECHO) -reitera su compromiso con el cumplimiento de los compromisos contenidos en la normativa europea. <span style=\"color: #333333; background: white;\"><span style=\"font-weight: 400;\">Puedes consultar la informaci\u00f3n <a href=\"http:\/\/revistas.uned.es\/index.php\/REDUE\/article\/download\/12470\/11671\" target=\"_blank\" rel=\"noopener noreferrer\">aqu\u00ed<\/a>.<\/span><\/span><\/p>\n<h3>19-21 de noviembre<\/h3>\n<p>En 1990, treinta y cuatro Jefes de Estado y de Gobierno de la Conferencia sobre la Seguridad y la Cooperaci\u00f3n en Europa (CSCE) firman en Par\u00eds una Carta para una nueva Europa. Esta carta, junto con otros dos textos, constituyen la mejor expresi\u00f3n de lo que se ha denominado \u201cdefunci\u00f3n de la Guerra Fr\u00eda\u201d, es decir, del fin de la divisi\u00f3n de los Estados Europeos en dos bloques pol\u00edticos y militares hostiles, enfrentados desde el final de la Segunda Guerra Mundial. <span style=\"color: #333333; background: white;\"><span style=\"font-weight: 400;\">Puedes consultar la informaci\u00f3n <a href=\"https:\/\/www.osce.org\/es\/mc\/39521\" target=\"_blank\" rel=\"noopener noreferrer\">aqu\u00ed<\/a>.<\/span><\/span><\/p>\n<h3>27 de noviembre<\/h3>\n<p><span style=\"color: #333333; background: white;\"><span style=\"font-weight: 400;\">En 1990, Italia firma el Acuerdo de Schengen. Este acuerdo es un tratado internacional por el que varios pa\u00edses suprimen los controles en las fronteras interiores traslad\u00e1ndolos a las fronteras exteriores. Puedes consultar la informaci\u00f3n <a href=\"https:\/\/eur-lex.europa.eu\/legal-content\/ES\/TXT\/HTML\/?uri=CELEX:42000A0922(04)&amp;from=EN\" target=\"_blank\" rel=\"noopener noreferrer\">aqu\u00ed<\/a>.<\/span><\/span><\/p>\n<h2>OCTUBRE ED Huelva<\/h2>\n<h3><strong>7 de octubre<\/strong><\/h3>\n<p>En 1958, se establece en Luxemburgo el Tribunal de Justicia de las Comunidades Europeas, que aplica el Derecho de la UE y que pasa a llamarse Tribunal de Justicia de la Uni\u00f3n Europea con el Tratado de Lisboa en 2009. <span style=\"color: #333333; background: white;\"><span style=\"font-weight: 400;\">Puedes consultar la informaci\u00f3n <a href=\"https:\/\/europa.eu\/european-union\/about-eu\/institutions-bodies\/court-justice_es\" target=\"_blank\" rel=\"noopener noreferrer\">aqu\u00ed<\/a>.<\/span><\/span><\/p>\n<h3>12 de octubre<\/h3>\n<p>En 2012, se anuncia que la Uni\u00f3n Europea ha sido reconocida con el Premio Nobel de la Paz 2012, por contribuir a &#8220;transformar Europa de un continente en guerra a un continente en paz&#8221;. Puedes consultar la informaci\u00f3n <a href=\"https:\/\/www.europarl.europa.eu\/news\/es\/headlines\/eu-affairs\/20121012STO53551\/la-union-europea-premio-nobel-de-la-paz-2012\">aqu\u00ed<\/a>.<\/p>\n<h3>29 de octubre<\/h3>\n<p>En 2004, los 25 miembros de la UE firman en Roma la primera Constituci\u00f3n Europea. Tras el &#8220;no&#8221; en Francia y Pa\u00edses Bajos a ratificarla, se convoca conferencia intergubernamental en 2007 dando lugar al Tratado de Lisboa.\u00a0Puedes consultar la informaci\u00f3n <a href=\"https:\/\/cadenaser.com\/ser\/2004\/10\/29\/internacional\/1099010717_850215.html\">aqu\u00ed<\/a>.<\/p>\n<h2>SEPTIEMBRE ED Granada<\/h2>\n<h3>12 de septiembre de 1990<\/h3>\n<p>En 1990, los ministros de Relaciones Exteriores de la Rep\u00fablica Federal de Alemania y la RDA por un lado y Francia, UK, Rusia y EEUU, por otro, firmaron el tratado que sell\u00f3 la reunificaci\u00f3n alemana tambi\u00e9n en el marco del derecho internacional. <span style=\"color: #333333; background: white;\"><span style=\"font-weight: 400;\">Puedes consultar la informaci\u00f3n <a href=\"https:\/\/www.deutschland.de\/es\/topic\/politica\/alemania-europa\/tratado-dos-mas-cuatro\">aqu\u00ed<\/a>.<\/span><\/span><\/p>\n<h3>19 de septiembre de 1950<\/h3>\n<p>El 19 de septiembre de 1950 se pone en marcha la Uni\u00f3n Europea de Pagos, con el objetivo de solucionar los<strong>\u00a0<\/strong>problemas que los pa\u00edses ten\u00edan en el terreno comercial y de los pagos tras la II Guerra Mundial.<\/p>\n<h3>23 de septiembre del 2011<\/h3>\n<p>En 2011 la UE participa por primera vez en la Asamblea General de la ONU. <span style=\"color: #333333; background: white;\"><span style=\"font-weight: 400;\">Puedes consultar la informaci\u00f3n <a href=\"https:\/\/www.consilium.europa.eu\/es\/policies\/unga\/\">aqu\u00ed<\/a>.<\/span><\/span><\/p>\n<h3>26 de septiembre de 2020<\/h3>\n<p>En 2002, se celebr\u00f3 \u00a0el primer D\u00eda Europeo de las Lenguas. Desde esta fecha, a\u00f1o tras a\u00f1o, se conmemora la importancia de las lenguas por toda Europa.<\/p>\n<h2>JULIO ED-<span class=\"css-901oao css-16my406 r-1qd0xha r-vw2c0b r-ad9z0x r-bcqeeo r-qvutc0\">Andaluc\u00eda Rural<\/span><\/h2>\n<h3>1 de julio de 1987<\/h3>\n<p>El 1 de julio de 1987 entra en vigor el Acta \u00danica Europea, reforma del Tratado de Roma que reforz\u00f3 la integraci\u00f3n europea mediante la consolidaci\u00f3n de un gran mercado interior. <span style=\"color: #333333; background: white;\"><span style=\"font-weight: 400;\">Puedes consultar la informaci\u00f3n <a href=\"https:\/\/www.europarl.europa.eu\/factsheets\/es\/sheet\/2\/la-evolucion-hacia-el-acta-unica-europea\">aqu\u00ed<\/a>.\u00a0<\/span><\/span><\/p>\n<h3>19 de julio 1984<\/h3>\n<p>El 19 de julio de 1984 Jacques Delors es nombrado presidente de la Comisi\u00f3n de la CEE, lo que desempe\u00f1\u00f3 como gestor eficaz y pol\u00edtico entusiasta. Dinamiz\u00f3 la marcha hacia la integraci\u00f3n europea con la firma del Acta \u00danica. <span style=\"color: #333333; background: white;\"><span style=\"font-weight: 400;\">Puedes consultar la informaci\u00f3n <a href=\"https:\/\/multimedia.europarl.europa.eu\/es\/history-jacques-delors-europe_V001-0022_ev\">aqu\u00ed<\/a>.\u00a0<\/span><\/span><\/p>\n<h3>23 de julio de 2001<\/h3>\n<p>El 23 de julio de 2001 la Cumbre del Clima (Bonn) alcanza un acuerdo mundial para la reducci\u00f3n de los gases de efecto invernadero impulsado por la UE que, en esa senda, planea ser clim\u00e1ticamente neutra en 2050. <span style=\"color: #333333; background: white;\"><span style=\"font-weight: 400;\">Puedes consultar la informaci\u00f3n <a href=\"https:\/\/enb.iisd.org\/climate\/cop6bis\/pix\/80cutkinley.jpg\">aqu\u00ed<\/a>.\u00a0<\/span><\/span><\/p>\n<h3>25 de julio de 1989<\/h3>\n<p>El 25 de julio de 1989 el eurodiputado Enrique Bar\u00f3n se convierte en el primer espa\u00f1ol elegido presidente del Parlamento Europeo. Los otros dos espa\u00f1oles en ese cargo han sido Jos\u00e9 Mar\u00eda Gil-Robles (1997) y Josep Borrell (2004). <span style=\"color: #333333; background: white;\"><span style=\"font-weight: 400;\">Puedes consultar la informaci\u00f3n <a href=\"https:\/\/d3cra5ec8gdi8w.cloudfront.net\/uploads\/imagenes\/8col\/2014\/07\/01\/_expresidenteestrasburgo_96c47b6d.jpg?ffee570729db62f82dd1ae3aaac60a54\">aqu\u00ed<\/a>.\u00a0<\/span><\/span><\/p>\n<h2>JUNIO ED-<span class=\"css-901oao css-16my406 r-1qd0xha r-vw2c0b r-ad9z0x r-bcqeeo r-qvutc0\">Campo<\/span> <span class=\"css-901oao css-16my406 r-1qd0xha r-vw2c0b r-ad9z0x r-bcqeeo r-qvutc0\">Gibraltar<\/span><\/h2>\n<h3>1 de Junio de 1998<\/h3>\n<p class=\"Standard\" style=\"margin-bottom: .0001pt; line-height: normal;\">El 1 de Junio de 1998 fue fundado el BCE s<span style=\"color: #333333; background: white;\">eg\u00fan el Tratado de Amsterdam, estableciendo su sede en la ciudad alemana de Frankfurt. Actualmente su presidenta es Christine Lagarde. <span style=\"font-weight: 400;\">Puedes consultar la informaci\u00f3n <a href=\"https:\/\/economipedia.com\/definiciones\/banco-central-europeo.html\">aqu\u00ed<\/a>.\u00a0<\/span><\/span><\/p>\n<h3>12 de Junio 1985<\/h3>\n<p class=\"Standard\">El 12 de junio de 1985, Espa\u00f1a firma en Madrid el Tratado de adhesi\u00f3n a las Comunidades Europeas. <span style=\"color: #333333; background: white;\"><span style=\"font-weight: 400;\">Puedes consultar la informaci\u00f3n <a href=\"http:\/\/repositori.uji.es\/xmlui\/handle\/10234\/102445\">aqu\u00ed<\/a>.\u00a0<\/span><\/span><\/p>\n<h3>18 de junio de 2004<\/h3>\n<p>El 18 de junio de 2004 el Consejo Europeo aprob\u00f3 el Tratado por el que se instituye una Constituci\u00f3n para Europa y ese mismo a\u00f1o se firm\u00f3 dicho Tratado en Roma en presencia del Presidente del PE, Josep Borrell Fontelles.\u00a0 Los Estados miembros comenzaron a trabajar en el Tratado de Lisboa tras el rechazo del Tratado constitucional. <span style=\"font-weight: 400;\">Puedes consultar la informaci\u00f3n <a href=\"https:\/\/www.europarl.europa.eu\/about-parliament\/es\/in-the-past\/the-parliament-and-the-treaties\/draft-treaty-establishing-a-constitution-for-europe\">aqu\u00ed<\/a>.<\/span><\/p>\n<h3>24 de junio de 2016<\/h3>\n<p>Refer\u00e9ndum del Reino Unido: El 23 de junio de 2016, los ciudadanos del Reino Unido deciden con su voto salir de la Uni\u00f3n Europea. La votaci\u00f3n tiene lugar tras intensas negociaciones sobre un r\u00e9gimen que reforzar\u00eda el estatuto especial del Reino Unido en la UE. <span style=\"font-weight: 400;\">Puedes consultar la informaci\u00f3n <a href=\"https:\/\/www.bbc.com\/mundo\/noticias-internacional-36614807\">aqu\u00ed<\/a>.<\/span><\/p>\n<h2>MAYO ED-ALMER\u00cdA<\/h2>\n<h3>9 de mayo de 1950<\/h3>\n<p>El\u00a0<a href=\"https:\/\/europa.eu\/european-union\/about-eu\/history\/eu-pioneers_es#box_11\">ministro de Asuntos Exteriores franc\u00e9s\u00a0<strong>Robert Schuman<\/strong><\/a>\u00a0presenta un plan para crear una nueva forma de cooperaci\u00f3n pol\u00edtica en Europa que haga impensable una nueva guerra entre las naciones europeas. La propuesta de Schuman se considera el germen de la Uni\u00f3n Europea. Por esa raz\u00f3n, el 9 de mayo es el\u00a0<a href=\"https:\/\/europa.eu\/european-union\/about-eu\/symbols\/europe-day_es\">D\u00eda de Europa<\/a>. <span style=\"font-weight: 400;\">Puedes consultar la informaci\u00f3n <a href=\"http:\/\/repositori.uji.es\/xmlui\/handle\/10234\/103978\">aqu\u00ed<\/a>.<\/span><\/p>\n<h3>2 de mayo de 1992<\/h3>\n<p>Firma en Oporto del Acuerdo sobre el Espacio Econ\u00f3mico Europeo. <span style=\"font-weight: 400;\">Puedes consultar la informaci\u00f3n <a href=\"http:\/\/repositori.uji.es\/xmlui\/handle\/10234\/132121\">aqu\u00ed<\/a>.<\/span><\/p>\n<h3>21 de mayo de 1992<\/h3>\n<p><strong>La UE crea la red Natura 2000<\/strong>, que ofrece refugio a las especies y h\u00e1bitats de fauna y flora silvestre m\u00e1s amenazados en Europa. Es la mayor red coordinada de espacios protegidos del mundo. <span style=\"font-weight: 400;\">Puedes consultar la informaci\u00f3n <a href=\"https:\/\/www.boe.es\/doue\/1992\/206\/L00007-00050.pdf\">aqu\u00ed<\/a>.<\/span><\/p>\n<h3>1 de mayo de 2004<\/h3>\n<p><strong>Entra en vigor el tratado de adhesi\u00f3n de diez nuevos pa\u00edses a la UE<\/strong>. La incorporaci\u00f3n de Chequia, Chipre, Eslovaquia, Eslovenia, Estonia, Hungr\u00eda, Letonia, Lituania, Malta y Polonia hace que el total de Estados miembros pase a 25. <span style=\"font-weight: 400;\">Puedes consultar la informaci\u00f3n <a href=\"http:\/\/repositori.uji.es\/xmlui\/handle\/10234\/97194\">aqu\u00ed<\/a>.<\/span><\/p>\n<h2>ABRIL CDE-SEVILLA<\/h2>\n<h3>15 de abril de 1958<\/h3>\n<p>El 15 de abril de 1958 Se adopta el primer Reglamento por el que se establecen las #lenguas oficiales y las #lenguas de trabajo de la Uni\u00f3n Europea.\u00a0 <span style=\"font-weight: 400;\">Puedes consultar la informaci\u00f3n <a href=\"https:\/\/cutt.ly\/2tR8RPZ\">aqu\u00ed<\/a>.<\/span><\/p>\n<h3>16 de abril de 2003<\/h3>\n<p>El 16 de abril de 2003 se firma el Tratado de Atenas, por el cual diez pa\u00edses europeos m\u00e1s formar\u00edan parte de la Uni\u00f3n Europea a partir del 1 de Mayo 2004. Con esta ampliaci\u00f3n, la Uni\u00f3n Europea pas\u00f3 de tener 15 a 25 socios, englobando a una poblaci\u00f3n de 450 millones de habitantes. Dichos estados fueron #Rep\u00fablicaCheca, #Chipre, #Eslovaquia, #Eslovenia, #Estonia, #Hungr\u00eda, #Letonia, #Lituania, #Malta y #Polonia. <span style=\"font-weight: 400;\">Puedes consultar la informaci\u00f3n <a href=\"https:\/\/cutt.ly\/itR4xa3\">aqu\u00ed<\/a>.<\/span><\/p>\n<h3>18 de Abril de 1951<\/h3>\n<p>El 18 de abril de 1951 se firma en Par\u00eds el Tratado Constitutivo de la CECA (Comunidad Europea del Carb\u00f3n y del Acero), germen de la colaboraci\u00f3n entre pa\u00edses europeos que dar\u00eda lugar a lo que posteriormente se convertir\u00eda en la Comunidad Econ\u00f3mica Europea (actualmente Uni\u00f3n Europea), integrada por Alemania, B\u00e9lgica, Francia, Italia, Luxemburgo y los Pa\u00edses Bajos. Desaparece en el a\u00f1o 2002 al expirar el tratado. <span style=\"font-weight: 400;\">Puedes consultar la informaci\u00f3n <a href=\"https:\/\/cutt.ly\/ZtR7eqY\">aqu\u00ed<\/a>.<\/span><\/p>\n<h3>25 de Abril de 2005<\/h3>\n<p>El 25 de abril de 2005 se firma en Luxemburgo el Tratado de Adhesi\u00f3n por el cual se incorporar\u00edan a la Uni\u00f3n Europea desde 2007 #Ruman\u00eda y #Bulgaria. <span style=\"font-weight: 400;\">Puedes consultar la informaci\u00f3n <a href=\"https:\/\/cutt.ly\/etR7noU\">aqu\u00ed<\/a>.<\/span><\/p>\n<h2>MARZO CDE-GRANADA<\/h2>\n<h3>13 de marzo de 2020<\/h3>\n<p><span style=\"font-weight: 400;\">El 13 de marzo de 1979 entra en vigor el Sistema Monetario Europeo. Puedes consultar la informaci\u00f3n <a href=\"http:\/\/bit.ly\/3bt2H72\">aqu\u00ed<\/a>.<\/span><\/p>\n<h3>25 de marzo de 2020<\/h3>\n<p><span style=\"font-weight: 400;\">El 25 de marzo de 1957 los Seis (Francia, Alemania, Italia, B\u00e9lgica, los Pa\u00edses Bajos y Luxemburgo) firman los Tratados de Roma que establecen la Comunidad Econ\u00f3mica Europea (CEE y la Comunidad Europea de la Energ\u00eda At\u00f3mica (EURATOM). Si quieres saber m\u00e1s pincha <a href=\"http:\/\/bit.ly\/3bt2H72\">aqu\u00ed<\/a><\/span><\/p>\n<h3>26 de marzo de 2020<\/h3>\n<p><span style=\"font-weight: 400;\">El 26 de marzo de 1995 entra en vigor el Acuerdo de Schengen entre Alemania, B\u00e9lgica, Espa\u00f1a, Francia, Luxemburgo, los Pa\u00edses Bajos y Portugal que decidieron abolir sus controles en las fronteras interiores. M\u00e1s <a href=\"http:\/\/bit.ly\/2ScWBQE\">aqu\u00ed<\/a><\/span><\/p>\n<p>29 de marzo de 2020<\/p>\n<p><span style=\"font-weight: 400;\">El 29 de marzo de 2017 el Reino Unido activa oficialmente el art\u00edculo 50 para abandonar la UE. El Reino Unido notifica oficialmente al Consejo Europeo su intenci\u00f3n de abandonar la UE. Consulta la notificaci\u00f3n <a href=\"ttp:\/\/bit.ly\/2uxOEg1\">aqu\u00ed<\/a><\/span><\/p>\n<h2>FEBRERO CDE-C\u00d3RDOBA<\/h2>\n<h3>7 de febrero de 2020<\/h3>\n<p><span style=\"font-weight: 400;\">El 7 de febrero de 1992 se firma en Maastricht (Holanda), un Tratado por el que 12 pa\u00edses de la Comunidad Europea se unen con esp\u00edritu de cooperaci\u00f3n econ\u00f3mica, buscando pol\u00edticas de seguridad comunes y cooperaci\u00f3n entre polic\u00eda y otras autoridades contra el crimen, el terrorismo y la inmigraci\u00f3n. Entrar\u00eda en vigor a partir del 1 de noviembre de 1993. <\/span><span style=\"font-weight: 400;\">Fue el tratado que cre\u00f3 la Uni\u00f3n Europea actual y que puedes consultar<a href=\"https:\/\/www.europarl.europa.eu\/about-parliament\/es\/in-the-past\/the-parliament-and-the-treaties\/maastricht-treaty\"> aqu\u00ed<\/a><\/span><\/p>\n<h3>26 de febrero de 2020<\/h3>\n<p><span style=\"font-weight: 400;\">El 26 de febrero de 2001 se firm\u00f3 el Tratado de Niza, el cual entr\u00f3 en vigor el 1 de febrero de 2003. Bajo la forma del Tratado, la Convenci\u00f3n Europea se esforz\u00f3 por crear una nueva base jur\u00eddica para la Uni\u00f3n, estableciendo una Constituci\u00f3n para Europa que no pudo ser ratificada. Puedes consultar la ficha informativa sobre el Tratado <a href=\"https:\/\/www.europarl.europa.eu\/factsheets\/es\/sheet\/4\/el-tratado-de-niza-y-la-convencion-sobre-el-futuro-de-europa\">aqu\u00ed<\/a><\/span><\/p>\n<h3>28 de febrero de 2020<\/h3>\n<p><span style=\"font-weight: 400;\">El 28 de febrero de 2002 <\/span><span style=\"font-weight: 400;\">desaparecen definitivamente las monedas nacionales de doce pa\u00edses de la UE<\/span><span style=\"font-weight: 400;\">, por lo que, a partir del d\u00eda siguiente, el euro se convertir\u00eda en la \u00fanica divisa de curso legal, tras haberse puesto en circulaci\u00f3n el 1 de enero de este mismo a\u00f1o y haber coexistido con las divisas nacionales durante 59 d\u00edas. M\u00e1s <a href=\"https:\/\/www.ecb.europa.eu\/press\/pr\/date\/2002\/html\/pr020228.es.html\">aqu\u00ed<\/a><\/span><\/p>\n<h2>ENERO-CDE ALMER\u00cdA<\/h2>\n<h3>25 de enero de 2019<\/h3>\n<p>El 25 de enero de 2019 se celebr\u00f3 la <strong>Primera Cumbre Europea de Educaci\u00f3n<\/strong> cuya apertura se llev\u00f3 a cabo por el entonces Comisario Navracsics y a la cual damos acceso <a href=\"https:\/\/bit.ly\/37dzScm\">aqu\u00ed<\/a><\/p>\n<h3>27 de enero D\u00eda Internacional en memoria de las v\u00edctimas del Holocausto<\/h3>\n<p>El D\u00eda Internacional en memoria de las <strong>v\u00edctimas del Holocausto<\/strong> se celebra cada a\u00f1o el 27 de enero, la misma fecha en la que en 1945 las tropas sovi\u00e9ticas liberaron el campo de exterminio de Auschwitz-Birkenau. El entonces presidente Jean-Claude Juncker dio un discurso conmemorativo el 27 de enero de 2018. Acceso <a href=\"https:\/\/bit.ly\/2up8bPa\">aqu\u00ed\u00a0<\/a><\/p>\n<h3>28 de enero de 2020<\/h3>\n<p style=\"font-weight: 400;\">Tal d\u00eda como hoy, pero de 1981, se firmaba el <strong>Convenio n\u00ba 108 del Consejo de Europa<\/strong>, para la protecci\u00f3n de las personas con respecto al tratamiento automatizado de datos de car\u00e1cter personal, que naci\u00f3 con la finalidad de garantizar, en cada Estado parte, a cualquier persona f\u00edsica sean cuales fueren su nacionalidad o su residencia, el respeto de sus derechos y libertades fundamentales, concretamente su derecho a la vida privada, con respecto al tratamiento automatizado de los datos de car\u00e1cter personal correspondientes a dicha persona (\u00abprotecci\u00f3n de datos\u00bb). M\u00e1s informaci\u00f3n <a href=\"https:\/\/edps.europa.eu\/press-publications\/press-news\/news#news_5695\">aqu\u00ed<\/a><\/p>\n","protected":false},"excerpt":{"rendered":"<p>Inauguramos la actividad denominada \u201cTal d\u00eda como hoy\u201d que tiene como objetivo compartir informaci\u00f3n, experiencias y vivencias relacionadas con hechos relevantes y\/o conmemorativos en la UE. En la actividad participan todos los centros que forman parte de la Red de Informaci\u00f3n Europea de Andaluc\u00eda. La actividad se realizar\u00e1 cada mes por un miembro diferente de [&hellip;]<\/p>\n","protected":false},"author":1,"featured_media":33993,"comment_status":"open","ping_status":"open","sticky":false,"template":"","format":"standard","meta":{"_acf_changed":false,"_relevanssi_hide_post":"","_relevanssi_hide_content":"","_relevanssi_pin_for_all":"","_relevanssi_pin_keywords":"","_relevanssi_unpin_keywords":"","_relevanssi_related_keywords":"","_relevanssi_related_include_ids":"","_relevanssi_related_exclude_ids":"","_relevanssi_related_no_append":"","_relevanssi_related_not_related":"","_relevanssi_related_posts":"","_relevanssi_noindex_reason":"","_monsterinsights_skip_tracking":false,"_monsterinsights_sitenote_active":false,"_monsterinsights_sitenote_note":"","_monsterinsights_sitenote_category":0,"_genesis_hide_title":false,"_genesis_hide_breadcrumbs":false,"_genesis_hide_singular_image":false,"_genesis_hide_footer_widgets":false,"_genesis_custom_body_class":"","_genesis_custom_post_class":"","_genesis_layout":"","footnotes":""},"categories":[114],"tags":[1087,2347,798],"class_list":{"0":"post-33985","1":"post","2":"type-post","3":"status-publish","4":"format-standard","5":"has-post-thumbnail","7":"category-actividades","8":"tag-riea","9":"tag-tal-dia-como-hoy-en-la-ue","10":"tag-ue-2","11":"entry"},"acf":[],"yoast_head":"<!-- This site is optimized with the Yoast SEO plugin v27.4 - https:\/\/yoast.com\/product\/yoast-seo-wordpress\/ -->\n<title>Tal d\u00eda como hoy...en la UE | CDE Almer\u00eda - Centro de Documentaci\u00f3n Europea - Universidad de Almer\u00eda<\/title>\n<meta name=\"robots\" content=\"index, follow, max-snippet:-1, max-image-preview:large, max-video-preview:-1\" \/>\n<link rel=\"canonical\" href=\"https:\/\/www.cde.ual.es\/tal-dia-como-hoy\/\" \/>\n<meta property=\"og:locale\" content=\"en_US\" \/>\n<meta property=\"og:type\" content=\"article\" \/>\n<meta property=\"og:title\" content=\"Tal d\u00eda como hoy...en la UE | CDE Almer\u00eda - Centro de Documentaci\u00f3n Europea - Universidad de Almer\u00eda\" \/>\n<meta property=\"og:description\" content=\"Inauguramos la actividad denominada \u201cTal d\u00eda como hoy\u201d que tiene como objetivo compartir informaci\u00f3n, experiencias y vivencias relacionadas con hechos relevantes y\/o conmemorativos en la UE. En la actividad participan todos los centros que forman parte de la Red de Informaci\u00f3n Europea de Andaluc\u00eda. La actividad se realizar\u00e1 cada mes por un miembro diferente de [&hellip;]\" \/>\n<meta property=\"og:url\" content=\"https:\/\/www.cde.ual.es\/tal-dia-como-hoy\/\" \/>\n<meta property=\"og:site_name\" content=\"CDE Almer\u00eda - Centro de Documentaci\u00f3n Europea - Universidad de Almer\u00eda\" \/>\n<meta property=\"article:publisher\" content=\"https:\/\/www.facebook.com\/cdeuniversidadalmeria\/\" \/>\n<meta property=\"article:published_time\" content=\"2020-12-01T09:30:15+00:00\" \/>\n<meta property=\"article:modified_time\" content=\"2020-12-14T13:14:25+00:00\" \/>\n<meta property=\"og:image\" content=\"https:\/\/www.cde.ual.es\/wp-content\/uploads\/2020\/01\/White-Simple-Specials-Coffee-Photo-Collage.jpg\" \/>\n\t<meta property=\"og:image:width\" content=\"2000\" \/>\n\t<meta property=\"og:image:height\" content=\"1600\" \/>\n\t<meta property=\"og:image:type\" content=\"image\/jpeg\" \/>\n<meta name=\"author\" content=\"AdminCDE\" \/>\n<meta name=\"twitter:card\" content=\"summary_large_image\" \/>\n<meta name=\"twitter:creator\" content=\"@cdeualmeria\" \/>\n<meta name=\"twitter:site\" content=\"@cdeualmeria\" \/>\n<meta name=\"twitter:label1\" content=\"Written by\" \/>\n\t<meta name=\"twitter:data1\" content=\"AdminCDE\" \/>\n\t<meta name=\"twitter:label2\" content=\"Est. reading time\" \/>\n\t<meta name=\"twitter:data2\" content=\"11 minutes\" \/>\n<script type=\"application\/ld+json\" class=\"yoast-schema-graph\">{\"@context\":\"https:\\\/\\\/schema.org\",\"@graph\":[{\"@type\":\"Article\",\"@id\":\"https:\\\/\\\/www.cde.ual.es\\\/tal-dia-como-hoy\\\/#article\",\"isPartOf\":{\"@id\":\"https:\\\/\\\/www.cde.ual.es\\\/tal-dia-como-hoy\\\/\"},\"author\":{\"name\":\"AdminCDE\",\"@id\":\"https:\\\/\\\/www.cde.ual.es\\\/#\\\/schema\\\/person\\\/224ef08c8bcc005f319d2713ce37ee5f\"},\"headline\":\"Tal d\u00eda como hoy&#8230;en la UE\",\"datePublished\":\"2020-12-01T09:30:15+00:00\",\"dateModified\":\"2020-12-14T13:14:25+00:00\",\"mainEntityOfPage\":{\"@id\":\"https:\\\/\\\/www.cde.ual.es\\\/tal-dia-como-hoy\\\/\"},\"wordCount\":2147,\"commentCount\":0,\"publisher\":{\"@id\":\"https:\\\/\\\/www.cde.ual.es\\\/#organization\"},\"image\":{\"@id\":\"https:\\\/\\\/www.cde.ual.es\\\/tal-dia-como-hoy\\\/#primaryimage\"},\"thumbnailUrl\":\"https:\\\/\\\/www.cde.ual.es\\\/wp-content\\\/uploads\\\/2020\\\/01\\\/White-Simple-Specials-Coffee-Photo-Collage.jpg\",\"keywords\":[\"RIEA\",\"Tal d\u00eda como hoy... en la UE\",\"UE\"],\"articleSection\":[\"Actividades\"],\"inLanguage\":\"en-US\",\"potentialAction\":[{\"@type\":\"CommentAction\",\"name\":\"Comment\",\"target\":[\"https:\\\/\\\/www.cde.ual.es\\\/tal-dia-como-hoy\\\/#respond\"]}]},{\"@type\":\"WebPage\",\"@id\":\"https:\\\/\\\/www.cde.ual.es\\\/tal-dia-como-hoy\\\/\",\"url\":\"https:\\\/\\\/www.cde.ual.es\\\/tal-dia-como-hoy\\\/\",\"name\":\"Tal d\u00eda como hoy...en la UE | CDE Almer\u00eda - Centro de Documentaci\u00f3n Europea - Universidad de Almer\u00eda\",\"isPartOf\":{\"@id\":\"https:\\\/\\\/www.cde.ual.es\\\/#website\"},\"primaryImageOfPage\":{\"@id\":\"https:\\\/\\\/www.cde.ual.es\\\/tal-dia-como-hoy\\\/#primaryimage\"},\"image\":{\"@id\":\"https:\\\/\\\/www.cde.ual.es\\\/tal-dia-como-hoy\\\/#primaryimage\"},\"thumbnailUrl\":\"https:\\\/\\\/www.cde.ual.es\\\/wp-content\\\/uploads\\\/2020\\\/01\\\/White-Simple-Specials-Coffee-Photo-Collage.jpg\",\"datePublished\":\"2020-12-01T09:30:15+00:00\",\"dateModified\":\"2020-12-14T13:14:25+00:00\",\"breadcrumb\":{\"@id\":\"https:\\\/\\\/www.cde.ual.es\\\/tal-dia-como-hoy\\\/#breadcrumb\"},\"inLanguage\":\"en-US\",\"potentialAction\":[{\"@type\":\"ReadAction\",\"target\":[\"https:\\\/\\\/www.cde.ual.es\\\/tal-dia-como-hoy\\\/\"]}]},{\"@type\":\"ImageObject\",\"inLanguage\":\"en-US\",\"@id\":\"https:\\\/\\\/www.cde.ual.es\\\/tal-dia-como-hoy\\\/#primaryimage\",\"url\":\"https:\\\/\\\/www.cde.ual.es\\\/wp-content\\\/uploads\\\/2020\\\/01\\\/White-Simple-Specials-Coffee-Photo-Collage.jpg\",\"contentUrl\":\"https:\\\/\\\/www.cde.ual.es\\\/wp-content\\\/uploads\\\/2020\\\/01\\\/White-Simple-Specials-Coffee-Photo-Collage.jpg\",\"width\":2000,\"height\":1600},{\"@type\":\"BreadcrumbList\",\"@id\":\"https:\\\/\\\/www.cde.ual.es\\\/tal-dia-como-hoy\\\/#breadcrumb\",\"itemListElement\":[{\"@type\":\"ListItem\",\"position\":1,\"name\":\"Inicio\",\"item\":\"https:\\\/\\\/www.cde.ual.es\\\/en\\\/\"},{\"@type\":\"ListItem\",\"position\":2,\"name\":\"Actividades\",\"item\":\"https:\\\/\\\/www.cde.ual.es\\\/category\\\/actividades\\\/\"},{\"@type\":\"ListItem\",\"position\":3,\"name\":\"Tal d\u00eda como hoy&#8230;en la UE\"}]},{\"@type\":\"WebSite\",\"@id\":\"https:\\\/\\\/www.cde.ual.es\\\/#website\",\"url\":\"https:\\\/\\\/www.cde.ual.es\\\/\",\"name\":\"CDE Almer\u00eda - Centro de Documentaci\u00f3n Europea - Universidad de Almer\u00eda\",\"description\":\"Centro de Documentaci\u00f3n Europea de la Universidad de Almer\u00eda\",\"publisher\":{\"@id\":\"https:\\\/\\\/www.cde.ual.es\\\/#organization\"},\"alternateName\":\"CDE Almer\u00eda\",\"potentialAction\":[{\"@type\":\"SearchAction\",\"target\":{\"@type\":\"EntryPoint\",\"urlTemplate\":\"https:\\\/\\\/www.cde.ual.es\\\/?s={search_term_string}\"},\"query-input\":{\"@type\":\"PropertyValueSpecification\",\"valueRequired\":true,\"valueName\":\"search_term_string\"}}],\"inLanguage\":\"en-US\"},{\"@type\":\"Organization\",\"@id\":\"https:\\\/\\\/www.cde.ual.es\\\/#organization\",\"name\":\"Centro de Documentaci\u00f3n Europea de Almer\u00eda\",\"url\":\"https:\\\/\\\/www.cde.ual.es\\\/\",\"logo\":{\"@type\":\"ImageObject\",\"inLanguage\":\"en-US\",\"@id\":\"https:\\\/\\\/www.cde.ual.es\\\/#\\\/schema\\\/logo\\\/image\\\/\",\"url\":\"https:\\\/\\\/www.cde.ual.es\\\/wp-content\\\/uploads\\\/2025\\\/07\\\/cde-logo-3.png\",\"contentUrl\":\"https:\\\/\\\/www.cde.ual.es\\\/wp-content\\\/uploads\\\/2025\\\/07\\\/cde-logo-3.png\",\"width\":1400,\"height\":300,\"caption\":\"Centro de Documentaci\u00f3n Europea de Almer\u00eda\"},\"image\":{\"@id\":\"https:\\\/\\\/www.cde.ual.es\\\/#\\\/schema\\\/logo\\\/image\\\/\"},\"sameAs\":[\"https:\\\/\\\/www.facebook.com\\\/cdeuniversidadalmeria\\\/\",\"https:\\\/\\\/x.com\\\/cdeualmeria\",\"https:\\\/\\\/www.tiktok.com\\\/@cdealmeria\",\"https:\\\/\\\/www.instagram.com\\\/cdealmeria\\\/\",\"https:\\\/\\\/www.linkedin.com\\\/in\\\/cde-almera-812b26a9\\\/\"]},{\"@type\":\"Person\",\"@id\":\"https:\\\/\\\/www.cde.ual.es\\\/#\\\/schema\\\/person\\\/224ef08c8bcc005f319d2713ce37ee5f\",\"name\":\"AdminCDE\",\"image\":{\"@type\":\"ImageObject\",\"inLanguage\":\"en-US\",\"@id\":\"https:\\\/\\\/secure.gravatar.com\\\/avatar\\\/a72d038d371f995cd13706fac32274b7952a52e8fb0a84b5f80c85426f2a98a8?s=96&d=mm&r=g\",\"url\":\"https:\\\/\\\/secure.gravatar.com\\\/avatar\\\/a72d038d371f995cd13706fac32274b7952a52e8fb0a84b5f80c85426f2a98a8?s=96&d=mm&r=g\",\"contentUrl\":\"https:\\\/\\\/secure.gravatar.com\\\/avatar\\\/a72d038d371f995cd13706fac32274b7952a52e8fb0a84b5f80c85426f2a98a8?s=96&d=mm&r=g\",\"caption\":\"AdminCDE\"}}]}<\/script>\n<!-- \/ Yoast SEO plugin. -->","yoast_head_json":{"title":"Tal d\u00eda como hoy...en la UE | CDE Almer\u00eda - Centro de Documentaci\u00f3n Europea - Universidad de Almer\u00eda","robots":{"index":"index","follow":"follow","max-snippet":"max-snippet:-1","max-image-preview":"max-image-preview:large","max-video-preview":"max-video-preview:-1"},"canonical":"https:\/\/www.cde.ual.es\/tal-dia-como-hoy\/","og_locale":"en_US","og_type":"article","og_title":"Tal d\u00eda como hoy...en la UE | CDE Almer\u00eda - Centro de Documentaci\u00f3n Europea - Universidad de Almer\u00eda","og_description":"Inauguramos la actividad denominada \u201cTal d\u00eda como hoy\u201d que tiene como objetivo compartir informaci\u00f3n, experiencias y vivencias relacionadas con hechos relevantes y\/o conmemorativos en la UE. En la actividad participan todos los centros que forman parte de la Red de Informaci\u00f3n Europea de Andaluc\u00eda. La actividad se realizar\u00e1 cada mes por un miembro diferente de [&hellip;]","og_url":"https:\/\/www.cde.ual.es\/tal-dia-como-hoy\/","og_site_name":"CDE Almer\u00eda - Centro de Documentaci\u00f3n Europea - Universidad de Almer\u00eda","article_publisher":"https:\/\/www.facebook.com\/cdeuniversidadalmeria\/","article_published_time":"2020-12-01T09:30:15+00:00","article_modified_time":"2020-12-14T13:14:25+00:00","og_image":[{"width":2000,"height":1600,"url":"https:\/\/www.cde.ual.es\/wp-content\/uploads\/2020\/01\/White-Simple-Specials-Coffee-Photo-Collage.jpg","type":"image\/jpeg"}],"author":"AdminCDE","twitter_card":"summary_large_image","twitter_creator":"@cdeualmeria","twitter_site":"@cdeualmeria","twitter_misc":{"Written by":"AdminCDE","Est. reading time":"11 minutes"},"schema":{"@context":"https:\/\/schema.org","@graph":[{"@type":"Article","@id":"https:\/\/www.cde.ual.es\/tal-dia-como-hoy\/#article","isPartOf":{"@id":"https:\/\/www.cde.ual.es\/tal-dia-como-hoy\/"},"author":{"name":"AdminCDE","@id":"https:\/\/www.cde.ual.es\/#\/schema\/person\/224ef08c8bcc005f319d2713ce37ee5f"},"headline":"Tal d\u00eda como hoy&#8230;en la UE","datePublished":"2020-12-01T09:30:15+00:00","dateModified":"2020-12-14T13:14:25+00:00","mainEntityOfPage":{"@id":"https:\/\/www.cde.ual.es\/tal-dia-como-hoy\/"},"wordCount":2147,"commentCount":0,"publisher":{"@id":"https:\/\/www.cde.ual.es\/#organization"},"image":{"@id":"https:\/\/www.cde.ual.es\/tal-dia-como-hoy\/#primaryimage"},"thumbnailUrl":"https:\/\/www.cde.ual.es\/wp-content\/uploads\/2020\/01\/White-Simple-Specials-Coffee-Photo-Collage.jpg","keywords":["RIEA","Tal d\u00eda como hoy... en la UE","UE"],"articleSection":["Actividades"],"inLanguage":"en-US","potentialAction":[{"@type":"CommentAction","name":"Comment","target":["https:\/\/www.cde.ual.es\/tal-dia-como-hoy\/#respond"]}]},{"@type":"WebPage","@id":"https:\/\/www.cde.ual.es\/tal-dia-como-hoy\/","url":"https:\/\/www.cde.ual.es\/tal-dia-como-hoy\/","name":"Tal d\u00eda como hoy...en la UE | CDE Almer\u00eda - Centro de Documentaci\u00f3n Europea - Universidad de Almer\u00eda","isPartOf":{"@id":"https:\/\/www.cde.ual.es\/#website"},"primaryImageOfPage":{"@id":"https:\/\/www.cde.ual.es\/tal-dia-como-hoy\/#primaryimage"},"image":{"@id":"https:\/\/www.cde.ual.es\/tal-dia-como-hoy\/#primaryimage"},"thumbnailUrl":"https:\/\/www.cde.ual.es\/wp-content\/uploads\/2020\/01\/White-Simple-Specials-Coffee-Photo-Collage.jpg","datePublished":"2020-12-01T09:30:15+00:00","dateModified":"2020-12-14T13:14:25+00:00","breadcrumb":{"@id":"https:\/\/www.cde.ual.es\/tal-dia-como-hoy\/#breadcrumb"},"inLanguage":"en-US","potentialAction":[{"@type":"ReadAction","target":["https:\/\/www.cde.ual.es\/tal-dia-como-hoy\/"]}]},{"@type":"ImageObject","inLanguage":"en-US","@id":"https:\/\/www.cde.ual.es\/tal-dia-como-hoy\/#primaryimage","url":"https:\/\/www.cde.ual.es\/wp-content\/uploads\/2020\/01\/White-Simple-Specials-Coffee-Photo-Collage.jpg","contentUrl":"https:\/\/www.cde.ual.es\/wp-content\/uploads\/2020\/01\/White-Simple-Specials-Coffee-Photo-Collage.jpg","width":2000,"height":1600},{"@type":"BreadcrumbList","@id":"https:\/\/www.cde.ual.es\/tal-dia-como-hoy\/#breadcrumb","itemListElement":[{"@type":"ListItem","position":1,"name":"Inicio","item":"https:\/\/www.cde.ual.es\/en\/"},{"@type":"ListItem","position":2,"name":"Actividades","item":"https:\/\/www.cde.ual.es\/category\/actividades\/"},{"@type":"ListItem","position":3,"name":"Tal d\u00eda como hoy&#8230;en la UE"}]},{"@type":"WebSite","@id":"https:\/\/www.cde.ual.es\/#website","url":"https:\/\/www.cde.ual.es\/","name":"CDE Almer\u00eda - Centro de Documentaci\u00f3n Europea - Universidad de Almer\u00eda","description":"Centro de Documentaci\u00f3n Europea de la Universidad de Almer\u00eda","publisher":{"@id":"https:\/\/www.cde.ual.es\/#organization"},"alternateName":"CDE Almer\u00eda","potentialAction":[{"@type":"SearchAction","target":{"@type":"EntryPoint","urlTemplate":"https:\/\/www.cde.ual.es\/?s={search_term_string}"},"query-input":{"@type":"PropertyValueSpecification","valueRequired":true,"valueName":"search_term_string"}}],"inLanguage":"en-US"},{"@type":"Organization","@id":"https:\/\/www.cde.ual.es\/#organization","name":"Centro de Documentaci\u00f3n Europea de Almer\u00eda","url":"https:\/\/www.cde.ual.es\/","logo":{"@type":"ImageObject","inLanguage":"en-US","@id":"https:\/\/www.cde.ual.es\/#\/schema\/logo\/image\/","url":"https:\/\/www.cde.ual.es\/wp-content\/uploads\/2025\/07\/cde-logo-3.png","contentUrl":"https:\/\/www.cde.ual.es\/wp-content\/uploads\/2025\/07\/cde-logo-3.png","width":1400,"height":300,"caption":"Centro de Documentaci\u00f3n Europea de Almer\u00eda"},"image":{"@id":"https:\/\/www.cde.ual.es\/#\/schema\/logo\/image\/"},"sameAs":["https:\/\/www.facebook.com\/cdeuniversidadalmeria\/","https:\/\/x.com\/cdeualmeria","https:\/\/www.tiktok.com\/@cdealmeria","https:\/\/www.instagram.com\/cdealmeria\/","https:\/\/www.linkedin.com\/in\/cde-almera-812b26a9\/"]},{"@type":"Person","@id":"https:\/\/www.cde.ual.es\/#\/schema\/person\/224ef08c8bcc005f319d2713ce37ee5f","name":"AdminCDE","image":{"@type":"ImageObject","inLanguage":"en-US","@id":"https:\/\/secure.gravatar.com\/avatar\/a72d038d371f995cd13706fac32274b7952a52e8fb0a84b5f80c85426f2a98a8?s=96&d=mm&r=g","url":"https:\/\/secure.gravatar.com\/avatar\/a72d038d371f995cd13706fac32274b7952a52e8fb0a84b5f80c85426f2a98a8?s=96&d=mm&r=g","contentUrl":"https:\/\/secure.gravatar.com\/avatar\/a72d038d371f995cd13706fac32274b7952a52e8fb0a84b5f80c85426f2a98a8?s=96&d=mm&r=g","caption":"AdminCDE"}}]}},"_links":{"self":[{"href":"https:\/\/www.cde.ual.es\/en\/wp-json\/wp\/v2\/posts\/33985","targetHints":{"allow":["GET"]}}],"collection":[{"href":"https:\/\/www.cde.ual.es\/en\/wp-json\/wp\/v2\/posts"}],"about":[{"href":"https:\/\/www.cde.ual.es\/en\/wp-json\/wp\/v2\/types\/post"}],"author":[{"embeddable":true,"href":"https:\/\/www.cde.ual.es\/en\/wp-json\/wp\/v2\/users\/1"}],"replies":[{"embeddable":true,"href":"https:\/\/www.cde.ual.es\/en\/wp-json\/wp\/v2\/comments?post=33985"}],"version-history":[{"count":0,"href":"https:\/\/www.cde.ual.es\/en\/wp-json\/wp\/v2\/posts\/33985\/revisions"}],"wp:featuredmedia":[{"embeddable":true,"href":"https:\/\/www.cde.ual.es\/en\/wp-json\/wp\/v2\/media\/33993"}],"wp:attachment":[{"href":"https:\/\/www.cde.ual.es\/en\/wp-json\/wp\/v2\/media?parent=33985"}],"wp:term":[{"taxonomy":"category","embeddable":true,"href":"https:\/\/www.cde.ual.es\/en\/wp-json\/wp\/v2\/categories?post=33985"},{"taxonomy":"post_tag","embeddable":true,"href":"https:\/\/www.cde.ual.es\/en\/wp-json\/wp\/v2\/tags?post=33985"}],"curies":[{"name":"wp","href":"https:\/\/api.w.org\/{rel}","templated":true}]}}