{"id":33733,"date":"2020-01-23T03:00:48","date_gmt":"2020-01-23T02:00:48","guid":{"rendered":"https:\/\/www.cde.ual.es\/?p=33733"},"modified":"2020-01-22T10:00:15","modified_gmt":"2020-01-22T09:00:15","slug":"brexit-protecting-the-rights-of-eu-citizens-living-in-the-uk","status":"publish","type":"post","link":"https:\/\/www.cde.ual.es\/en\/brexit-protecting-the-rights-of-eu-citizens-living-in-the-uk\/","title":{"rendered":"Brexit: protecting the rights of EU citizens living in the UK"},"content":{"rendered":"<p>Parliament is fighting to <strong>protect the rights of EU citizens in the UK and of British citizens<\/strong> in the EU after Brexit.<\/p>\n<p><a href=\"https:\/\/www.cde.ual.es\/wp-content\/uploads\/2017\/12\/Slider-Brexit-1.png\"><img decoding=\"async\" class=\"size-medium wp-image-13693 aligncenter\" src=\"https:\/\/www.cde.ual.es\/wp-content\/uploads\/2017\/12\/Slider-Brexit-1-300x147.png\" alt=\"\" width=\"300\" height=\"147\" srcset=\"https:\/\/www.cde.ual.es\/wp-content\/uploads\/2017\/12\/Slider-Brexit-1-300x147.png 300w, https:\/\/www.cde.ual.es\/wp-content\/uploads\/2017\/12\/Slider-Brexit-1-768x375.png 768w, https:\/\/www.cde.ual.es\/wp-content\/uploads\/2017\/12\/Slider-Brexit-1.png 952w\" sizes=\"(max-width: 300px) 100vw, 300px\" \/><\/a><\/p>\n<p class=\"ep-wysiwig_paragraph\">Although few of them were allowed to vote during the referendum, the millions of EU citizens living in the UK will be among those affected the most by Brexit. Their rights are covered by the withdrawal agreement negotiated by the UK and the EU, which the European Parliament is due to vote on 29 January.<\/p>\n<h3>Adopted resolution<\/h3>\n<p class=\"ep-wysiwig_paragraph\">On 15 January, MEPs adopted a\u00a0<a href=\"https:\/\/www.europarl.europa.eu\/news\/en\/press-room\/20200109IPR69901\/brexit-meps-concerned-about-citizens-rights\" target=\"_blank\" rel=\"noopener\">resolution<\/a>\u00a0saying assurances are needed on the protection of citizens\u2019 rights to ensure Parliament&#8217;s support for the withdrawal agreement. Following the adoption of the resolution, Parliament\u2019s Brexit coordinator Guy Verhofstadt obtained clarifications from Brexit secretary Steve Barclay during a meeting in London.<\/p>\n<p class=\"ep-wysiwig_paragraph\">UK authorities are now exploring the possibility for EU citizens with settled status to be able to print a form asserting their status, as requested by the Parliament. Verhofstadt was also told that there would be no automatic deportation of EU citizens that have not applied yet. They will have the possibility to have their case heard and obtain settled status.<\/p>\n<h3>Other issues to decide<\/h3>\n<p class=\"ep-wysiwig_paragraph\">The next step is for the EU and the UK to negotiate an agreement on future relations, covering anything from trade to collaboration on issues such as the environment and terrorism. It will also cover health coverage for EU citizens living in the UK and Brits living in the EU.<\/p>\n<div class=\"ep_gridcolumn ep-m_product\" data-view1200=\"6\" data-view1020=\"6\" data-view750=\"10\" data-view640=\"6\" data-view480=\"8\" data-view320=\"4\">\n<div class=\"ep_gridcolumn-content\">\n<div class=\"ep-a_text\">\n<p class=\"ep-wysiwig_paragraph\">From the start Parliament has been keen to protect the rights of citizens. In the\u00a0<a href=\"http:\/\/www.europarl.europa.eu\/news\/en\/headlines\/priorities\/20160701TST34439\/20170329IPR69054\/red-lines-on-brexit-negotiations\" target=\"_blank\" rel=\"noopener\">Parliament position<\/a>\u00a0adopted in April 2017, MEPs stressed the importance of securing equal and fair treatment for EU citizens living in the UK and British citizens living in the EU. The adopted position providing guidelines for the negotiations between the EU and the UK.<\/p>\n<p class=\"ep-wysiwig_paragraph\">Parliament plays a key role in deciding the outcome of these talks.\u00a0<a href=\"http:\/\/www.europarl.europa.eu\/RegData\/etudes\/IDAN\/2017\/602054\/IPOL_IDA%282017%29602054_EN.pdf\" target=\"_blank\" rel=\"noopener\">Read more about its role here.<\/a>\u00a0Since then there have been several resolutions adopted and statements by Parliament\u2019s Brexit steering group reiterating the importance of protecting their rights.<\/p>\n<h3>More information<\/h3>\n<p class=\"entry-title\"><a href=\"https:\/\/www.cde.ual.es\/en\/brexit-meps-concerned-about-citizens-rights\/\">Brexit: MEPs concerned about citizens\u2019 rights<\/a><\/p>\n<p><a href=\"https:\/\/www.cde.ual.es\/brexit\/\">Video-\u00a0Brexit: what\u00b4s next?<\/a><\/p>\n<\/div>\n<\/div>\n<\/div>\n","protected":false},"excerpt":{"rendered":"<p>Parliament is fighting to protect the rights of EU citizens in the UK and of British citizens in the EU after Brexit. Although few of them were allowed to vote during the referendum, the millions of EU citizens living in the UK will be among those affected the most by Brexit. Their rights are covered [&hellip;]<\/p>\n","protected":false},"author":1,"featured_media":13693,"comment_status":"open","ping_status":"open","sticky":false,"template":"","format":"standard","meta":{"_acf_changed":false,"_relevanssi_hide_post":"","_relevanssi_hide_content":"","_relevanssi_pin_for_all":"","_relevanssi_pin_keywords":"","_relevanssi_unpin_keywords":"","_relevanssi_related_keywords":"","_relevanssi_related_include_ids":"","_relevanssi_related_exclude_ids":"","_relevanssi_related_no_append":"","_relevanssi_related_not_related":"","_relevanssi_related_posts":"","_relevanssi_noindex_reason":"","_monsterinsights_skip_tracking":false,"_monsterinsights_sitenote_active":false,"_monsterinsights_sitenote_note":"","_monsterinsights_sitenote_category":0,"_genesis_hide_title":false,"_genesis_hide_breadcrumbs":false,"_genesis_hide_singular_image":false,"_genesis_hide_footer_widgets":false,"_genesis_custom_body_class":"","_genesis_custom_post_class":"","_genesis_layout":"","footnotes":""},"categories":[346],"tags":[369],"class_list":{"0":"post-33733","1":"post","2":"type-post","3":"status-publish","4":"format-standard","5":"has-post-thumbnail","7":"category-eu-news","8":"tag-brexit-en","9":"entry"},"acf":[],"yoast_head":"<!-- This site is optimized with the Yoast SEO plugin v27.5 - https:\/\/yoast.com\/product\/yoast-seo-wordpress\/ -->\n<title>Brexit: protecting the rights of EU citizens living in the UK | CDE Almer\u00eda - Centro de Documentaci\u00f3n Europea - Universidad de Almer\u00eda<\/title>\n<meta name=\"robots\" content=\"index, follow, max-snippet:-1, max-image-preview:large, max-video-preview:-1\" \/>\n<link rel=\"canonical\" href=\"https:\/\/www.cde.ual.es\/en\/brexit-protecting-the-rights-of-eu-citizens-living-in-the-uk\/\" \/>\n<meta property=\"og:locale\" content=\"en_US\" \/>\n<meta property=\"og:type\" content=\"article\" \/>\n<meta property=\"og:title\" content=\"Brexit: protecting the rights of EU citizens living in the UK | CDE Almer\u00eda - Centro de Documentaci\u00f3n Europea - Universidad de Almer\u00eda\" \/>\n<meta property=\"og:description\" content=\"Parliament is fighting to protect the rights of EU citizens in the UK and of British citizens in the EU after Brexit. Although few of them were allowed to vote during the referendum, the millions of EU citizens living in the UK will be among those affected the most by Brexit. Their rights are covered [&hellip;]\" \/>\n<meta property=\"og:url\" content=\"https:\/\/www.cde.ual.es\/en\/brexit-protecting-the-rights-of-eu-citizens-living-in-the-uk\/\" \/>\n<meta property=\"og:site_name\" content=\"CDE Almer\u00eda - Centro de Documentaci\u00f3n Europea - Universidad de Almer\u00eda\" \/>\n<meta property=\"article:publisher\" content=\"https:\/\/www.facebook.com\/cdeuniversidadalmeria\/\" \/>\n<meta property=\"article:published_time\" content=\"2020-01-23T02:00:48+00:00\" \/>\n<meta property=\"og:image\" content=\"https:\/\/www.cde.ual.es\/wp-content\/uploads\/2017\/12\/Slider-Brexit-1.png\" \/>\n\t<meta property=\"og:image:width\" content=\"952\" \/>\n\t<meta property=\"og:image:height\" content=\"465\" \/>\n\t<meta property=\"og:image:type\" content=\"image\/png\" \/>\n<meta name=\"author\" content=\"AdminCDE\" \/>\n<meta name=\"twitter:card\" content=\"summary_large_image\" \/>\n<meta name=\"twitter:creator\" content=\"@cdeualmeria\" \/>\n<meta name=\"twitter:site\" content=\"@cdeualmeria\" \/>\n<meta name=\"twitter:label1\" content=\"Written by\" \/>\n\t<meta name=\"twitter:data1\" content=\"AdminCDE\" \/>\n\t<meta name=\"twitter:label2\" content=\"Est. reading time\" \/>\n\t<meta name=\"twitter:data2\" content=\"2 minutes\" \/>\n<script type=\"application\/ld+json\" class=\"yoast-schema-graph\">{\"@context\":\"https:\\\/\\\/schema.org\",\"@graph\":[{\"@type\":\"Article\",\"@id\":\"https:\\\/\\\/www.cde.ual.es\\\/en\\\/brexit-protecting-the-rights-of-eu-citizens-living-in-the-uk\\\/#article\",\"isPartOf\":{\"@id\":\"https:\\\/\\\/www.cde.ual.es\\\/en\\\/brexit-protecting-the-rights-of-eu-citizens-living-in-the-uk\\\/\"},\"author\":{\"name\":\"AdminCDE\",\"@id\":\"https:\\\/\\\/www.cde.ual.es\\\/#\\\/schema\\\/person\\\/224ef08c8bcc005f319d2713ce37ee5f\"},\"headline\":\"Brexit: protecting the rights of EU citizens living in the UK\",\"datePublished\":\"2020-01-23T02:00:48+00:00\",\"mainEntityOfPage\":{\"@id\":\"https:\\\/\\\/www.cde.ual.es\\\/en\\\/brexit-protecting-the-rights-of-eu-citizens-living-in-the-uk\\\/\"},\"wordCount\":365,\"commentCount\":0,\"publisher\":{\"@id\":\"https:\\\/\\\/www.cde.ual.es\\\/#organization\"},\"image\":{\"@id\":\"https:\\\/\\\/www.cde.ual.es\\\/en\\\/brexit-protecting-the-rights-of-eu-citizens-living-in-the-uk\\\/#primaryimage\"},\"thumbnailUrl\":\"https:\\\/\\\/www.cde.ual.es\\\/wp-content\\\/uploads\\\/2017\\\/12\\\/Slider-Brexit-1.png\",\"keywords\":[\"Brexit\"],\"articleSection\":[\"EU News\"],\"inLanguage\":\"en-US\",\"potentialAction\":[{\"@type\":\"CommentAction\",\"name\":\"Comment\",\"target\":[\"https:\\\/\\\/www.cde.ual.es\\\/en\\\/brexit-protecting-the-rights-of-eu-citizens-living-in-the-uk\\\/#respond\"]}]},{\"@type\":\"WebPage\",\"@id\":\"https:\\\/\\\/www.cde.ual.es\\\/en\\\/brexit-protecting-the-rights-of-eu-citizens-living-in-the-uk\\\/\",\"url\":\"https:\\\/\\\/www.cde.ual.es\\\/en\\\/brexit-protecting-the-rights-of-eu-citizens-living-in-the-uk\\\/\",\"name\":\"Brexit: protecting the rights of EU citizens living in the UK | CDE Almer\u00eda - Centro de Documentaci\u00f3n Europea - Universidad de Almer\u00eda\",\"isPartOf\":{\"@id\":\"https:\\\/\\\/www.cde.ual.es\\\/#website\"},\"primaryImageOfPage\":{\"@id\":\"https:\\\/\\\/www.cde.ual.es\\\/en\\\/brexit-protecting-the-rights-of-eu-citizens-living-in-the-uk\\\/#primaryimage\"},\"image\":{\"@id\":\"https:\\\/\\\/www.cde.ual.es\\\/en\\\/brexit-protecting-the-rights-of-eu-citizens-living-in-the-uk\\\/#primaryimage\"},\"thumbnailUrl\":\"https:\\\/\\\/www.cde.ual.es\\\/wp-content\\\/uploads\\\/2017\\\/12\\\/Slider-Brexit-1.png\",\"datePublished\":\"2020-01-23T02:00:48+00:00\",\"breadcrumb\":{\"@id\":\"https:\\\/\\\/www.cde.ual.es\\\/en\\\/brexit-protecting-the-rights-of-eu-citizens-living-in-the-uk\\\/#breadcrumb\"},\"inLanguage\":\"en-US\",\"potentialAction\":[{\"@type\":\"ReadAction\",\"target\":[\"https:\\\/\\\/www.cde.ual.es\\\/en\\\/brexit-protecting-the-rights-of-eu-citizens-living-in-the-uk\\\/\"]}]},{\"@type\":\"ImageObject\",\"inLanguage\":\"en-US\",\"@id\":\"https:\\\/\\\/www.cde.ual.es\\\/en\\\/brexit-protecting-the-rights-of-eu-citizens-living-in-the-uk\\\/#primaryimage\",\"url\":\"https:\\\/\\\/www.cde.ual.es\\\/wp-content\\\/uploads\\\/2017\\\/12\\\/Slider-Brexit-1.png\",\"contentUrl\":\"https:\\\/\\\/www.cde.ual.es\\\/wp-content\\\/uploads\\\/2017\\\/12\\\/Slider-Brexit-1.png\",\"width\":952,\"height\":465},{\"@type\":\"BreadcrumbList\",\"@id\":\"https:\\\/\\\/www.cde.ual.es\\\/en\\\/brexit-protecting-the-rights-of-eu-citizens-living-in-the-uk\\\/#breadcrumb\",\"itemListElement\":[{\"@type\":\"ListItem\",\"position\":1,\"name\":\"Inicio\",\"item\":\"https:\\\/\\\/www.cde.ual.es\\\/en\\\/\"},{\"@type\":\"ListItem\",\"position\":2,\"name\":\"EU News\",\"item\":\"https:\\\/\\\/www.cde.ual.es\\\/en\\\/category\\\/eu-news\\\/\"},{\"@type\":\"ListItem\",\"position\":3,\"name\":\"Brexit: protecting the rights of EU citizens living in the UK\"}]},{\"@type\":\"WebSite\",\"@id\":\"https:\\\/\\\/www.cde.ual.es\\\/#website\",\"url\":\"https:\\\/\\\/www.cde.ual.es\\\/\",\"name\":\"CDE Almer\u00eda - Centro de Documentaci\u00f3n Europea - Universidad de Almer\u00eda\",\"description\":\"Centro de Documentaci\u00f3n Europea de la Universidad de Almer\u00eda\",\"publisher\":{\"@id\":\"https:\\\/\\\/www.cde.ual.es\\\/#organization\"},\"alternateName\":\"CDE Almer\u00eda\",\"potentialAction\":[{\"@type\":\"SearchAction\",\"target\":{\"@type\":\"EntryPoint\",\"urlTemplate\":\"https:\\\/\\\/www.cde.ual.es\\\/?s={search_term_string}\"},\"query-input\":{\"@type\":\"PropertyValueSpecification\",\"valueRequired\":true,\"valueName\":\"search_term_string\"}}],\"inLanguage\":\"en-US\"},{\"@type\":\"Organization\",\"@id\":\"https:\\\/\\\/www.cde.ual.es\\\/#organization\",\"name\":\"Centro de Documentaci\u00f3n Europea de Almer\u00eda\",\"url\":\"https:\\\/\\\/www.cde.ual.es\\\/\",\"logo\":{\"@type\":\"ImageObject\",\"inLanguage\":\"en-US\",\"@id\":\"https:\\\/\\\/www.cde.ual.es\\\/#\\\/schema\\\/logo\\\/image\\\/\",\"url\":\"https:\\\/\\\/www.cde.ual.es\\\/wp-content\\\/uploads\\\/2025\\\/07\\\/cde-logo-3.png\",\"contentUrl\":\"https:\\\/\\\/www.cde.ual.es\\\/wp-content\\\/uploads\\\/2025\\\/07\\\/cde-logo-3.png\",\"width\":1400,\"height\":300,\"caption\":\"Centro de Documentaci\u00f3n Europea de Almer\u00eda\"},\"image\":{\"@id\":\"https:\\\/\\\/www.cde.ual.es\\\/#\\\/schema\\\/logo\\\/image\\\/\"},\"sameAs\":[\"https:\\\/\\\/www.facebook.com\\\/cdeuniversidadalmeria\\\/\",\"https:\\\/\\\/x.com\\\/cdeualmeria\",\"https:\\\/\\\/www.tiktok.com\\\/@cdealmeria\",\"https:\\\/\\\/www.instagram.com\\\/cdealmeria\\\/\",\"https:\\\/\\\/www.linkedin.com\\\/in\\\/cde-almera-812b26a9\\\/\"]},{\"@type\":\"Person\",\"@id\":\"https:\\\/\\\/www.cde.ual.es\\\/#\\\/schema\\\/person\\\/224ef08c8bcc005f319d2713ce37ee5f\",\"name\":\"AdminCDE\",\"image\":{\"@type\":\"ImageObject\",\"inLanguage\":\"en-US\",\"@id\":\"https:\\\/\\\/secure.gravatar.com\\\/avatar\\\/a72d038d371f995cd13706fac32274b7952a52e8fb0a84b5f80c85426f2a98a8?s=96&d=mm&r=g\",\"url\":\"https:\\\/\\\/secure.gravatar.com\\\/avatar\\\/a72d038d371f995cd13706fac32274b7952a52e8fb0a84b5f80c85426f2a98a8?s=96&d=mm&r=g\",\"contentUrl\":\"https:\\\/\\\/secure.gravatar.com\\\/avatar\\\/a72d038d371f995cd13706fac32274b7952a52e8fb0a84b5f80c85426f2a98a8?s=96&d=mm&r=g\",\"caption\":\"AdminCDE\"}}]}<\/script>\n<!-- \/ Yoast SEO plugin. -->","yoast_head_json":{"title":"Brexit: protecting the rights of EU citizens living in the UK | CDE Almer\u00eda - Centro de Documentaci\u00f3n Europea - Universidad de Almer\u00eda","robots":{"index":"index","follow":"follow","max-snippet":"max-snippet:-1","max-image-preview":"max-image-preview:large","max-video-preview":"max-video-preview:-1"},"canonical":"https:\/\/www.cde.ual.es\/en\/brexit-protecting-the-rights-of-eu-citizens-living-in-the-uk\/","og_locale":"en_US","og_type":"article","og_title":"Brexit: protecting the rights of EU citizens living in the UK | CDE Almer\u00eda - Centro de Documentaci\u00f3n Europea - Universidad de Almer\u00eda","og_description":"Parliament is fighting to protect the rights of EU citizens in the UK and of British citizens in the EU after Brexit. Although few of them were allowed to vote during the referendum, the millions of EU citizens living in the UK will be among those affected the most by Brexit. Their rights are covered [&hellip;]","og_url":"https:\/\/www.cde.ual.es\/en\/brexit-protecting-the-rights-of-eu-citizens-living-in-the-uk\/","og_site_name":"CDE Almer\u00eda - Centro de Documentaci\u00f3n Europea - Universidad de Almer\u00eda","article_publisher":"https:\/\/www.facebook.com\/cdeuniversidadalmeria\/","article_published_time":"2020-01-23T02:00:48+00:00","og_image":[{"width":952,"height":465,"url":"https:\/\/www.cde.ual.es\/wp-content\/uploads\/2017\/12\/Slider-Brexit-1.png","type":"image\/png"}],"author":"AdminCDE","twitter_card":"summary_large_image","twitter_creator":"@cdeualmeria","twitter_site":"@cdeualmeria","twitter_misc":{"Written by":"AdminCDE","Est. reading time":"2 minutes"},"schema":{"@context":"https:\/\/schema.org","@graph":[{"@type":"Article","@id":"https:\/\/www.cde.ual.es\/en\/brexit-protecting-the-rights-of-eu-citizens-living-in-the-uk\/#article","isPartOf":{"@id":"https:\/\/www.cde.ual.es\/en\/brexit-protecting-the-rights-of-eu-citizens-living-in-the-uk\/"},"author":{"name":"AdminCDE","@id":"https:\/\/www.cde.ual.es\/#\/schema\/person\/224ef08c8bcc005f319d2713ce37ee5f"},"headline":"Brexit: protecting the rights of EU citizens living in the UK","datePublished":"2020-01-23T02:00:48+00:00","mainEntityOfPage":{"@id":"https:\/\/www.cde.ual.es\/en\/brexit-protecting-the-rights-of-eu-citizens-living-in-the-uk\/"},"wordCount":365,"commentCount":0,"publisher":{"@id":"https:\/\/www.cde.ual.es\/#organization"},"image":{"@id":"https:\/\/www.cde.ual.es\/en\/brexit-protecting-the-rights-of-eu-citizens-living-in-the-uk\/#primaryimage"},"thumbnailUrl":"https:\/\/www.cde.ual.es\/wp-content\/uploads\/2017\/12\/Slider-Brexit-1.png","keywords":["Brexit"],"articleSection":["EU News"],"inLanguage":"en-US","potentialAction":[{"@type":"CommentAction","name":"Comment","target":["https:\/\/www.cde.ual.es\/en\/brexit-protecting-the-rights-of-eu-citizens-living-in-the-uk\/#respond"]}]},{"@type":"WebPage","@id":"https:\/\/www.cde.ual.es\/en\/brexit-protecting-the-rights-of-eu-citizens-living-in-the-uk\/","url":"https:\/\/www.cde.ual.es\/en\/brexit-protecting-the-rights-of-eu-citizens-living-in-the-uk\/","name":"Brexit: protecting the rights of EU citizens living in the UK | CDE Almer\u00eda - Centro de Documentaci\u00f3n Europea - Universidad de Almer\u00eda","isPartOf":{"@id":"https:\/\/www.cde.ual.es\/#website"},"primaryImageOfPage":{"@id":"https:\/\/www.cde.ual.es\/en\/brexit-protecting-the-rights-of-eu-citizens-living-in-the-uk\/#primaryimage"},"image":{"@id":"https:\/\/www.cde.ual.es\/en\/brexit-protecting-the-rights-of-eu-citizens-living-in-the-uk\/#primaryimage"},"thumbnailUrl":"https:\/\/www.cde.ual.es\/wp-content\/uploads\/2017\/12\/Slider-Brexit-1.png","datePublished":"2020-01-23T02:00:48+00:00","breadcrumb":{"@id":"https:\/\/www.cde.ual.es\/en\/brexit-protecting-the-rights-of-eu-citizens-living-in-the-uk\/#breadcrumb"},"inLanguage":"en-US","potentialAction":[{"@type":"ReadAction","target":["https:\/\/www.cde.ual.es\/en\/brexit-protecting-the-rights-of-eu-citizens-living-in-the-uk\/"]}]},{"@type":"ImageObject","inLanguage":"en-US","@id":"https:\/\/www.cde.ual.es\/en\/brexit-protecting-the-rights-of-eu-citizens-living-in-the-uk\/#primaryimage","url":"https:\/\/www.cde.ual.es\/wp-content\/uploads\/2017\/12\/Slider-Brexit-1.png","contentUrl":"https:\/\/www.cde.ual.es\/wp-content\/uploads\/2017\/12\/Slider-Brexit-1.png","width":952,"height":465},{"@type":"BreadcrumbList","@id":"https:\/\/www.cde.ual.es\/en\/brexit-protecting-the-rights-of-eu-citizens-living-in-the-uk\/#breadcrumb","itemListElement":[{"@type":"ListItem","position":1,"name":"Inicio","item":"https:\/\/www.cde.ual.es\/en\/"},{"@type":"ListItem","position":2,"name":"EU News","item":"https:\/\/www.cde.ual.es\/en\/category\/eu-news\/"},{"@type":"ListItem","position":3,"name":"Brexit: protecting the rights of EU citizens living in the UK"}]},{"@type":"WebSite","@id":"https:\/\/www.cde.ual.es\/#website","url":"https:\/\/www.cde.ual.es\/","name":"CDE Almer\u00eda - Centro de Documentaci\u00f3n Europea - Universidad de Almer\u00eda","description":"Centro de Documentaci\u00f3n Europea de la Universidad de Almer\u00eda","publisher":{"@id":"https:\/\/www.cde.ual.es\/#organization"},"alternateName":"CDE Almer\u00eda","potentialAction":[{"@type":"SearchAction","target":{"@type":"EntryPoint","urlTemplate":"https:\/\/www.cde.ual.es\/?s={search_term_string}"},"query-input":{"@type":"PropertyValueSpecification","valueRequired":true,"valueName":"search_term_string"}}],"inLanguage":"en-US"},{"@type":"Organization","@id":"https:\/\/www.cde.ual.es\/#organization","name":"Centro de Documentaci\u00f3n Europea de Almer\u00eda","url":"https:\/\/www.cde.ual.es\/","logo":{"@type":"ImageObject","inLanguage":"en-US","@id":"https:\/\/www.cde.ual.es\/#\/schema\/logo\/image\/","url":"https:\/\/www.cde.ual.es\/wp-content\/uploads\/2025\/07\/cde-logo-3.png","contentUrl":"https:\/\/www.cde.ual.es\/wp-content\/uploads\/2025\/07\/cde-logo-3.png","width":1400,"height":300,"caption":"Centro de Documentaci\u00f3n Europea de Almer\u00eda"},"image":{"@id":"https:\/\/www.cde.ual.es\/#\/schema\/logo\/image\/"},"sameAs":["https:\/\/www.facebook.com\/cdeuniversidadalmeria\/","https:\/\/x.com\/cdeualmeria","https:\/\/www.tiktok.com\/@cdealmeria","https:\/\/www.instagram.com\/cdealmeria\/","https:\/\/www.linkedin.com\/in\/cde-almera-812b26a9\/"]},{"@type":"Person","@id":"https:\/\/www.cde.ual.es\/#\/schema\/person\/224ef08c8bcc005f319d2713ce37ee5f","name":"AdminCDE","image":{"@type":"ImageObject","inLanguage":"en-US","@id":"https:\/\/secure.gravatar.com\/avatar\/a72d038d371f995cd13706fac32274b7952a52e8fb0a84b5f80c85426f2a98a8?s=96&d=mm&r=g","url":"https:\/\/secure.gravatar.com\/avatar\/a72d038d371f995cd13706fac32274b7952a52e8fb0a84b5f80c85426f2a98a8?s=96&d=mm&r=g","contentUrl":"https:\/\/secure.gravatar.com\/avatar\/a72d038d371f995cd13706fac32274b7952a52e8fb0a84b5f80c85426f2a98a8?s=96&d=mm&r=g","caption":"AdminCDE"}}]}},"_links":{"self":[{"href":"https:\/\/www.cde.ual.es\/en\/wp-json\/wp\/v2\/posts\/33733","targetHints":{"allow":["GET"]}}],"collection":[{"href":"https:\/\/www.cde.ual.es\/en\/wp-json\/wp\/v2\/posts"}],"about":[{"href":"https:\/\/www.cde.ual.es\/en\/wp-json\/wp\/v2\/types\/post"}],"author":[{"embeddable":true,"href":"https:\/\/www.cde.ual.es\/en\/wp-json\/wp\/v2\/users\/1"}],"replies":[{"embeddable":true,"href":"https:\/\/www.cde.ual.es\/en\/wp-json\/wp\/v2\/comments?post=33733"}],"version-history":[{"count":0,"href":"https:\/\/www.cde.ual.es\/en\/wp-json\/wp\/v2\/posts\/33733\/revisions"}],"wp:featuredmedia":[{"embeddable":true,"href":"https:\/\/www.cde.ual.es\/en\/wp-json\/wp\/v2\/media\/13693"}],"wp:attachment":[{"href":"https:\/\/www.cde.ual.es\/en\/wp-json\/wp\/v2\/media?parent=33733"}],"wp:term":[{"taxonomy":"category","embeddable":true,"href":"https:\/\/www.cde.ual.es\/en\/wp-json\/wp\/v2\/categories?post=33733"},{"taxonomy":"post_tag","embeddable":true,"href":"https:\/\/www.cde.ual.es\/en\/wp-json\/wp\/v2\/tags?post=33733"}],"curies":[{"name":"wp","href":"https:\/\/api.w.org\/{rel}","templated":true}]}}