{"id":33623,"date":"2020-01-22T03:00:05","date_gmt":"2020-01-22T02:00:05","guid":{"rendered":"https:\/\/www.cde.ual.es\/?p=33623"},"modified":"2020-01-21T11:17:33","modified_gmt":"2020-01-21T10:17:33","slug":"climate-diplomacy-council-renews-the-eus-commitment-for-climate-action","status":"publish","type":"post","link":"https:\/\/www.cde.ual.es\/en\/climate-diplomacy-council-renews-the-eus-commitment-for-climate-action\/","title":{"rendered":"Climate diplomacy: Council renews the EU\u2019s commitment for climate action"},"content":{"rendered":"<p><strong>Foreign ministers<\/strong> today discussed\u00a0<strong>climate diplomacy<\/strong>\u00a0and restated the political centrality of climate action for the European Union.<\/p>\n<p><a href=\"https:\/\/www.cde.ual.es\/wp-content\/uploads\/2019\/03\/nature-3294632_1920.jpg\"><img decoding=\"async\" class=\"size-medium wp-image-14025 aligncenter\" src=\"https:\/\/www.cde.ual.es\/wp-content\/uploads\/2019\/03\/nature-3294632_1920-300x200.jpg\" alt=\"\" width=\"300\" height=\"200\" srcset=\"https:\/\/www.cde.ual.es\/wp-content\/uploads\/2019\/03\/nature-3294632_1920-300x200.jpg 300w, https:\/\/www.cde.ual.es\/wp-content\/uploads\/2019\/03\/nature-3294632_1920-768x512.jpg 768w, https:\/\/www.cde.ual.es\/wp-content\/uploads\/2019\/03\/nature-3294632_1920-1024x682.jpg 1024w, https:\/\/www.cde.ual.es\/wp-content\/uploads\/2019\/03\/nature-3294632_1920.jpg 1920w\" sizes=\"(max-width: 300px) 100vw, 300px\" \/><\/a><\/p>\n<p>Following the discussion, the Council adopted conclusions on climate diplomacy. This is a clear sign that in 2020\u00a0<strong>climate<\/strong>\u00a0will be one of the\u00a0<strong>priorities in the EU&#8217;s external policy<\/strong>.<\/p>\n<h3>Conclusions<\/h3>\n<p>The Council recalls that climate change is an\u00a0<strong>existential threat<\/strong>\u00a0to humanity and biodiversity across all countries and regions, and requires an urgent collective response. For this reason, EU\u00a0<strong>leadership through example<\/strong>\u00a0is crucial for raising the level of global climate ambition.<\/p>\n<p>The Council highlights that the EU needs to\u00a0<strong>urge third countries<\/strong>\u00a0to intensify their efforts alongside the EU, and\u00a0<strong>support them<\/strong>\u00a0in their endeavours through all EU external policy instruments. The conclusions also stress the importance of\u00a0<strong>stepping up outreach<\/strong>\u00a0activities on climate action with partner countries and regionals organisations, including in the context of upcoming summits.<\/p>\n<h3>Join work and strategic approach<\/h3>\n<p>In line with its commitment to the Paris Agreement, the objective of achieving a climate neutral EU by 2050, and the outcome of the December 2019 European Council, the Council calls on the High Representative, Commission and member states to\u00a0<strong>work<\/strong>\u00a0<strong>jointly<\/strong>\u00a0and\u00a0<strong>urgently<\/strong>\u00a0towards a\u00a0<strong>strategic approach<\/strong>\u00a0to Climate Diplomacy by June 2020 that identifies concrete,\u00a0<strong>operational ways forward<\/strong>.<\/p>\n<h3>More information<\/h3>\n<p><a href=\"https:\/\/www.consilium.europa.eu\/en\/press\/press-releases\/2020\/01\/20\/climate-diplomacy-council-renews-the-eu-s-commitment-to-place-climate-action-at-the-centre-of-external-policy\/\">Press release<\/a><\/p>\n<p><a class=\"link-pdf\" title=\"PDF document - Read the full text of the Council conclusions\" href=\"https:\/\/www.consilium.europa.eu\/media\/42177\/st05033-en20.pdf\" data-di-id=\"di-id-a8a8542e-70c9e9b9\">Read the full text of the Council conclusions<\/a><\/p>\n<p><a class=\"\" title=\"Climate Diplomacy: Council adopts conclusions, 18 February 2019\" href=\"https:\/\/www.consilium.europa.eu\/en\/press\/press-releases\/2019\/02\/18\/climate-diplomacy-council-adopts-conclusions\/\" data-di-id=\"di-id-dcd54e9e-d80db81d\">Climate Diplomacy: Council adopts conclusions, 18 February 2019<\/a><\/p>\n","protected":false},"excerpt":{"rendered":"<p>Foreign ministers today discussed\u00a0climate diplomacy\u00a0and restated the political centrality of climate action for the European Union. Following the discussion, the Council adopted conclusions on climate diplomacy. This is a clear sign that in 2020\u00a0climate\u00a0will be one of the\u00a0priorities in the EU&#8217;s external policy. Conclusions The Council recalls that climate change is an\u00a0existential threat\u00a0to humanity and [&hellip;]<\/p>\n","protected":false},"author":1,"featured_media":14025,"comment_status":"open","ping_status":"open","sticky":false,"template":"","format":"standard","meta":{"_acf_changed":false,"_relevanssi_hide_post":"","_relevanssi_hide_content":"","_relevanssi_pin_for_all":"","_relevanssi_pin_keywords":"","_relevanssi_unpin_keywords":"","_relevanssi_related_keywords":"","_relevanssi_related_include_ids":"","_relevanssi_related_exclude_ids":"","_relevanssi_related_no_append":"","_relevanssi_related_not_related":"","_relevanssi_related_posts":"","_relevanssi_noindex_reason":"","_monsterinsights_skip_tracking":false,"_monsterinsights_sitenote_active":false,"_monsterinsights_sitenote_note":"","_monsterinsights_sitenote_category":0,"_genesis_hide_title":false,"_genesis_hide_breadcrumbs":false,"_genesis_hide_singular_image":false,"_genesis_hide_footer_widgets":false,"_genesis_custom_body_class":"","_genesis_custom_post_class":"","_genesis_layout":"","footnotes":""},"categories":[346],"tags":[524,447],"class_list":{"0":"post-33623","1":"post","2":"type-post","3":"status-publish","4":"format-standard","5":"has-post-thumbnail","7":"category-eu-news","8":"tag-european-institutions","9":"tag-sustainability","10":"entry"},"acf":[],"yoast_head":"<!-- This site is optimized with the Yoast SEO plugin v27.5 - https:\/\/yoast.com\/product\/yoast-seo-wordpress\/ -->\n<title>Climate diplomacy: Council renews the EU\u2019s commitment for climate action | CDE Almer\u00eda - Centro de Documentaci\u00f3n Europea - Universidad de Almer\u00eda<\/title>\n<meta name=\"robots\" content=\"index, follow, max-snippet:-1, max-image-preview:large, max-video-preview:-1\" \/>\n<link rel=\"canonical\" href=\"https:\/\/www.cde.ual.es\/en\/climate-diplomacy-council-renews-the-eus-commitment-for-climate-action\/\" \/>\n<meta property=\"og:locale\" content=\"en_US\" \/>\n<meta property=\"og:type\" content=\"article\" \/>\n<meta property=\"og:title\" content=\"Climate diplomacy: Council renews the EU\u2019s commitment for climate action | CDE Almer\u00eda - Centro de Documentaci\u00f3n Europea - Universidad de Almer\u00eda\" \/>\n<meta property=\"og:description\" content=\"Foreign ministers today discussed\u00a0climate diplomacy\u00a0and restated the political centrality of climate action for the European Union. Following the discussion, the Council adopted conclusions on climate diplomacy. This is a clear sign that in 2020\u00a0climate\u00a0will be one of the\u00a0priorities in the EU&#8217;s external policy. Conclusions The Council recalls that climate change is an\u00a0existential threat\u00a0to humanity and [&hellip;]\" \/>\n<meta property=\"og:url\" content=\"https:\/\/www.cde.ual.es\/en\/climate-diplomacy-council-renews-the-eus-commitment-for-climate-action\/\" \/>\n<meta property=\"og:site_name\" content=\"CDE Almer\u00eda - Centro de Documentaci\u00f3n Europea - Universidad de Almer\u00eda\" \/>\n<meta property=\"article:publisher\" content=\"https:\/\/www.facebook.com\/cdeuniversidadalmeria\/\" \/>\n<meta property=\"article:published_time\" content=\"2020-01-22T02:00:05+00:00\" \/>\n<meta property=\"og:image\" content=\"https:\/\/www.cde.ual.es\/wp-content\/uploads\/2019\/03\/nature-3294632_1920.jpg\" \/>\n\t<meta property=\"og:image:width\" content=\"1920\" \/>\n\t<meta property=\"og:image:height\" content=\"1279\" \/>\n\t<meta property=\"og:image:type\" content=\"image\/jpeg\" \/>\n<meta name=\"author\" content=\"AdminCDE\" \/>\n<meta name=\"twitter:card\" content=\"summary_large_image\" \/>\n<meta name=\"twitter:creator\" content=\"@cdeualmeria\" \/>\n<meta name=\"twitter:site\" content=\"@cdeualmeria\" \/>\n<meta name=\"twitter:label1\" content=\"Written by\" \/>\n\t<meta name=\"twitter:data1\" content=\"AdminCDE\" \/>\n\t<meta name=\"twitter:label2\" content=\"Est. reading time\" \/>\n\t<meta name=\"twitter:data2\" content=\"1 minute\" \/>\n<script type=\"application\/ld+json\" class=\"yoast-schema-graph\">{\"@context\":\"https:\\\/\\\/schema.org\",\"@graph\":[{\"@type\":\"Article\",\"@id\":\"https:\\\/\\\/www.cde.ual.es\\\/en\\\/climate-diplomacy-council-renews-the-eus-commitment-for-climate-action\\\/#article\",\"isPartOf\":{\"@id\":\"https:\\\/\\\/www.cde.ual.es\\\/en\\\/climate-diplomacy-council-renews-the-eus-commitment-for-climate-action\\\/\"},\"author\":{\"name\":\"AdminCDE\",\"@id\":\"https:\\\/\\\/www.cde.ual.es\\\/#\\\/schema\\\/person\\\/224ef08c8bcc005f319d2713ce37ee5f\"},\"headline\":\"Climate diplomacy: Council renews the EU\u2019s commitment for climate action\",\"datePublished\":\"2020-01-22T02:00:05+00:00\",\"mainEntityOfPage\":{\"@id\":\"https:\\\/\\\/www.cde.ual.es\\\/en\\\/climate-diplomacy-council-renews-the-eus-commitment-for-climate-action\\\/\"},\"wordCount\":239,\"commentCount\":0,\"publisher\":{\"@id\":\"https:\\\/\\\/www.cde.ual.es\\\/#organization\"},\"image\":{\"@id\":\"https:\\\/\\\/www.cde.ual.es\\\/en\\\/climate-diplomacy-council-renews-the-eus-commitment-for-climate-action\\\/#primaryimage\"},\"thumbnailUrl\":\"https:\\\/\\\/www.cde.ual.es\\\/wp-content\\\/uploads\\\/2019\\\/03\\\/nature-3294632_1920.jpg\",\"keywords\":[\"European Institutions\",\"Sustainability\"],\"articleSection\":[\"EU News\"],\"inLanguage\":\"en-US\",\"potentialAction\":[{\"@type\":\"CommentAction\",\"name\":\"Comment\",\"target\":[\"https:\\\/\\\/www.cde.ual.es\\\/en\\\/climate-diplomacy-council-renews-the-eus-commitment-for-climate-action\\\/#respond\"]}]},{\"@type\":\"WebPage\",\"@id\":\"https:\\\/\\\/www.cde.ual.es\\\/en\\\/climate-diplomacy-council-renews-the-eus-commitment-for-climate-action\\\/\",\"url\":\"https:\\\/\\\/www.cde.ual.es\\\/en\\\/climate-diplomacy-council-renews-the-eus-commitment-for-climate-action\\\/\",\"name\":\"Climate diplomacy: Council renews the EU\u2019s commitment for climate action | CDE Almer\u00eda - Centro de Documentaci\u00f3n Europea - Universidad de Almer\u00eda\",\"isPartOf\":{\"@id\":\"https:\\\/\\\/www.cde.ual.es\\\/#website\"},\"primaryImageOfPage\":{\"@id\":\"https:\\\/\\\/www.cde.ual.es\\\/en\\\/climate-diplomacy-council-renews-the-eus-commitment-for-climate-action\\\/#primaryimage\"},\"image\":{\"@id\":\"https:\\\/\\\/www.cde.ual.es\\\/en\\\/climate-diplomacy-council-renews-the-eus-commitment-for-climate-action\\\/#primaryimage\"},\"thumbnailUrl\":\"https:\\\/\\\/www.cde.ual.es\\\/wp-content\\\/uploads\\\/2019\\\/03\\\/nature-3294632_1920.jpg\",\"datePublished\":\"2020-01-22T02:00:05+00:00\",\"breadcrumb\":{\"@id\":\"https:\\\/\\\/www.cde.ual.es\\\/en\\\/climate-diplomacy-council-renews-the-eus-commitment-for-climate-action\\\/#breadcrumb\"},\"inLanguage\":\"en-US\",\"potentialAction\":[{\"@type\":\"ReadAction\",\"target\":[\"https:\\\/\\\/www.cde.ual.es\\\/en\\\/climate-diplomacy-council-renews-the-eus-commitment-for-climate-action\\\/\"]}]},{\"@type\":\"ImageObject\",\"inLanguage\":\"en-US\",\"@id\":\"https:\\\/\\\/www.cde.ual.es\\\/en\\\/climate-diplomacy-council-renews-the-eus-commitment-for-climate-action\\\/#primaryimage\",\"url\":\"https:\\\/\\\/www.cde.ual.es\\\/wp-content\\\/uploads\\\/2019\\\/03\\\/nature-3294632_1920.jpg\",\"contentUrl\":\"https:\\\/\\\/www.cde.ual.es\\\/wp-content\\\/uploads\\\/2019\\\/03\\\/nature-3294632_1920.jpg\",\"width\":1920,\"height\":1279,\"caption\":\"medio ambiente \\\/econom\u00eda circular\"},{\"@type\":\"BreadcrumbList\",\"@id\":\"https:\\\/\\\/www.cde.ual.es\\\/en\\\/climate-diplomacy-council-renews-the-eus-commitment-for-climate-action\\\/#breadcrumb\",\"itemListElement\":[{\"@type\":\"ListItem\",\"position\":1,\"name\":\"Inicio\",\"item\":\"https:\\\/\\\/www.cde.ual.es\\\/en\\\/\"},{\"@type\":\"ListItem\",\"position\":2,\"name\":\"EU News\",\"item\":\"https:\\\/\\\/www.cde.ual.es\\\/en\\\/category\\\/eu-news\\\/\"},{\"@type\":\"ListItem\",\"position\":3,\"name\":\"Climate diplomacy: Council renews the EU\u2019s commitment for climate action\"}]},{\"@type\":\"WebSite\",\"@id\":\"https:\\\/\\\/www.cde.ual.es\\\/#website\",\"url\":\"https:\\\/\\\/www.cde.ual.es\\\/\",\"name\":\"CDE Almer\u00eda - Centro de Documentaci\u00f3n Europea - Universidad de Almer\u00eda\",\"description\":\"Centro de Documentaci\u00f3n Europea de la Universidad de Almer\u00eda\",\"publisher\":{\"@id\":\"https:\\\/\\\/www.cde.ual.es\\\/#organization\"},\"alternateName\":\"CDE Almer\u00eda\",\"potentialAction\":[{\"@type\":\"SearchAction\",\"target\":{\"@type\":\"EntryPoint\",\"urlTemplate\":\"https:\\\/\\\/www.cde.ual.es\\\/?s={search_term_string}\"},\"query-input\":{\"@type\":\"PropertyValueSpecification\",\"valueRequired\":true,\"valueName\":\"search_term_string\"}}],\"inLanguage\":\"en-US\"},{\"@type\":\"Organization\",\"@id\":\"https:\\\/\\\/www.cde.ual.es\\\/#organization\",\"name\":\"Centro de Documentaci\u00f3n Europea de Almer\u00eda\",\"url\":\"https:\\\/\\\/www.cde.ual.es\\\/\",\"logo\":{\"@type\":\"ImageObject\",\"inLanguage\":\"en-US\",\"@id\":\"https:\\\/\\\/www.cde.ual.es\\\/#\\\/schema\\\/logo\\\/image\\\/\",\"url\":\"https:\\\/\\\/www.cde.ual.es\\\/wp-content\\\/uploads\\\/2025\\\/07\\\/cde-logo-3.png\",\"contentUrl\":\"https:\\\/\\\/www.cde.ual.es\\\/wp-content\\\/uploads\\\/2025\\\/07\\\/cde-logo-3.png\",\"width\":1400,\"height\":300,\"caption\":\"Centro de Documentaci\u00f3n Europea de Almer\u00eda\"},\"image\":{\"@id\":\"https:\\\/\\\/www.cde.ual.es\\\/#\\\/schema\\\/logo\\\/image\\\/\"},\"sameAs\":[\"https:\\\/\\\/www.facebook.com\\\/cdeuniversidadalmeria\\\/\",\"https:\\\/\\\/x.com\\\/cdeualmeria\",\"https:\\\/\\\/www.tiktok.com\\\/@cdealmeria\",\"https:\\\/\\\/www.instagram.com\\\/cdealmeria\\\/\",\"https:\\\/\\\/www.linkedin.com\\\/in\\\/cde-almera-812b26a9\\\/\"]},{\"@type\":\"Person\",\"@id\":\"https:\\\/\\\/www.cde.ual.es\\\/#\\\/schema\\\/person\\\/224ef08c8bcc005f319d2713ce37ee5f\",\"name\":\"AdminCDE\",\"image\":{\"@type\":\"ImageObject\",\"inLanguage\":\"en-US\",\"@id\":\"https:\\\/\\\/secure.gravatar.com\\\/avatar\\\/a72d038d371f995cd13706fac32274b7952a52e8fb0a84b5f80c85426f2a98a8?s=96&d=mm&r=g\",\"url\":\"https:\\\/\\\/secure.gravatar.com\\\/avatar\\\/a72d038d371f995cd13706fac32274b7952a52e8fb0a84b5f80c85426f2a98a8?s=96&d=mm&r=g\",\"contentUrl\":\"https:\\\/\\\/secure.gravatar.com\\\/avatar\\\/a72d038d371f995cd13706fac32274b7952a52e8fb0a84b5f80c85426f2a98a8?s=96&d=mm&r=g\",\"caption\":\"AdminCDE\"}}]}<\/script>\n<!-- \/ Yoast SEO plugin. -->","yoast_head_json":{"title":"Climate diplomacy: Council renews the EU\u2019s commitment for climate action | CDE Almer\u00eda - Centro de Documentaci\u00f3n Europea - Universidad de Almer\u00eda","robots":{"index":"index","follow":"follow","max-snippet":"max-snippet:-1","max-image-preview":"max-image-preview:large","max-video-preview":"max-video-preview:-1"},"canonical":"https:\/\/www.cde.ual.es\/en\/climate-diplomacy-council-renews-the-eus-commitment-for-climate-action\/","og_locale":"en_US","og_type":"article","og_title":"Climate diplomacy: Council renews the EU\u2019s commitment for climate action | CDE Almer\u00eda - Centro de Documentaci\u00f3n Europea - Universidad de Almer\u00eda","og_description":"Foreign ministers today discussed\u00a0climate diplomacy\u00a0and restated the political centrality of climate action for the European Union. Following the discussion, the Council adopted conclusions on climate diplomacy. This is a clear sign that in 2020\u00a0climate\u00a0will be one of the\u00a0priorities in the EU&#8217;s external policy. Conclusions The Council recalls that climate change is an\u00a0existential threat\u00a0to humanity and [&hellip;]","og_url":"https:\/\/www.cde.ual.es\/en\/climate-diplomacy-council-renews-the-eus-commitment-for-climate-action\/","og_site_name":"CDE Almer\u00eda - Centro de Documentaci\u00f3n Europea - Universidad de Almer\u00eda","article_publisher":"https:\/\/www.facebook.com\/cdeuniversidadalmeria\/","article_published_time":"2020-01-22T02:00:05+00:00","og_image":[{"width":1920,"height":1279,"url":"https:\/\/www.cde.ual.es\/wp-content\/uploads\/2019\/03\/nature-3294632_1920.jpg","type":"image\/jpeg"}],"author":"AdminCDE","twitter_card":"summary_large_image","twitter_creator":"@cdeualmeria","twitter_site":"@cdeualmeria","twitter_misc":{"Written by":"AdminCDE","Est. reading time":"1 minute"},"schema":{"@context":"https:\/\/schema.org","@graph":[{"@type":"Article","@id":"https:\/\/www.cde.ual.es\/en\/climate-diplomacy-council-renews-the-eus-commitment-for-climate-action\/#article","isPartOf":{"@id":"https:\/\/www.cde.ual.es\/en\/climate-diplomacy-council-renews-the-eus-commitment-for-climate-action\/"},"author":{"name":"AdminCDE","@id":"https:\/\/www.cde.ual.es\/#\/schema\/person\/224ef08c8bcc005f319d2713ce37ee5f"},"headline":"Climate diplomacy: Council renews the EU\u2019s commitment for climate action","datePublished":"2020-01-22T02:00:05+00:00","mainEntityOfPage":{"@id":"https:\/\/www.cde.ual.es\/en\/climate-diplomacy-council-renews-the-eus-commitment-for-climate-action\/"},"wordCount":239,"commentCount":0,"publisher":{"@id":"https:\/\/www.cde.ual.es\/#organization"},"image":{"@id":"https:\/\/www.cde.ual.es\/en\/climate-diplomacy-council-renews-the-eus-commitment-for-climate-action\/#primaryimage"},"thumbnailUrl":"https:\/\/www.cde.ual.es\/wp-content\/uploads\/2019\/03\/nature-3294632_1920.jpg","keywords":["European Institutions","Sustainability"],"articleSection":["EU News"],"inLanguage":"en-US","potentialAction":[{"@type":"CommentAction","name":"Comment","target":["https:\/\/www.cde.ual.es\/en\/climate-diplomacy-council-renews-the-eus-commitment-for-climate-action\/#respond"]}]},{"@type":"WebPage","@id":"https:\/\/www.cde.ual.es\/en\/climate-diplomacy-council-renews-the-eus-commitment-for-climate-action\/","url":"https:\/\/www.cde.ual.es\/en\/climate-diplomacy-council-renews-the-eus-commitment-for-climate-action\/","name":"Climate diplomacy: Council renews the EU\u2019s commitment for climate action | CDE Almer\u00eda - Centro de Documentaci\u00f3n Europea - Universidad de Almer\u00eda","isPartOf":{"@id":"https:\/\/www.cde.ual.es\/#website"},"primaryImageOfPage":{"@id":"https:\/\/www.cde.ual.es\/en\/climate-diplomacy-council-renews-the-eus-commitment-for-climate-action\/#primaryimage"},"image":{"@id":"https:\/\/www.cde.ual.es\/en\/climate-diplomacy-council-renews-the-eus-commitment-for-climate-action\/#primaryimage"},"thumbnailUrl":"https:\/\/www.cde.ual.es\/wp-content\/uploads\/2019\/03\/nature-3294632_1920.jpg","datePublished":"2020-01-22T02:00:05+00:00","breadcrumb":{"@id":"https:\/\/www.cde.ual.es\/en\/climate-diplomacy-council-renews-the-eus-commitment-for-climate-action\/#breadcrumb"},"inLanguage":"en-US","potentialAction":[{"@type":"ReadAction","target":["https:\/\/www.cde.ual.es\/en\/climate-diplomacy-council-renews-the-eus-commitment-for-climate-action\/"]}]},{"@type":"ImageObject","inLanguage":"en-US","@id":"https:\/\/www.cde.ual.es\/en\/climate-diplomacy-council-renews-the-eus-commitment-for-climate-action\/#primaryimage","url":"https:\/\/www.cde.ual.es\/wp-content\/uploads\/2019\/03\/nature-3294632_1920.jpg","contentUrl":"https:\/\/www.cde.ual.es\/wp-content\/uploads\/2019\/03\/nature-3294632_1920.jpg","width":1920,"height":1279,"caption":"medio ambiente \/econom\u00eda circular"},{"@type":"BreadcrumbList","@id":"https:\/\/www.cde.ual.es\/en\/climate-diplomacy-council-renews-the-eus-commitment-for-climate-action\/#breadcrumb","itemListElement":[{"@type":"ListItem","position":1,"name":"Inicio","item":"https:\/\/www.cde.ual.es\/en\/"},{"@type":"ListItem","position":2,"name":"EU News","item":"https:\/\/www.cde.ual.es\/en\/category\/eu-news\/"},{"@type":"ListItem","position":3,"name":"Climate diplomacy: Council renews the EU\u2019s commitment for climate action"}]},{"@type":"WebSite","@id":"https:\/\/www.cde.ual.es\/#website","url":"https:\/\/www.cde.ual.es\/","name":"CDE Almer\u00eda - Centro de Documentaci\u00f3n Europea - Universidad de Almer\u00eda","description":"Centro de Documentaci\u00f3n Europea de la Universidad de Almer\u00eda","publisher":{"@id":"https:\/\/www.cde.ual.es\/#organization"},"alternateName":"CDE Almer\u00eda","potentialAction":[{"@type":"SearchAction","target":{"@type":"EntryPoint","urlTemplate":"https:\/\/www.cde.ual.es\/?s={search_term_string}"},"query-input":{"@type":"PropertyValueSpecification","valueRequired":true,"valueName":"search_term_string"}}],"inLanguage":"en-US"},{"@type":"Organization","@id":"https:\/\/www.cde.ual.es\/#organization","name":"Centro de Documentaci\u00f3n Europea de Almer\u00eda","url":"https:\/\/www.cde.ual.es\/","logo":{"@type":"ImageObject","inLanguage":"en-US","@id":"https:\/\/www.cde.ual.es\/#\/schema\/logo\/image\/","url":"https:\/\/www.cde.ual.es\/wp-content\/uploads\/2025\/07\/cde-logo-3.png","contentUrl":"https:\/\/www.cde.ual.es\/wp-content\/uploads\/2025\/07\/cde-logo-3.png","width":1400,"height":300,"caption":"Centro de Documentaci\u00f3n Europea de Almer\u00eda"},"image":{"@id":"https:\/\/www.cde.ual.es\/#\/schema\/logo\/image\/"},"sameAs":["https:\/\/www.facebook.com\/cdeuniversidadalmeria\/","https:\/\/x.com\/cdeualmeria","https:\/\/www.tiktok.com\/@cdealmeria","https:\/\/www.instagram.com\/cdealmeria\/","https:\/\/www.linkedin.com\/in\/cde-almera-812b26a9\/"]},{"@type":"Person","@id":"https:\/\/www.cde.ual.es\/#\/schema\/person\/224ef08c8bcc005f319d2713ce37ee5f","name":"AdminCDE","image":{"@type":"ImageObject","inLanguage":"en-US","@id":"https:\/\/secure.gravatar.com\/avatar\/a72d038d371f995cd13706fac32274b7952a52e8fb0a84b5f80c85426f2a98a8?s=96&d=mm&r=g","url":"https:\/\/secure.gravatar.com\/avatar\/a72d038d371f995cd13706fac32274b7952a52e8fb0a84b5f80c85426f2a98a8?s=96&d=mm&r=g","contentUrl":"https:\/\/secure.gravatar.com\/avatar\/a72d038d371f995cd13706fac32274b7952a52e8fb0a84b5f80c85426f2a98a8?s=96&d=mm&r=g","caption":"AdminCDE"}}]}},"_links":{"self":[{"href":"https:\/\/www.cde.ual.es\/en\/wp-json\/wp\/v2\/posts\/33623","targetHints":{"allow":["GET"]}}],"collection":[{"href":"https:\/\/www.cde.ual.es\/en\/wp-json\/wp\/v2\/posts"}],"about":[{"href":"https:\/\/www.cde.ual.es\/en\/wp-json\/wp\/v2\/types\/post"}],"author":[{"embeddable":true,"href":"https:\/\/www.cde.ual.es\/en\/wp-json\/wp\/v2\/users\/1"}],"replies":[{"embeddable":true,"href":"https:\/\/www.cde.ual.es\/en\/wp-json\/wp\/v2\/comments?post=33623"}],"version-history":[{"count":0,"href":"https:\/\/www.cde.ual.es\/en\/wp-json\/wp\/v2\/posts\/33623\/revisions"}],"wp:featuredmedia":[{"embeddable":true,"href":"https:\/\/www.cde.ual.es\/en\/wp-json\/wp\/v2\/media\/14025"}],"wp:attachment":[{"href":"https:\/\/www.cde.ual.es\/en\/wp-json\/wp\/v2\/media?parent=33623"}],"wp:term":[{"taxonomy":"category","embeddable":true,"href":"https:\/\/www.cde.ual.es\/en\/wp-json\/wp\/v2\/categories?post=33623"},{"taxonomy":"post_tag","embeddable":true,"href":"https:\/\/www.cde.ual.es\/en\/wp-json\/wp\/v2\/tags?post=33623"}],"curies":[{"name":"wp","href":"https:\/\/api.w.org\/{rel}","templated":true}]}}