{"id":33377,"date":"2020-01-18T03:00:38","date_gmt":"2020-01-18T02:00:38","guid":{"rendered":"https:\/\/www.cde.ual.es\/?p=33377"},"modified":"2020-01-17T10:12:15","modified_gmt":"2020-01-17T09:12:15","slug":"call-for-abstracts-scientific-colloquium-25-a-coordinated-approach-to-assess-the-human-health-risks-of-micro-and-nanoplastics-in-food","status":"publish","type":"post","link":"https:\/\/www.cde.ual.es\/en\/call-for-abstracts-scientific-colloquium-25-a-coordinated-approach-to-assess-the-human-health-risks-of-micro-and-nanoplastics-in-food\/","title":{"rendered":"Call for abstracts \u2013 Scientific Colloquium 25 \u201cA coordinated approach to assess the human health risks of micro- and nanoplastics in food&#8221;"},"content":{"rendered":"<p>THe EFSA has announced a call for abstract submissions for consideration at EFSA\u2019s 25th Scientific Colloquium<strong>\u00a0&#8220;A coordinated approach to assess the human health risks of micro- and nanoplastics in food&#8221;<\/strong>.<\/p>\n<p><a href=\"https:\/\/www.cde.ual.es\/wp-content\/uploads\/2018\/11\/Efsa.png\"><img decoding=\"async\" class=\"size-medium wp-image-18761 aligncenter\" src=\"https:\/\/www.cde.ual.es\/wp-content\/uploads\/2018\/11\/Efsa-300x151.png\" alt=\"\" width=\"300\" height=\"151\" srcset=\"https:\/\/www.cde.ual.es\/wp-content\/uploads\/2018\/11\/Efsa-300x151.png 300w, https:\/\/www.cde.ual.es\/wp-content\/uploads\/2018\/11\/Efsa-768x385.png 768w, https:\/\/www.cde.ual.es\/wp-content\/uploads\/2018\/11\/Efsa-1024x514.png 1024w, https:\/\/www.cde.ual.es\/wp-content\/uploads\/2018\/11\/Efsa.png 1098w\" sizes=\"(max-width: 300px) 100vw, 300px\" \/><\/a><\/p>\n<h3 class=\"topicH2\">Scientific colloquium<\/h3>\n<p>Microplastics are small particles of plastic less than 5mm in size; nanoplastics are even smaller, ranging from 1 to 100 nanometres (N.B. 1 nanometre equals one-millionth of a millimetre).<\/p>\n<p>In 2016, EFSA identified the need to generate more data on their occurrence levels in food and on their potential effects on human health following exposure. Recently, international reports on microplastics and nanoplastics have been published, yet many of the food safety aspects remain unaddressed.<\/p>\n<p>Public concern about this topic is high. EFSA\u2019s 2019\u00a0<a href=\"https:\/\/www.efsa.europa.eu\/en\/corporate\/pub\/eurobarometer19\">Eurobarometer on Food Safety in the EU<\/a>\u00a0found that microplastics in food was a topic of increasing concern among EU citizens.<\/p>\n<p>Therefore, EFSA is holding a scientific colloquium with the following objectives<strong>:<\/strong><\/p>\n<ul>\n<li>bringing stakeholders together,<\/li>\n<li>understanding the current state of play and ongoing research on this topic<\/li>\n<li>building possible synergies,<\/li>\n<\/ul>\n<h3 class=\"topicH2\">Registration<\/h3>\n<p>Online registration to attend the workshop will open in February 2020.<\/p>\n<h3>Dead line to submit abstract<\/h3>\n<p>31st January 2020 (midnight CET) in line with the conditions in the call.<\/p>\n<h3>More information<\/h3>\n<p><a href=\"https:\/\/www.efsa.europa.eu\/sites\/default\/files\/event\/191028-call-for-abstract.pdf\">Call for abstract<\/a><\/p>\n<p>EFSA<\/p>\n","protected":false},"excerpt":{"rendered":"<p>THe EFSA has announced a call for abstract submissions for consideration at EFSA\u2019s 25th Scientific Colloquium\u00a0&#8220;A coordinated approach to assess the human health risks of micro- and nanoplastics in food&#8221;. Scientific colloquium Microplastics are small particles of plastic less than 5mm in size; nanoplastics are even smaller, ranging from 1 to 100 nanometres (N.B. 1 [&hellip;]<\/p>\n","protected":false},"author":1,"featured_media":18761,"comment_status":"open","ping_status":"open","sticky":false,"template":"","format":"standard","meta":{"_acf_changed":false,"_relevanssi_hide_post":"","_relevanssi_hide_content":"","_relevanssi_pin_for_all":"","_relevanssi_pin_keywords":"","_relevanssi_unpin_keywords":"","_relevanssi_related_keywords":"","_relevanssi_related_include_ids":"","_relevanssi_related_exclude_ids":"","_relevanssi_related_no_append":"","_relevanssi_related_not_related":"","_relevanssi_related_posts":"","_relevanssi_noindex_reason":"","_monsterinsights_skip_tracking":false,"_monsterinsights_sitenote_active":false,"_monsterinsights_sitenote_note":"","_monsterinsights_sitenote_category":0,"_genesis_hide_title":false,"_genesis_hide_breadcrumbs":false,"_genesis_hide_singular_image":false,"_genesis_hide_footer_widgets":false,"_genesis_custom_body_class":"","_genesis_custom_post_class":"","_genesis_layout":"","footnotes":""},"categories":[366],"tags":[482],"class_list":{"0":"post-33377","1":"post","2":"type-post","3":"status-publish","4":"format-standard","5":"has-post-thumbnail","7":"category-eu-calls-and-awards","8":"tag-food-safety","9":"entry"},"acf":[],"yoast_head":"<!-- This site is optimized with the Yoast SEO plugin v27.5 - https:\/\/yoast.com\/product\/yoast-seo-wordpress\/ -->\n<title>Call for abstracts \u2013 Scientific Colloquium 25 \u201cA coordinated approach to assess the human health risks of micro- and nanoplastics in food&quot; | CDE Almer\u00eda - Centro de Documentaci\u00f3n Europea - Universidad de Almer\u00eda<\/title>\n<meta name=\"robots\" content=\"index, follow, max-snippet:-1, max-image-preview:large, max-video-preview:-1\" \/>\n<link rel=\"canonical\" href=\"https:\/\/www.cde.ual.es\/en\/call-for-abstracts-scientific-colloquium-25-a-coordinated-approach-to-assess-the-human-health-risks-of-micro-and-nanoplastics-in-food\/\" \/>\n<meta property=\"og:locale\" content=\"en_US\" \/>\n<meta property=\"og:type\" content=\"article\" \/>\n<meta property=\"og:title\" content=\"Call for abstracts \u2013 Scientific Colloquium 25 \u201cA coordinated approach to assess the human health risks of micro- and nanoplastics in food&quot; | CDE Almer\u00eda - Centro de Documentaci\u00f3n Europea - Universidad de Almer\u00eda\" \/>\n<meta property=\"og:description\" content=\"THe EFSA has announced a call for abstract submissions for consideration at EFSA\u2019s 25th Scientific Colloquium\u00a0&#8220;A coordinated approach to assess the human health risks of micro- and nanoplastics in food&#8221;. Scientific colloquium Microplastics are small particles of plastic less than 5mm in size; nanoplastics are even smaller, ranging from 1 to 100 nanometres (N.B. 1 [&hellip;]\" \/>\n<meta property=\"og:url\" content=\"https:\/\/www.cde.ual.es\/en\/call-for-abstracts-scientific-colloquium-25-a-coordinated-approach-to-assess-the-human-health-risks-of-micro-and-nanoplastics-in-food\/\" \/>\n<meta property=\"og:site_name\" content=\"CDE Almer\u00eda - Centro de Documentaci\u00f3n Europea - Universidad de Almer\u00eda\" \/>\n<meta property=\"article:publisher\" content=\"https:\/\/www.facebook.com\/cdeuniversidadalmeria\/\" \/>\n<meta property=\"article:published_time\" content=\"2020-01-18T02:00:38+00:00\" \/>\n<meta property=\"og:image\" content=\"https:\/\/www.cde.ual.es\/wp-content\/uploads\/2018\/11\/Efsa.png\" \/>\n\t<meta property=\"og:image:width\" content=\"1098\" \/>\n\t<meta property=\"og:image:height\" content=\"551\" \/>\n\t<meta property=\"og:image:type\" content=\"image\/png\" \/>\n<meta name=\"author\" content=\"AdminCDE\" \/>\n<meta name=\"twitter:card\" content=\"summary_large_image\" \/>\n<meta name=\"twitter:creator\" content=\"@cdeualmeria\" \/>\n<meta name=\"twitter:site\" content=\"@cdeualmeria\" \/>\n<meta name=\"twitter:label1\" content=\"Written by\" \/>\n\t<meta name=\"twitter:data1\" content=\"AdminCDE\" \/>\n\t<meta name=\"twitter:label2\" content=\"Est. reading time\" \/>\n\t<meta name=\"twitter:data2\" content=\"1 minute\" \/>\n<script type=\"application\/ld+json\" class=\"yoast-schema-graph\">{\"@context\":\"https:\\\/\\\/schema.org\",\"@graph\":[{\"@type\":\"Article\",\"@id\":\"https:\\\/\\\/www.cde.ual.es\\\/en\\\/call-for-abstracts-scientific-colloquium-25-a-coordinated-approach-to-assess-the-human-health-risks-of-micro-and-nanoplastics-in-food\\\/#article\",\"isPartOf\":{\"@id\":\"https:\\\/\\\/www.cde.ual.es\\\/en\\\/call-for-abstracts-scientific-colloquium-25-a-coordinated-approach-to-assess-the-human-health-risks-of-micro-and-nanoplastics-in-food\\\/\"},\"author\":{\"name\":\"AdminCDE\",\"@id\":\"https:\\\/\\\/www.cde.ual.es\\\/#\\\/schema\\\/person\\\/224ef08c8bcc005f319d2713ce37ee5f\"},\"headline\":\"Call for abstracts \u2013 Scientific Colloquium 25 \u201cA coordinated approach to assess the human health risks of micro- and nanoplastics in food&#8221;\",\"datePublished\":\"2020-01-18T02:00:38+00:00\",\"mainEntityOfPage\":{\"@id\":\"https:\\\/\\\/www.cde.ual.es\\\/en\\\/call-for-abstracts-scientific-colloquium-25-a-coordinated-approach-to-assess-the-human-health-risks-of-micro-and-nanoplastics-in-food\\\/\"},\"wordCount\":218,\"commentCount\":0,\"publisher\":{\"@id\":\"https:\\\/\\\/www.cde.ual.es\\\/#organization\"},\"image\":{\"@id\":\"https:\\\/\\\/www.cde.ual.es\\\/en\\\/call-for-abstracts-scientific-colloquium-25-a-coordinated-approach-to-assess-the-human-health-risks-of-micro-and-nanoplastics-in-food\\\/#primaryimage\"},\"thumbnailUrl\":\"https:\\\/\\\/www.cde.ual.es\\\/wp-content\\\/uploads\\\/2018\\\/11\\\/Efsa.png\",\"keywords\":[\"Food Safety\"],\"articleSection\":[\"EU Calls and Awards\"],\"inLanguage\":\"en-US\",\"potentialAction\":[{\"@type\":\"CommentAction\",\"name\":\"Comment\",\"target\":[\"https:\\\/\\\/www.cde.ual.es\\\/en\\\/call-for-abstracts-scientific-colloquium-25-a-coordinated-approach-to-assess-the-human-health-risks-of-micro-and-nanoplastics-in-food\\\/#respond\"]}]},{\"@type\":\"WebPage\",\"@id\":\"https:\\\/\\\/www.cde.ual.es\\\/en\\\/call-for-abstracts-scientific-colloquium-25-a-coordinated-approach-to-assess-the-human-health-risks-of-micro-and-nanoplastics-in-food\\\/\",\"url\":\"https:\\\/\\\/www.cde.ual.es\\\/en\\\/call-for-abstracts-scientific-colloquium-25-a-coordinated-approach-to-assess-the-human-health-risks-of-micro-and-nanoplastics-in-food\\\/\",\"name\":\"Call for abstracts \u2013 Scientific Colloquium 25 \u201cA coordinated approach to assess the human health risks of micro- and nanoplastics in food\\\" | CDE Almer\u00eda - Centro de Documentaci\u00f3n Europea - Universidad de Almer\u00eda\",\"isPartOf\":{\"@id\":\"https:\\\/\\\/www.cde.ual.es\\\/#website\"},\"primaryImageOfPage\":{\"@id\":\"https:\\\/\\\/www.cde.ual.es\\\/en\\\/call-for-abstracts-scientific-colloquium-25-a-coordinated-approach-to-assess-the-human-health-risks-of-micro-and-nanoplastics-in-food\\\/#primaryimage\"},\"image\":{\"@id\":\"https:\\\/\\\/www.cde.ual.es\\\/en\\\/call-for-abstracts-scientific-colloquium-25-a-coordinated-approach-to-assess-the-human-health-risks-of-micro-and-nanoplastics-in-food\\\/#primaryimage\"},\"thumbnailUrl\":\"https:\\\/\\\/www.cde.ual.es\\\/wp-content\\\/uploads\\\/2018\\\/11\\\/Efsa.png\",\"datePublished\":\"2020-01-18T02:00:38+00:00\",\"breadcrumb\":{\"@id\":\"https:\\\/\\\/www.cde.ual.es\\\/en\\\/call-for-abstracts-scientific-colloquium-25-a-coordinated-approach-to-assess-the-human-health-risks-of-micro-and-nanoplastics-in-food\\\/#breadcrumb\"},\"inLanguage\":\"en-US\",\"potentialAction\":[{\"@type\":\"ReadAction\",\"target\":[\"https:\\\/\\\/www.cde.ual.es\\\/en\\\/call-for-abstracts-scientific-colloquium-25-a-coordinated-approach-to-assess-the-human-health-risks-of-micro-and-nanoplastics-in-food\\\/\"]}]},{\"@type\":\"ImageObject\",\"inLanguage\":\"en-US\",\"@id\":\"https:\\\/\\\/www.cde.ual.es\\\/en\\\/call-for-abstracts-scientific-colloquium-25-a-coordinated-approach-to-assess-the-human-health-risks-of-micro-and-nanoplastics-in-food\\\/#primaryimage\",\"url\":\"https:\\\/\\\/www.cde.ual.es\\\/wp-content\\\/uploads\\\/2018\\\/11\\\/Efsa.png\",\"contentUrl\":\"https:\\\/\\\/www.cde.ual.es\\\/wp-content\\\/uploads\\\/2018\\\/11\\\/Efsa.png\",\"width\":1098,\"height\":551},{\"@type\":\"BreadcrumbList\",\"@id\":\"https:\\\/\\\/www.cde.ual.es\\\/en\\\/call-for-abstracts-scientific-colloquium-25-a-coordinated-approach-to-assess-the-human-health-risks-of-micro-and-nanoplastics-in-food\\\/#breadcrumb\",\"itemListElement\":[{\"@type\":\"ListItem\",\"position\":1,\"name\":\"Inicio\",\"item\":\"https:\\\/\\\/www.cde.ual.es\\\/en\\\/\"},{\"@type\":\"ListItem\",\"position\":2,\"name\":\"EU Calls and Awards\",\"item\":\"https:\\\/\\\/www.cde.ual.es\\\/en\\\/category\\\/eu-calls-and-awards\\\/\"},{\"@type\":\"ListItem\",\"position\":3,\"name\":\"Call for abstracts \u2013 Scientific Colloquium 25 \u201cA coordinated approach to assess the human health risks of micro- and nanoplastics in food&#8221;\"}]},{\"@type\":\"WebSite\",\"@id\":\"https:\\\/\\\/www.cde.ual.es\\\/#website\",\"url\":\"https:\\\/\\\/www.cde.ual.es\\\/\",\"name\":\"CDE Almer\u00eda - Centro de Documentaci\u00f3n Europea - Universidad de Almer\u00eda\",\"description\":\"Centro de Documentaci\u00f3n Europea de la Universidad de Almer\u00eda\",\"publisher\":{\"@id\":\"https:\\\/\\\/www.cde.ual.es\\\/#organization\"},\"alternateName\":\"CDE Almer\u00eda\",\"potentialAction\":[{\"@type\":\"SearchAction\",\"target\":{\"@type\":\"EntryPoint\",\"urlTemplate\":\"https:\\\/\\\/www.cde.ual.es\\\/?s={search_term_string}\"},\"query-input\":{\"@type\":\"PropertyValueSpecification\",\"valueRequired\":true,\"valueName\":\"search_term_string\"}}],\"inLanguage\":\"en-US\"},{\"@type\":\"Organization\",\"@id\":\"https:\\\/\\\/www.cde.ual.es\\\/#organization\",\"name\":\"Centro de Documentaci\u00f3n Europea de Almer\u00eda\",\"url\":\"https:\\\/\\\/www.cde.ual.es\\\/\",\"logo\":{\"@type\":\"ImageObject\",\"inLanguage\":\"en-US\",\"@id\":\"https:\\\/\\\/www.cde.ual.es\\\/#\\\/schema\\\/logo\\\/image\\\/\",\"url\":\"https:\\\/\\\/www.cde.ual.es\\\/wp-content\\\/uploads\\\/2025\\\/07\\\/cde-logo-3.png\",\"contentUrl\":\"https:\\\/\\\/www.cde.ual.es\\\/wp-content\\\/uploads\\\/2025\\\/07\\\/cde-logo-3.png\",\"width\":1400,\"height\":300,\"caption\":\"Centro de Documentaci\u00f3n Europea de Almer\u00eda\"},\"image\":{\"@id\":\"https:\\\/\\\/www.cde.ual.es\\\/#\\\/schema\\\/logo\\\/image\\\/\"},\"sameAs\":[\"https:\\\/\\\/www.facebook.com\\\/cdeuniversidadalmeria\\\/\",\"https:\\\/\\\/x.com\\\/cdeualmeria\",\"https:\\\/\\\/www.tiktok.com\\\/@cdealmeria\",\"https:\\\/\\\/www.instagram.com\\\/cdealmeria\\\/\",\"https:\\\/\\\/www.linkedin.com\\\/in\\\/cde-almera-812b26a9\\\/\"]},{\"@type\":\"Person\",\"@id\":\"https:\\\/\\\/www.cde.ual.es\\\/#\\\/schema\\\/person\\\/224ef08c8bcc005f319d2713ce37ee5f\",\"name\":\"AdminCDE\",\"image\":{\"@type\":\"ImageObject\",\"inLanguage\":\"en-US\",\"@id\":\"https:\\\/\\\/secure.gravatar.com\\\/avatar\\\/a72d038d371f995cd13706fac32274b7952a52e8fb0a84b5f80c85426f2a98a8?s=96&d=mm&r=g\",\"url\":\"https:\\\/\\\/secure.gravatar.com\\\/avatar\\\/a72d038d371f995cd13706fac32274b7952a52e8fb0a84b5f80c85426f2a98a8?s=96&d=mm&r=g\",\"contentUrl\":\"https:\\\/\\\/secure.gravatar.com\\\/avatar\\\/a72d038d371f995cd13706fac32274b7952a52e8fb0a84b5f80c85426f2a98a8?s=96&d=mm&r=g\",\"caption\":\"AdminCDE\"}}]}<\/script>\n<!-- \/ Yoast SEO plugin. -->","yoast_head_json":{"title":"Call for abstracts \u2013 Scientific Colloquium 25 \u201cA coordinated approach to assess the human health risks of micro- and nanoplastics in food\" | CDE Almer\u00eda - Centro de Documentaci\u00f3n Europea - Universidad de Almer\u00eda","robots":{"index":"index","follow":"follow","max-snippet":"max-snippet:-1","max-image-preview":"max-image-preview:large","max-video-preview":"max-video-preview:-1"},"canonical":"https:\/\/www.cde.ual.es\/en\/call-for-abstracts-scientific-colloquium-25-a-coordinated-approach-to-assess-the-human-health-risks-of-micro-and-nanoplastics-in-food\/","og_locale":"en_US","og_type":"article","og_title":"Call for abstracts \u2013 Scientific Colloquium 25 \u201cA coordinated approach to assess the human health risks of micro- and nanoplastics in food\" | CDE Almer\u00eda - Centro de Documentaci\u00f3n Europea - Universidad de Almer\u00eda","og_description":"THe EFSA has announced a call for abstract submissions for consideration at EFSA\u2019s 25th Scientific Colloquium\u00a0&#8220;A coordinated approach to assess the human health risks of micro- and nanoplastics in food&#8221;. Scientific colloquium Microplastics are small particles of plastic less than 5mm in size; nanoplastics are even smaller, ranging from 1 to 100 nanometres (N.B. 1 [&hellip;]","og_url":"https:\/\/www.cde.ual.es\/en\/call-for-abstracts-scientific-colloquium-25-a-coordinated-approach-to-assess-the-human-health-risks-of-micro-and-nanoplastics-in-food\/","og_site_name":"CDE Almer\u00eda - Centro de Documentaci\u00f3n Europea - Universidad de Almer\u00eda","article_publisher":"https:\/\/www.facebook.com\/cdeuniversidadalmeria\/","article_published_time":"2020-01-18T02:00:38+00:00","og_image":[{"width":1098,"height":551,"url":"https:\/\/www.cde.ual.es\/wp-content\/uploads\/2018\/11\/Efsa.png","type":"image\/png"}],"author":"AdminCDE","twitter_card":"summary_large_image","twitter_creator":"@cdeualmeria","twitter_site":"@cdeualmeria","twitter_misc":{"Written by":"AdminCDE","Est. reading time":"1 minute"},"schema":{"@context":"https:\/\/schema.org","@graph":[{"@type":"Article","@id":"https:\/\/www.cde.ual.es\/en\/call-for-abstracts-scientific-colloquium-25-a-coordinated-approach-to-assess-the-human-health-risks-of-micro-and-nanoplastics-in-food\/#article","isPartOf":{"@id":"https:\/\/www.cde.ual.es\/en\/call-for-abstracts-scientific-colloquium-25-a-coordinated-approach-to-assess-the-human-health-risks-of-micro-and-nanoplastics-in-food\/"},"author":{"name":"AdminCDE","@id":"https:\/\/www.cde.ual.es\/#\/schema\/person\/224ef08c8bcc005f319d2713ce37ee5f"},"headline":"Call for abstracts \u2013 Scientific Colloquium 25 \u201cA coordinated approach to assess the human health risks of micro- and nanoplastics in food&#8221;","datePublished":"2020-01-18T02:00:38+00:00","mainEntityOfPage":{"@id":"https:\/\/www.cde.ual.es\/en\/call-for-abstracts-scientific-colloquium-25-a-coordinated-approach-to-assess-the-human-health-risks-of-micro-and-nanoplastics-in-food\/"},"wordCount":218,"commentCount":0,"publisher":{"@id":"https:\/\/www.cde.ual.es\/#organization"},"image":{"@id":"https:\/\/www.cde.ual.es\/en\/call-for-abstracts-scientific-colloquium-25-a-coordinated-approach-to-assess-the-human-health-risks-of-micro-and-nanoplastics-in-food\/#primaryimage"},"thumbnailUrl":"https:\/\/www.cde.ual.es\/wp-content\/uploads\/2018\/11\/Efsa.png","keywords":["Food Safety"],"articleSection":["EU Calls and Awards"],"inLanguage":"en-US","potentialAction":[{"@type":"CommentAction","name":"Comment","target":["https:\/\/www.cde.ual.es\/en\/call-for-abstracts-scientific-colloquium-25-a-coordinated-approach-to-assess-the-human-health-risks-of-micro-and-nanoplastics-in-food\/#respond"]}]},{"@type":"WebPage","@id":"https:\/\/www.cde.ual.es\/en\/call-for-abstracts-scientific-colloquium-25-a-coordinated-approach-to-assess-the-human-health-risks-of-micro-and-nanoplastics-in-food\/","url":"https:\/\/www.cde.ual.es\/en\/call-for-abstracts-scientific-colloquium-25-a-coordinated-approach-to-assess-the-human-health-risks-of-micro-and-nanoplastics-in-food\/","name":"Call for abstracts \u2013 Scientific Colloquium 25 \u201cA coordinated approach to assess the human health risks of micro- and nanoplastics in food\" | CDE Almer\u00eda - Centro de Documentaci\u00f3n Europea - Universidad de Almer\u00eda","isPartOf":{"@id":"https:\/\/www.cde.ual.es\/#website"},"primaryImageOfPage":{"@id":"https:\/\/www.cde.ual.es\/en\/call-for-abstracts-scientific-colloquium-25-a-coordinated-approach-to-assess-the-human-health-risks-of-micro-and-nanoplastics-in-food\/#primaryimage"},"image":{"@id":"https:\/\/www.cde.ual.es\/en\/call-for-abstracts-scientific-colloquium-25-a-coordinated-approach-to-assess-the-human-health-risks-of-micro-and-nanoplastics-in-food\/#primaryimage"},"thumbnailUrl":"https:\/\/www.cde.ual.es\/wp-content\/uploads\/2018\/11\/Efsa.png","datePublished":"2020-01-18T02:00:38+00:00","breadcrumb":{"@id":"https:\/\/www.cde.ual.es\/en\/call-for-abstracts-scientific-colloquium-25-a-coordinated-approach-to-assess-the-human-health-risks-of-micro-and-nanoplastics-in-food\/#breadcrumb"},"inLanguage":"en-US","potentialAction":[{"@type":"ReadAction","target":["https:\/\/www.cde.ual.es\/en\/call-for-abstracts-scientific-colloquium-25-a-coordinated-approach-to-assess-the-human-health-risks-of-micro-and-nanoplastics-in-food\/"]}]},{"@type":"ImageObject","inLanguage":"en-US","@id":"https:\/\/www.cde.ual.es\/en\/call-for-abstracts-scientific-colloquium-25-a-coordinated-approach-to-assess-the-human-health-risks-of-micro-and-nanoplastics-in-food\/#primaryimage","url":"https:\/\/www.cde.ual.es\/wp-content\/uploads\/2018\/11\/Efsa.png","contentUrl":"https:\/\/www.cde.ual.es\/wp-content\/uploads\/2018\/11\/Efsa.png","width":1098,"height":551},{"@type":"BreadcrumbList","@id":"https:\/\/www.cde.ual.es\/en\/call-for-abstracts-scientific-colloquium-25-a-coordinated-approach-to-assess-the-human-health-risks-of-micro-and-nanoplastics-in-food\/#breadcrumb","itemListElement":[{"@type":"ListItem","position":1,"name":"Inicio","item":"https:\/\/www.cde.ual.es\/en\/"},{"@type":"ListItem","position":2,"name":"EU Calls and Awards","item":"https:\/\/www.cde.ual.es\/en\/category\/eu-calls-and-awards\/"},{"@type":"ListItem","position":3,"name":"Call for abstracts \u2013 Scientific Colloquium 25 \u201cA coordinated approach to assess the human health risks of micro- and nanoplastics in food&#8221;"}]},{"@type":"WebSite","@id":"https:\/\/www.cde.ual.es\/#website","url":"https:\/\/www.cde.ual.es\/","name":"CDE Almer\u00eda - Centro de Documentaci\u00f3n Europea - Universidad de Almer\u00eda","description":"Centro de Documentaci\u00f3n Europea de la Universidad de Almer\u00eda","publisher":{"@id":"https:\/\/www.cde.ual.es\/#organization"},"alternateName":"CDE Almer\u00eda","potentialAction":[{"@type":"SearchAction","target":{"@type":"EntryPoint","urlTemplate":"https:\/\/www.cde.ual.es\/?s={search_term_string}"},"query-input":{"@type":"PropertyValueSpecification","valueRequired":true,"valueName":"search_term_string"}}],"inLanguage":"en-US"},{"@type":"Organization","@id":"https:\/\/www.cde.ual.es\/#organization","name":"Centro de Documentaci\u00f3n Europea de Almer\u00eda","url":"https:\/\/www.cde.ual.es\/","logo":{"@type":"ImageObject","inLanguage":"en-US","@id":"https:\/\/www.cde.ual.es\/#\/schema\/logo\/image\/","url":"https:\/\/www.cde.ual.es\/wp-content\/uploads\/2025\/07\/cde-logo-3.png","contentUrl":"https:\/\/www.cde.ual.es\/wp-content\/uploads\/2025\/07\/cde-logo-3.png","width":1400,"height":300,"caption":"Centro de Documentaci\u00f3n Europea de Almer\u00eda"},"image":{"@id":"https:\/\/www.cde.ual.es\/#\/schema\/logo\/image\/"},"sameAs":["https:\/\/www.facebook.com\/cdeuniversidadalmeria\/","https:\/\/x.com\/cdeualmeria","https:\/\/www.tiktok.com\/@cdealmeria","https:\/\/www.instagram.com\/cdealmeria\/","https:\/\/www.linkedin.com\/in\/cde-almera-812b26a9\/"]},{"@type":"Person","@id":"https:\/\/www.cde.ual.es\/#\/schema\/person\/224ef08c8bcc005f319d2713ce37ee5f","name":"AdminCDE","image":{"@type":"ImageObject","inLanguage":"en-US","@id":"https:\/\/secure.gravatar.com\/avatar\/a72d038d371f995cd13706fac32274b7952a52e8fb0a84b5f80c85426f2a98a8?s=96&d=mm&r=g","url":"https:\/\/secure.gravatar.com\/avatar\/a72d038d371f995cd13706fac32274b7952a52e8fb0a84b5f80c85426f2a98a8?s=96&d=mm&r=g","contentUrl":"https:\/\/secure.gravatar.com\/avatar\/a72d038d371f995cd13706fac32274b7952a52e8fb0a84b5f80c85426f2a98a8?s=96&d=mm&r=g","caption":"AdminCDE"}}]}},"_links":{"self":[{"href":"https:\/\/www.cde.ual.es\/en\/wp-json\/wp\/v2\/posts\/33377","targetHints":{"allow":["GET"]}}],"collection":[{"href":"https:\/\/www.cde.ual.es\/en\/wp-json\/wp\/v2\/posts"}],"about":[{"href":"https:\/\/www.cde.ual.es\/en\/wp-json\/wp\/v2\/types\/post"}],"author":[{"embeddable":true,"href":"https:\/\/www.cde.ual.es\/en\/wp-json\/wp\/v2\/users\/1"}],"replies":[{"embeddable":true,"href":"https:\/\/www.cde.ual.es\/en\/wp-json\/wp\/v2\/comments?post=33377"}],"version-history":[{"count":0,"href":"https:\/\/www.cde.ual.es\/en\/wp-json\/wp\/v2\/posts\/33377\/revisions"}],"wp:featuredmedia":[{"embeddable":true,"href":"https:\/\/www.cde.ual.es\/en\/wp-json\/wp\/v2\/media\/18761"}],"wp:attachment":[{"href":"https:\/\/www.cde.ual.es\/en\/wp-json\/wp\/v2\/media?parent=33377"}],"wp:term":[{"taxonomy":"category","embeddable":true,"href":"https:\/\/www.cde.ual.es\/en\/wp-json\/wp\/v2\/categories?post=33377"},{"taxonomy":"post_tag","embeddable":true,"href":"https:\/\/www.cde.ual.es\/en\/wp-json\/wp\/v2\/tags?post=33377"}],"curies":[{"name":"wp","href":"https:\/\/api.w.org\/{rel}","templated":true}]}}