{"id":32586,"date":"2020-01-10T03:00:24","date_gmt":"2020-01-10T02:00:24","guid":{"rendered":"https:\/\/www.cde.ual.es\/?p=32586"},"modified":"2020-01-09T09:48:18","modified_gmt":"2020-01-09T08:48:18","slug":"the-european-union-will-step-up-efforts-towards-a-peaceful-and-political-solution-in-libya","status":"publish","type":"post","link":"https:\/\/www.cde.ual.es\/en\/the-european-union-will-step-up-efforts-towards-a-peaceful-and-political-solution-in-libya\/","title":{"rendered":"The European Union will step up efforts towards a peaceful and political solution in Libya"},"content":{"rendered":"<p><a href=\"https:\/\/www.cde.ual.es\/wp-content\/uploads\/2020\/01\/borrell2.jpg\"><img decoding=\"async\" class=\"size-medium wp-image-32584 aligncenter\" src=\"https:\/\/www.cde.ual.es\/wp-content\/uploads\/2020\/01\/borrell2-300x225.jpg\" alt=\"\" width=\"300\" height=\"225\" srcset=\"https:\/\/www.cde.ual.es\/wp-content\/uploads\/2020\/01\/borrell2-300x225.jpg 300w, https:\/\/www.cde.ual.es\/wp-content\/uploads\/2020\/01\/borrell2.jpg 750w\" sizes=\"(max-width: 300px) 100vw, 300px\" \/><\/a><\/p>\n<p>The President of the European Council, <strong>Charles Michel<\/strong>, together with High Representative <strong>Josep Borrell<\/strong>, have met recently with <strong>Fayez al-Sarraj<\/strong>, Chairman of the Presidency Council of the Government of National Accord of the State of Libya, upon his arrival in Brussels.<\/p>\n<h3>Libia Crisis<\/h3>\n<p>President Michel expressed concerns about the worrying military escalations in Libya. He underlined that <strong>there is no military solution to the Libyan crisis<\/strong>, only a political process can bring peace and stability closer. Libyans should be at the heart of defining their own future. The European Union will step up efforts towards a peaceful and political solution. The European Union fully supports the Berlin process and all UN initiatives aimed at finding a comprehensive political solution to the crisis in Libya. High Representative Borrell reiterated the importance of creating the right conditions ahead of future steps as discussed during the ministerial that took place yesterday.<\/p>\n<p>President Michel raised the recent Turkey-Libya Memorandum of Understanding (MOU) on the delimitation of maritime jurisdictions in the Mediterranean Sea and expressed the European Union&#8217;s position that the MOU infringes upon the sovereign rights of third States and does not comply with the Law of the Sea and cannot produce any legal consequences for third States.<\/p>\n<p>President of the European Council Charles Michel also clearly <strong>condemned the recent attacks in Libya<\/strong>, in particular the strike against the military school in Tripoli and the attack on the Sirte airport. He also reiterated that the European Union has always and consistently supported the Government of National Accord as the legitimate government of Libya and that the EU stands ready to provide all possible support to the political process.<\/p>\n<h3>More information<\/h3>\n<p><a href=\"https:\/\/www.consilium.europa.eu\/es\/press\/press-releases\/2020\/01\/08\/readout-of-the-meeting-between-charles-michel-president-of-the-european-council-and-prime-minister-of-the-government-of-national-accord-of-libya-fayez-al-sarraj\/\">Press release<\/a><\/p>\n<p><a href=\"https:\/\/eeas.europa.eu\/headquarters\/headquarters-homepage\/72755\/eu-calls-halt-hostilities-and-all-outside-interference-libya_en\">EU calls for halt to hostilities and all outside interference in Libya<\/a><\/p>\n<p><a href=\"https:\/\/eeas.europa.eu\/headquarters\/headquarters-homepage\/72754\/libya-remarks-high-representativevice-president-josep-borrell-following-his-meeting-libya_en\">Libya: Remarks by High Representative\/Vice-President Josep Borrell following his meeting on Libya with the Ministers of Foreign Affairs of France, Germany, Italy and the United Kingdom<\/a><\/p>\n<p>&nbsp;<\/p>\n","protected":false},"excerpt":{"rendered":"<p>The President of the European Council, Charles Michel, together with High Representative Josep Borrell, have met recently with Fayez al-Sarraj, Chairman of the Presidency Council of the Government of National Accord of the State of Libya, upon his arrival in Brussels. Libia Crisis President Michel expressed concerns about the worrying military escalations in Libya. He [&hellip;]<\/p>\n","protected":false},"author":1,"featured_media":32584,"comment_status":"open","ping_status":"open","sticky":false,"template":"","format":"standard","meta":{"_acf_changed":false,"_relevanssi_hide_post":"","_relevanssi_hide_content":"","_relevanssi_pin_for_all":"","_relevanssi_pin_keywords":"","_relevanssi_unpin_keywords":"","_relevanssi_related_keywords":"","_relevanssi_related_include_ids":"","_relevanssi_related_exclude_ids":"","_relevanssi_related_no_append":"","_relevanssi_related_not_related":"","_relevanssi_related_posts":"","_relevanssi_noindex_reason":"","_monsterinsights_skip_tracking":false,"_monsterinsights_sitenote_active":false,"_monsterinsights_sitenote_note":"","_monsterinsights_sitenote_category":0,"_genesis_hide_title":false,"_genesis_hide_breadcrumbs":false,"_genesis_hide_singular_image":false,"_genesis_hide_footer_widgets":false,"_genesis_custom_body_class":"","_genesis_custom_post_class":"","_genesis_layout":"","footnotes":""},"categories":[346],"tags":[524],"class_list":{"0":"post-32586","1":"post","2":"type-post","3":"status-publish","4":"format-standard","5":"has-post-thumbnail","7":"category-eu-news","8":"tag-european-institutions","9":"entry"},"acf":[],"yoast_head":"<!-- This site is optimized with the Yoast SEO plugin v27.5 - https:\/\/yoast.com\/product\/yoast-seo-wordpress\/ -->\n<title>The European Union will step up efforts towards a peaceful and political solution in Libya | CDE Almer\u00eda - Centro de Documentaci\u00f3n Europea - Universidad de Almer\u00eda<\/title>\n<meta name=\"robots\" content=\"index, follow, max-snippet:-1, max-image-preview:large, max-video-preview:-1\" \/>\n<link rel=\"canonical\" href=\"https:\/\/www.cde.ual.es\/en\/the-european-union-will-step-up-efforts-towards-a-peaceful-and-political-solution-in-libya\/\" \/>\n<meta property=\"og:locale\" content=\"en_US\" \/>\n<meta property=\"og:type\" content=\"article\" \/>\n<meta property=\"og:title\" content=\"The European Union will step up efforts towards a peaceful and political solution in Libya | CDE Almer\u00eda - Centro de Documentaci\u00f3n Europea - Universidad de Almer\u00eda\" \/>\n<meta property=\"og:description\" content=\"The President of the European Council, Charles Michel, together with High Representative Josep Borrell, have met recently with Fayez al-Sarraj, Chairman of the Presidency Council of the Government of National Accord of the State of Libya, upon his arrival in Brussels. Libia Crisis President Michel expressed concerns about the worrying military escalations in Libya. He [&hellip;]\" \/>\n<meta property=\"og:url\" content=\"https:\/\/www.cde.ual.es\/en\/the-european-union-will-step-up-efforts-towards-a-peaceful-and-political-solution-in-libya\/\" \/>\n<meta property=\"og:site_name\" content=\"CDE Almer\u00eda - Centro de Documentaci\u00f3n Europea - Universidad de Almer\u00eda\" \/>\n<meta property=\"article:publisher\" content=\"https:\/\/www.facebook.com\/cdeuniversidadalmeria\/\" \/>\n<meta property=\"article:published_time\" content=\"2020-01-10T02:00:24+00:00\" \/>\n<meta property=\"og:image\" content=\"https:\/\/www.cde.ual.es\/wp-content\/uploads\/2020\/01\/borrell2.jpg\" \/>\n\t<meta property=\"og:image:width\" content=\"750\" \/>\n\t<meta property=\"og:image:height\" content=\"562\" \/>\n\t<meta property=\"og:image:type\" content=\"image\/jpeg\" \/>\n<meta name=\"author\" content=\"AdminCDE\" \/>\n<meta name=\"twitter:card\" content=\"summary_large_image\" \/>\n<meta name=\"twitter:creator\" content=\"@cdeualmeria\" \/>\n<meta name=\"twitter:site\" content=\"@cdeualmeria\" \/>\n<meta name=\"twitter:label1\" content=\"Written by\" \/>\n\t<meta name=\"twitter:data1\" content=\"AdminCDE\" \/>\n\t<meta name=\"twitter:label2\" content=\"Est. reading time\" \/>\n\t<meta name=\"twitter:data2\" content=\"2 minutes\" \/>\n<script type=\"application\/ld+json\" class=\"yoast-schema-graph\">{\"@context\":\"https:\\\/\\\/schema.org\",\"@graph\":[{\"@type\":\"Article\",\"@id\":\"https:\\\/\\\/www.cde.ual.es\\\/en\\\/the-european-union-will-step-up-efforts-towards-a-peaceful-and-political-solution-in-libya\\\/#article\",\"isPartOf\":{\"@id\":\"https:\\\/\\\/www.cde.ual.es\\\/en\\\/the-european-union-will-step-up-efforts-towards-a-peaceful-and-political-solution-in-libya\\\/\"},\"author\":{\"name\":\"AdminCDE\",\"@id\":\"https:\\\/\\\/www.cde.ual.es\\\/#\\\/schema\\\/person\\\/224ef08c8bcc005f319d2713ce37ee5f\"},\"headline\":\"The European Union will step up efforts towards a peaceful and political solution in Libya\",\"datePublished\":\"2020-01-10T02:00:24+00:00\",\"mainEntityOfPage\":{\"@id\":\"https:\\\/\\\/www.cde.ual.es\\\/en\\\/the-european-union-will-step-up-efforts-towards-a-peaceful-and-political-solution-in-libya\\\/\"},\"wordCount\":334,\"commentCount\":0,\"publisher\":{\"@id\":\"https:\\\/\\\/www.cde.ual.es\\\/#organization\"},\"image\":{\"@id\":\"https:\\\/\\\/www.cde.ual.es\\\/en\\\/the-european-union-will-step-up-efforts-towards-a-peaceful-and-political-solution-in-libya\\\/#primaryimage\"},\"thumbnailUrl\":\"https:\\\/\\\/www.cde.ual.es\\\/wp-content\\\/uploads\\\/2020\\\/01\\\/borrell2.jpg\",\"keywords\":[\"European Institutions\"],\"articleSection\":[\"EU News\"],\"inLanguage\":\"en-US\",\"potentialAction\":[{\"@type\":\"CommentAction\",\"name\":\"Comment\",\"target\":[\"https:\\\/\\\/www.cde.ual.es\\\/en\\\/the-european-union-will-step-up-efforts-towards-a-peaceful-and-political-solution-in-libya\\\/#respond\"]}]},{\"@type\":\"WebPage\",\"@id\":\"https:\\\/\\\/www.cde.ual.es\\\/en\\\/the-european-union-will-step-up-efforts-towards-a-peaceful-and-political-solution-in-libya\\\/\",\"url\":\"https:\\\/\\\/www.cde.ual.es\\\/en\\\/the-european-union-will-step-up-efforts-towards-a-peaceful-and-political-solution-in-libya\\\/\",\"name\":\"The European Union will step up efforts towards a peaceful and political solution in Libya | CDE Almer\u00eda - Centro de Documentaci\u00f3n Europea - Universidad de Almer\u00eda\",\"isPartOf\":{\"@id\":\"https:\\\/\\\/www.cde.ual.es\\\/#website\"},\"primaryImageOfPage\":{\"@id\":\"https:\\\/\\\/www.cde.ual.es\\\/en\\\/the-european-union-will-step-up-efforts-towards-a-peaceful-and-political-solution-in-libya\\\/#primaryimage\"},\"image\":{\"@id\":\"https:\\\/\\\/www.cde.ual.es\\\/en\\\/the-european-union-will-step-up-efforts-towards-a-peaceful-and-political-solution-in-libya\\\/#primaryimage\"},\"thumbnailUrl\":\"https:\\\/\\\/www.cde.ual.es\\\/wp-content\\\/uploads\\\/2020\\\/01\\\/borrell2.jpg\",\"datePublished\":\"2020-01-10T02:00:24+00:00\",\"breadcrumb\":{\"@id\":\"https:\\\/\\\/www.cde.ual.es\\\/en\\\/the-european-union-will-step-up-efforts-towards-a-peaceful-and-political-solution-in-libya\\\/#breadcrumb\"},\"inLanguage\":\"en-US\",\"potentialAction\":[{\"@type\":\"ReadAction\",\"target\":[\"https:\\\/\\\/www.cde.ual.es\\\/en\\\/the-european-union-will-step-up-efforts-towards-a-peaceful-and-political-solution-in-libya\\\/\"]}]},{\"@type\":\"ImageObject\",\"inLanguage\":\"en-US\",\"@id\":\"https:\\\/\\\/www.cde.ual.es\\\/en\\\/the-european-union-will-step-up-efforts-towards-a-peaceful-and-political-solution-in-libya\\\/#primaryimage\",\"url\":\"https:\\\/\\\/www.cde.ual.es\\\/wp-content\\\/uploads\\\/2020\\\/01\\\/borrell2.jpg\",\"contentUrl\":\"https:\\\/\\\/www.cde.ual.es\\\/wp-content\\\/uploads\\\/2020\\\/01\\\/borrell2.jpg\",\"width\":750,\"height\":562,\"caption\":\"borrell\"},{\"@type\":\"BreadcrumbList\",\"@id\":\"https:\\\/\\\/www.cde.ual.es\\\/en\\\/the-european-union-will-step-up-efforts-towards-a-peaceful-and-political-solution-in-libya\\\/#breadcrumb\",\"itemListElement\":[{\"@type\":\"ListItem\",\"position\":1,\"name\":\"Inicio\",\"item\":\"https:\\\/\\\/www.cde.ual.es\\\/en\\\/\"},{\"@type\":\"ListItem\",\"position\":2,\"name\":\"EU News\",\"item\":\"https:\\\/\\\/www.cde.ual.es\\\/en\\\/category\\\/eu-news\\\/\"},{\"@type\":\"ListItem\",\"position\":3,\"name\":\"The European Union will step up efforts towards a peaceful and political solution in Libya\"}]},{\"@type\":\"WebSite\",\"@id\":\"https:\\\/\\\/www.cde.ual.es\\\/#website\",\"url\":\"https:\\\/\\\/www.cde.ual.es\\\/\",\"name\":\"CDE Almer\u00eda - Centro de Documentaci\u00f3n Europea - Universidad de Almer\u00eda\",\"description\":\"Centro de Documentaci\u00f3n Europea de la Universidad de Almer\u00eda\",\"publisher\":{\"@id\":\"https:\\\/\\\/www.cde.ual.es\\\/#organization\"},\"alternateName\":\"CDE Almer\u00eda\",\"potentialAction\":[{\"@type\":\"SearchAction\",\"target\":{\"@type\":\"EntryPoint\",\"urlTemplate\":\"https:\\\/\\\/www.cde.ual.es\\\/?s={search_term_string}\"},\"query-input\":{\"@type\":\"PropertyValueSpecification\",\"valueRequired\":true,\"valueName\":\"search_term_string\"}}],\"inLanguage\":\"en-US\"},{\"@type\":\"Organization\",\"@id\":\"https:\\\/\\\/www.cde.ual.es\\\/#organization\",\"name\":\"Centro de Documentaci\u00f3n Europea de Almer\u00eda\",\"url\":\"https:\\\/\\\/www.cde.ual.es\\\/\",\"logo\":{\"@type\":\"ImageObject\",\"inLanguage\":\"en-US\",\"@id\":\"https:\\\/\\\/www.cde.ual.es\\\/#\\\/schema\\\/logo\\\/image\\\/\",\"url\":\"https:\\\/\\\/www.cde.ual.es\\\/wp-content\\\/uploads\\\/2025\\\/07\\\/cde-logo-3.png\",\"contentUrl\":\"https:\\\/\\\/www.cde.ual.es\\\/wp-content\\\/uploads\\\/2025\\\/07\\\/cde-logo-3.png\",\"width\":1400,\"height\":300,\"caption\":\"Centro de Documentaci\u00f3n Europea de Almer\u00eda\"},\"image\":{\"@id\":\"https:\\\/\\\/www.cde.ual.es\\\/#\\\/schema\\\/logo\\\/image\\\/\"},\"sameAs\":[\"https:\\\/\\\/www.facebook.com\\\/cdeuniversidadalmeria\\\/\",\"https:\\\/\\\/x.com\\\/cdeualmeria\",\"https:\\\/\\\/www.tiktok.com\\\/@cdealmeria\",\"https:\\\/\\\/www.instagram.com\\\/cdealmeria\\\/\",\"https:\\\/\\\/www.linkedin.com\\\/in\\\/cde-almera-812b26a9\\\/\"]},{\"@type\":\"Person\",\"@id\":\"https:\\\/\\\/www.cde.ual.es\\\/#\\\/schema\\\/person\\\/224ef08c8bcc005f319d2713ce37ee5f\",\"name\":\"AdminCDE\",\"image\":{\"@type\":\"ImageObject\",\"inLanguage\":\"en-US\",\"@id\":\"https:\\\/\\\/secure.gravatar.com\\\/avatar\\\/a72d038d371f995cd13706fac32274b7952a52e8fb0a84b5f80c85426f2a98a8?s=96&d=mm&r=g\",\"url\":\"https:\\\/\\\/secure.gravatar.com\\\/avatar\\\/a72d038d371f995cd13706fac32274b7952a52e8fb0a84b5f80c85426f2a98a8?s=96&d=mm&r=g\",\"contentUrl\":\"https:\\\/\\\/secure.gravatar.com\\\/avatar\\\/a72d038d371f995cd13706fac32274b7952a52e8fb0a84b5f80c85426f2a98a8?s=96&d=mm&r=g\",\"caption\":\"AdminCDE\"}}]}<\/script>\n<!-- \/ Yoast SEO plugin. -->","yoast_head_json":{"title":"The European Union will step up efforts towards a peaceful and political solution in Libya | CDE Almer\u00eda - Centro de Documentaci\u00f3n Europea - Universidad de Almer\u00eda","robots":{"index":"index","follow":"follow","max-snippet":"max-snippet:-1","max-image-preview":"max-image-preview:large","max-video-preview":"max-video-preview:-1"},"canonical":"https:\/\/www.cde.ual.es\/en\/the-european-union-will-step-up-efforts-towards-a-peaceful-and-political-solution-in-libya\/","og_locale":"en_US","og_type":"article","og_title":"The European Union will step up efforts towards a peaceful and political solution in Libya | CDE Almer\u00eda - Centro de Documentaci\u00f3n Europea - Universidad de Almer\u00eda","og_description":"The President of the European Council, Charles Michel, together with High Representative Josep Borrell, have met recently with Fayez al-Sarraj, Chairman of the Presidency Council of the Government of National Accord of the State of Libya, upon his arrival in Brussels. Libia Crisis President Michel expressed concerns about the worrying military escalations in Libya. He [&hellip;]","og_url":"https:\/\/www.cde.ual.es\/en\/the-european-union-will-step-up-efforts-towards-a-peaceful-and-political-solution-in-libya\/","og_site_name":"CDE Almer\u00eda - Centro de Documentaci\u00f3n Europea - Universidad de Almer\u00eda","article_publisher":"https:\/\/www.facebook.com\/cdeuniversidadalmeria\/","article_published_time":"2020-01-10T02:00:24+00:00","og_image":[{"width":750,"height":562,"url":"https:\/\/www.cde.ual.es\/wp-content\/uploads\/2020\/01\/borrell2.jpg","type":"image\/jpeg"}],"author":"AdminCDE","twitter_card":"summary_large_image","twitter_creator":"@cdeualmeria","twitter_site":"@cdeualmeria","twitter_misc":{"Written by":"AdminCDE","Est. reading time":"2 minutes"},"schema":{"@context":"https:\/\/schema.org","@graph":[{"@type":"Article","@id":"https:\/\/www.cde.ual.es\/en\/the-european-union-will-step-up-efforts-towards-a-peaceful-and-political-solution-in-libya\/#article","isPartOf":{"@id":"https:\/\/www.cde.ual.es\/en\/the-european-union-will-step-up-efforts-towards-a-peaceful-and-political-solution-in-libya\/"},"author":{"name":"AdminCDE","@id":"https:\/\/www.cde.ual.es\/#\/schema\/person\/224ef08c8bcc005f319d2713ce37ee5f"},"headline":"The European Union will step up efforts towards a peaceful and political solution in Libya","datePublished":"2020-01-10T02:00:24+00:00","mainEntityOfPage":{"@id":"https:\/\/www.cde.ual.es\/en\/the-european-union-will-step-up-efforts-towards-a-peaceful-and-political-solution-in-libya\/"},"wordCount":334,"commentCount":0,"publisher":{"@id":"https:\/\/www.cde.ual.es\/#organization"},"image":{"@id":"https:\/\/www.cde.ual.es\/en\/the-european-union-will-step-up-efforts-towards-a-peaceful-and-political-solution-in-libya\/#primaryimage"},"thumbnailUrl":"https:\/\/www.cde.ual.es\/wp-content\/uploads\/2020\/01\/borrell2.jpg","keywords":["European Institutions"],"articleSection":["EU News"],"inLanguage":"en-US","potentialAction":[{"@type":"CommentAction","name":"Comment","target":["https:\/\/www.cde.ual.es\/en\/the-european-union-will-step-up-efforts-towards-a-peaceful-and-political-solution-in-libya\/#respond"]}]},{"@type":"WebPage","@id":"https:\/\/www.cde.ual.es\/en\/the-european-union-will-step-up-efforts-towards-a-peaceful-and-political-solution-in-libya\/","url":"https:\/\/www.cde.ual.es\/en\/the-european-union-will-step-up-efforts-towards-a-peaceful-and-political-solution-in-libya\/","name":"The European Union will step up efforts towards a peaceful and political solution in Libya | CDE Almer\u00eda - Centro de Documentaci\u00f3n Europea - Universidad de Almer\u00eda","isPartOf":{"@id":"https:\/\/www.cde.ual.es\/#website"},"primaryImageOfPage":{"@id":"https:\/\/www.cde.ual.es\/en\/the-european-union-will-step-up-efforts-towards-a-peaceful-and-political-solution-in-libya\/#primaryimage"},"image":{"@id":"https:\/\/www.cde.ual.es\/en\/the-european-union-will-step-up-efforts-towards-a-peaceful-and-political-solution-in-libya\/#primaryimage"},"thumbnailUrl":"https:\/\/www.cde.ual.es\/wp-content\/uploads\/2020\/01\/borrell2.jpg","datePublished":"2020-01-10T02:00:24+00:00","breadcrumb":{"@id":"https:\/\/www.cde.ual.es\/en\/the-european-union-will-step-up-efforts-towards-a-peaceful-and-political-solution-in-libya\/#breadcrumb"},"inLanguage":"en-US","potentialAction":[{"@type":"ReadAction","target":["https:\/\/www.cde.ual.es\/en\/the-european-union-will-step-up-efforts-towards-a-peaceful-and-political-solution-in-libya\/"]}]},{"@type":"ImageObject","inLanguage":"en-US","@id":"https:\/\/www.cde.ual.es\/en\/the-european-union-will-step-up-efforts-towards-a-peaceful-and-political-solution-in-libya\/#primaryimage","url":"https:\/\/www.cde.ual.es\/wp-content\/uploads\/2020\/01\/borrell2.jpg","contentUrl":"https:\/\/www.cde.ual.es\/wp-content\/uploads\/2020\/01\/borrell2.jpg","width":750,"height":562,"caption":"borrell"},{"@type":"BreadcrumbList","@id":"https:\/\/www.cde.ual.es\/en\/the-european-union-will-step-up-efforts-towards-a-peaceful-and-political-solution-in-libya\/#breadcrumb","itemListElement":[{"@type":"ListItem","position":1,"name":"Inicio","item":"https:\/\/www.cde.ual.es\/en\/"},{"@type":"ListItem","position":2,"name":"EU News","item":"https:\/\/www.cde.ual.es\/en\/category\/eu-news\/"},{"@type":"ListItem","position":3,"name":"The European Union will step up efforts towards a peaceful and political solution in Libya"}]},{"@type":"WebSite","@id":"https:\/\/www.cde.ual.es\/#website","url":"https:\/\/www.cde.ual.es\/","name":"CDE Almer\u00eda - Centro de Documentaci\u00f3n Europea - Universidad de Almer\u00eda","description":"Centro de Documentaci\u00f3n Europea de la Universidad de Almer\u00eda","publisher":{"@id":"https:\/\/www.cde.ual.es\/#organization"},"alternateName":"CDE Almer\u00eda","potentialAction":[{"@type":"SearchAction","target":{"@type":"EntryPoint","urlTemplate":"https:\/\/www.cde.ual.es\/?s={search_term_string}"},"query-input":{"@type":"PropertyValueSpecification","valueRequired":true,"valueName":"search_term_string"}}],"inLanguage":"en-US"},{"@type":"Organization","@id":"https:\/\/www.cde.ual.es\/#organization","name":"Centro de Documentaci\u00f3n Europea de Almer\u00eda","url":"https:\/\/www.cde.ual.es\/","logo":{"@type":"ImageObject","inLanguage":"en-US","@id":"https:\/\/www.cde.ual.es\/#\/schema\/logo\/image\/","url":"https:\/\/www.cde.ual.es\/wp-content\/uploads\/2025\/07\/cde-logo-3.png","contentUrl":"https:\/\/www.cde.ual.es\/wp-content\/uploads\/2025\/07\/cde-logo-3.png","width":1400,"height":300,"caption":"Centro de Documentaci\u00f3n Europea de Almer\u00eda"},"image":{"@id":"https:\/\/www.cde.ual.es\/#\/schema\/logo\/image\/"},"sameAs":["https:\/\/www.facebook.com\/cdeuniversidadalmeria\/","https:\/\/x.com\/cdeualmeria","https:\/\/www.tiktok.com\/@cdealmeria","https:\/\/www.instagram.com\/cdealmeria\/","https:\/\/www.linkedin.com\/in\/cde-almera-812b26a9\/"]},{"@type":"Person","@id":"https:\/\/www.cde.ual.es\/#\/schema\/person\/224ef08c8bcc005f319d2713ce37ee5f","name":"AdminCDE","image":{"@type":"ImageObject","inLanguage":"en-US","@id":"https:\/\/secure.gravatar.com\/avatar\/a72d038d371f995cd13706fac32274b7952a52e8fb0a84b5f80c85426f2a98a8?s=96&d=mm&r=g","url":"https:\/\/secure.gravatar.com\/avatar\/a72d038d371f995cd13706fac32274b7952a52e8fb0a84b5f80c85426f2a98a8?s=96&d=mm&r=g","contentUrl":"https:\/\/secure.gravatar.com\/avatar\/a72d038d371f995cd13706fac32274b7952a52e8fb0a84b5f80c85426f2a98a8?s=96&d=mm&r=g","caption":"AdminCDE"}}]}},"_links":{"self":[{"href":"https:\/\/www.cde.ual.es\/en\/wp-json\/wp\/v2\/posts\/32586","targetHints":{"allow":["GET"]}}],"collection":[{"href":"https:\/\/www.cde.ual.es\/en\/wp-json\/wp\/v2\/posts"}],"about":[{"href":"https:\/\/www.cde.ual.es\/en\/wp-json\/wp\/v2\/types\/post"}],"author":[{"embeddable":true,"href":"https:\/\/www.cde.ual.es\/en\/wp-json\/wp\/v2\/users\/1"}],"replies":[{"embeddable":true,"href":"https:\/\/www.cde.ual.es\/en\/wp-json\/wp\/v2\/comments?post=32586"}],"version-history":[{"count":0,"href":"https:\/\/www.cde.ual.es\/en\/wp-json\/wp\/v2\/posts\/32586\/revisions"}],"wp:featuredmedia":[{"embeddable":true,"href":"https:\/\/www.cde.ual.es\/en\/wp-json\/wp\/v2\/media\/32584"}],"wp:attachment":[{"href":"https:\/\/www.cde.ual.es\/en\/wp-json\/wp\/v2\/media?parent=32586"}],"wp:term":[{"taxonomy":"category","embeddable":true,"href":"https:\/\/www.cde.ual.es\/en\/wp-json\/wp\/v2\/categories?post=32586"},{"taxonomy":"post_tag","embeddable":true,"href":"https:\/\/www.cde.ual.es\/en\/wp-json\/wp\/v2\/tags?post=32586"}],"curies":[{"name":"wp","href":"https:\/\/api.w.org\/{rel}","templated":true}]}}