{"id":32163,"date":"2020-01-07T03:00:57","date_gmt":"2020-01-07T02:00:57","guid":{"rendered":"https:\/\/www.cde.ual.es\/?p=32163"},"modified":"2020-01-04T16:25:17","modified_gmt":"2020-01-04T15:25:17","slug":"32163","status":"publish","type":"post","link":"https:\/\/www.cde.ual.es\/en\/32163\/","title":{"rendered":"Rijeka and Galway: European Capitals of Culture 2020"},"content":{"rendered":"<p><a href=\"https:\/\/www.cde.ual.es\/wp-content\/uploads\/2020\/01\/Capital-Europea.png\"><img decoding=\"async\" class=\"size-medium wp-image-32161 aligncenter\" src=\"https:\/\/www.cde.ual.es\/wp-content\/uploads\/2020\/01\/Capital-Europea-300x154.png\" alt=\"\" width=\"300\" height=\"154\" srcset=\"https:\/\/www.cde.ual.es\/wp-content\/uploads\/2020\/01\/Capital-Europea-300x154.png 300w, https:\/\/www.cde.ual.es\/wp-content\/uploads\/2020\/01\/Capital-Europea.png 691w\" sizes=\"(max-width: 300px) 100vw, 300px\" \/><\/a><\/p>\n<p>As of <em><strong>1 January 2020, Rijeka (Croatia) and Galway (Ireland) will hold the title of European Capital of Culture<\/strong><\/em> for one year.<\/p>\n<h3 class=\"5Normal\"><span lang=\"EN-GB\">Rijeka<\/span><\/h3>\n<p class=\"5Normal\"><span lang=\"EN-GB\">First Croatian European Capital of Culture bringing it international visibility, which will extend to the rest of the Western Balkan region.\u00a0<strong>\u2018Port of Diversity&#8217;<\/strong>\u00a0will be the motto, with hundreds of projects among\u00a0<\/span><span lang=\"EN-GB\">250 partners from 40 countries<\/span><span lang=\"EN-GB\">. Rijeka&#8217;s cultural programme focuses on: <\/span><\/p>\n<ul>\n<li class=\"5Normal\"><span lang=\"EN-GB\">water, <\/span><\/li>\n<li class=\"5Normal\"><span lang=\"EN-GB\">work\u00a0<\/span><\/li>\n<li class=\"5Normal\"><span lang=\"EN-GB\"> migration<\/span><\/li>\n<\/ul>\n<p><span lang=\"EN-GB\">The opening exhibition will feature Rijeka&#8217;s famous artist, David Maljkovi\u0107, with other highlights including \u2018The Sea is Glowing&#8217; exhibition; a world music and gastronomy festival &#8211; \u2018Porto Etno&#8217;; and new permanent installations of contemporary art on the coastline. <\/span><\/p>\n<p><span lang=\"EN-GB\">Opening celebrations will take place on 1-2 February 2020.<\/span><\/p>\n<h3 class=\"5Normal\"><span lang=\"EN-GB\">Galway<\/span><\/h3>\n<p class=\"5Normal\"><span lang=\"EN-GB\">Third city in Ireland to hold the European Capital of Culture title (after Dublin in 1991 and Cork in 2005). Galway&#8217;s cultural programme motto is\u00a0<strong>\u2018Let the Magic In&#8217;<\/strong>, exploring quintessential local themes of: <\/span><\/p>\n<ul>\n<li class=\"5Normal\"><span lang=\"EN-GB\">language, <\/span><\/li>\n<li class=\"5Normal\"><span lang=\"EN-GB\">landscape <\/span><\/li>\n<li class=\"5Normal\"><span lang=\"EN-GB\">migration &#8211; with a European and universal relevance and resonance. <\/span><\/li>\n<\/ul>\n<p><span lang=\"EN-GB\">The \u2018Hope it rains&#8217; theme will use Galway weather as a source of creativity; while other highlights include a celebration of world literature &#8211; with a dramatic interpretation of the world&#8217;s oldest surviving literary epic, the story of Gilgamesh; and excerpts from Homer&#8217;s Odyssey, read on Galway beaches. Meanwhile, new installations will celebrate the beauty of Connemara and County\u00a0Galway.\u00a0<em>Galway 2020<\/em>\u00a0will begin in February 2020, at the start of\u00a0<em>Imbolc<\/em>\u00a0&#8211; the first Celtic season in Ireland&#8217;s ancient, pre-Christian calendar.<\/span><\/p>\n<h3 class=\"Sous-titre1\"><span class=\"prdsubttitle1\">Background<\/span><\/h3>\n<p class=\"5Normal\"><span lang=\"EN-GB\">Melina Mercouri, then Greek Minister of Culture, took the initiative to start the European Capital of Culture in 1985. It has since become one of the most high-profile cultural initiatives in Europe. Cities are selected based on a cultural programme that must have a strong European dimension &#8211; promoting participation and active involvement by city inhabitants, communities and various stakeholders; and it must contribute to the long-term development of the city and its surrounding region.<\/span><\/p>\n<p class=\"5Normal\"><span lang=\"EN-GB\">Holding the title of European Capital of Culture gives cities the chance to boost their image, put themselves on the world map, promote sustainable tourism and rethink their development through culture. The title has a long-term impact, not only on culture but also in social and economic terms, both for the city and the region.<\/span><\/p>\n<h3 class=\"Sous-titre1\"><span class=\"prdsubttitle1\">\u00a0More information<\/span><\/h3>\n<p><a href=\"https:\/\/ec.europa.eu\/commission\/presscorner\/detail\/en\/IP_20_6889\">Press release<\/a><\/p>\n<p class=\"5Normal\"><span lang=\"EN-GB\"><a href=\"https:\/\/rijeka2020.eu\/\">Rijeka 2020<\/a>\u00a0&#8211; European Capital of Culture<\/span><\/p>\n<p class=\"5Normal\"><span lang=\"EN-GB\"><a href=\"https:\/\/twitter.com\/rijeka2020?lang=fr\">#Rijeka 2020<\/a><\/span><\/p>\n<p class=\"5Normal\"><span lang=\"EN-GB\"><a href=\"https:\/\/galway2020.ie\/en\/\">Galway 2020<\/a>\u00a0&#8211; European Capital of Culture<\/span><\/p>\n<p class=\"5Normal\"><span lang=\"EN-GB\"><a href=\"https:\/\/twitter.com\/galway2020\">#Galway 2020<\/a><\/span><\/p>\n<p class=\"5Normal\"><span lang=\"EN-GB\">European Capitals of Culture\u00a0<a href=\"https:\/\/ec.europa.eu\/programmes\/creative-europe\/sites\/creative-europe\/files\/ecoc-fact-sheet.pdf\">factsheet<\/a><\/span><\/p>\n<p><span lang=\"EN-GB\">European Capitals of Culture \u2013 Thirty years of achievements\u00a0<a href=\"http:\/\/ec.europa.eu\/programmes\/creative-europe\/actions\/documents\/30-years-brochure_en.pdf\">brochure<\/a><\/span><\/p>\n","protected":false},"excerpt":{"rendered":"<p>As of 1 January 2020, Rijeka (Croatia) and Galway (Ireland) will hold the title of European Capital of Culture for one year. Rijeka First Croatian European Capital of Culture bringing it international visibility, which will extend to the rest of the Western Balkan region.\u00a0\u2018Port of Diversity&#8217;\u00a0will be the motto, with hundreds of projects among\u00a0250 partners [&hellip;]<\/p>\n","protected":false},"author":1,"featured_media":32161,"comment_status":"open","ping_status":"open","sticky":false,"template":"","format":"standard","meta":{"_acf_changed":false,"_relevanssi_hide_post":"","_relevanssi_hide_content":"","_relevanssi_pin_for_all":"","_relevanssi_pin_keywords":"","_relevanssi_unpin_keywords":"","_relevanssi_related_keywords":"","_relevanssi_related_include_ids":"","_relevanssi_related_exclude_ids":"","_relevanssi_related_no_append":"","_relevanssi_related_not_related":"","_relevanssi_related_posts":"","_relevanssi_noindex_reason":"","_monsterinsights_skip_tracking":false,"_monsterinsights_sitenote_active":false,"_monsterinsights_sitenote_note":"","_monsterinsights_sitenote_category":0,"_genesis_hide_title":false,"_genesis_hide_breadcrumbs":false,"_genesis_hide_singular_image":false,"_genesis_hide_footer_widgets":false,"_genesis_custom_body_class":"","_genesis_custom_post_class":"","_genesis_layout":"","footnotes":""},"categories":[346],"tags":[527],"class_list":{"0":"post-32163","1":"post","2":"type-post","3":"status-publish","4":"format-standard","5":"has-post-thumbnail","7":"category-eu-news","8":"tag-culture","9":"entry"},"acf":[],"yoast_head":"<!-- This site is optimized with the Yoast SEO plugin v27.5 - https:\/\/yoast.com\/product\/yoast-seo-wordpress\/ -->\n<title>Rijeka and Galway: European Capitals of Culture 2020 | CDE Almer\u00eda - Centro de Documentaci\u00f3n Europea - Universidad de Almer\u00eda<\/title>\n<meta name=\"robots\" content=\"index, follow, max-snippet:-1, max-image-preview:large, max-video-preview:-1\" \/>\n<link rel=\"canonical\" href=\"https:\/\/www.cde.ual.es\/en\/32163\/\" \/>\n<meta property=\"og:locale\" content=\"en_US\" \/>\n<meta property=\"og:type\" content=\"article\" \/>\n<meta property=\"og:title\" content=\"Rijeka and Galway: European Capitals of Culture 2020 | CDE Almer\u00eda - Centro de Documentaci\u00f3n Europea - Universidad de Almer\u00eda\" \/>\n<meta property=\"og:description\" content=\"As of 1 January 2020, Rijeka (Croatia) and Galway (Ireland) will hold the title of European Capital of Culture for one year. Rijeka First Croatian European Capital of Culture bringing it international visibility, which will extend to the rest of the Western Balkan region.\u00a0\u2018Port of Diversity&#8217;\u00a0will be the motto, with hundreds of projects among\u00a0250 partners [&hellip;]\" \/>\n<meta property=\"og:url\" content=\"https:\/\/www.cde.ual.es\/en\/32163\/\" \/>\n<meta property=\"og:site_name\" content=\"CDE Almer\u00eda - Centro de Documentaci\u00f3n Europea - Universidad de Almer\u00eda\" \/>\n<meta property=\"article:publisher\" content=\"https:\/\/www.facebook.com\/cdeuniversidadalmeria\/\" \/>\n<meta property=\"article:published_time\" content=\"2020-01-07T02:00:57+00:00\" \/>\n<meta property=\"og:image\" content=\"https:\/\/www.cde.ual.es\/wp-content\/uploads\/2020\/01\/Capital-Europea.png\" \/>\n\t<meta property=\"og:image:width\" content=\"691\" \/>\n\t<meta property=\"og:image:height\" content=\"355\" \/>\n\t<meta property=\"og:image:type\" content=\"image\/png\" \/>\n<meta name=\"author\" content=\"AdminCDE\" \/>\n<meta name=\"twitter:card\" content=\"summary_large_image\" \/>\n<meta name=\"twitter:creator\" content=\"@cdeualmeria\" \/>\n<meta name=\"twitter:site\" content=\"@cdeualmeria\" \/>\n<meta name=\"twitter:label1\" content=\"Written by\" \/>\n\t<meta name=\"twitter:data1\" content=\"AdminCDE\" \/>\n\t<meta name=\"twitter:label2\" content=\"Est. reading time\" \/>\n\t<meta name=\"twitter:data2\" content=\"2 minutes\" \/>\n<script type=\"application\/ld+json\" class=\"yoast-schema-graph\">{\"@context\":\"https:\\\/\\\/schema.org\",\"@graph\":[{\"@type\":\"Article\",\"@id\":\"https:\\\/\\\/www.cde.ual.es\\\/en\\\/32163\\\/#article\",\"isPartOf\":{\"@id\":\"https:\\\/\\\/www.cde.ual.es\\\/en\\\/32163\\\/\"},\"author\":{\"name\":\"AdminCDE\",\"@id\":\"https:\\\/\\\/www.cde.ual.es\\\/#\\\/schema\\\/person\\\/224ef08c8bcc005f319d2713ce37ee5f\"},\"headline\":\"Rijeka and Galway: European Capitals of Culture 2020\",\"datePublished\":\"2020-01-07T02:00:57+00:00\",\"mainEntityOfPage\":{\"@id\":\"https:\\\/\\\/www.cde.ual.es\\\/en\\\/32163\\\/\"},\"wordCount\":411,\"commentCount\":0,\"publisher\":{\"@id\":\"https:\\\/\\\/www.cde.ual.es\\\/#organization\"},\"image\":{\"@id\":\"https:\\\/\\\/www.cde.ual.es\\\/en\\\/32163\\\/#primaryimage\"},\"thumbnailUrl\":\"https:\\\/\\\/www.cde.ual.es\\\/wp-content\\\/uploads\\\/2020\\\/01\\\/Capital-Europea.png\",\"keywords\":[\"culture\"],\"articleSection\":[\"EU News\"],\"inLanguage\":\"en-US\",\"potentialAction\":[{\"@type\":\"CommentAction\",\"name\":\"Comment\",\"target\":[\"https:\\\/\\\/www.cde.ual.es\\\/en\\\/32163\\\/#respond\"]}]},{\"@type\":\"WebPage\",\"@id\":\"https:\\\/\\\/www.cde.ual.es\\\/en\\\/32163\\\/\",\"url\":\"https:\\\/\\\/www.cde.ual.es\\\/en\\\/32163\\\/\",\"name\":\"Rijeka and Galway: European Capitals of Culture 2020 | CDE Almer\u00eda - Centro de Documentaci\u00f3n Europea - Universidad de Almer\u00eda\",\"isPartOf\":{\"@id\":\"https:\\\/\\\/www.cde.ual.es\\\/#website\"},\"primaryImageOfPage\":{\"@id\":\"https:\\\/\\\/www.cde.ual.es\\\/en\\\/32163\\\/#primaryimage\"},\"image\":{\"@id\":\"https:\\\/\\\/www.cde.ual.es\\\/en\\\/32163\\\/#primaryimage\"},\"thumbnailUrl\":\"https:\\\/\\\/www.cde.ual.es\\\/wp-content\\\/uploads\\\/2020\\\/01\\\/Capital-Europea.png\",\"datePublished\":\"2020-01-07T02:00:57+00:00\",\"breadcrumb\":{\"@id\":\"https:\\\/\\\/www.cde.ual.es\\\/en\\\/32163\\\/#breadcrumb\"},\"inLanguage\":\"en-US\",\"potentialAction\":[{\"@type\":\"ReadAction\",\"target\":[\"https:\\\/\\\/www.cde.ual.es\\\/en\\\/32163\\\/\"]}]},{\"@type\":\"ImageObject\",\"inLanguage\":\"en-US\",\"@id\":\"https:\\\/\\\/www.cde.ual.es\\\/en\\\/32163\\\/#primaryimage\",\"url\":\"https:\\\/\\\/www.cde.ual.es\\\/wp-content\\\/uploads\\\/2020\\\/01\\\/Capital-Europea.png\",\"contentUrl\":\"https:\\\/\\\/www.cde.ual.es\\\/wp-content\\\/uploads\\\/2020\\\/01\\\/Capital-Europea.png\",\"width\":691,\"height\":355},{\"@type\":\"BreadcrumbList\",\"@id\":\"https:\\\/\\\/www.cde.ual.es\\\/en\\\/32163\\\/#breadcrumb\",\"itemListElement\":[{\"@type\":\"ListItem\",\"position\":1,\"name\":\"Inicio\",\"item\":\"https:\\\/\\\/www.cde.ual.es\\\/en\\\/\"},{\"@type\":\"ListItem\",\"position\":2,\"name\":\"EU News\",\"item\":\"https:\\\/\\\/www.cde.ual.es\\\/en\\\/category\\\/eu-news\\\/\"},{\"@type\":\"ListItem\",\"position\":3,\"name\":\"Rijeka and Galway: European Capitals of Culture 2020\"}]},{\"@type\":\"WebSite\",\"@id\":\"https:\\\/\\\/www.cde.ual.es\\\/#website\",\"url\":\"https:\\\/\\\/www.cde.ual.es\\\/\",\"name\":\"CDE Almer\u00eda - Centro de Documentaci\u00f3n Europea - Universidad de Almer\u00eda\",\"description\":\"Centro de Documentaci\u00f3n Europea de la Universidad de Almer\u00eda\",\"publisher\":{\"@id\":\"https:\\\/\\\/www.cde.ual.es\\\/#organization\"},\"alternateName\":\"CDE Almer\u00eda\",\"potentialAction\":[{\"@type\":\"SearchAction\",\"target\":{\"@type\":\"EntryPoint\",\"urlTemplate\":\"https:\\\/\\\/www.cde.ual.es\\\/?s={search_term_string}\"},\"query-input\":{\"@type\":\"PropertyValueSpecification\",\"valueRequired\":true,\"valueName\":\"search_term_string\"}}],\"inLanguage\":\"en-US\"},{\"@type\":\"Organization\",\"@id\":\"https:\\\/\\\/www.cde.ual.es\\\/#organization\",\"name\":\"Centro de Documentaci\u00f3n Europea de Almer\u00eda\",\"url\":\"https:\\\/\\\/www.cde.ual.es\\\/\",\"logo\":{\"@type\":\"ImageObject\",\"inLanguage\":\"en-US\",\"@id\":\"https:\\\/\\\/www.cde.ual.es\\\/#\\\/schema\\\/logo\\\/image\\\/\",\"url\":\"https:\\\/\\\/www.cde.ual.es\\\/wp-content\\\/uploads\\\/2025\\\/07\\\/cde-logo-3.png\",\"contentUrl\":\"https:\\\/\\\/www.cde.ual.es\\\/wp-content\\\/uploads\\\/2025\\\/07\\\/cde-logo-3.png\",\"width\":1400,\"height\":300,\"caption\":\"Centro de Documentaci\u00f3n Europea de Almer\u00eda\"},\"image\":{\"@id\":\"https:\\\/\\\/www.cde.ual.es\\\/#\\\/schema\\\/logo\\\/image\\\/\"},\"sameAs\":[\"https:\\\/\\\/www.facebook.com\\\/cdeuniversidadalmeria\\\/\",\"https:\\\/\\\/x.com\\\/cdeualmeria\",\"https:\\\/\\\/www.tiktok.com\\\/@cdealmeria\",\"https:\\\/\\\/www.instagram.com\\\/cdealmeria\\\/\",\"https:\\\/\\\/www.linkedin.com\\\/in\\\/cde-almera-812b26a9\\\/\"]},{\"@type\":\"Person\",\"@id\":\"https:\\\/\\\/www.cde.ual.es\\\/#\\\/schema\\\/person\\\/224ef08c8bcc005f319d2713ce37ee5f\",\"name\":\"AdminCDE\",\"image\":{\"@type\":\"ImageObject\",\"inLanguage\":\"en-US\",\"@id\":\"https:\\\/\\\/secure.gravatar.com\\\/avatar\\\/a72d038d371f995cd13706fac32274b7952a52e8fb0a84b5f80c85426f2a98a8?s=96&d=mm&r=g\",\"url\":\"https:\\\/\\\/secure.gravatar.com\\\/avatar\\\/a72d038d371f995cd13706fac32274b7952a52e8fb0a84b5f80c85426f2a98a8?s=96&d=mm&r=g\",\"contentUrl\":\"https:\\\/\\\/secure.gravatar.com\\\/avatar\\\/a72d038d371f995cd13706fac32274b7952a52e8fb0a84b5f80c85426f2a98a8?s=96&d=mm&r=g\",\"caption\":\"AdminCDE\"}}]}<\/script>\n<!-- \/ Yoast SEO plugin. -->","yoast_head_json":{"title":"Rijeka and Galway: European Capitals of Culture 2020 | CDE Almer\u00eda - Centro de Documentaci\u00f3n Europea - Universidad de Almer\u00eda","robots":{"index":"index","follow":"follow","max-snippet":"max-snippet:-1","max-image-preview":"max-image-preview:large","max-video-preview":"max-video-preview:-1"},"canonical":"https:\/\/www.cde.ual.es\/en\/32163\/","og_locale":"en_US","og_type":"article","og_title":"Rijeka and Galway: European Capitals of Culture 2020 | CDE Almer\u00eda - Centro de Documentaci\u00f3n Europea - Universidad de Almer\u00eda","og_description":"As of 1 January 2020, Rijeka (Croatia) and Galway (Ireland) will hold the title of European Capital of Culture for one year. Rijeka First Croatian European Capital of Culture bringing it international visibility, which will extend to the rest of the Western Balkan region.\u00a0\u2018Port of Diversity&#8217;\u00a0will be the motto, with hundreds of projects among\u00a0250 partners [&hellip;]","og_url":"https:\/\/www.cde.ual.es\/en\/32163\/","og_site_name":"CDE Almer\u00eda - Centro de Documentaci\u00f3n Europea - Universidad de Almer\u00eda","article_publisher":"https:\/\/www.facebook.com\/cdeuniversidadalmeria\/","article_published_time":"2020-01-07T02:00:57+00:00","og_image":[{"width":691,"height":355,"url":"https:\/\/www.cde.ual.es\/wp-content\/uploads\/2020\/01\/Capital-Europea.png","type":"image\/png"}],"author":"AdminCDE","twitter_card":"summary_large_image","twitter_creator":"@cdeualmeria","twitter_site":"@cdeualmeria","twitter_misc":{"Written by":"AdminCDE","Est. reading time":"2 minutes"},"schema":{"@context":"https:\/\/schema.org","@graph":[{"@type":"Article","@id":"https:\/\/www.cde.ual.es\/en\/32163\/#article","isPartOf":{"@id":"https:\/\/www.cde.ual.es\/en\/32163\/"},"author":{"name":"AdminCDE","@id":"https:\/\/www.cde.ual.es\/#\/schema\/person\/224ef08c8bcc005f319d2713ce37ee5f"},"headline":"Rijeka and Galway: European Capitals of Culture 2020","datePublished":"2020-01-07T02:00:57+00:00","mainEntityOfPage":{"@id":"https:\/\/www.cde.ual.es\/en\/32163\/"},"wordCount":411,"commentCount":0,"publisher":{"@id":"https:\/\/www.cde.ual.es\/#organization"},"image":{"@id":"https:\/\/www.cde.ual.es\/en\/32163\/#primaryimage"},"thumbnailUrl":"https:\/\/www.cde.ual.es\/wp-content\/uploads\/2020\/01\/Capital-Europea.png","keywords":["culture"],"articleSection":["EU News"],"inLanguage":"en-US","potentialAction":[{"@type":"CommentAction","name":"Comment","target":["https:\/\/www.cde.ual.es\/en\/32163\/#respond"]}]},{"@type":"WebPage","@id":"https:\/\/www.cde.ual.es\/en\/32163\/","url":"https:\/\/www.cde.ual.es\/en\/32163\/","name":"Rijeka and Galway: European Capitals of Culture 2020 | CDE Almer\u00eda - Centro de Documentaci\u00f3n Europea - Universidad de Almer\u00eda","isPartOf":{"@id":"https:\/\/www.cde.ual.es\/#website"},"primaryImageOfPage":{"@id":"https:\/\/www.cde.ual.es\/en\/32163\/#primaryimage"},"image":{"@id":"https:\/\/www.cde.ual.es\/en\/32163\/#primaryimage"},"thumbnailUrl":"https:\/\/www.cde.ual.es\/wp-content\/uploads\/2020\/01\/Capital-Europea.png","datePublished":"2020-01-07T02:00:57+00:00","breadcrumb":{"@id":"https:\/\/www.cde.ual.es\/en\/32163\/#breadcrumb"},"inLanguage":"en-US","potentialAction":[{"@type":"ReadAction","target":["https:\/\/www.cde.ual.es\/en\/32163\/"]}]},{"@type":"ImageObject","inLanguage":"en-US","@id":"https:\/\/www.cde.ual.es\/en\/32163\/#primaryimage","url":"https:\/\/www.cde.ual.es\/wp-content\/uploads\/2020\/01\/Capital-Europea.png","contentUrl":"https:\/\/www.cde.ual.es\/wp-content\/uploads\/2020\/01\/Capital-Europea.png","width":691,"height":355},{"@type":"BreadcrumbList","@id":"https:\/\/www.cde.ual.es\/en\/32163\/#breadcrumb","itemListElement":[{"@type":"ListItem","position":1,"name":"Inicio","item":"https:\/\/www.cde.ual.es\/en\/"},{"@type":"ListItem","position":2,"name":"EU News","item":"https:\/\/www.cde.ual.es\/en\/category\/eu-news\/"},{"@type":"ListItem","position":3,"name":"Rijeka and Galway: European Capitals of Culture 2020"}]},{"@type":"WebSite","@id":"https:\/\/www.cde.ual.es\/#website","url":"https:\/\/www.cde.ual.es\/","name":"CDE Almer\u00eda - Centro de Documentaci\u00f3n Europea - Universidad de Almer\u00eda","description":"Centro de Documentaci\u00f3n Europea de la Universidad de Almer\u00eda","publisher":{"@id":"https:\/\/www.cde.ual.es\/#organization"},"alternateName":"CDE Almer\u00eda","potentialAction":[{"@type":"SearchAction","target":{"@type":"EntryPoint","urlTemplate":"https:\/\/www.cde.ual.es\/?s={search_term_string}"},"query-input":{"@type":"PropertyValueSpecification","valueRequired":true,"valueName":"search_term_string"}}],"inLanguage":"en-US"},{"@type":"Organization","@id":"https:\/\/www.cde.ual.es\/#organization","name":"Centro de Documentaci\u00f3n Europea de Almer\u00eda","url":"https:\/\/www.cde.ual.es\/","logo":{"@type":"ImageObject","inLanguage":"en-US","@id":"https:\/\/www.cde.ual.es\/#\/schema\/logo\/image\/","url":"https:\/\/www.cde.ual.es\/wp-content\/uploads\/2025\/07\/cde-logo-3.png","contentUrl":"https:\/\/www.cde.ual.es\/wp-content\/uploads\/2025\/07\/cde-logo-3.png","width":1400,"height":300,"caption":"Centro de Documentaci\u00f3n Europea de Almer\u00eda"},"image":{"@id":"https:\/\/www.cde.ual.es\/#\/schema\/logo\/image\/"},"sameAs":["https:\/\/www.facebook.com\/cdeuniversidadalmeria\/","https:\/\/x.com\/cdeualmeria","https:\/\/www.tiktok.com\/@cdealmeria","https:\/\/www.instagram.com\/cdealmeria\/","https:\/\/www.linkedin.com\/in\/cde-almera-812b26a9\/"]},{"@type":"Person","@id":"https:\/\/www.cde.ual.es\/#\/schema\/person\/224ef08c8bcc005f319d2713ce37ee5f","name":"AdminCDE","image":{"@type":"ImageObject","inLanguage":"en-US","@id":"https:\/\/secure.gravatar.com\/avatar\/a72d038d371f995cd13706fac32274b7952a52e8fb0a84b5f80c85426f2a98a8?s=96&d=mm&r=g","url":"https:\/\/secure.gravatar.com\/avatar\/a72d038d371f995cd13706fac32274b7952a52e8fb0a84b5f80c85426f2a98a8?s=96&d=mm&r=g","contentUrl":"https:\/\/secure.gravatar.com\/avatar\/a72d038d371f995cd13706fac32274b7952a52e8fb0a84b5f80c85426f2a98a8?s=96&d=mm&r=g","caption":"AdminCDE"}}]}},"_links":{"self":[{"href":"https:\/\/www.cde.ual.es\/en\/wp-json\/wp\/v2\/posts\/32163","targetHints":{"allow":["GET"]}}],"collection":[{"href":"https:\/\/www.cde.ual.es\/en\/wp-json\/wp\/v2\/posts"}],"about":[{"href":"https:\/\/www.cde.ual.es\/en\/wp-json\/wp\/v2\/types\/post"}],"author":[{"embeddable":true,"href":"https:\/\/www.cde.ual.es\/en\/wp-json\/wp\/v2\/users\/1"}],"replies":[{"embeddable":true,"href":"https:\/\/www.cde.ual.es\/en\/wp-json\/wp\/v2\/comments?post=32163"}],"version-history":[{"count":0,"href":"https:\/\/www.cde.ual.es\/en\/wp-json\/wp\/v2\/posts\/32163\/revisions"}],"wp:featuredmedia":[{"embeddable":true,"href":"https:\/\/www.cde.ual.es\/en\/wp-json\/wp\/v2\/media\/32161"}],"wp:attachment":[{"href":"https:\/\/www.cde.ual.es\/en\/wp-json\/wp\/v2\/media?parent=32163"}],"wp:term":[{"taxonomy":"category","embeddable":true,"href":"https:\/\/www.cde.ual.es\/en\/wp-json\/wp\/v2\/categories?post=32163"},{"taxonomy":"post_tag","embeddable":true,"href":"https:\/\/www.cde.ual.es\/en\/wp-json\/wp\/v2\/tags?post=32163"}],"curies":[{"name":"wp","href":"https:\/\/api.w.org\/{rel}","templated":true}]}}