{"id":32080,"date":"2019-12-27T03:00:37","date_gmt":"2019-12-27T02:00:37","guid":{"rendered":"https:\/\/www.cde.ual.es\/?p=32080"},"modified":"2019-12-23T14:44:33","modified_gmt":"2019-12-23T13:44:33","slug":"eeas-vacancy-fg-ii-contract-agents","status":"publish","type":"post","link":"https:\/\/www.cde.ual.es\/en\/eeas-vacancy-fg-ii-contract-agents\/","title":{"rendered":"EEAS vacancy \u2013 FG II Contract agents"},"content":{"rendered":"<h3 style=\"text-align: center;\"><a href=\"https:\/\/www.cde.ual.es\/wp-content\/uploads\/2018\/04\/Servicio-Europeo-de-Acci\u00f3n-Exterior-opt.jpg\"><img decoding=\"async\" class=\"alignnone size-medium wp-image-2879\" src=\"https:\/\/www.cde.ual.es\/wp-content\/uploads\/2018\/04\/Servicio-Europeo-de-Acci\u00f3n-Exterior-opt-300x236.jpg\" alt=\"Servicio-Europeo-de-Acci\u00f3n-Exterior-opt\" width=\"300\" height=\"236\" \/><\/a><\/h3>\n<p><strong>The European External Action Service (EEAS) is seeking a highly motivated FG II to occupy the post of Secretary\/Assistant to the Head of the EU Delegation to Angola.<\/strong><\/p>\n<h3>Location<\/h3>\n<p>Angola<\/p>\n<h3>Profile<\/h3>\n<p>The European External Action Service (EEAS) is seeking a highly motivated FG II to occupy the post of Secretary\/Assistant to the Head of the EU Delegation to Angola.<br \/>\nThe Secretary\/Assistant will be required to provide general administrative and secretarial support as well as document management services to the Head of Delegation office.<\/p>\n<h3>Selection Criteria<\/h3>\n<ul>\n<li>Proven experience as secretary\/assistant;<\/li>\n<li>Good knowledge of administrative rules and procedures;<\/li>\n<li>Knowledge of filing methods and document management systems;<\/li>\n<li>Sound computer skills (word processing, spreadsheets, presentation systems, internet and e-mail);<\/li>\n<li>Experience in external relations;<\/li>\n<li>experience in handling secure communications and classified information;<\/li>\n<li>knowledge of\u00a0 IT tools used in EU institutions\u00a0 (ARES, MIPS, Sysper2, Syslog, RUE, etc.);<\/li>\n<li>experience of working in a team in multi-disciplinary and multi-cultural environmen.<\/li>\n<\/ul>\n<h3>Deadline<\/h3>\n<p>13 January 2020<\/p>\n<h3>More Information<\/h3>\n<p><a href=\"https:\/\/eeas.europa.eu\/headquarters\/headquarters-homepage\/72262\/eeas-vacancy-notice-%E2%80%93-fg-ii-contract-agents-%E2%80%93-secretary-head-delegation-angola_en\">Call\u00a0<\/a><\/p>\n","protected":false},"excerpt":{"rendered":"<p>The European External Action Service (EEAS) is seeking a highly motivated FG II to occupy the post of Secretary\/Assistant to the Head of the EU Delegation to Angola. Location Angola Profile The European External Action Service (EEAS) is seeking a highly motivated FG II to occupy the post of Secretary\/Assistant to the Head of the [&hellip;]<\/p>\n","protected":false},"author":101011,"featured_media":13569,"comment_status":"open","ping_status":"open","sticky":false,"template":"","format":"standard","meta":{"_acf_changed":false,"_relevanssi_hide_post":"","_relevanssi_hide_content":"","_relevanssi_pin_for_all":"","_relevanssi_pin_keywords":"","_relevanssi_unpin_keywords":"","_relevanssi_related_keywords":"","_relevanssi_related_include_ids":"","_relevanssi_related_exclude_ids":"","_relevanssi_related_no_append":"","_relevanssi_related_not_related":"","_relevanssi_related_posts":"","_relevanssi_noindex_reason":"","_monsterinsights_skip_tracking":false,"_monsterinsights_sitenote_active":false,"_monsterinsights_sitenote_note":"","_monsterinsights_sitenote_category":0,"_genesis_hide_title":false,"_genesis_hide_breadcrumbs":false,"_genesis_hide_singular_image":false,"_genesis_hide_footer_widgets":false,"_genesis_custom_body_class":"","_genesis_custom_post_class":"","_genesis_layout":"","footnotes":""},"categories":[366],"tags":[409,967,968],"class_list":{"0":"post-32080","1":"post","2":"type-post","3":"status-publish","4":"format-standard","5":"has-post-thumbnail","7":"category-eu-calls-and-awards","8":"tag-call","9":"tag-eeas","10":"tag-vacancy","11":"entry"},"acf":[],"yoast_head":"<!-- This site is optimized with the Yoast SEO plugin v27.4 - https:\/\/yoast.com\/product\/yoast-seo-wordpress\/ -->\n<title>EEAS vacancy \u2013 FG II Contract agents | CDE Almer\u00eda - Centro de Documentaci\u00f3n Europea - Universidad de Almer\u00eda<\/title>\n<meta name=\"robots\" content=\"index, follow, max-snippet:-1, max-image-preview:large, max-video-preview:-1\" \/>\n<link rel=\"canonical\" href=\"https:\/\/www.cde.ual.es\/en\/eeas-vacancy-fg-ii-contract-agents\/\" \/>\n<meta property=\"og:locale\" content=\"en_US\" \/>\n<meta property=\"og:type\" content=\"article\" \/>\n<meta property=\"og:title\" content=\"EEAS vacancy \u2013 FG II Contract agents | CDE Almer\u00eda - Centro de Documentaci\u00f3n Europea - Universidad de Almer\u00eda\" \/>\n<meta property=\"og:description\" content=\"The European External Action Service (EEAS) is seeking a highly motivated FG II to occupy the post of Secretary\/Assistant to the Head of the EU Delegation to Angola. Location Angola Profile The European External Action Service (EEAS) is seeking a highly motivated FG II to occupy the post of Secretary\/Assistant to the Head of the [&hellip;]\" \/>\n<meta property=\"og:url\" content=\"https:\/\/www.cde.ual.es\/en\/eeas-vacancy-fg-ii-contract-agents\/\" \/>\n<meta property=\"og:site_name\" content=\"CDE Almer\u00eda - Centro de Documentaci\u00f3n Europea - Universidad de Almer\u00eda\" \/>\n<meta property=\"article:publisher\" content=\"https:\/\/www.facebook.com\/cdeuniversidadalmeria\/\" \/>\n<meta property=\"article:published_time\" content=\"2019-12-27T02:00:37+00:00\" \/>\n<meta property=\"og:image\" content=\"https:\/\/www.cde.ual.es\/wp-content\/uploads\/2018\/04\/Servicio-Europeo-de-Acci\u00f3n-Exterior-opt.jpg\" \/>\n\t<meta property=\"og:image:width\" content=\"300\" \/>\n\t<meta property=\"og:image:height\" content=\"236\" \/>\n\t<meta property=\"og:image:type\" content=\"image\/jpeg\" \/>\n<meta name=\"author\" content=\"BECA 2 CDE\" \/>\n<meta name=\"twitter:card\" content=\"summary_large_image\" \/>\n<meta name=\"twitter:creator\" content=\"@cdeualmeria\" \/>\n<meta name=\"twitter:site\" content=\"@cdeualmeria\" \/>\n<meta name=\"twitter:label1\" content=\"Written by\" \/>\n\t<meta name=\"twitter:data1\" content=\"BECA 2 CDE\" \/>\n\t<meta name=\"twitter:label2\" content=\"Est. reading time\" \/>\n\t<meta name=\"twitter:data2\" content=\"1 minute\" \/>\n<script type=\"application\/ld+json\" class=\"yoast-schema-graph\">{\"@context\":\"https:\\\/\\\/schema.org\",\"@graph\":[{\"@type\":\"Article\",\"@id\":\"https:\\\/\\\/www.cde.ual.es\\\/en\\\/eeas-vacancy-fg-ii-contract-agents\\\/#article\",\"isPartOf\":{\"@id\":\"https:\\\/\\\/www.cde.ual.es\\\/en\\\/eeas-vacancy-fg-ii-contract-agents\\\/\"},\"author\":{\"name\":\"BECA 2 CDE\",\"@id\":\"https:\\\/\\\/www.cde.ual.es\\\/#\\\/schema\\\/person\\\/ee46ebc19edfa19598c02cff83335acc\"},\"headline\":\"EEAS vacancy \u2013 FG II Contract agents\",\"datePublished\":\"2019-12-27T02:00:37+00:00\",\"mainEntityOfPage\":{\"@id\":\"https:\\\/\\\/www.cde.ual.es\\\/en\\\/eeas-vacancy-fg-ii-contract-agents\\\/\"},\"wordCount\":167,\"commentCount\":0,\"publisher\":{\"@id\":\"https:\\\/\\\/www.cde.ual.es\\\/#organization\"},\"image\":{\"@id\":\"https:\\\/\\\/www.cde.ual.es\\\/en\\\/eeas-vacancy-fg-ii-contract-agents\\\/#primaryimage\"},\"thumbnailUrl\":\"https:\\\/\\\/www.cde.ual.es\\\/wp-content\\\/uploads\\\/2018\\\/04\\\/Servicio-Europeo-de-Acci\u00f3n-Exterior-opt.jpg\",\"keywords\":[\"call\",\"EEAS\",\"vacancy\"],\"articleSection\":[\"EU Calls and Awards\"],\"inLanguage\":\"en-US\",\"potentialAction\":[{\"@type\":\"CommentAction\",\"name\":\"Comment\",\"target\":[\"https:\\\/\\\/www.cde.ual.es\\\/en\\\/eeas-vacancy-fg-ii-contract-agents\\\/#respond\"]}]},{\"@type\":\"WebPage\",\"@id\":\"https:\\\/\\\/www.cde.ual.es\\\/en\\\/eeas-vacancy-fg-ii-contract-agents\\\/\",\"url\":\"https:\\\/\\\/www.cde.ual.es\\\/en\\\/eeas-vacancy-fg-ii-contract-agents\\\/\",\"name\":\"EEAS vacancy \u2013 FG II Contract agents | CDE Almer\u00eda - Centro de Documentaci\u00f3n Europea - Universidad de Almer\u00eda\",\"isPartOf\":{\"@id\":\"https:\\\/\\\/www.cde.ual.es\\\/#website\"},\"primaryImageOfPage\":{\"@id\":\"https:\\\/\\\/www.cde.ual.es\\\/en\\\/eeas-vacancy-fg-ii-contract-agents\\\/#primaryimage\"},\"image\":{\"@id\":\"https:\\\/\\\/www.cde.ual.es\\\/en\\\/eeas-vacancy-fg-ii-contract-agents\\\/#primaryimage\"},\"thumbnailUrl\":\"https:\\\/\\\/www.cde.ual.es\\\/wp-content\\\/uploads\\\/2018\\\/04\\\/Servicio-Europeo-de-Acci\u00f3n-Exterior-opt.jpg\",\"datePublished\":\"2019-12-27T02:00:37+00:00\",\"breadcrumb\":{\"@id\":\"https:\\\/\\\/www.cde.ual.es\\\/en\\\/eeas-vacancy-fg-ii-contract-agents\\\/#breadcrumb\"},\"inLanguage\":\"en-US\",\"potentialAction\":[{\"@type\":\"ReadAction\",\"target\":[\"https:\\\/\\\/www.cde.ual.es\\\/en\\\/eeas-vacancy-fg-ii-contract-agents\\\/\"]}]},{\"@type\":\"ImageObject\",\"inLanguage\":\"en-US\",\"@id\":\"https:\\\/\\\/www.cde.ual.es\\\/en\\\/eeas-vacancy-fg-ii-contract-agents\\\/#primaryimage\",\"url\":\"https:\\\/\\\/www.cde.ual.es\\\/wp-content\\\/uploads\\\/2018\\\/04\\\/Servicio-Europeo-de-Acci\u00f3n-Exterior-opt.jpg\",\"contentUrl\":\"https:\\\/\\\/www.cde.ual.es\\\/wp-content\\\/uploads\\\/2018\\\/04\\\/Servicio-Europeo-de-Acci\u00f3n-Exterior-opt.jpg\",\"width\":300,\"height\":236},{\"@type\":\"BreadcrumbList\",\"@id\":\"https:\\\/\\\/www.cde.ual.es\\\/en\\\/eeas-vacancy-fg-ii-contract-agents\\\/#breadcrumb\",\"itemListElement\":[{\"@type\":\"ListItem\",\"position\":1,\"name\":\"Inicio\",\"item\":\"https:\\\/\\\/www.cde.ual.es\\\/en\\\/\"},{\"@type\":\"ListItem\",\"position\":2,\"name\":\"EU Calls and Awards\",\"item\":\"https:\\\/\\\/www.cde.ual.es\\\/en\\\/category\\\/eu-calls-and-awards\\\/\"},{\"@type\":\"ListItem\",\"position\":3,\"name\":\"EEAS vacancy \u2013 FG II Contract agents\"}]},{\"@type\":\"WebSite\",\"@id\":\"https:\\\/\\\/www.cde.ual.es\\\/#website\",\"url\":\"https:\\\/\\\/www.cde.ual.es\\\/\",\"name\":\"CDE Almer\u00eda - Centro de Documentaci\u00f3n Europea - Universidad de Almer\u00eda\",\"description\":\"Centro de Documentaci\u00f3n Europea de la Universidad de Almer\u00eda\",\"publisher\":{\"@id\":\"https:\\\/\\\/www.cde.ual.es\\\/#organization\"},\"alternateName\":\"CDE Almer\u00eda\",\"potentialAction\":[{\"@type\":\"SearchAction\",\"target\":{\"@type\":\"EntryPoint\",\"urlTemplate\":\"https:\\\/\\\/www.cde.ual.es\\\/?s={search_term_string}\"},\"query-input\":{\"@type\":\"PropertyValueSpecification\",\"valueRequired\":true,\"valueName\":\"search_term_string\"}}],\"inLanguage\":\"en-US\"},{\"@type\":\"Organization\",\"@id\":\"https:\\\/\\\/www.cde.ual.es\\\/#organization\",\"name\":\"Centro de Documentaci\u00f3n Europea de Almer\u00eda\",\"url\":\"https:\\\/\\\/www.cde.ual.es\\\/\",\"logo\":{\"@type\":\"ImageObject\",\"inLanguage\":\"en-US\",\"@id\":\"https:\\\/\\\/www.cde.ual.es\\\/#\\\/schema\\\/logo\\\/image\\\/\",\"url\":\"https:\\\/\\\/www.cde.ual.es\\\/wp-content\\\/uploads\\\/2025\\\/07\\\/cde-logo-3.png\",\"contentUrl\":\"https:\\\/\\\/www.cde.ual.es\\\/wp-content\\\/uploads\\\/2025\\\/07\\\/cde-logo-3.png\",\"width\":1400,\"height\":300,\"caption\":\"Centro de Documentaci\u00f3n Europea de Almer\u00eda\"},\"image\":{\"@id\":\"https:\\\/\\\/www.cde.ual.es\\\/#\\\/schema\\\/logo\\\/image\\\/\"},\"sameAs\":[\"https:\\\/\\\/www.facebook.com\\\/cdeuniversidadalmeria\\\/\",\"https:\\\/\\\/x.com\\\/cdeualmeria\",\"https:\\\/\\\/www.tiktok.com\\\/@cdealmeria\",\"https:\\\/\\\/www.instagram.com\\\/cdealmeria\\\/\",\"https:\\\/\\\/www.linkedin.com\\\/in\\\/cde-almera-812b26a9\\\/\"]},{\"@type\":\"Person\",\"@id\":\"https:\\\/\\\/www.cde.ual.es\\\/#\\\/schema\\\/person\\\/ee46ebc19edfa19598c02cff83335acc\",\"name\":\"BECA 2 CDE\",\"image\":{\"@type\":\"ImageObject\",\"inLanguage\":\"en-US\",\"@id\":\"https:\\\/\\\/secure.gravatar.com\\\/avatar\\\/35a481bbc04bbd90e91bdfa3b0b5541036c222a49b9ad37b6889a2afcb5311a5?s=96&d=mm&r=g\",\"url\":\"https:\\\/\\\/secure.gravatar.com\\\/avatar\\\/35a481bbc04bbd90e91bdfa3b0b5541036c222a49b9ad37b6889a2afcb5311a5?s=96&d=mm&r=g\",\"contentUrl\":\"https:\\\/\\\/secure.gravatar.com\\\/avatar\\\/35a481bbc04bbd90e91bdfa3b0b5541036c222a49b9ad37b6889a2afcb5311a5?s=96&d=mm&r=g\",\"caption\":\"BECA 2 CDE\"},\"sameAs\":[\"http:\\\/\\\/www.cdealmeria.com\"]}]}<\/script>\n<!-- \/ Yoast SEO plugin. -->","yoast_head_json":{"title":"EEAS vacancy \u2013 FG II Contract agents | CDE Almer\u00eda - Centro de Documentaci\u00f3n Europea - Universidad de Almer\u00eda","robots":{"index":"index","follow":"follow","max-snippet":"max-snippet:-1","max-image-preview":"max-image-preview:large","max-video-preview":"max-video-preview:-1"},"canonical":"https:\/\/www.cde.ual.es\/en\/eeas-vacancy-fg-ii-contract-agents\/","og_locale":"en_US","og_type":"article","og_title":"EEAS vacancy \u2013 FG II Contract agents | CDE Almer\u00eda - Centro de Documentaci\u00f3n Europea - Universidad de Almer\u00eda","og_description":"The European External Action Service (EEAS) is seeking a highly motivated FG II to occupy the post of Secretary\/Assistant to the Head of the EU Delegation to Angola. Location Angola Profile The European External Action Service (EEAS) is seeking a highly motivated FG II to occupy the post of Secretary\/Assistant to the Head of the [&hellip;]","og_url":"https:\/\/www.cde.ual.es\/en\/eeas-vacancy-fg-ii-contract-agents\/","og_site_name":"CDE Almer\u00eda - Centro de Documentaci\u00f3n Europea - Universidad de Almer\u00eda","article_publisher":"https:\/\/www.facebook.com\/cdeuniversidadalmeria\/","article_published_time":"2019-12-27T02:00:37+00:00","og_image":[{"width":300,"height":236,"url":"https:\/\/www.cde.ual.es\/wp-content\/uploads\/2018\/04\/Servicio-Europeo-de-Acci\u00f3n-Exterior-opt.jpg","type":"image\/jpeg"}],"author":"BECA 2 CDE","twitter_card":"summary_large_image","twitter_creator":"@cdeualmeria","twitter_site":"@cdeualmeria","twitter_misc":{"Written by":"BECA 2 CDE","Est. reading time":"1 minute"},"schema":{"@context":"https:\/\/schema.org","@graph":[{"@type":"Article","@id":"https:\/\/www.cde.ual.es\/en\/eeas-vacancy-fg-ii-contract-agents\/#article","isPartOf":{"@id":"https:\/\/www.cde.ual.es\/en\/eeas-vacancy-fg-ii-contract-agents\/"},"author":{"name":"BECA 2 CDE","@id":"https:\/\/www.cde.ual.es\/#\/schema\/person\/ee46ebc19edfa19598c02cff83335acc"},"headline":"EEAS vacancy \u2013 FG II Contract agents","datePublished":"2019-12-27T02:00:37+00:00","mainEntityOfPage":{"@id":"https:\/\/www.cde.ual.es\/en\/eeas-vacancy-fg-ii-contract-agents\/"},"wordCount":167,"commentCount":0,"publisher":{"@id":"https:\/\/www.cde.ual.es\/#organization"},"image":{"@id":"https:\/\/www.cde.ual.es\/en\/eeas-vacancy-fg-ii-contract-agents\/#primaryimage"},"thumbnailUrl":"https:\/\/www.cde.ual.es\/wp-content\/uploads\/2018\/04\/Servicio-Europeo-de-Acci\u00f3n-Exterior-opt.jpg","keywords":["call","EEAS","vacancy"],"articleSection":["EU Calls and Awards"],"inLanguage":"en-US","potentialAction":[{"@type":"CommentAction","name":"Comment","target":["https:\/\/www.cde.ual.es\/en\/eeas-vacancy-fg-ii-contract-agents\/#respond"]}]},{"@type":"WebPage","@id":"https:\/\/www.cde.ual.es\/en\/eeas-vacancy-fg-ii-contract-agents\/","url":"https:\/\/www.cde.ual.es\/en\/eeas-vacancy-fg-ii-contract-agents\/","name":"EEAS vacancy \u2013 FG II Contract agents | CDE Almer\u00eda - Centro de Documentaci\u00f3n Europea - Universidad de Almer\u00eda","isPartOf":{"@id":"https:\/\/www.cde.ual.es\/#website"},"primaryImageOfPage":{"@id":"https:\/\/www.cde.ual.es\/en\/eeas-vacancy-fg-ii-contract-agents\/#primaryimage"},"image":{"@id":"https:\/\/www.cde.ual.es\/en\/eeas-vacancy-fg-ii-contract-agents\/#primaryimage"},"thumbnailUrl":"https:\/\/www.cde.ual.es\/wp-content\/uploads\/2018\/04\/Servicio-Europeo-de-Acci\u00f3n-Exterior-opt.jpg","datePublished":"2019-12-27T02:00:37+00:00","breadcrumb":{"@id":"https:\/\/www.cde.ual.es\/en\/eeas-vacancy-fg-ii-contract-agents\/#breadcrumb"},"inLanguage":"en-US","potentialAction":[{"@type":"ReadAction","target":["https:\/\/www.cde.ual.es\/en\/eeas-vacancy-fg-ii-contract-agents\/"]}]},{"@type":"ImageObject","inLanguage":"en-US","@id":"https:\/\/www.cde.ual.es\/en\/eeas-vacancy-fg-ii-contract-agents\/#primaryimage","url":"https:\/\/www.cde.ual.es\/wp-content\/uploads\/2018\/04\/Servicio-Europeo-de-Acci\u00f3n-Exterior-opt.jpg","contentUrl":"https:\/\/www.cde.ual.es\/wp-content\/uploads\/2018\/04\/Servicio-Europeo-de-Acci\u00f3n-Exterior-opt.jpg","width":300,"height":236},{"@type":"BreadcrumbList","@id":"https:\/\/www.cde.ual.es\/en\/eeas-vacancy-fg-ii-contract-agents\/#breadcrumb","itemListElement":[{"@type":"ListItem","position":1,"name":"Inicio","item":"https:\/\/www.cde.ual.es\/en\/"},{"@type":"ListItem","position":2,"name":"EU Calls and Awards","item":"https:\/\/www.cde.ual.es\/en\/category\/eu-calls-and-awards\/"},{"@type":"ListItem","position":3,"name":"EEAS vacancy \u2013 FG II Contract agents"}]},{"@type":"WebSite","@id":"https:\/\/www.cde.ual.es\/#website","url":"https:\/\/www.cde.ual.es\/","name":"CDE Almer\u00eda - Centro de Documentaci\u00f3n Europea - Universidad de Almer\u00eda","description":"Centro de Documentaci\u00f3n Europea de la Universidad de Almer\u00eda","publisher":{"@id":"https:\/\/www.cde.ual.es\/#organization"},"alternateName":"CDE Almer\u00eda","potentialAction":[{"@type":"SearchAction","target":{"@type":"EntryPoint","urlTemplate":"https:\/\/www.cde.ual.es\/?s={search_term_string}"},"query-input":{"@type":"PropertyValueSpecification","valueRequired":true,"valueName":"search_term_string"}}],"inLanguage":"en-US"},{"@type":"Organization","@id":"https:\/\/www.cde.ual.es\/#organization","name":"Centro de Documentaci\u00f3n Europea de Almer\u00eda","url":"https:\/\/www.cde.ual.es\/","logo":{"@type":"ImageObject","inLanguage":"en-US","@id":"https:\/\/www.cde.ual.es\/#\/schema\/logo\/image\/","url":"https:\/\/www.cde.ual.es\/wp-content\/uploads\/2025\/07\/cde-logo-3.png","contentUrl":"https:\/\/www.cde.ual.es\/wp-content\/uploads\/2025\/07\/cde-logo-3.png","width":1400,"height":300,"caption":"Centro de Documentaci\u00f3n Europea de Almer\u00eda"},"image":{"@id":"https:\/\/www.cde.ual.es\/#\/schema\/logo\/image\/"},"sameAs":["https:\/\/www.facebook.com\/cdeuniversidadalmeria\/","https:\/\/x.com\/cdeualmeria","https:\/\/www.tiktok.com\/@cdealmeria","https:\/\/www.instagram.com\/cdealmeria\/","https:\/\/www.linkedin.com\/in\/cde-almera-812b26a9\/"]},{"@type":"Person","@id":"https:\/\/www.cde.ual.es\/#\/schema\/person\/ee46ebc19edfa19598c02cff83335acc","name":"BECA 2 CDE","image":{"@type":"ImageObject","inLanguage":"en-US","@id":"https:\/\/secure.gravatar.com\/avatar\/35a481bbc04bbd90e91bdfa3b0b5541036c222a49b9ad37b6889a2afcb5311a5?s=96&d=mm&r=g","url":"https:\/\/secure.gravatar.com\/avatar\/35a481bbc04bbd90e91bdfa3b0b5541036c222a49b9ad37b6889a2afcb5311a5?s=96&d=mm&r=g","contentUrl":"https:\/\/secure.gravatar.com\/avatar\/35a481bbc04bbd90e91bdfa3b0b5541036c222a49b9ad37b6889a2afcb5311a5?s=96&d=mm&r=g","caption":"BECA 2 CDE"},"sameAs":["http:\/\/www.cdealmeria.com"]}]}},"_links":{"self":[{"href":"https:\/\/www.cde.ual.es\/en\/wp-json\/wp\/v2\/posts\/32080","targetHints":{"allow":["GET"]}}],"collection":[{"href":"https:\/\/www.cde.ual.es\/en\/wp-json\/wp\/v2\/posts"}],"about":[{"href":"https:\/\/www.cde.ual.es\/en\/wp-json\/wp\/v2\/types\/post"}],"author":[{"embeddable":true,"href":"https:\/\/www.cde.ual.es\/en\/wp-json\/wp\/v2\/users\/101011"}],"replies":[{"embeddable":true,"href":"https:\/\/www.cde.ual.es\/en\/wp-json\/wp\/v2\/comments?post=32080"}],"version-history":[{"count":0,"href":"https:\/\/www.cde.ual.es\/en\/wp-json\/wp\/v2\/posts\/32080\/revisions"}],"wp:featuredmedia":[{"embeddable":true,"href":"https:\/\/www.cde.ual.es\/en\/wp-json\/wp\/v2\/media\/13569"}],"wp:attachment":[{"href":"https:\/\/www.cde.ual.es\/en\/wp-json\/wp\/v2\/media?parent=32080"}],"wp:term":[{"taxonomy":"category","embeddable":true,"href":"https:\/\/www.cde.ual.es\/en\/wp-json\/wp\/v2\/categories?post=32080"},{"taxonomy":"post_tag","embeddable":true,"href":"https:\/\/www.cde.ual.es\/en\/wp-json\/wp\/v2\/tags?post=32080"}],"curies":[{"name":"wp","href":"https:\/\/api.w.org\/{rel}","templated":true}]}}