{"id":31920,"date":"2019-12-30T03:00:27","date_gmt":"2019-12-30T02:00:27","guid":{"rendered":"https:\/\/www.cde.ual.es\/?p=31920"},"modified":"2019-12-20T11:11:23","modified_gmt":"2019-12-20T10:11:23","slug":"eu-mobilises-further-e15-2-million-humanitarian-support-for-food-safety-epidemics-preparedness-and-support-to-people-in-conflict-areas-in-latin-america-and-caribbean","status":"publish","type":"post","link":"https:\/\/www.cde.ual.es\/en\/eu-mobilises-further-e15-2-million-humanitarian-support-for-food-safety-epidemics-preparedness-and-support-to-people-in-conflict-areas-in-latin-america-and-caribbean\/","title":{"rendered":"EU mobilises further \u20ac15.2 million humanitarian support for food safety, epidemics preparedness and support to people in conflict areas in Latin America and Caribbean"},"content":{"rendered":"<p><a href=\"https:\/\/www.cde.ual.es\/wp-content\/uploads\/2019\/12\/Hait\u00ed.png\"><img decoding=\"async\" class=\"size-medium wp-image-31918 aligncenter\" src=\"https:\/\/www.cde.ual.es\/wp-content\/uploads\/2019\/12\/Hait\u00ed-300x165.png\" alt=\"\" width=\"300\" height=\"165\" srcset=\"https:\/\/www.cde.ual.es\/wp-content\/uploads\/2019\/12\/Hait\u00ed-300x165.png 300w, https:\/\/www.cde.ual.es\/wp-content\/uploads\/2019\/12\/Hait\u00ed-768x422.png 768w, https:\/\/www.cde.ual.es\/wp-content\/uploads\/2019\/12\/Hait\u00ed.png 949w\" sizes=\"(max-width: 300px) 100vw, 300px\" \/><\/a><\/p>\n<p><em><strong>The European Union has allocated a further \u20ac15.2 million in assistance to Latin America and the Caribbean. <\/strong><\/em><\/p>\n<p>This support will focus on food assistance in <em><strong>El Salvador, Guatemala and Honduras<\/strong><\/em>, support to forcibly displaced Venezuelans and host communities, and essential needs and nutritional support to Haiti. This support package comes in addition to the \u20ac88.548 million funding already announced earlier this year and includes an extra \u20ac286,000 to support epidemics preparedness in dengue-affected Central American countries.<\/p>\n<h3>Food crisis in\u00a0<span class=\"prdnormal\">\u00a0<\/span>El Salvador,\u00a0Guatemala\u00a0and\u00a0Honduras<\/h3>\n<p><span class=\"prdnormal\">Repeated drought-related crop failures and soaring food prices have created an acute food crisis in\u00a0<strong>El Salvador<\/strong>,\u00a0<strong>Guatemala<\/strong>\u00a0and\u00a0<strong>Honduras<\/strong>, leading to an increase in the cases of malnutrition. People in need of urgent food assistance are often also victims of organised violence, which is fuelling large-scale forced migration across the region. Out of this additional funding, \u20ac5 million will provide immediate short-term, lifesaving assistance to at least 80,000 people in the most affected areas of these countries.<\/span><\/p>\n<h3>Internal conflict in Colombia<\/h3>\n<p><span class=\"prdnormal\">The resurgence of internal conflict and intensification of armed attacks against civilians has increased the number of people in need of humanitarian assistance in\u00a0<strong>Colombia<\/strong>, causing an increase in internal displacements and an influx of refugees into neighbouring Ecuador. Against this background, Colombia also hosts 1.6 million Venezuelan refugees and migrants. From this further funding, \u20ac5 million will benefit at least 60,000 people affected by conflict. These funds will be implemented with particular attention to conflict areas that are also witnessing the arrival of Venezuelan migrants.<\/span><\/p>\n<h3><span class=\"prdnormal\">Acute social unrest in Haiti<\/span><\/h3>\n<p><span class=\"prdnormal\">In\u00a0<strong>Haiti<\/strong>\u00a0acute social unrest linked to the escalating political and economic crisis has paralysed all socio-economic activities in the country, including import. Compounding years of crop losses due to drought and floods, this situation has made food unaffordable for the poorest households. Acute food insecurity is accompanied by growing threats linked to the organised violence that is spreading across the country. Out of the total additional funding, \u20ac5 million will cover the essential needs of some 66,000 people in most affected areas. Life-saving nutritional support will also be provided to approximately 5,000 severely malnourished children under 5 years of age.<\/span><\/p>\n<h3>More information<\/h3>\n<p><a href=\"https:\/\/ec.europa.eu\/commission\/presscorner\/detail\/en\/ip_19_6799\">Press release<\/a><\/p>\n<p><span class=\"prdnormal\">\u00a0<\/span><\/p>\n","protected":false},"excerpt":{"rendered":"<p>The European Union has allocated a further \u20ac15.2 million in assistance to Latin America and the Caribbean. This support will focus on food assistance in El Salvador, Guatemala and Honduras, support to forcibly displaced Venezuelans and host communities, and essential needs and nutritional support to Haiti. This support package comes in addition to the \u20ac88.548 [&hellip;]<\/p>\n","protected":false},"author":1,"featured_media":31918,"comment_status":"open","ping_status":"open","sticky":false,"template":"","format":"standard","meta":{"_acf_changed":false,"_relevanssi_hide_post":"","_relevanssi_hide_content":"","_relevanssi_pin_for_all":"","_relevanssi_pin_keywords":"","_relevanssi_unpin_keywords":"","_relevanssi_related_keywords":"","_relevanssi_related_include_ids":"","_relevanssi_related_exclude_ids":"","_relevanssi_related_no_append":"","_relevanssi_related_not_related":"","_relevanssi_related_posts":"","_relevanssi_noindex_reason":"","_monsterinsights_skip_tracking":false,"_monsterinsights_sitenote_active":false,"_monsterinsights_sitenote_note":"","_monsterinsights_sitenote_category":0,"_genesis_hide_title":false,"_genesis_hide_breadcrumbs":false,"_genesis_hide_singular_image":false,"_genesis_hide_footer_widgets":false,"_genesis_custom_body_class":"","_genesis_custom_post_class":"","_genesis_layout":"","footnotes":""},"categories":[346],"tags":[919],"class_list":{"0":"post-31920","1":"post","2":"type-post","3":"status-publish","4":"format-standard","5":"has-post-thumbnail","7":"category-eu-news","8":"tag-human-aid","9":"entry"},"acf":[],"yoast_head":"<!-- This site is optimized with the Yoast SEO plugin v27.4 - https:\/\/yoast.com\/product\/yoast-seo-wordpress\/ -->\n<title>EU mobilises further \u20ac15.2 million humanitarian support for food safety, epidemics preparedness and support to people in conflict areas in Latin America and Caribbean | CDE Almer\u00eda - Centro de Documentaci\u00f3n Europea - Universidad de Almer\u00eda<\/title>\n<meta name=\"robots\" content=\"index, follow, max-snippet:-1, max-image-preview:large, max-video-preview:-1\" \/>\n<link rel=\"canonical\" href=\"https:\/\/www.cde.ual.es\/en\/eu-mobilises-further-e15-2-million-humanitarian-support-for-food-safety-epidemics-preparedness-and-support-to-people-in-conflict-areas-in-latin-america-and-caribbean\/\" \/>\n<meta property=\"og:locale\" content=\"en_US\" \/>\n<meta property=\"og:type\" content=\"article\" \/>\n<meta property=\"og:title\" content=\"EU mobilises further \u20ac15.2 million humanitarian support for food safety, epidemics preparedness and support to people in conflict areas in Latin America and Caribbean | CDE Almer\u00eda - Centro de Documentaci\u00f3n Europea - Universidad de Almer\u00eda\" \/>\n<meta property=\"og:description\" content=\"The European Union has allocated a further \u20ac15.2 million in assistance to Latin America and the Caribbean. This support will focus on food assistance in El Salvador, Guatemala and Honduras, support to forcibly displaced Venezuelans and host communities, and essential needs and nutritional support to Haiti. This support package comes in addition to the \u20ac88.548 [&hellip;]\" \/>\n<meta property=\"og:url\" content=\"https:\/\/www.cde.ual.es\/en\/eu-mobilises-further-e15-2-million-humanitarian-support-for-food-safety-epidemics-preparedness-and-support-to-people-in-conflict-areas-in-latin-america-and-caribbean\/\" \/>\n<meta property=\"og:site_name\" content=\"CDE Almer\u00eda - Centro de Documentaci\u00f3n Europea - Universidad de Almer\u00eda\" \/>\n<meta property=\"article:publisher\" content=\"https:\/\/www.facebook.com\/cdeuniversidadalmeria\/\" \/>\n<meta property=\"article:published_time\" content=\"2019-12-30T02:00:27+00:00\" \/>\n<meta property=\"og:image\" content=\"https:\/\/www.cde.ual.es\/wp-content\/uploads\/2019\/12\/Hait\u00ed.png\" \/>\n\t<meta property=\"og:image:width\" content=\"949\" \/>\n\t<meta property=\"og:image:height\" content=\"521\" \/>\n\t<meta property=\"og:image:type\" content=\"image\/png\" \/>\n<meta name=\"author\" content=\"AdminCDE\" \/>\n<meta name=\"twitter:card\" content=\"summary_large_image\" \/>\n<meta name=\"twitter:creator\" content=\"@cdeualmeria\" \/>\n<meta name=\"twitter:site\" content=\"@cdeualmeria\" \/>\n<meta name=\"twitter:label1\" content=\"Written by\" \/>\n\t<meta name=\"twitter:data1\" content=\"AdminCDE\" \/>\n\t<meta name=\"twitter:label2\" content=\"Est. reading time\" \/>\n\t<meta name=\"twitter:data2\" content=\"2 minutes\" \/>\n<script type=\"application\/ld+json\" class=\"yoast-schema-graph\">{\"@context\":\"https:\\\/\\\/schema.org\",\"@graph\":[{\"@type\":\"Article\",\"@id\":\"https:\\\/\\\/www.cde.ual.es\\\/en\\\/eu-mobilises-further-e15-2-million-humanitarian-support-for-food-safety-epidemics-preparedness-and-support-to-people-in-conflict-areas-in-latin-america-and-caribbean\\\/#article\",\"isPartOf\":{\"@id\":\"https:\\\/\\\/www.cde.ual.es\\\/en\\\/eu-mobilises-further-e15-2-million-humanitarian-support-for-food-safety-epidemics-preparedness-and-support-to-people-in-conflict-areas-in-latin-america-and-caribbean\\\/\"},\"author\":{\"name\":\"AdminCDE\",\"@id\":\"https:\\\/\\\/www.cde.ual.es\\\/#\\\/schema\\\/person\\\/224ef08c8bcc005f319d2713ce37ee5f\"},\"headline\":\"EU mobilises further \u20ac15.2 million humanitarian support for food safety, epidemics preparedness and support to people in conflict areas in Latin America and Caribbean\",\"datePublished\":\"2019-12-30T02:00:27+00:00\",\"mainEntityOfPage\":{\"@id\":\"https:\\\/\\\/www.cde.ual.es\\\/en\\\/eu-mobilises-further-e15-2-million-humanitarian-support-for-food-safety-epidemics-preparedness-and-support-to-people-in-conflict-areas-in-latin-america-and-caribbean\\\/\"},\"wordCount\":373,\"commentCount\":0,\"publisher\":{\"@id\":\"https:\\\/\\\/www.cde.ual.es\\\/#organization\"},\"image\":{\"@id\":\"https:\\\/\\\/www.cde.ual.es\\\/en\\\/eu-mobilises-further-e15-2-million-humanitarian-support-for-food-safety-epidemics-preparedness-and-support-to-people-in-conflict-areas-in-latin-america-and-caribbean\\\/#primaryimage\"},\"thumbnailUrl\":\"https:\\\/\\\/www.cde.ual.es\\\/wp-content\\\/uploads\\\/2019\\\/12\\\/Hait\u00ed.png\",\"keywords\":[\"Human Aid\"],\"articleSection\":[\"EU News\"],\"inLanguage\":\"en-US\",\"potentialAction\":[{\"@type\":\"CommentAction\",\"name\":\"Comment\",\"target\":[\"https:\\\/\\\/www.cde.ual.es\\\/en\\\/eu-mobilises-further-e15-2-million-humanitarian-support-for-food-safety-epidemics-preparedness-and-support-to-people-in-conflict-areas-in-latin-america-and-caribbean\\\/#respond\"]}]},{\"@type\":\"WebPage\",\"@id\":\"https:\\\/\\\/www.cde.ual.es\\\/en\\\/eu-mobilises-further-e15-2-million-humanitarian-support-for-food-safety-epidemics-preparedness-and-support-to-people-in-conflict-areas-in-latin-america-and-caribbean\\\/\",\"url\":\"https:\\\/\\\/www.cde.ual.es\\\/en\\\/eu-mobilises-further-e15-2-million-humanitarian-support-for-food-safety-epidemics-preparedness-and-support-to-people-in-conflict-areas-in-latin-america-and-caribbean\\\/\",\"name\":\"EU mobilises further \u20ac15.2 million humanitarian support for food safety, epidemics preparedness and support to people in conflict areas in Latin America and Caribbean | CDE Almer\u00eda - Centro de Documentaci\u00f3n Europea - Universidad de Almer\u00eda\",\"isPartOf\":{\"@id\":\"https:\\\/\\\/www.cde.ual.es\\\/#website\"},\"primaryImageOfPage\":{\"@id\":\"https:\\\/\\\/www.cde.ual.es\\\/en\\\/eu-mobilises-further-e15-2-million-humanitarian-support-for-food-safety-epidemics-preparedness-and-support-to-people-in-conflict-areas-in-latin-america-and-caribbean\\\/#primaryimage\"},\"image\":{\"@id\":\"https:\\\/\\\/www.cde.ual.es\\\/en\\\/eu-mobilises-further-e15-2-million-humanitarian-support-for-food-safety-epidemics-preparedness-and-support-to-people-in-conflict-areas-in-latin-america-and-caribbean\\\/#primaryimage\"},\"thumbnailUrl\":\"https:\\\/\\\/www.cde.ual.es\\\/wp-content\\\/uploads\\\/2019\\\/12\\\/Hait\u00ed.png\",\"datePublished\":\"2019-12-30T02:00:27+00:00\",\"breadcrumb\":{\"@id\":\"https:\\\/\\\/www.cde.ual.es\\\/en\\\/eu-mobilises-further-e15-2-million-humanitarian-support-for-food-safety-epidemics-preparedness-and-support-to-people-in-conflict-areas-in-latin-america-and-caribbean\\\/#breadcrumb\"},\"inLanguage\":\"en-US\",\"potentialAction\":[{\"@type\":\"ReadAction\",\"target\":[\"https:\\\/\\\/www.cde.ual.es\\\/en\\\/eu-mobilises-further-e15-2-million-humanitarian-support-for-food-safety-epidemics-preparedness-and-support-to-people-in-conflict-areas-in-latin-america-and-caribbean\\\/\"]}]},{\"@type\":\"ImageObject\",\"inLanguage\":\"en-US\",\"@id\":\"https:\\\/\\\/www.cde.ual.es\\\/en\\\/eu-mobilises-further-e15-2-million-humanitarian-support-for-food-safety-epidemics-preparedness-and-support-to-people-in-conflict-areas-in-latin-america-and-caribbean\\\/#primaryimage\",\"url\":\"https:\\\/\\\/www.cde.ual.es\\\/wp-content\\\/uploads\\\/2019\\\/12\\\/Hait\u00ed.png\",\"contentUrl\":\"https:\\\/\\\/www.cde.ual.es\\\/wp-content\\\/uploads\\\/2019\\\/12\\\/Hait\u00ed.png\",\"width\":949,\"height\":521},{\"@type\":\"BreadcrumbList\",\"@id\":\"https:\\\/\\\/www.cde.ual.es\\\/en\\\/eu-mobilises-further-e15-2-million-humanitarian-support-for-food-safety-epidemics-preparedness-and-support-to-people-in-conflict-areas-in-latin-america-and-caribbean\\\/#breadcrumb\",\"itemListElement\":[{\"@type\":\"ListItem\",\"position\":1,\"name\":\"Inicio\",\"item\":\"https:\\\/\\\/www.cde.ual.es\\\/en\\\/\"},{\"@type\":\"ListItem\",\"position\":2,\"name\":\"EU News\",\"item\":\"https:\\\/\\\/www.cde.ual.es\\\/en\\\/category\\\/eu-news\\\/\"},{\"@type\":\"ListItem\",\"position\":3,\"name\":\"EU mobilises further \u20ac15.2 million humanitarian support for food safety, epidemics preparedness and support to people in conflict areas in Latin America and Caribbean\"}]},{\"@type\":\"WebSite\",\"@id\":\"https:\\\/\\\/www.cde.ual.es\\\/#website\",\"url\":\"https:\\\/\\\/www.cde.ual.es\\\/\",\"name\":\"CDE Almer\u00eda - Centro de Documentaci\u00f3n Europea - Universidad de Almer\u00eda\",\"description\":\"Centro de Documentaci\u00f3n Europea de la Universidad de Almer\u00eda\",\"publisher\":{\"@id\":\"https:\\\/\\\/www.cde.ual.es\\\/#organization\"},\"alternateName\":\"CDE Almer\u00eda\",\"potentialAction\":[{\"@type\":\"SearchAction\",\"target\":{\"@type\":\"EntryPoint\",\"urlTemplate\":\"https:\\\/\\\/www.cde.ual.es\\\/?s={search_term_string}\"},\"query-input\":{\"@type\":\"PropertyValueSpecification\",\"valueRequired\":true,\"valueName\":\"search_term_string\"}}],\"inLanguage\":\"en-US\"},{\"@type\":\"Organization\",\"@id\":\"https:\\\/\\\/www.cde.ual.es\\\/#organization\",\"name\":\"Centro de Documentaci\u00f3n Europea de Almer\u00eda\",\"url\":\"https:\\\/\\\/www.cde.ual.es\\\/\",\"logo\":{\"@type\":\"ImageObject\",\"inLanguage\":\"en-US\",\"@id\":\"https:\\\/\\\/www.cde.ual.es\\\/#\\\/schema\\\/logo\\\/image\\\/\",\"url\":\"https:\\\/\\\/www.cde.ual.es\\\/wp-content\\\/uploads\\\/2025\\\/07\\\/cde-logo-3.png\",\"contentUrl\":\"https:\\\/\\\/www.cde.ual.es\\\/wp-content\\\/uploads\\\/2025\\\/07\\\/cde-logo-3.png\",\"width\":1400,\"height\":300,\"caption\":\"Centro de Documentaci\u00f3n Europea de Almer\u00eda\"},\"image\":{\"@id\":\"https:\\\/\\\/www.cde.ual.es\\\/#\\\/schema\\\/logo\\\/image\\\/\"},\"sameAs\":[\"https:\\\/\\\/www.facebook.com\\\/cdeuniversidadalmeria\\\/\",\"https:\\\/\\\/x.com\\\/cdeualmeria\",\"https:\\\/\\\/www.tiktok.com\\\/@cdealmeria\",\"https:\\\/\\\/www.instagram.com\\\/cdealmeria\\\/\",\"https:\\\/\\\/www.linkedin.com\\\/in\\\/cde-almera-812b26a9\\\/\"]},{\"@type\":\"Person\",\"@id\":\"https:\\\/\\\/www.cde.ual.es\\\/#\\\/schema\\\/person\\\/224ef08c8bcc005f319d2713ce37ee5f\",\"name\":\"AdminCDE\",\"image\":{\"@type\":\"ImageObject\",\"inLanguage\":\"en-US\",\"@id\":\"https:\\\/\\\/secure.gravatar.com\\\/avatar\\\/a72d038d371f995cd13706fac32274b7952a52e8fb0a84b5f80c85426f2a98a8?s=96&d=mm&r=g\",\"url\":\"https:\\\/\\\/secure.gravatar.com\\\/avatar\\\/a72d038d371f995cd13706fac32274b7952a52e8fb0a84b5f80c85426f2a98a8?s=96&d=mm&r=g\",\"contentUrl\":\"https:\\\/\\\/secure.gravatar.com\\\/avatar\\\/a72d038d371f995cd13706fac32274b7952a52e8fb0a84b5f80c85426f2a98a8?s=96&d=mm&r=g\",\"caption\":\"AdminCDE\"}}]}<\/script>\n<!-- \/ Yoast SEO plugin. -->","yoast_head_json":{"title":"EU mobilises further \u20ac15.2 million humanitarian support for food safety, epidemics preparedness and support to people in conflict areas in Latin America and Caribbean | CDE Almer\u00eda - Centro de Documentaci\u00f3n Europea - Universidad de Almer\u00eda","robots":{"index":"index","follow":"follow","max-snippet":"max-snippet:-1","max-image-preview":"max-image-preview:large","max-video-preview":"max-video-preview:-1"},"canonical":"https:\/\/www.cde.ual.es\/en\/eu-mobilises-further-e15-2-million-humanitarian-support-for-food-safety-epidemics-preparedness-and-support-to-people-in-conflict-areas-in-latin-america-and-caribbean\/","og_locale":"en_US","og_type":"article","og_title":"EU mobilises further \u20ac15.2 million humanitarian support for food safety, epidemics preparedness and support to people in conflict areas in Latin America and Caribbean | CDE Almer\u00eda - Centro de Documentaci\u00f3n Europea - Universidad de Almer\u00eda","og_description":"The European Union has allocated a further \u20ac15.2 million in assistance to Latin America and the Caribbean. This support will focus on food assistance in El Salvador, Guatemala and Honduras, support to forcibly displaced Venezuelans and host communities, and essential needs and nutritional support to Haiti. This support package comes in addition to the \u20ac88.548 [&hellip;]","og_url":"https:\/\/www.cde.ual.es\/en\/eu-mobilises-further-e15-2-million-humanitarian-support-for-food-safety-epidemics-preparedness-and-support-to-people-in-conflict-areas-in-latin-america-and-caribbean\/","og_site_name":"CDE Almer\u00eda - Centro de Documentaci\u00f3n Europea - Universidad de Almer\u00eda","article_publisher":"https:\/\/www.facebook.com\/cdeuniversidadalmeria\/","article_published_time":"2019-12-30T02:00:27+00:00","og_image":[{"width":949,"height":521,"url":"https:\/\/www.cde.ual.es\/wp-content\/uploads\/2019\/12\/Hait\u00ed.png","type":"image\/png"}],"author":"AdminCDE","twitter_card":"summary_large_image","twitter_creator":"@cdeualmeria","twitter_site":"@cdeualmeria","twitter_misc":{"Written by":"AdminCDE","Est. reading time":"2 minutes"},"schema":{"@context":"https:\/\/schema.org","@graph":[{"@type":"Article","@id":"https:\/\/www.cde.ual.es\/en\/eu-mobilises-further-e15-2-million-humanitarian-support-for-food-safety-epidemics-preparedness-and-support-to-people-in-conflict-areas-in-latin-america-and-caribbean\/#article","isPartOf":{"@id":"https:\/\/www.cde.ual.es\/en\/eu-mobilises-further-e15-2-million-humanitarian-support-for-food-safety-epidemics-preparedness-and-support-to-people-in-conflict-areas-in-latin-america-and-caribbean\/"},"author":{"name":"AdminCDE","@id":"https:\/\/www.cde.ual.es\/#\/schema\/person\/224ef08c8bcc005f319d2713ce37ee5f"},"headline":"EU mobilises further \u20ac15.2 million humanitarian support for food safety, epidemics preparedness and support to people in conflict areas in Latin America and Caribbean","datePublished":"2019-12-30T02:00:27+00:00","mainEntityOfPage":{"@id":"https:\/\/www.cde.ual.es\/en\/eu-mobilises-further-e15-2-million-humanitarian-support-for-food-safety-epidemics-preparedness-and-support-to-people-in-conflict-areas-in-latin-america-and-caribbean\/"},"wordCount":373,"commentCount":0,"publisher":{"@id":"https:\/\/www.cde.ual.es\/#organization"},"image":{"@id":"https:\/\/www.cde.ual.es\/en\/eu-mobilises-further-e15-2-million-humanitarian-support-for-food-safety-epidemics-preparedness-and-support-to-people-in-conflict-areas-in-latin-america-and-caribbean\/#primaryimage"},"thumbnailUrl":"https:\/\/www.cde.ual.es\/wp-content\/uploads\/2019\/12\/Hait\u00ed.png","keywords":["Human Aid"],"articleSection":["EU News"],"inLanguage":"en-US","potentialAction":[{"@type":"CommentAction","name":"Comment","target":["https:\/\/www.cde.ual.es\/en\/eu-mobilises-further-e15-2-million-humanitarian-support-for-food-safety-epidemics-preparedness-and-support-to-people-in-conflict-areas-in-latin-america-and-caribbean\/#respond"]}]},{"@type":"WebPage","@id":"https:\/\/www.cde.ual.es\/en\/eu-mobilises-further-e15-2-million-humanitarian-support-for-food-safety-epidemics-preparedness-and-support-to-people-in-conflict-areas-in-latin-america-and-caribbean\/","url":"https:\/\/www.cde.ual.es\/en\/eu-mobilises-further-e15-2-million-humanitarian-support-for-food-safety-epidemics-preparedness-and-support-to-people-in-conflict-areas-in-latin-america-and-caribbean\/","name":"EU mobilises further \u20ac15.2 million humanitarian support for food safety, epidemics preparedness and support to people in conflict areas in Latin America and Caribbean | CDE Almer\u00eda - Centro de Documentaci\u00f3n Europea - Universidad de Almer\u00eda","isPartOf":{"@id":"https:\/\/www.cde.ual.es\/#website"},"primaryImageOfPage":{"@id":"https:\/\/www.cde.ual.es\/en\/eu-mobilises-further-e15-2-million-humanitarian-support-for-food-safety-epidemics-preparedness-and-support-to-people-in-conflict-areas-in-latin-america-and-caribbean\/#primaryimage"},"image":{"@id":"https:\/\/www.cde.ual.es\/en\/eu-mobilises-further-e15-2-million-humanitarian-support-for-food-safety-epidemics-preparedness-and-support-to-people-in-conflict-areas-in-latin-america-and-caribbean\/#primaryimage"},"thumbnailUrl":"https:\/\/www.cde.ual.es\/wp-content\/uploads\/2019\/12\/Hait\u00ed.png","datePublished":"2019-12-30T02:00:27+00:00","breadcrumb":{"@id":"https:\/\/www.cde.ual.es\/en\/eu-mobilises-further-e15-2-million-humanitarian-support-for-food-safety-epidemics-preparedness-and-support-to-people-in-conflict-areas-in-latin-america-and-caribbean\/#breadcrumb"},"inLanguage":"en-US","potentialAction":[{"@type":"ReadAction","target":["https:\/\/www.cde.ual.es\/en\/eu-mobilises-further-e15-2-million-humanitarian-support-for-food-safety-epidemics-preparedness-and-support-to-people-in-conflict-areas-in-latin-america-and-caribbean\/"]}]},{"@type":"ImageObject","inLanguage":"en-US","@id":"https:\/\/www.cde.ual.es\/en\/eu-mobilises-further-e15-2-million-humanitarian-support-for-food-safety-epidemics-preparedness-and-support-to-people-in-conflict-areas-in-latin-america-and-caribbean\/#primaryimage","url":"https:\/\/www.cde.ual.es\/wp-content\/uploads\/2019\/12\/Hait\u00ed.png","contentUrl":"https:\/\/www.cde.ual.es\/wp-content\/uploads\/2019\/12\/Hait\u00ed.png","width":949,"height":521},{"@type":"BreadcrumbList","@id":"https:\/\/www.cde.ual.es\/en\/eu-mobilises-further-e15-2-million-humanitarian-support-for-food-safety-epidemics-preparedness-and-support-to-people-in-conflict-areas-in-latin-america-and-caribbean\/#breadcrumb","itemListElement":[{"@type":"ListItem","position":1,"name":"Inicio","item":"https:\/\/www.cde.ual.es\/en\/"},{"@type":"ListItem","position":2,"name":"EU News","item":"https:\/\/www.cde.ual.es\/en\/category\/eu-news\/"},{"@type":"ListItem","position":3,"name":"EU mobilises further \u20ac15.2 million humanitarian support for food safety, epidemics preparedness and support to people in conflict areas in Latin America and Caribbean"}]},{"@type":"WebSite","@id":"https:\/\/www.cde.ual.es\/#website","url":"https:\/\/www.cde.ual.es\/","name":"CDE Almer\u00eda - Centro de Documentaci\u00f3n Europea - Universidad de Almer\u00eda","description":"Centro de Documentaci\u00f3n Europea de la Universidad de Almer\u00eda","publisher":{"@id":"https:\/\/www.cde.ual.es\/#organization"},"alternateName":"CDE Almer\u00eda","potentialAction":[{"@type":"SearchAction","target":{"@type":"EntryPoint","urlTemplate":"https:\/\/www.cde.ual.es\/?s={search_term_string}"},"query-input":{"@type":"PropertyValueSpecification","valueRequired":true,"valueName":"search_term_string"}}],"inLanguage":"en-US"},{"@type":"Organization","@id":"https:\/\/www.cde.ual.es\/#organization","name":"Centro de Documentaci\u00f3n Europea de Almer\u00eda","url":"https:\/\/www.cde.ual.es\/","logo":{"@type":"ImageObject","inLanguage":"en-US","@id":"https:\/\/www.cde.ual.es\/#\/schema\/logo\/image\/","url":"https:\/\/www.cde.ual.es\/wp-content\/uploads\/2025\/07\/cde-logo-3.png","contentUrl":"https:\/\/www.cde.ual.es\/wp-content\/uploads\/2025\/07\/cde-logo-3.png","width":1400,"height":300,"caption":"Centro de Documentaci\u00f3n Europea de Almer\u00eda"},"image":{"@id":"https:\/\/www.cde.ual.es\/#\/schema\/logo\/image\/"},"sameAs":["https:\/\/www.facebook.com\/cdeuniversidadalmeria\/","https:\/\/x.com\/cdeualmeria","https:\/\/www.tiktok.com\/@cdealmeria","https:\/\/www.instagram.com\/cdealmeria\/","https:\/\/www.linkedin.com\/in\/cde-almera-812b26a9\/"]},{"@type":"Person","@id":"https:\/\/www.cde.ual.es\/#\/schema\/person\/224ef08c8bcc005f319d2713ce37ee5f","name":"AdminCDE","image":{"@type":"ImageObject","inLanguage":"en-US","@id":"https:\/\/secure.gravatar.com\/avatar\/a72d038d371f995cd13706fac32274b7952a52e8fb0a84b5f80c85426f2a98a8?s=96&d=mm&r=g","url":"https:\/\/secure.gravatar.com\/avatar\/a72d038d371f995cd13706fac32274b7952a52e8fb0a84b5f80c85426f2a98a8?s=96&d=mm&r=g","contentUrl":"https:\/\/secure.gravatar.com\/avatar\/a72d038d371f995cd13706fac32274b7952a52e8fb0a84b5f80c85426f2a98a8?s=96&d=mm&r=g","caption":"AdminCDE"}}]}},"_links":{"self":[{"href":"https:\/\/www.cde.ual.es\/en\/wp-json\/wp\/v2\/posts\/31920","targetHints":{"allow":["GET"]}}],"collection":[{"href":"https:\/\/www.cde.ual.es\/en\/wp-json\/wp\/v2\/posts"}],"about":[{"href":"https:\/\/www.cde.ual.es\/en\/wp-json\/wp\/v2\/types\/post"}],"author":[{"embeddable":true,"href":"https:\/\/www.cde.ual.es\/en\/wp-json\/wp\/v2\/users\/1"}],"replies":[{"embeddable":true,"href":"https:\/\/www.cde.ual.es\/en\/wp-json\/wp\/v2\/comments?post=31920"}],"version-history":[{"count":0,"href":"https:\/\/www.cde.ual.es\/en\/wp-json\/wp\/v2\/posts\/31920\/revisions"}],"wp:featuredmedia":[{"embeddable":true,"href":"https:\/\/www.cde.ual.es\/en\/wp-json\/wp\/v2\/media\/31918"}],"wp:attachment":[{"href":"https:\/\/www.cde.ual.es\/en\/wp-json\/wp\/v2\/media?parent=31920"}],"wp:term":[{"taxonomy":"category","embeddable":true,"href":"https:\/\/www.cde.ual.es\/en\/wp-json\/wp\/v2\/categories?post=31920"},{"taxonomy":"post_tag","embeddable":true,"href":"https:\/\/www.cde.ual.es\/en\/wp-json\/wp\/v2\/tags?post=31920"}],"curies":[{"name":"wp","href":"https:\/\/api.w.org\/{rel}","templated":true}]}}