{"id":31770,"date":"2019-12-20T03:00:56","date_gmt":"2019-12-20T02:00:56","guid":{"rendered":"https:\/\/www.cde.ual.es\/?p=31770"},"modified":"2020-01-20T11:04:18","modified_gmt":"2020-01-20T10:04:18","slug":"h2020-food-security-sustainable-agriculture-and-forestry-marine-maritime-and-inland-water-research-and-the-bioeconomy-sustainable-intensification-in-africa","status":"publish","type":"post","link":"https:\/\/www.cde.ual.es\/en\/h2020-food-security-sustainable-agriculture-and-forestry-marine-maritime-and-inland-water-research-and-the-bioeconomy-sustainable-intensification-in-africa\/","title":{"rendered":"H2020. Food security, sustainable agriculture and forestry, marine, maritime and inland water research and the bioeconomy: Sustainable Intensification in Africa"},"content":{"rendered":"<p><em><strong>Environmental modifications such as climate change and globalisation are increasing the risk of infectious animal diseases emerging in new locations with greater frequency, and this is particularly relevant with vector borne diseases.<\/strong><\/em><\/p>\n<h3><a href=\"https:\/\/www.cde.ual.es\/wp-content\/uploads\/2019\/06\/animal-cattle-clouds-1297307.jpg\"><img decoding=\"async\" class=\"size-medium wp-image-20315 aligncenter\" src=\"https:\/\/www.cde.ual.es\/wp-content\/uploads\/2019\/06\/animal-cattle-clouds-1297307-300x200.jpg\" alt=\"Vacas pastan en un paraje verdoso\" width=\"300\" height=\"200\" srcset=\"https:\/\/www.cde.ual.es\/wp-content\/uploads\/2019\/06\/animal-cattle-clouds-1297307-300x200.jpg 300w, https:\/\/www.cde.ual.es\/wp-content\/uploads\/2019\/06\/animal-cattle-clouds-1297307.jpg 600w\" sizes=\"(max-width: 300px) 100vw, 300px\" \/><\/a><\/h3>\n<h3>Specific challenge<\/h3>\n<p>The infectious animal diseases have a major impact not only on livestock production and related economy but also on global food security and trade. Some of these emerging diseases also threaten human health (zoonoses). The African continent suffers from a number of vector-borne diseases, sometimes with heavy burden, although it is not always fully ascertained. A number of these diseases occur or do present a risk of introduction and spread also in Europe. The complex transmission cycles can make it difficult to assess risk and organise control. We need to get further knowledge on these diseases, not least on their vectors, in order to improve their control, and assess their potential spread all over Europe.<\/p>\n<h3>Scope<\/h3>\n<p><strong>C.[2020]: Vector-borne diseases in Africa (RIA)<\/strong><\/p>\n<p>The proposals should aim to develop knowledge on selected vector-borne diseases affecting terrestrial livestock, whether they also affect humans or not. The proposals may address one or more diseases. Priority should be given to diseases with either a serious impact in Africa, or a risk of spread to Europe with significant consequences, or both. Activities should cover the ecology of the pathogens and vectors, and epidemiological features, including the risk of short and long distance transmission and the capacity for the disease to establish in and spread to new areas, with potentially features different from the original area. The burden of disease in animals (and humans if relevant), and the socio-economic impact should be further assessed as appropriate. Systems and\/or networks to improve epidemiological surveillance strategies in domestic and wild species should be developed\/strengthened. Activities should also address detection and control tools, including prevention, monitoring, diagnostics and:<\/p>\n<ul>\n<li>Vector competence studies including exploration of vector-pathogen interactions simulating field conditions.<\/li>\n<li>Map, explore and predict vector densities and spread and the role of the vector in spreading the disease.<\/li>\n<li>Study the relationship between immunity and pathogen spread including the role of pre-existing immunity and the role of vaccinations.<\/li>\n<li>Exploration of livestock species, both African and European breed, for susceptibility to the diseases.<\/li>\n<li>New diagnostic methods for pathogen or specific antibody detection.<\/li>\n<\/ul>\n<p>Projects should include capacity-building and training activities. The projects should build on results and experiences from related EU projects and existing networks in this field.<\/p>\n<p>The Commission considers that proposals requesting a contribution from the EU of <strong>up to EUR 6 million<\/strong> for sub-topic C would allow this specific challenge to be addressed properly. Nonetheless, this does not preclude submission and selection of proposals requesting other amounts.<\/p>\n<h3>Expected impact<\/h3>\n<p>In the short to medium term:<\/p>\n<ul>\n<li>Funded activities will contribute to better prevention and minimisation and mitigation of selected vector-borne diseases of livestock (sub-topic C). More specifically they will:\n<ul>\n<li>enable strengthened surveillance systems\/networks and allow an improved view on occurrence and burden of selected disease(s);<\/li>\n<li>improve assessment of the risks of introduction and spread among livestock and humans of the selected disease(s) in new areas;<\/li>\n<li>provide improved tools for rapid detection of selected pathogens, preferably on-site;<\/li>\n<li>improve prevention and control of the selected disease(s);<\/li>\n<li>enable a more focused targeting of resources for controlling the selected disease(s);<\/li>\n<\/ul>\n<\/li>\n<\/ul>\n<h3>Deadline<\/h3>\n<p><strong>22 January 2020<\/strong> at 17:00 Brussels time<\/p>\n<h3>More information<\/h3>\n<p><a href=\"https:\/\/ec.europa.eu\/info\/funding-tenders\/opportunities\/portal\/screen\/opportunities\/topic-details\/sfs-35-2019-2020;freeTextSearchKeyword=;typeCodes=1;statusCodes=-,31094502;programCode=null;programDivisionCode=null;focusAreaCode=null;crossCuttingPriorityCode=null;callCode=Default;sortQuery=openingDate;orderBy=desc;onlyTenders=false;topicListKey=topicSearchTablePageState\">Call<\/a><\/p>\n","protected":false},"excerpt":{"rendered":"<p>Environmental modifications such as climate change and globalisation are increasing the risk of infectious animal diseases emerging in new locations with greater frequency, and this is particularly relevant with vector borne diseases. Specific challenge The infectious animal diseases have a major impact not only on livestock production and related economy but also on global food [&hellip;]<\/p>\n","protected":false},"author":101012,"featured_media":20316,"comment_status":"open","ping_status":"open","sticky":false,"template":"","format":"standard","meta":{"_acf_changed":false,"_relevanssi_hide_post":"","_relevanssi_hide_content":"","_relevanssi_pin_for_all":"","_relevanssi_pin_keywords":"","_relevanssi_unpin_keywords":"","_relevanssi_related_keywords":"","_relevanssi_related_include_ids":"","_relevanssi_related_exclude_ids":"","_relevanssi_related_no_append":"","_relevanssi_related_not_related":"","_relevanssi_related_posts":"","_relevanssi_noindex_reason":"","_monsterinsights_skip_tracking":false,"_monsterinsights_sitenote_active":false,"_monsterinsights_sitenote_note":"","_monsterinsights_sitenote_category":0,"_genesis_hide_title":false,"_genesis_hide_breadcrumbs":false,"_genesis_hide_singular_image":false,"_genesis_hide_footer_widgets":false,"_genesis_custom_body_class":"","_genesis_custom_post_class":"","_genesis_layout":"","footnotes":""},"categories":[366],"tags":[911],"class_list":{"0":"post-31770","1":"post","2":"type-post","3":"status-publish","4":"format-standard","5":"has-post-thumbnail","7":"category-eu-calls-and-awards","8":"tag-livestock","9":"entry"},"acf":[],"yoast_head":"<!-- This site is optimized with the Yoast SEO plugin v27.5 - https:\/\/yoast.com\/product\/yoast-seo-wordpress\/ -->\n<title>H2020. Food security, sustainable agriculture and forestry, marine, maritime and inland water research and the bioeconomy: Sustainable Intensification in Africa | CDE Almer\u00eda - Centro de Documentaci\u00f3n Europea - Universidad de Almer\u00eda<\/title>\n<meta name=\"robots\" content=\"index, follow, max-snippet:-1, max-image-preview:large, max-video-preview:-1\" \/>\n<link rel=\"canonical\" href=\"https:\/\/www.cde.ual.es\/en\/h2020-food-security-sustainable-agriculture-and-forestry-marine-maritime-and-inland-water-research-and-the-bioeconomy-sustainable-intensification-in-africa\/\" \/>\n<meta property=\"og:locale\" content=\"en_US\" \/>\n<meta property=\"og:type\" content=\"article\" \/>\n<meta property=\"og:title\" content=\"H2020. Food security, sustainable agriculture and forestry, marine, maritime and inland water research and the bioeconomy: Sustainable Intensification in Africa | CDE Almer\u00eda - Centro de Documentaci\u00f3n Europea - Universidad de Almer\u00eda\" \/>\n<meta property=\"og:description\" content=\"Environmental modifications such as climate change and globalisation are increasing the risk of infectious animal diseases emerging in new locations with greater frequency, and this is particularly relevant with vector borne diseases. Specific challenge The infectious animal diseases have a major impact not only on livestock production and related economy but also on global food [&hellip;]\" \/>\n<meta property=\"og:url\" content=\"https:\/\/www.cde.ual.es\/en\/h2020-food-security-sustainable-agriculture-and-forestry-marine-maritime-and-inland-water-research-and-the-bioeconomy-sustainable-intensification-in-africa\/\" \/>\n<meta property=\"og:site_name\" content=\"CDE Almer\u00eda - Centro de Documentaci\u00f3n Europea - Universidad de Almer\u00eda\" \/>\n<meta property=\"article:publisher\" content=\"https:\/\/www.facebook.com\/cdeuniversidadalmeria\/\" \/>\n<meta property=\"article:published_time\" content=\"2019-12-20T02:00:56+00:00\" \/>\n<meta property=\"article:modified_time\" content=\"2020-01-20T10:04:18+00:00\" \/>\n<meta property=\"og:image\" content=\"https:\/\/www.cde.ual.es\/wp-content\/uploads\/2019\/06\/animal-cattle-clouds-1297307.jpg\" \/>\n\t<meta property=\"og:image:width\" content=\"600\" \/>\n\t<meta property=\"og:image:height\" content=\"400\" \/>\n\t<meta property=\"og:image:type\" content=\"image\/jpeg\" \/>\n<meta name=\"author\" content=\"BECACDE1\" \/>\n<meta name=\"twitter:card\" content=\"summary_large_image\" \/>\n<meta name=\"twitter:creator\" content=\"@cdeualmeria\" \/>\n<meta name=\"twitter:site\" content=\"@cdeualmeria\" \/>\n<meta name=\"twitter:label1\" content=\"Written by\" \/>\n\t<meta name=\"twitter:data1\" content=\"BECACDE1\" \/>\n\t<meta name=\"twitter:label2\" content=\"Est. reading time\" \/>\n\t<meta name=\"twitter:data2\" content=\"3 minutes\" \/>\n<script type=\"application\/ld+json\" class=\"yoast-schema-graph\">{\"@context\":\"https:\\\/\\\/schema.org\",\"@graph\":[{\"@type\":\"Article\",\"@id\":\"https:\\\/\\\/www.cde.ual.es\\\/en\\\/h2020-food-security-sustainable-agriculture-and-forestry-marine-maritime-and-inland-water-research-and-the-bioeconomy-sustainable-intensification-in-africa\\\/#article\",\"isPartOf\":{\"@id\":\"https:\\\/\\\/www.cde.ual.es\\\/en\\\/h2020-food-security-sustainable-agriculture-and-forestry-marine-maritime-and-inland-water-research-and-the-bioeconomy-sustainable-intensification-in-africa\\\/\"},\"author\":{\"name\":\"BECACDE1\",\"@id\":\"https:\\\/\\\/www.cde.ual.es\\\/#\\\/schema\\\/person\\\/bf2f837cf3353e2161fe1087adbd728f\"},\"headline\":\"H2020. Food security, sustainable agriculture and forestry, marine, maritime and inland water research and the bioeconomy: Sustainable Intensification in Africa\",\"datePublished\":\"2019-12-20T02:00:56+00:00\",\"dateModified\":\"2020-01-20T10:04:18+00:00\",\"mainEntityOfPage\":{\"@id\":\"https:\\\/\\\/www.cde.ual.es\\\/en\\\/h2020-food-security-sustainable-agriculture-and-forestry-marine-maritime-and-inland-water-research-and-the-bioeconomy-sustainable-intensification-in-africa\\\/\"},\"wordCount\":573,\"commentCount\":0,\"publisher\":{\"@id\":\"https:\\\/\\\/www.cde.ual.es\\\/#organization\"},\"image\":{\"@id\":\"https:\\\/\\\/www.cde.ual.es\\\/en\\\/h2020-food-security-sustainable-agriculture-and-forestry-marine-maritime-and-inland-water-research-and-the-bioeconomy-sustainable-intensification-in-africa\\\/#primaryimage\"},\"thumbnailUrl\":\"https:\\\/\\\/www.cde.ual.es\\\/wp-content\\\/uploads\\\/2019\\\/06\\\/animal-cattle-clouds-1297307.jpg\",\"keywords\":[\"livestock\"],\"articleSection\":[\"EU Calls and Awards\"],\"inLanguage\":\"en-US\",\"potentialAction\":[{\"@type\":\"CommentAction\",\"name\":\"Comment\",\"target\":[\"https:\\\/\\\/www.cde.ual.es\\\/en\\\/h2020-food-security-sustainable-agriculture-and-forestry-marine-maritime-and-inland-water-research-and-the-bioeconomy-sustainable-intensification-in-africa\\\/#respond\"]}]},{\"@type\":\"WebPage\",\"@id\":\"https:\\\/\\\/www.cde.ual.es\\\/en\\\/h2020-food-security-sustainable-agriculture-and-forestry-marine-maritime-and-inland-water-research-and-the-bioeconomy-sustainable-intensification-in-africa\\\/\",\"url\":\"https:\\\/\\\/www.cde.ual.es\\\/en\\\/h2020-food-security-sustainable-agriculture-and-forestry-marine-maritime-and-inland-water-research-and-the-bioeconomy-sustainable-intensification-in-africa\\\/\",\"name\":\"H2020. Food security, sustainable agriculture and forestry, marine, maritime and inland water research and the bioeconomy: Sustainable Intensification in Africa | CDE Almer\u00eda - Centro de Documentaci\u00f3n Europea - Universidad de Almer\u00eda\",\"isPartOf\":{\"@id\":\"https:\\\/\\\/www.cde.ual.es\\\/#website\"},\"primaryImageOfPage\":{\"@id\":\"https:\\\/\\\/www.cde.ual.es\\\/en\\\/h2020-food-security-sustainable-agriculture-and-forestry-marine-maritime-and-inland-water-research-and-the-bioeconomy-sustainable-intensification-in-africa\\\/#primaryimage\"},\"image\":{\"@id\":\"https:\\\/\\\/www.cde.ual.es\\\/en\\\/h2020-food-security-sustainable-agriculture-and-forestry-marine-maritime-and-inland-water-research-and-the-bioeconomy-sustainable-intensification-in-africa\\\/#primaryimage\"},\"thumbnailUrl\":\"https:\\\/\\\/www.cde.ual.es\\\/wp-content\\\/uploads\\\/2019\\\/06\\\/animal-cattle-clouds-1297307.jpg\",\"datePublished\":\"2019-12-20T02:00:56+00:00\",\"dateModified\":\"2020-01-20T10:04:18+00:00\",\"breadcrumb\":{\"@id\":\"https:\\\/\\\/www.cde.ual.es\\\/en\\\/h2020-food-security-sustainable-agriculture-and-forestry-marine-maritime-and-inland-water-research-and-the-bioeconomy-sustainable-intensification-in-africa\\\/#breadcrumb\"},\"inLanguage\":\"en-US\",\"potentialAction\":[{\"@type\":\"ReadAction\",\"target\":[\"https:\\\/\\\/www.cde.ual.es\\\/en\\\/h2020-food-security-sustainable-agriculture-and-forestry-marine-maritime-and-inland-water-research-and-the-bioeconomy-sustainable-intensification-in-africa\\\/\"]}]},{\"@type\":\"ImageObject\",\"inLanguage\":\"en-US\",\"@id\":\"https:\\\/\\\/www.cde.ual.es\\\/en\\\/h2020-food-security-sustainable-agriculture-and-forestry-marine-maritime-and-inland-water-research-and-the-bioeconomy-sustainable-intensification-in-africa\\\/#primaryimage\",\"url\":\"https:\\\/\\\/www.cde.ual.es\\\/wp-content\\\/uploads\\\/2019\\\/06\\\/animal-cattle-clouds-1297307.jpg\",\"contentUrl\":\"https:\\\/\\\/www.cde.ual.es\\\/wp-content\\\/uploads\\\/2019\\\/06\\\/animal-cattle-clouds-1297307.jpg\",\"width\":600,\"height\":400,\"caption\":\"Vacas pastan en un paraje verdoso\"},{\"@type\":\"BreadcrumbList\",\"@id\":\"https:\\\/\\\/www.cde.ual.es\\\/en\\\/h2020-food-security-sustainable-agriculture-and-forestry-marine-maritime-and-inland-water-research-and-the-bioeconomy-sustainable-intensification-in-africa\\\/#breadcrumb\",\"itemListElement\":[{\"@type\":\"ListItem\",\"position\":1,\"name\":\"Inicio\",\"item\":\"https:\\\/\\\/www.cde.ual.es\\\/en\\\/\"},{\"@type\":\"ListItem\",\"position\":2,\"name\":\"EU Calls and Awards\",\"item\":\"https:\\\/\\\/www.cde.ual.es\\\/en\\\/category\\\/eu-calls-and-awards\\\/\"},{\"@type\":\"ListItem\",\"position\":3,\"name\":\"H2020. Food security, sustainable agriculture and forestry, marine, maritime and inland water research and the bioeconomy: Sustainable Intensification in Africa\"}]},{\"@type\":\"WebSite\",\"@id\":\"https:\\\/\\\/www.cde.ual.es\\\/#website\",\"url\":\"https:\\\/\\\/www.cde.ual.es\\\/\",\"name\":\"CDE Almer\u00eda - Centro de Documentaci\u00f3n Europea - Universidad de Almer\u00eda\",\"description\":\"Centro de Documentaci\u00f3n Europea de la Universidad de Almer\u00eda\",\"publisher\":{\"@id\":\"https:\\\/\\\/www.cde.ual.es\\\/#organization\"},\"alternateName\":\"CDE Almer\u00eda\",\"potentialAction\":[{\"@type\":\"SearchAction\",\"target\":{\"@type\":\"EntryPoint\",\"urlTemplate\":\"https:\\\/\\\/www.cde.ual.es\\\/?s={search_term_string}\"},\"query-input\":{\"@type\":\"PropertyValueSpecification\",\"valueRequired\":true,\"valueName\":\"search_term_string\"}}],\"inLanguage\":\"en-US\"},{\"@type\":\"Organization\",\"@id\":\"https:\\\/\\\/www.cde.ual.es\\\/#organization\",\"name\":\"Centro de Documentaci\u00f3n Europea de Almer\u00eda\",\"url\":\"https:\\\/\\\/www.cde.ual.es\\\/\",\"logo\":{\"@type\":\"ImageObject\",\"inLanguage\":\"en-US\",\"@id\":\"https:\\\/\\\/www.cde.ual.es\\\/#\\\/schema\\\/logo\\\/image\\\/\",\"url\":\"https:\\\/\\\/www.cde.ual.es\\\/wp-content\\\/uploads\\\/2025\\\/07\\\/cde-logo-3.png\",\"contentUrl\":\"https:\\\/\\\/www.cde.ual.es\\\/wp-content\\\/uploads\\\/2025\\\/07\\\/cde-logo-3.png\",\"width\":1400,\"height\":300,\"caption\":\"Centro de Documentaci\u00f3n Europea de Almer\u00eda\"},\"image\":{\"@id\":\"https:\\\/\\\/www.cde.ual.es\\\/#\\\/schema\\\/logo\\\/image\\\/\"},\"sameAs\":[\"https:\\\/\\\/www.facebook.com\\\/cdeuniversidadalmeria\\\/\",\"https:\\\/\\\/x.com\\\/cdeualmeria\",\"https:\\\/\\\/www.tiktok.com\\\/@cdealmeria\",\"https:\\\/\\\/www.instagram.com\\\/cdealmeria\\\/\",\"https:\\\/\\\/www.linkedin.com\\\/in\\\/cde-almera-812b26a9\\\/\"]},{\"@type\":\"Person\",\"@id\":\"https:\\\/\\\/www.cde.ual.es\\\/#\\\/schema\\\/person\\\/bf2f837cf3353e2161fe1087adbd728f\",\"name\":\"BECACDE1\",\"image\":{\"@type\":\"ImageObject\",\"inLanguage\":\"en-US\",\"@id\":\"https:\\\/\\\/secure.gravatar.com\\\/avatar\\\/16a4c1e422b5dec818ee13eab3353b19db9cfd278cc10f9b0e1188a37671d9d4?s=96&d=mm&r=g\",\"url\":\"https:\\\/\\\/secure.gravatar.com\\\/avatar\\\/16a4c1e422b5dec818ee13eab3353b19db9cfd278cc10f9b0e1188a37671d9d4?s=96&d=mm&r=g\",\"contentUrl\":\"https:\\\/\\\/secure.gravatar.com\\\/avatar\\\/16a4c1e422b5dec818ee13eab3353b19db9cfd278cc10f9b0e1188a37671d9d4?s=96&d=mm&r=g\",\"caption\":\"BECACDE1\"},\"sameAs\":[\"http:\\\/\\\/www.cdealmeria.com\"]}]}<\/script>\n<!-- \/ Yoast SEO plugin. -->","yoast_head_json":{"title":"H2020. Food security, sustainable agriculture and forestry, marine, maritime and inland water research and the bioeconomy: Sustainable Intensification in Africa | CDE Almer\u00eda - Centro de Documentaci\u00f3n Europea - Universidad de Almer\u00eda","robots":{"index":"index","follow":"follow","max-snippet":"max-snippet:-1","max-image-preview":"max-image-preview:large","max-video-preview":"max-video-preview:-1"},"canonical":"https:\/\/www.cde.ual.es\/en\/h2020-food-security-sustainable-agriculture-and-forestry-marine-maritime-and-inland-water-research-and-the-bioeconomy-sustainable-intensification-in-africa\/","og_locale":"en_US","og_type":"article","og_title":"H2020. Food security, sustainable agriculture and forestry, marine, maritime and inland water research and the bioeconomy: Sustainable Intensification in Africa | CDE Almer\u00eda - Centro de Documentaci\u00f3n Europea - Universidad de Almer\u00eda","og_description":"Environmental modifications such as climate change and globalisation are increasing the risk of infectious animal diseases emerging in new locations with greater frequency, and this is particularly relevant with vector borne diseases. Specific challenge The infectious animal diseases have a major impact not only on livestock production and related economy but also on global food [&hellip;]","og_url":"https:\/\/www.cde.ual.es\/en\/h2020-food-security-sustainable-agriculture-and-forestry-marine-maritime-and-inland-water-research-and-the-bioeconomy-sustainable-intensification-in-africa\/","og_site_name":"CDE Almer\u00eda - Centro de Documentaci\u00f3n Europea - Universidad de Almer\u00eda","article_publisher":"https:\/\/www.facebook.com\/cdeuniversidadalmeria\/","article_published_time":"2019-12-20T02:00:56+00:00","article_modified_time":"2020-01-20T10:04:18+00:00","og_image":[{"width":600,"height":400,"url":"https:\/\/www.cde.ual.es\/wp-content\/uploads\/2019\/06\/animal-cattle-clouds-1297307.jpg","type":"image\/jpeg"}],"author":"BECACDE1","twitter_card":"summary_large_image","twitter_creator":"@cdeualmeria","twitter_site":"@cdeualmeria","twitter_misc":{"Written by":"BECACDE1","Est. reading time":"3 minutes"},"schema":{"@context":"https:\/\/schema.org","@graph":[{"@type":"Article","@id":"https:\/\/www.cde.ual.es\/en\/h2020-food-security-sustainable-agriculture-and-forestry-marine-maritime-and-inland-water-research-and-the-bioeconomy-sustainable-intensification-in-africa\/#article","isPartOf":{"@id":"https:\/\/www.cde.ual.es\/en\/h2020-food-security-sustainable-agriculture-and-forestry-marine-maritime-and-inland-water-research-and-the-bioeconomy-sustainable-intensification-in-africa\/"},"author":{"name":"BECACDE1","@id":"https:\/\/www.cde.ual.es\/#\/schema\/person\/bf2f837cf3353e2161fe1087adbd728f"},"headline":"H2020. Food security, sustainable agriculture and forestry, marine, maritime and inland water research and the bioeconomy: Sustainable Intensification in Africa","datePublished":"2019-12-20T02:00:56+00:00","dateModified":"2020-01-20T10:04:18+00:00","mainEntityOfPage":{"@id":"https:\/\/www.cde.ual.es\/en\/h2020-food-security-sustainable-agriculture-and-forestry-marine-maritime-and-inland-water-research-and-the-bioeconomy-sustainable-intensification-in-africa\/"},"wordCount":573,"commentCount":0,"publisher":{"@id":"https:\/\/www.cde.ual.es\/#organization"},"image":{"@id":"https:\/\/www.cde.ual.es\/en\/h2020-food-security-sustainable-agriculture-and-forestry-marine-maritime-and-inland-water-research-and-the-bioeconomy-sustainable-intensification-in-africa\/#primaryimage"},"thumbnailUrl":"https:\/\/www.cde.ual.es\/wp-content\/uploads\/2019\/06\/animal-cattle-clouds-1297307.jpg","keywords":["livestock"],"articleSection":["EU Calls and Awards"],"inLanguage":"en-US","potentialAction":[{"@type":"CommentAction","name":"Comment","target":["https:\/\/www.cde.ual.es\/en\/h2020-food-security-sustainable-agriculture-and-forestry-marine-maritime-and-inland-water-research-and-the-bioeconomy-sustainable-intensification-in-africa\/#respond"]}]},{"@type":"WebPage","@id":"https:\/\/www.cde.ual.es\/en\/h2020-food-security-sustainable-agriculture-and-forestry-marine-maritime-and-inland-water-research-and-the-bioeconomy-sustainable-intensification-in-africa\/","url":"https:\/\/www.cde.ual.es\/en\/h2020-food-security-sustainable-agriculture-and-forestry-marine-maritime-and-inland-water-research-and-the-bioeconomy-sustainable-intensification-in-africa\/","name":"H2020. Food security, sustainable agriculture and forestry, marine, maritime and inland water research and the bioeconomy: Sustainable Intensification in Africa | CDE Almer\u00eda - Centro de Documentaci\u00f3n Europea - Universidad de Almer\u00eda","isPartOf":{"@id":"https:\/\/www.cde.ual.es\/#website"},"primaryImageOfPage":{"@id":"https:\/\/www.cde.ual.es\/en\/h2020-food-security-sustainable-agriculture-and-forestry-marine-maritime-and-inland-water-research-and-the-bioeconomy-sustainable-intensification-in-africa\/#primaryimage"},"image":{"@id":"https:\/\/www.cde.ual.es\/en\/h2020-food-security-sustainable-agriculture-and-forestry-marine-maritime-and-inland-water-research-and-the-bioeconomy-sustainable-intensification-in-africa\/#primaryimage"},"thumbnailUrl":"https:\/\/www.cde.ual.es\/wp-content\/uploads\/2019\/06\/animal-cattle-clouds-1297307.jpg","datePublished":"2019-12-20T02:00:56+00:00","dateModified":"2020-01-20T10:04:18+00:00","breadcrumb":{"@id":"https:\/\/www.cde.ual.es\/en\/h2020-food-security-sustainable-agriculture-and-forestry-marine-maritime-and-inland-water-research-and-the-bioeconomy-sustainable-intensification-in-africa\/#breadcrumb"},"inLanguage":"en-US","potentialAction":[{"@type":"ReadAction","target":["https:\/\/www.cde.ual.es\/en\/h2020-food-security-sustainable-agriculture-and-forestry-marine-maritime-and-inland-water-research-and-the-bioeconomy-sustainable-intensification-in-africa\/"]}]},{"@type":"ImageObject","inLanguage":"en-US","@id":"https:\/\/www.cde.ual.es\/en\/h2020-food-security-sustainable-agriculture-and-forestry-marine-maritime-and-inland-water-research-and-the-bioeconomy-sustainable-intensification-in-africa\/#primaryimage","url":"https:\/\/www.cde.ual.es\/wp-content\/uploads\/2019\/06\/animal-cattle-clouds-1297307.jpg","contentUrl":"https:\/\/www.cde.ual.es\/wp-content\/uploads\/2019\/06\/animal-cattle-clouds-1297307.jpg","width":600,"height":400,"caption":"Vacas pastan en un paraje verdoso"},{"@type":"BreadcrumbList","@id":"https:\/\/www.cde.ual.es\/en\/h2020-food-security-sustainable-agriculture-and-forestry-marine-maritime-and-inland-water-research-and-the-bioeconomy-sustainable-intensification-in-africa\/#breadcrumb","itemListElement":[{"@type":"ListItem","position":1,"name":"Inicio","item":"https:\/\/www.cde.ual.es\/en\/"},{"@type":"ListItem","position":2,"name":"EU Calls and Awards","item":"https:\/\/www.cde.ual.es\/en\/category\/eu-calls-and-awards\/"},{"@type":"ListItem","position":3,"name":"H2020. Food security, sustainable agriculture and forestry, marine, maritime and inland water research and the bioeconomy: Sustainable Intensification in Africa"}]},{"@type":"WebSite","@id":"https:\/\/www.cde.ual.es\/#website","url":"https:\/\/www.cde.ual.es\/","name":"CDE Almer\u00eda - Centro de Documentaci\u00f3n Europea - Universidad de Almer\u00eda","description":"Centro de Documentaci\u00f3n Europea de la Universidad de Almer\u00eda","publisher":{"@id":"https:\/\/www.cde.ual.es\/#organization"},"alternateName":"CDE Almer\u00eda","potentialAction":[{"@type":"SearchAction","target":{"@type":"EntryPoint","urlTemplate":"https:\/\/www.cde.ual.es\/?s={search_term_string}"},"query-input":{"@type":"PropertyValueSpecification","valueRequired":true,"valueName":"search_term_string"}}],"inLanguage":"en-US"},{"@type":"Organization","@id":"https:\/\/www.cde.ual.es\/#organization","name":"Centro de Documentaci\u00f3n Europea de Almer\u00eda","url":"https:\/\/www.cde.ual.es\/","logo":{"@type":"ImageObject","inLanguage":"en-US","@id":"https:\/\/www.cde.ual.es\/#\/schema\/logo\/image\/","url":"https:\/\/www.cde.ual.es\/wp-content\/uploads\/2025\/07\/cde-logo-3.png","contentUrl":"https:\/\/www.cde.ual.es\/wp-content\/uploads\/2025\/07\/cde-logo-3.png","width":1400,"height":300,"caption":"Centro de Documentaci\u00f3n Europea de Almer\u00eda"},"image":{"@id":"https:\/\/www.cde.ual.es\/#\/schema\/logo\/image\/"},"sameAs":["https:\/\/www.facebook.com\/cdeuniversidadalmeria\/","https:\/\/x.com\/cdeualmeria","https:\/\/www.tiktok.com\/@cdealmeria","https:\/\/www.instagram.com\/cdealmeria\/","https:\/\/www.linkedin.com\/in\/cde-almera-812b26a9\/"]},{"@type":"Person","@id":"https:\/\/www.cde.ual.es\/#\/schema\/person\/bf2f837cf3353e2161fe1087adbd728f","name":"BECACDE1","image":{"@type":"ImageObject","inLanguage":"en-US","@id":"https:\/\/secure.gravatar.com\/avatar\/16a4c1e422b5dec818ee13eab3353b19db9cfd278cc10f9b0e1188a37671d9d4?s=96&d=mm&r=g","url":"https:\/\/secure.gravatar.com\/avatar\/16a4c1e422b5dec818ee13eab3353b19db9cfd278cc10f9b0e1188a37671d9d4?s=96&d=mm&r=g","contentUrl":"https:\/\/secure.gravatar.com\/avatar\/16a4c1e422b5dec818ee13eab3353b19db9cfd278cc10f9b0e1188a37671d9d4?s=96&d=mm&r=g","caption":"BECACDE1"},"sameAs":["http:\/\/www.cdealmeria.com"]}]}},"_links":{"self":[{"href":"https:\/\/www.cde.ual.es\/en\/wp-json\/wp\/v2\/posts\/31770","targetHints":{"allow":["GET"]}}],"collection":[{"href":"https:\/\/www.cde.ual.es\/en\/wp-json\/wp\/v2\/posts"}],"about":[{"href":"https:\/\/www.cde.ual.es\/en\/wp-json\/wp\/v2\/types\/post"}],"author":[{"embeddable":true,"href":"https:\/\/www.cde.ual.es\/en\/wp-json\/wp\/v2\/users\/101012"}],"replies":[{"embeddable":true,"href":"https:\/\/www.cde.ual.es\/en\/wp-json\/wp\/v2\/comments?post=31770"}],"version-history":[{"count":0,"href":"https:\/\/www.cde.ual.es\/en\/wp-json\/wp\/v2\/posts\/31770\/revisions"}],"wp:featuredmedia":[{"embeddable":true,"href":"https:\/\/www.cde.ual.es\/en\/wp-json\/wp\/v2\/media\/20316"}],"wp:attachment":[{"href":"https:\/\/www.cde.ual.es\/en\/wp-json\/wp\/v2\/media?parent=31770"}],"wp:term":[{"taxonomy":"category","embeddable":true,"href":"https:\/\/www.cde.ual.es\/en\/wp-json\/wp\/v2\/categories?post=31770"},{"taxonomy":"post_tag","embeddable":true,"href":"https:\/\/www.cde.ual.es\/en\/wp-json\/wp\/v2\/tags?post=31770"}],"curies":[{"name":"wp","href":"https:\/\/api.w.org\/{rel}","templated":true}]}}