{"id":31065,"date":"2019-12-13T03:00:19","date_gmt":"2019-12-13T02:00:19","guid":{"rendered":"https:\/\/www.cde.ual.es\/?p=31065"},"modified":"2019-12-11T15:48:44","modified_gmt":"2019-12-11T14:48:44","slug":"80-of-spanish-citizens-want-the-ep-to-play-a-more-important-role-in-social-economic-and-environmental-matters","status":"publish","type":"post","link":"https:\/\/www.cde.ual.es\/en\/80-of-spanish-citizens-want-the-ep-to-play-a-more-important-role-in-social-economic-and-environmental-matters\/","title":{"rendered":"80% of Spanish citizens want the EP to play a more important role in social, economic and environmental matters"},"content":{"rendered":"<p style=\"text-align: center;\"><a href=\"https:\/\/www.cde.ual.es\/wp-content\/uploads\/2019\/12\/Estad\u00edstica.png\"><img decoding=\"async\" class=\"alignnone size-medium wp-image-31063\" src=\"https:\/\/www.cde.ual.es\/wp-content\/uploads\/2019\/12\/Estad\u00edstica-300x171.png\" alt=\"\" width=\"300\" height=\"171\" srcset=\"https:\/\/www.cde.ual.es\/wp-content\/uploads\/2019\/12\/Estad\u00edstica-300x171.png 300w, https:\/\/www.cde.ual.es\/wp-content\/uploads\/2019\/12\/Estad\u00edstica-768x439.png 768w, https:\/\/www.cde.ual.es\/wp-content\/uploads\/2019\/12\/Estad\u00edstica.png 942w\" sizes=\"(max-width: 300px) 100vw, 300px\" \/><\/a><\/p>\n<p><em><strong>The survey published on Tuesday asks European citizens, among other issues, about the different political priorities that Parliament must deal with in this legislature.\u00a0\u00a0<\/strong><strong>52% consider climate change to be the most current pressing environmental issue and 59% are in favour of their country being a member of the EU.<\/strong><\/em><\/p>\n<p>The Eurobarometer of autumn published by the European Parliament traditionally asks its citizens about what political aspects should be considered as priorities by the Eurocamara. Regarding the protection of European values, the Spanish stand out in their defense of equality between men and women, with 50% of respondents considering it as a priority, exceeding the European average of 38%, and only behind France (55 %) and Sweden (54%). In addition, Spaniards also highlight values \u200b\u200bsuch as the protection of human rights with 44% of respondents rating it as a priority (48% of the European average) and freedom of expression (34%, for 38% of the EU average). Regarding political priorities, the main issue for Europeans is the fight against the environment (32%), although in the case of the Spaniards, there are two issues that add more answers, such as the fight against social exclusion and poverty (39%) and the fight against youth unemployment (38%), leaving the environment in third place (36%). Likewise, the Spanish stand out for their high levels of response when asked if they would like the European Parliament to play a more important role. With 80% affirming this possibility (9 points more than in the previous pre-electoral survey), Spain is only behind Cyprus (89%), far exceeding the European average, which reaches 58%.<\/p>\n<h3>Six out of ten Europeans in favor of their country being in the EU<\/h3>\n<p>Civil society support for the European Union maintains high levels of acceptance for the third consecutive year with up to 59% of Europeans who are in favor of their country&#8217;s membership in the EU (67% in the case of Spanish), according to data released by the new Eurobarometer that is published today in full. Likewise, the results at European level show an improvement after the May elections in terms of citizen satisfaction with the functioning of democracy in the European Union, which 52% rate as good (3 points more than in previous surveys ).<\/p>\n<h3>A large majority want more information about the EU<\/h3>\n<p>Finally, the Eurobarometer also offers interesting data on the type of information in which citizens are most interested, highlighting that more than three quarters of Europeans (77%) would like to receive more information on the work of European institutions, especially in what refers to the direct consequences of European policy on your country, region, locality or on your personal life, as well as on the work in general of the European Parliament.<\/p>\n<h3>More information<\/h3>\n<p><a href=\"https:\/\/www.europarl.europa.eu\/news\/en\/press-room\/20191209IPR68614\/eurobarometer-protecting-human-rights-tops-citizens-list-of-eu-values\">Press release<\/a><\/p>\n<p><a href=\"https:\/\/www.cde.ual.es\/ficha\/parlameter-2019-heeding-the-call-beyond-the-vote-a-stronger-parliament-to-listen-to-citizens-voices\/\">Parlameter 2019<\/a><\/p>\n","protected":false},"excerpt":{"rendered":"<p>The survey published on Tuesday asks European citizens, among other issues, about the different political priorities that Parliament must deal with in this legislature.\u00a0\u00a052% consider climate change to be the most current pressing environmental issue and 59% are in favour of their country being a member of the EU. The Eurobarometer of autumn published by [&hellip;]<\/p>\n","protected":false},"author":1,"featured_media":31063,"comment_status":"open","ping_status":"open","sticky":false,"template":"","format":"standard","meta":{"_acf_changed":false,"_relevanssi_hide_post":"","_relevanssi_hide_content":"","_relevanssi_pin_for_all":"","_relevanssi_pin_keywords":"","_relevanssi_unpin_keywords":"","_relevanssi_related_keywords":"","_relevanssi_related_include_ids":"","_relevanssi_related_exclude_ids":"","_relevanssi_related_no_append":"","_relevanssi_related_not_related":"","_relevanssi_related_posts":"","_relevanssi_noindex_reason":"","_monsterinsights_skip_tracking":false,"_monsterinsights_sitenote_active":false,"_monsterinsights_sitenote_note":"","_monsterinsights_sitenote_category":0,"_genesis_hide_title":false,"_genesis_hide_breadcrumbs":false,"_genesis_hide_singular_image":false,"_genesis_hide_footer_widgets":false,"_genesis_custom_body_class":"","_genesis_custom_post_class":"","_genesis_layout":"","footnotes":""},"categories":[346],"tags":[524],"class_list":{"0":"post-31065","1":"post","2":"type-post","3":"status-publish","4":"format-standard","5":"has-post-thumbnail","7":"category-eu-news","8":"tag-european-institutions","9":"entry"},"acf":[],"yoast_head":"<!-- This site is optimized with the Yoast SEO plugin v27.5 - https:\/\/yoast.com\/product\/yoast-seo-wordpress\/ -->\n<title>80% of Spanish citizens want the EP to play a more important role in social, economic and environmental matters | CDE Almer\u00eda - Centro de Documentaci\u00f3n Europea - Universidad de Almer\u00eda<\/title>\n<meta name=\"robots\" content=\"index, follow, max-snippet:-1, max-image-preview:large, max-video-preview:-1\" \/>\n<link rel=\"canonical\" href=\"https:\/\/www.cde.ual.es\/en\/80-of-spanish-citizens-want-the-ep-to-play-a-more-important-role-in-social-economic-and-environmental-matters\/\" \/>\n<meta property=\"og:locale\" content=\"en_US\" \/>\n<meta property=\"og:type\" content=\"article\" \/>\n<meta property=\"og:title\" content=\"80% of Spanish citizens want the EP to play a more important role in social, economic and environmental matters | CDE Almer\u00eda - Centro de Documentaci\u00f3n Europea - Universidad de Almer\u00eda\" \/>\n<meta property=\"og:description\" content=\"The survey published on Tuesday asks European citizens, among other issues, about the different political priorities that Parliament must deal with in this legislature.\u00a0\u00a052% consider climate change to be the most current pressing environmental issue and 59% are in favour of their country being a member of the EU. The Eurobarometer of autumn published by [&hellip;]\" \/>\n<meta property=\"og:url\" content=\"https:\/\/www.cde.ual.es\/en\/80-of-spanish-citizens-want-the-ep-to-play-a-more-important-role-in-social-economic-and-environmental-matters\/\" \/>\n<meta property=\"og:site_name\" content=\"CDE Almer\u00eda - Centro de Documentaci\u00f3n Europea - Universidad de Almer\u00eda\" \/>\n<meta property=\"article:publisher\" content=\"https:\/\/www.facebook.com\/cdeuniversidadalmeria\/\" \/>\n<meta property=\"article:published_time\" content=\"2019-12-13T02:00:19+00:00\" \/>\n<meta property=\"og:image\" content=\"https:\/\/www.cde.ual.es\/wp-content\/uploads\/2019\/12\/Estad\u00edstica.png\" \/>\n\t<meta property=\"og:image:width\" content=\"942\" \/>\n\t<meta property=\"og:image:height\" content=\"538\" \/>\n\t<meta property=\"og:image:type\" content=\"image\/png\" \/>\n<meta name=\"author\" content=\"AdminCDE\" \/>\n<meta name=\"twitter:card\" content=\"summary_large_image\" \/>\n<meta name=\"twitter:creator\" content=\"@cdeualmeria\" \/>\n<meta name=\"twitter:site\" content=\"@cdeualmeria\" \/>\n<meta name=\"twitter:label1\" content=\"Written by\" \/>\n\t<meta name=\"twitter:data1\" content=\"AdminCDE\" \/>\n\t<meta name=\"twitter:label2\" content=\"Est. reading time\" \/>\n\t<meta name=\"twitter:data2\" content=\"2 minutes\" \/>\n<script type=\"application\/ld+json\" class=\"yoast-schema-graph\">{\"@context\":\"https:\\\/\\\/schema.org\",\"@graph\":[{\"@type\":\"Article\",\"@id\":\"https:\\\/\\\/www.cde.ual.es\\\/en\\\/80-of-spanish-citizens-want-the-ep-to-play-a-more-important-role-in-social-economic-and-environmental-matters\\\/#article\",\"isPartOf\":{\"@id\":\"https:\\\/\\\/www.cde.ual.es\\\/en\\\/80-of-spanish-citizens-want-the-ep-to-play-a-more-important-role-in-social-economic-and-environmental-matters\\\/\"},\"author\":{\"name\":\"AdminCDE\",\"@id\":\"https:\\\/\\\/www.cde.ual.es\\\/#\\\/schema\\\/person\\\/224ef08c8bcc005f319d2713ce37ee5f\"},\"headline\":\"80% of Spanish citizens want the EP to play a more important role in social, economic and environmental matters\",\"datePublished\":\"2019-12-13T02:00:19+00:00\",\"mainEntityOfPage\":{\"@id\":\"https:\\\/\\\/www.cde.ual.es\\\/en\\\/80-of-spanish-citizens-want-the-ep-to-play-a-more-important-role-in-social-economic-and-environmental-matters\\\/\"},\"wordCount\":452,\"commentCount\":0,\"publisher\":{\"@id\":\"https:\\\/\\\/www.cde.ual.es\\\/#organization\"},\"image\":{\"@id\":\"https:\\\/\\\/www.cde.ual.es\\\/en\\\/80-of-spanish-citizens-want-the-ep-to-play-a-more-important-role-in-social-economic-and-environmental-matters\\\/#primaryimage\"},\"thumbnailUrl\":\"https:\\\/\\\/www.cde.ual.es\\\/wp-content\\\/uploads\\\/2019\\\/12\\\/Estad\u00edstica.png\",\"keywords\":[\"European Institutions\"],\"articleSection\":[\"EU News\"],\"inLanguage\":\"en-US\",\"potentialAction\":[{\"@type\":\"CommentAction\",\"name\":\"Comment\",\"target\":[\"https:\\\/\\\/www.cde.ual.es\\\/en\\\/80-of-spanish-citizens-want-the-ep-to-play-a-more-important-role-in-social-economic-and-environmental-matters\\\/#respond\"]}]},{\"@type\":\"WebPage\",\"@id\":\"https:\\\/\\\/www.cde.ual.es\\\/en\\\/80-of-spanish-citizens-want-the-ep-to-play-a-more-important-role-in-social-economic-and-environmental-matters\\\/\",\"url\":\"https:\\\/\\\/www.cde.ual.es\\\/en\\\/80-of-spanish-citizens-want-the-ep-to-play-a-more-important-role-in-social-economic-and-environmental-matters\\\/\",\"name\":\"80% of Spanish citizens want the EP to play a more important role in social, economic and environmental matters | CDE Almer\u00eda - Centro de Documentaci\u00f3n Europea - Universidad de Almer\u00eda\",\"isPartOf\":{\"@id\":\"https:\\\/\\\/www.cde.ual.es\\\/#website\"},\"primaryImageOfPage\":{\"@id\":\"https:\\\/\\\/www.cde.ual.es\\\/en\\\/80-of-spanish-citizens-want-the-ep-to-play-a-more-important-role-in-social-economic-and-environmental-matters\\\/#primaryimage\"},\"image\":{\"@id\":\"https:\\\/\\\/www.cde.ual.es\\\/en\\\/80-of-spanish-citizens-want-the-ep-to-play-a-more-important-role-in-social-economic-and-environmental-matters\\\/#primaryimage\"},\"thumbnailUrl\":\"https:\\\/\\\/www.cde.ual.es\\\/wp-content\\\/uploads\\\/2019\\\/12\\\/Estad\u00edstica.png\",\"datePublished\":\"2019-12-13T02:00:19+00:00\",\"breadcrumb\":{\"@id\":\"https:\\\/\\\/www.cde.ual.es\\\/en\\\/80-of-spanish-citizens-want-the-ep-to-play-a-more-important-role-in-social-economic-and-environmental-matters\\\/#breadcrumb\"},\"inLanguage\":\"en-US\",\"potentialAction\":[{\"@type\":\"ReadAction\",\"target\":[\"https:\\\/\\\/www.cde.ual.es\\\/en\\\/80-of-spanish-citizens-want-the-ep-to-play-a-more-important-role-in-social-economic-and-environmental-matters\\\/\"]}]},{\"@type\":\"ImageObject\",\"inLanguage\":\"en-US\",\"@id\":\"https:\\\/\\\/www.cde.ual.es\\\/en\\\/80-of-spanish-citizens-want-the-ep-to-play-a-more-important-role-in-social-economic-and-environmental-matters\\\/#primaryimage\",\"url\":\"https:\\\/\\\/www.cde.ual.es\\\/wp-content\\\/uploads\\\/2019\\\/12\\\/Estad\u00edstica.png\",\"contentUrl\":\"https:\\\/\\\/www.cde.ual.es\\\/wp-content\\\/uploads\\\/2019\\\/12\\\/Estad\u00edstica.png\",\"width\":942,\"height\":538},{\"@type\":\"BreadcrumbList\",\"@id\":\"https:\\\/\\\/www.cde.ual.es\\\/en\\\/80-of-spanish-citizens-want-the-ep-to-play-a-more-important-role-in-social-economic-and-environmental-matters\\\/#breadcrumb\",\"itemListElement\":[{\"@type\":\"ListItem\",\"position\":1,\"name\":\"Inicio\",\"item\":\"https:\\\/\\\/www.cde.ual.es\\\/en\\\/\"},{\"@type\":\"ListItem\",\"position\":2,\"name\":\"EU News\",\"item\":\"https:\\\/\\\/www.cde.ual.es\\\/en\\\/category\\\/eu-news\\\/\"},{\"@type\":\"ListItem\",\"position\":3,\"name\":\"80% of Spanish citizens want the EP to play a more important role in social, economic and environmental matters\"}]},{\"@type\":\"WebSite\",\"@id\":\"https:\\\/\\\/www.cde.ual.es\\\/#website\",\"url\":\"https:\\\/\\\/www.cde.ual.es\\\/\",\"name\":\"CDE Almer\u00eda - Centro de Documentaci\u00f3n Europea - Universidad de Almer\u00eda\",\"description\":\"Centro de Documentaci\u00f3n Europea de la Universidad de Almer\u00eda\",\"publisher\":{\"@id\":\"https:\\\/\\\/www.cde.ual.es\\\/#organization\"},\"alternateName\":\"CDE Almer\u00eda\",\"potentialAction\":[{\"@type\":\"SearchAction\",\"target\":{\"@type\":\"EntryPoint\",\"urlTemplate\":\"https:\\\/\\\/www.cde.ual.es\\\/?s={search_term_string}\"},\"query-input\":{\"@type\":\"PropertyValueSpecification\",\"valueRequired\":true,\"valueName\":\"search_term_string\"}}],\"inLanguage\":\"en-US\"},{\"@type\":\"Organization\",\"@id\":\"https:\\\/\\\/www.cde.ual.es\\\/#organization\",\"name\":\"Centro de Documentaci\u00f3n Europea de Almer\u00eda\",\"url\":\"https:\\\/\\\/www.cde.ual.es\\\/\",\"logo\":{\"@type\":\"ImageObject\",\"inLanguage\":\"en-US\",\"@id\":\"https:\\\/\\\/www.cde.ual.es\\\/#\\\/schema\\\/logo\\\/image\\\/\",\"url\":\"https:\\\/\\\/www.cde.ual.es\\\/wp-content\\\/uploads\\\/2025\\\/07\\\/cde-logo-3.png\",\"contentUrl\":\"https:\\\/\\\/www.cde.ual.es\\\/wp-content\\\/uploads\\\/2025\\\/07\\\/cde-logo-3.png\",\"width\":1400,\"height\":300,\"caption\":\"Centro de Documentaci\u00f3n Europea de Almer\u00eda\"},\"image\":{\"@id\":\"https:\\\/\\\/www.cde.ual.es\\\/#\\\/schema\\\/logo\\\/image\\\/\"},\"sameAs\":[\"https:\\\/\\\/www.facebook.com\\\/cdeuniversidadalmeria\\\/\",\"https:\\\/\\\/x.com\\\/cdeualmeria\",\"https:\\\/\\\/www.tiktok.com\\\/@cdealmeria\",\"https:\\\/\\\/www.instagram.com\\\/cdealmeria\\\/\",\"https:\\\/\\\/www.linkedin.com\\\/in\\\/cde-almera-812b26a9\\\/\"]},{\"@type\":\"Person\",\"@id\":\"https:\\\/\\\/www.cde.ual.es\\\/#\\\/schema\\\/person\\\/224ef08c8bcc005f319d2713ce37ee5f\",\"name\":\"AdminCDE\",\"image\":{\"@type\":\"ImageObject\",\"inLanguage\":\"en-US\",\"@id\":\"https:\\\/\\\/secure.gravatar.com\\\/avatar\\\/a72d038d371f995cd13706fac32274b7952a52e8fb0a84b5f80c85426f2a98a8?s=96&d=mm&r=g\",\"url\":\"https:\\\/\\\/secure.gravatar.com\\\/avatar\\\/a72d038d371f995cd13706fac32274b7952a52e8fb0a84b5f80c85426f2a98a8?s=96&d=mm&r=g\",\"contentUrl\":\"https:\\\/\\\/secure.gravatar.com\\\/avatar\\\/a72d038d371f995cd13706fac32274b7952a52e8fb0a84b5f80c85426f2a98a8?s=96&d=mm&r=g\",\"caption\":\"AdminCDE\"}}]}<\/script>\n<!-- \/ Yoast SEO plugin. -->","yoast_head_json":{"title":"80% of Spanish citizens want the EP to play a more important role in social, economic and environmental matters | CDE Almer\u00eda - Centro de Documentaci\u00f3n Europea - Universidad de Almer\u00eda","robots":{"index":"index","follow":"follow","max-snippet":"max-snippet:-1","max-image-preview":"max-image-preview:large","max-video-preview":"max-video-preview:-1"},"canonical":"https:\/\/www.cde.ual.es\/en\/80-of-spanish-citizens-want-the-ep-to-play-a-more-important-role-in-social-economic-and-environmental-matters\/","og_locale":"en_US","og_type":"article","og_title":"80% of Spanish citizens want the EP to play a more important role in social, economic and environmental matters | CDE Almer\u00eda - Centro de Documentaci\u00f3n Europea - Universidad de Almer\u00eda","og_description":"The survey published on Tuesday asks European citizens, among other issues, about the different political priorities that Parliament must deal with in this legislature.\u00a0\u00a052% consider climate change to be the most current pressing environmental issue and 59% are in favour of their country being a member of the EU. The Eurobarometer of autumn published by [&hellip;]","og_url":"https:\/\/www.cde.ual.es\/en\/80-of-spanish-citizens-want-the-ep-to-play-a-more-important-role-in-social-economic-and-environmental-matters\/","og_site_name":"CDE Almer\u00eda - Centro de Documentaci\u00f3n Europea - Universidad de Almer\u00eda","article_publisher":"https:\/\/www.facebook.com\/cdeuniversidadalmeria\/","article_published_time":"2019-12-13T02:00:19+00:00","og_image":[{"width":942,"height":538,"url":"https:\/\/www.cde.ual.es\/wp-content\/uploads\/2019\/12\/Estad\u00edstica.png","type":"image\/png"}],"author":"AdminCDE","twitter_card":"summary_large_image","twitter_creator":"@cdeualmeria","twitter_site":"@cdeualmeria","twitter_misc":{"Written by":"AdminCDE","Est. reading time":"2 minutes"},"schema":{"@context":"https:\/\/schema.org","@graph":[{"@type":"Article","@id":"https:\/\/www.cde.ual.es\/en\/80-of-spanish-citizens-want-the-ep-to-play-a-more-important-role-in-social-economic-and-environmental-matters\/#article","isPartOf":{"@id":"https:\/\/www.cde.ual.es\/en\/80-of-spanish-citizens-want-the-ep-to-play-a-more-important-role-in-social-economic-and-environmental-matters\/"},"author":{"name":"AdminCDE","@id":"https:\/\/www.cde.ual.es\/#\/schema\/person\/224ef08c8bcc005f319d2713ce37ee5f"},"headline":"80% of Spanish citizens want the EP to play a more important role in social, economic and environmental matters","datePublished":"2019-12-13T02:00:19+00:00","mainEntityOfPage":{"@id":"https:\/\/www.cde.ual.es\/en\/80-of-spanish-citizens-want-the-ep-to-play-a-more-important-role-in-social-economic-and-environmental-matters\/"},"wordCount":452,"commentCount":0,"publisher":{"@id":"https:\/\/www.cde.ual.es\/#organization"},"image":{"@id":"https:\/\/www.cde.ual.es\/en\/80-of-spanish-citizens-want-the-ep-to-play-a-more-important-role-in-social-economic-and-environmental-matters\/#primaryimage"},"thumbnailUrl":"https:\/\/www.cde.ual.es\/wp-content\/uploads\/2019\/12\/Estad\u00edstica.png","keywords":["European Institutions"],"articleSection":["EU News"],"inLanguage":"en-US","potentialAction":[{"@type":"CommentAction","name":"Comment","target":["https:\/\/www.cde.ual.es\/en\/80-of-spanish-citizens-want-the-ep-to-play-a-more-important-role-in-social-economic-and-environmental-matters\/#respond"]}]},{"@type":"WebPage","@id":"https:\/\/www.cde.ual.es\/en\/80-of-spanish-citizens-want-the-ep-to-play-a-more-important-role-in-social-economic-and-environmental-matters\/","url":"https:\/\/www.cde.ual.es\/en\/80-of-spanish-citizens-want-the-ep-to-play-a-more-important-role-in-social-economic-and-environmental-matters\/","name":"80% of Spanish citizens want the EP to play a more important role in social, economic and environmental matters | CDE Almer\u00eda - Centro de Documentaci\u00f3n Europea - Universidad de Almer\u00eda","isPartOf":{"@id":"https:\/\/www.cde.ual.es\/#website"},"primaryImageOfPage":{"@id":"https:\/\/www.cde.ual.es\/en\/80-of-spanish-citizens-want-the-ep-to-play-a-more-important-role-in-social-economic-and-environmental-matters\/#primaryimage"},"image":{"@id":"https:\/\/www.cde.ual.es\/en\/80-of-spanish-citizens-want-the-ep-to-play-a-more-important-role-in-social-economic-and-environmental-matters\/#primaryimage"},"thumbnailUrl":"https:\/\/www.cde.ual.es\/wp-content\/uploads\/2019\/12\/Estad\u00edstica.png","datePublished":"2019-12-13T02:00:19+00:00","breadcrumb":{"@id":"https:\/\/www.cde.ual.es\/en\/80-of-spanish-citizens-want-the-ep-to-play-a-more-important-role-in-social-economic-and-environmental-matters\/#breadcrumb"},"inLanguage":"en-US","potentialAction":[{"@type":"ReadAction","target":["https:\/\/www.cde.ual.es\/en\/80-of-spanish-citizens-want-the-ep-to-play-a-more-important-role-in-social-economic-and-environmental-matters\/"]}]},{"@type":"ImageObject","inLanguage":"en-US","@id":"https:\/\/www.cde.ual.es\/en\/80-of-spanish-citizens-want-the-ep-to-play-a-more-important-role-in-social-economic-and-environmental-matters\/#primaryimage","url":"https:\/\/www.cde.ual.es\/wp-content\/uploads\/2019\/12\/Estad\u00edstica.png","contentUrl":"https:\/\/www.cde.ual.es\/wp-content\/uploads\/2019\/12\/Estad\u00edstica.png","width":942,"height":538},{"@type":"BreadcrumbList","@id":"https:\/\/www.cde.ual.es\/en\/80-of-spanish-citizens-want-the-ep-to-play-a-more-important-role-in-social-economic-and-environmental-matters\/#breadcrumb","itemListElement":[{"@type":"ListItem","position":1,"name":"Inicio","item":"https:\/\/www.cde.ual.es\/en\/"},{"@type":"ListItem","position":2,"name":"EU News","item":"https:\/\/www.cde.ual.es\/en\/category\/eu-news\/"},{"@type":"ListItem","position":3,"name":"80% of Spanish citizens want the EP to play a more important role in social, economic and environmental matters"}]},{"@type":"WebSite","@id":"https:\/\/www.cde.ual.es\/#website","url":"https:\/\/www.cde.ual.es\/","name":"CDE Almer\u00eda - Centro de Documentaci\u00f3n Europea - Universidad de Almer\u00eda","description":"Centro de Documentaci\u00f3n Europea de la Universidad de Almer\u00eda","publisher":{"@id":"https:\/\/www.cde.ual.es\/#organization"},"alternateName":"CDE Almer\u00eda","potentialAction":[{"@type":"SearchAction","target":{"@type":"EntryPoint","urlTemplate":"https:\/\/www.cde.ual.es\/?s={search_term_string}"},"query-input":{"@type":"PropertyValueSpecification","valueRequired":true,"valueName":"search_term_string"}}],"inLanguage":"en-US"},{"@type":"Organization","@id":"https:\/\/www.cde.ual.es\/#organization","name":"Centro de Documentaci\u00f3n Europea de Almer\u00eda","url":"https:\/\/www.cde.ual.es\/","logo":{"@type":"ImageObject","inLanguage":"en-US","@id":"https:\/\/www.cde.ual.es\/#\/schema\/logo\/image\/","url":"https:\/\/www.cde.ual.es\/wp-content\/uploads\/2025\/07\/cde-logo-3.png","contentUrl":"https:\/\/www.cde.ual.es\/wp-content\/uploads\/2025\/07\/cde-logo-3.png","width":1400,"height":300,"caption":"Centro de Documentaci\u00f3n Europea de Almer\u00eda"},"image":{"@id":"https:\/\/www.cde.ual.es\/#\/schema\/logo\/image\/"},"sameAs":["https:\/\/www.facebook.com\/cdeuniversidadalmeria\/","https:\/\/x.com\/cdeualmeria","https:\/\/www.tiktok.com\/@cdealmeria","https:\/\/www.instagram.com\/cdealmeria\/","https:\/\/www.linkedin.com\/in\/cde-almera-812b26a9\/"]},{"@type":"Person","@id":"https:\/\/www.cde.ual.es\/#\/schema\/person\/224ef08c8bcc005f319d2713ce37ee5f","name":"AdminCDE","image":{"@type":"ImageObject","inLanguage":"en-US","@id":"https:\/\/secure.gravatar.com\/avatar\/a72d038d371f995cd13706fac32274b7952a52e8fb0a84b5f80c85426f2a98a8?s=96&d=mm&r=g","url":"https:\/\/secure.gravatar.com\/avatar\/a72d038d371f995cd13706fac32274b7952a52e8fb0a84b5f80c85426f2a98a8?s=96&d=mm&r=g","contentUrl":"https:\/\/secure.gravatar.com\/avatar\/a72d038d371f995cd13706fac32274b7952a52e8fb0a84b5f80c85426f2a98a8?s=96&d=mm&r=g","caption":"AdminCDE"}}]}},"_links":{"self":[{"href":"https:\/\/www.cde.ual.es\/en\/wp-json\/wp\/v2\/posts\/31065","targetHints":{"allow":["GET"]}}],"collection":[{"href":"https:\/\/www.cde.ual.es\/en\/wp-json\/wp\/v2\/posts"}],"about":[{"href":"https:\/\/www.cde.ual.es\/en\/wp-json\/wp\/v2\/types\/post"}],"author":[{"embeddable":true,"href":"https:\/\/www.cde.ual.es\/en\/wp-json\/wp\/v2\/users\/1"}],"replies":[{"embeddable":true,"href":"https:\/\/www.cde.ual.es\/en\/wp-json\/wp\/v2\/comments?post=31065"}],"version-history":[{"count":0,"href":"https:\/\/www.cde.ual.es\/en\/wp-json\/wp\/v2\/posts\/31065\/revisions"}],"wp:featuredmedia":[{"embeddable":true,"href":"https:\/\/www.cde.ual.es\/en\/wp-json\/wp\/v2\/media\/31063"}],"wp:attachment":[{"href":"https:\/\/www.cde.ual.es\/en\/wp-json\/wp\/v2\/media?parent=31065"}],"wp:term":[{"taxonomy":"category","embeddable":true,"href":"https:\/\/www.cde.ual.es\/en\/wp-json\/wp\/v2\/categories?post=31065"},{"taxonomy":"post_tag","embeddable":true,"href":"https:\/\/www.cde.ual.es\/en\/wp-json\/wp\/v2\/tags?post=31065"}],"curies":[{"name":"wp","href":"https:\/\/api.w.org\/{rel}","templated":true}]}}