{"id":30493,"date":"2019-12-04T03:00:13","date_gmt":"2019-12-04T02:00:13","guid":{"rendered":"https:\/\/www.cde.ual.es\/?p=30493"},"modified":"2019-12-02T11:33:25","modified_gmt":"2019-12-02T10:33:25","slug":"inflation-and-unemployment-in-the-euro-area-november-2019","status":"publish","type":"post","link":"https:\/\/www.cde.ual.es\/en\/inflation-and-unemployment-in-the-euro-area-november-2019\/","title":{"rendered":"Inflation and unemployment in the Euro area &#8211; November 2019"},"content":{"rendered":"<h3>Euro area annual inflation is expected to be 1.0%<\/h3>\n<p>Euro <strong>area annual<\/strong> inflation is expected to be 1.0% in November 2019, up from 0.7% in October according to a flash estimate from <strong>Eurostat, the statistical office of the European Union.<\/strong><br \/>\nLooking at the main components of euro area inflation, food, alcohol &amp; tobacco is expected to have the highest annual rate in November (2.0%, compared with 1.5% in October), followed by services (1.9%, compared with 1.5% in October), non-energy industrial goods (0.4%, compared with 0.3% in October) and energy (-3.2%, compared with -3.1% in October).<\/p>\n<p><a href=\"https:\/\/www.cde.ual.es\/wp-content\/uploads\/2019\/12\/Inflaci\u00f3n.png\"><img decoding=\"async\" class=\"wp-image-30479 size-full\" src=\"https:\/\/www.cde.ual.es\/wp-content\/uploads\/2019\/12\/Inflaci\u00f3n.png\" alt=\"\" width=\"679\" height=\"235\" srcset=\"https:\/\/www.cde.ual.es\/wp-content\/uploads\/2019\/12\/Inflaci\u00f3n.png 679w, https:\/\/www.cde.ual.es\/wp-content\/uploads\/2019\/12\/Inflaci\u00f3n-300x104.png 300w\" sizes=\"(max-width: 679px) 100vw, 679px\" \/><\/a><\/p>\n<h3>Euro area unemployment at 7.5%<\/h3>\n<p>The euro area (EA19) seasonally-adjusted unemployment rate was 7.5% in October 2019, down from 7.6% in September 2019 and from 8.0% in October 2018. This is the lowest rate recorded in the euro area since July 2008. The EU28 unemployment rate was 6.3% in October 2019, stable compared with September 2019 and down from\u00a06.7% in October 2018. This remains the lowest rate recorded in the EU28 since the start of the EU monthly unemployment series in January 2000. These figures are published by Eurostat, the statistical office of the European Union.<br \/>\nEurostat estimates that 15.583 million men and women in the EU28, of whom 12.334 million in the euro area, were unemployed in October 2019. Compared with September 2019, the number of persons unemployed decreased by 29 000 in the EU28 and by 31 000 in the euro area. Compared with October 2018, unemployment fell by 939 000 in the EU28 and by 761 000 in the euro area.<\/p>\n<h3>Member States<\/h3>\n<p>Among the Member States, the lowest unemployment rates in October 2019 were recorded in <strong>Czechia<\/strong> (2.2%), <strong>Germany<\/strong> (3.1%) and <strong>Poland<\/strong> (3.2%). The highest unemployment rates were observed in <strong>Greece<\/strong> (16.7% in August 2019) and <strong>Spain<\/strong> (14.2%). Compared with a year ago, the unemployment rate fell in 24 Member States, while it increased in <strong>Czechia<\/strong> (from 2.1% to 2.2%), <strong>Lithuania<\/strong> (from 6.1% to 6.4%), <strong>Denmark<\/strong> (from 4.9% to 5.3%) and <strong>Sweden<\/strong> (from 6.4% to 6.8%). The largest decreases were registered in <strong>Greece<\/strong> (from 18.9% to 16.7% between August 2018 and August 2019)<br \/>\nand <strong>Estonia<\/strong> (from 5.7% to 4.3% between September 2018 and September 2019). In October 2019, the unemployment rate in the <strong>United States<\/strong> was 3.6%, up from 3.5% in September 2019 and down from 3.8% in October 2018.<\/p>\n<p><a href=\"https:\/\/www.cde.ual.es\/wp-content\/uploads\/2019\/12\/desempleo.png\"><img decoding=\"async\" class=\"wp-image-30483 size-full\" src=\"https:\/\/www.cde.ual.es\/wp-content\/uploads\/2019\/12\/desempleo.png\" alt=\"\" width=\"682\" height=\"286\" srcset=\"https:\/\/www.cde.ual.es\/wp-content\/uploads\/2019\/12\/desempleo.png 682w, https:\/\/www.cde.ual.es\/wp-content\/uploads\/2019\/12\/desempleo-300x126.png 300w\" sizes=\"(max-width: 682px) 100vw, 682px\" \/><\/a><\/p>\n<h3>More Information<\/h3>\n<p><a href=\"https:\/\/ec.europa.eu\/eurostat\/documents\/2995521\/10075437\/3-29112019-BP-EN.PDF\/749d647b-6961-5d3d-a8c6-8eaca44a539d\" target=\"_blank\" rel=\"noopener\">Eurostat Unemployment<\/a><\/p>\n<p><a href=\"https:\/\/ec.europa.eu\/eurostat\/documents\/2995521\/10075427\/2-29112019-AP-EN.PDF\/734bb605-7201-a8d3-c6ad-c30119c6a638\" target=\"_blank\" rel=\"noopener\">Eurostat Inflation<\/a><\/p>\n","protected":false},"excerpt":{"rendered":"<p>Euro area annual inflation is expected to be 1.0% Euro area annual inflation is expected to be 1.0% in November 2019, up from 0.7% in October according to a flash estimate from Eurostat, the statistical office of the European Union. Looking at the main components of euro area inflation, food, alcohol &amp; tobacco is expected [&hellip;]<\/p>\n","protected":false},"author":101011,"featured_media":30491,"comment_status":"open","ping_status":"open","sticky":false,"template":"","format":"standard","meta":{"_acf_changed":false,"_relevanssi_hide_post":"","_relevanssi_hide_content":"","_relevanssi_pin_for_all":"","_relevanssi_pin_keywords":"","_relevanssi_unpin_keywords":"","_relevanssi_related_keywords":"","_relevanssi_related_include_ids":"","_relevanssi_related_exclude_ids":"","_relevanssi_related_no_append":"","_relevanssi_related_not_related":"","_relevanssi_related_posts":"","_relevanssi_noindex_reason":"","_monsterinsights_skip_tracking":false,"_monsterinsights_sitenote_active":false,"_monsterinsights_sitenote_note":"","_monsterinsights_sitenote_category":0,"_genesis_hide_title":false,"_genesis_hide_breadcrumbs":false,"_genesis_hide_singular_image":false,"_genesis_hide_footer_widgets":false,"_genesis_custom_body_class":"","_genesis_custom_post_class":"","_genesis_layout":"","footnotes":""},"categories":[346],"tags":[833,831,832,628],"class_list":{"0":"post-30493","1":"post","2":"type-post","3":"status-publish","4":"format-standard","5":"has-post-thumbnail","7":"category-eu-news","8":"tag-euro-area","9":"tag-inflation","10":"tag-november","11":"tag-unemployment","12":"entry"},"acf":[],"yoast_head":"<!-- This site is optimized with the Yoast SEO plugin v27.5 - https:\/\/yoast.com\/product\/yoast-seo-wordpress\/ -->\n<title>Inflation and unemployment in the Euro area - November 2019 | CDE Almer\u00eda - Centro de Documentaci\u00f3n Europea - Universidad de Almer\u00eda<\/title>\n<meta name=\"robots\" content=\"index, follow, max-snippet:-1, max-image-preview:large, max-video-preview:-1\" \/>\n<link rel=\"canonical\" href=\"https:\/\/www.cde.ual.es\/en\/inflation-and-unemployment-in-the-euro-area-november-2019\/\" \/>\n<meta property=\"og:locale\" content=\"en_US\" \/>\n<meta property=\"og:type\" content=\"article\" \/>\n<meta property=\"og:title\" content=\"Inflation and unemployment in the Euro area - November 2019 | CDE Almer\u00eda - Centro de Documentaci\u00f3n Europea - Universidad de Almer\u00eda\" \/>\n<meta property=\"og:description\" content=\"Euro area annual inflation is expected to be 1.0% Euro area annual inflation is expected to be 1.0% in November 2019, up from 0.7% in October according to a flash estimate from Eurostat, the statistical office of the European Union. Looking at the main components of euro area inflation, food, alcohol &amp; tobacco is expected [&hellip;]\" \/>\n<meta property=\"og:url\" content=\"https:\/\/www.cde.ual.es\/en\/inflation-and-unemployment-in-the-euro-area-november-2019\/\" \/>\n<meta property=\"og:site_name\" content=\"CDE Almer\u00eda - Centro de Documentaci\u00f3n Europea - Universidad de Almer\u00eda\" \/>\n<meta property=\"article:publisher\" content=\"https:\/\/www.facebook.com\/cdeuniversidadalmeria\/\" \/>\n<meta property=\"article:published_time\" content=\"2019-12-04T02:00:13+00:00\" \/>\n<meta property=\"og:image\" content=\"https:\/\/www.cde.ual.es\/wp-content\/uploads\/2019\/12\/flag-3370970_1920.jpg\" \/>\n\t<meta property=\"og:image:width\" content=\"1920\" \/>\n\t<meta property=\"og:image:height\" content=\"1280\" \/>\n\t<meta property=\"og:image:type\" content=\"image\/jpeg\" \/>\n<meta name=\"author\" content=\"BECA 2 CDE\" \/>\n<meta name=\"twitter:card\" content=\"summary_large_image\" \/>\n<meta name=\"twitter:creator\" content=\"@cdeualmeria\" \/>\n<meta name=\"twitter:site\" content=\"@cdeualmeria\" \/>\n<meta name=\"twitter:label1\" content=\"Written by\" \/>\n\t<meta name=\"twitter:data1\" content=\"BECA 2 CDE\" \/>\n\t<meta name=\"twitter:label2\" content=\"Est. reading time\" \/>\n\t<meta name=\"twitter:data2\" content=\"2 minutes\" \/>\n<script type=\"application\/ld+json\" class=\"yoast-schema-graph\">{\"@context\":\"https:\\\/\\\/schema.org\",\"@graph\":[{\"@type\":\"Article\",\"@id\":\"https:\\\/\\\/www.cde.ual.es\\\/en\\\/inflation-and-unemployment-in-the-euro-area-november-2019\\\/#article\",\"isPartOf\":{\"@id\":\"https:\\\/\\\/www.cde.ual.es\\\/en\\\/inflation-and-unemployment-in-the-euro-area-november-2019\\\/\"},\"author\":{\"name\":\"BECA 2 CDE\",\"@id\":\"https:\\\/\\\/www.cde.ual.es\\\/#\\\/schema\\\/person\\\/ee46ebc19edfa19598c02cff83335acc\"},\"headline\":\"Inflation and unemployment in the Euro area &#8211; November 2019\",\"datePublished\":\"2019-12-04T02:00:13+00:00\",\"mainEntityOfPage\":{\"@id\":\"https:\\\/\\\/www.cde.ual.es\\\/en\\\/inflation-and-unemployment-in-the-euro-area-november-2019\\\/\"},\"wordCount\":338,\"commentCount\":0,\"publisher\":{\"@id\":\"https:\\\/\\\/www.cde.ual.es\\\/#organization\"},\"image\":{\"@id\":\"https:\\\/\\\/www.cde.ual.es\\\/en\\\/inflation-and-unemployment-in-the-euro-area-november-2019\\\/#primaryimage\"},\"thumbnailUrl\":\"https:\\\/\\\/www.cde.ual.es\\\/wp-content\\\/uploads\\\/2019\\\/12\\\/flag-3370970_1920.jpg\",\"keywords\":[\"euro area\",\"inflation\",\"november\",\"Unemployment\"],\"articleSection\":[\"EU News\"],\"inLanguage\":\"en-US\",\"potentialAction\":[{\"@type\":\"CommentAction\",\"name\":\"Comment\",\"target\":[\"https:\\\/\\\/www.cde.ual.es\\\/en\\\/inflation-and-unemployment-in-the-euro-area-november-2019\\\/#respond\"]}]},{\"@type\":\"WebPage\",\"@id\":\"https:\\\/\\\/www.cde.ual.es\\\/en\\\/inflation-and-unemployment-in-the-euro-area-november-2019\\\/\",\"url\":\"https:\\\/\\\/www.cde.ual.es\\\/en\\\/inflation-and-unemployment-in-the-euro-area-november-2019\\\/\",\"name\":\"Inflation and unemployment in the Euro area - November 2019 | CDE Almer\u00eda - Centro de Documentaci\u00f3n Europea - Universidad de Almer\u00eda\",\"isPartOf\":{\"@id\":\"https:\\\/\\\/www.cde.ual.es\\\/#website\"},\"primaryImageOfPage\":{\"@id\":\"https:\\\/\\\/www.cde.ual.es\\\/en\\\/inflation-and-unemployment-in-the-euro-area-november-2019\\\/#primaryimage\"},\"image\":{\"@id\":\"https:\\\/\\\/www.cde.ual.es\\\/en\\\/inflation-and-unemployment-in-the-euro-area-november-2019\\\/#primaryimage\"},\"thumbnailUrl\":\"https:\\\/\\\/www.cde.ual.es\\\/wp-content\\\/uploads\\\/2019\\\/12\\\/flag-3370970_1920.jpg\",\"datePublished\":\"2019-12-04T02:00:13+00:00\",\"breadcrumb\":{\"@id\":\"https:\\\/\\\/www.cde.ual.es\\\/en\\\/inflation-and-unemployment-in-the-euro-area-november-2019\\\/#breadcrumb\"},\"inLanguage\":\"en-US\",\"potentialAction\":[{\"@type\":\"ReadAction\",\"target\":[\"https:\\\/\\\/www.cde.ual.es\\\/en\\\/inflation-and-unemployment-in-the-euro-area-november-2019\\\/\"]}]},{\"@type\":\"ImageObject\",\"inLanguage\":\"en-US\",\"@id\":\"https:\\\/\\\/www.cde.ual.es\\\/en\\\/inflation-and-unemployment-in-the-euro-area-november-2019\\\/#primaryimage\",\"url\":\"https:\\\/\\\/www.cde.ual.es\\\/wp-content\\\/uploads\\\/2019\\\/12\\\/flag-3370970_1920.jpg\",\"contentUrl\":\"https:\\\/\\\/www.cde.ual.es\\\/wp-content\\\/uploads\\\/2019\\\/12\\\/flag-3370970_1920.jpg\",\"width\":1920,\"height\":1280},{\"@type\":\"BreadcrumbList\",\"@id\":\"https:\\\/\\\/www.cde.ual.es\\\/en\\\/inflation-and-unemployment-in-the-euro-area-november-2019\\\/#breadcrumb\",\"itemListElement\":[{\"@type\":\"ListItem\",\"position\":1,\"name\":\"Inicio\",\"item\":\"https:\\\/\\\/www.cde.ual.es\\\/en\\\/\"},{\"@type\":\"ListItem\",\"position\":2,\"name\":\"EU News\",\"item\":\"https:\\\/\\\/www.cde.ual.es\\\/en\\\/category\\\/eu-news\\\/\"},{\"@type\":\"ListItem\",\"position\":3,\"name\":\"Inflation and unemployment in the Euro area &#8211; November 2019\"}]},{\"@type\":\"WebSite\",\"@id\":\"https:\\\/\\\/www.cde.ual.es\\\/#website\",\"url\":\"https:\\\/\\\/www.cde.ual.es\\\/\",\"name\":\"CDE Almer\u00eda - Centro de Documentaci\u00f3n Europea - Universidad de Almer\u00eda\",\"description\":\"Centro de Documentaci\u00f3n Europea de la Universidad de Almer\u00eda\",\"publisher\":{\"@id\":\"https:\\\/\\\/www.cde.ual.es\\\/#organization\"},\"alternateName\":\"CDE Almer\u00eda\",\"potentialAction\":[{\"@type\":\"SearchAction\",\"target\":{\"@type\":\"EntryPoint\",\"urlTemplate\":\"https:\\\/\\\/www.cde.ual.es\\\/?s={search_term_string}\"},\"query-input\":{\"@type\":\"PropertyValueSpecification\",\"valueRequired\":true,\"valueName\":\"search_term_string\"}}],\"inLanguage\":\"en-US\"},{\"@type\":\"Organization\",\"@id\":\"https:\\\/\\\/www.cde.ual.es\\\/#organization\",\"name\":\"Centro de Documentaci\u00f3n Europea de Almer\u00eda\",\"url\":\"https:\\\/\\\/www.cde.ual.es\\\/\",\"logo\":{\"@type\":\"ImageObject\",\"inLanguage\":\"en-US\",\"@id\":\"https:\\\/\\\/www.cde.ual.es\\\/#\\\/schema\\\/logo\\\/image\\\/\",\"url\":\"https:\\\/\\\/www.cde.ual.es\\\/wp-content\\\/uploads\\\/2025\\\/07\\\/cde-logo-3.png\",\"contentUrl\":\"https:\\\/\\\/www.cde.ual.es\\\/wp-content\\\/uploads\\\/2025\\\/07\\\/cde-logo-3.png\",\"width\":1400,\"height\":300,\"caption\":\"Centro de Documentaci\u00f3n Europea de Almer\u00eda\"},\"image\":{\"@id\":\"https:\\\/\\\/www.cde.ual.es\\\/#\\\/schema\\\/logo\\\/image\\\/\"},\"sameAs\":[\"https:\\\/\\\/www.facebook.com\\\/cdeuniversidadalmeria\\\/\",\"https:\\\/\\\/x.com\\\/cdeualmeria\",\"https:\\\/\\\/www.tiktok.com\\\/@cdealmeria\",\"https:\\\/\\\/www.instagram.com\\\/cdealmeria\\\/\",\"https:\\\/\\\/www.linkedin.com\\\/in\\\/cde-almera-812b26a9\\\/\"]},{\"@type\":\"Person\",\"@id\":\"https:\\\/\\\/www.cde.ual.es\\\/#\\\/schema\\\/person\\\/ee46ebc19edfa19598c02cff83335acc\",\"name\":\"BECA 2 CDE\",\"image\":{\"@type\":\"ImageObject\",\"inLanguage\":\"en-US\",\"@id\":\"https:\\\/\\\/secure.gravatar.com\\\/avatar\\\/35a481bbc04bbd90e91bdfa3b0b5541036c222a49b9ad37b6889a2afcb5311a5?s=96&d=mm&r=g\",\"url\":\"https:\\\/\\\/secure.gravatar.com\\\/avatar\\\/35a481bbc04bbd90e91bdfa3b0b5541036c222a49b9ad37b6889a2afcb5311a5?s=96&d=mm&r=g\",\"contentUrl\":\"https:\\\/\\\/secure.gravatar.com\\\/avatar\\\/35a481bbc04bbd90e91bdfa3b0b5541036c222a49b9ad37b6889a2afcb5311a5?s=96&d=mm&r=g\",\"caption\":\"BECA 2 CDE\"},\"sameAs\":[\"http:\\\/\\\/www.cdealmeria.com\"]}]}<\/script>\n<!-- \/ Yoast SEO plugin. -->","yoast_head_json":{"title":"Inflation and unemployment in the Euro area - November 2019 | CDE Almer\u00eda - Centro de Documentaci\u00f3n Europea - Universidad de Almer\u00eda","robots":{"index":"index","follow":"follow","max-snippet":"max-snippet:-1","max-image-preview":"max-image-preview:large","max-video-preview":"max-video-preview:-1"},"canonical":"https:\/\/www.cde.ual.es\/en\/inflation-and-unemployment-in-the-euro-area-november-2019\/","og_locale":"en_US","og_type":"article","og_title":"Inflation and unemployment in the Euro area - November 2019 | CDE Almer\u00eda - Centro de Documentaci\u00f3n Europea - Universidad de Almer\u00eda","og_description":"Euro area annual inflation is expected to be 1.0% Euro area annual inflation is expected to be 1.0% in November 2019, up from 0.7% in October according to a flash estimate from Eurostat, the statistical office of the European Union. Looking at the main components of euro area inflation, food, alcohol &amp; tobacco is expected [&hellip;]","og_url":"https:\/\/www.cde.ual.es\/en\/inflation-and-unemployment-in-the-euro-area-november-2019\/","og_site_name":"CDE Almer\u00eda - Centro de Documentaci\u00f3n Europea - Universidad de Almer\u00eda","article_publisher":"https:\/\/www.facebook.com\/cdeuniversidadalmeria\/","article_published_time":"2019-12-04T02:00:13+00:00","og_image":[{"width":1920,"height":1280,"url":"https:\/\/www.cde.ual.es\/wp-content\/uploads\/2019\/12\/flag-3370970_1920.jpg","type":"image\/jpeg"}],"author":"BECA 2 CDE","twitter_card":"summary_large_image","twitter_creator":"@cdeualmeria","twitter_site":"@cdeualmeria","twitter_misc":{"Written by":"BECA 2 CDE","Est. reading time":"2 minutes"},"schema":{"@context":"https:\/\/schema.org","@graph":[{"@type":"Article","@id":"https:\/\/www.cde.ual.es\/en\/inflation-and-unemployment-in-the-euro-area-november-2019\/#article","isPartOf":{"@id":"https:\/\/www.cde.ual.es\/en\/inflation-and-unemployment-in-the-euro-area-november-2019\/"},"author":{"name":"BECA 2 CDE","@id":"https:\/\/www.cde.ual.es\/#\/schema\/person\/ee46ebc19edfa19598c02cff83335acc"},"headline":"Inflation and unemployment in the Euro area &#8211; November 2019","datePublished":"2019-12-04T02:00:13+00:00","mainEntityOfPage":{"@id":"https:\/\/www.cde.ual.es\/en\/inflation-and-unemployment-in-the-euro-area-november-2019\/"},"wordCount":338,"commentCount":0,"publisher":{"@id":"https:\/\/www.cde.ual.es\/#organization"},"image":{"@id":"https:\/\/www.cde.ual.es\/en\/inflation-and-unemployment-in-the-euro-area-november-2019\/#primaryimage"},"thumbnailUrl":"https:\/\/www.cde.ual.es\/wp-content\/uploads\/2019\/12\/flag-3370970_1920.jpg","keywords":["euro area","inflation","november","Unemployment"],"articleSection":["EU News"],"inLanguage":"en-US","potentialAction":[{"@type":"CommentAction","name":"Comment","target":["https:\/\/www.cde.ual.es\/en\/inflation-and-unemployment-in-the-euro-area-november-2019\/#respond"]}]},{"@type":"WebPage","@id":"https:\/\/www.cde.ual.es\/en\/inflation-and-unemployment-in-the-euro-area-november-2019\/","url":"https:\/\/www.cde.ual.es\/en\/inflation-and-unemployment-in-the-euro-area-november-2019\/","name":"Inflation and unemployment in the Euro area - November 2019 | CDE Almer\u00eda - Centro de Documentaci\u00f3n Europea - Universidad de Almer\u00eda","isPartOf":{"@id":"https:\/\/www.cde.ual.es\/#website"},"primaryImageOfPage":{"@id":"https:\/\/www.cde.ual.es\/en\/inflation-and-unemployment-in-the-euro-area-november-2019\/#primaryimage"},"image":{"@id":"https:\/\/www.cde.ual.es\/en\/inflation-and-unemployment-in-the-euro-area-november-2019\/#primaryimage"},"thumbnailUrl":"https:\/\/www.cde.ual.es\/wp-content\/uploads\/2019\/12\/flag-3370970_1920.jpg","datePublished":"2019-12-04T02:00:13+00:00","breadcrumb":{"@id":"https:\/\/www.cde.ual.es\/en\/inflation-and-unemployment-in-the-euro-area-november-2019\/#breadcrumb"},"inLanguage":"en-US","potentialAction":[{"@type":"ReadAction","target":["https:\/\/www.cde.ual.es\/en\/inflation-and-unemployment-in-the-euro-area-november-2019\/"]}]},{"@type":"ImageObject","inLanguage":"en-US","@id":"https:\/\/www.cde.ual.es\/en\/inflation-and-unemployment-in-the-euro-area-november-2019\/#primaryimage","url":"https:\/\/www.cde.ual.es\/wp-content\/uploads\/2019\/12\/flag-3370970_1920.jpg","contentUrl":"https:\/\/www.cde.ual.es\/wp-content\/uploads\/2019\/12\/flag-3370970_1920.jpg","width":1920,"height":1280},{"@type":"BreadcrumbList","@id":"https:\/\/www.cde.ual.es\/en\/inflation-and-unemployment-in-the-euro-area-november-2019\/#breadcrumb","itemListElement":[{"@type":"ListItem","position":1,"name":"Inicio","item":"https:\/\/www.cde.ual.es\/en\/"},{"@type":"ListItem","position":2,"name":"EU News","item":"https:\/\/www.cde.ual.es\/en\/category\/eu-news\/"},{"@type":"ListItem","position":3,"name":"Inflation and unemployment in the Euro area &#8211; November 2019"}]},{"@type":"WebSite","@id":"https:\/\/www.cde.ual.es\/#website","url":"https:\/\/www.cde.ual.es\/","name":"CDE Almer\u00eda - Centro de Documentaci\u00f3n Europea - Universidad de Almer\u00eda","description":"Centro de Documentaci\u00f3n Europea de la Universidad de Almer\u00eda","publisher":{"@id":"https:\/\/www.cde.ual.es\/#organization"},"alternateName":"CDE Almer\u00eda","potentialAction":[{"@type":"SearchAction","target":{"@type":"EntryPoint","urlTemplate":"https:\/\/www.cde.ual.es\/?s={search_term_string}"},"query-input":{"@type":"PropertyValueSpecification","valueRequired":true,"valueName":"search_term_string"}}],"inLanguage":"en-US"},{"@type":"Organization","@id":"https:\/\/www.cde.ual.es\/#organization","name":"Centro de Documentaci\u00f3n Europea de Almer\u00eda","url":"https:\/\/www.cde.ual.es\/","logo":{"@type":"ImageObject","inLanguage":"en-US","@id":"https:\/\/www.cde.ual.es\/#\/schema\/logo\/image\/","url":"https:\/\/www.cde.ual.es\/wp-content\/uploads\/2025\/07\/cde-logo-3.png","contentUrl":"https:\/\/www.cde.ual.es\/wp-content\/uploads\/2025\/07\/cde-logo-3.png","width":1400,"height":300,"caption":"Centro de Documentaci\u00f3n Europea de Almer\u00eda"},"image":{"@id":"https:\/\/www.cde.ual.es\/#\/schema\/logo\/image\/"},"sameAs":["https:\/\/www.facebook.com\/cdeuniversidadalmeria\/","https:\/\/x.com\/cdeualmeria","https:\/\/www.tiktok.com\/@cdealmeria","https:\/\/www.instagram.com\/cdealmeria\/","https:\/\/www.linkedin.com\/in\/cde-almera-812b26a9\/"]},{"@type":"Person","@id":"https:\/\/www.cde.ual.es\/#\/schema\/person\/ee46ebc19edfa19598c02cff83335acc","name":"BECA 2 CDE","image":{"@type":"ImageObject","inLanguage":"en-US","@id":"https:\/\/secure.gravatar.com\/avatar\/35a481bbc04bbd90e91bdfa3b0b5541036c222a49b9ad37b6889a2afcb5311a5?s=96&d=mm&r=g","url":"https:\/\/secure.gravatar.com\/avatar\/35a481bbc04bbd90e91bdfa3b0b5541036c222a49b9ad37b6889a2afcb5311a5?s=96&d=mm&r=g","contentUrl":"https:\/\/secure.gravatar.com\/avatar\/35a481bbc04bbd90e91bdfa3b0b5541036c222a49b9ad37b6889a2afcb5311a5?s=96&d=mm&r=g","caption":"BECA 2 CDE"},"sameAs":["http:\/\/www.cdealmeria.com"]}]}},"_links":{"self":[{"href":"https:\/\/www.cde.ual.es\/en\/wp-json\/wp\/v2\/posts\/30493","targetHints":{"allow":["GET"]}}],"collection":[{"href":"https:\/\/www.cde.ual.es\/en\/wp-json\/wp\/v2\/posts"}],"about":[{"href":"https:\/\/www.cde.ual.es\/en\/wp-json\/wp\/v2\/types\/post"}],"author":[{"embeddable":true,"href":"https:\/\/www.cde.ual.es\/en\/wp-json\/wp\/v2\/users\/101011"}],"replies":[{"embeddable":true,"href":"https:\/\/www.cde.ual.es\/en\/wp-json\/wp\/v2\/comments?post=30493"}],"version-history":[{"count":0,"href":"https:\/\/www.cde.ual.es\/en\/wp-json\/wp\/v2\/posts\/30493\/revisions"}],"wp:featuredmedia":[{"embeddable":true,"href":"https:\/\/www.cde.ual.es\/en\/wp-json\/wp\/v2\/media\/30491"}],"wp:attachment":[{"href":"https:\/\/www.cde.ual.es\/en\/wp-json\/wp\/v2\/media?parent=30493"}],"wp:term":[{"taxonomy":"category","embeddable":true,"href":"https:\/\/www.cde.ual.es\/en\/wp-json\/wp\/v2\/categories?post=30493"},{"taxonomy":"post_tag","embeddable":true,"href":"https:\/\/www.cde.ual.es\/en\/wp-json\/wp\/v2\/tags?post=30493"}],"curies":[{"name":"wp","href":"https:\/\/api.w.org\/{rel}","templated":true}]}}