{"id":30253,"date":"2019-11-29T03:00:57","date_gmt":"2019-11-29T02:00:57","guid":{"rendered":"https:\/\/www.cde.ual.es\/?p=30253"},"modified":"2019-11-28T09:59:54","modified_gmt":"2019-11-28T08:59:54","slug":"the-european-commission-refers-spain-to-the-court-of-justice-for-its-rules-on-the-compensation-for-damages-incurred-by-private-partie","status":"publish","type":"post","link":"https:\/\/www.cde.ual.es\/en\/the-european-commission-refers-spain-to-the-court-of-justice-for-its-rules-on-the-compensation-for-damages-incurred-by-private-partie\/","title":{"rendered":"The European Commission refers Spain to the Court of Justice for its rules on the compensation for damages incurred by private partie"},"content":{"rendered":"<p><strong>The European Commission decided to refer Spain to the Court of Justice of the EU regarding Spanish rules on compensation for damages caused by the State when adopting legislation contrary to Union law<\/strong><\/p>\n<p><a href=\"https:\/\/www.cde.ual.es\/wp-content\/uploads\/2019\/02\/Comisi\u00f3n-Europea.jpg\"><img decoding=\"async\" class=\"aligncenter size-medium wp-image-25118\" src=\"https:\/\/www.cde.ual.es\/wp-content\/uploads\/2019\/02\/Comisi\u00f3n-Europea-300x200.jpg\" alt=\"\" width=\"300\" height=\"200\" srcset=\"https:\/\/www.cde.ual.es\/wp-content\/uploads\/2019\/02\/Comisi\u00f3n-Europea-300x200.jpg 300w, https:\/\/www.cde.ual.es\/wp-content\/uploads\/2019\/02\/Comisi\u00f3n-Europea-768x512.jpg 768w, https:\/\/www.cde.ual.es\/wp-content\/uploads\/2019\/02\/Comisi\u00f3n-Europea.jpg 960w\" sizes=\"(max-width: 300px) 100vw, 300px\" \/><\/a><\/p>\n<p>Following complaints received about certain Spanish provisions regulating the compensation for damages caused by legislative acts that are in breach of Union law, the European Commission initiated an infringement procedure on 14 June 2017, considering that these provisions are in breach of the principles of effectiveness and\/or equivalence. These principles limit the procedural and substantive autonomy of the Member States when they set the conditions for liability in case of breaches of Union law.<\/p>\n<p>Firstly, the Spanish legislation makes compensation conditional on a number of cumulative conditions: there has to be a judgment of the Court of Justice of the European Union declaring a Spanish legislative act to be in breach of Union law; the injured party needs to have obtained, at any instance, a final judgment dismissing an appeal against the administrative decision which caused the damage; and the injured party needs to have alleged the breach of Union law during that appeal procedure. Following established case-law, these conditions make the award of damages by the State for breaches of Union law excessively difficult and thereby violate the principle of effectiveness.<\/p>\n<p>Secondly, the Spanish rules establish less favourable conditions for the liability of the State resulting from a breach of Union law than for the liability resulting from breaches of the Spanish Constitution. This is a violation of the principle of equivalence.<\/p>\n<h3><strong>Background<\/strong><\/h3>\n<p>The Spanish authorities, in their reply to the Commission&#8217;s 2017 letter of formal notice, considered that their system of State liability was in conformity with Union law. Given that this reply was not satisfactory, on 26 January 2018, the Commission issued a Reasoned Opinion reiterating its arguments. The Spanish authorities replied on 26 March and sent a complementary reply on 21 December. Further contacts and exchanges between the Spanish authorities and the Commission followed, but to date they have not resulted in any progress. The Commission has therefore decided to refer Spain to the Court of Justice under Article 258 Treaty on the Functioning of the European Union.<\/p>\n<h3>More Information<\/h3>\n<p><a href=\"https:\/\/ec.europa.eu\/commission\/presscorner\/detail\/en\/IP_19_6299\" target=\"_blank\" rel=\"noopener\">Press Release<\/a><\/p>\n","protected":false},"excerpt":{"rendered":"<p>The European Commission decided to refer Spain to the Court of Justice of the EU regarding Spanish rules on compensation for damages caused by the State when adopting legislation contrary to Union law Following complaints received about certain Spanish provisions regulating the compensation for damages caused by legislative acts that are in breach of Union [&hellip;]<\/p>\n","protected":false},"author":101011,"featured_media":25119,"comment_status":"open","ping_status":"open","sticky":false,"template":"","format":"standard","meta":{"_acf_changed":false,"_relevanssi_hide_post":"","_relevanssi_hide_content":"","_relevanssi_pin_for_all":"","_relevanssi_pin_keywords":"","_relevanssi_unpin_keywords":"","_relevanssi_related_keywords":"","_relevanssi_related_include_ids":"","_relevanssi_related_exclude_ids":"","_relevanssi_related_no_append":"","_relevanssi_related_not_related":"","_relevanssi_related_posts":"","_relevanssi_noindex_reason":"","_monsterinsights_skip_tracking":false,"_monsterinsights_sitenote_active":false,"_monsterinsights_sitenote_note":"","_monsterinsights_sitenote_category":0,"_genesis_hide_title":false,"_genesis_hide_breadcrumbs":false,"_genesis_hide_singular_image":false,"_genesis_hide_footer_widgets":false,"_genesis_custom_body_class":"","_genesis_custom_post_class":"","_genesis_layout":"","footnotes":""},"categories":[346],"tags":[807,412,806],"class_list":{"0":"post-30253","1":"post","2":"type-post","3":"status-publish","4":"format-standard","5":"has-post-thumbnail","7":"category-eu-news","8":"tag-court-of-justice","9":"tag-law","10":"tag-spain","11":"entry"},"acf":[],"yoast_head":"<!-- This site is optimized with the Yoast SEO plugin v27.5 - https:\/\/yoast.com\/product\/yoast-seo-wordpress\/ -->\n<title>The European Commission refers Spain to the Court of Justice for its rules on the compensation for damages incurred by private partie | CDE Almer\u00eda - Centro de Documentaci\u00f3n Europea - Universidad de Almer\u00eda<\/title>\n<meta name=\"robots\" content=\"index, follow, max-snippet:-1, max-image-preview:large, max-video-preview:-1\" \/>\n<link rel=\"canonical\" href=\"https:\/\/www.cde.ual.es\/en\/the-european-commission-refers-spain-to-the-court-of-justice-for-its-rules-on-the-compensation-for-damages-incurred-by-private-partie\/\" \/>\n<meta property=\"og:locale\" content=\"en_US\" \/>\n<meta property=\"og:type\" content=\"article\" \/>\n<meta property=\"og:title\" content=\"The European Commission refers Spain to the Court of Justice for its rules on the compensation for damages incurred by private partie | CDE Almer\u00eda - Centro de Documentaci\u00f3n Europea - Universidad de Almer\u00eda\" \/>\n<meta property=\"og:description\" content=\"The European Commission decided to refer Spain to the Court of Justice of the EU regarding Spanish rules on compensation for damages caused by the State when adopting legislation contrary to Union law Following complaints received about certain Spanish provisions regulating the compensation for damages caused by legislative acts that are in breach of Union [&hellip;]\" \/>\n<meta property=\"og:url\" content=\"https:\/\/www.cde.ual.es\/en\/the-european-commission-refers-spain-to-the-court-of-justice-for-its-rules-on-the-compensation-for-damages-incurred-by-private-partie\/\" \/>\n<meta property=\"og:site_name\" content=\"CDE Almer\u00eda - Centro de Documentaci\u00f3n Europea - Universidad de Almer\u00eda\" \/>\n<meta property=\"article:publisher\" content=\"https:\/\/www.facebook.com\/cdeuniversidadalmeria\/\" \/>\n<meta property=\"article:published_time\" content=\"2019-11-29T02:00:57+00:00\" \/>\n<meta property=\"og:image\" content=\"https:\/\/www.cde.ual.es\/wp-content\/uploads\/2019\/02\/Comisi\u00f3n-Europea.jpg\" \/>\n\t<meta property=\"og:image:width\" content=\"960\" \/>\n\t<meta property=\"og:image:height\" content=\"640\" \/>\n\t<meta property=\"og:image:type\" content=\"image\/jpeg\" \/>\n<meta name=\"author\" content=\"BECA 2 CDE\" \/>\n<meta name=\"twitter:card\" content=\"summary_large_image\" \/>\n<meta name=\"twitter:creator\" content=\"@cdeualmeria\" \/>\n<meta name=\"twitter:site\" content=\"@cdeualmeria\" \/>\n<meta name=\"twitter:label1\" content=\"Written by\" \/>\n\t<meta name=\"twitter:data1\" content=\"BECA 2 CDE\" \/>\n\t<meta name=\"twitter:label2\" content=\"Est. reading time\" \/>\n\t<meta name=\"twitter:data2\" content=\"2 minutes\" \/>\n<script type=\"application\/ld+json\" class=\"yoast-schema-graph\">{\"@context\":\"https:\\\/\\\/schema.org\",\"@graph\":[{\"@type\":\"Article\",\"@id\":\"https:\\\/\\\/www.cde.ual.es\\\/en\\\/the-european-commission-refers-spain-to-the-court-of-justice-for-its-rules-on-the-compensation-for-damages-incurred-by-private-partie\\\/#article\",\"isPartOf\":{\"@id\":\"https:\\\/\\\/www.cde.ual.es\\\/en\\\/the-european-commission-refers-spain-to-the-court-of-justice-for-its-rules-on-the-compensation-for-damages-incurred-by-private-partie\\\/\"},\"author\":{\"name\":\"BECA 2 CDE\",\"@id\":\"https:\\\/\\\/www.cde.ual.es\\\/#\\\/schema\\\/person\\\/ee46ebc19edfa19598c02cff83335acc\"},\"headline\":\"The European Commission refers Spain to the Court of Justice for its rules on the compensation for damages incurred by private partie\",\"datePublished\":\"2019-11-29T02:00:57+00:00\",\"mainEntityOfPage\":{\"@id\":\"https:\\\/\\\/www.cde.ual.es\\\/en\\\/the-european-commission-refers-spain-to-the-court-of-justice-for-its-rules-on-the-compensation-for-damages-incurred-by-private-partie\\\/\"},\"wordCount\":385,\"commentCount\":0,\"publisher\":{\"@id\":\"https:\\\/\\\/www.cde.ual.es\\\/#organization\"},\"image\":{\"@id\":\"https:\\\/\\\/www.cde.ual.es\\\/en\\\/the-european-commission-refers-spain-to-the-court-of-justice-for-its-rules-on-the-compensation-for-damages-incurred-by-private-partie\\\/#primaryimage\"},\"thumbnailUrl\":\"https:\\\/\\\/www.cde.ual.es\\\/wp-content\\\/uploads\\\/2019\\\/02\\\/Comisi\u00f3n-Europea.jpg\",\"keywords\":[\"Court of Justice\",\"Law\",\"Spain\"],\"articleSection\":[\"EU News\"],\"inLanguage\":\"en-US\",\"potentialAction\":[{\"@type\":\"CommentAction\",\"name\":\"Comment\",\"target\":[\"https:\\\/\\\/www.cde.ual.es\\\/en\\\/the-european-commission-refers-spain-to-the-court-of-justice-for-its-rules-on-the-compensation-for-damages-incurred-by-private-partie\\\/#respond\"]}]},{\"@type\":\"WebPage\",\"@id\":\"https:\\\/\\\/www.cde.ual.es\\\/en\\\/the-european-commission-refers-spain-to-the-court-of-justice-for-its-rules-on-the-compensation-for-damages-incurred-by-private-partie\\\/\",\"url\":\"https:\\\/\\\/www.cde.ual.es\\\/en\\\/the-european-commission-refers-spain-to-the-court-of-justice-for-its-rules-on-the-compensation-for-damages-incurred-by-private-partie\\\/\",\"name\":\"The European Commission refers Spain to the Court of Justice for its rules on the compensation for damages incurred by private partie | CDE Almer\u00eda - Centro de Documentaci\u00f3n Europea - Universidad de Almer\u00eda\",\"isPartOf\":{\"@id\":\"https:\\\/\\\/www.cde.ual.es\\\/#website\"},\"primaryImageOfPage\":{\"@id\":\"https:\\\/\\\/www.cde.ual.es\\\/en\\\/the-european-commission-refers-spain-to-the-court-of-justice-for-its-rules-on-the-compensation-for-damages-incurred-by-private-partie\\\/#primaryimage\"},\"image\":{\"@id\":\"https:\\\/\\\/www.cde.ual.es\\\/en\\\/the-european-commission-refers-spain-to-the-court-of-justice-for-its-rules-on-the-compensation-for-damages-incurred-by-private-partie\\\/#primaryimage\"},\"thumbnailUrl\":\"https:\\\/\\\/www.cde.ual.es\\\/wp-content\\\/uploads\\\/2019\\\/02\\\/Comisi\u00f3n-Europea.jpg\",\"datePublished\":\"2019-11-29T02:00:57+00:00\",\"breadcrumb\":{\"@id\":\"https:\\\/\\\/www.cde.ual.es\\\/en\\\/the-european-commission-refers-spain-to-the-court-of-justice-for-its-rules-on-the-compensation-for-damages-incurred-by-private-partie\\\/#breadcrumb\"},\"inLanguage\":\"en-US\",\"potentialAction\":[{\"@type\":\"ReadAction\",\"target\":[\"https:\\\/\\\/www.cde.ual.es\\\/en\\\/the-european-commission-refers-spain-to-the-court-of-justice-for-its-rules-on-the-compensation-for-damages-incurred-by-private-partie\\\/\"]}]},{\"@type\":\"ImageObject\",\"inLanguage\":\"en-US\",\"@id\":\"https:\\\/\\\/www.cde.ual.es\\\/en\\\/the-european-commission-refers-spain-to-the-court-of-justice-for-its-rules-on-the-compensation-for-damages-incurred-by-private-partie\\\/#primaryimage\",\"url\":\"https:\\\/\\\/www.cde.ual.es\\\/wp-content\\\/uploads\\\/2019\\\/02\\\/Comisi\u00f3n-Europea.jpg\",\"contentUrl\":\"https:\\\/\\\/www.cde.ual.es\\\/wp-content\\\/uploads\\\/2019\\\/02\\\/Comisi\u00f3n-Europea.jpg\",\"width\":960,\"height\":640,\"caption\":\"banderas europeas\"},{\"@type\":\"BreadcrumbList\",\"@id\":\"https:\\\/\\\/www.cde.ual.es\\\/en\\\/the-european-commission-refers-spain-to-the-court-of-justice-for-its-rules-on-the-compensation-for-damages-incurred-by-private-partie\\\/#breadcrumb\",\"itemListElement\":[{\"@type\":\"ListItem\",\"position\":1,\"name\":\"Inicio\",\"item\":\"https:\\\/\\\/www.cde.ual.es\\\/en\\\/\"},{\"@type\":\"ListItem\",\"position\":2,\"name\":\"EU News\",\"item\":\"https:\\\/\\\/www.cde.ual.es\\\/en\\\/category\\\/eu-news\\\/\"},{\"@type\":\"ListItem\",\"position\":3,\"name\":\"The European Commission refers Spain to the Court of Justice for its rules on the compensation for damages incurred by private partie\"}]},{\"@type\":\"WebSite\",\"@id\":\"https:\\\/\\\/www.cde.ual.es\\\/#website\",\"url\":\"https:\\\/\\\/www.cde.ual.es\\\/\",\"name\":\"CDE Almer\u00eda - Centro de Documentaci\u00f3n Europea - Universidad de Almer\u00eda\",\"description\":\"Centro de Documentaci\u00f3n Europea de la Universidad de Almer\u00eda\",\"publisher\":{\"@id\":\"https:\\\/\\\/www.cde.ual.es\\\/#organization\"},\"alternateName\":\"CDE Almer\u00eda\",\"potentialAction\":[{\"@type\":\"SearchAction\",\"target\":{\"@type\":\"EntryPoint\",\"urlTemplate\":\"https:\\\/\\\/www.cde.ual.es\\\/?s={search_term_string}\"},\"query-input\":{\"@type\":\"PropertyValueSpecification\",\"valueRequired\":true,\"valueName\":\"search_term_string\"}}],\"inLanguage\":\"en-US\"},{\"@type\":\"Organization\",\"@id\":\"https:\\\/\\\/www.cde.ual.es\\\/#organization\",\"name\":\"Centro de Documentaci\u00f3n Europea de Almer\u00eda\",\"url\":\"https:\\\/\\\/www.cde.ual.es\\\/\",\"logo\":{\"@type\":\"ImageObject\",\"inLanguage\":\"en-US\",\"@id\":\"https:\\\/\\\/www.cde.ual.es\\\/#\\\/schema\\\/logo\\\/image\\\/\",\"url\":\"https:\\\/\\\/www.cde.ual.es\\\/wp-content\\\/uploads\\\/2025\\\/07\\\/cde-logo-3.png\",\"contentUrl\":\"https:\\\/\\\/www.cde.ual.es\\\/wp-content\\\/uploads\\\/2025\\\/07\\\/cde-logo-3.png\",\"width\":1400,\"height\":300,\"caption\":\"Centro de Documentaci\u00f3n Europea de Almer\u00eda\"},\"image\":{\"@id\":\"https:\\\/\\\/www.cde.ual.es\\\/#\\\/schema\\\/logo\\\/image\\\/\"},\"sameAs\":[\"https:\\\/\\\/www.facebook.com\\\/cdeuniversidadalmeria\\\/\",\"https:\\\/\\\/x.com\\\/cdeualmeria\",\"https:\\\/\\\/www.tiktok.com\\\/@cdealmeria\",\"https:\\\/\\\/www.instagram.com\\\/cdealmeria\\\/\",\"https:\\\/\\\/www.linkedin.com\\\/in\\\/cde-almera-812b26a9\\\/\"]},{\"@type\":\"Person\",\"@id\":\"https:\\\/\\\/www.cde.ual.es\\\/#\\\/schema\\\/person\\\/ee46ebc19edfa19598c02cff83335acc\",\"name\":\"BECA 2 CDE\",\"image\":{\"@type\":\"ImageObject\",\"inLanguage\":\"en-US\",\"@id\":\"https:\\\/\\\/secure.gravatar.com\\\/avatar\\\/35a481bbc04bbd90e91bdfa3b0b5541036c222a49b9ad37b6889a2afcb5311a5?s=96&d=mm&r=g\",\"url\":\"https:\\\/\\\/secure.gravatar.com\\\/avatar\\\/35a481bbc04bbd90e91bdfa3b0b5541036c222a49b9ad37b6889a2afcb5311a5?s=96&d=mm&r=g\",\"contentUrl\":\"https:\\\/\\\/secure.gravatar.com\\\/avatar\\\/35a481bbc04bbd90e91bdfa3b0b5541036c222a49b9ad37b6889a2afcb5311a5?s=96&d=mm&r=g\",\"caption\":\"BECA 2 CDE\"},\"sameAs\":[\"http:\\\/\\\/www.cdealmeria.com\"]}]}<\/script>\n<!-- \/ Yoast SEO plugin. -->","yoast_head_json":{"title":"The European Commission refers Spain to the Court of Justice for its rules on the compensation for damages incurred by private partie | CDE Almer\u00eda - Centro de Documentaci\u00f3n Europea - Universidad de Almer\u00eda","robots":{"index":"index","follow":"follow","max-snippet":"max-snippet:-1","max-image-preview":"max-image-preview:large","max-video-preview":"max-video-preview:-1"},"canonical":"https:\/\/www.cde.ual.es\/en\/the-european-commission-refers-spain-to-the-court-of-justice-for-its-rules-on-the-compensation-for-damages-incurred-by-private-partie\/","og_locale":"en_US","og_type":"article","og_title":"The European Commission refers Spain to the Court of Justice for its rules on the compensation for damages incurred by private partie | CDE Almer\u00eda - Centro de Documentaci\u00f3n Europea - Universidad de Almer\u00eda","og_description":"The European Commission decided to refer Spain to the Court of Justice of the EU regarding Spanish rules on compensation for damages caused by the State when adopting legislation contrary to Union law Following complaints received about certain Spanish provisions regulating the compensation for damages caused by legislative acts that are in breach of Union [&hellip;]","og_url":"https:\/\/www.cde.ual.es\/en\/the-european-commission-refers-spain-to-the-court-of-justice-for-its-rules-on-the-compensation-for-damages-incurred-by-private-partie\/","og_site_name":"CDE Almer\u00eda - Centro de Documentaci\u00f3n Europea - Universidad de Almer\u00eda","article_publisher":"https:\/\/www.facebook.com\/cdeuniversidadalmeria\/","article_published_time":"2019-11-29T02:00:57+00:00","og_image":[{"width":960,"height":640,"url":"https:\/\/www.cde.ual.es\/wp-content\/uploads\/2019\/02\/Comisi\u00f3n-Europea.jpg","type":"image\/jpeg"}],"author":"BECA 2 CDE","twitter_card":"summary_large_image","twitter_creator":"@cdeualmeria","twitter_site":"@cdeualmeria","twitter_misc":{"Written by":"BECA 2 CDE","Est. reading time":"2 minutes"},"schema":{"@context":"https:\/\/schema.org","@graph":[{"@type":"Article","@id":"https:\/\/www.cde.ual.es\/en\/the-european-commission-refers-spain-to-the-court-of-justice-for-its-rules-on-the-compensation-for-damages-incurred-by-private-partie\/#article","isPartOf":{"@id":"https:\/\/www.cde.ual.es\/en\/the-european-commission-refers-spain-to-the-court-of-justice-for-its-rules-on-the-compensation-for-damages-incurred-by-private-partie\/"},"author":{"name":"BECA 2 CDE","@id":"https:\/\/www.cde.ual.es\/#\/schema\/person\/ee46ebc19edfa19598c02cff83335acc"},"headline":"The European Commission refers Spain to the Court of Justice for its rules on the compensation for damages incurred by private partie","datePublished":"2019-11-29T02:00:57+00:00","mainEntityOfPage":{"@id":"https:\/\/www.cde.ual.es\/en\/the-european-commission-refers-spain-to-the-court-of-justice-for-its-rules-on-the-compensation-for-damages-incurred-by-private-partie\/"},"wordCount":385,"commentCount":0,"publisher":{"@id":"https:\/\/www.cde.ual.es\/#organization"},"image":{"@id":"https:\/\/www.cde.ual.es\/en\/the-european-commission-refers-spain-to-the-court-of-justice-for-its-rules-on-the-compensation-for-damages-incurred-by-private-partie\/#primaryimage"},"thumbnailUrl":"https:\/\/www.cde.ual.es\/wp-content\/uploads\/2019\/02\/Comisi\u00f3n-Europea.jpg","keywords":["Court of Justice","Law","Spain"],"articleSection":["EU News"],"inLanguage":"en-US","potentialAction":[{"@type":"CommentAction","name":"Comment","target":["https:\/\/www.cde.ual.es\/en\/the-european-commission-refers-spain-to-the-court-of-justice-for-its-rules-on-the-compensation-for-damages-incurred-by-private-partie\/#respond"]}]},{"@type":"WebPage","@id":"https:\/\/www.cde.ual.es\/en\/the-european-commission-refers-spain-to-the-court-of-justice-for-its-rules-on-the-compensation-for-damages-incurred-by-private-partie\/","url":"https:\/\/www.cde.ual.es\/en\/the-european-commission-refers-spain-to-the-court-of-justice-for-its-rules-on-the-compensation-for-damages-incurred-by-private-partie\/","name":"The European Commission refers Spain to the Court of Justice for its rules on the compensation for damages incurred by private partie | CDE Almer\u00eda - Centro de Documentaci\u00f3n Europea - Universidad de Almer\u00eda","isPartOf":{"@id":"https:\/\/www.cde.ual.es\/#website"},"primaryImageOfPage":{"@id":"https:\/\/www.cde.ual.es\/en\/the-european-commission-refers-spain-to-the-court-of-justice-for-its-rules-on-the-compensation-for-damages-incurred-by-private-partie\/#primaryimage"},"image":{"@id":"https:\/\/www.cde.ual.es\/en\/the-european-commission-refers-spain-to-the-court-of-justice-for-its-rules-on-the-compensation-for-damages-incurred-by-private-partie\/#primaryimage"},"thumbnailUrl":"https:\/\/www.cde.ual.es\/wp-content\/uploads\/2019\/02\/Comisi\u00f3n-Europea.jpg","datePublished":"2019-11-29T02:00:57+00:00","breadcrumb":{"@id":"https:\/\/www.cde.ual.es\/en\/the-european-commission-refers-spain-to-the-court-of-justice-for-its-rules-on-the-compensation-for-damages-incurred-by-private-partie\/#breadcrumb"},"inLanguage":"en-US","potentialAction":[{"@type":"ReadAction","target":["https:\/\/www.cde.ual.es\/en\/the-european-commission-refers-spain-to-the-court-of-justice-for-its-rules-on-the-compensation-for-damages-incurred-by-private-partie\/"]}]},{"@type":"ImageObject","inLanguage":"en-US","@id":"https:\/\/www.cde.ual.es\/en\/the-european-commission-refers-spain-to-the-court-of-justice-for-its-rules-on-the-compensation-for-damages-incurred-by-private-partie\/#primaryimage","url":"https:\/\/www.cde.ual.es\/wp-content\/uploads\/2019\/02\/Comisi\u00f3n-Europea.jpg","contentUrl":"https:\/\/www.cde.ual.es\/wp-content\/uploads\/2019\/02\/Comisi\u00f3n-Europea.jpg","width":960,"height":640,"caption":"banderas europeas"},{"@type":"BreadcrumbList","@id":"https:\/\/www.cde.ual.es\/en\/the-european-commission-refers-spain-to-the-court-of-justice-for-its-rules-on-the-compensation-for-damages-incurred-by-private-partie\/#breadcrumb","itemListElement":[{"@type":"ListItem","position":1,"name":"Inicio","item":"https:\/\/www.cde.ual.es\/en\/"},{"@type":"ListItem","position":2,"name":"EU News","item":"https:\/\/www.cde.ual.es\/en\/category\/eu-news\/"},{"@type":"ListItem","position":3,"name":"The European Commission refers Spain to the Court of Justice for its rules on the compensation for damages incurred by private partie"}]},{"@type":"WebSite","@id":"https:\/\/www.cde.ual.es\/#website","url":"https:\/\/www.cde.ual.es\/","name":"CDE Almer\u00eda - Centro de Documentaci\u00f3n Europea - Universidad de Almer\u00eda","description":"Centro de Documentaci\u00f3n Europea de la Universidad de Almer\u00eda","publisher":{"@id":"https:\/\/www.cde.ual.es\/#organization"},"alternateName":"CDE Almer\u00eda","potentialAction":[{"@type":"SearchAction","target":{"@type":"EntryPoint","urlTemplate":"https:\/\/www.cde.ual.es\/?s={search_term_string}"},"query-input":{"@type":"PropertyValueSpecification","valueRequired":true,"valueName":"search_term_string"}}],"inLanguage":"en-US"},{"@type":"Organization","@id":"https:\/\/www.cde.ual.es\/#organization","name":"Centro de Documentaci\u00f3n Europea de Almer\u00eda","url":"https:\/\/www.cde.ual.es\/","logo":{"@type":"ImageObject","inLanguage":"en-US","@id":"https:\/\/www.cde.ual.es\/#\/schema\/logo\/image\/","url":"https:\/\/www.cde.ual.es\/wp-content\/uploads\/2025\/07\/cde-logo-3.png","contentUrl":"https:\/\/www.cde.ual.es\/wp-content\/uploads\/2025\/07\/cde-logo-3.png","width":1400,"height":300,"caption":"Centro de Documentaci\u00f3n Europea de Almer\u00eda"},"image":{"@id":"https:\/\/www.cde.ual.es\/#\/schema\/logo\/image\/"},"sameAs":["https:\/\/www.facebook.com\/cdeuniversidadalmeria\/","https:\/\/x.com\/cdeualmeria","https:\/\/www.tiktok.com\/@cdealmeria","https:\/\/www.instagram.com\/cdealmeria\/","https:\/\/www.linkedin.com\/in\/cde-almera-812b26a9\/"]},{"@type":"Person","@id":"https:\/\/www.cde.ual.es\/#\/schema\/person\/ee46ebc19edfa19598c02cff83335acc","name":"BECA 2 CDE","image":{"@type":"ImageObject","inLanguage":"en-US","@id":"https:\/\/secure.gravatar.com\/avatar\/35a481bbc04bbd90e91bdfa3b0b5541036c222a49b9ad37b6889a2afcb5311a5?s=96&d=mm&r=g","url":"https:\/\/secure.gravatar.com\/avatar\/35a481bbc04bbd90e91bdfa3b0b5541036c222a49b9ad37b6889a2afcb5311a5?s=96&d=mm&r=g","contentUrl":"https:\/\/secure.gravatar.com\/avatar\/35a481bbc04bbd90e91bdfa3b0b5541036c222a49b9ad37b6889a2afcb5311a5?s=96&d=mm&r=g","caption":"BECA 2 CDE"},"sameAs":["http:\/\/www.cdealmeria.com"]}]}},"_links":{"self":[{"href":"https:\/\/www.cde.ual.es\/en\/wp-json\/wp\/v2\/posts\/30253","targetHints":{"allow":["GET"]}}],"collection":[{"href":"https:\/\/www.cde.ual.es\/en\/wp-json\/wp\/v2\/posts"}],"about":[{"href":"https:\/\/www.cde.ual.es\/en\/wp-json\/wp\/v2\/types\/post"}],"author":[{"embeddable":true,"href":"https:\/\/www.cde.ual.es\/en\/wp-json\/wp\/v2\/users\/101011"}],"replies":[{"embeddable":true,"href":"https:\/\/www.cde.ual.es\/en\/wp-json\/wp\/v2\/comments?post=30253"}],"version-history":[{"count":0,"href":"https:\/\/www.cde.ual.es\/en\/wp-json\/wp\/v2\/posts\/30253\/revisions"}],"wp:featuredmedia":[{"embeddable":true,"href":"https:\/\/www.cde.ual.es\/en\/wp-json\/wp\/v2\/media\/25119"}],"wp:attachment":[{"href":"https:\/\/www.cde.ual.es\/en\/wp-json\/wp\/v2\/media?parent=30253"}],"wp:term":[{"taxonomy":"category","embeddable":true,"href":"https:\/\/www.cde.ual.es\/en\/wp-json\/wp\/v2\/categories?post=30253"},{"taxonomy":"post_tag","embeddable":true,"href":"https:\/\/www.cde.ual.es\/en\/wp-json\/wp\/v2\/tags?post=30253"}],"curies":[{"name":"wp","href":"https:\/\/api.w.org\/{rel}","templated":true}]}}