{"id":29780,"date":"2019-11-25T03:00:29","date_gmt":"2019-11-25T02:00:29","guid":{"rendered":"https:\/\/www.cde.ual.es\/?p=29780"},"modified":"2019-11-25T09:24:07","modified_gmt":"2019-11-25T08:24:07","slug":"amif-2019-protection-of-children-in-migration","status":"publish","type":"post","link":"https:\/\/www.cde.ual.es\/en\/amif-2019-protection-of-children-in-migration\/","title":{"rendered":"AMIF-2019: Protection of children in migration"},"content":{"rendered":"<p><em><strong>The number of unaccompanied migrant children arriving to the EU frontline Member States is notable: in Spain, 13,500 estimated to be present on the territory at the end of 2018, in Italy 8,500, and in Greece 3,700.<\/strong><\/em><\/p>\n<h3><a href=\"https:\/\/www.cde.ual.es\/wp-content\/uploads\/2019\/11\/ni\u00f1os-migrantes.jpg\"><img decoding=\"async\" class=\"size-medium wp-image-29775 aligncenter\" src=\"https:\/\/www.cde.ual.es\/wp-content\/uploads\/2019\/11\/ni\u00f1os-migrantes-300x214.jpg\" alt=\"\" width=\"300\" height=\"214\" srcset=\"https:\/\/www.cde.ual.es\/wp-content\/uploads\/2019\/11\/ni\u00f1os-migrantes-300x214.jpg 300w, https:\/\/www.cde.ual.es\/wp-content\/uploads\/2019\/11\/ni\u00f1os-migrantes-768x549.jpg 768w, https:\/\/www.cde.ual.es\/wp-content\/uploads\/2019\/11\/ni\u00f1os-migrantes-1024x732.jpg 1024w, https:\/\/www.cde.ual.es\/wp-content\/uploads\/2019\/11\/ni\u00f1os-migrantes.jpg 1920w\" sizes=\"(max-width: 300px) 100vw, 300px\" \/><\/a><strong>Objectives<\/strong><\/h3>\n<p>The objective of this topic is to fund Projects focusing on the exchange of good practices and\/or provision of the necessary training across the Member States so as to support the implementation\/expansion\/improvement care systems for the migrant children and\/or of effective alternatives to the detention of children on grounds related to migration.<\/p>\n<h3><strong>Outcomes<\/strong><\/h3>\n<p>The projects financed under this topic should achieve the following outcomes:<\/p>\n<ul>\n<li>Creation\/consolidation\/expansion and improvement of foster\/family-based\/independent living alternative care systems that are better adapted to the needs of children and more apt to promote their sound development. Increased\/improved use of family-based care\/foster care\/supervised independent housing for unaccompanied children.<\/li>\n<li>Creation\/consolidation\/expansion and improvement of effective and viable alternatives to the detention of migrant children, especially to prevent absconding.<\/li>\n<li>Training and preparation of staff\/foster carers\/family-based carers for performing all tasks related to promoting the well-being of the children. Preparing the carers for being able to identify and cater for the individual needs of each child and to table a tailored response to meet them.<\/li>\n<li>Exchange of good practices and &#8216;know how&#8217; across the Member States.<\/li>\n<\/ul>\n<p>Improved access to of alternative care systems and to effective alternatives to detention for the migrant children, measurable through indicators such as:<\/p>\n<ul>\n<li>Number of migrant children who will benefit from the projects (Possibly disaggregated by age groups 0-14 and 15-17), and duration (for how long).<\/li>\n<li>Number of training days that carers benefit from.<\/li>\n<li>Number of places in alternative care (foster care, family-based care, (semi)-independent living etc.) covered by the project.<\/li>\n<li>Number of places in alternatives to detention (specifying if new places were created) covered by the project.<\/li>\n<li>Description of the services provided to unaccompanied minors that were improved as a result of the project.<\/li>\n<\/ul>\n<h3>M\u00e1s informaci\u00f3n<\/h3>\n<p><a href=\"https:\/\/ec.europa.eu\/info\/funding-tenders\/opportunities\/portal\/screen\/opportunities\/topic-details\/amif-2019-ag-call-06;freeTextSearchKeyword=;typeCodes=1;statusCodes=31094502;programCode=AMIF;programDivisionCode=null;focusAreaCode=null;crossCuttingPriorityCode=null;callCode=Default;sortQuery=openingDate;orderBy=desc;onlyTenders=false;topicListKey=topicSearchTablePageState\">Convocatoria<\/a><\/p>\n<p><a href=\"https:\/\/ec.europa.eu\/research\/participants\/data\/ref\/other_eu_prog\/other\/home\/guide\/amif-info-session-2019-ag-call-06_en.pdf\">Presentaci\u00f3n del tema<\/a><\/p>\n","protected":false},"excerpt":{"rendered":"<p>The number of unaccompanied migrant children arriving to the EU frontline Member States is notable: in Spain, 13,500 estimated to be present on the territory at the end of 2018, in Italy 8,500, and in Greece 3,700. Objectives The objective of this topic is to fund Projects focusing on the exchange of good practices and\/or [&hellip;]<\/p>\n","protected":false},"author":101012,"featured_media":29776,"comment_status":"open","ping_status":"open","sticky":false,"template":"","format":"standard","meta":{"_acf_changed":false,"_relevanssi_hide_post":"","_relevanssi_hide_content":"","_relevanssi_pin_for_all":"","_relevanssi_pin_keywords":"","_relevanssi_unpin_keywords":"","_relevanssi_related_keywords":"","_relevanssi_related_include_ids":"","_relevanssi_related_exclude_ids":"","_relevanssi_related_no_append":"","_relevanssi_related_not_related":"","_relevanssi_related_posts":"","_relevanssi_noindex_reason":"","_monsterinsights_skip_tracking":false,"_monsterinsights_sitenote_active":false,"_monsterinsights_sitenote_note":"","_monsterinsights_sitenote_category":0,"_genesis_hide_title":false,"_genesis_hide_breadcrumbs":false,"_genesis_hide_singular_image":false,"_genesis_hide_footer_widgets":false,"_genesis_custom_body_class":"","_genesis_custom_post_class":"","_genesis_layout":"","footnotes":""},"categories":[366],"tags":[649],"class_list":{"0":"post-29780","1":"post","2":"type-post","3":"status-publish","4":"format-standard","5":"has-post-thumbnail","7":"category-eu-calls-and-awards","8":"tag-asylum","9":"entry"},"acf":[],"yoast_head":"<!-- This site is optimized with the Yoast SEO plugin v27.5 - https:\/\/yoast.com\/product\/yoast-seo-wordpress\/ -->\n<title>AMIF-2019: Protection of children in migration | CDE Almer\u00eda - Centro de Documentaci\u00f3n Europea - Universidad de Almer\u00eda<\/title>\n<meta name=\"robots\" content=\"index, follow, max-snippet:-1, max-image-preview:large, max-video-preview:-1\" \/>\n<link rel=\"canonical\" href=\"https:\/\/www.cde.ual.es\/en\/amif-2019-protection-of-children-in-migration\/\" \/>\n<meta property=\"og:locale\" content=\"en_US\" \/>\n<meta property=\"og:type\" content=\"article\" \/>\n<meta property=\"og:title\" content=\"AMIF-2019: Protection of children in migration | CDE Almer\u00eda - Centro de Documentaci\u00f3n Europea - Universidad de Almer\u00eda\" \/>\n<meta property=\"og:description\" content=\"The number of unaccompanied migrant children arriving to the EU frontline Member States is notable: in Spain, 13,500 estimated to be present on the territory at the end of 2018, in Italy 8,500, and in Greece 3,700. Objectives The objective of this topic is to fund Projects focusing on the exchange of good practices and\/or [&hellip;]\" \/>\n<meta property=\"og:url\" content=\"https:\/\/www.cde.ual.es\/en\/amif-2019-protection-of-children-in-migration\/\" \/>\n<meta property=\"og:site_name\" content=\"CDE Almer\u00eda - Centro de Documentaci\u00f3n Europea - Universidad de Almer\u00eda\" \/>\n<meta property=\"article:publisher\" content=\"https:\/\/www.facebook.com\/cdeuniversidadalmeria\/\" \/>\n<meta property=\"article:published_time\" content=\"2019-11-25T02:00:29+00:00\" \/>\n<meta property=\"article:modified_time\" content=\"2019-11-25T08:24:07+00:00\" \/>\n<meta property=\"og:image\" content=\"https:\/\/www.cde.ual.es\/wp-content\/uploads\/2019\/11\/ni\u00f1os-migrantes.jpg\" \/>\n\t<meta property=\"og:image:width\" content=\"1920\" \/>\n\t<meta property=\"og:image:height\" content=\"1372\" \/>\n\t<meta property=\"og:image:type\" content=\"image\/jpeg\" \/>\n<meta name=\"author\" content=\"BECACDE1\" \/>\n<meta name=\"twitter:card\" content=\"summary_large_image\" \/>\n<meta name=\"twitter:creator\" content=\"@cdeualmeria\" \/>\n<meta name=\"twitter:site\" content=\"@cdeualmeria\" \/>\n<meta name=\"twitter:label1\" content=\"Written by\" \/>\n\t<meta name=\"twitter:data1\" content=\"BECACDE1\" \/>\n\t<meta name=\"twitter:label2\" content=\"Est. reading time\" \/>\n\t<meta name=\"twitter:data2\" content=\"2 minutes\" \/>\n<script type=\"application\/ld+json\" class=\"yoast-schema-graph\">{\"@context\":\"https:\\\/\\\/schema.org\",\"@graph\":[{\"@type\":\"Article\",\"@id\":\"https:\\\/\\\/www.cde.ual.es\\\/en\\\/amif-2019-protection-of-children-in-migration\\\/#article\",\"isPartOf\":{\"@id\":\"https:\\\/\\\/www.cde.ual.es\\\/en\\\/amif-2019-protection-of-children-in-migration\\\/\"},\"author\":{\"name\":\"BECACDE1\",\"@id\":\"https:\\\/\\\/www.cde.ual.es\\\/#\\\/schema\\\/person\\\/bf2f837cf3353e2161fe1087adbd728f\"},\"headline\":\"AMIF-2019: Protection of children in migration\",\"datePublished\":\"2019-11-25T02:00:29+00:00\",\"dateModified\":\"2019-11-25T08:24:07+00:00\",\"mainEntityOfPage\":{\"@id\":\"https:\\\/\\\/www.cde.ual.es\\\/en\\\/amif-2019-protection-of-children-in-migration\\\/\"},\"wordCount\":344,\"commentCount\":0,\"publisher\":{\"@id\":\"https:\\\/\\\/www.cde.ual.es\\\/#organization\"},\"image\":{\"@id\":\"https:\\\/\\\/www.cde.ual.es\\\/en\\\/amif-2019-protection-of-children-in-migration\\\/#primaryimage\"},\"thumbnailUrl\":\"https:\\\/\\\/www.cde.ual.es\\\/wp-content\\\/uploads\\\/2019\\\/11\\\/ni\u00f1os-migrantes.jpg\",\"keywords\":[\"Asylum\"],\"articleSection\":[\"EU Calls and Awards\"],\"inLanguage\":\"en-US\",\"potentialAction\":[{\"@type\":\"CommentAction\",\"name\":\"Comment\",\"target\":[\"https:\\\/\\\/www.cde.ual.es\\\/en\\\/amif-2019-protection-of-children-in-migration\\\/#respond\"]}]},{\"@type\":\"WebPage\",\"@id\":\"https:\\\/\\\/www.cde.ual.es\\\/en\\\/amif-2019-protection-of-children-in-migration\\\/\",\"url\":\"https:\\\/\\\/www.cde.ual.es\\\/en\\\/amif-2019-protection-of-children-in-migration\\\/\",\"name\":\"AMIF-2019: Protection of children in migration | CDE Almer\u00eda - Centro de Documentaci\u00f3n Europea - Universidad de Almer\u00eda\",\"isPartOf\":{\"@id\":\"https:\\\/\\\/www.cde.ual.es\\\/#website\"},\"primaryImageOfPage\":{\"@id\":\"https:\\\/\\\/www.cde.ual.es\\\/en\\\/amif-2019-protection-of-children-in-migration\\\/#primaryimage\"},\"image\":{\"@id\":\"https:\\\/\\\/www.cde.ual.es\\\/en\\\/amif-2019-protection-of-children-in-migration\\\/#primaryimage\"},\"thumbnailUrl\":\"https:\\\/\\\/www.cde.ual.es\\\/wp-content\\\/uploads\\\/2019\\\/11\\\/ni\u00f1os-migrantes.jpg\",\"datePublished\":\"2019-11-25T02:00:29+00:00\",\"dateModified\":\"2019-11-25T08:24:07+00:00\",\"breadcrumb\":{\"@id\":\"https:\\\/\\\/www.cde.ual.es\\\/en\\\/amif-2019-protection-of-children-in-migration\\\/#breadcrumb\"},\"inLanguage\":\"en-US\",\"potentialAction\":[{\"@type\":\"ReadAction\",\"target\":[\"https:\\\/\\\/www.cde.ual.es\\\/en\\\/amif-2019-protection-of-children-in-migration\\\/\"]}]},{\"@type\":\"ImageObject\",\"inLanguage\":\"en-US\",\"@id\":\"https:\\\/\\\/www.cde.ual.es\\\/en\\\/amif-2019-protection-of-children-in-migration\\\/#primaryimage\",\"url\":\"https:\\\/\\\/www.cde.ual.es\\\/wp-content\\\/uploads\\\/2019\\\/11\\\/ni\u00f1os-migrantes.jpg\",\"contentUrl\":\"https:\\\/\\\/www.cde.ual.es\\\/wp-content\\\/uploads\\\/2019\\\/11\\\/ni\u00f1os-migrantes.jpg\",\"width\":1920,\"height\":1372},{\"@type\":\"BreadcrumbList\",\"@id\":\"https:\\\/\\\/www.cde.ual.es\\\/en\\\/amif-2019-protection-of-children-in-migration\\\/#breadcrumb\",\"itemListElement\":[{\"@type\":\"ListItem\",\"position\":1,\"name\":\"Inicio\",\"item\":\"https:\\\/\\\/www.cde.ual.es\\\/en\\\/\"},{\"@type\":\"ListItem\",\"position\":2,\"name\":\"EU Calls and Awards\",\"item\":\"https:\\\/\\\/www.cde.ual.es\\\/en\\\/category\\\/eu-calls-and-awards\\\/\"},{\"@type\":\"ListItem\",\"position\":3,\"name\":\"AMIF-2019: Protection of children in migration\"}]},{\"@type\":\"WebSite\",\"@id\":\"https:\\\/\\\/www.cde.ual.es\\\/#website\",\"url\":\"https:\\\/\\\/www.cde.ual.es\\\/\",\"name\":\"CDE Almer\u00eda - Centro de Documentaci\u00f3n Europea - Universidad de Almer\u00eda\",\"description\":\"Centro de Documentaci\u00f3n Europea de la Universidad de Almer\u00eda\",\"publisher\":{\"@id\":\"https:\\\/\\\/www.cde.ual.es\\\/#organization\"},\"alternateName\":\"CDE Almer\u00eda\",\"potentialAction\":[{\"@type\":\"SearchAction\",\"target\":{\"@type\":\"EntryPoint\",\"urlTemplate\":\"https:\\\/\\\/www.cde.ual.es\\\/?s={search_term_string}\"},\"query-input\":{\"@type\":\"PropertyValueSpecification\",\"valueRequired\":true,\"valueName\":\"search_term_string\"}}],\"inLanguage\":\"en-US\"},{\"@type\":\"Organization\",\"@id\":\"https:\\\/\\\/www.cde.ual.es\\\/#organization\",\"name\":\"Centro de Documentaci\u00f3n Europea de Almer\u00eda\",\"url\":\"https:\\\/\\\/www.cde.ual.es\\\/\",\"logo\":{\"@type\":\"ImageObject\",\"inLanguage\":\"en-US\",\"@id\":\"https:\\\/\\\/www.cde.ual.es\\\/#\\\/schema\\\/logo\\\/image\\\/\",\"url\":\"https:\\\/\\\/www.cde.ual.es\\\/wp-content\\\/uploads\\\/2025\\\/07\\\/cde-logo-3.png\",\"contentUrl\":\"https:\\\/\\\/www.cde.ual.es\\\/wp-content\\\/uploads\\\/2025\\\/07\\\/cde-logo-3.png\",\"width\":1400,\"height\":300,\"caption\":\"Centro de Documentaci\u00f3n Europea de Almer\u00eda\"},\"image\":{\"@id\":\"https:\\\/\\\/www.cde.ual.es\\\/#\\\/schema\\\/logo\\\/image\\\/\"},\"sameAs\":[\"https:\\\/\\\/www.facebook.com\\\/cdeuniversidadalmeria\\\/\",\"https:\\\/\\\/x.com\\\/cdeualmeria\",\"https:\\\/\\\/www.tiktok.com\\\/@cdealmeria\",\"https:\\\/\\\/www.instagram.com\\\/cdealmeria\\\/\",\"https:\\\/\\\/www.linkedin.com\\\/in\\\/cde-almera-812b26a9\\\/\"]},{\"@type\":\"Person\",\"@id\":\"https:\\\/\\\/www.cde.ual.es\\\/#\\\/schema\\\/person\\\/bf2f837cf3353e2161fe1087adbd728f\",\"name\":\"BECACDE1\",\"image\":{\"@type\":\"ImageObject\",\"inLanguage\":\"en-US\",\"@id\":\"https:\\\/\\\/secure.gravatar.com\\\/avatar\\\/16a4c1e422b5dec818ee13eab3353b19db9cfd278cc10f9b0e1188a37671d9d4?s=96&d=mm&r=g\",\"url\":\"https:\\\/\\\/secure.gravatar.com\\\/avatar\\\/16a4c1e422b5dec818ee13eab3353b19db9cfd278cc10f9b0e1188a37671d9d4?s=96&d=mm&r=g\",\"contentUrl\":\"https:\\\/\\\/secure.gravatar.com\\\/avatar\\\/16a4c1e422b5dec818ee13eab3353b19db9cfd278cc10f9b0e1188a37671d9d4?s=96&d=mm&r=g\",\"caption\":\"BECACDE1\"},\"sameAs\":[\"http:\\\/\\\/www.cdealmeria.com\"]}]}<\/script>\n<!-- \/ Yoast SEO plugin. -->","yoast_head_json":{"title":"AMIF-2019: Protection of children in migration | CDE Almer\u00eda - Centro de Documentaci\u00f3n Europea - Universidad de Almer\u00eda","robots":{"index":"index","follow":"follow","max-snippet":"max-snippet:-1","max-image-preview":"max-image-preview:large","max-video-preview":"max-video-preview:-1"},"canonical":"https:\/\/www.cde.ual.es\/en\/amif-2019-protection-of-children-in-migration\/","og_locale":"en_US","og_type":"article","og_title":"AMIF-2019: Protection of children in migration | CDE Almer\u00eda - Centro de Documentaci\u00f3n Europea - Universidad de Almer\u00eda","og_description":"The number of unaccompanied migrant children arriving to the EU frontline Member States is notable: in Spain, 13,500 estimated to be present on the territory at the end of 2018, in Italy 8,500, and in Greece 3,700. Objectives The objective of this topic is to fund Projects focusing on the exchange of good practices and\/or [&hellip;]","og_url":"https:\/\/www.cde.ual.es\/en\/amif-2019-protection-of-children-in-migration\/","og_site_name":"CDE Almer\u00eda - Centro de Documentaci\u00f3n Europea - Universidad de Almer\u00eda","article_publisher":"https:\/\/www.facebook.com\/cdeuniversidadalmeria\/","article_published_time":"2019-11-25T02:00:29+00:00","article_modified_time":"2019-11-25T08:24:07+00:00","og_image":[{"width":1920,"height":1372,"url":"https:\/\/www.cde.ual.es\/wp-content\/uploads\/2019\/11\/ni\u00f1os-migrantes.jpg","type":"image\/jpeg"}],"author":"BECACDE1","twitter_card":"summary_large_image","twitter_creator":"@cdeualmeria","twitter_site":"@cdeualmeria","twitter_misc":{"Written by":"BECACDE1","Est. reading time":"2 minutes"},"schema":{"@context":"https:\/\/schema.org","@graph":[{"@type":"Article","@id":"https:\/\/www.cde.ual.es\/en\/amif-2019-protection-of-children-in-migration\/#article","isPartOf":{"@id":"https:\/\/www.cde.ual.es\/en\/amif-2019-protection-of-children-in-migration\/"},"author":{"name":"BECACDE1","@id":"https:\/\/www.cde.ual.es\/#\/schema\/person\/bf2f837cf3353e2161fe1087adbd728f"},"headline":"AMIF-2019: Protection of children in migration","datePublished":"2019-11-25T02:00:29+00:00","dateModified":"2019-11-25T08:24:07+00:00","mainEntityOfPage":{"@id":"https:\/\/www.cde.ual.es\/en\/amif-2019-protection-of-children-in-migration\/"},"wordCount":344,"commentCount":0,"publisher":{"@id":"https:\/\/www.cde.ual.es\/#organization"},"image":{"@id":"https:\/\/www.cde.ual.es\/en\/amif-2019-protection-of-children-in-migration\/#primaryimage"},"thumbnailUrl":"https:\/\/www.cde.ual.es\/wp-content\/uploads\/2019\/11\/ni\u00f1os-migrantes.jpg","keywords":["Asylum"],"articleSection":["EU Calls and Awards"],"inLanguage":"en-US","potentialAction":[{"@type":"CommentAction","name":"Comment","target":["https:\/\/www.cde.ual.es\/en\/amif-2019-protection-of-children-in-migration\/#respond"]}]},{"@type":"WebPage","@id":"https:\/\/www.cde.ual.es\/en\/amif-2019-protection-of-children-in-migration\/","url":"https:\/\/www.cde.ual.es\/en\/amif-2019-protection-of-children-in-migration\/","name":"AMIF-2019: Protection of children in migration | CDE Almer\u00eda - Centro de Documentaci\u00f3n Europea - Universidad de Almer\u00eda","isPartOf":{"@id":"https:\/\/www.cde.ual.es\/#website"},"primaryImageOfPage":{"@id":"https:\/\/www.cde.ual.es\/en\/amif-2019-protection-of-children-in-migration\/#primaryimage"},"image":{"@id":"https:\/\/www.cde.ual.es\/en\/amif-2019-protection-of-children-in-migration\/#primaryimage"},"thumbnailUrl":"https:\/\/www.cde.ual.es\/wp-content\/uploads\/2019\/11\/ni\u00f1os-migrantes.jpg","datePublished":"2019-11-25T02:00:29+00:00","dateModified":"2019-11-25T08:24:07+00:00","breadcrumb":{"@id":"https:\/\/www.cde.ual.es\/en\/amif-2019-protection-of-children-in-migration\/#breadcrumb"},"inLanguage":"en-US","potentialAction":[{"@type":"ReadAction","target":["https:\/\/www.cde.ual.es\/en\/amif-2019-protection-of-children-in-migration\/"]}]},{"@type":"ImageObject","inLanguage":"en-US","@id":"https:\/\/www.cde.ual.es\/en\/amif-2019-protection-of-children-in-migration\/#primaryimage","url":"https:\/\/www.cde.ual.es\/wp-content\/uploads\/2019\/11\/ni\u00f1os-migrantes.jpg","contentUrl":"https:\/\/www.cde.ual.es\/wp-content\/uploads\/2019\/11\/ni\u00f1os-migrantes.jpg","width":1920,"height":1372},{"@type":"BreadcrumbList","@id":"https:\/\/www.cde.ual.es\/en\/amif-2019-protection-of-children-in-migration\/#breadcrumb","itemListElement":[{"@type":"ListItem","position":1,"name":"Inicio","item":"https:\/\/www.cde.ual.es\/en\/"},{"@type":"ListItem","position":2,"name":"EU Calls and Awards","item":"https:\/\/www.cde.ual.es\/en\/category\/eu-calls-and-awards\/"},{"@type":"ListItem","position":3,"name":"AMIF-2019: Protection of children in migration"}]},{"@type":"WebSite","@id":"https:\/\/www.cde.ual.es\/#website","url":"https:\/\/www.cde.ual.es\/","name":"CDE Almer\u00eda - Centro de Documentaci\u00f3n Europea - Universidad de Almer\u00eda","description":"Centro de Documentaci\u00f3n Europea de la Universidad de Almer\u00eda","publisher":{"@id":"https:\/\/www.cde.ual.es\/#organization"},"alternateName":"CDE Almer\u00eda","potentialAction":[{"@type":"SearchAction","target":{"@type":"EntryPoint","urlTemplate":"https:\/\/www.cde.ual.es\/?s={search_term_string}"},"query-input":{"@type":"PropertyValueSpecification","valueRequired":true,"valueName":"search_term_string"}}],"inLanguage":"en-US"},{"@type":"Organization","@id":"https:\/\/www.cde.ual.es\/#organization","name":"Centro de Documentaci\u00f3n Europea de Almer\u00eda","url":"https:\/\/www.cde.ual.es\/","logo":{"@type":"ImageObject","inLanguage":"en-US","@id":"https:\/\/www.cde.ual.es\/#\/schema\/logo\/image\/","url":"https:\/\/www.cde.ual.es\/wp-content\/uploads\/2025\/07\/cde-logo-3.png","contentUrl":"https:\/\/www.cde.ual.es\/wp-content\/uploads\/2025\/07\/cde-logo-3.png","width":1400,"height":300,"caption":"Centro de Documentaci\u00f3n Europea de Almer\u00eda"},"image":{"@id":"https:\/\/www.cde.ual.es\/#\/schema\/logo\/image\/"},"sameAs":["https:\/\/www.facebook.com\/cdeuniversidadalmeria\/","https:\/\/x.com\/cdeualmeria","https:\/\/www.tiktok.com\/@cdealmeria","https:\/\/www.instagram.com\/cdealmeria\/","https:\/\/www.linkedin.com\/in\/cde-almera-812b26a9\/"]},{"@type":"Person","@id":"https:\/\/www.cde.ual.es\/#\/schema\/person\/bf2f837cf3353e2161fe1087adbd728f","name":"BECACDE1","image":{"@type":"ImageObject","inLanguage":"en-US","@id":"https:\/\/secure.gravatar.com\/avatar\/16a4c1e422b5dec818ee13eab3353b19db9cfd278cc10f9b0e1188a37671d9d4?s=96&d=mm&r=g","url":"https:\/\/secure.gravatar.com\/avatar\/16a4c1e422b5dec818ee13eab3353b19db9cfd278cc10f9b0e1188a37671d9d4?s=96&d=mm&r=g","contentUrl":"https:\/\/secure.gravatar.com\/avatar\/16a4c1e422b5dec818ee13eab3353b19db9cfd278cc10f9b0e1188a37671d9d4?s=96&d=mm&r=g","caption":"BECACDE1"},"sameAs":["http:\/\/www.cdealmeria.com"]}]}},"_links":{"self":[{"href":"https:\/\/www.cde.ual.es\/en\/wp-json\/wp\/v2\/posts\/29780","targetHints":{"allow":["GET"]}}],"collection":[{"href":"https:\/\/www.cde.ual.es\/en\/wp-json\/wp\/v2\/posts"}],"about":[{"href":"https:\/\/www.cde.ual.es\/en\/wp-json\/wp\/v2\/types\/post"}],"author":[{"embeddable":true,"href":"https:\/\/www.cde.ual.es\/en\/wp-json\/wp\/v2\/users\/101012"}],"replies":[{"embeddable":true,"href":"https:\/\/www.cde.ual.es\/en\/wp-json\/wp\/v2\/comments?post=29780"}],"version-history":[{"count":0,"href":"https:\/\/www.cde.ual.es\/en\/wp-json\/wp\/v2\/posts\/29780\/revisions"}],"wp:featuredmedia":[{"embeddable":true,"href":"https:\/\/www.cde.ual.es\/en\/wp-json\/wp\/v2\/media\/29776"}],"wp:attachment":[{"href":"https:\/\/www.cde.ual.es\/en\/wp-json\/wp\/v2\/media?parent=29780"}],"wp:term":[{"taxonomy":"category","embeddable":true,"href":"https:\/\/www.cde.ual.es\/en\/wp-json\/wp\/v2\/categories?post=29780"},{"taxonomy":"post_tag","embeddable":true,"href":"https:\/\/www.cde.ual.es\/en\/wp-json\/wp\/v2\/tags?post=29780"}],"curies":[{"name":"wp","href":"https:\/\/api.w.org\/{rel}","templated":true}]}}