{"id":29598,"date":"2019-11-21T03:00:48","date_gmt":"2019-11-21T02:00:48","guid":{"rendered":"https:\/\/www.cde.ual.es\/?p=29598"},"modified":"2019-11-20T09:35:55","modified_gmt":"2019-11-20T08:35:55","slug":"2020-eu-budget-council-and-parliament-reach-agreement","status":"publish","type":"post","link":"https:\/\/www.cde.ual.es\/en\/2020-eu-budget-council-and-parliament-reach-agreement\/","title":{"rendered":"2020 EU budget: Council and Parliament reach agreement"},"content":{"rendered":"<p>The Council and the European Parliament today reached agreement on an EU budget for 2020 which strongly focuses on <strong>growth<\/strong> and <strong>competitiveness<\/strong>, <strong>climate action<\/strong> and other EU priorities such as <strong>security<\/strong> and<strong> management of migration<\/strong>.<\/p>\n<p><a href=\"https:\/\/www.cde.ual.es\/wp-content\/uploads\/2019\/11\/europe-26850_1280.png\"><img decoding=\"async\" class=\"aligncenter size-medium wp-image-29591\" src=\"https:\/\/www.cde.ual.es\/wp-content\/uploads\/2019\/11\/europe-26850_1280-300x200.png\" alt=\"\" width=\"300\" height=\"200\" srcset=\"https:\/\/www.cde.ual.es\/wp-content\/uploads\/2019\/11\/europe-26850_1280-300x200.png 300w, https:\/\/www.cde.ual.es\/wp-content\/uploads\/2019\/11\/europe-26850_1280-768x512.png 768w, https:\/\/www.cde.ual.es\/wp-content\/uploads\/2019\/11\/europe-26850_1280-1024x682.png 1024w, https:\/\/www.cde.ual.es\/wp-content\/uploads\/2019\/11\/europe-26850_1280.png 1280w\" sizes=\"(max-width: 300px) 100vw, 300px\" \/><\/a><\/p>\n<p>Total commitments are set at \u20ac168.7\u00a0billion. This is an increase of 1.5% compared to the 2019 budget as amended. \u20ac1.5 billion have been kept available under the expenditure ceilings of the multiannual financial framework for 2014-2020, allowing the EU to react to unforeseeable needs.<\/p>\n<p>Total payments amount to \u20ac153.6\u00a0billion, rising 3.4% from 2019. This increase reflects the continuing implementation of the 2014-2020 programmes at full speed. The aim is to ensure timely payments to beneficiaries and avoid a substantial accumulation of payment claims over the next few years, in particular in relation to cohesion policy.<\/p>\n<p>The agreed figures are based on the premise that the UK will continue to participate fully in the financing and implementation of the EU budget for 2020.<\/p>\n<p>The EU has set itself the goal of dedicating at least 20% of EU expenditure to climate protection in the period 2014-2020. To help meet this goal, the Parliament and the Council have agreed to increase the focus on climate-related actions in several areas such as research and development (Horizon 2020), transport and energy infrastructure (Connecting Europe Facility) and the EU&#8217;s external action. Additional funds have also been allocated to the EU&#8217;s LIFE programme, which will receive \u20ac590 million, and the European Environment Agency for recruiting new staff (+6) to support the fight against climate change.<\/p>\n<h3>Other important elements of the agreement<\/h3>\n<p>Otros elementos importantes del acuerdo sobre el presupuesto de la UE para 2020 son los siguientes:<\/p>\n<p>Other important elements of the agreement on the EU budget for 2020 include the following:<\/p>\n<ul>\n<li>To support growth and competitiveness.<\/li>\n<li>To fight youth unemployment in the most affected regions<\/li>\n<li>In the fields of security and migration, the Asylum, Migration and Integration Fund has been allocated \u20ac949 million for management of migration, including to support the frontline member states.<\/li>\n<li>The EU&#8217;s external action instruments have been reinforced to cover the EU&#8217;s contribution to the Syria pledge as agreed during the Brussels III conference on Syria and to combat the root causes of migration via the North Africa window of the EU Trust Fund for Africa.<\/li>\n<li>As in 2018 and 2019, the pre-accession funds for Turkey have been significantly reduced compared to the draft budget proposed by the Commission (-\u20ac85 million) given the distancing of Turkey from EU values. More funds, on the other hand, have been provided for the Western Balkans.<\/li>\n<\/ul>\n<h3>More Information<\/h3>\n<p><a href=\"https:\/\/www.consilium.europa.eu\/en\/press\/press-releases\/2019\/11\/18\/2020-eu-budget-council-and-parliament-reach-agreement\/\" target=\"_blank\" rel=\"noopener\">Press Release<\/a><\/p>\n<p><a href=\"https:\/\/www.consilium.europa.eu\/en\/policies\/eu-budgetary-system\/eu-annual-budget\/\" target=\"_blank\" rel=\"noopener\">Council webpage on budgetary matters<\/a><\/p>\n<p><a href=\"http:\/\/consilium.europa.eu\/en\/meetings\/ecofin\/2019\/11\/15-18\/\" target=\"_blank\" rel=\"noopener\">Meeting Page<\/a><\/p>\n","protected":false},"excerpt":{"rendered":"<p>The Council and the European Parliament today reached agreement on an EU budget for 2020 which strongly focuses on growth and competitiveness, climate action and other EU priorities such as security and management of migration. Total commitments are set at \u20ac168.7\u00a0billion. This is an increase of 1.5% compared to the 2019 budget as amended. \u20ac1.5 [&hellip;]<\/p>\n","protected":false},"author":101011,"featured_media":29592,"comment_status":"open","ping_status":"open","sticky":false,"template":"","format":"standard","meta":{"_acf_changed":false,"_relevanssi_hide_post":"","_relevanssi_hide_content":"","_relevanssi_pin_for_all":"","_relevanssi_pin_keywords":"","_relevanssi_unpin_keywords":"","_relevanssi_related_keywords":"","_relevanssi_related_include_ids":"","_relevanssi_related_exclude_ids":"","_relevanssi_related_no_append":"","_relevanssi_related_not_related":"","_relevanssi_related_posts":"","_relevanssi_noindex_reason":"","_monsterinsights_skip_tracking":false,"_monsterinsights_sitenote_active":false,"_monsterinsights_sitenote_note":"","_monsterinsights_sitenote_category":0,"_genesis_hide_title":false,"_genesis_hide_breadcrumbs":false,"_genesis_hide_singular_image":false,"_genesis_hide_footer_widgets":false,"_genesis_custom_body_class":"","_genesis_custom_post_class":"","_genesis_layout":"","footnotes":""},"categories":[346],"tags":[752,726,753],"class_list":{"0":"post-29598","1":"post","2":"type-post","3":"status-publish","4":"format-standard","5":"has-post-thumbnail","7":"category-eu-news","8":"tag-european-budget","9":"tag-european-council","10":"tag-european-parliament","11":"entry"},"acf":[],"yoast_head":"<!-- This site is optimized with the Yoast SEO plugin v27.5 - https:\/\/yoast.com\/product\/yoast-seo-wordpress\/ -->\n<title>2020 EU budget: Council and Parliament reach agreement | CDE Almer\u00eda - Centro de Documentaci\u00f3n Europea - Universidad de Almer\u00eda<\/title>\n<meta name=\"robots\" content=\"index, follow, max-snippet:-1, max-image-preview:large, max-video-preview:-1\" \/>\n<link rel=\"canonical\" href=\"https:\/\/www.cde.ual.es\/en\/2020-eu-budget-council-and-parliament-reach-agreement\/\" \/>\n<meta property=\"og:locale\" content=\"en_US\" \/>\n<meta property=\"og:type\" content=\"article\" \/>\n<meta property=\"og:title\" content=\"2020 EU budget: Council and Parliament reach agreement | CDE Almer\u00eda - Centro de Documentaci\u00f3n Europea - Universidad de Almer\u00eda\" \/>\n<meta property=\"og:description\" content=\"The Council and the European Parliament today reached agreement on an EU budget for 2020 which strongly focuses on growth and competitiveness, climate action and other EU priorities such as security and management of migration. Total commitments are set at \u20ac168.7\u00a0billion. This is an increase of 1.5% compared to the 2019 budget as amended. \u20ac1.5 [&hellip;]\" \/>\n<meta property=\"og:url\" content=\"https:\/\/www.cde.ual.es\/en\/2020-eu-budget-council-and-parliament-reach-agreement\/\" \/>\n<meta property=\"og:site_name\" content=\"CDE Almer\u00eda - Centro de Documentaci\u00f3n Europea - Universidad de Almer\u00eda\" \/>\n<meta property=\"article:publisher\" content=\"https:\/\/www.facebook.com\/cdeuniversidadalmeria\/\" \/>\n<meta property=\"article:published_time\" content=\"2019-11-21T02:00:48+00:00\" \/>\n<meta property=\"og:image\" content=\"https:\/\/www.cde.ual.es\/wp-content\/uploads\/2019\/11\/europe-26850_1280.png\" \/>\n\t<meta property=\"og:image:width\" content=\"1280\" \/>\n\t<meta property=\"og:image:height\" content=\"853\" \/>\n\t<meta property=\"og:image:type\" content=\"image\/png\" \/>\n<meta name=\"author\" content=\"BECA 2 CDE\" \/>\n<meta name=\"twitter:card\" content=\"summary_large_image\" \/>\n<meta name=\"twitter:creator\" content=\"@cdeualmeria\" \/>\n<meta name=\"twitter:site\" content=\"@cdeualmeria\" \/>\n<meta name=\"twitter:label1\" content=\"Written by\" \/>\n\t<meta name=\"twitter:data1\" content=\"BECA 2 CDE\" \/>\n\t<meta name=\"twitter:label2\" content=\"Est. reading time\" \/>\n\t<meta name=\"twitter:data2\" content=\"2 minutes\" \/>\n<script type=\"application\/ld+json\" class=\"yoast-schema-graph\">{\"@context\":\"https:\\\/\\\/schema.org\",\"@graph\":[{\"@type\":\"Article\",\"@id\":\"https:\\\/\\\/www.cde.ual.es\\\/en\\\/2020-eu-budget-council-and-parliament-reach-agreement\\\/#article\",\"isPartOf\":{\"@id\":\"https:\\\/\\\/www.cde.ual.es\\\/en\\\/2020-eu-budget-council-and-parliament-reach-agreement\\\/\"},\"author\":{\"name\":\"BECA 2 CDE\",\"@id\":\"https:\\\/\\\/www.cde.ual.es\\\/#\\\/schema\\\/person\\\/ee46ebc19edfa19598c02cff83335acc\"},\"headline\":\"2020 EU budget: Council and Parliament reach agreement\",\"datePublished\":\"2019-11-21T02:00:48+00:00\",\"mainEntityOfPage\":{\"@id\":\"https:\\\/\\\/www.cde.ual.es\\\/en\\\/2020-eu-budget-council-and-parliament-reach-agreement\\\/\"},\"wordCount\":431,\"commentCount\":0,\"publisher\":{\"@id\":\"https:\\\/\\\/www.cde.ual.es\\\/#organization\"},\"image\":{\"@id\":\"https:\\\/\\\/www.cde.ual.es\\\/en\\\/2020-eu-budget-council-and-parliament-reach-agreement\\\/#primaryimage\"},\"thumbnailUrl\":\"https:\\\/\\\/www.cde.ual.es\\\/wp-content\\\/uploads\\\/2019\\\/11\\\/europe-26850_1280.png\",\"keywords\":[\"European Budget\",\"European Council\",\"European Parliament\"],\"articleSection\":[\"EU News\"],\"inLanguage\":\"en-US\",\"potentialAction\":[{\"@type\":\"CommentAction\",\"name\":\"Comment\",\"target\":[\"https:\\\/\\\/www.cde.ual.es\\\/en\\\/2020-eu-budget-council-and-parliament-reach-agreement\\\/#respond\"]}]},{\"@type\":\"WebPage\",\"@id\":\"https:\\\/\\\/www.cde.ual.es\\\/en\\\/2020-eu-budget-council-and-parliament-reach-agreement\\\/\",\"url\":\"https:\\\/\\\/www.cde.ual.es\\\/en\\\/2020-eu-budget-council-and-parliament-reach-agreement\\\/\",\"name\":\"2020 EU budget: Council and Parliament reach agreement | CDE Almer\u00eda - Centro de Documentaci\u00f3n Europea - Universidad de Almer\u00eda\",\"isPartOf\":{\"@id\":\"https:\\\/\\\/www.cde.ual.es\\\/#website\"},\"primaryImageOfPage\":{\"@id\":\"https:\\\/\\\/www.cde.ual.es\\\/en\\\/2020-eu-budget-council-and-parliament-reach-agreement\\\/#primaryimage\"},\"image\":{\"@id\":\"https:\\\/\\\/www.cde.ual.es\\\/en\\\/2020-eu-budget-council-and-parliament-reach-agreement\\\/#primaryimage\"},\"thumbnailUrl\":\"https:\\\/\\\/www.cde.ual.es\\\/wp-content\\\/uploads\\\/2019\\\/11\\\/europe-26850_1280.png\",\"datePublished\":\"2019-11-21T02:00:48+00:00\",\"breadcrumb\":{\"@id\":\"https:\\\/\\\/www.cde.ual.es\\\/en\\\/2020-eu-budget-council-and-parliament-reach-agreement\\\/#breadcrumb\"},\"inLanguage\":\"en-US\",\"potentialAction\":[{\"@type\":\"ReadAction\",\"target\":[\"https:\\\/\\\/www.cde.ual.es\\\/en\\\/2020-eu-budget-council-and-parliament-reach-agreement\\\/\"]}]},{\"@type\":\"ImageObject\",\"inLanguage\":\"en-US\",\"@id\":\"https:\\\/\\\/www.cde.ual.es\\\/en\\\/2020-eu-budget-council-and-parliament-reach-agreement\\\/#primaryimage\",\"url\":\"https:\\\/\\\/www.cde.ual.es\\\/wp-content\\\/uploads\\\/2019\\\/11\\\/europe-26850_1280.png\",\"contentUrl\":\"https:\\\/\\\/www.cde.ual.es\\\/wp-content\\\/uploads\\\/2019\\\/11\\\/europe-26850_1280.png\",\"width\":1280,\"height\":853},{\"@type\":\"BreadcrumbList\",\"@id\":\"https:\\\/\\\/www.cde.ual.es\\\/en\\\/2020-eu-budget-council-and-parliament-reach-agreement\\\/#breadcrumb\",\"itemListElement\":[{\"@type\":\"ListItem\",\"position\":1,\"name\":\"Inicio\",\"item\":\"https:\\\/\\\/www.cde.ual.es\\\/en\\\/\"},{\"@type\":\"ListItem\",\"position\":2,\"name\":\"EU News\",\"item\":\"https:\\\/\\\/www.cde.ual.es\\\/en\\\/category\\\/eu-news\\\/\"},{\"@type\":\"ListItem\",\"position\":3,\"name\":\"2020 EU budget: Council and Parliament reach agreement\"}]},{\"@type\":\"WebSite\",\"@id\":\"https:\\\/\\\/www.cde.ual.es\\\/#website\",\"url\":\"https:\\\/\\\/www.cde.ual.es\\\/\",\"name\":\"CDE Almer\u00eda - Centro de Documentaci\u00f3n Europea - Universidad de Almer\u00eda\",\"description\":\"Centro de Documentaci\u00f3n Europea de la Universidad de Almer\u00eda\",\"publisher\":{\"@id\":\"https:\\\/\\\/www.cde.ual.es\\\/#organization\"},\"alternateName\":\"CDE Almer\u00eda\",\"potentialAction\":[{\"@type\":\"SearchAction\",\"target\":{\"@type\":\"EntryPoint\",\"urlTemplate\":\"https:\\\/\\\/www.cde.ual.es\\\/?s={search_term_string}\"},\"query-input\":{\"@type\":\"PropertyValueSpecification\",\"valueRequired\":true,\"valueName\":\"search_term_string\"}}],\"inLanguage\":\"en-US\"},{\"@type\":\"Organization\",\"@id\":\"https:\\\/\\\/www.cde.ual.es\\\/#organization\",\"name\":\"Centro de Documentaci\u00f3n Europea de Almer\u00eda\",\"url\":\"https:\\\/\\\/www.cde.ual.es\\\/\",\"logo\":{\"@type\":\"ImageObject\",\"inLanguage\":\"en-US\",\"@id\":\"https:\\\/\\\/www.cde.ual.es\\\/#\\\/schema\\\/logo\\\/image\\\/\",\"url\":\"https:\\\/\\\/www.cde.ual.es\\\/wp-content\\\/uploads\\\/2025\\\/07\\\/cde-logo-3.png\",\"contentUrl\":\"https:\\\/\\\/www.cde.ual.es\\\/wp-content\\\/uploads\\\/2025\\\/07\\\/cde-logo-3.png\",\"width\":1400,\"height\":300,\"caption\":\"Centro de Documentaci\u00f3n Europea de Almer\u00eda\"},\"image\":{\"@id\":\"https:\\\/\\\/www.cde.ual.es\\\/#\\\/schema\\\/logo\\\/image\\\/\"},\"sameAs\":[\"https:\\\/\\\/www.facebook.com\\\/cdeuniversidadalmeria\\\/\",\"https:\\\/\\\/x.com\\\/cdeualmeria\",\"https:\\\/\\\/www.tiktok.com\\\/@cdealmeria\",\"https:\\\/\\\/www.instagram.com\\\/cdealmeria\\\/\",\"https:\\\/\\\/www.linkedin.com\\\/in\\\/cde-almera-812b26a9\\\/\"]},{\"@type\":\"Person\",\"@id\":\"https:\\\/\\\/www.cde.ual.es\\\/#\\\/schema\\\/person\\\/ee46ebc19edfa19598c02cff83335acc\",\"name\":\"BECA 2 CDE\",\"image\":{\"@type\":\"ImageObject\",\"inLanguage\":\"en-US\",\"@id\":\"https:\\\/\\\/secure.gravatar.com\\\/avatar\\\/35a481bbc04bbd90e91bdfa3b0b5541036c222a49b9ad37b6889a2afcb5311a5?s=96&d=mm&r=g\",\"url\":\"https:\\\/\\\/secure.gravatar.com\\\/avatar\\\/35a481bbc04bbd90e91bdfa3b0b5541036c222a49b9ad37b6889a2afcb5311a5?s=96&d=mm&r=g\",\"contentUrl\":\"https:\\\/\\\/secure.gravatar.com\\\/avatar\\\/35a481bbc04bbd90e91bdfa3b0b5541036c222a49b9ad37b6889a2afcb5311a5?s=96&d=mm&r=g\",\"caption\":\"BECA 2 CDE\"},\"sameAs\":[\"http:\\\/\\\/www.cdealmeria.com\"]}]}<\/script>\n<!-- \/ Yoast SEO plugin. -->","yoast_head_json":{"title":"2020 EU budget: Council and Parliament reach agreement | CDE Almer\u00eda - Centro de Documentaci\u00f3n Europea - Universidad de Almer\u00eda","robots":{"index":"index","follow":"follow","max-snippet":"max-snippet:-1","max-image-preview":"max-image-preview:large","max-video-preview":"max-video-preview:-1"},"canonical":"https:\/\/www.cde.ual.es\/en\/2020-eu-budget-council-and-parliament-reach-agreement\/","og_locale":"en_US","og_type":"article","og_title":"2020 EU budget: Council and Parliament reach agreement | CDE Almer\u00eda - Centro de Documentaci\u00f3n Europea - Universidad de Almer\u00eda","og_description":"The Council and the European Parliament today reached agreement on an EU budget for 2020 which strongly focuses on growth and competitiveness, climate action and other EU priorities such as security and management of migration. Total commitments are set at \u20ac168.7\u00a0billion. This is an increase of 1.5% compared to the 2019 budget as amended. \u20ac1.5 [&hellip;]","og_url":"https:\/\/www.cde.ual.es\/en\/2020-eu-budget-council-and-parliament-reach-agreement\/","og_site_name":"CDE Almer\u00eda - Centro de Documentaci\u00f3n Europea - Universidad de Almer\u00eda","article_publisher":"https:\/\/www.facebook.com\/cdeuniversidadalmeria\/","article_published_time":"2019-11-21T02:00:48+00:00","og_image":[{"width":1280,"height":853,"url":"https:\/\/www.cde.ual.es\/wp-content\/uploads\/2019\/11\/europe-26850_1280.png","type":"image\/png"}],"author":"BECA 2 CDE","twitter_card":"summary_large_image","twitter_creator":"@cdeualmeria","twitter_site":"@cdeualmeria","twitter_misc":{"Written by":"BECA 2 CDE","Est. reading time":"2 minutes"},"schema":{"@context":"https:\/\/schema.org","@graph":[{"@type":"Article","@id":"https:\/\/www.cde.ual.es\/en\/2020-eu-budget-council-and-parliament-reach-agreement\/#article","isPartOf":{"@id":"https:\/\/www.cde.ual.es\/en\/2020-eu-budget-council-and-parliament-reach-agreement\/"},"author":{"name":"BECA 2 CDE","@id":"https:\/\/www.cde.ual.es\/#\/schema\/person\/ee46ebc19edfa19598c02cff83335acc"},"headline":"2020 EU budget: Council and Parliament reach agreement","datePublished":"2019-11-21T02:00:48+00:00","mainEntityOfPage":{"@id":"https:\/\/www.cde.ual.es\/en\/2020-eu-budget-council-and-parliament-reach-agreement\/"},"wordCount":431,"commentCount":0,"publisher":{"@id":"https:\/\/www.cde.ual.es\/#organization"},"image":{"@id":"https:\/\/www.cde.ual.es\/en\/2020-eu-budget-council-and-parliament-reach-agreement\/#primaryimage"},"thumbnailUrl":"https:\/\/www.cde.ual.es\/wp-content\/uploads\/2019\/11\/europe-26850_1280.png","keywords":["European Budget","European Council","European Parliament"],"articleSection":["EU News"],"inLanguage":"en-US","potentialAction":[{"@type":"CommentAction","name":"Comment","target":["https:\/\/www.cde.ual.es\/en\/2020-eu-budget-council-and-parliament-reach-agreement\/#respond"]}]},{"@type":"WebPage","@id":"https:\/\/www.cde.ual.es\/en\/2020-eu-budget-council-and-parliament-reach-agreement\/","url":"https:\/\/www.cde.ual.es\/en\/2020-eu-budget-council-and-parliament-reach-agreement\/","name":"2020 EU budget: Council and Parliament reach agreement | CDE Almer\u00eda - Centro de Documentaci\u00f3n Europea - Universidad de Almer\u00eda","isPartOf":{"@id":"https:\/\/www.cde.ual.es\/#website"},"primaryImageOfPage":{"@id":"https:\/\/www.cde.ual.es\/en\/2020-eu-budget-council-and-parliament-reach-agreement\/#primaryimage"},"image":{"@id":"https:\/\/www.cde.ual.es\/en\/2020-eu-budget-council-and-parliament-reach-agreement\/#primaryimage"},"thumbnailUrl":"https:\/\/www.cde.ual.es\/wp-content\/uploads\/2019\/11\/europe-26850_1280.png","datePublished":"2019-11-21T02:00:48+00:00","breadcrumb":{"@id":"https:\/\/www.cde.ual.es\/en\/2020-eu-budget-council-and-parliament-reach-agreement\/#breadcrumb"},"inLanguage":"en-US","potentialAction":[{"@type":"ReadAction","target":["https:\/\/www.cde.ual.es\/en\/2020-eu-budget-council-and-parliament-reach-agreement\/"]}]},{"@type":"ImageObject","inLanguage":"en-US","@id":"https:\/\/www.cde.ual.es\/en\/2020-eu-budget-council-and-parliament-reach-agreement\/#primaryimage","url":"https:\/\/www.cde.ual.es\/wp-content\/uploads\/2019\/11\/europe-26850_1280.png","contentUrl":"https:\/\/www.cde.ual.es\/wp-content\/uploads\/2019\/11\/europe-26850_1280.png","width":1280,"height":853},{"@type":"BreadcrumbList","@id":"https:\/\/www.cde.ual.es\/en\/2020-eu-budget-council-and-parliament-reach-agreement\/#breadcrumb","itemListElement":[{"@type":"ListItem","position":1,"name":"Inicio","item":"https:\/\/www.cde.ual.es\/en\/"},{"@type":"ListItem","position":2,"name":"EU News","item":"https:\/\/www.cde.ual.es\/en\/category\/eu-news\/"},{"@type":"ListItem","position":3,"name":"2020 EU budget: Council and Parliament reach agreement"}]},{"@type":"WebSite","@id":"https:\/\/www.cde.ual.es\/#website","url":"https:\/\/www.cde.ual.es\/","name":"CDE Almer\u00eda - Centro de Documentaci\u00f3n Europea - Universidad de Almer\u00eda","description":"Centro de Documentaci\u00f3n Europea de la Universidad de Almer\u00eda","publisher":{"@id":"https:\/\/www.cde.ual.es\/#organization"},"alternateName":"CDE Almer\u00eda","potentialAction":[{"@type":"SearchAction","target":{"@type":"EntryPoint","urlTemplate":"https:\/\/www.cde.ual.es\/?s={search_term_string}"},"query-input":{"@type":"PropertyValueSpecification","valueRequired":true,"valueName":"search_term_string"}}],"inLanguage":"en-US"},{"@type":"Organization","@id":"https:\/\/www.cde.ual.es\/#organization","name":"Centro de Documentaci\u00f3n Europea de Almer\u00eda","url":"https:\/\/www.cde.ual.es\/","logo":{"@type":"ImageObject","inLanguage":"en-US","@id":"https:\/\/www.cde.ual.es\/#\/schema\/logo\/image\/","url":"https:\/\/www.cde.ual.es\/wp-content\/uploads\/2025\/07\/cde-logo-3.png","contentUrl":"https:\/\/www.cde.ual.es\/wp-content\/uploads\/2025\/07\/cde-logo-3.png","width":1400,"height":300,"caption":"Centro de Documentaci\u00f3n Europea de Almer\u00eda"},"image":{"@id":"https:\/\/www.cde.ual.es\/#\/schema\/logo\/image\/"},"sameAs":["https:\/\/www.facebook.com\/cdeuniversidadalmeria\/","https:\/\/x.com\/cdeualmeria","https:\/\/www.tiktok.com\/@cdealmeria","https:\/\/www.instagram.com\/cdealmeria\/","https:\/\/www.linkedin.com\/in\/cde-almera-812b26a9\/"]},{"@type":"Person","@id":"https:\/\/www.cde.ual.es\/#\/schema\/person\/ee46ebc19edfa19598c02cff83335acc","name":"BECA 2 CDE","image":{"@type":"ImageObject","inLanguage":"en-US","@id":"https:\/\/secure.gravatar.com\/avatar\/35a481bbc04bbd90e91bdfa3b0b5541036c222a49b9ad37b6889a2afcb5311a5?s=96&d=mm&r=g","url":"https:\/\/secure.gravatar.com\/avatar\/35a481bbc04bbd90e91bdfa3b0b5541036c222a49b9ad37b6889a2afcb5311a5?s=96&d=mm&r=g","contentUrl":"https:\/\/secure.gravatar.com\/avatar\/35a481bbc04bbd90e91bdfa3b0b5541036c222a49b9ad37b6889a2afcb5311a5?s=96&d=mm&r=g","caption":"BECA 2 CDE"},"sameAs":["http:\/\/www.cdealmeria.com"]}]}},"_links":{"self":[{"href":"https:\/\/www.cde.ual.es\/en\/wp-json\/wp\/v2\/posts\/29598","targetHints":{"allow":["GET"]}}],"collection":[{"href":"https:\/\/www.cde.ual.es\/en\/wp-json\/wp\/v2\/posts"}],"about":[{"href":"https:\/\/www.cde.ual.es\/en\/wp-json\/wp\/v2\/types\/post"}],"author":[{"embeddable":true,"href":"https:\/\/www.cde.ual.es\/en\/wp-json\/wp\/v2\/users\/101011"}],"replies":[{"embeddable":true,"href":"https:\/\/www.cde.ual.es\/en\/wp-json\/wp\/v2\/comments?post=29598"}],"version-history":[{"count":0,"href":"https:\/\/www.cde.ual.es\/en\/wp-json\/wp\/v2\/posts\/29598\/revisions"}],"wp:featuredmedia":[{"embeddable":true,"href":"https:\/\/www.cde.ual.es\/en\/wp-json\/wp\/v2\/media\/29592"}],"wp:attachment":[{"href":"https:\/\/www.cde.ual.es\/en\/wp-json\/wp\/v2\/media?parent=29598"}],"wp:term":[{"taxonomy":"category","embeddable":true,"href":"https:\/\/www.cde.ual.es\/en\/wp-json\/wp\/v2\/categories?post=29598"},{"taxonomy":"post_tag","embeddable":true,"href":"https:\/\/www.cde.ual.es\/en\/wp-json\/wp\/v2\/tags?post=29598"}],"curies":[{"name":"wp","href":"https:\/\/api.w.org\/{rel}","templated":true}]}}