{"id":29340,"date":"2019-11-16T03:00:48","date_gmt":"2019-11-16T02:00:48","guid":{"rendered":"https:\/\/www.cde.ual.es\/?p=29340"},"modified":"2019-11-15T09:52:09","modified_gmt":"2019-11-15T08:52:09","slug":"a-new-labelling-for-tyres-towards-a-greener-and-safer-transport","status":"publish","type":"post","link":"https:\/\/www.cde.ual.es\/en\/a-new-labelling-for-tyres-towards-a-greener-and-safer-transport\/","title":{"rendered":"A new labelling for tyres towards a greener and safer transport"},"content":{"rendered":"<div class=\"ep_gridcolumn ep-m_product\" data-view1200=\"6\" data-view1020=\"6\" data-view750=\"10\" data-view640=\"6\" data-view480=\"8\" data-view320=\"4\">\n<div class=\"ep_gridcolumn-content\">\n<div class=\"ep-a_text ep-layout_chapo\">\n<p><em><strong>The new labelling scheme for car and truck tyres aims to increase consumer awareness and fuel savings, improve safety and decrease noise pollution.\u00a0he new regulation on the labelling of tyres will repeal and replace the 2009 Tyre Labelling Regulation once it enters into force.<\/strong><\/em><\/p>\n<\/div>\n<\/div>\n<\/div>\n<h3><a href=\"https:\/\/www.cde.ual.es\/wp-content\/uploads\/2017\/12\/car-macro-mini-cooper-35967.jpg\"><img decoding=\"async\" class=\"size-medium wp-image-15145 aligncenter\" src=\"https:\/\/www.cde.ual.es\/wp-content\/uploads\/2017\/12\/car-macro-mini-cooper-35967-300x183.jpg\" alt=\"miniatura de coche estilo &quot;Mini&quot;, de color verde, sobre el suelo exterior\" width=\"300\" height=\"183\" srcset=\"https:\/\/www.cde.ual.es\/wp-content\/uploads\/2017\/12\/car-macro-mini-cooper-35967-300x183.jpg 300w, https:\/\/www.cde.ual.es\/wp-content\/uploads\/2017\/12\/car-macro-mini-cooper-35967-768x469.jpg 768w, https:\/\/www.cde.ual.es\/wp-content\/uploads\/2017\/12\/car-macro-mini-cooper-35967-1024x625.jpg 1024w, https:\/\/www.cde.ual.es\/wp-content\/uploads\/2017\/12\/car-macro-mini-cooper-35967-620x380.jpg 620w, https:\/\/www.cde.ual.es\/wp-content\/uploads\/2017\/12\/car-macro-mini-cooper-35967.jpg 1280w\" sizes=\"(max-width: 300px) 100vw, 300px\" \/><\/a><br \/>\nNew labelling<\/h3>\n<p>Under the new rules, the labelling will have to indicate the tyre\u2019s fuel efficiency, wet grip and external rolling noise. Information on snow and ice performance may also be included on the label with pictograms.<\/p>\n<p>The label can be added to in the future, by means of so-called delegated acts, to include information on mileage, abrasion, retreated tyres and for snow and ice grip. Mileage and abrasion performance data would be added when a testing method becomes available.<\/p>\n<p>Labels must be clearly visible to consumers, be on display in all situations where tyres are sold, including online, and should provide a QR code for easy scan.<\/p>\n<p>The aim of the new bill, still to be formally adopted, is to increase consumer awareness and improve market surveillance across the EU, to reap the potential benefits for the environment, health and safety. The abrasion of tyres during use is a significant source of micro-plastics, which are harmful to the environment.<\/p>\n<h3>Heavy vehicles<\/h3>\n<p>The new labelling scheme would also apply to heavy-duty vehicles (so-called C3 tyres), which are currently not covered by EU labelling requirements. Freight accounts for a large percentage of GHG emissions coming from transport. Since C3 tyres consume more fuel and cover more kilometres per year than C1 (passenger cars) and C2 (light commercial vehicles), they have greater potential in terms of reducing fuel consumption and emissions.<\/p>\n<h3>Next steps<\/h3>\n<p>.\u00a0The legislation was informally agreed by MEPs from the Industry and Research Committee and the Finnish Presidency of the Council. The informal agreement will now have to be endorsed by the European Parliament\u2019s Industry committee and the Council\u2019s Committee of Permanent Representatives (COREPER). If then approved by both Parliament and Council, it would be applicable from 1 May 2021<\/p>\n<h3>More information<\/h3>\n<p><a href=\"https:\/\/www.europarl.europa.eu\/news\/en\/press-room\/20191114IPR66510\/labels-for-tyres-deal-for-greener-and-safer-road-transport\">Full news<\/a><\/p>\n<p><a href=\"https:\/\/www.cde.ual.es\/en\/environment\/\">Environment<\/a> Section<\/p>\n","protected":false},"excerpt":{"rendered":"<p>The new labelling scheme for car and truck tyres aims to increase consumer awareness and fuel savings, improve safety and decrease noise pollution.\u00a0he new regulation on the labelling of tyres will repeal and replace the 2009 Tyre Labelling Regulation once it enters into force. New labelling Under the new rules, the labelling will have to [&hellip;]<\/p>\n","protected":false},"author":101012,"featured_media":15145,"comment_status":"open","ping_status":"open","sticky":false,"template":"","format":"standard","meta":{"_acf_changed":false,"_relevanssi_hide_post":"","_relevanssi_hide_content":"","_relevanssi_pin_for_all":"","_relevanssi_pin_keywords":"","_relevanssi_unpin_keywords":"","_relevanssi_related_keywords":"","_relevanssi_related_include_ids":"","_relevanssi_related_exclude_ids":"","_relevanssi_related_no_append":"","_relevanssi_related_not_related":"","_relevanssi_related_posts":"","_relevanssi_noindex_reason":"","_monsterinsights_skip_tracking":false,"_monsterinsights_sitenote_active":false,"_monsterinsights_sitenote_note":"","_monsterinsights_sitenote_category":0,"_genesis_hide_title":false,"_genesis_hide_breadcrumbs":false,"_genesis_hide_singular_image":false,"_genesis_hide_footer_widgets":false,"_genesis_custom_body_class":"","_genesis_custom_post_class":"","_genesis_layout":"","footnotes":""},"categories":[346],"tags":[402,368,351],"class_list":{"0":"post-29340","1":"post","2":"type-post","3":"status-publish","4":"format-standard","5":"has-post-thumbnail","7":"category-eu-news","8":"tag-environment","9":"tag-european-union","10":"tag-union-europea-en","11":"entry"},"acf":[],"yoast_head":"<!-- This site is optimized with the Yoast SEO plugin v27.4 - https:\/\/yoast.com\/product\/yoast-seo-wordpress\/ -->\n<title>A new labelling for tyres towards a greener and safer transport | CDE Almer\u00eda - Centro de Documentaci\u00f3n Europea - Universidad de Almer\u00eda<\/title>\n<meta name=\"robots\" content=\"index, follow, max-snippet:-1, max-image-preview:large, max-video-preview:-1\" \/>\n<link rel=\"canonical\" href=\"https:\/\/www.cde.ual.es\/en\/a-new-labelling-for-tyres-towards-a-greener-and-safer-transport\/\" \/>\n<meta property=\"og:locale\" content=\"en_US\" \/>\n<meta property=\"og:type\" content=\"article\" \/>\n<meta property=\"og:title\" content=\"A new labelling for tyres towards a greener and safer transport | CDE Almer\u00eda - Centro de Documentaci\u00f3n Europea - Universidad de Almer\u00eda\" \/>\n<meta property=\"og:description\" content=\"The new labelling scheme for car and truck tyres aims to increase consumer awareness and fuel savings, improve safety and decrease noise pollution.\u00a0he new regulation on the labelling of tyres will repeal and replace the 2009 Tyre Labelling Regulation once it enters into force. New labelling Under the new rules, the labelling will have to [&hellip;]\" \/>\n<meta property=\"og:url\" content=\"https:\/\/www.cde.ual.es\/en\/a-new-labelling-for-tyres-towards-a-greener-and-safer-transport\/\" \/>\n<meta property=\"og:site_name\" content=\"CDE Almer\u00eda - Centro de Documentaci\u00f3n Europea - Universidad de Almer\u00eda\" \/>\n<meta property=\"article:publisher\" content=\"https:\/\/www.facebook.com\/cdeuniversidadalmeria\/\" \/>\n<meta property=\"article:published_time\" content=\"2019-11-16T02:00:48+00:00\" \/>\n<meta property=\"og:image\" content=\"https:\/\/www.cde.ual.es\/wp-content\/uploads\/2017\/12\/car-macro-mini-cooper-35967.jpg\" \/>\n\t<meta property=\"og:image:width\" content=\"1280\" \/>\n\t<meta property=\"og:image:height\" content=\"781\" \/>\n\t<meta property=\"og:image:type\" content=\"image\/jpeg\" \/>\n<meta name=\"author\" content=\"BECACDE1\" \/>\n<meta name=\"twitter:card\" content=\"summary_large_image\" \/>\n<meta name=\"twitter:creator\" content=\"@cdeualmeria\" \/>\n<meta name=\"twitter:site\" content=\"@cdeualmeria\" \/>\n<meta name=\"twitter:label1\" content=\"Written by\" \/>\n\t<meta name=\"twitter:data1\" content=\"BECACDE1\" \/>\n\t<meta name=\"twitter:label2\" content=\"Est. reading time\" \/>\n\t<meta name=\"twitter:data2\" content=\"2 minutes\" \/>\n<script type=\"application\/ld+json\" class=\"yoast-schema-graph\">{\"@context\":\"https:\\\/\\\/schema.org\",\"@graph\":[{\"@type\":\"Article\",\"@id\":\"https:\\\/\\\/www.cde.ual.es\\\/en\\\/a-new-labelling-for-tyres-towards-a-greener-and-safer-transport\\\/#article\",\"isPartOf\":{\"@id\":\"https:\\\/\\\/www.cde.ual.es\\\/en\\\/a-new-labelling-for-tyres-towards-a-greener-and-safer-transport\\\/\"},\"author\":{\"name\":\"BECACDE1\",\"@id\":\"https:\\\/\\\/www.cde.ual.es\\\/#\\\/schema\\\/person\\\/bf2f837cf3353e2161fe1087adbd728f\"},\"headline\":\"A new labelling for tyres towards a greener and safer transport\",\"datePublished\":\"2019-11-16T02:00:48+00:00\",\"mainEntityOfPage\":{\"@id\":\"https:\\\/\\\/www.cde.ual.es\\\/en\\\/a-new-labelling-for-tyres-towards-a-greener-and-safer-transport\\\/\"},\"wordCount\":352,\"commentCount\":0,\"publisher\":{\"@id\":\"https:\\\/\\\/www.cde.ual.es\\\/#organization\"},\"image\":{\"@id\":\"https:\\\/\\\/www.cde.ual.es\\\/en\\\/a-new-labelling-for-tyres-towards-a-greener-and-safer-transport\\\/#primaryimage\"},\"thumbnailUrl\":\"https:\\\/\\\/www.cde.ual.es\\\/wp-content\\\/uploads\\\/2017\\\/12\\\/car-macro-mini-cooper-35967.jpg\",\"keywords\":[\"Environment\",\"European Union\",\"Uni\u00f3n Europea\"],\"articleSection\":[\"EU News\"],\"inLanguage\":\"en-US\",\"potentialAction\":[{\"@type\":\"CommentAction\",\"name\":\"Comment\",\"target\":[\"https:\\\/\\\/www.cde.ual.es\\\/en\\\/a-new-labelling-for-tyres-towards-a-greener-and-safer-transport\\\/#respond\"]}]},{\"@type\":\"WebPage\",\"@id\":\"https:\\\/\\\/www.cde.ual.es\\\/en\\\/a-new-labelling-for-tyres-towards-a-greener-and-safer-transport\\\/\",\"url\":\"https:\\\/\\\/www.cde.ual.es\\\/en\\\/a-new-labelling-for-tyres-towards-a-greener-and-safer-transport\\\/\",\"name\":\"A new labelling for tyres towards a greener and safer transport | CDE Almer\u00eda - Centro de Documentaci\u00f3n Europea - Universidad de Almer\u00eda\",\"isPartOf\":{\"@id\":\"https:\\\/\\\/www.cde.ual.es\\\/#website\"},\"primaryImageOfPage\":{\"@id\":\"https:\\\/\\\/www.cde.ual.es\\\/en\\\/a-new-labelling-for-tyres-towards-a-greener-and-safer-transport\\\/#primaryimage\"},\"image\":{\"@id\":\"https:\\\/\\\/www.cde.ual.es\\\/en\\\/a-new-labelling-for-tyres-towards-a-greener-and-safer-transport\\\/#primaryimage\"},\"thumbnailUrl\":\"https:\\\/\\\/www.cde.ual.es\\\/wp-content\\\/uploads\\\/2017\\\/12\\\/car-macro-mini-cooper-35967.jpg\",\"datePublished\":\"2019-11-16T02:00:48+00:00\",\"breadcrumb\":{\"@id\":\"https:\\\/\\\/www.cde.ual.es\\\/en\\\/a-new-labelling-for-tyres-towards-a-greener-and-safer-transport\\\/#breadcrumb\"},\"inLanguage\":\"en-US\",\"potentialAction\":[{\"@type\":\"ReadAction\",\"target\":[\"https:\\\/\\\/www.cde.ual.es\\\/en\\\/a-new-labelling-for-tyres-towards-a-greener-and-safer-transport\\\/\"]}]},{\"@type\":\"ImageObject\",\"inLanguage\":\"en-US\",\"@id\":\"https:\\\/\\\/www.cde.ual.es\\\/en\\\/a-new-labelling-for-tyres-towards-a-greener-and-safer-transport\\\/#primaryimage\",\"url\":\"https:\\\/\\\/www.cde.ual.es\\\/wp-content\\\/uploads\\\/2017\\\/12\\\/car-macro-mini-cooper-35967.jpg\",\"contentUrl\":\"https:\\\/\\\/www.cde.ual.es\\\/wp-content\\\/uploads\\\/2017\\\/12\\\/car-macro-mini-cooper-35967.jpg\",\"width\":1280,\"height\":781,\"caption\":\"miniatura de coche estilo \\\"Mini\\\", de color verde, sobre el suelo exterior\"},{\"@type\":\"BreadcrumbList\",\"@id\":\"https:\\\/\\\/www.cde.ual.es\\\/en\\\/a-new-labelling-for-tyres-towards-a-greener-and-safer-transport\\\/#breadcrumb\",\"itemListElement\":[{\"@type\":\"ListItem\",\"position\":1,\"name\":\"Inicio\",\"item\":\"https:\\\/\\\/www.cde.ual.es\\\/en\\\/\"},{\"@type\":\"ListItem\",\"position\":2,\"name\":\"EU News\",\"item\":\"https:\\\/\\\/www.cde.ual.es\\\/en\\\/category\\\/eu-news\\\/\"},{\"@type\":\"ListItem\",\"position\":3,\"name\":\"A new labelling for tyres towards a greener and safer transport\"}]},{\"@type\":\"WebSite\",\"@id\":\"https:\\\/\\\/www.cde.ual.es\\\/#website\",\"url\":\"https:\\\/\\\/www.cde.ual.es\\\/\",\"name\":\"CDE Almer\u00eda - Centro de Documentaci\u00f3n Europea - Universidad de Almer\u00eda\",\"description\":\"Centro de Documentaci\u00f3n Europea de la Universidad de Almer\u00eda\",\"publisher\":{\"@id\":\"https:\\\/\\\/www.cde.ual.es\\\/#organization\"},\"alternateName\":\"CDE Almer\u00eda\",\"potentialAction\":[{\"@type\":\"SearchAction\",\"target\":{\"@type\":\"EntryPoint\",\"urlTemplate\":\"https:\\\/\\\/www.cde.ual.es\\\/?s={search_term_string}\"},\"query-input\":{\"@type\":\"PropertyValueSpecification\",\"valueRequired\":true,\"valueName\":\"search_term_string\"}}],\"inLanguage\":\"en-US\"},{\"@type\":\"Organization\",\"@id\":\"https:\\\/\\\/www.cde.ual.es\\\/#organization\",\"name\":\"Centro de Documentaci\u00f3n Europea de Almer\u00eda\",\"url\":\"https:\\\/\\\/www.cde.ual.es\\\/\",\"logo\":{\"@type\":\"ImageObject\",\"inLanguage\":\"en-US\",\"@id\":\"https:\\\/\\\/www.cde.ual.es\\\/#\\\/schema\\\/logo\\\/image\\\/\",\"url\":\"https:\\\/\\\/www.cde.ual.es\\\/wp-content\\\/uploads\\\/2025\\\/07\\\/cde-logo-3.png\",\"contentUrl\":\"https:\\\/\\\/www.cde.ual.es\\\/wp-content\\\/uploads\\\/2025\\\/07\\\/cde-logo-3.png\",\"width\":1400,\"height\":300,\"caption\":\"Centro de Documentaci\u00f3n Europea de Almer\u00eda\"},\"image\":{\"@id\":\"https:\\\/\\\/www.cde.ual.es\\\/#\\\/schema\\\/logo\\\/image\\\/\"},\"sameAs\":[\"https:\\\/\\\/www.facebook.com\\\/cdeuniversidadalmeria\\\/\",\"https:\\\/\\\/x.com\\\/cdeualmeria\",\"https:\\\/\\\/www.tiktok.com\\\/@cdealmeria\",\"https:\\\/\\\/www.instagram.com\\\/cdealmeria\\\/\",\"https:\\\/\\\/www.linkedin.com\\\/in\\\/cde-almera-812b26a9\\\/\"]},{\"@type\":\"Person\",\"@id\":\"https:\\\/\\\/www.cde.ual.es\\\/#\\\/schema\\\/person\\\/bf2f837cf3353e2161fe1087adbd728f\",\"name\":\"BECACDE1\",\"image\":{\"@type\":\"ImageObject\",\"inLanguage\":\"en-US\",\"@id\":\"https:\\\/\\\/secure.gravatar.com\\\/avatar\\\/16a4c1e422b5dec818ee13eab3353b19db9cfd278cc10f9b0e1188a37671d9d4?s=96&d=mm&r=g\",\"url\":\"https:\\\/\\\/secure.gravatar.com\\\/avatar\\\/16a4c1e422b5dec818ee13eab3353b19db9cfd278cc10f9b0e1188a37671d9d4?s=96&d=mm&r=g\",\"contentUrl\":\"https:\\\/\\\/secure.gravatar.com\\\/avatar\\\/16a4c1e422b5dec818ee13eab3353b19db9cfd278cc10f9b0e1188a37671d9d4?s=96&d=mm&r=g\",\"caption\":\"BECACDE1\"},\"sameAs\":[\"http:\\\/\\\/www.cdealmeria.com\"]}]}<\/script>\n<!-- \/ Yoast SEO plugin. -->","yoast_head_json":{"title":"A new labelling for tyres towards a greener and safer transport | CDE Almer\u00eda - Centro de Documentaci\u00f3n Europea - Universidad de Almer\u00eda","robots":{"index":"index","follow":"follow","max-snippet":"max-snippet:-1","max-image-preview":"max-image-preview:large","max-video-preview":"max-video-preview:-1"},"canonical":"https:\/\/www.cde.ual.es\/en\/a-new-labelling-for-tyres-towards-a-greener-and-safer-transport\/","og_locale":"en_US","og_type":"article","og_title":"A new labelling for tyres towards a greener and safer transport | CDE Almer\u00eda - Centro de Documentaci\u00f3n Europea - Universidad de Almer\u00eda","og_description":"The new labelling scheme for car and truck tyres aims to increase consumer awareness and fuel savings, improve safety and decrease noise pollution.\u00a0he new regulation on the labelling of tyres will repeal and replace the 2009 Tyre Labelling Regulation once it enters into force. New labelling Under the new rules, the labelling will have to [&hellip;]","og_url":"https:\/\/www.cde.ual.es\/en\/a-new-labelling-for-tyres-towards-a-greener-and-safer-transport\/","og_site_name":"CDE Almer\u00eda - Centro de Documentaci\u00f3n Europea - Universidad de Almer\u00eda","article_publisher":"https:\/\/www.facebook.com\/cdeuniversidadalmeria\/","article_published_time":"2019-11-16T02:00:48+00:00","og_image":[{"width":1280,"height":781,"url":"https:\/\/www.cde.ual.es\/wp-content\/uploads\/2017\/12\/car-macro-mini-cooper-35967.jpg","type":"image\/jpeg"}],"author":"BECACDE1","twitter_card":"summary_large_image","twitter_creator":"@cdeualmeria","twitter_site":"@cdeualmeria","twitter_misc":{"Written by":"BECACDE1","Est. reading time":"2 minutes"},"schema":{"@context":"https:\/\/schema.org","@graph":[{"@type":"Article","@id":"https:\/\/www.cde.ual.es\/en\/a-new-labelling-for-tyres-towards-a-greener-and-safer-transport\/#article","isPartOf":{"@id":"https:\/\/www.cde.ual.es\/en\/a-new-labelling-for-tyres-towards-a-greener-and-safer-transport\/"},"author":{"name":"BECACDE1","@id":"https:\/\/www.cde.ual.es\/#\/schema\/person\/bf2f837cf3353e2161fe1087adbd728f"},"headline":"A new labelling for tyres towards a greener and safer transport","datePublished":"2019-11-16T02:00:48+00:00","mainEntityOfPage":{"@id":"https:\/\/www.cde.ual.es\/en\/a-new-labelling-for-tyres-towards-a-greener-and-safer-transport\/"},"wordCount":352,"commentCount":0,"publisher":{"@id":"https:\/\/www.cde.ual.es\/#organization"},"image":{"@id":"https:\/\/www.cde.ual.es\/en\/a-new-labelling-for-tyres-towards-a-greener-and-safer-transport\/#primaryimage"},"thumbnailUrl":"https:\/\/www.cde.ual.es\/wp-content\/uploads\/2017\/12\/car-macro-mini-cooper-35967.jpg","keywords":["Environment","European Union","Uni\u00f3n Europea"],"articleSection":["EU News"],"inLanguage":"en-US","potentialAction":[{"@type":"CommentAction","name":"Comment","target":["https:\/\/www.cde.ual.es\/en\/a-new-labelling-for-tyres-towards-a-greener-and-safer-transport\/#respond"]}]},{"@type":"WebPage","@id":"https:\/\/www.cde.ual.es\/en\/a-new-labelling-for-tyres-towards-a-greener-and-safer-transport\/","url":"https:\/\/www.cde.ual.es\/en\/a-new-labelling-for-tyres-towards-a-greener-and-safer-transport\/","name":"A new labelling for tyres towards a greener and safer transport | CDE Almer\u00eda - Centro de Documentaci\u00f3n Europea - Universidad de Almer\u00eda","isPartOf":{"@id":"https:\/\/www.cde.ual.es\/#website"},"primaryImageOfPage":{"@id":"https:\/\/www.cde.ual.es\/en\/a-new-labelling-for-tyres-towards-a-greener-and-safer-transport\/#primaryimage"},"image":{"@id":"https:\/\/www.cde.ual.es\/en\/a-new-labelling-for-tyres-towards-a-greener-and-safer-transport\/#primaryimage"},"thumbnailUrl":"https:\/\/www.cde.ual.es\/wp-content\/uploads\/2017\/12\/car-macro-mini-cooper-35967.jpg","datePublished":"2019-11-16T02:00:48+00:00","breadcrumb":{"@id":"https:\/\/www.cde.ual.es\/en\/a-new-labelling-for-tyres-towards-a-greener-and-safer-transport\/#breadcrumb"},"inLanguage":"en-US","potentialAction":[{"@type":"ReadAction","target":["https:\/\/www.cde.ual.es\/en\/a-new-labelling-for-tyres-towards-a-greener-and-safer-transport\/"]}]},{"@type":"ImageObject","inLanguage":"en-US","@id":"https:\/\/www.cde.ual.es\/en\/a-new-labelling-for-tyres-towards-a-greener-and-safer-transport\/#primaryimage","url":"https:\/\/www.cde.ual.es\/wp-content\/uploads\/2017\/12\/car-macro-mini-cooper-35967.jpg","contentUrl":"https:\/\/www.cde.ual.es\/wp-content\/uploads\/2017\/12\/car-macro-mini-cooper-35967.jpg","width":1280,"height":781,"caption":"miniatura de coche estilo \"Mini\", de color verde, sobre el suelo exterior"},{"@type":"BreadcrumbList","@id":"https:\/\/www.cde.ual.es\/en\/a-new-labelling-for-tyres-towards-a-greener-and-safer-transport\/#breadcrumb","itemListElement":[{"@type":"ListItem","position":1,"name":"Inicio","item":"https:\/\/www.cde.ual.es\/en\/"},{"@type":"ListItem","position":2,"name":"EU News","item":"https:\/\/www.cde.ual.es\/en\/category\/eu-news\/"},{"@type":"ListItem","position":3,"name":"A new labelling for tyres towards a greener and safer transport"}]},{"@type":"WebSite","@id":"https:\/\/www.cde.ual.es\/#website","url":"https:\/\/www.cde.ual.es\/","name":"CDE Almer\u00eda - Centro de Documentaci\u00f3n Europea - Universidad de Almer\u00eda","description":"Centro de Documentaci\u00f3n Europea de la Universidad de Almer\u00eda","publisher":{"@id":"https:\/\/www.cde.ual.es\/#organization"},"alternateName":"CDE Almer\u00eda","potentialAction":[{"@type":"SearchAction","target":{"@type":"EntryPoint","urlTemplate":"https:\/\/www.cde.ual.es\/?s={search_term_string}"},"query-input":{"@type":"PropertyValueSpecification","valueRequired":true,"valueName":"search_term_string"}}],"inLanguage":"en-US"},{"@type":"Organization","@id":"https:\/\/www.cde.ual.es\/#organization","name":"Centro de Documentaci\u00f3n Europea de Almer\u00eda","url":"https:\/\/www.cde.ual.es\/","logo":{"@type":"ImageObject","inLanguage":"en-US","@id":"https:\/\/www.cde.ual.es\/#\/schema\/logo\/image\/","url":"https:\/\/www.cde.ual.es\/wp-content\/uploads\/2025\/07\/cde-logo-3.png","contentUrl":"https:\/\/www.cde.ual.es\/wp-content\/uploads\/2025\/07\/cde-logo-3.png","width":1400,"height":300,"caption":"Centro de Documentaci\u00f3n Europea de Almer\u00eda"},"image":{"@id":"https:\/\/www.cde.ual.es\/#\/schema\/logo\/image\/"},"sameAs":["https:\/\/www.facebook.com\/cdeuniversidadalmeria\/","https:\/\/x.com\/cdeualmeria","https:\/\/www.tiktok.com\/@cdealmeria","https:\/\/www.instagram.com\/cdealmeria\/","https:\/\/www.linkedin.com\/in\/cde-almera-812b26a9\/"]},{"@type":"Person","@id":"https:\/\/www.cde.ual.es\/#\/schema\/person\/bf2f837cf3353e2161fe1087adbd728f","name":"BECACDE1","image":{"@type":"ImageObject","inLanguage":"en-US","@id":"https:\/\/secure.gravatar.com\/avatar\/16a4c1e422b5dec818ee13eab3353b19db9cfd278cc10f9b0e1188a37671d9d4?s=96&d=mm&r=g","url":"https:\/\/secure.gravatar.com\/avatar\/16a4c1e422b5dec818ee13eab3353b19db9cfd278cc10f9b0e1188a37671d9d4?s=96&d=mm&r=g","contentUrl":"https:\/\/secure.gravatar.com\/avatar\/16a4c1e422b5dec818ee13eab3353b19db9cfd278cc10f9b0e1188a37671d9d4?s=96&d=mm&r=g","caption":"BECACDE1"},"sameAs":["http:\/\/www.cdealmeria.com"]}]}},"_links":{"self":[{"href":"https:\/\/www.cde.ual.es\/en\/wp-json\/wp\/v2\/posts\/29340","targetHints":{"allow":["GET"]}}],"collection":[{"href":"https:\/\/www.cde.ual.es\/en\/wp-json\/wp\/v2\/posts"}],"about":[{"href":"https:\/\/www.cde.ual.es\/en\/wp-json\/wp\/v2\/types\/post"}],"author":[{"embeddable":true,"href":"https:\/\/www.cde.ual.es\/en\/wp-json\/wp\/v2\/users\/101012"}],"replies":[{"embeddable":true,"href":"https:\/\/www.cde.ual.es\/en\/wp-json\/wp\/v2\/comments?post=29340"}],"version-history":[{"count":0,"href":"https:\/\/www.cde.ual.es\/en\/wp-json\/wp\/v2\/posts\/29340\/revisions"}],"wp:featuredmedia":[{"embeddable":true,"href":"https:\/\/www.cde.ual.es\/en\/wp-json\/wp\/v2\/media\/15145"}],"wp:attachment":[{"href":"https:\/\/www.cde.ual.es\/en\/wp-json\/wp\/v2\/media?parent=29340"}],"wp:term":[{"taxonomy":"category","embeddable":true,"href":"https:\/\/www.cde.ual.es\/en\/wp-json\/wp\/v2\/categories?post=29340"},{"taxonomy":"post_tag","embeddable":true,"href":"https:\/\/www.cde.ual.es\/en\/wp-json\/wp\/v2\/tags?post=29340"}],"curies":[{"name":"wp","href":"https:\/\/api.w.org\/{rel}","templated":true}]}}