{"id":29030,"date":"2019-11-12T12:08:39","date_gmt":"2019-11-12T11:08:39","guid":{"rendered":"https:\/\/www.cde.ual.es\/?p=29030"},"modified":"2019-11-12T12:09:40","modified_gmt":"2019-11-12T11:09:40","slug":"eda-on-the-record-artificial-intelligence","status":"publish","type":"post","link":"https:\/\/www.cde.ual.es\/en\/eda-on-the-record-artificial-intelligence\/","title":{"rendered":"EDA On The Record: Artificial Intelligence"},"content":{"rendered":"<p>T\u00edtulo: EDA On The Record: Artificial Intelligence<\/p>\n<p>Autor: EDA<\/p>\n<p>Duraci\u00f3n: 03:22<\/p>\n<p>Resumen: En la edici\u00f3n de este mes, el presidente ejecutivo, Jorge Domecq, aborda la creciente importancia de la Inteligencia Artificial (IA) en defensa, tambi\u00e9n reflejada en las prioridades revisadas de desarrollo de capacidades europeas de 2018, y presenta las diversas actividades que la Agencia est\u00e1 llevando a cabo actualmente para avanzar en este tema para El beneficio de las capacidades de defensa de los Estados miembros.<\/p>\n<p>Fecha de Publicaci\u00f3n: 02-10-2019<\/p>\n<p><iframe title=\"EDA On The Record: Artificial Intelligence\" width=\"500\" height=\"281\" src=\"https:\/\/www.youtube.com\/embed\/MAQk1rtSL3U?feature=oembed\" frameborder=\"0\" allow=\"accelerometer; autoplay; clipboard-write; encrypted-media; gyroscope; picture-in-picture; web-share\" referrerpolicy=\"strict-origin-when-cross-origin\" allowfullscreen><\/iframe><\/p>\n","protected":false},"excerpt":{"rendered":"<p>T\u00edtulo: EDA On The Record: Artificial Intelligence Autor: EDA Duraci\u00f3n: 03:22 Resumen: En la edici\u00f3n de este mes, el presidente ejecutivo, Jorge Domecq, aborda la creciente importancia de la Inteligencia Artificial (IA) en defensa, tambi\u00e9n reflejada en las prioridades revisadas de desarrollo de capacidades europeas de 2018, y presenta las diversas actividades que la Agencia [&hellip;]<\/p>\n","protected":false},"author":101012,"featured_media":29031,"comment_status":"open","ping_status":"open","sticky":false,"template":"","format":"standard","meta":{"_acf_changed":false,"_relevanssi_hide_post":"","_relevanssi_hide_content":"","_relevanssi_pin_for_all":"","_relevanssi_pin_keywords":"","_relevanssi_unpin_keywords":"","_relevanssi_related_keywords":"","_relevanssi_related_include_ids":"","_relevanssi_related_exclude_ids":"","_relevanssi_related_no_append":"","_relevanssi_related_not_related":"","_relevanssi_related_posts":"","_relevanssi_noindex_reason":"","_monsterinsights_skip_tracking":false,"_monsterinsights_sitenote_active":false,"_monsterinsights_sitenote_note":"","_monsterinsights_sitenote_category":0,"_genesis_hide_title":false,"_genesis_hide_breadcrumbs":false,"_genesis_hide_singular_image":false,"_genesis_hide_footer_widgets":false,"_genesis_custom_body_class":"","_genesis_custom_post_class":"","_genesis_layout":"","footnotes":""},"categories":[121],"tags":[129],"class_list":{"0":"post-29030","1":"post","2":"type-post","3":"status-publish","4":"format-standard","5":"has-post-thumbnail","7":"category-mediateca-defensa-y-seguridad","8":"tag-seguridad-defensa","9":"entry"},"acf":[],"yoast_head":"<!-- This site is optimized with the Yoast SEO plugin v27.5 - https:\/\/yoast.com\/product\/yoast-seo-wordpress\/ -->\n<title>EDA On The Record: Artificial Intelligence | CDE Almer\u00eda - Centro de Documentaci\u00f3n Europea - Universidad de Almer\u00eda<\/title>\n<meta name=\"robots\" content=\"index, follow, max-snippet:-1, max-image-preview:large, max-video-preview:-1\" \/>\n<link rel=\"canonical\" href=\"https:\/\/www.cde.ual.es\/eda-on-the-record-artificial-intelligence\/\" \/>\n<meta property=\"og:locale\" content=\"en_US\" \/>\n<meta property=\"og:type\" content=\"article\" \/>\n<meta property=\"og:title\" content=\"EDA On The Record: Artificial Intelligence | CDE Almer\u00eda - Centro de Documentaci\u00f3n Europea - Universidad de Almer\u00eda\" \/>\n<meta property=\"og:description\" content=\"T\u00edtulo: EDA On The Record: Artificial Intelligence Autor: EDA Duraci\u00f3n: 03:22 Resumen: En la edici\u00f3n de este mes, el presidente ejecutivo, Jorge Domecq, aborda la creciente importancia de la Inteligencia Artificial (IA) en defensa, tambi\u00e9n reflejada en las prioridades revisadas de desarrollo de capacidades europeas de 2018, y presenta las diversas actividades que la Agencia [&hellip;]\" \/>\n<meta property=\"og:url\" content=\"https:\/\/www.cde.ual.es\/eda-on-the-record-artificial-intelligence\/\" \/>\n<meta property=\"og:site_name\" content=\"CDE Almer\u00eda - Centro de Documentaci\u00f3n Europea - Universidad de Almer\u00eda\" \/>\n<meta property=\"article:publisher\" content=\"https:\/\/www.facebook.com\/cdeuniversidadalmeria\/\" \/>\n<meta property=\"article:published_time\" content=\"2019-11-12T11:08:39+00:00\" \/>\n<meta property=\"article:modified_time\" content=\"2019-11-12T11:09:40+00:00\" \/>\n<meta property=\"og:image\" content=\"https:\/\/www.cde.ual.es\/wp-content\/uploads\/2019\/11\/eda-ia.png\" \/>\n\t<meta property=\"og:image:width\" content=\"1279\" \/>\n\t<meta property=\"og:image:height\" content=\"681\" \/>\n\t<meta property=\"og:image:type\" content=\"image\/png\" \/>\n<meta name=\"author\" content=\"BECACDE1\" \/>\n<meta name=\"twitter:card\" content=\"summary_large_image\" \/>\n<meta name=\"twitter:creator\" content=\"@cdeualmeria\" \/>\n<meta name=\"twitter:site\" content=\"@cdeualmeria\" \/>\n<meta name=\"twitter:label1\" content=\"Written by\" \/>\n\t<meta name=\"twitter:data1\" content=\"BECACDE1\" \/>\n<script type=\"application\/ld+json\" class=\"yoast-schema-graph\">{\"@context\":\"https:\\\/\\\/schema.org\",\"@graph\":[{\"@type\":\"Article\",\"@id\":\"https:\\\/\\\/www.cde.ual.es\\\/eda-on-the-record-artificial-intelligence\\\/#article\",\"isPartOf\":{\"@id\":\"https:\\\/\\\/www.cde.ual.es\\\/eda-on-the-record-artificial-intelligence\\\/\"},\"author\":{\"name\":\"BECACDE1\",\"@id\":\"https:\\\/\\\/www.cde.ual.es\\\/#\\\/schema\\\/person\\\/bf2f837cf3353e2161fe1087adbd728f\"},\"headline\":\"EDA On The Record: Artificial Intelligence\",\"datePublished\":\"2019-11-12T11:08:39+00:00\",\"dateModified\":\"2019-11-12T11:09:40+00:00\",\"mainEntityOfPage\":{\"@id\":\"https:\\\/\\\/www.cde.ual.es\\\/eda-on-the-record-artificial-intelligence\\\/\"},\"wordCount\":97,\"commentCount\":0,\"publisher\":{\"@id\":\"https:\\\/\\\/www.cde.ual.es\\\/#organization\"},\"image\":{\"@id\":\"https:\\\/\\\/www.cde.ual.es\\\/eda-on-the-record-artificial-intelligence\\\/#primaryimage\"},\"thumbnailUrl\":\"https:\\\/\\\/www.cde.ual.es\\\/wp-content\\\/uploads\\\/2019\\\/11\\\/eda-ia.png\",\"keywords\":[\"Seguridad y Defensa\"],\"articleSection\":[\"Mediateca - Defensa y Seguridad\"],\"inLanguage\":\"en-US\",\"potentialAction\":[{\"@type\":\"CommentAction\",\"name\":\"Comment\",\"target\":[\"https:\\\/\\\/www.cde.ual.es\\\/eda-on-the-record-artificial-intelligence\\\/#respond\"]}]},{\"@type\":\"WebPage\",\"@id\":\"https:\\\/\\\/www.cde.ual.es\\\/eda-on-the-record-artificial-intelligence\\\/\",\"url\":\"https:\\\/\\\/www.cde.ual.es\\\/eda-on-the-record-artificial-intelligence\\\/\",\"name\":\"EDA On The Record: Artificial Intelligence | CDE Almer\u00eda - Centro de Documentaci\u00f3n Europea - Universidad de Almer\u00eda\",\"isPartOf\":{\"@id\":\"https:\\\/\\\/www.cde.ual.es\\\/#website\"},\"primaryImageOfPage\":{\"@id\":\"https:\\\/\\\/www.cde.ual.es\\\/eda-on-the-record-artificial-intelligence\\\/#primaryimage\"},\"image\":{\"@id\":\"https:\\\/\\\/www.cde.ual.es\\\/eda-on-the-record-artificial-intelligence\\\/#primaryimage\"},\"thumbnailUrl\":\"https:\\\/\\\/www.cde.ual.es\\\/wp-content\\\/uploads\\\/2019\\\/11\\\/eda-ia.png\",\"datePublished\":\"2019-11-12T11:08:39+00:00\",\"dateModified\":\"2019-11-12T11:09:40+00:00\",\"breadcrumb\":{\"@id\":\"https:\\\/\\\/www.cde.ual.es\\\/eda-on-the-record-artificial-intelligence\\\/#breadcrumb\"},\"inLanguage\":\"en-US\",\"potentialAction\":[{\"@type\":\"ReadAction\",\"target\":[\"https:\\\/\\\/www.cde.ual.es\\\/eda-on-the-record-artificial-intelligence\\\/\"]}]},{\"@type\":\"ImageObject\",\"inLanguage\":\"en-US\",\"@id\":\"https:\\\/\\\/www.cde.ual.es\\\/eda-on-the-record-artificial-intelligence\\\/#primaryimage\",\"url\":\"https:\\\/\\\/www.cde.ual.es\\\/wp-content\\\/uploads\\\/2019\\\/11\\\/eda-ia.png\",\"contentUrl\":\"https:\\\/\\\/www.cde.ual.es\\\/wp-content\\\/uploads\\\/2019\\\/11\\\/eda-ia.png\",\"width\":1279,\"height\":681},{\"@type\":\"BreadcrumbList\",\"@id\":\"https:\\\/\\\/www.cde.ual.es\\\/eda-on-the-record-artificial-intelligence\\\/#breadcrumb\",\"itemListElement\":[{\"@type\":\"ListItem\",\"position\":1,\"name\":\"Inicio\",\"item\":\"https:\\\/\\\/www.cde.ual.es\\\/en\\\/\"},{\"@type\":\"ListItem\",\"position\":2,\"name\":\"Repositorio Mediateca\",\"item\":\"https:\\\/\\\/www.cde.ual.es\\\/category\\\/repositorio-mediateca\\\/\"},{\"@type\":\"ListItem\",\"position\":3,\"name\":\"Mediateca - Defensa y Seguridad\",\"item\":\"https:\\\/\\\/www.cde.ual.es\\\/category\\\/repositorio-mediateca\\\/mediateca-defensa-y-seguridad\\\/\"},{\"@type\":\"ListItem\",\"position\":4,\"name\":\"EDA On The Record: Artificial Intelligence\"}]},{\"@type\":\"WebSite\",\"@id\":\"https:\\\/\\\/www.cde.ual.es\\\/#website\",\"url\":\"https:\\\/\\\/www.cde.ual.es\\\/\",\"name\":\"CDE Almer\u00eda - Centro de Documentaci\u00f3n Europea - Universidad de Almer\u00eda\",\"description\":\"Centro de Documentaci\u00f3n Europea de la Universidad de Almer\u00eda\",\"publisher\":{\"@id\":\"https:\\\/\\\/www.cde.ual.es\\\/#organization\"},\"alternateName\":\"CDE Almer\u00eda\",\"potentialAction\":[{\"@type\":\"SearchAction\",\"target\":{\"@type\":\"EntryPoint\",\"urlTemplate\":\"https:\\\/\\\/www.cde.ual.es\\\/?s={search_term_string}\"},\"query-input\":{\"@type\":\"PropertyValueSpecification\",\"valueRequired\":true,\"valueName\":\"search_term_string\"}}],\"inLanguage\":\"en-US\"},{\"@type\":\"Organization\",\"@id\":\"https:\\\/\\\/www.cde.ual.es\\\/#organization\",\"name\":\"Centro de Documentaci\u00f3n Europea de Almer\u00eda\",\"url\":\"https:\\\/\\\/www.cde.ual.es\\\/\",\"logo\":{\"@type\":\"ImageObject\",\"inLanguage\":\"en-US\",\"@id\":\"https:\\\/\\\/www.cde.ual.es\\\/#\\\/schema\\\/logo\\\/image\\\/\",\"url\":\"https:\\\/\\\/www.cde.ual.es\\\/wp-content\\\/uploads\\\/2025\\\/07\\\/cde-logo-3.png\",\"contentUrl\":\"https:\\\/\\\/www.cde.ual.es\\\/wp-content\\\/uploads\\\/2025\\\/07\\\/cde-logo-3.png\",\"width\":1400,\"height\":300,\"caption\":\"Centro de Documentaci\u00f3n Europea de Almer\u00eda\"},\"image\":{\"@id\":\"https:\\\/\\\/www.cde.ual.es\\\/#\\\/schema\\\/logo\\\/image\\\/\"},\"sameAs\":[\"https:\\\/\\\/www.facebook.com\\\/cdeuniversidadalmeria\\\/\",\"https:\\\/\\\/x.com\\\/cdeualmeria\",\"https:\\\/\\\/www.tiktok.com\\\/@cdealmeria\",\"https:\\\/\\\/www.instagram.com\\\/cdealmeria\\\/\",\"https:\\\/\\\/www.linkedin.com\\\/in\\\/cde-almera-812b26a9\\\/\"]},{\"@type\":\"Person\",\"@id\":\"https:\\\/\\\/www.cde.ual.es\\\/#\\\/schema\\\/person\\\/bf2f837cf3353e2161fe1087adbd728f\",\"name\":\"BECACDE1\",\"image\":{\"@type\":\"ImageObject\",\"inLanguage\":\"en-US\",\"@id\":\"https:\\\/\\\/secure.gravatar.com\\\/avatar\\\/16a4c1e422b5dec818ee13eab3353b19db9cfd278cc10f9b0e1188a37671d9d4?s=96&d=mm&r=g\",\"url\":\"https:\\\/\\\/secure.gravatar.com\\\/avatar\\\/16a4c1e422b5dec818ee13eab3353b19db9cfd278cc10f9b0e1188a37671d9d4?s=96&d=mm&r=g\",\"contentUrl\":\"https:\\\/\\\/secure.gravatar.com\\\/avatar\\\/16a4c1e422b5dec818ee13eab3353b19db9cfd278cc10f9b0e1188a37671d9d4?s=96&d=mm&r=g\",\"caption\":\"BECACDE1\"},\"sameAs\":[\"http:\\\/\\\/www.cdealmeria.com\"]}]}<\/script>\n<!-- \/ Yoast SEO plugin. -->","yoast_head_json":{"title":"EDA On The Record: Artificial Intelligence | CDE Almer\u00eda - Centro de Documentaci\u00f3n Europea - Universidad de Almer\u00eda","robots":{"index":"index","follow":"follow","max-snippet":"max-snippet:-1","max-image-preview":"max-image-preview:large","max-video-preview":"max-video-preview:-1"},"canonical":"https:\/\/www.cde.ual.es\/eda-on-the-record-artificial-intelligence\/","og_locale":"en_US","og_type":"article","og_title":"EDA On The Record: Artificial Intelligence | CDE Almer\u00eda - Centro de Documentaci\u00f3n Europea - Universidad de Almer\u00eda","og_description":"T\u00edtulo: EDA On The Record: Artificial Intelligence Autor: EDA Duraci\u00f3n: 03:22 Resumen: En la edici\u00f3n de este mes, el presidente ejecutivo, Jorge Domecq, aborda la creciente importancia de la Inteligencia Artificial (IA) en defensa, tambi\u00e9n reflejada en las prioridades revisadas de desarrollo de capacidades europeas de 2018, y presenta las diversas actividades que la Agencia [&hellip;]","og_url":"https:\/\/www.cde.ual.es\/eda-on-the-record-artificial-intelligence\/","og_site_name":"CDE Almer\u00eda - Centro de Documentaci\u00f3n Europea - Universidad de Almer\u00eda","article_publisher":"https:\/\/www.facebook.com\/cdeuniversidadalmeria\/","article_published_time":"2019-11-12T11:08:39+00:00","article_modified_time":"2019-11-12T11:09:40+00:00","og_image":[{"width":1279,"height":681,"url":"https:\/\/www.cde.ual.es\/wp-content\/uploads\/2019\/11\/eda-ia.png","type":"image\/png"}],"author":"BECACDE1","twitter_card":"summary_large_image","twitter_creator":"@cdeualmeria","twitter_site":"@cdeualmeria","twitter_misc":{"Written by":"BECACDE1"},"schema":{"@context":"https:\/\/schema.org","@graph":[{"@type":"Article","@id":"https:\/\/www.cde.ual.es\/eda-on-the-record-artificial-intelligence\/#article","isPartOf":{"@id":"https:\/\/www.cde.ual.es\/eda-on-the-record-artificial-intelligence\/"},"author":{"name":"BECACDE1","@id":"https:\/\/www.cde.ual.es\/#\/schema\/person\/bf2f837cf3353e2161fe1087adbd728f"},"headline":"EDA On The Record: Artificial Intelligence","datePublished":"2019-11-12T11:08:39+00:00","dateModified":"2019-11-12T11:09:40+00:00","mainEntityOfPage":{"@id":"https:\/\/www.cde.ual.es\/eda-on-the-record-artificial-intelligence\/"},"wordCount":97,"commentCount":0,"publisher":{"@id":"https:\/\/www.cde.ual.es\/#organization"},"image":{"@id":"https:\/\/www.cde.ual.es\/eda-on-the-record-artificial-intelligence\/#primaryimage"},"thumbnailUrl":"https:\/\/www.cde.ual.es\/wp-content\/uploads\/2019\/11\/eda-ia.png","keywords":["Seguridad y Defensa"],"articleSection":["Mediateca - Defensa y Seguridad"],"inLanguage":"en-US","potentialAction":[{"@type":"CommentAction","name":"Comment","target":["https:\/\/www.cde.ual.es\/eda-on-the-record-artificial-intelligence\/#respond"]}]},{"@type":"WebPage","@id":"https:\/\/www.cde.ual.es\/eda-on-the-record-artificial-intelligence\/","url":"https:\/\/www.cde.ual.es\/eda-on-the-record-artificial-intelligence\/","name":"EDA On The Record: Artificial Intelligence | CDE Almer\u00eda - Centro de Documentaci\u00f3n Europea - Universidad de Almer\u00eda","isPartOf":{"@id":"https:\/\/www.cde.ual.es\/#website"},"primaryImageOfPage":{"@id":"https:\/\/www.cde.ual.es\/eda-on-the-record-artificial-intelligence\/#primaryimage"},"image":{"@id":"https:\/\/www.cde.ual.es\/eda-on-the-record-artificial-intelligence\/#primaryimage"},"thumbnailUrl":"https:\/\/www.cde.ual.es\/wp-content\/uploads\/2019\/11\/eda-ia.png","datePublished":"2019-11-12T11:08:39+00:00","dateModified":"2019-11-12T11:09:40+00:00","breadcrumb":{"@id":"https:\/\/www.cde.ual.es\/eda-on-the-record-artificial-intelligence\/#breadcrumb"},"inLanguage":"en-US","potentialAction":[{"@type":"ReadAction","target":["https:\/\/www.cde.ual.es\/eda-on-the-record-artificial-intelligence\/"]}]},{"@type":"ImageObject","inLanguage":"en-US","@id":"https:\/\/www.cde.ual.es\/eda-on-the-record-artificial-intelligence\/#primaryimage","url":"https:\/\/www.cde.ual.es\/wp-content\/uploads\/2019\/11\/eda-ia.png","contentUrl":"https:\/\/www.cde.ual.es\/wp-content\/uploads\/2019\/11\/eda-ia.png","width":1279,"height":681},{"@type":"BreadcrumbList","@id":"https:\/\/www.cde.ual.es\/eda-on-the-record-artificial-intelligence\/#breadcrumb","itemListElement":[{"@type":"ListItem","position":1,"name":"Inicio","item":"https:\/\/www.cde.ual.es\/en\/"},{"@type":"ListItem","position":2,"name":"Repositorio Mediateca","item":"https:\/\/www.cde.ual.es\/category\/repositorio-mediateca\/"},{"@type":"ListItem","position":3,"name":"Mediateca - Defensa y Seguridad","item":"https:\/\/www.cde.ual.es\/category\/repositorio-mediateca\/mediateca-defensa-y-seguridad\/"},{"@type":"ListItem","position":4,"name":"EDA On The Record: Artificial Intelligence"}]},{"@type":"WebSite","@id":"https:\/\/www.cde.ual.es\/#website","url":"https:\/\/www.cde.ual.es\/","name":"CDE Almer\u00eda - Centro de Documentaci\u00f3n Europea - Universidad de Almer\u00eda","description":"Centro de Documentaci\u00f3n Europea de la Universidad de Almer\u00eda","publisher":{"@id":"https:\/\/www.cde.ual.es\/#organization"},"alternateName":"CDE Almer\u00eda","potentialAction":[{"@type":"SearchAction","target":{"@type":"EntryPoint","urlTemplate":"https:\/\/www.cde.ual.es\/?s={search_term_string}"},"query-input":{"@type":"PropertyValueSpecification","valueRequired":true,"valueName":"search_term_string"}}],"inLanguage":"en-US"},{"@type":"Organization","@id":"https:\/\/www.cde.ual.es\/#organization","name":"Centro de Documentaci\u00f3n Europea de Almer\u00eda","url":"https:\/\/www.cde.ual.es\/","logo":{"@type":"ImageObject","inLanguage":"en-US","@id":"https:\/\/www.cde.ual.es\/#\/schema\/logo\/image\/","url":"https:\/\/www.cde.ual.es\/wp-content\/uploads\/2025\/07\/cde-logo-3.png","contentUrl":"https:\/\/www.cde.ual.es\/wp-content\/uploads\/2025\/07\/cde-logo-3.png","width":1400,"height":300,"caption":"Centro de Documentaci\u00f3n Europea de Almer\u00eda"},"image":{"@id":"https:\/\/www.cde.ual.es\/#\/schema\/logo\/image\/"},"sameAs":["https:\/\/www.facebook.com\/cdeuniversidadalmeria\/","https:\/\/x.com\/cdeualmeria","https:\/\/www.tiktok.com\/@cdealmeria","https:\/\/www.instagram.com\/cdealmeria\/","https:\/\/www.linkedin.com\/in\/cde-almera-812b26a9\/"]},{"@type":"Person","@id":"https:\/\/www.cde.ual.es\/#\/schema\/person\/bf2f837cf3353e2161fe1087adbd728f","name":"BECACDE1","image":{"@type":"ImageObject","inLanguage":"en-US","@id":"https:\/\/secure.gravatar.com\/avatar\/16a4c1e422b5dec818ee13eab3353b19db9cfd278cc10f9b0e1188a37671d9d4?s=96&d=mm&r=g","url":"https:\/\/secure.gravatar.com\/avatar\/16a4c1e422b5dec818ee13eab3353b19db9cfd278cc10f9b0e1188a37671d9d4?s=96&d=mm&r=g","contentUrl":"https:\/\/secure.gravatar.com\/avatar\/16a4c1e422b5dec818ee13eab3353b19db9cfd278cc10f9b0e1188a37671d9d4?s=96&d=mm&r=g","caption":"BECACDE1"},"sameAs":["http:\/\/www.cdealmeria.com"]}]}},"_links":{"self":[{"href":"https:\/\/www.cde.ual.es\/en\/wp-json\/wp\/v2\/posts\/29030","targetHints":{"allow":["GET"]}}],"collection":[{"href":"https:\/\/www.cde.ual.es\/en\/wp-json\/wp\/v2\/posts"}],"about":[{"href":"https:\/\/www.cde.ual.es\/en\/wp-json\/wp\/v2\/types\/post"}],"author":[{"embeddable":true,"href":"https:\/\/www.cde.ual.es\/en\/wp-json\/wp\/v2\/users\/101012"}],"replies":[{"embeddable":true,"href":"https:\/\/www.cde.ual.es\/en\/wp-json\/wp\/v2\/comments?post=29030"}],"version-history":[{"count":0,"href":"https:\/\/www.cde.ual.es\/en\/wp-json\/wp\/v2\/posts\/29030\/revisions"}],"wp:featuredmedia":[{"embeddable":true,"href":"https:\/\/www.cde.ual.es\/en\/wp-json\/wp\/v2\/media\/29031"}],"wp:attachment":[{"href":"https:\/\/www.cde.ual.es\/en\/wp-json\/wp\/v2\/media?parent=29030"}],"wp:term":[{"taxonomy":"category","embeddable":true,"href":"https:\/\/www.cde.ual.es\/en\/wp-json\/wp\/v2\/categories?post=29030"},{"taxonomy":"post_tag","embeddable":true,"href":"https:\/\/www.cde.ual.es\/en\/wp-json\/wp\/v2\/tags?post=29030"}],"curies":[{"name":"wp","href":"https:\/\/api.w.org\/{rel}","templated":true}]}}