{"id":28657,"date":"2019-11-08T03:00:23","date_gmt":"2019-11-08T02:00:23","guid":{"rendered":"https:\/\/www.cde.ual.es\/?p=28657"},"modified":"2019-11-07T09:36:56","modified_gmt":"2019-11-07T08:36:56","slug":"polish-rules-relating-to-the-retirement-age-of-judges-and-public-prosecutors-are-contrary-to-eu-law","status":"publish","type":"post","link":"https:\/\/www.cde.ual.es\/en\/polish-rules-relating-to-the-retirement-age-of-judges-and-public-prosecutors-are-contrary-to-eu-law\/","title":{"rendered":"Polish rules relating to the retirement age of judges and public prosecutors are contrary to EU law"},"content":{"rendered":"<h3>The European Court held that Poland has failed to fulfil one of its obligations as a member state<\/h3>\n<p><a href=\"https:\/\/www.cde.ual.es\/wp-content\/uploads\/2019\/05\/Pr\u00e1cticas-Tribunal.jpg\"><img decoding=\"async\" class=\"aligncenter size-medium wp-image-17202\" src=\"https:\/\/www.cde.ual.es\/wp-content\/uploads\/2019\/05\/Pr\u00e1cticas-Tribunal-300x164.jpg\" alt=\"\" width=\"300\" height=\"164\" srcset=\"https:\/\/www.cde.ual.es\/wp-content\/uploads\/2019\/05\/Pr\u00e1cticas-Tribunal-300x164.jpg 300w, https:\/\/www.cde.ual.es\/wp-content\/uploads\/2019\/05\/Pr\u00e1cticas-Tribunal.jpg 550w\" sizes=\"(max-width: 300px) 100vw, 300px\" \/><\/a><\/p>\n<p>In yestgerday\u2019s judgment the Court, upholds the action for failure to fulfil obligations brought by the Commission against the Republic of Poland and held that that Member State had failed to fulfil its obligations under EU law, first, by stablishing a different retirement age for men and women who were judges or public prosecutors in Poland and, second, by lowering the retirement age of judges of the ordinary courts while conferring on the Minister for Justice the power to extend the period of active service of those judges.<\/p>\n<p>A Polish law of 12 July 2017 lowered the retirement age of judges of the ordinary courts and public prosecutors, and the age for early retirement of judges of the S\u0105d Najwy\u017cszy (Supreme Court), to 60 years for women and 65 years for men, whereas those ages were previously set at 67 years for both sexes. In addition, that law conferred on the Minister for Justice the power to extend the period of active service of judges of the ordinary courts beyond the new retirement ages thus set, which differ according to sex. Since the Commission took the view that those rules were contrary to EU law, it brought an action for failure to fulfil obligations before the Court of Justice.<\/p>\n<h3>More information<\/h3>\n<p><a href=\"https:\/\/bit.ly\/2PWdcaK\" target=\"_blank\" rel=\"noopener\">Press Release<\/a><\/p>\n","protected":false},"excerpt":{"rendered":"<p>The European Court held that Poland has failed to fulfil one of its obligations as a member state In yestgerday\u2019s judgment the Court, upholds the action for failure to fulfil obligations brought by the Commission against the Republic of Poland and held that that Member State had failed to fulfil its obligations under EU law, [&hellip;]<\/p>\n","protected":false},"author":101011,"featured_media":17203,"comment_status":"open","ping_status":"open","sticky":false,"template":"","format":"standard","meta":{"_acf_changed":false,"_relevanssi_hide_post":"","_relevanssi_hide_content":"","_relevanssi_pin_for_all":"","_relevanssi_pin_keywords":"","_relevanssi_unpin_keywords":"","_relevanssi_related_keywords":"","_relevanssi_related_include_ids":"","_relevanssi_related_exclude_ids":"","_relevanssi_related_no_append":"","_relevanssi_related_not_related":"","_relevanssi_related_posts":"","_relevanssi_noindex_reason":"","_monsterinsights_skip_tracking":false,"_monsterinsights_sitenote_active":false,"_monsterinsights_sitenote_note":"","_monsterinsights_sitenote_category":0,"_genesis_hide_title":false,"_genesis_hide_breadcrumbs":false,"_genesis_hide_singular_image":false,"_genesis_hide_footer_widgets":false,"_genesis_custom_body_class":"","_genesis_custom_post_class":"","_genesis_layout":"","footnotes":""},"categories":[346,157],"tags":[412],"class_list":{"0":"post-28657","1":"post","2":"type-post","3":"status-publish","4":"format-standard","5":"has-post-thumbnail","7":"category-eu-news","8":"category-uncategorized","9":"tag-law","10":"entry"},"acf":[],"yoast_head":"<!-- This site is optimized with the Yoast SEO plugin v27.5 - https:\/\/yoast.com\/product\/yoast-seo-wordpress\/ -->\n<title>Polish rules relating to the retirement age of judges and public prosecutors are contrary to EU law | CDE Almer\u00eda - Centro de Documentaci\u00f3n Europea - Universidad de Almer\u00eda<\/title>\n<meta name=\"robots\" content=\"index, follow, max-snippet:-1, max-image-preview:large, max-video-preview:-1\" \/>\n<link rel=\"canonical\" href=\"https:\/\/www.cde.ual.es\/en\/polish-rules-relating-to-the-retirement-age-of-judges-and-public-prosecutors-are-contrary-to-eu-law\/\" \/>\n<meta property=\"og:locale\" content=\"en_US\" \/>\n<meta property=\"og:type\" content=\"article\" \/>\n<meta property=\"og:title\" content=\"Polish rules relating to the retirement age of judges and public prosecutors are contrary to EU law | CDE Almer\u00eda - Centro de Documentaci\u00f3n Europea - Universidad de Almer\u00eda\" \/>\n<meta property=\"og:description\" content=\"The European Court held that Poland has failed to fulfil one of its obligations as a member state In yestgerday\u2019s judgment the Court, upholds the action for failure to fulfil obligations brought by the Commission against the Republic of Poland and held that that Member State had failed to fulfil its obligations under EU law, [&hellip;]\" \/>\n<meta property=\"og:url\" content=\"https:\/\/www.cde.ual.es\/en\/polish-rules-relating-to-the-retirement-age-of-judges-and-public-prosecutors-are-contrary-to-eu-law\/\" \/>\n<meta property=\"og:site_name\" content=\"CDE Almer\u00eda - Centro de Documentaci\u00f3n Europea - Universidad de Almer\u00eda\" \/>\n<meta property=\"article:publisher\" content=\"https:\/\/www.facebook.com\/cdeuniversidadalmeria\/\" \/>\n<meta property=\"article:published_time\" content=\"2019-11-08T02:00:23+00:00\" \/>\n<meta property=\"og:image\" content=\"https:\/\/www.cde.ual.es\/wp-content\/uploads\/2019\/05\/Pr\u00e1cticas-Tribunal.jpg\" \/>\n\t<meta property=\"og:image:width\" content=\"550\" \/>\n\t<meta property=\"og:image:height\" content=\"300\" \/>\n\t<meta property=\"og:image:type\" content=\"image\/jpeg\" \/>\n<meta name=\"author\" content=\"BECA 2 CDE\" \/>\n<meta name=\"twitter:card\" content=\"summary_large_image\" \/>\n<meta name=\"twitter:creator\" content=\"@cdeualmeria\" \/>\n<meta name=\"twitter:site\" content=\"@cdeualmeria\" \/>\n<meta name=\"twitter:label1\" content=\"Written by\" \/>\n\t<meta name=\"twitter:data1\" content=\"BECA 2 CDE\" \/>\n\t<meta name=\"twitter:label2\" content=\"Est. reading time\" \/>\n\t<meta name=\"twitter:data2\" content=\"1 minute\" \/>\n<script type=\"application\/ld+json\" class=\"yoast-schema-graph\">{\"@context\":\"https:\\\/\\\/schema.org\",\"@graph\":[{\"@type\":\"Article\",\"@id\":\"https:\\\/\\\/www.cde.ual.es\\\/en\\\/polish-rules-relating-to-the-retirement-age-of-judges-and-public-prosecutors-are-contrary-to-eu-law\\\/#article\",\"isPartOf\":{\"@id\":\"https:\\\/\\\/www.cde.ual.es\\\/en\\\/polish-rules-relating-to-the-retirement-age-of-judges-and-public-prosecutors-are-contrary-to-eu-law\\\/\"},\"author\":{\"name\":\"BECA 2 CDE\",\"@id\":\"https:\\\/\\\/www.cde.ual.es\\\/#\\\/schema\\\/person\\\/ee46ebc19edfa19598c02cff83335acc\"},\"headline\":\"Polish rules relating to the retirement age of judges and public prosecutors are contrary to EU law\",\"datePublished\":\"2019-11-08T02:00:23+00:00\",\"mainEntityOfPage\":{\"@id\":\"https:\\\/\\\/www.cde.ual.es\\\/en\\\/polish-rules-relating-to-the-retirement-age-of-judges-and-public-prosecutors-are-contrary-to-eu-law\\\/\"},\"wordCount\":246,\"commentCount\":0,\"publisher\":{\"@id\":\"https:\\\/\\\/www.cde.ual.es\\\/#organization\"},\"image\":{\"@id\":\"https:\\\/\\\/www.cde.ual.es\\\/en\\\/polish-rules-relating-to-the-retirement-age-of-judges-and-public-prosecutors-are-contrary-to-eu-law\\\/#primaryimage\"},\"thumbnailUrl\":\"https:\\\/\\\/www.cde.ual.es\\\/wp-content\\\/uploads\\\/2019\\\/05\\\/Pr\u00e1cticas-Tribunal.jpg\",\"keywords\":[\"Law\"],\"articleSection\":[\"EU News\"],\"inLanguage\":\"en-US\",\"potentialAction\":[{\"@type\":\"CommentAction\",\"name\":\"Comment\",\"target\":[\"https:\\\/\\\/www.cde.ual.es\\\/en\\\/polish-rules-relating-to-the-retirement-age-of-judges-and-public-prosecutors-are-contrary-to-eu-law\\\/#respond\"]}]},{\"@type\":\"WebPage\",\"@id\":\"https:\\\/\\\/www.cde.ual.es\\\/en\\\/polish-rules-relating-to-the-retirement-age-of-judges-and-public-prosecutors-are-contrary-to-eu-law\\\/\",\"url\":\"https:\\\/\\\/www.cde.ual.es\\\/en\\\/polish-rules-relating-to-the-retirement-age-of-judges-and-public-prosecutors-are-contrary-to-eu-law\\\/\",\"name\":\"Polish rules relating to the retirement age of judges and public prosecutors are contrary to EU law | CDE Almer\u00eda - Centro de Documentaci\u00f3n Europea - Universidad de Almer\u00eda\",\"isPartOf\":{\"@id\":\"https:\\\/\\\/www.cde.ual.es\\\/#website\"},\"primaryImageOfPage\":{\"@id\":\"https:\\\/\\\/www.cde.ual.es\\\/en\\\/polish-rules-relating-to-the-retirement-age-of-judges-and-public-prosecutors-are-contrary-to-eu-law\\\/#primaryimage\"},\"image\":{\"@id\":\"https:\\\/\\\/www.cde.ual.es\\\/en\\\/polish-rules-relating-to-the-retirement-age-of-judges-and-public-prosecutors-are-contrary-to-eu-law\\\/#primaryimage\"},\"thumbnailUrl\":\"https:\\\/\\\/www.cde.ual.es\\\/wp-content\\\/uploads\\\/2019\\\/05\\\/Pr\u00e1cticas-Tribunal.jpg\",\"datePublished\":\"2019-11-08T02:00:23+00:00\",\"breadcrumb\":{\"@id\":\"https:\\\/\\\/www.cde.ual.es\\\/en\\\/polish-rules-relating-to-the-retirement-age-of-judges-and-public-prosecutors-are-contrary-to-eu-law\\\/#breadcrumb\"},\"inLanguage\":\"en-US\",\"potentialAction\":[{\"@type\":\"ReadAction\",\"target\":[\"https:\\\/\\\/www.cde.ual.es\\\/en\\\/polish-rules-relating-to-the-retirement-age-of-judges-and-public-prosecutors-are-contrary-to-eu-law\\\/\"]}]},{\"@type\":\"ImageObject\",\"inLanguage\":\"en-US\",\"@id\":\"https:\\\/\\\/www.cde.ual.es\\\/en\\\/polish-rules-relating-to-the-retirement-age-of-judges-and-public-prosecutors-are-contrary-to-eu-law\\\/#primaryimage\",\"url\":\"https:\\\/\\\/www.cde.ual.es\\\/wp-content\\\/uploads\\\/2019\\\/05\\\/Pr\u00e1cticas-Tribunal.jpg\",\"contentUrl\":\"https:\\\/\\\/www.cde.ual.es\\\/wp-content\\\/uploads\\\/2019\\\/05\\\/Pr\u00e1cticas-Tribunal.jpg\",\"width\":550,\"height\":300},{\"@type\":\"BreadcrumbList\",\"@id\":\"https:\\\/\\\/www.cde.ual.es\\\/en\\\/polish-rules-relating-to-the-retirement-age-of-judges-and-public-prosecutors-are-contrary-to-eu-law\\\/#breadcrumb\",\"itemListElement\":[{\"@type\":\"ListItem\",\"position\":1,\"name\":\"Inicio\",\"item\":\"https:\\\/\\\/www.cde.ual.es\\\/en\\\/\"},{\"@type\":\"ListItem\",\"position\":2,\"name\":\"EU News\",\"item\":\"https:\\\/\\\/www.cde.ual.es\\\/en\\\/category\\\/eu-news\\\/\"},{\"@type\":\"ListItem\",\"position\":3,\"name\":\"Polish rules relating to the retirement age of judges and public prosecutors are contrary to EU law\"}]},{\"@type\":\"WebSite\",\"@id\":\"https:\\\/\\\/www.cde.ual.es\\\/#website\",\"url\":\"https:\\\/\\\/www.cde.ual.es\\\/\",\"name\":\"CDE Almer\u00eda - Centro de Documentaci\u00f3n Europea - Universidad de Almer\u00eda\",\"description\":\"Centro de Documentaci\u00f3n Europea de la Universidad de Almer\u00eda\",\"publisher\":{\"@id\":\"https:\\\/\\\/www.cde.ual.es\\\/#organization\"},\"alternateName\":\"CDE Almer\u00eda\",\"potentialAction\":[{\"@type\":\"SearchAction\",\"target\":{\"@type\":\"EntryPoint\",\"urlTemplate\":\"https:\\\/\\\/www.cde.ual.es\\\/?s={search_term_string}\"},\"query-input\":{\"@type\":\"PropertyValueSpecification\",\"valueRequired\":true,\"valueName\":\"search_term_string\"}}],\"inLanguage\":\"en-US\"},{\"@type\":\"Organization\",\"@id\":\"https:\\\/\\\/www.cde.ual.es\\\/#organization\",\"name\":\"Centro de Documentaci\u00f3n Europea de Almer\u00eda\",\"url\":\"https:\\\/\\\/www.cde.ual.es\\\/\",\"logo\":{\"@type\":\"ImageObject\",\"inLanguage\":\"en-US\",\"@id\":\"https:\\\/\\\/www.cde.ual.es\\\/#\\\/schema\\\/logo\\\/image\\\/\",\"url\":\"https:\\\/\\\/www.cde.ual.es\\\/wp-content\\\/uploads\\\/2025\\\/07\\\/cde-logo-3.png\",\"contentUrl\":\"https:\\\/\\\/www.cde.ual.es\\\/wp-content\\\/uploads\\\/2025\\\/07\\\/cde-logo-3.png\",\"width\":1400,\"height\":300,\"caption\":\"Centro de Documentaci\u00f3n Europea de Almer\u00eda\"},\"image\":{\"@id\":\"https:\\\/\\\/www.cde.ual.es\\\/#\\\/schema\\\/logo\\\/image\\\/\"},\"sameAs\":[\"https:\\\/\\\/www.facebook.com\\\/cdeuniversidadalmeria\\\/\",\"https:\\\/\\\/x.com\\\/cdeualmeria\",\"https:\\\/\\\/www.tiktok.com\\\/@cdealmeria\",\"https:\\\/\\\/www.instagram.com\\\/cdealmeria\\\/\",\"https:\\\/\\\/www.linkedin.com\\\/in\\\/cde-almera-812b26a9\\\/\"]},{\"@type\":\"Person\",\"@id\":\"https:\\\/\\\/www.cde.ual.es\\\/#\\\/schema\\\/person\\\/ee46ebc19edfa19598c02cff83335acc\",\"name\":\"BECA 2 CDE\",\"image\":{\"@type\":\"ImageObject\",\"inLanguage\":\"en-US\",\"@id\":\"https:\\\/\\\/secure.gravatar.com\\\/avatar\\\/35a481bbc04bbd90e91bdfa3b0b5541036c222a49b9ad37b6889a2afcb5311a5?s=96&d=mm&r=g\",\"url\":\"https:\\\/\\\/secure.gravatar.com\\\/avatar\\\/35a481bbc04bbd90e91bdfa3b0b5541036c222a49b9ad37b6889a2afcb5311a5?s=96&d=mm&r=g\",\"contentUrl\":\"https:\\\/\\\/secure.gravatar.com\\\/avatar\\\/35a481bbc04bbd90e91bdfa3b0b5541036c222a49b9ad37b6889a2afcb5311a5?s=96&d=mm&r=g\",\"caption\":\"BECA 2 CDE\"},\"sameAs\":[\"http:\\\/\\\/www.cdealmeria.com\"]}]}<\/script>\n<!-- \/ Yoast SEO plugin. -->","yoast_head_json":{"title":"Polish rules relating to the retirement age of judges and public prosecutors are contrary to EU law | CDE Almer\u00eda - Centro de Documentaci\u00f3n Europea - Universidad de Almer\u00eda","robots":{"index":"index","follow":"follow","max-snippet":"max-snippet:-1","max-image-preview":"max-image-preview:large","max-video-preview":"max-video-preview:-1"},"canonical":"https:\/\/www.cde.ual.es\/en\/polish-rules-relating-to-the-retirement-age-of-judges-and-public-prosecutors-are-contrary-to-eu-law\/","og_locale":"en_US","og_type":"article","og_title":"Polish rules relating to the retirement age of judges and public prosecutors are contrary to EU law | CDE Almer\u00eda - Centro de Documentaci\u00f3n Europea - Universidad de Almer\u00eda","og_description":"The European Court held that Poland has failed to fulfil one of its obligations as a member state In yestgerday\u2019s judgment the Court, upholds the action for failure to fulfil obligations brought by the Commission against the Republic of Poland and held that that Member State had failed to fulfil its obligations under EU law, [&hellip;]","og_url":"https:\/\/www.cde.ual.es\/en\/polish-rules-relating-to-the-retirement-age-of-judges-and-public-prosecutors-are-contrary-to-eu-law\/","og_site_name":"CDE Almer\u00eda - Centro de Documentaci\u00f3n Europea - Universidad de Almer\u00eda","article_publisher":"https:\/\/www.facebook.com\/cdeuniversidadalmeria\/","article_published_time":"2019-11-08T02:00:23+00:00","og_image":[{"width":550,"height":300,"url":"https:\/\/www.cde.ual.es\/wp-content\/uploads\/2019\/05\/Pr\u00e1cticas-Tribunal.jpg","type":"image\/jpeg"}],"author":"BECA 2 CDE","twitter_card":"summary_large_image","twitter_creator":"@cdeualmeria","twitter_site":"@cdeualmeria","twitter_misc":{"Written by":"BECA 2 CDE","Est. reading time":"1 minute"},"schema":{"@context":"https:\/\/schema.org","@graph":[{"@type":"Article","@id":"https:\/\/www.cde.ual.es\/en\/polish-rules-relating-to-the-retirement-age-of-judges-and-public-prosecutors-are-contrary-to-eu-law\/#article","isPartOf":{"@id":"https:\/\/www.cde.ual.es\/en\/polish-rules-relating-to-the-retirement-age-of-judges-and-public-prosecutors-are-contrary-to-eu-law\/"},"author":{"name":"BECA 2 CDE","@id":"https:\/\/www.cde.ual.es\/#\/schema\/person\/ee46ebc19edfa19598c02cff83335acc"},"headline":"Polish rules relating to the retirement age of judges and public prosecutors are contrary to EU law","datePublished":"2019-11-08T02:00:23+00:00","mainEntityOfPage":{"@id":"https:\/\/www.cde.ual.es\/en\/polish-rules-relating-to-the-retirement-age-of-judges-and-public-prosecutors-are-contrary-to-eu-law\/"},"wordCount":246,"commentCount":0,"publisher":{"@id":"https:\/\/www.cde.ual.es\/#organization"},"image":{"@id":"https:\/\/www.cde.ual.es\/en\/polish-rules-relating-to-the-retirement-age-of-judges-and-public-prosecutors-are-contrary-to-eu-law\/#primaryimage"},"thumbnailUrl":"https:\/\/www.cde.ual.es\/wp-content\/uploads\/2019\/05\/Pr\u00e1cticas-Tribunal.jpg","keywords":["Law"],"articleSection":["EU News"],"inLanguage":"en-US","potentialAction":[{"@type":"CommentAction","name":"Comment","target":["https:\/\/www.cde.ual.es\/en\/polish-rules-relating-to-the-retirement-age-of-judges-and-public-prosecutors-are-contrary-to-eu-law\/#respond"]}]},{"@type":"WebPage","@id":"https:\/\/www.cde.ual.es\/en\/polish-rules-relating-to-the-retirement-age-of-judges-and-public-prosecutors-are-contrary-to-eu-law\/","url":"https:\/\/www.cde.ual.es\/en\/polish-rules-relating-to-the-retirement-age-of-judges-and-public-prosecutors-are-contrary-to-eu-law\/","name":"Polish rules relating to the retirement age of judges and public prosecutors are contrary to EU law | CDE Almer\u00eda - Centro de Documentaci\u00f3n Europea - Universidad de Almer\u00eda","isPartOf":{"@id":"https:\/\/www.cde.ual.es\/#website"},"primaryImageOfPage":{"@id":"https:\/\/www.cde.ual.es\/en\/polish-rules-relating-to-the-retirement-age-of-judges-and-public-prosecutors-are-contrary-to-eu-law\/#primaryimage"},"image":{"@id":"https:\/\/www.cde.ual.es\/en\/polish-rules-relating-to-the-retirement-age-of-judges-and-public-prosecutors-are-contrary-to-eu-law\/#primaryimage"},"thumbnailUrl":"https:\/\/www.cde.ual.es\/wp-content\/uploads\/2019\/05\/Pr\u00e1cticas-Tribunal.jpg","datePublished":"2019-11-08T02:00:23+00:00","breadcrumb":{"@id":"https:\/\/www.cde.ual.es\/en\/polish-rules-relating-to-the-retirement-age-of-judges-and-public-prosecutors-are-contrary-to-eu-law\/#breadcrumb"},"inLanguage":"en-US","potentialAction":[{"@type":"ReadAction","target":["https:\/\/www.cde.ual.es\/en\/polish-rules-relating-to-the-retirement-age-of-judges-and-public-prosecutors-are-contrary-to-eu-law\/"]}]},{"@type":"ImageObject","inLanguage":"en-US","@id":"https:\/\/www.cde.ual.es\/en\/polish-rules-relating-to-the-retirement-age-of-judges-and-public-prosecutors-are-contrary-to-eu-law\/#primaryimage","url":"https:\/\/www.cde.ual.es\/wp-content\/uploads\/2019\/05\/Pr\u00e1cticas-Tribunal.jpg","contentUrl":"https:\/\/www.cde.ual.es\/wp-content\/uploads\/2019\/05\/Pr\u00e1cticas-Tribunal.jpg","width":550,"height":300},{"@type":"BreadcrumbList","@id":"https:\/\/www.cde.ual.es\/en\/polish-rules-relating-to-the-retirement-age-of-judges-and-public-prosecutors-are-contrary-to-eu-law\/#breadcrumb","itemListElement":[{"@type":"ListItem","position":1,"name":"Inicio","item":"https:\/\/www.cde.ual.es\/en\/"},{"@type":"ListItem","position":2,"name":"EU News","item":"https:\/\/www.cde.ual.es\/en\/category\/eu-news\/"},{"@type":"ListItem","position":3,"name":"Polish rules relating to the retirement age of judges and public prosecutors are contrary to EU law"}]},{"@type":"WebSite","@id":"https:\/\/www.cde.ual.es\/#website","url":"https:\/\/www.cde.ual.es\/","name":"CDE Almer\u00eda - Centro de Documentaci\u00f3n Europea - Universidad de Almer\u00eda","description":"Centro de Documentaci\u00f3n Europea de la Universidad de Almer\u00eda","publisher":{"@id":"https:\/\/www.cde.ual.es\/#organization"},"alternateName":"CDE Almer\u00eda","potentialAction":[{"@type":"SearchAction","target":{"@type":"EntryPoint","urlTemplate":"https:\/\/www.cde.ual.es\/?s={search_term_string}"},"query-input":{"@type":"PropertyValueSpecification","valueRequired":true,"valueName":"search_term_string"}}],"inLanguage":"en-US"},{"@type":"Organization","@id":"https:\/\/www.cde.ual.es\/#organization","name":"Centro de Documentaci\u00f3n Europea de Almer\u00eda","url":"https:\/\/www.cde.ual.es\/","logo":{"@type":"ImageObject","inLanguage":"en-US","@id":"https:\/\/www.cde.ual.es\/#\/schema\/logo\/image\/","url":"https:\/\/www.cde.ual.es\/wp-content\/uploads\/2025\/07\/cde-logo-3.png","contentUrl":"https:\/\/www.cde.ual.es\/wp-content\/uploads\/2025\/07\/cde-logo-3.png","width":1400,"height":300,"caption":"Centro de Documentaci\u00f3n Europea de Almer\u00eda"},"image":{"@id":"https:\/\/www.cde.ual.es\/#\/schema\/logo\/image\/"},"sameAs":["https:\/\/www.facebook.com\/cdeuniversidadalmeria\/","https:\/\/x.com\/cdeualmeria","https:\/\/www.tiktok.com\/@cdealmeria","https:\/\/www.instagram.com\/cdealmeria\/","https:\/\/www.linkedin.com\/in\/cde-almera-812b26a9\/"]},{"@type":"Person","@id":"https:\/\/www.cde.ual.es\/#\/schema\/person\/ee46ebc19edfa19598c02cff83335acc","name":"BECA 2 CDE","image":{"@type":"ImageObject","inLanguage":"en-US","@id":"https:\/\/secure.gravatar.com\/avatar\/35a481bbc04bbd90e91bdfa3b0b5541036c222a49b9ad37b6889a2afcb5311a5?s=96&d=mm&r=g","url":"https:\/\/secure.gravatar.com\/avatar\/35a481bbc04bbd90e91bdfa3b0b5541036c222a49b9ad37b6889a2afcb5311a5?s=96&d=mm&r=g","contentUrl":"https:\/\/secure.gravatar.com\/avatar\/35a481bbc04bbd90e91bdfa3b0b5541036c222a49b9ad37b6889a2afcb5311a5?s=96&d=mm&r=g","caption":"BECA 2 CDE"},"sameAs":["http:\/\/www.cdealmeria.com"]}]}},"_links":{"self":[{"href":"https:\/\/www.cde.ual.es\/en\/wp-json\/wp\/v2\/posts\/28657","targetHints":{"allow":["GET"]}}],"collection":[{"href":"https:\/\/www.cde.ual.es\/en\/wp-json\/wp\/v2\/posts"}],"about":[{"href":"https:\/\/www.cde.ual.es\/en\/wp-json\/wp\/v2\/types\/post"}],"author":[{"embeddable":true,"href":"https:\/\/www.cde.ual.es\/en\/wp-json\/wp\/v2\/users\/101011"}],"replies":[{"embeddable":true,"href":"https:\/\/www.cde.ual.es\/en\/wp-json\/wp\/v2\/comments?post=28657"}],"version-history":[{"count":0,"href":"https:\/\/www.cde.ual.es\/en\/wp-json\/wp\/v2\/posts\/28657\/revisions"}],"wp:featuredmedia":[{"embeddable":true,"href":"https:\/\/www.cde.ual.es\/en\/wp-json\/wp\/v2\/media\/17203"}],"wp:attachment":[{"href":"https:\/\/www.cde.ual.es\/en\/wp-json\/wp\/v2\/media?parent=28657"}],"wp:term":[{"taxonomy":"category","embeddable":true,"href":"https:\/\/www.cde.ual.es\/en\/wp-json\/wp\/v2\/categories?post=28657"},{"taxonomy":"post_tag","embeddable":true,"href":"https:\/\/www.cde.ual.es\/en\/wp-json\/wp\/v2\/tags?post=28657"}],"curies":[{"name":"wp","href":"https:\/\/api.w.org\/{rel}","templated":true}]}}